{"id":75,"count":25,"description":"<p style=\"text-align: justify;\">Luiz Carlos Lacerda \u00e9 Diretor, Roteirista e Produtor. Dirigiu os longas M\u00e3os vazias (1970), O princ\u00edpio do prazer (1979), Leila Diniz (1987), For All (1997), Viva sapato ! (2004), Casa 9 (2011), A mulher de longe (2012), Introdu\u00e7\u00e3o \u00e0 m\u00fasica do sangue (2017) e O que seria deste mundo sem paix\u00e3o ? (2018). E cerca de 30 curtas sobre personagens da cultura brasileira, e de s\u00e9ries para TV sobre cultura popular.<\/p>\r\n<p style=\"text-align: justify;\">Foi professor do Curso de Cinema da Universidade Est\u00e1cio de S\u00e1 (RJ), Escola Internacional de Cinema de Cuba, Polo do Pensamento Contempor\u00e2neo, N\u00f3s do Morro (RJ) e de diversas oficinas em mostras de cinema (Tiradentes, Ouro Preto, Vit\u00f3ria,Cinedocumenta, entre outros). Foi Produtor executivo de novelas e s\u00e9ries da TV Globo e de 15 longas. \u00c9 membro do Conselho do Museu Nacional de Belas Artes (2018\/2019) e da Associa\u00e7\u00e3o Brasileira dos Cineastas. Poeta, colaborador de v\u00e1rios suplementos liter\u00e1rios e antologias po\u00e9ticas , publicou Leila para sempre Diniz (Ed. Record, 1987), Leila Diniz\/Roteiro (Ed. Imprensa Oficial SP, 2006), Os sais da lembran\u00e7a (Poesia, Ed. Giostri 2008), Reis de paus (Poesia, Ed. Mariposa Cartonera, 2017) e tem uma biografia escrita por Alfredo Sternheim (Cole\u00e7\u00e3o Aplauso\/ Ed. Imprensa Oficial SP, 2007).<\/p>\r\n<p style=\"text-align: justify;\">Atualmente leciona na Oficina Livre de Dire\u00e7\u00e3o da Escola de Cinema Darcy Ribeiro, \u00e9 Assessor dos projetos dos graduandos do Curso de Cinema da Faculdade de Artes do Paran\u00e1 desde 2011, finaliza a s\u00e9rie de docs. Atelier do Artista e prepara uma s\u00e9rie de fic\u00e7\u00e3o para a TV (Canal Brasil) com Dire\u00e7\u00e3o e roteiro de sua autoria.<\/p>","link":"https:\/\/arte351.pt\/art\/category\/colunistas-2\/lc-lacerda\/","name":"Coluna \u2013 Luiz Carlos Lacerda","slug":"lc-lacerda","taxonomy":"category","parent":8,"meta":[],"yoast_head":"<!-- This site is optimized with the Yoast SEO plugin v27.3 - https:\/\/yoast.com\/product\/yoast-seo-wordpress\/ -->\n<title>Arquivos Coluna \u2013 Luiz Carlos Lacerda - Arte351 - Art Magazine Portugal<\/title>\n<meta name=\"robots\" content=\"index, follow, max-snippet:-1, max-image-preview:large, max-video-preview:-1\" \/>\n<link rel=\"canonical\" href=\"https:\/\/arte351.pt\/art\/category\/colunistas-2\/lc-lacerda\/\" \/>\n<meta property=\"og:locale\" content=\"pt_BR\" \/>\n<meta property=\"og:type\" content=\"article\" \/>\n<meta property=\"og:title\" content=\"Arquivos Coluna \u2013 Luiz Carlos Lacerda - Arte351 - Art Magazine Portugal\" \/>\n<meta property=\"og:description\" content=\"Luiz Carlos Lacerda \u00e9 Diretor, Roteirista e Produtor. Dirigiu os longas M\u00e3os vazias (1970), O princ\u00edpio do prazer (1979), Leila Diniz (1987), For All (1997), Viva sapato ! (2004), Casa 9 (2011), A mulher de longe (2012), Introdu\u00e7\u00e3o \u00e0 m\u00fasica do sangue (2017) e O que seria deste mundo sem paix\u00e3o ? (2018). E cerca de 30 curtas sobre personagens da cultura brasileira, e de s\u00e9ries para TV sobre cultura popular. Foi professor do Curso de Cinema da Universidade Est\u00e1cio de S\u00e1 (RJ), Escola Internacional de Cinema de Cuba, Polo do Pensamento Contempor\u00e2neo, N\u00f3s do Morro (RJ) e de diversas oficinas em mostras de cinema (Tiradentes, Ouro Preto, Vit\u00f3ria,Cinedocumenta, entre outros). Foi Produtor executivo de novelas e s\u00e9ries da TV Globo e de 15 longas. \u00c9 membro do Conselho do Museu Nacional de Belas Artes (2018\/2019) e da Associa\u00e7\u00e3o Brasileira dos Cineastas. Poeta, colaborador de v\u00e1rios suplementos liter\u00e1rios e antologias po\u00e9ticas , publicou Leila para sempre Diniz (Ed. Record, 1987), Leila Diniz\/Roteiro (Ed. Imprensa Oficial SP, 2006), Os sais da lembran\u00e7a (Poesia, Ed. Giostri 2008), Reis de paus (Poesia, Ed. Mariposa Cartonera, 2017) e tem uma biografia escrita por Alfredo Sternheim (Cole\u00e7\u00e3o Aplauso\/ Ed. Imprensa Oficial SP, 2007). Atualmente leciona na Oficina Livre de Dire\u00e7\u00e3o da Escola de Cinema Darcy Ribeiro, \u00e9 Assessor dos projetos dos graduandos do Curso de Cinema da Faculdade de Artes do Paran\u00e1 desde 2011, finaliza a s\u00e9rie de docs. Atelier do Artista e prepara uma s\u00e9rie de fic\u00e7\u00e3o para a TV (Canal Brasil) com Dire\u00e7\u00e3o e roteiro de sua autoria.\" \/>\n<meta property=\"og:url\" content=\"https:\/\/arte351.pt\/art\/category\/colunistas-2\/lc-lacerda\/\" \/>\n<meta property=\"og:site_name\" content=\"Arte351 - Art Magazine Portugal\" \/>\n<script type=\"application\/ld+json\" class=\"yoast-schema-graph\">{\"@context\":\"https:\\\/\\\/schema.org\",\"@graph\":[{\"@type\":\"CollectionPage\",\"@id\":\"https:\\\/\\\/arte351.pt\\\/art\\\/category\\\/colunistas-2\\\/lc-lacerda\\\/\",\"url\":\"https:\\\/\\\/arte351.pt\\\/art\\\/category\\\/colunistas-2\\\/lc-lacerda\\\/\",\"name\":\"Arquivos Coluna \u2013 Luiz Carlos Lacerda - Arte351 - Art Magazine Portugal\",\"isPartOf\":{\"@id\":\"https:\\\/\\\/arte351.pt\\\/art\\\/#website\"},\"breadcrumb\":{\"@id\":\"https:\\\/\\\/arte351.pt\\\/art\\\/category\\\/colunistas-2\\\/lc-lacerda\\\/#breadcrumb\"},\"inLanguage\":\"pt-BR\"},{\"@type\":\"BreadcrumbList\",\"@id\":\"https:\\\/\\\/arte351.pt\\\/art\\\/category\\\/colunistas-2\\\/lc-lacerda\\\/#breadcrumb\",\"itemListElement\":[{\"@type\":\"ListItem\",\"position\":1,\"name\":\"In\u00edcio\",\"item\":\"https:\\\/\\\/arte351.pt\\\/art\\\/\"},{\"@type\":\"ListItem\",\"position\":2,\"name\":\"Colunistas\",\"item\":\"https:\\\/\\\/arte351.pt\\\/art\\\/category\\\/colunistas-2\\\/\"},{\"@type\":\"ListItem\",\"position\":3,\"name\":\"Coluna \u2013 Luiz Carlos Lacerda\"}]},{\"@type\":\"WebSite\",\"@id\":\"https:\\\/\\\/arte351.pt\\\/art\\\/#website\",\"url\":\"https:\\\/\\\/arte351.pt\\\/art\\\/\",\"name\":\"Arte351 - Art Magazine Portugal\",\"description\":\"\",\"publisher\":{\"@id\":\"https:\\\/\\\/arte351.pt\\\/art\\\/#organization\"},\"potentialAction\":[{\"@type\":\"SearchAction\",\"target\":{\"@type\":\"EntryPoint\",\"urlTemplate\":\"https:\\\/\\\/arte351.pt\\\/art\\\/?s={search_term_string}\"},\"query-input\":{\"@type\":\"PropertyValueSpecification\",\"valueRequired\":true,\"valueName\":\"search_term_string\"}}],\"inLanguage\":\"pt-BR\"},{\"@type\":\"Organization\",\"@id\":\"https:\\\/\\\/arte351.pt\\\/art\\\/#organization\",\"name\":\"Arte351 - Art Magazine Portugal\",\"url\":\"https:\\\/\\\/arte351.pt\\\/art\\\/\",\"logo\":{\"@type\":\"ImageObject\",\"inLanguage\":\"pt-BR\",\"@id\":\"https:\\\/\\\/arte351.pt\\\/art\\\/#\\\/schema\\\/logo\\\/image\\\/\",\"url\":\"https:\\\/\\\/arte351.pt\\\/art\\\/wp-content\\\/uploads\\\/2020\\\/03\\\/cropped-logo-arte351-color.png\",\"contentUrl\":\"https:\\\/\\\/arte351.pt\\\/art\\\/wp-content\\\/uploads\\\/2020\\\/03\\\/cropped-logo-arte351-color.png\",\"width\":514,\"height\":200,\"caption\":\"Arte351 - Art Magazine Portugal\"},\"image\":{\"@id\":\"https:\\\/\\\/arte351.pt\\\/art\\\/#\\\/schema\\\/logo\\\/image\\\/\"},\"sameAs\":[\"https:\\\/\\\/www.facebook.com\\\/arte351magazine\\\/\"]}]}<\/script>\n<!-- \/ Yoast SEO plugin. -->","yoast_head_json":{"title":"Arquivos Coluna \u2013 Luiz Carlos Lacerda - Arte351 - Art Magazine Portugal","robots":{"index":"index","follow":"follow","max-snippet":"max-snippet:-1","max-image-preview":"max-image-preview:large","max-video-preview":"max-video-preview:-1"},"canonical":"https:\/\/arte351.pt\/art\/category\/colunistas-2\/lc-lacerda\/","og_locale":"pt_BR","og_type":"article","og_title":"Arquivos Coluna \u2013 Luiz Carlos Lacerda - Arte351 - Art Magazine Portugal","og_description":"Luiz Carlos Lacerda \u00e9 Diretor, Roteirista e Produtor. Dirigiu os longas M\u00e3os vazias (1970), O princ\u00edpio do prazer (1979), Leila Diniz (1987), For All (1997), Viva sapato ! (2004), Casa 9 (2011), A mulher de longe (2012), Introdu\u00e7\u00e3o \u00e0 m\u00fasica do sangue (2017) e O que seria deste mundo sem paix\u00e3o ? (2018). E cerca de 30 curtas sobre personagens da cultura brasileira, e de s\u00e9ries para TV sobre cultura popular. Foi professor do Curso de Cinema da Universidade Est\u00e1cio de S\u00e1 (RJ), Escola Internacional de Cinema de Cuba, Polo do Pensamento Contempor\u00e2neo, N\u00f3s do Morro (RJ) e de diversas oficinas em mostras de cinema (Tiradentes, Ouro Preto, Vit\u00f3ria,Cinedocumenta, entre outros). Foi Produtor executivo de novelas e s\u00e9ries da TV Globo e de 15 longas. \u00c9 membro do Conselho do Museu Nacional de Belas Artes (2018\/2019) e da Associa\u00e7\u00e3o Brasileira dos Cineastas. Poeta, colaborador de v\u00e1rios suplementos liter\u00e1rios e antologias po\u00e9ticas , publicou Leila para sempre Diniz (Ed. Record, 1987), Leila Diniz\/Roteiro (Ed. Imprensa Oficial SP, 2006), Os sais da lembran\u00e7a (Poesia, Ed. Giostri 2008), Reis de paus (Poesia, Ed. Mariposa Cartonera, 2017) e tem uma biografia escrita por Alfredo Sternheim (Cole\u00e7\u00e3o Aplauso\/ Ed. Imprensa Oficial SP, 2007). Atualmente leciona na Oficina Livre de Dire\u00e7\u00e3o da Escola de Cinema Darcy Ribeiro, \u00e9 Assessor dos projetos dos graduandos do Curso de Cinema da Faculdade de Artes do Paran\u00e1 desde 2011, finaliza a s\u00e9rie de docs. Atelier do Artista e prepara uma s\u00e9rie de fic\u00e7\u00e3o para a TV (Canal Brasil) com Dire\u00e7\u00e3o e roteiro de sua autoria.","og_url":"https:\/\/arte351.pt\/art\/category\/colunistas-2\/lc-lacerda\/","og_site_name":"Arte351 - Art Magazine Portugal","schema":{"@context":"https:\/\/schema.org","@graph":[{"@type":"CollectionPage","@id":"https:\/\/arte351.pt\/art\/category\/colunistas-2\/lc-lacerda\/","url":"https:\/\/arte351.pt\/art\/category\/colunistas-2\/lc-lacerda\/","name":"Arquivos Coluna \u2013 Luiz Carlos Lacerda - Arte351 - Art Magazine Portugal","isPartOf":{"@id":"https:\/\/arte351.pt\/art\/#website"},"breadcrumb":{"@id":"https:\/\/arte351.pt\/art\/category\/colunistas-2\/lc-lacerda\/#breadcrumb"},"inLanguage":"pt-BR"},{"@type":"BreadcrumbList","@id":"https:\/\/arte351.pt\/art\/category\/colunistas-2\/lc-lacerda\/#breadcrumb","itemListElement":[{"@type":"ListItem","position":1,"name":"In\u00edcio","item":"https:\/\/arte351.pt\/art\/"},{"@type":"ListItem","position":2,"name":"Colunistas","item":"https:\/\/arte351.pt\/art\/category\/colunistas-2\/"},{"@type":"ListItem","position":3,"name":"Coluna \u2013 Luiz Carlos Lacerda"}]},{"@type":"WebSite","@id":"https:\/\/arte351.pt\/art\/#website","url":"https:\/\/arte351.pt\/art\/","name":"Arte351 - Art Magazine Portugal","description":"","publisher":{"@id":"https:\/\/arte351.pt\/art\/#organization"},"potentialAction":[{"@type":"SearchAction","target":{"@type":"EntryPoint","urlTemplate":"https:\/\/arte351.pt\/art\/?s={search_term_string}"},"query-input":{"@type":"PropertyValueSpecification","valueRequired":true,"valueName":"search_term_string"}}],"inLanguage":"pt-BR"},{"@type":"Organization","@id":"https:\/\/arte351.pt\/art\/#organization","name":"Arte351 - Art Magazine Portugal","url":"https:\/\/arte351.pt\/art\/","logo":{"@type":"ImageObject","inLanguage":"pt-BR","@id":"https:\/\/arte351.pt\/art\/#\/schema\/logo\/image\/","url":"https:\/\/arte351.pt\/art\/wp-content\/uploads\/2020\/03\/cropped-logo-arte351-color.png","contentUrl":"https:\/\/arte351.pt\/art\/wp-content\/uploads\/2020\/03\/cropped-logo-arte351-color.png","width":514,"height":200,"caption":"Arte351 - Art Magazine Portugal"},"image":{"@id":"https:\/\/arte351.pt\/art\/#\/schema\/logo\/image\/"},"sameAs":["https:\/\/www.facebook.com\/arte351magazine\/"]}]}},"_links":{"self":[{"href":"https:\/\/arte351.pt\/art\/wp-json\/wp\/v2\/categories\/75","targetHints":{"allow":["GET"]}}],"collection":[{"href":"https:\/\/arte351.pt\/art\/wp-json\/wp\/v2\/categories"}],"about":[{"href":"https:\/\/arte351.pt\/art\/wp-json\/wp\/v2\/taxonomies\/category"}],"up":[{"embeddable":true,"href":"https:\/\/arte351.pt\/art\/wp-json\/wp\/v2\/categories\/8"}],"wp:post_type":[{"href":"https:\/\/arte351.pt\/art\/wp-json\/wp\/v2\/posts?categories=75"}],"curies":[{"name":"wp","href":"https:\/\/api.w.org\/{rel}","templated":true}]}}