{"id":1092,"date":"2016-10-23T07:00:16","date_gmt":"2016-10-23T07:00:16","guid":{"rendered":"http:\/\/arte351.pt\/art\/?p=1092"},"modified":"2016-10-22T09:00:41","modified_gmt":"2016-10-22T09:00:41","slug":"the-london-illustration-fair-2016","status":"publish","type":"post","link":"https:\/\/arte351.pt\/art\/2016\/10\/23\/the-london-illustration-fair-2016\/","title":{"rendered":"THE LONDON ILLUSTRATION FAIR 2016"},"content":{"rendered":"<p style=\"text-align: justify;\"><img fetchpriority=\"high\" decoding=\"async\" class=\"alignleft\" src=\"http:\/\/www.oxotower.co.uk\/wp-content\/uploads\/2016\/08\/LIF-Image-1-400x400.jpg\" alt=\"\" width=\"300\" height=\"345\" \/>Entre os dias 2 e 4 de dezembro, a capital Brit\u00e2nica recebe a The London Illustration Fair, uma confer\u00eancia sobre ilustra\u00e7\u00e3o, design, artes aplicadas, artesanato e criatividade. O evento ocorrer\u00e1 no Bargehouse \u2013 OXO Tower Wharf, espa\u00e7o \u201cdescolado\u201d situado no sul de Londres. Um espa\u00e7o criativo e moderno constru\u00eddo em um pr\u00e9dio de uma antiga f\u00e1brica da d\u00e9cada de 30. O Bargehouse \u2013 OXO Tower Wharf recebe exposi\u00e7\u00f5es, coletivas de imprensa, desfiles de moda, eventos dos mais variados estilos e ainda possui restaurantes, caf\u00e9s, bares e 30 lojas de design em suas depend\u00eancias.<\/p>\n<p style=\"text-align: justify;\">A atmosfera inovadora e criativa do Bargehouse estar\u00e1 potencializada a partir do dia 02 de dezembro com a abertura do The London Illustration Fair. Com festa de lan\u00e7amento marcada para o dia 1\u00ba, o evento oferece oficinas, palestras, m\u00fasica, apresenta\u00e7\u00f5es ao vivo, murais, artesanato e muito design e ilustra\u00e7\u00e3o.<\/p>\n<p style=\"text-align: justify;\">O The London Illustration Fair \u00e9 um evento a se explorar e que pode surpreender os mais exigentes gostos. Uma verdadeira celebra\u00e7\u00e3o das artes gr\u00e1ficas e aplicadas, a confer\u00eancia de ilustra\u00e7\u00e3o que chega ao seu quarto ano, ter\u00e1 a presen\u00e7a de mais de 60 ilustradores, designers gr\u00e1ficos, ag\u00eancias criativas, coletivos, ser\u00edgrafos, artistas e designers do Reino Unido e do exterior.<\/p>\n<p style=\"text-align: justify;\">Tendo recebido mais de 9.000 visitantes em 2015, segundo a organiza\u00e7\u00e3o, The London Illustration Fair oferece a artistas, coletivos, empresas de design e artes gr\u00e1ficas a chance de mostrar seus trabalhos ao p\u00fablico e ao mercado.<\/p>\n<p style=\"text-align: justify;\"><img decoding=\"async\" class=\"size-full aligncenter\" src=\"http:\/\/www.oxotower.co.uk\/wp-content\/uploads\/2016\/08\/LIF-Image-4-634x400.jpg\" alt=\"\" width=\"634\" height=\"400\" \/><\/p>\n<p style=\"text-align: justify;\"><img decoding=\"async\" class=\"aligncenter\" src=\"https:\/\/static1.squarespace.com\/static\/52f658d5e4b0b19928bf39b9\/56af4f55d51cd44f3db5fd62\/56af617d22482ed3ce1d1f07\/1474316185846\/DSC_1867+copy.jpg?format=500w\" alt=\"\" width=\"634\" height=\"421\" \/><\/p>\n<p style=\"text-align: justify;\">\n<p><strong><em>Evento: The London Illustration Fair<\/em><\/strong><\/p>\n<p><strong><em>Local: Bargehouse, Oxo Tower Wharf, South Bank, London<\/em><\/strong><\/p>\n<p><strong><em>Data: 1\u00ba de Dezembro: Festa de Abertura | De 2 a 4 de Dezembro: Conven\u00e7\u00e3o<\/em><\/strong><\/p>\n<p><strong><em>Hor\u00e1rios: 11.00h as 18.00h<\/em><\/strong><\/p>\n<p><strong><em>Bilhetes: \u00a36 (comprado com anteced\u00eancia) | \u00a38 na bilheteria do Bargehouse (crian\u00e7as menores de 12 anos a entrada \u00e9 gratuita)<\/em><\/strong><\/p>\n<p><strong><em>Mais informa\u00e7\u00f5es acesse o site do evento: <a href=\"http:\/\/www.thelondonillustrationfair.co.uk\/\">http:\/\/www.thelondonillustrationfair.co.uk\/<\/a><\/em><\/strong><\/p>\n","protected":false},"excerpt":{"rendered":"<p>Entre os dias 2 e 4 de dezembro, a capital Brit\u00e2nica recebe a The London Illustration Fair, uma confer\u00eancia sobre ilustra\u00e7\u00e3o, design, artes aplicadas, artesanato e criatividade. O evento ocorrer\u00e1 [&hellip;]<\/p>\n","protected":false},"author":34415,"featured_media":1093,"comment_status":"open","ping_status":"open","sticky":false,"template":"","format":"standard","meta":{"_exactmetrics_skip_tracking":false,"_exactmetrics_sitenote_active":false,"_exactmetrics_sitenote_note":"","_exactmetrics_sitenote_category":0,"_uf_show_specific_survey":0,"_uf_disable_surveys":false,"footnotes":""},"categories":[2],"tags":[],"class_list":["post-1092","post","type-post","status-publish","format-standard","has-post-thumbnail","hentry","category-art-contemp"],"yoast_head":"<!-- This site is optimized with the Yoast SEO plugin v27.3 - https:\/\/yoast.com\/product\/yoast-seo-wordpress\/ -->\n<title>THE LONDON ILLUSTRATION FAIR 2016 - Arte351 - Art Magazine Portugal<\/title>\n<meta name=\"robots\" content=\"index, follow, max-snippet:-1, max-image-preview:large, max-video-preview:-1\" \/>\n<link rel=\"canonical\" href=\"https:\/\/arte351.pt\/art\/2016\/10\/23\/the-london-illustration-fair-2016\/\" \/>\n<meta property=\"og:locale\" content=\"pt_BR\" \/>\n<meta property=\"og:type\" content=\"article\" \/>\n<meta property=\"og:title\" content=\"THE LONDON ILLUSTRATION FAIR 2016 - Arte351 - Art Magazine Portugal\" \/>\n<meta property=\"og:description\" content=\"Entre os dias 2 e 4 de dezembro, a capital Brit\u00e2nica recebe a The London Illustration Fair, uma confer\u00eancia sobre ilustra\u00e7\u00e3o, design, artes aplicadas, artesanato e criatividade. O evento ocorrer\u00e1 [&hellip;]\" \/>\n<meta property=\"og:url\" content=\"https:\/\/arte351.pt\/art\/2016\/10\/23\/the-london-illustration-fair-2016\/\" \/>\n<meta property=\"og:site_name\" content=\"Arte351 - Art Magazine Portugal\" \/>\n<meta property=\"article:publisher\" content=\"https:\/\/www.facebook.com\/arte351magazine\/\" \/>\n<meta property=\"article:published_time\" content=\"2016-10-23T07:00:16+00:00\" \/>\n<meta property=\"og:image\" content=\"https:\/\/arte351.pt\/art\/wp-content\/uploads\/2016\/10\/arte-351-the-london-illustration-fair-2016.jpg\" \/>\n\t<meta property=\"og:image:width\" content=\"1280\" \/>\n\t<meta property=\"og:image:height\" content=\"600\" \/>\n\t<meta property=\"og:image:type\" content=\"image\/jpeg\" \/>\n<meta name=\"author\" content=\"Equipa Arte 351\" \/>\n<meta name=\"twitter:label1\" content=\"Escrito por\" \/>\n\t<meta name=\"twitter:data1\" content=\"Equipa Arte 351\" \/>\n\t<meta name=\"twitter:label2\" content=\"Est. tempo de leitura\" \/>\n\t<meta name=\"twitter:data2\" content=\"2 minutos\" \/>\n<script type=\"application\/ld+json\" class=\"yoast-schema-graph\">{\"@context\":\"https:\\\/\\\/schema.org\",\"@graph\":[{\"@type\":\"Article\",\"@id\":\"https:\\\/\\\/arte351.pt\\\/art\\\/2016\\\/10\\\/23\\\/the-london-illustration-fair-2016\\\/#article\",\"isPartOf\":{\"@id\":\"https:\\\/\\\/arte351.pt\\\/art\\\/2016\\\/10\\\/23\\\/the-london-illustration-fair-2016\\\/\"},\"author\":{\"name\":\"Equipa Arte 351\",\"@id\":\"https:\\\/\\\/arte351.pt\\\/art\\\/#\\\/schema\\\/person\\\/1d081d5dbc7c2a3f2317da95c823a5bd\"},\"headline\":\"THE LONDON ILLUSTRATION FAIR 2016\",\"datePublished\":\"2016-10-23T07:00:16+00:00\",\"mainEntityOfPage\":{\"@id\":\"https:\\\/\\\/arte351.pt\\\/art\\\/2016\\\/10\\\/23\\\/the-london-illustration-fair-2016\\\/\"},\"wordCount\":317,\"commentCount\":0,\"publisher\":{\"@id\":\"https:\\\/\\\/arte351.pt\\\/art\\\/#organization\"},\"image\":{\"@id\":\"https:\\\/\\\/arte351.pt\\\/art\\\/2016\\\/10\\\/23\\\/the-london-illustration-fair-2016\\\/#primaryimage\"},\"thumbnailUrl\":\"https:\\\/\\\/arte351.pt\\\/art\\\/wp-content\\\/uploads\\\/2016\\\/10\\\/arte-351-the-london-illustration-fair-2016.jpg\",\"articleSection\":[\"Arte\"],\"inLanguage\":\"pt-BR\",\"potentialAction\":[{\"@type\":\"CommentAction\",\"name\":\"Comment\",\"target\":[\"https:\\\/\\\/arte351.pt\\\/art\\\/2016\\\/10\\\/23\\\/the-london-illustration-fair-2016\\\/#respond\"]}]},{\"@type\":\"WebPage\",\"@id\":\"https:\\\/\\\/arte351.pt\\\/art\\\/2016\\\/10\\\/23\\\/the-london-illustration-fair-2016\\\/\",\"url\":\"https:\\\/\\\/arte351.pt\\\/art\\\/2016\\\/10\\\/23\\\/the-london-illustration-fair-2016\\\/\",\"name\":\"THE LONDON ILLUSTRATION FAIR 2016 - Arte351 - Art Magazine Portugal\",\"isPartOf\":{\"@id\":\"https:\\\/\\\/arte351.pt\\\/art\\\/#website\"},\"primaryImageOfPage\":{\"@id\":\"https:\\\/\\\/arte351.pt\\\/art\\\/2016\\\/10\\\/23\\\/the-london-illustration-fair-2016\\\/#primaryimage\"},\"image\":{\"@id\":\"https:\\\/\\\/arte351.pt\\\/art\\\/2016\\\/10\\\/23\\\/the-london-illustration-fair-2016\\\/#primaryimage\"},\"thumbnailUrl\":\"https:\\\/\\\/arte351.pt\\\/art\\\/wp-content\\\/uploads\\\/2016\\\/10\\\/arte-351-the-london-illustration-fair-2016.jpg\",\"datePublished\":\"2016-10-23T07:00:16+00:00\",\"breadcrumb\":{\"@id\":\"https:\\\/\\\/arte351.pt\\\/art\\\/2016\\\/10\\\/23\\\/the-london-illustration-fair-2016\\\/#breadcrumb\"},\"inLanguage\":\"pt-BR\",\"potentialAction\":[{\"@type\":\"ReadAction\",\"target\":[\"https:\\\/\\\/arte351.pt\\\/art\\\/2016\\\/10\\\/23\\\/the-london-illustration-fair-2016\\\/\"]}]},{\"@type\":\"ImageObject\",\"inLanguage\":\"pt-BR\",\"@id\":\"https:\\\/\\\/arte351.pt\\\/art\\\/2016\\\/10\\\/23\\\/the-london-illustration-fair-2016\\\/#primaryimage\",\"url\":\"https:\\\/\\\/arte351.pt\\\/art\\\/wp-content\\\/uploads\\\/2016\\\/10\\\/arte-351-the-london-illustration-fair-2016.jpg\",\"contentUrl\":\"https:\\\/\\\/arte351.pt\\\/art\\\/wp-content\\\/uploads\\\/2016\\\/10\\\/arte-351-the-london-illustration-fair-2016.jpg\",\"width\":1280,\"height\":600,\"caption\":\"the london illustration fair 2016\"},{\"@type\":\"BreadcrumbList\",\"@id\":\"https:\\\/\\\/arte351.pt\\\/art\\\/2016\\\/10\\\/23\\\/the-london-illustration-fair-2016\\\/#breadcrumb\",\"itemListElement\":[{\"@type\":\"ListItem\",\"position\":1,\"name\":\"In\u00edcio\",\"item\":\"https:\\\/\\\/arte351.pt\\\/art\\\/\"},{\"@type\":\"ListItem\",\"position\":2,\"name\":\"THE LONDON ILLUSTRATION FAIR 2016\"}]},{\"@type\":\"WebSite\",\"@id\":\"https:\\\/\\\/arte351.pt\\\/art\\\/#website\",\"url\":\"https:\\\/\\\/arte351.pt\\\/art\\\/\",\"name\":\"Arte351 - Art Magazine Portugal\",\"description\":\"\",\"publisher\":{\"@id\":\"https:\\\/\\\/arte351.pt\\\/art\\\/#organization\"},\"potentialAction\":[{\"@type\":\"SearchAction\",\"target\":{\"@type\":\"EntryPoint\",\"urlTemplate\":\"https:\\\/\\\/arte351.pt\\\/art\\\/?s={search_term_string}\"},\"query-input\":{\"@type\":\"PropertyValueSpecification\",\"valueRequired\":true,\"valueName\":\"search_term_string\"}}],\"inLanguage\":\"pt-BR\"},{\"@type\":\"Organization\",\"@id\":\"https:\\\/\\\/arte351.pt\\\/art\\\/#organization\",\"name\":\"Arte351 - Art Magazine Portugal\",\"url\":\"https:\\\/\\\/arte351.pt\\\/art\\\/\",\"logo\":{\"@type\":\"ImageObject\",\"inLanguage\":\"pt-BR\",\"@id\":\"https:\\\/\\\/arte351.pt\\\/art\\\/#\\\/schema\\\/logo\\\/image\\\/\",\"url\":\"https:\\\/\\\/arte351.pt\\\/art\\\/wp-content\\\/uploads\\\/2020\\\/03\\\/cropped-logo-arte351-color.png\",\"contentUrl\":\"https:\\\/\\\/arte351.pt\\\/art\\\/wp-content\\\/uploads\\\/2020\\\/03\\\/cropped-logo-arte351-color.png\",\"width\":514,\"height\":200,\"caption\":\"Arte351 - Art Magazine Portugal\"},\"image\":{\"@id\":\"https:\\\/\\\/arte351.pt\\\/art\\\/#\\\/schema\\\/logo\\\/image\\\/\"},\"sameAs\":[\"https:\\\/\\\/www.facebook.com\\\/arte351magazine\\\/\"]},{\"@type\":\"Person\",\"@id\":\"https:\\\/\\\/arte351.pt\\\/art\\\/#\\\/schema\\\/person\\\/1d081d5dbc7c2a3f2317da95c823a5bd\",\"name\":\"Equipa Arte 351\",\"image\":{\"@type\":\"ImageObject\",\"inLanguage\":\"pt-BR\",\"@id\":\"https:\\\/\\\/secure.gravatar.com\\\/avatar\\\/3f97e62c832ede8fafe5d2f9e31f8a055e187b6b31056d1e065d95e034db52e2?s=96&d=mm&r=g\",\"url\":\"https:\\\/\\\/secure.gravatar.com\\\/avatar\\\/3f97e62c832ede8fafe5d2f9e31f8a055e187b6b31056d1e065d95e034db52e2?s=96&d=mm&r=g\",\"contentUrl\":\"https:\\\/\\\/secure.gravatar.com\\\/avatar\\\/3f97e62c832ede8fafe5d2f9e31f8a055e187b6b31056d1e065d95e034db52e2?s=96&d=mm&r=g\",\"caption\":\"Equipa Arte 351\"},\"url\":\"https:\\\/\\\/arte351.pt\\\/art\\\/author\\\/admin2\\\/\"}]}<\/script>\n<!-- \/ Yoast SEO plugin. -->","yoast_head_json":{"title":"THE LONDON ILLUSTRATION FAIR 2016 - Arte351 - Art Magazine Portugal","robots":{"index":"index","follow":"follow","max-snippet":"max-snippet:-1","max-image-preview":"max-image-preview:large","max-video-preview":"max-video-preview:-1"},"canonical":"https:\/\/arte351.pt\/art\/2016\/10\/23\/the-london-illustration-fair-2016\/","og_locale":"pt_BR","og_type":"article","og_title":"THE LONDON ILLUSTRATION FAIR 2016 - Arte351 - Art Magazine Portugal","og_description":"Entre os dias 2 e 4 de dezembro, a capital Brit\u00e2nica recebe a The London Illustration Fair, uma confer\u00eancia sobre ilustra\u00e7\u00e3o, design, artes aplicadas, artesanato e criatividade. O evento ocorrer\u00e1 [&hellip;]","og_url":"https:\/\/arte351.pt\/art\/2016\/10\/23\/the-london-illustration-fair-2016\/","og_site_name":"Arte351 - Art Magazine Portugal","article_publisher":"https:\/\/www.facebook.com\/arte351magazine\/","article_published_time":"2016-10-23T07:00:16+00:00","og_image":[{"width":1280,"height":600,"url":"https:\/\/arte351.pt\/art\/wp-content\/uploads\/2016\/10\/arte-351-the-london-illustration-fair-2016.jpg","type":"image\/jpeg"}],"author":"Equipa Arte 351","twitter_misc":{"Escrito por":"Equipa Arte 351","Est. tempo de leitura":"2 minutos"},"schema":{"@context":"https:\/\/schema.org","@graph":[{"@type":"Article","@id":"https:\/\/arte351.pt\/art\/2016\/10\/23\/the-london-illustration-fair-2016\/#article","isPartOf":{"@id":"https:\/\/arte351.pt\/art\/2016\/10\/23\/the-london-illustration-fair-2016\/"},"author":{"name":"Equipa Arte 351","@id":"https:\/\/arte351.pt\/art\/#\/schema\/person\/1d081d5dbc7c2a3f2317da95c823a5bd"},"headline":"THE LONDON ILLUSTRATION FAIR 2016","datePublished":"2016-10-23T07:00:16+00:00","mainEntityOfPage":{"@id":"https:\/\/arte351.pt\/art\/2016\/10\/23\/the-london-illustration-fair-2016\/"},"wordCount":317,"commentCount":0,"publisher":{"@id":"https:\/\/arte351.pt\/art\/#organization"},"image":{"@id":"https:\/\/arte351.pt\/art\/2016\/10\/23\/the-london-illustration-fair-2016\/#primaryimage"},"thumbnailUrl":"https:\/\/arte351.pt\/art\/wp-content\/uploads\/2016\/10\/arte-351-the-london-illustration-fair-2016.jpg","articleSection":["Arte"],"inLanguage":"pt-BR","potentialAction":[{"@type":"CommentAction","name":"Comment","target":["https:\/\/arte351.pt\/art\/2016\/10\/23\/the-london-illustration-fair-2016\/#respond"]}]},{"@type":"WebPage","@id":"https:\/\/arte351.pt\/art\/2016\/10\/23\/the-london-illustration-fair-2016\/","url":"https:\/\/arte351.pt\/art\/2016\/10\/23\/the-london-illustration-fair-2016\/","name":"THE LONDON ILLUSTRATION FAIR 2016 - Arte351 - Art Magazine Portugal","isPartOf":{"@id":"https:\/\/arte351.pt\/art\/#website"},"primaryImageOfPage":{"@id":"https:\/\/arte351.pt\/art\/2016\/10\/23\/the-london-illustration-fair-2016\/#primaryimage"},"image":{"@id":"https:\/\/arte351.pt\/art\/2016\/10\/23\/the-london-illustration-fair-2016\/#primaryimage"},"thumbnailUrl":"https:\/\/arte351.pt\/art\/wp-content\/uploads\/2016\/10\/arte-351-the-london-illustration-fair-2016.jpg","datePublished":"2016-10-23T07:00:16+00:00","breadcrumb":{"@id":"https:\/\/arte351.pt\/art\/2016\/10\/23\/the-london-illustration-fair-2016\/#breadcrumb"},"inLanguage":"pt-BR","potentialAction":[{"@type":"ReadAction","target":["https:\/\/arte351.pt\/art\/2016\/10\/23\/the-london-illustration-fair-2016\/"]}]},{"@type":"ImageObject","inLanguage":"pt-BR","@id":"https:\/\/arte351.pt\/art\/2016\/10\/23\/the-london-illustration-fair-2016\/#primaryimage","url":"https:\/\/arte351.pt\/art\/wp-content\/uploads\/2016\/10\/arte-351-the-london-illustration-fair-2016.jpg","contentUrl":"https:\/\/arte351.pt\/art\/wp-content\/uploads\/2016\/10\/arte-351-the-london-illustration-fair-2016.jpg","width":1280,"height":600,"caption":"the london illustration fair 2016"},{"@type":"BreadcrumbList","@id":"https:\/\/arte351.pt\/art\/2016\/10\/23\/the-london-illustration-fair-2016\/#breadcrumb","itemListElement":[{"@type":"ListItem","position":1,"name":"In\u00edcio","item":"https:\/\/arte351.pt\/art\/"},{"@type":"ListItem","position":2,"name":"THE LONDON ILLUSTRATION FAIR 2016"}]},{"@type":"WebSite","@id":"https:\/\/arte351.pt\/art\/#website","url":"https:\/\/arte351.pt\/art\/","name":"Arte351 - Art Magazine Portugal","description":"","publisher":{"@id":"https:\/\/arte351.pt\/art\/#organization"},"potentialAction":[{"@type":"SearchAction","target":{"@type":"EntryPoint","urlTemplate":"https:\/\/arte351.pt\/art\/?s={search_term_string}"},"query-input":{"@type":"PropertyValueSpecification","valueRequired":true,"valueName":"search_term_string"}}],"inLanguage":"pt-BR"},{"@type":"Organization","@id":"https:\/\/arte351.pt\/art\/#organization","name":"Arte351 - Art Magazine Portugal","url":"https:\/\/arte351.pt\/art\/","logo":{"@type":"ImageObject","inLanguage":"pt-BR","@id":"https:\/\/arte351.pt\/art\/#\/schema\/logo\/image\/","url":"https:\/\/arte351.pt\/art\/wp-content\/uploads\/2020\/03\/cropped-logo-arte351-color.png","contentUrl":"https:\/\/arte351.pt\/art\/wp-content\/uploads\/2020\/03\/cropped-logo-arte351-color.png","width":514,"height":200,"caption":"Arte351 - Art Magazine Portugal"},"image":{"@id":"https:\/\/arte351.pt\/art\/#\/schema\/logo\/image\/"},"sameAs":["https:\/\/www.facebook.com\/arte351magazine\/"]},{"@type":"Person","@id":"https:\/\/arte351.pt\/art\/#\/schema\/person\/1d081d5dbc7c2a3f2317da95c823a5bd","name":"Equipa Arte 351","image":{"@type":"ImageObject","inLanguage":"pt-BR","@id":"https:\/\/secure.gravatar.com\/avatar\/3f97e62c832ede8fafe5d2f9e31f8a055e187b6b31056d1e065d95e034db52e2?s=96&d=mm&r=g","url":"https:\/\/secure.gravatar.com\/avatar\/3f97e62c832ede8fafe5d2f9e31f8a055e187b6b31056d1e065d95e034db52e2?s=96&d=mm&r=g","contentUrl":"https:\/\/secure.gravatar.com\/avatar\/3f97e62c832ede8fafe5d2f9e31f8a055e187b6b31056d1e065d95e034db52e2?s=96&d=mm&r=g","caption":"Equipa Arte 351"},"url":"https:\/\/arte351.pt\/art\/author\/admin2\/"}]}},"_links":{"self":[{"href":"https:\/\/arte351.pt\/art\/wp-json\/wp\/v2\/posts\/1092","targetHints":{"allow":["GET"]}}],"collection":[{"href":"https:\/\/arte351.pt\/art\/wp-json\/wp\/v2\/posts"}],"about":[{"href":"https:\/\/arte351.pt\/art\/wp-json\/wp\/v2\/types\/post"}],"author":[{"embeddable":true,"href":"https:\/\/arte351.pt\/art\/wp-json\/wp\/v2\/users\/34415"}],"replies":[{"embeddable":true,"href":"https:\/\/arte351.pt\/art\/wp-json\/wp\/v2\/comments?post=1092"}],"version-history":[{"count":1,"href":"https:\/\/arte351.pt\/art\/wp-json\/wp\/v2\/posts\/1092\/revisions"}],"predecessor-version":[{"id":1094,"href":"https:\/\/arte351.pt\/art\/wp-json\/wp\/v2\/posts\/1092\/revisions\/1094"}],"wp:featuredmedia":[{"embeddable":true,"href":"https:\/\/arte351.pt\/art\/wp-json\/wp\/v2\/media\/1093"}],"wp:attachment":[{"href":"https:\/\/arte351.pt\/art\/wp-json\/wp\/v2\/media?parent=1092"}],"wp:term":[{"taxonomy":"category","embeddable":true,"href":"https:\/\/arte351.pt\/art\/wp-json\/wp\/v2\/categories?post=1092"},{"taxonomy":"post_tag","embeddable":true,"href":"https:\/\/arte351.pt\/art\/wp-json\/wp\/v2\/tags?post=1092"}],"curies":[{"name":"wp","href":"https:\/\/api.w.org\/{rel}","templated":true}]}}