{"id":1189,"date":"2016-11-13T15:32:20","date_gmt":"2016-11-13T15:32:20","guid":{"rendered":"http:\/\/arte351.pt\/art\/?p=1189"},"modified":"2016-11-13T15:36:16","modified_gmt":"2016-11-13T15:36:16","slug":"oito-decadas-de-arte-naif","status":"publish","type":"post","link":"https:\/\/arte351.pt\/art\/2016\/11\/13\/oito-decadas-de-arte-naif\/","title":{"rendered":"OITO D\u00c9CADAS DE ARTE NA\u00cfF"},"content":{"rendered":"<p style=\"text-align: justify;\">Jacques Ardies, marchand franco-belga estabelecido no Brasil e propriet\u00e1rio da galeria que recebe o seu nome \u00e9 tamb\u00e9m o curador da mostra coletiva \u201cArte Naif, uma viagem na alma brasileira\u201d, com abertura no dia 12 de novembro, no Memorial da Am\u00e9rica Latina &#8211; Galeria Marta Traba, Barra Funda, S\u00e3o Paulo, SP. Interpretar a &#8220;arte naif&#8221; por si s\u00f3 j\u00e1 \u00e9 um desafio, visto que se trata de uma express\u00e3o regional que percorre o mundo assumindo aspectos de acordo com os artistas que exp\u00f5e suas pr\u00f3prias experi\u00eancias, por meio de linhas e formas peculiares, sem ter recebido uma orienta\u00e7\u00e3o formal. Algumas de suas principais caracter\u00edsticas s\u00e3o o uso de cores fortes, a retrata\u00e7\u00e3o de temas alegres, tra\u00e7os figurativos, a idealiza\u00e7\u00e3o da natureza e sem a preocupa\u00e7\u00e3o com a perspectiva, ou seja, \u00e0s vezes, ela \u00e9 bidimensional. \u00c9 exatamente por isso que no Brasil, esta arte goza de um ambiente ideal que se amplifica mais ainda gra\u00e7as \u00e0 exuber\u00e2ncia das florestas, \u00e0 intensa luminosidade e ao conhecido calor humano brasileiro.<\/p>\n<p style=\"text-align: justify;\">Como trata-se de um pa\u00eds com tamanha vastid\u00e3o cultural, para a mostra, foram escolhidos 70 nomes representativos desse g\u00eanero espec\u00edfico de express\u00e3o art\u00edstica. Os artistas foram divididos em tr\u00eas n\u00facleos: Hist\u00f3rico \u2013 composto por registros de nomes j\u00e1 reconhecidos no segmento e com trajet\u00f3ria s\u00f3lida; Atual, com nomes ativos no presente, cujos trabalhos tamb\u00e9m sofrem influencias de novas t\u00e9cnicas e temas contempor\u00e2neos e complementando a exposi\u00e7\u00e3o, uma \u00e1rea especial composta por 10 esculturas do segmento destacado.<\/p>\n<p style=\"text-align: justify;\">Segundo Jacques Ardies, a Arte Na\u00eff baseia-se na liberdade para expressar mem\u00f3rias e emo\u00e7\u00f5es, por isso, escolhe apresent\u00e1-la em montagem em ordem cronol\u00f3gica, come\u00e7ando pela d\u00e9cada de 40 at\u00e9 os dias atuais, com destaque para a pintura tropicalista, as evoca\u00e7\u00f5es divinas em degrad\u00e9s sofisticados e outras caracter\u00edsticas marcantes como cenas paulistanas, cores quentes, a boemia carioca e baianas em trajes finos. O curador observa que os artistas conseguem superar suas dificuldades t\u00e9cnicas e criar uma linguagem in\u00e9dita, pessoal e singular. Essa liberdade da execu\u00e7\u00e3o permite maior dedica\u00e7\u00e3o ao essencial da arte que pode ser observada pelas pessoas que ainda preservam intacta sua capacidade de encantar-se com o que pode ser apreciado numa exposi\u00e7\u00e3o.<\/p>\n<figure id=\"attachment_1192\" class=\"thumbnail wp-caption aligncenter\" style=\"width: 515px\"><img fetchpriority=\"high\" decoding=\"async\" class=\" wp-image-1192\" src=\"https:\/\/arte351.pt\/art\/wp-content\/uploads\/2016\/11\/arte351-arte-naif-ivonaldo-002.jpg\" alt=\"Ivonaldo\" width=\"505\" height=\"429\" \/><figcaption class=\"caption wp-caption-text\">Ivonaldo<\/figcaption><\/figure>\n<h3 style=\"text-align: justify;\">Artistas participantes<\/h3>\n<p style=\"text-align: justify;\">Agenor, Agostinho Batista de Freitas, Alba Cavalcanti, Ana Maria Dias, Ant\u00f4nio Cassiano, Ant\u00f4nio de Olinda, Ant\u00f4nio Juli\u00e3o, Ant\u00f4nio Porteiro, Artur Perreira, Bajado, Barbara Rochltiz, Bebeth, Chico da Silva, Concei\u00e7\u00e3o da Silva, Const\u00e2ncia Nery, Crisaldo Morais, Cristiano Sidoti, Denise Costa, Dila, Doval, Edivaldo, Edna de Araraquara, Edson Lima, Elisa Martins da Silveira, Elza O.S, Ernani Pavaneli, Francisco Severino, Geraldo Teles de Oliveira, Gerson, Gilvan, Grauben, Helena Coelho, Iapon\u00ed Ara\u00fajo, Ign\u00e1cio da Nega, Iracema, Isabel de Jesus, Ivan Moraes, Ivonaldo Veloso de Melo, Jos\u00e9 Ant\u00f4nio da Silva, Jos\u00e9 de Freitas, Jos\u00e9 Perreira, Lia Mittarakis, Louco, Lourdes de Deus, Lucia Buccini, Luiz Cassemiro, Madeleine Cola\u00e7o, Magdalena Zawadzka, Maite, Malu Delibo, Mara Toledo, Marcelo Schimaneski, Maria Auxiliadora, Maria Guadalaupe, Miranda, Mirian, Neuton de Andrade, Olimpio Bezerro, Passarinheiro, Raimundo Bida, Rodolpho Tamanini Netto, Rosina Becker do Valle, Silvia Chalreo, Soati, S\u00f4nia Furtado, Vanice Ayres, Waldemar, Waldomiro de Deus, Wilma Ramos e Z\u00e9 do Embu.<\/p>\n<h3 style=\"text-align: justify;\">A galeria<\/h3>\n<p style=\"text-align: justify;\">A Galeria Jacques Ardies, na Vila Mariana, est\u00e1 sediada em im\u00f3vel antigo totalmente restaurado. Desde sua abertura em Agosto de 1979, atua na divulga\u00e7\u00e3o e a promo\u00e7\u00e3o da arte naif brasileira. Ao longo de 37 anos, realizou in\u00fameras exposi\u00e7\u00f5es tanto em seu espa\u00e7o como em institui\u00e7\u00f5es nacionais e estrangeiras, onde podemos destacar MAC\/ Campinas, MAM\/ Goi\u00e2nia, Espace Art 4 &#8211; Paris, Espa\u00e7o Cultural do FMI em Washington DC, USA, Galeria Jacqueline Bricard, Fran\u00e7a, a Galeria Pro Arte Kasper, Su\u00ed\u00e7a e Gina Gallery, Tel-Aviv, ,Israel. Em 1998, Jacques Ardies lan\u00e7ou o livro &#8220;Arte Naif no Brasil&#8221; com a colabora\u00e7\u00e3o do cr\u00edtico Geraldo Edson de Andrade e em 2003, publicou o livro sobre a vida e obra do artista pernambucano Ivonaldo, com texto do professor e cr\u00edtico de arte Jorge Anthonio e Silva. Em 2014, publicou Arte Na\u00eff no Brasil II, de sua autoria, com textos complementares dos colecionadores Daniel Achedjian, Peter Rosenwald, Marcos Rodrigues e Jean-Charles Niel. A galeria possui em seu acervo obras, entre quadros e esculturas, de 80 artistas representativos do movimento da Arte Naif brasileira.<\/p>\n<figure id=\"attachment_1191\" class=\"thumbnail wp-caption aligncenter\" style=\"width: 515px\"><img decoding=\"async\" class=\" wp-image-1191\" src=\"https:\/\/arte351.pt\/art\/wp-content\/uploads\/2016\/11\/arte351-arte-naif-ernani-avanelli-002.jpg\" alt=\"Ernani Pavanelli\" width=\"505\" height=\"407\" \/><figcaption class=\"caption wp-caption-text\">Ernani Pavanelli<\/figcaption><\/figure>\n<h3 style=\"text-align: justify;\">A galeria Marta Traba<\/h3>\n<p style=\"text-align: justify;\">A Galeria Marta Traba de Arte Latino-Americana \u00e9 um espa\u00e7o privilegiado para a difus\u00e3o da arte latino-americana e para o interc\u00e2mbio cultural com os pa\u00edses do nosso Continente. Projetada por Oscar Niemeyer, a Galeria \u00e9 hoje o \u00fanico espa\u00e7o museol\u00f3gico existente no Brasil, inteiramente dedicado \u00e0s artes e \u00e0 cultura latino-americanas. Ocupando uma \u00e1rea de 1.000 m\u00b2, o espa\u00e7o \u00e9 sustentado por uma \u00fanica coluna central, circundado por pain\u00e9is que permitem ao visitante, desde a entrada, uma vis\u00e3o do conjunto das obras expostas.<\/p>\n<h3 style=\"text-align: justify;\"><strong>At\u00e9 06 de janeiro de 2017.<\/strong><\/h3>\n<p>&nbsp;<\/p>\n<p>&nbsp;<\/p>\n<h5 style=\"text-align: justify;\"><em><a href=\"https:\/\/arte351.pt\/art\/category\/colunistas-2\/colunistas\/\"><img decoding=\"async\" class=\"alignleft wp-image-398\" src=\"https:\/\/arte351.pt\/art\/wp-content\/uploads\/2016\/03\/avatar_renato_rosa-300x300.jpg\" alt=\"avatar_renato_rosa\" width=\"80\" height=\"80\" srcset=\"https:\/\/arte351.pt\/art\/wp-content\/uploads\/2016\/03\/avatar_renato_rosa-300x300.jpg 300w, https:\/\/arte351.pt\/art\/wp-content\/uploads\/2016\/03\/avatar_renato_rosa-150x150.jpg 150w, https:\/\/arte351.pt\/art\/wp-content\/uploads\/2016\/03\/avatar_renato_rosa.jpg 600w\" sizes=\"(max-width: 80px) 100vw, 80px\" \/><\/a><\/em><\/h5>\n<h5 style=\"text-align: justify;\"><em><a href=\"https:\/\/arte351.pt\/art\/category\/colunistas-2\/colunistas\/\">Coluna &#8211; <b class=\"gmail_sendername\">Renato Rosa<\/b><\/a><\/em><\/h5>\n<div>\n<h5 style=\"text-align: justify;\">Renato Rosa, brasileiro, S\u00e3o Gabriel, RS, Brasil, 1946. Marchand, pesquisador, editor do jornal cultural O PARALELO do site <a href=\"http:\/\/www.bolsadearte.com\/oparalelo\" target=\"_blank\">www.bolsadearte.com\/<wbr \/>oparalelo<\/a>, co-autor do \u201cDicion\u00e1rio de Artes Pl\u00e1sticas no Rio Grande do Sul\u201d, (2\u00aa edi\u00e7\u00e3o, 2000, esgotada) Editora da Universidade\/UFRGS.<\/h5>\n<\/div>\n","protected":false},"excerpt":{"rendered":"<p>Jacques Ardies, marchand franco-belga estabelecido no Brasil e propriet\u00e1rio da galeria que recebe o seu nome \u00e9 tamb\u00e9m o curador da mostra coletiva \u201cArte Naif, uma viagem na alma brasileira\u201d, [&hellip;]<\/p>\n","protected":false},"author":34415,"featured_media":1190,"comment_status":"open","ping_status":"open","sticky":false,"template":"","format":"standard","meta":{"_exactmetrics_skip_tracking":false,"_exactmetrics_sitenote_active":false,"_exactmetrics_sitenote_note":"","_exactmetrics_sitenote_category":0,"_uf_show_specific_survey":0,"_uf_disable_surveys":false,"footnotes":""},"categories":[7],"tags":[],"class_list":["post-1189","post","type-post","status-publish","format-standard","has-post-thumbnail","hentry","category-colunistas"],"yoast_head":"<!-- This site is optimized with the Yoast SEO plugin v27.3 - https:\/\/yoast.com\/product\/yoast-seo-wordpress\/ -->\n<title>OITO D\u00c9CADAS DE ARTE NA\u00cfF - Arte351 - Art Magazine Portugal<\/title>\n<meta name=\"robots\" content=\"index, follow, max-snippet:-1, max-image-preview:large, max-video-preview:-1\" \/>\n<link rel=\"canonical\" href=\"https:\/\/arte351.pt\/art\/2016\/11\/13\/oito-decadas-de-arte-naif\/\" \/>\n<meta property=\"og:locale\" content=\"pt_BR\" \/>\n<meta property=\"og:type\" content=\"article\" \/>\n<meta property=\"og:title\" content=\"OITO D\u00c9CADAS DE ARTE NA\u00cfF - Arte351 - Art Magazine Portugal\" \/>\n<meta property=\"og:description\" content=\"Jacques Ardies, marchand franco-belga estabelecido no Brasil e propriet\u00e1rio da galeria que recebe o seu nome \u00e9 tamb\u00e9m o curador da mostra coletiva \u201cArte Naif, uma viagem na alma brasileira\u201d, [&hellip;]\" \/>\n<meta property=\"og:url\" content=\"https:\/\/arte351.pt\/art\/2016\/11\/13\/oito-decadas-de-arte-naif\/\" \/>\n<meta property=\"og:site_name\" content=\"Arte351 - Art Magazine Portugal\" \/>\n<meta property=\"article:publisher\" content=\"https:\/\/www.facebook.com\/arte351magazine\/\" \/>\n<meta property=\"article:published_time\" content=\"2016-11-13T15:32:20+00:00\" \/>\n<meta property=\"article:modified_time\" content=\"2016-11-13T15:36:16+00:00\" \/>\n<meta property=\"og:image\" content=\"https:\/\/arte351.pt\/art\/wp-content\/uploads\/2016\/11\/arte351-arte-naif-001.jpg\" \/>\n\t<meta property=\"og:image:width\" content=\"1280\" \/>\n\t<meta property=\"og:image:height\" content=\"600\" \/>\n\t<meta property=\"og:image:type\" content=\"image\/jpeg\" \/>\n<meta name=\"author\" content=\"Equipa Arte 351\" \/>\n<meta name=\"twitter:label1\" content=\"Escrito por\" \/>\n\t<meta name=\"twitter:data1\" content=\"Equipa Arte 351\" \/>\n\t<meta name=\"twitter:label2\" content=\"Est. tempo de leitura\" \/>\n\t<meta name=\"twitter:data2\" content=\"5 minutos\" \/>\n<script type=\"application\/ld+json\" class=\"yoast-schema-graph\">{\"@context\":\"https:\\\/\\\/schema.org\",\"@graph\":[{\"@type\":\"Article\",\"@id\":\"https:\\\/\\\/arte351.pt\\\/art\\\/2016\\\/11\\\/13\\\/oito-decadas-de-arte-naif\\\/#article\",\"isPartOf\":{\"@id\":\"https:\\\/\\\/arte351.pt\\\/art\\\/2016\\\/11\\\/13\\\/oito-decadas-de-arte-naif\\\/\"},\"author\":{\"name\":\"Equipa Arte 351\",\"@id\":\"https:\\\/\\\/arte351.pt\\\/art\\\/#\\\/schema\\\/person\\\/1d081d5dbc7c2a3f2317da95c823a5bd\"},\"headline\":\"OITO D\u00c9CADAS DE ARTE NA\u00cfF\",\"datePublished\":\"2016-11-13T15:32:20+00:00\",\"dateModified\":\"2016-11-13T15:36:16+00:00\",\"mainEntityOfPage\":{\"@id\":\"https:\\\/\\\/arte351.pt\\\/art\\\/2016\\\/11\\\/13\\\/oito-decadas-de-arte-naif\\\/\"},\"wordCount\":912,\"commentCount\":0,\"publisher\":{\"@id\":\"https:\\\/\\\/arte351.pt\\\/art\\\/#organization\"},\"image\":{\"@id\":\"https:\\\/\\\/arte351.pt\\\/art\\\/2016\\\/11\\\/13\\\/oito-decadas-de-arte-naif\\\/#primaryimage\"},\"thumbnailUrl\":\"https:\\\/\\\/arte351.pt\\\/art\\\/wp-content\\\/uploads\\\/2016\\\/11\\\/arte351-arte-naif-001.jpg\",\"articleSection\":[\"Coluna - Renato Rosa\"],\"inLanguage\":\"pt-BR\",\"potentialAction\":[{\"@type\":\"CommentAction\",\"name\":\"Comment\",\"target\":[\"https:\\\/\\\/arte351.pt\\\/art\\\/2016\\\/11\\\/13\\\/oito-decadas-de-arte-naif\\\/#respond\"]}]},{\"@type\":\"WebPage\",\"@id\":\"https:\\\/\\\/arte351.pt\\\/art\\\/2016\\\/11\\\/13\\\/oito-decadas-de-arte-naif\\\/\",\"url\":\"https:\\\/\\\/arte351.pt\\\/art\\\/2016\\\/11\\\/13\\\/oito-decadas-de-arte-naif\\\/\",\"name\":\"OITO D\u00c9CADAS DE ARTE NA\u00cfF - Arte351 - Art Magazine Portugal\",\"isPartOf\":{\"@id\":\"https:\\\/\\\/arte351.pt\\\/art\\\/#website\"},\"primaryImageOfPage\":{\"@id\":\"https:\\\/\\\/arte351.pt\\\/art\\\/2016\\\/11\\\/13\\\/oito-decadas-de-arte-naif\\\/#primaryimage\"},\"image\":{\"@id\":\"https:\\\/\\\/arte351.pt\\\/art\\\/2016\\\/11\\\/13\\\/oito-decadas-de-arte-naif\\\/#primaryimage\"},\"thumbnailUrl\":\"https:\\\/\\\/arte351.pt\\\/art\\\/wp-content\\\/uploads\\\/2016\\\/11\\\/arte351-arte-naif-001.jpg\",\"datePublished\":\"2016-11-13T15:32:20+00:00\",\"dateModified\":\"2016-11-13T15:36:16+00:00\",\"breadcrumb\":{\"@id\":\"https:\\\/\\\/arte351.pt\\\/art\\\/2016\\\/11\\\/13\\\/oito-decadas-de-arte-naif\\\/#breadcrumb\"},\"inLanguage\":\"pt-BR\",\"potentialAction\":[{\"@type\":\"ReadAction\",\"target\":[\"https:\\\/\\\/arte351.pt\\\/art\\\/2016\\\/11\\\/13\\\/oito-decadas-de-arte-naif\\\/\"]}]},{\"@type\":\"ImageObject\",\"inLanguage\":\"pt-BR\",\"@id\":\"https:\\\/\\\/arte351.pt\\\/art\\\/2016\\\/11\\\/13\\\/oito-decadas-de-arte-naif\\\/#primaryimage\",\"url\":\"https:\\\/\\\/arte351.pt\\\/art\\\/wp-content\\\/uploads\\\/2016\\\/11\\\/arte351-arte-naif-001.jpg\",\"contentUrl\":\"https:\\\/\\\/arte351.pt\\\/art\\\/wp-content\\\/uploads\\\/2016\\\/11\\\/arte351-arte-naif-001.jpg\",\"width\":1280,\"height\":600},{\"@type\":\"BreadcrumbList\",\"@id\":\"https:\\\/\\\/arte351.pt\\\/art\\\/2016\\\/11\\\/13\\\/oito-decadas-de-arte-naif\\\/#breadcrumb\",\"itemListElement\":[{\"@type\":\"ListItem\",\"position\":1,\"name\":\"In\u00edcio\",\"item\":\"https:\\\/\\\/arte351.pt\\\/art\\\/\"},{\"@type\":\"ListItem\",\"position\":2,\"name\":\"OITO D\u00c9CADAS DE ARTE NA\u00cfF\"}]},{\"@type\":\"WebSite\",\"@id\":\"https:\\\/\\\/arte351.pt\\\/art\\\/#website\",\"url\":\"https:\\\/\\\/arte351.pt\\\/art\\\/\",\"name\":\"Arte351 - Art Magazine Portugal\",\"description\":\"\",\"publisher\":{\"@id\":\"https:\\\/\\\/arte351.pt\\\/art\\\/#organization\"},\"potentialAction\":[{\"@type\":\"SearchAction\",\"target\":{\"@type\":\"EntryPoint\",\"urlTemplate\":\"https:\\\/\\\/arte351.pt\\\/art\\\/?s={search_term_string}\"},\"query-input\":{\"@type\":\"PropertyValueSpecification\",\"valueRequired\":true,\"valueName\":\"search_term_string\"}}],\"inLanguage\":\"pt-BR\"},{\"@type\":\"Organization\",\"@id\":\"https:\\\/\\\/arte351.pt\\\/art\\\/#organization\",\"name\":\"Arte351 - Art Magazine Portugal\",\"url\":\"https:\\\/\\\/arte351.pt\\\/art\\\/\",\"logo\":{\"@type\":\"ImageObject\",\"inLanguage\":\"pt-BR\",\"@id\":\"https:\\\/\\\/arte351.pt\\\/art\\\/#\\\/schema\\\/logo\\\/image\\\/\",\"url\":\"https:\\\/\\\/arte351.pt\\\/art\\\/wp-content\\\/uploads\\\/2020\\\/03\\\/cropped-logo-arte351-color.png\",\"contentUrl\":\"https:\\\/\\\/arte351.pt\\\/art\\\/wp-content\\\/uploads\\\/2020\\\/03\\\/cropped-logo-arte351-color.png\",\"width\":514,\"height\":200,\"caption\":\"Arte351 - Art Magazine Portugal\"},\"image\":{\"@id\":\"https:\\\/\\\/arte351.pt\\\/art\\\/#\\\/schema\\\/logo\\\/image\\\/\"},\"sameAs\":[\"https:\\\/\\\/www.facebook.com\\\/arte351magazine\\\/\"]},{\"@type\":\"Person\",\"@id\":\"https:\\\/\\\/arte351.pt\\\/art\\\/#\\\/schema\\\/person\\\/1d081d5dbc7c2a3f2317da95c823a5bd\",\"name\":\"Equipa Arte 351\",\"image\":{\"@type\":\"ImageObject\",\"inLanguage\":\"pt-BR\",\"@id\":\"https:\\\/\\\/secure.gravatar.com\\\/avatar\\\/3f97e62c832ede8fafe5d2f9e31f8a055e187b6b31056d1e065d95e034db52e2?s=96&d=mm&r=g\",\"url\":\"https:\\\/\\\/secure.gravatar.com\\\/avatar\\\/3f97e62c832ede8fafe5d2f9e31f8a055e187b6b31056d1e065d95e034db52e2?s=96&d=mm&r=g\",\"contentUrl\":\"https:\\\/\\\/secure.gravatar.com\\\/avatar\\\/3f97e62c832ede8fafe5d2f9e31f8a055e187b6b31056d1e065d95e034db52e2?s=96&d=mm&r=g\",\"caption\":\"Equipa Arte 351\"},\"url\":\"https:\\\/\\\/arte351.pt\\\/art\\\/author\\\/admin2\\\/\"}]}<\/script>\n<!-- \/ Yoast SEO plugin. -->","yoast_head_json":{"title":"OITO D\u00c9CADAS DE ARTE NA\u00cfF - Arte351 - Art Magazine Portugal","robots":{"index":"index","follow":"follow","max-snippet":"max-snippet:-1","max-image-preview":"max-image-preview:large","max-video-preview":"max-video-preview:-1"},"canonical":"https:\/\/arte351.pt\/art\/2016\/11\/13\/oito-decadas-de-arte-naif\/","og_locale":"pt_BR","og_type":"article","og_title":"OITO D\u00c9CADAS DE ARTE NA\u00cfF - Arte351 - Art Magazine Portugal","og_description":"Jacques Ardies, marchand franco-belga estabelecido no Brasil e propriet\u00e1rio da galeria que recebe o seu nome \u00e9 tamb\u00e9m o curador da mostra coletiva \u201cArte Naif, uma viagem na alma brasileira\u201d, [&hellip;]","og_url":"https:\/\/arte351.pt\/art\/2016\/11\/13\/oito-decadas-de-arte-naif\/","og_site_name":"Arte351 - Art Magazine Portugal","article_publisher":"https:\/\/www.facebook.com\/arte351magazine\/","article_published_time":"2016-11-13T15:32:20+00:00","article_modified_time":"2016-11-13T15:36:16+00:00","og_image":[{"width":1280,"height":600,"url":"https:\/\/arte351.pt\/art\/wp-content\/uploads\/2016\/11\/arte351-arte-naif-001.jpg","type":"image\/jpeg"}],"author":"Equipa Arte 351","twitter_misc":{"Escrito por":"Equipa Arte 351","Est. tempo de leitura":"5 minutos"},"schema":{"@context":"https:\/\/schema.org","@graph":[{"@type":"Article","@id":"https:\/\/arte351.pt\/art\/2016\/11\/13\/oito-decadas-de-arte-naif\/#article","isPartOf":{"@id":"https:\/\/arte351.pt\/art\/2016\/11\/13\/oito-decadas-de-arte-naif\/"},"author":{"name":"Equipa Arte 351","@id":"https:\/\/arte351.pt\/art\/#\/schema\/person\/1d081d5dbc7c2a3f2317da95c823a5bd"},"headline":"OITO D\u00c9CADAS DE ARTE NA\u00cfF","datePublished":"2016-11-13T15:32:20+00:00","dateModified":"2016-11-13T15:36:16+00:00","mainEntityOfPage":{"@id":"https:\/\/arte351.pt\/art\/2016\/11\/13\/oito-decadas-de-arte-naif\/"},"wordCount":912,"commentCount":0,"publisher":{"@id":"https:\/\/arte351.pt\/art\/#organization"},"image":{"@id":"https:\/\/arte351.pt\/art\/2016\/11\/13\/oito-decadas-de-arte-naif\/#primaryimage"},"thumbnailUrl":"https:\/\/arte351.pt\/art\/wp-content\/uploads\/2016\/11\/arte351-arte-naif-001.jpg","articleSection":["Coluna - Renato Rosa"],"inLanguage":"pt-BR","potentialAction":[{"@type":"CommentAction","name":"Comment","target":["https:\/\/arte351.pt\/art\/2016\/11\/13\/oito-decadas-de-arte-naif\/#respond"]}]},{"@type":"WebPage","@id":"https:\/\/arte351.pt\/art\/2016\/11\/13\/oito-decadas-de-arte-naif\/","url":"https:\/\/arte351.pt\/art\/2016\/11\/13\/oito-decadas-de-arte-naif\/","name":"OITO D\u00c9CADAS DE ARTE NA\u00cfF - Arte351 - Art Magazine Portugal","isPartOf":{"@id":"https:\/\/arte351.pt\/art\/#website"},"primaryImageOfPage":{"@id":"https:\/\/arte351.pt\/art\/2016\/11\/13\/oito-decadas-de-arte-naif\/#primaryimage"},"image":{"@id":"https:\/\/arte351.pt\/art\/2016\/11\/13\/oito-decadas-de-arte-naif\/#primaryimage"},"thumbnailUrl":"https:\/\/arte351.pt\/art\/wp-content\/uploads\/2016\/11\/arte351-arte-naif-001.jpg","datePublished":"2016-11-13T15:32:20+00:00","dateModified":"2016-11-13T15:36:16+00:00","breadcrumb":{"@id":"https:\/\/arte351.pt\/art\/2016\/11\/13\/oito-decadas-de-arte-naif\/#breadcrumb"},"inLanguage":"pt-BR","potentialAction":[{"@type":"ReadAction","target":["https:\/\/arte351.pt\/art\/2016\/11\/13\/oito-decadas-de-arte-naif\/"]}]},{"@type":"ImageObject","inLanguage":"pt-BR","@id":"https:\/\/arte351.pt\/art\/2016\/11\/13\/oito-decadas-de-arte-naif\/#primaryimage","url":"https:\/\/arte351.pt\/art\/wp-content\/uploads\/2016\/11\/arte351-arte-naif-001.jpg","contentUrl":"https:\/\/arte351.pt\/art\/wp-content\/uploads\/2016\/11\/arte351-arte-naif-001.jpg","width":1280,"height":600},{"@type":"BreadcrumbList","@id":"https:\/\/arte351.pt\/art\/2016\/11\/13\/oito-decadas-de-arte-naif\/#breadcrumb","itemListElement":[{"@type":"ListItem","position":1,"name":"In\u00edcio","item":"https:\/\/arte351.pt\/art\/"},{"@type":"ListItem","position":2,"name":"OITO D\u00c9CADAS DE ARTE NA\u00cfF"}]},{"@type":"WebSite","@id":"https:\/\/arte351.pt\/art\/#website","url":"https:\/\/arte351.pt\/art\/","name":"Arte351 - Art Magazine Portugal","description":"","publisher":{"@id":"https:\/\/arte351.pt\/art\/#organization"},"potentialAction":[{"@type":"SearchAction","target":{"@type":"EntryPoint","urlTemplate":"https:\/\/arte351.pt\/art\/?s={search_term_string}"},"query-input":{"@type":"PropertyValueSpecification","valueRequired":true,"valueName":"search_term_string"}}],"inLanguage":"pt-BR"},{"@type":"Organization","@id":"https:\/\/arte351.pt\/art\/#organization","name":"Arte351 - Art Magazine Portugal","url":"https:\/\/arte351.pt\/art\/","logo":{"@type":"ImageObject","inLanguage":"pt-BR","@id":"https:\/\/arte351.pt\/art\/#\/schema\/logo\/image\/","url":"https:\/\/arte351.pt\/art\/wp-content\/uploads\/2020\/03\/cropped-logo-arte351-color.png","contentUrl":"https:\/\/arte351.pt\/art\/wp-content\/uploads\/2020\/03\/cropped-logo-arte351-color.png","width":514,"height":200,"caption":"Arte351 - Art Magazine Portugal"},"image":{"@id":"https:\/\/arte351.pt\/art\/#\/schema\/logo\/image\/"},"sameAs":["https:\/\/www.facebook.com\/arte351magazine\/"]},{"@type":"Person","@id":"https:\/\/arte351.pt\/art\/#\/schema\/person\/1d081d5dbc7c2a3f2317da95c823a5bd","name":"Equipa Arte 351","image":{"@type":"ImageObject","inLanguage":"pt-BR","@id":"https:\/\/secure.gravatar.com\/avatar\/3f97e62c832ede8fafe5d2f9e31f8a055e187b6b31056d1e065d95e034db52e2?s=96&d=mm&r=g","url":"https:\/\/secure.gravatar.com\/avatar\/3f97e62c832ede8fafe5d2f9e31f8a055e187b6b31056d1e065d95e034db52e2?s=96&d=mm&r=g","contentUrl":"https:\/\/secure.gravatar.com\/avatar\/3f97e62c832ede8fafe5d2f9e31f8a055e187b6b31056d1e065d95e034db52e2?s=96&d=mm&r=g","caption":"Equipa Arte 351"},"url":"https:\/\/arte351.pt\/art\/author\/admin2\/"}]}},"_links":{"self":[{"href":"https:\/\/arte351.pt\/art\/wp-json\/wp\/v2\/posts\/1189","targetHints":{"allow":["GET"]}}],"collection":[{"href":"https:\/\/arte351.pt\/art\/wp-json\/wp\/v2\/posts"}],"about":[{"href":"https:\/\/arte351.pt\/art\/wp-json\/wp\/v2\/types\/post"}],"author":[{"embeddable":true,"href":"https:\/\/arte351.pt\/art\/wp-json\/wp\/v2\/users\/34415"}],"replies":[{"embeddable":true,"href":"https:\/\/arte351.pt\/art\/wp-json\/wp\/v2\/comments?post=1189"}],"version-history":[{"count":4,"href":"https:\/\/arte351.pt\/art\/wp-json\/wp\/v2\/posts\/1189\/revisions"}],"predecessor-version":[{"id":1196,"href":"https:\/\/arte351.pt\/art\/wp-json\/wp\/v2\/posts\/1189\/revisions\/1196"}],"wp:featuredmedia":[{"embeddable":true,"href":"https:\/\/arte351.pt\/art\/wp-json\/wp\/v2\/media\/1190"}],"wp:attachment":[{"href":"https:\/\/arte351.pt\/art\/wp-json\/wp\/v2\/media?parent=1189"}],"wp:term":[{"taxonomy":"category","embeddable":true,"href":"https:\/\/arte351.pt\/art\/wp-json\/wp\/v2\/categories?post=1189"},{"taxonomy":"post_tag","embeddable":true,"href":"https:\/\/arte351.pt\/art\/wp-json\/wp\/v2\/tags?post=1189"}],"curies":[{"name":"wp","href":"https:\/\/api.w.org\/{rel}","templated":true}]}}