{"id":1201,"date":"2016-11-14T12:30:04","date_gmt":"2016-11-14T12:30:04","guid":{"rendered":"http:\/\/arte351.pt\/art\/?p=1201"},"modified":"2016-11-29T15:39:36","modified_gmt":"2016-11-29T15:39:36","slug":"raimundo-cela-no-mnba","status":"publish","type":"post","link":"https:\/\/arte351.pt\/art\/2016\/11\/14\/raimundo-cela-no-mnba\/","title":{"rendered":"RAIMUNDO CELA NO MNBA"},"content":{"rendered":"<figure class=\"thumbnail wp-caption alignleft\" style=\"width: 310px\"><img fetchpriority=\"high\" decoding=\"async\" class=\"\" src=\"http:\/\/www.bolsadearte.com\/oparalelo\/wp-content\/uploads\/2016\/11\/Raimundo-Cela-2.jpg\" alt=\"Raimundo Cela\" width=\"300\" height=\"208\" \/><figcaption class=\"caption wp-caption-text\">Raimundo Cela<\/figcaption><\/figure>\n<p style=\"text-align: justify;\">Na retrospectiva do pintor Raimundo Cela, o Museu Nacional de Belas Artes, Centro, Rio de Janeiro, RJ, exibe na Sala Barroco Italiano, um recorte do percurso de uma dos mais expressivos artistas de sua gera\u00e7\u00e3o. Cela fez sua primeira exposi\u00e7\u00e3o individual em 1945, no MNBA, durante a gest\u00e3o de Oswaldo Teixeira. Como lembra a diretora Monica Xex\u00e9o, \u201cCela cujo trabalho \u00e9 rigoroso, refinado e vibrante possui uma trajet\u00f3ria pr\u00f3pria e diferenciada de seus contempor\u00e2neos, como Antonio Bandeira e Aldemir Martins. Ex\u00edmio gravador, autor de escrita pr\u00f3pria, suas obras, formalmente inovadoras, ultrapassam o tempo em que foram criadas\u201d. A exposi\u00e7\u00e3o \u201cRaimundo Cela \u2013 um mestre brasileiro\u201dbusca resgatar a obra de um realizador muito respeitado entre os estudiosos, mas pouco conhecido do p\u00fablico em geral. Ao todo, cerca de 50 obras de um dos mais proeminentes artistas do Cear\u00e1.<\/p>\n<p style=\"text-align: justify;\">A mostra, com curadoria de Denise Mattar, inicia com os primeiros trabalhos do artista, marcados pela influ\u00eancia do academicismo. Nessa fase, destacam-se obras como \u201c\u00daltimo di\u00e1logo de S\u00f3crates\u201d, de 1917, premiada no Sal\u00e3o Nacional de Belas Artes e que garantiu ao artista uma viagem a Paris. Outro destaque da mostra, exibido em seu tamanho natural \u00e9 o painel \u201cAboli\u00e7\u00e3o\u201d, de 1938. Primeiro estado brasileiro a abolir a escravatura, em 25 de mar\u00e7o de 1884, o Cear\u00e1, terra natal do artista, encomendou, em 1938, um painel que simboliza o momento hist\u00f3rico t\u00e3o marcante na hist\u00f3ria do Cear\u00e1 e do Brasil.<\/p>\n<figure class=\"thumbnail wp-caption aligncenter\" style=\"width: 685px\"><img decoding=\"async\" class=\"\" src=\"http:\/\/www.bolsadearte.com\/oparalelo\/wp-content\/uploads\/2016\/11\/Raimundo-Cela-3.jpg\" alt=\"Raimundo Cela\" width=\"675\" height=\"400\" \/><figcaption class=\"caption wp-caption-text\">Raimundo Cela<\/figcaption><\/figure>\n<p style=\"text-align: justify;\">Na mostra \u201cRaimundo Cela \u2013 um mestre brasileiro\u201d, o p\u00fablico poder\u00e1 ter acesso a uma vis\u00e3o \u00fanica do Cear\u00e1. Em seus quadros est\u00e1 a melhor tradu\u00e7\u00e3o dessa paisagem nordestina, como na s\u00e9rie \u201cPinturas Brancas\u201d, de marinhas e paisagens. Raimundo Cela tamb\u00e9m retratou os tipos da sua terra natal,representando pescadores, vaqueiros, rendeiras e os jangadeiros, como numa s\u00e9rie de obras criadas entre 1940 e 1946.<\/p>\n<p><em><strong>\u00daltimos dias, at\u00e9 20 de novembro.<\/strong><\/em><\/p>\n<p>&nbsp;<\/p>\n<h5 style=\"text-align: justify;\"><em><a href=\"https:\/\/arte351.pt\/art\/category\/colunistas-2\/colunistas\/\"><img decoding=\"async\" class=\"alignleft wp-image-398\" src=\"https:\/\/arte351.pt\/art\/wp-content\/uploads\/2016\/03\/avatar_renato_rosa-300x300.jpg\" alt=\"avatar_renato_rosa\" width=\"80\" height=\"80\" srcset=\"https:\/\/arte351.pt\/art\/wp-content\/uploads\/2016\/03\/avatar_renato_rosa-300x300.jpg 300w, https:\/\/arte351.pt\/art\/wp-content\/uploads\/2016\/03\/avatar_renato_rosa-150x150.jpg 150w, https:\/\/arte351.pt\/art\/wp-content\/uploads\/2016\/03\/avatar_renato_rosa.jpg 600w\" sizes=\"(max-width: 80px) 100vw, 80px\" \/><\/a><\/em><\/h5>\n<h5 style=\"text-align: justify;\"><em><a href=\"https:\/\/arte351.pt\/art\/category\/colunistas-2\/colunistas\/\">Coluna &#8211; <b class=\"gmail_sendername\">Renato Rosa<\/b><\/a><\/em><\/h5>\n<div>\n<h5 style=\"text-align: justify;\">Renato Rosa, brasileiro, S\u00e3o Gabriel, RS, Brasil, 1946. Marchand, pesquisador, editor do jornal cultural O PARALELO do site <a href=\"http:\/\/www.bolsadearte.com\/oparalelo\" target=\"_blank\">www.bolsadearte.com\/<wbr \/>oparalelo<\/a>, co-autor do \u201cDicion\u00e1rio de Artes Pl\u00e1sticas no Rio Grande do Sul\u201d, (2\u00aa edi\u00e7\u00e3o, 2000, esgotada) Editora da Universidade\/UFRGS.<\/h5>\n<\/div>\n","protected":false},"excerpt":{"rendered":"<p>Na retrospectiva do pintor Raimundo Cela, o Museu Nacional de Belas Artes, Centro, Rio de Janeiro, RJ, exibe na Sala Barroco Italiano, um recorte do percurso de uma dos mais [&hellip;]<\/p>\n","protected":false},"author":34415,"featured_media":1203,"comment_status":"open","ping_status":"open","sticky":false,"template":"","format":"standard","meta":{"_exactmetrics_skip_tracking":false,"_exactmetrics_sitenote_active":false,"_exactmetrics_sitenote_note":"","_exactmetrics_sitenote_category":0,"_uf_show_specific_survey":0,"_uf_disable_surveys":false,"footnotes":""},"categories":[7],"tags":[],"class_list":["post-1201","post","type-post","status-publish","format-standard","has-post-thumbnail","hentry","category-colunistas"],"yoast_head":"<!-- This site is optimized with the Yoast SEO plugin v27.3 - https:\/\/yoast.com\/product\/yoast-seo-wordpress\/ -->\n<title>RAIMUNDO CELA NO MNBA - Arte351 - Art Magazine Portugal<\/title>\n<meta name=\"robots\" content=\"index, follow, max-snippet:-1, max-image-preview:large, max-video-preview:-1\" \/>\n<link rel=\"canonical\" href=\"https:\/\/arte351.pt\/art\/2016\/11\/14\/raimundo-cela-no-mnba\/\" \/>\n<meta property=\"og:locale\" content=\"pt_BR\" \/>\n<meta property=\"og:type\" content=\"article\" \/>\n<meta property=\"og:title\" content=\"RAIMUNDO CELA NO MNBA - Arte351 - Art Magazine Portugal\" \/>\n<meta property=\"og:description\" content=\"Na retrospectiva do pintor Raimundo Cela, o Museu Nacional de Belas Artes, Centro, Rio de Janeiro, RJ, exibe na Sala Barroco Italiano, um recorte do percurso de uma dos mais [&hellip;]\" \/>\n<meta property=\"og:url\" content=\"https:\/\/arte351.pt\/art\/2016\/11\/14\/raimundo-cela-no-mnba\/\" \/>\n<meta property=\"og:site_name\" content=\"Arte351 - Art Magazine Portugal\" \/>\n<meta property=\"article:publisher\" content=\"https:\/\/www.facebook.com\/arte351magazine\/\" \/>\n<meta property=\"article:published_time\" content=\"2016-11-14T12:30:04+00:00\" \/>\n<meta property=\"article:modified_time\" content=\"2016-11-29T15:39:36+00:00\" \/>\n<meta property=\"og:image\" content=\"https:\/\/arte351.pt\/art\/wp-content\/uploads\/2016\/11\/arte-351-raimundo-cela001.jpg\" \/>\n\t<meta property=\"og:image:width\" content=\"1280\" \/>\n\t<meta property=\"og:image:height\" content=\"600\" \/>\n\t<meta property=\"og:image:type\" content=\"image\/jpeg\" \/>\n<meta name=\"author\" content=\"Equipa Arte 351\" \/>\n<meta name=\"twitter:label1\" content=\"Escrito por\" \/>\n\t<meta name=\"twitter:data1\" content=\"Equipa Arte 351\" \/>\n\t<meta name=\"twitter:label2\" content=\"Est. tempo de leitura\" \/>\n\t<meta name=\"twitter:data2\" content=\"2 minutos\" \/>\n<script type=\"application\/ld+json\" class=\"yoast-schema-graph\">{\"@context\":\"https:\\\/\\\/schema.org\",\"@graph\":[{\"@type\":\"Article\",\"@id\":\"https:\\\/\\\/arte351.pt\\\/art\\\/2016\\\/11\\\/14\\\/raimundo-cela-no-mnba\\\/#article\",\"isPartOf\":{\"@id\":\"https:\\\/\\\/arte351.pt\\\/art\\\/2016\\\/11\\\/14\\\/raimundo-cela-no-mnba\\\/\"},\"author\":{\"name\":\"Equipa Arte 351\",\"@id\":\"https:\\\/\\\/arte351.pt\\\/art\\\/#\\\/schema\\\/person\\\/1d081d5dbc7c2a3f2317da95c823a5bd\"},\"headline\":\"RAIMUNDO CELA NO MNBA\",\"datePublished\":\"2016-11-14T12:30:04+00:00\",\"dateModified\":\"2016-11-29T15:39:36+00:00\",\"mainEntityOfPage\":{\"@id\":\"https:\\\/\\\/arte351.pt\\\/art\\\/2016\\\/11\\\/14\\\/raimundo-cela-no-mnba\\\/\"},\"wordCount\":387,\"commentCount\":0,\"publisher\":{\"@id\":\"https:\\\/\\\/arte351.pt\\\/art\\\/#organization\"},\"image\":{\"@id\":\"https:\\\/\\\/arte351.pt\\\/art\\\/2016\\\/11\\\/14\\\/raimundo-cela-no-mnba\\\/#primaryimage\"},\"thumbnailUrl\":\"https:\\\/\\\/arte351.pt\\\/art\\\/wp-content\\\/uploads\\\/2016\\\/11\\\/arte-351-raimundo-cela001.jpg\",\"articleSection\":[\"Coluna - Renato Rosa\"],\"inLanguage\":\"pt-BR\",\"potentialAction\":[{\"@type\":\"CommentAction\",\"name\":\"Comment\",\"target\":[\"https:\\\/\\\/arte351.pt\\\/art\\\/2016\\\/11\\\/14\\\/raimundo-cela-no-mnba\\\/#respond\"]}]},{\"@type\":\"WebPage\",\"@id\":\"https:\\\/\\\/arte351.pt\\\/art\\\/2016\\\/11\\\/14\\\/raimundo-cela-no-mnba\\\/\",\"url\":\"https:\\\/\\\/arte351.pt\\\/art\\\/2016\\\/11\\\/14\\\/raimundo-cela-no-mnba\\\/\",\"name\":\"RAIMUNDO CELA NO MNBA - Arte351 - Art Magazine Portugal\",\"isPartOf\":{\"@id\":\"https:\\\/\\\/arte351.pt\\\/art\\\/#website\"},\"primaryImageOfPage\":{\"@id\":\"https:\\\/\\\/arte351.pt\\\/art\\\/2016\\\/11\\\/14\\\/raimundo-cela-no-mnba\\\/#primaryimage\"},\"image\":{\"@id\":\"https:\\\/\\\/arte351.pt\\\/art\\\/2016\\\/11\\\/14\\\/raimundo-cela-no-mnba\\\/#primaryimage\"},\"thumbnailUrl\":\"https:\\\/\\\/arte351.pt\\\/art\\\/wp-content\\\/uploads\\\/2016\\\/11\\\/arte-351-raimundo-cela001.jpg\",\"datePublished\":\"2016-11-14T12:30:04+00:00\",\"dateModified\":\"2016-11-29T15:39:36+00:00\",\"breadcrumb\":{\"@id\":\"https:\\\/\\\/arte351.pt\\\/art\\\/2016\\\/11\\\/14\\\/raimundo-cela-no-mnba\\\/#breadcrumb\"},\"inLanguage\":\"pt-BR\",\"potentialAction\":[{\"@type\":\"ReadAction\",\"target\":[\"https:\\\/\\\/arte351.pt\\\/art\\\/2016\\\/11\\\/14\\\/raimundo-cela-no-mnba\\\/\"]}]},{\"@type\":\"ImageObject\",\"inLanguage\":\"pt-BR\",\"@id\":\"https:\\\/\\\/arte351.pt\\\/art\\\/2016\\\/11\\\/14\\\/raimundo-cela-no-mnba\\\/#primaryimage\",\"url\":\"https:\\\/\\\/arte351.pt\\\/art\\\/wp-content\\\/uploads\\\/2016\\\/11\\\/arte-351-raimundo-cela001.jpg\",\"contentUrl\":\"https:\\\/\\\/arte351.pt\\\/art\\\/wp-content\\\/uploads\\\/2016\\\/11\\\/arte-351-raimundo-cela001.jpg\",\"width\":1280,\"height\":600},{\"@type\":\"BreadcrumbList\",\"@id\":\"https:\\\/\\\/arte351.pt\\\/art\\\/2016\\\/11\\\/14\\\/raimundo-cela-no-mnba\\\/#breadcrumb\",\"itemListElement\":[{\"@type\":\"ListItem\",\"position\":1,\"name\":\"In\u00edcio\",\"item\":\"https:\\\/\\\/arte351.pt\\\/art\\\/\"},{\"@type\":\"ListItem\",\"position\":2,\"name\":\"RAIMUNDO CELA NO MNBA\"}]},{\"@type\":\"WebSite\",\"@id\":\"https:\\\/\\\/arte351.pt\\\/art\\\/#website\",\"url\":\"https:\\\/\\\/arte351.pt\\\/art\\\/\",\"name\":\"Arte351 - Art Magazine Portugal\",\"description\":\"\",\"publisher\":{\"@id\":\"https:\\\/\\\/arte351.pt\\\/art\\\/#organization\"},\"potentialAction\":[{\"@type\":\"SearchAction\",\"target\":{\"@type\":\"EntryPoint\",\"urlTemplate\":\"https:\\\/\\\/arte351.pt\\\/art\\\/?s={search_term_string}\"},\"query-input\":{\"@type\":\"PropertyValueSpecification\",\"valueRequired\":true,\"valueName\":\"search_term_string\"}}],\"inLanguage\":\"pt-BR\"},{\"@type\":\"Organization\",\"@id\":\"https:\\\/\\\/arte351.pt\\\/art\\\/#organization\",\"name\":\"Arte351 - Art Magazine Portugal\",\"url\":\"https:\\\/\\\/arte351.pt\\\/art\\\/\",\"logo\":{\"@type\":\"ImageObject\",\"inLanguage\":\"pt-BR\",\"@id\":\"https:\\\/\\\/arte351.pt\\\/art\\\/#\\\/schema\\\/logo\\\/image\\\/\",\"url\":\"https:\\\/\\\/arte351.pt\\\/art\\\/wp-content\\\/uploads\\\/2020\\\/03\\\/cropped-logo-arte351-color.png\",\"contentUrl\":\"https:\\\/\\\/arte351.pt\\\/art\\\/wp-content\\\/uploads\\\/2020\\\/03\\\/cropped-logo-arte351-color.png\",\"width\":514,\"height\":200,\"caption\":\"Arte351 - Art Magazine Portugal\"},\"image\":{\"@id\":\"https:\\\/\\\/arte351.pt\\\/art\\\/#\\\/schema\\\/logo\\\/image\\\/\"},\"sameAs\":[\"https:\\\/\\\/www.facebook.com\\\/arte351magazine\\\/\"]},{\"@type\":\"Person\",\"@id\":\"https:\\\/\\\/arte351.pt\\\/art\\\/#\\\/schema\\\/person\\\/1d081d5dbc7c2a3f2317da95c823a5bd\",\"name\":\"Equipa Arte 351\",\"image\":{\"@type\":\"ImageObject\",\"inLanguage\":\"pt-BR\",\"@id\":\"https:\\\/\\\/secure.gravatar.com\\\/avatar\\\/3f97e62c832ede8fafe5d2f9e31f8a055e187b6b31056d1e065d95e034db52e2?s=96&d=mm&r=g\",\"url\":\"https:\\\/\\\/secure.gravatar.com\\\/avatar\\\/3f97e62c832ede8fafe5d2f9e31f8a055e187b6b31056d1e065d95e034db52e2?s=96&d=mm&r=g\",\"contentUrl\":\"https:\\\/\\\/secure.gravatar.com\\\/avatar\\\/3f97e62c832ede8fafe5d2f9e31f8a055e187b6b31056d1e065d95e034db52e2?s=96&d=mm&r=g\",\"caption\":\"Equipa Arte 351\"},\"url\":\"https:\\\/\\\/arte351.pt\\\/art\\\/author\\\/admin2\\\/\"}]}<\/script>\n<!-- \/ Yoast SEO plugin. -->","yoast_head_json":{"title":"RAIMUNDO CELA NO MNBA - Arte351 - Art Magazine Portugal","robots":{"index":"index","follow":"follow","max-snippet":"max-snippet:-1","max-image-preview":"max-image-preview:large","max-video-preview":"max-video-preview:-1"},"canonical":"https:\/\/arte351.pt\/art\/2016\/11\/14\/raimundo-cela-no-mnba\/","og_locale":"pt_BR","og_type":"article","og_title":"RAIMUNDO CELA NO MNBA - Arte351 - Art Magazine Portugal","og_description":"Na retrospectiva do pintor Raimundo Cela, o Museu Nacional de Belas Artes, Centro, Rio de Janeiro, RJ, exibe na Sala Barroco Italiano, um recorte do percurso de uma dos mais [&hellip;]","og_url":"https:\/\/arte351.pt\/art\/2016\/11\/14\/raimundo-cela-no-mnba\/","og_site_name":"Arte351 - Art Magazine Portugal","article_publisher":"https:\/\/www.facebook.com\/arte351magazine\/","article_published_time":"2016-11-14T12:30:04+00:00","article_modified_time":"2016-11-29T15:39:36+00:00","og_image":[{"width":1280,"height":600,"url":"https:\/\/arte351.pt\/art\/wp-content\/uploads\/2016\/11\/arte-351-raimundo-cela001.jpg","type":"image\/jpeg"}],"author":"Equipa Arte 351","twitter_misc":{"Escrito por":"Equipa Arte 351","Est. tempo de leitura":"2 minutos"},"schema":{"@context":"https:\/\/schema.org","@graph":[{"@type":"Article","@id":"https:\/\/arte351.pt\/art\/2016\/11\/14\/raimundo-cela-no-mnba\/#article","isPartOf":{"@id":"https:\/\/arte351.pt\/art\/2016\/11\/14\/raimundo-cela-no-mnba\/"},"author":{"name":"Equipa Arte 351","@id":"https:\/\/arte351.pt\/art\/#\/schema\/person\/1d081d5dbc7c2a3f2317da95c823a5bd"},"headline":"RAIMUNDO CELA NO MNBA","datePublished":"2016-11-14T12:30:04+00:00","dateModified":"2016-11-29T15:39:36+00:00","mainEntityOfPage":{"@id":"https:\/\/arte351.pt\/art\/2016\/11\/14\/raimundo-cela-no-mnba\/"},"wordCount":387,"commentCount":0,"publisher":{"@id":"https:\/\/arte351.pt\/art\/#organization"},"image":{"@id":"https:\/\/arte351.pt\/art\/2016\/11\/14\/raimundo-cela-no-mnba\/#primaryimage"},"thumbnailUrl":"https:\/\/arte351.pt\/art\/wp-content\/uploads\/2016\/11\/arte-351-raimundo-cela001.jpg","articleSection":["Coluna - Renato Rosa"],"inLanguage":"pt-BR","potentialAction":[{"@type":"CommentAction","name":"Comment","target":["https:\/\/arte351.pt\/art\/2016\/11\/14\/raimundo-cela-no-mnba\/#respond"]}]},{"@type":"WebPage","@id":"https:\/\/arte351.pt\/art\/2016\/11\/14\/raimundo-cela-no-mnba\/","url":"https:\/\/arte351.pt\/art\/2016\/11\/14\/raimundo-cela-no-mnba\/","name":"RAIMUNDO CELA NO MNBA - Arte351 - Art Magazine Portugal","isPartOf":{"@id":"https:\/\/arte351.pt\/art\/#website"},"primaryImageOfPage":{"@id":"https:\/\/arte351.pt\/art\/2016\/11\/14\/raimundo-cela-no-mnba\/#primaryimage"},"image":{"@id":"https:\/\/arte351.pt\/art\/2016\/11\/14\/raimundo-cela-no-mnba\/#primaryimage"},"thumbnailUrl":"https:\/\/arte351.pt\/art\/wp-content\/uploads\/2016\/11\/arte-351-raimundo-cela001.jpg","datePublished":"2016-11-14T12:30:04+00:00","dateModified":"2016-11-29T15:39:36+00:00","breadcrumb":{"@id":"https:\/\/arte351.pt\/art\/2016\/11\/14\/raimundo-cela-no-mnba\/#breadcrumb"},"inLanguage":"pt-BR","potentialAction":[{"@type":"ReadAction","target":["https:\/\/arte351.pt\/art\/2016\/11\/14\/raimundo-cela-no-mnba\/"]}]},{"@type":"ImageObject","inLanguage":"pt-BR","@id":"https:\/\/arte351.pt\/art\/2016\/11\/14\/raimundo-cela-no-mnba\/#primaryimage","url":"https:\/\/arte351.pt\/art\/wp-content\/uploads\/2016\/11\/arte-351-raimundo-cela001.jpg","contentUrl":"https:\/\/arte351.pt\/art\/wp-content\/uploads\/2016\/11\/arte-351-raimundo-cela001.jpg","width":1280,"height":600},{"@type":"BreadcrumbList","@id":"https:\/\/arte351.pt\/art\/2016\/11\/14\/raimundo-cela-no-mnba\/#breadcrumb","itemListElement":[{"@type":"ListItem","position":1,"name":"In\u00edcio","item":"https:\/\/arte351.pt\/art\/"},{"@type":"ListItem","position":2,"name":"RAIMUNDO CELA NO MNBA"}]},{"@type":"WebSite","@id":"https:\/\/arte351.pt\/art\/#website","url":"https:\/\/arte351.pt\/art\/","name":"Arte351 - Art Magazine Portugal","description":"","publisher":{"@id":"https:\/\/arte351.pt\/art\/#organization"},"potentialAction":[{"@type":"SearchAction","target":{"@type":"EntryPoint","urlTemplate":"https:\/\/arte351.pt\/art\/?s={search_term_string}"},"query-input":{"@type":"PropertyValueSpecification","valueRequired":true,"valueName":"search_term_string"}}],"inLanguage":"pt-BR"},{"@type":"Organization","@id":"https:\/\/arte351.pt\/art\/#organization","name":"Arte351 - Art Magazine Portugal","url":"https:\/\/arte351.pt\/art\/","logo":{"@type":"ImageObject","inLanguage":"pt-BR","@id":"https:\/\/arte351.pt\/art\/#\/schema\/logo\/image\/","url":"https:\/\/arte351.pt\/art\/wp-content\/uploads\/2020\/03\/cropped-logo-arte351-color.png","contentUrl":"https:\/\/arte351.pt\/art\/wp-content\/uploads\/2020\/03\/cropped-logo-arte351-color.png","width":514,"height":200,"caption":"Arte351 - Art Magazine Portugal"},"image":{"@id":"https:\/\/arte351.pt\/art\/#\/schema\/logo\/image\/"},"sameAs":["https:\/\/www.facebook.com\/arte351magazine\/"]},{"@type":"Person","@id":"https:\/\/arte351.pt\/art\/#\/schema\/person\/1d081d5dbc7c2a3f2317da95c823a5bd","name":"Equipa Arte 351","image":{"@type":"ImageObject","inLanguage":"pt-BR","@id":"https:\/\/secure.gravatar.com\/avatar\/3f97e62c832ede8fafe5d2f9e31f8a055e187b6b31056d1e065d95e034db52e2?s=96&d=mm&r=g","url":"https:\/\/secure.gravatar.com\/avatar\/3f97e62c832ede8fafe5d2f9e31f8a055e187b6b31056d1e065d95e034db52e2?s=96&d=mm&r=g","contentUrl":"https:\/\/secure.gravatar.com\/avatar\/3f97e62c832ede8fafe5d2f9e31f8a055e187b6b31056d1e065d95e034db52e2?s=96&d=mm&r=g","caption":"Equipa Arte 351"},"url":"https:\/\/arte351.pt\/art\/author\/admin2\/"}]}},"_links":{"self":[{"href":"https:\/\/arte351.pt\/art\/wp-json\/wp\/v2\/posts\/1201","targetHints":{"allow":["GET"]}}],"collection":[{"href":"https:\/\/arte351.pt\/art\/wp-json\/wp\/v2\/posts"}],"about":[{"href":"https:\/\/arte351.pt\/art\/wp-json\/wp\/v2\/types\/post"}],"author":[{"embeddable":true,"href":"https:\/\/arte351.pt\/art\/wp-json\/wp\/v2\/users\/34415"}],"replies":[{"embeddable":true,"href":"https:\/\/arte351.pt\/art\/wp-json\/wp\/v2\/comments?post=1201"}],"version-history":[{"count":2,"href":"https:\/\/arte351.pt\/art\/wp-json\/wp\/v2\/posts\/1201\/revisions"}],"predecessor-version":[{"id":1204,"href":"https:\/\/arte351.pt\/art\/wp-json\/wp\/v2\/posts\/1201\/revisions\/1204"}],"wp:featuredmedia":[{"embeddable":true,"href":"https:\/\/arte351.pt\/art\/wp-json\/wp\/v2\/media\/1203"}],"wp:attachment":[{"href":"https:\/\/arte351.pt\/art\/wp-json\/wp\/v2\/media?parent=1201"}],"wp:term":[{"taxonomy":"category","embeddable":true,"href":"https:\/\/arte351.pt\/art\/wp-json\/wp\/v2\/categories?post=1201"},{"taxonomy":"post_tag","embeddable":true,"href":"https:\/\/arte351.pt\/art\/wp-json\/wp\/v2\/tags?post=1201"}],"curies":[{"name":"wp","href":"https:\/\/api.w.org\/{rel}","templated":true}]}}