{"id":1205,"date":"2016-11-15T13:49:16","date_gmt":"2016-11-15T13:49:16","guid":{"rendered":"http:\/\/arte351.pt\/art\/?p=1205"},"modified":"2016-11-29T14:31:33","modified_gmt":"2016-11-29T14:31:33","slug":"1205","status":"publish","type":"post","link":"https:\/\/arte351.pt\/art\/2016\/11\/15\/1205\/","title":{"rendered":"ESCOLA DE BELAS ARTES, 200 ANOS"},"content":{"rendered":"<p style=\"text-align: justify;\">O Museu Nacional de Belas Artes, Centro, Rio de Janeiro, RJ, inaugura a exposi\u00e7\u00e3o \u201cEscola de Belas Artes:1816-2016 Duzentos anos construindo a arte brasileira\u201d. Sob a curadoria de Angela Ancora da Luz, a mostra faz um recorte da produ\u00e7\u00e3o art\u00edstica da institui\u00e7\u00e3o que formou e ainda forma centenas de artistas brasileiros desde V\u00edtor Meireles, Ant\u00f4nio Parreiras, Eliseu Visconti, passando por Burle Marx, Goeldi, Portinari, Weissmann, Anna Maria Maiolino, Roberto Magalh\u00e3es, Lygia Pape, Celeida Tostes, Mauricio Salgueiro at\u00e9 Felipe Barbosa, Bruno Miguel, Jarbas Lopes entre muitos outros.<\/p>\n<p style=\"text-align: justify;\">Criada por Decreto Real de D. Jo\u00e3o em 12 de agosto de 1816, a primeira sede da Escola de Belas Artes foi na Travessa das Belas Artes, pr\u00f3xima a Pra\u00e7a Tiradentes. O pr\u00e9dio, de Grandjean de Montigny, foi projetado para receber a ent\u00e3o Academia Imperial das Belas Artes e foi inaugurado em 5 de novembro de 1826. Em 1908, j\u00e1 com o nome de Escola Nacional de Belas Artes, a institui\u00e7\u00e3o transferiu-se para seu segundo pr\u00e9dio, com projeto de Morales de los Rios, na Avenida Rio Branco, onde hoje situa-se o Museu Nacional de Belas Artes.<\/p>\n<figure class=\"thumbnail wp-caption alignleft\" style=\"width: 329px\"><img fetchpriority=\"high\" decoding=\"async\" class=\"size-full\" src=\"http:\/\/www.bolsadearte.com\/oparalelo\/wp-content\/uploads\/2016\/11\/Portinari-MNBA.jpg\" alt=\"Portinari MNBA\" width=\"319\" height=\"352\" \/><figcaption class=\"caption wp-caption-text\">Portinari MNBA<\/figcaption><\/figure>\n<p style=\"text-align: justify;\">Segundo a curadora da exposi\u00e7\u00e3o, Angela Ancora da Luz, que dirigiu a EBA entre 2002 e 2010, \u201c\u2026a presen\u00e7a da Escola no contexto da sociedade brasileira revelou sua identidade por aspectos pouco conhecidos, mas de grande interesse social e pol\u00edtico, al\u00e9m de seu princ\u00edpio norteador fundamental: o ensino art\u00edstico. Uma escola de grande peso no Imp\u00e9rio e que esteve aberta a todos os que desejassem buscar o caminho das artes, sendo aceitos pelos grandes mestres dos ateli\u00eas. O que contava na hora da sele\u00e7\u00e3o era o talento, sem restri\u00e7\u00e3o ao grau cultural, \u00e0 ra\u00e7a ou situa\u00e7\u00e3o econ\u00f4mica. C\u00e2ndido Portinari, por exemplo, mal havia completado o terceiro ano do curso \u201cprim\u00e1rio\u201d quando foi aceito pela institui\u00e7\u00e3o, tornando-se a grande refer\u00eancia da pintura brasileira\u201d.<\/p>\n<p style=\"text-align: justify;\">\u201cS\u00e3o incont\u00e1veis os pintores, escultores, desenhistas, gravuristas, cen\u00f3grafos, indumentaristas, designers, restauradores e paisagistas que sa\u00edram dos ateli\u00eas e salas da escola. O grande desafio que a presente exposi\u00e7\u00e3o nos trouxe foi o de apresentar apenas alguns destes artistas e suas obras. Mesmo se ocup\u00e1ssemos todas as salas deste museu (\u2026) ainda assim seria imposs\u00edvel apresentar a excel\u00eancia de tudo que aqui se produziu\u201d, completa a curadora.<\/p>\n<p style=\"text-align: justify;\">A exposi\u00e7\u00e3o ocupar\u00e1 dois sal\u00f5es expositivos do MNBA abrangendo a produ\u00e7\u00e3o dos artistas que passaram pela Escola de Belas Artes, desde sua cria\u00e7\u00e3o at\u00e9 a presente data. A dificuldade de selecionar as obras desta mostra comemorativa foi muito grande. Pela excel\u00eancia dos artistas que passaram por seus ateli\u00eas \u2013 imposs\u00edvel trazer um representante de cada per\u00edodo \u2013 a op\u00e7\u00e3o da curadoria foi privilegiar os que tiveram a forma\u00e7\u00e3o da escola. Muitos desses artistas foram alunos do Curso Livre, admitidos pela avalia\u00e7\u00e3o dos Mestres. Passaram pela institui\u00e7\u00e3o artistas de todas as classes sociais, a escola sempre foi uma unidade que presava pela diversidade. De todos que cursaram a Escola de Belas Artes, mesmo os que n\u00e3o a conclu\u00edram, ficou o reconhecimento do papel fundamental que ela representou em suas trajet\u00f3rias.<\/p>\n<p style=\"text-align: justify;\">O eixo curatorial enfatizou a Escola de Belas Artes como institui\u00e7\u00e3o que preserva a preocupa\u00e7\u00e3o social, pol\u00edtica e intelectual das diferen\u00e7as individuais, o que n\u00e3o impede a forma\u00e7\u00e3o de um corpo e de uma identidade. A curadoria buscou evidenciar as diferen\u00e7as e afinidades em desenhos, gravuras, pinturas, esculturas, instala\u00e7\u00f5es, v\u00eddeos e performances que fizeram da escola um para\u00edso vocacionado para a arte e a cultura no Rio de Janeiro, potente e famosa caixa de resson\u00e2ncia art\u00edstica do Brasil.<\/p>\n<p style=\"text-align: justify;\">O projeto conta com patroc\u00ednio integral da Prefeitura da Cidade do Rio de Janeiro e a produ\u00e7\u00e3o\/idealiza\u00e7\u00e3o da exposi\u00e7\u00e3o est\u00e1 a cargo de Anderson Eleot\u00e9rio e Izabel Ferreira \u2013 ADUPLA Produ\u00e7\u00e3o Cultural, que j\u00e1 realizou importantes publica\u00e7\u00f5es e exposi\u00e7\u00f5es itinerantes pelo Brasil, como Farnese de Andrade, AthosBulc\u00e3o, Milton Dacosta, Miguel Angel Rios, Raymundo Colares, Carlos Scliar, Debret, Alu\u00edsio Carv\u00e3o, Henri Matisse, Bruno Miguel, Antonio Bandeira, Manoel Santiago, Teresa Serrano, Regina de Paula, Nazareno, entre outros.<\/p>\n<p style=\"text-align: justify;\">Artistas<\/p>\n<p style=\"text-align: justify;\">Abelardo Zaluar, Adir Botelho, Alfredo Galv\u00e3o, Almeida Reis, Am\u00e9s de Paula Machado, Anna Maria Maiolino, Antonio Manuel, Ant\u00f4nio Parreiras, Arthur Luiz Pizza, Augusto M\u00fcller, Bandeira de Mello, Barbosa J\u00fanior, Batista da Costa, Belmiro de Almeida, Bruno Miguel, Burle Marx, Carlos Contente, C\u00e2ndido Portinari, Celeida Tostes, D\u00e9cio Vilares, Eduardo Lima, Eliseu Visconti, Est\u00eav\u00e3o da Silva, Felipe Barbosa, Franz Weissmann, Georgina de Albuquerque, Glauco Rodrigues, Grandjean de Montigny, Henrique Cavaleiro, Hugo Houayeck, Isis Braga, Ivald Granato, Jarbas Lopes, Jean-Baptiste Debret, Jo\u00e3o Quaglia, Jorge Duarte, KazuoIha, Lourdes Barreto, Lygia Pape, Manfredo de Souzanetto, Marcos Cardoso, Marcos Varela, Marques J\u00fanior, Mauricio Salgueiro, Maur\u00edcio Dias &amp; Walter Riedweg, Newton Cavalcanti, Oscar Pereira da Silva, Oswaldo Goeldi, Patr\u00edcia Freire, Paulo Houayek, Pedro Am\u00e9rico, Pedro Varela, Quirino Campofiorito, Renina Katz, Ricardo Newton, Roberto Magalh\u00e3es, Rodolfo Amoedo, Rodolfo Chambelland, Ronald Duarte, Rui de Oliveira, V\u00edtor Meireles e Zeferino da Costa<\/p>\n<p style=\"text-align: justify;\"><em><strong>At\u00e9 12 de fevereiro de 2017.<\/strong><\/em><\/p>\n<p>&nbsp;<\/p>\n<h5 style=\"text-align: justify;\"><em><a href=\"https:\/\/arte351.pt\/art\/category\/colunistas-2\/colunistas\/\"><img decoding=\"async\" class=\"alignleft wp-image-398\" src=\"https:\/\/arte351.pt\/art\/wp-content\/uploads\/2016\/03\/avatar_renato_rosa-300x300.jpg\" alt=\"avatar_renato_rosa\" width=\"80\" height=\"80\" srcset=\"https:\/\/arte351.pt\/art\/wp-content\/uploads\/2016\/03\/avatar_renato_rosa-300x300.jpg 300w, https:\/\/arte351.pt\/art\/wp-content\/uploads\/2016\/03\/avatar_renato_rosa-150x150.jpg 150w, https:\/\/arte351.pt\/art\/wp-content\/uploads\/2016\/03\/avatar_renato_rosa.jpg 600w\" sizes=\"(max-width: 80px) 100vw, 80px\" \/><\/a><\/em><\/h5>\n<h5 style=\"text-align: justify;\"><em><a href=\"https:\/\/arte351.pt\/art\/category\/colunistas-2\/colunistas\/\">Coluna &#8211; <b class=\"gmail_sendername\">Renato Rosa<\/b><\/a><\/em><\/h5>\n<div>\n<h5 style=\"text-align: justify;\">Renato Rosa, brasileiro, S\u00e3o Gabriel, RS, Brasil, 1946. Marchand, pesquisador, editor do jornal cultural O PARALELO do site <a href=\"http:\/\/www.bolsadearte.com\/oparalelo\" target=\"_blank\">www.bolsadearte.com\/<wbr \/>oparalelo<\/a>, co-autor do \u201cDicion\u00e1rio de Artes Pl\u00e1sticas no Rio Grande do Sul\u201d, (2\u00aa edi\u00e7\u00e3o, 2000, esgotada) Editora da Universidade\/UFRGS.<\/h5>\n<\/div>\n","protected":false},"excerpt":{"rendered":"<p>O Museu Nacional de Belas Artes, Centro, Rio de Janeiro, RJ, inaugura a exposi\u00e7\u00e3o \u201cEscola de Belas Artes:1816-2016 Duzentos anos construindo a arte brasileira\u201d. Sob a curadoria de Angela Ancora [&hellip;]<\/p>\n","protected":false},"author":34415,"featured_media":1206,"comment_status":"open","ping_status":"open","sticky":false,"template":"","format":"standard","meta":{"_exactmetrics_skip_tracking":false,"_exactmetrics_sitenote_active":false,"_exactmetrics_sitenote_note":"","_exactmetrics_sitenote_category":0,"_uf_show_specific_survey":0,"_uf_disable_surveys":false,"footnotes":""},"categories":[7],"tags":[],"class_list":["post-1205","post","type-post","status-publish","format-standard","has-post-thumbnail","hentry","category-colunistas"],"yoast_head":"<!-- This site is optimized with the Yoast SEO plugin v27.3 - https:\/\/yoast.com\/product\/yoast-seo-wordpress\/ -->\n<title>ESCOLA DE BELAS ARTES, 200 ANOS - Arte351 - Art Magazine Portugal<\/title>\n<meta name=\"robots\" content=\"index, follow, max-snippet:-1, max-image-preview:large, max-video-preview:-1\" \/>\n<link rel=\"canonical\" href=\"https:\/\/arte351.pt\/art\/2016\/11\/15\/1205\/\" \/>\n<meta property=\"og:locale\" content=\"pt_BR\" \/>\n<meta property=\"og:type\" content=\"article\" \/>\n<meta property=\"og:title\" content=\"ESCOLA DE BELAS ARTES, 200 ANOS - Arte351 - Art Magazine Portugal\" \/>\n<meta property=\"og:description\" content=\"O Museu Nacional de Belas Artes, Centro, Rio de Janeiro, RJ, inaugura a exposi\u00e7\u00e3o \u201cEscola de Belas Artes:1816-2016 Duzentos anos construindo a arte brasileira\u201d. Sob a curadoria de Angela Ancora [&hellip;]\" \/>\n<meta property=\"og:url\" content=\"https:\/\/arte351.pt\/art\/2016\/11\/15\/1205\/\" \/>\n<meta property=\"og:site_name\" content=\"Arte351 - Art Magazine Portugal\" \/>\n<meta property=\"article:publisher\" content=\"https:\/\/www.facebook.com\/arte351magazine\/\" \/>\n<meta property=\"article:published_time\" content=\"2016-11-15T13:49:16+00:00\" \/>\n<meta property=\"article:modified_time\" content=\"2016-11-29T14:31:33+00:00\" \/>\n<meta property=\"og:image\" content=\"https:\/\/arte351.pt\/art\/wp-content\/uploads\/2016\/11\/arte-351-eba-200-anos.jpg\" \/>\n\t<meta property=\"og:image:width\" content=\"1280\" \/>\n\t<meta property=\"og:image:height\" content=\"600\" \/>\n\t<meta property=\"og:image:type\" content=\"image\/jpeg\" \/>\n<meta name=\"author\" content=\"Equipa Arte 351\" \/>\n<meta name=\"twitter:label1\" content=\"Escrito por\" \/>\n\t<meta name=\"twitter:data1\" content=\"Equipa Arte 351\" \/>\n\t<meta name=\"twitter:label2\" content=\"Est. tempo de leitura\" \/>\n\t<meta name=\"twitter:data2\" content=\"5 minutos\" \/>\n<script type=\"application\/ld+json\" class=\"yoast-schema-graph\">{\"@context\":\"https:\\\/\\\/schema.org\",\"@graph\":[{\"@type\":\"Article\",\"@id\":\"https:\\\/\\\/arte351.pt\\\/art\\\/2016\\\/11\\\/15\\\/1205\\\/#article\",\"isPartOf\":{\"@id\":\"https:\\\/\\\/arte351.pt\\\/art\\\/2016\\\/11\\\/15\\\/1205\\\/\"},\"author\":{\"name\":\"Equipa Arte 351\",\"@id\":\"https:\\\/\\\/arte351.pt\\\/art\\\/#\\\/schema\\\/person\\\/1d081d5dbc7c2a3f2317da95c823a5bd\"},\"headline\":\"ESCOLA DE BELAS ARTES, 200 ANOS\",\"datePublished\":\"2016-11-15T13:49:16+00:00\",\"dateModified\":\"2016-11-29T14:31:33+00:00\",\"mainEntityOfPage\":{\"@id\":\"https:\\\/\\\/arte351.pt\\\/art\\\/2016\\\/11\\\/15\\\/1205\\\/\"},\"wordCount\":943,\"commentCount\":0,\"publisher\":{\"@id\":\"https:\\\/\\\/arte351.pt\\\/art\\\/#organization\"},\"image\":{\"@id\":\"https:\\\/\\\/arte351.pt\\\/art\\\/2016\\\/11\\\/15\\\/1205\\\/#primaryimage\"},\"thumbnailUrl\":\"https:\\\/\\\/arte351.pt\\\/art\\\/wp-content\\\/uploads\\\/2016\\\/11\\\/arte-351-eba-200-anos.jpg\",\"articleSection\":[\"Coluna - Renato Rosa\"],\"inLanguage\":\"pt-BR\",\"potentialAction\":[{\"@type\":\"CommentAction\",\"name\":\"Comment\",\"target\":[\"https:\\\/\\\/arte351.pt\\\/art\\\/2016\\\/11\\\/15\\\/1205\\\/#respond\"]}]},{\"@type\":\"WebPage\",\"@id\":\"https:\\\/\\\/arte351.pt\\\/art\\\/2016\\\/11\\\/15\\\/1205\\\/\",\"url\":\"https:\\\/\\\/arte351.pt\\\/art\\\/2016\\\/11\\\/15\\\/1205\\\/\",\"name\":\"ESCOLA DE BELAS ARTES, 200 ANOS - Arte351 - Art Magazine Portugal\",\"isPartOf\":{\"@id\":\"https:\\\/\\\/arte351.pt\\\/art\\\/#website\"},\"primaryImageOfPage\":{\"@id\":\"https:\\\/\\\/arte351.pt\\\/art\\\/2016\\\/11\\\/15\\\/1205\\\/#primaryimage\"},\"image\":{\"@id\":\"https:\\\/\\\/arte351.pt\\\/art\\\/2016\\\/11\\\/15\\\/1205\\\/#primaryimage\"},\"thumbnailUrl\":\"https:\\\/\\\/arte351.pt\\\/art\\\/wp-content\\\/uploads\\\/2016\\\/11\\\/arte-351-eba-200-anos.jpg\",\"datePublished\":\"2016-11-15T13:49:16+00:00\",\"dateModified\":\"2016-11-29T14:31:33+00:00\",\"breadcrumb\":{\"@id\":\"https:\\\/\\\/arte351.pt\\\/art\\\/2016\\\/11\\\/15\\\/1205\\\/#breadcrumb\"},\"inLanguage\":\"pt-BR\",\"potentialAction\":[{\"@type\":\"ReadAction\",\"target\":[\"https:\\\/\\\/arte351.pt\\\/art\\\/2016\\\/11\\\/15\\\/1205\\\/\"]}]},{\"@type\":\"ImageObject\",\"inLanguage\":\"pt-BR\",\"@id\":\"https:\\\/\\\/arte351.pt\\\/art\\\/2016\\\/11\\\/15\\\/1205\\\/#primaryimage\",\"url\":\"https:\\\/\\\/arte351.pt\\\/art\\\/wp-content\\\/uploads\\\/2016\\\/11\\\/arte-351-eba-200-anos.jpg\",\"contentUrl\":\"https:\\\/\\\/arte351.pt\\\/art\\\/wp-content\\\/uploads\\\/2016\\\/11\\\/arte-351-eba-200-anos.jpg\",\"width\":1280,\"height\":600},{\"@type\":\"BreadcrumbList\",\"@id\":\"https:\\\/\\\/arte351.pt\\\/art\\\/2016\\\/11\\\/15\\\/1205\\\/#breadcrumb\",\"itemListElement\":[{\"@type\":\"ListItem\",\"position\":1,\"name\":\"In\u00edcio\",\"item\":\"https:\\\/\\\/arte351.pt\\\/art\\\/\"},{\"@type\":\"ListItem\",\"position\":2,\"name\":\"ESCOLA DE BELAS ARTES, 200 ANOS\"}]},{\"@type\":\"WebSite\",\"@id\":\"https:\\\/\\\/arte351.pt\\\/art\\\/#website\",\"url\":\"https:\\\/\\\/arte351.pt\\\/art\\\/\",\"name\":\"Arte351 - Art Magazine Portugal\",\"description\":\"\",\"publisher\":{\"@id\":\"https:\\\/\\\/arte351.pt\\\/art\\\/#organization\"},\"potentialAction\":[{\"@type\":\"SearchAction\",\"target\":{\"@type\":\"EntryPoint\",\"urlTemplate\":\"https:\\\/\\\/arte351.pt\\\/art\\\/?s={search_term_string}\"},\"query-input\":{\"@type\":\"PropertyValueSpecification\",\"valueRequired\":true,\"valueName\":\"search_term_string\"}}],\"inLanguage\":\"pt-BR\"},{\"@type\":\"Organization\",\"@id\":\"https:\\\/\\\/arte351.pt\\\/art\\\/#organization\",\"name\":\"Arte351 - Art Magazine Portugal\",\"url\":\"https:\\\/\\\/arte351.pt\\\/art\\\/\",\"logo\":{\"@type\":\"ImageObject\",\"inLanguage\":\"pt-BR\",\"@id\":\"https:\\\/\\\/arte351.pt\\\/art\\\/#\\\/schema\\\/logo\\\/image\\\/\",\"url\":\"https:\\\/\\\/arte351.pt\\\/art\\\/wp-content\\\/uploads\\\/2020\\\/03\\\/cropped-logo-arte351-color.png\",\"contentUrl\":\"https:\\\/\\\/arte351.pt\\\/art\\\/wp-content\\\/uploads\\\/2020\\\/03\\\/cropped-logo-arte351-color.png\",\"width\":514,\"height\":200,\"caption\":\"Arte351 - Art Magazine Portugal\"},\"image\":{\"@id\":\"https:\\\/\\\/arte351.pt\\\/art\\\/#\\\/schema\\\/logo\\\/image\\\/\"},\"sameAs\":[\"https:\\\/\\\/www.facebook.com\\\/arte351magazine\\\/\"]},{\"@type\":\"Person\",\"@id\":\"https:\\\/\\\/arte351.pt\\\/art\\\/#\\\/schema\\\/person\\\/1d081d5dbc7c2a3f2317da95c823a5bd\",\"name\":\"Equipa Arte 351\",\"image\":{\"@type\":\"ImageObject\",\"inLanguage\":\"pt-BR\",\"@id\":\"https:\\\/\\\/secure.gravatar.com\\\/avatar\\\/3f97e62c832ede8fafe5d2f9e31f8a055e187b6b31056d1e065d95e034db52e2?s=96&d=mm&r=g\",\"url\":\"https:\\\/\\\/secure.gravatar.com\\\/avatar\\\/3f97e62c832ede8fafe5d2f9e31f8a055e187b6b31056d1e065d95e034db52e2?s=96&d=mm&r=g\",\"contentUrl\":\"https:\\\/\\\/secure.gravatar.com\\\/avatar\\\/3f97e62c832ede8fafe5d2f9e31f8a055e187b6b31056d1e065d95e034db52e2?s=96&d=mm&r=g\",\"caption\":\"Equipa Arte 351\"},\"url\":\"https:\\\/\\\/arte351.pt\\\/art\\\/author\\\/admin2\\\/\"}]}<\/script>\n<!-- \/ Yoast SEO plugin. -->","yoast_head_json":{"title":"ESCOLA DE BELAS ARTES, 200 ANOS - Arte351 - Art Magazine Portugal","robots":{"index":"index","follow":"follow","max-snippet":"max-snippet:-1","max-image-preview":"max-image-preview:large","max-video-preview":"max-video-preview:-1"},"canonical":"https:\/\/arte351.pt\/art\/2016\/11\/15\/1205\/","og_locale":"pt_BR","og_type":"article","og_title":"ESCOLA DE BELAS ARTES, 200 ANOS - Arte351 - Art Magazine Portugal","og_description":"O Museu Nacional de Belas Artes, Centro, Rio de Janeiro, RJ, inaugura a exposi\u00e7\u00e3o \u201cEscola de Belas Artes:1816-2016 Duzentos anos construindo a arte brasileira\u201d. Sob a curadoria de Angela Ancora [&hellip;]","og_url":"https:\/\/arte351.pt\/art\/2016\/11\/15\/1205\/","og_site_name":"Arte351 - Art Magazine Portugal","article_publisher":"https:\/\/www.facebook.com\/arte351magazine\/","article_published_time":"2016-11-15T13:49:16+00:00","article_modified_time":"2016-11-29T14:31:33+00:00","og_image":[{"width":1280,"height":600,"url":"https:\/\/arte351.pt\/art\/wp-content\/uploads\/2016\/11\/arte-351-eba-200-anos.jpg","type":"image\/jpeg"}],"author":"Equipa Arte 351","twitter_misc":{"Escrito por":"Equipa Arte 351","Est. tempo de leitura":"5 minutos"},"schema":{"@context":"https:\/\/schema.org","@graph":[{"@type":"Article","@id":"https:\/\/arte351.pt\/art\/2016\/11\/15\/1205\/#article","isPartOf":{"@id":"https:\/\/arte351.pt\/art\/2016\/11\/15\/1205\/"},"author":{"name":"Equipa Arte 351","@id":"https:\/\/arte351.pt\/art\/#\/schema\/person\/1d081d5dbc7c2a3f2317da95c823a5bd"},"headline":"ESCOLA DE BELAS ARTES, 200 ANOS","datePublished":"2016-11-15T13:49:16+00:00","dateModified":"2016-11-29T14:31:33+00:00","mainEntityOfPage":{"@id":"https:\/\/arte351.pt\/art\/2016\/11\/15\/1205\/"},"wordCount":943,"commentCount":0,"publisher":{"@id":"https:\/\/arte351.pt\/art\/#organization"},"image":{"@id":"https:\/\/arte351.pt\/art\/2016\/11\/15\/1205\/#primaryimage"},"thumbnailUrl":"https:\/\/arte351.pt\/art\/wp-content\/uploads\/2016\/11\/arte-351-eba-200-anos.jpg","articleSection":["Coluna - Renato Rosa"],"inLanguage":"pt-BR","potentialAction":[{"@type":"CommentAction","name":"Comment","target":["https:\/\/arte351.pt\/art\/2016\/11\/15\/1205\/#respond"]}]},{"@type":"WebPage","@id":"https:\/\/arte351.pt\/art\/2016\/11\/15\/1205\/","url":"https:\/\/arte351.pt\/art\/2016\/11\/15\/1205\/","name":"ESCOLA DE BELAS ARTES, 200 ANOS - Arte351 - Art Magazine Portugal","isPartOf":{"@id":"https:\/\/arte351.pt\/art\/#website"},"primaryImageOfPage":{"@id":"https:\/\/arte351.pt\/art\/2016\/11\/15\/1205\/#primaryimage"},"image":{"@id":"https:\/\/arte351.pt\/art\/2016\/11\/15\/1205\/#primaryimage"},"thumbnailUrl":"https:\/\/arte351.pt\/art\/wp-content\/uploads\/2016\/11\/arte-351-eba-200-anos.jpg","datePublished":"2016-11-15T13:49:16+00:00","dateModified":"2016-11-29T14:31:33+00:00","breadcrumb":{"@id":"https:\/\/arte351.pt\/art\/2016\/11\/15\/1205\/#breadcrumb"},"inLanguage":"pt-BR","potentialAction":[{"@type":"ReadAction","target":["https:\/\/arte351.pt\/art\/2016\/11\/15\/1205\/"]}]},{"@type":"ImageObject","inLanguage":"pt-BR","@id":"https:\/\/arte351.pt\/art\/2016\/11\/15\/1205\/#primaryimage","url":"https:\/\/arte351.pt\/art\/wp-content\/uploads\/2016\/11\/arte-351-eba-200-anos.jpg","contentUrl":"https:\/\/arte351.pt\/art\/wp-content\/uploads\/2016\/11\/arte-351-eba-200-anos.jpg","width":1280,"height":600},{"@type":"BreadcrumbList","@id":"https:\/\/arte351.pt\/art\/2016\/11\/15\/1205\/#breadcrumb","itemListElement":[{"@type":"ListItem","position":1,"name":"In\u00edcio","item":"https:\/\/arte351.pt\/art\/"},{"@type":"ListItem","position":2,"name":"ESCOLA DE BELAS ARTES, 200 ANOS"}]},{"@type":"WebSite","@id":"https:\/\/arte351.pt\/art\/#website","url":"https:\/\/arte351.pt\/art\/","name":"Arte351 - Art Magazine Portugal","description":"","publisher":{"@id":"https:\/\/arte351.pt\/art\/#organization"},"potentialAction":[{"@type":"SearchAction","target":{"@type":"EntryPoint","urlTemplate":"https:\/\/arte351.pt\/art\/?s={search_term_string}"},"query-input":{"@type":"PropertyValueSpecification","valueRequired":true,"valueName":"search_term_string"}}],"inLanguage":"pt-BR"},{"@type":"Organization","@id":"https:\/\/arte351.pt\/art\/#organization","name":"Arte351 - Art Magazine Portugal","url":"https:\/\/arte351.pt\/art\/","logo":{"@type":"ImageObject","inLanguage":"pt-BR","@id":"https:\/\/arte351.pt\/art\/#\/schema\/logo\/image\/","url":"https:\/\/arte351.pt\/art\/wp-content\/uploads\/2020\/03\/cropped-logo-arte351-color.png","contentUrl":"https:\/\/arte351.pt\/art\/wp-content\/uploads\/2020\/03\/cropped-logo-arte351-color.png","width":514,"height":200,"caption":"Arte351 - Art Magazine Portugal"},"image":{"@id":"https:\/\/arte351.pt\/art\/#\/schema\/logo\/image\/"},"sameAs":["https:\/\/www.facebook.com\/arte351magazine\/"]},{"@type":"Person","@id":"https:\/\/arte351.pt\/art\/#\/schema\/person\/1d081d5dbc7c2a3f2317da95c823a5bd","name":"Equipa Arte 351","image":{"@type":"ImageObject","inLanguage":"pt-BR","@id":"https:\/\/secure.gravatar.com\/avatar\/3f97e62c832ede8fafe5d2f9e31f8a055e187b6b31056d1e065d95e034db52e2?s=96&d=mm&r=g","url":"https:\/\/secure.gravatar.com\/avatar\/3f97e62c832ede8fafe5d2f9e31f8a055e187b6b31056d1e065d95e034db52e2?s=96&d=mm&r=g","contentUrl":"https:\/\/secure.gravatar.com\/avatar\/3f97e62c832ede8fafe5d2f9e31f8a055e187b6b31056d1e065d95e034db52e2?s=96&d=mm&r=g","caption":"Equipa Arte 351"},"url":"https:\/\/arte351.pt\/art\/author\/admin2\/"}]}},"_links":{"self":[{"href":"https:\/\/arte351.pt\/art\/wp-json\/wp\/v2\/posts\/1205","targetHints":{"allow":["GET"]}}],"collection":[{"href":"https:\/\/arte351.pt\/art\/wp-json\/wp\/v2\/posts"}],"about":[{"href":"https:\/\/arte351.pt\/art\/wp-json\/wp\/v2\/types\/post"}],"author":[{"embeddable":true,"href":"https:\/\/arte351.pt\/art\/wp-json\/wp\/v2\/users\/34415"}],"replies":[{"embeddable":true,"href":"https:\/\/arte351.pt\/art\/wp-json\/wp\/v2\/comments?post=1205"}],"version-history":[{"count":2,"href":"https:\/\/arte351.pt\/art\/wp-json\/wp\/v2\/posts\/1205\/revisions"}],"predecessor-version":[{"id":1208,"href":"https:\/\/arte351.pt\/art\/wp-json\/wp\/v2\/posts\/1205\/revisions\/1208"}],"wp:featuredmedia":[{"embeddable":true,"href":"https:\/\/arte351.pt\/art\/wp-json\/wp\/v2\/media\/1206"}],"wp:attachment":[{"href":"https:\/\/arte351.pt\/art\/wp-json\/wp\/v2\/media?parent=1205"}],"wp:term":[{"taxonomy":"category","embeddable":true,"href":"https:\/\/arte351.pt\/art\/wp-json\/wp\/v2\/categories?post=1205"},{"taxonomy":"post_tag","embeddable":true,"href":"https:\/\/arte351.pt\/art\/wp-json\/wp\/v2\/tags?post=1205"}],"curies":[{"name":"wp","href":"https:\/\/api.w.org\/{rel}","templated":true}]}}