{"id":1213,"date":"2016-11-17T15:29:11","date_gmt":"2016-11-17T15:29:11","guid":{"rendered":"http:\/\/arte351.pt\/art\/?p=1213"},"modified":"2016-11-29T15:35:46","modified_gmt":"2016-11-29T15:35:46","slug":"na-biblioteca-nacional-brasil","status":"publish","type":"post","link":"https:\/\/arte351.pt\/art\/2016\/11\/17\/na-biblioteca-nacional-brasil\/","title":{"rendered":"NA BIBLIOTECA NACIONAL (BRASIL)"},"content":{"rendered":"<p style=\"text-align: justify;\">O artista pl\u00e1stico Marcos Duprat inaugura a exposi\u00e7\u00e3o \u201cLimites\u201d no Espa\u00e7o Cultural Eliseu Visconti, na Biblioteca Nacional, Centro, Rio de Janeiro, RJ. A mostra re\u00fane 60 obras sobre papel e tela que abordam as transforma\u00e7\u00f5es do artista em sua linguagem pict\u00f3rica da figura\u00e7\u00e3o \u2013 ou da imagem que descreve a realidade vis\u00edvel \u2013 para a cria\u00e7\u00e3o de espa\u00e7os e paisagens on\u00edricas e crom\u00e1ticas. Ap\u00f3s um per\u00edodo de oito anos, de sua \u00faltima exposi\u00e7\u00e3o no Rio de Janeiro, e uma perman\u00eancia de tr\u00eas anos no Nepal, Duprat reencontra o p\u00fablico carioca nessa mostra que ilustra etapas de seu amadurecimento e transforma\u00e7\u00e3o de sua linguagem pl\u00e1stica ao longo de 40 anos de trabalho.<\/p>\n<figure class=\"thumbnail wp-caption alignleft\" style=\"width: 360px\"><img fetchpriority=\"high\" decoding=\"async\" class=\"\" src=\"http:\/\/www.bolsadearte.com\/oparalelo\/wp-content\/uploads\/2016\/11\/Figura-no-Est%C3%BAdio-Marcos-Duprat-c%C3%B3pia.jpg\" alt=\"Figura no Est\u00fadio - Marcos-Duprat\" width=\"350\" height=\"679\" \/><figcaption class=\"caption wp-caption-text\">Figura no Est\u00fadio &#8211; Marcos-Duprat<\/figcaption><\/figure>\n<p>Dentre as obras expostas, algumas s\u00e3o datadas de d\u00e9cadas anteriores como cita\u00e7\u00f5es dos desdobramentos a partir da virada do s\u00e9culo. As obras recentes apresentam radical renova\u00e7\u00e3o. A t\u00e9cnica de Duprat \u00e9 a velatura, em que a cor resulta da superposi\u00e7\u00e3o de pigmentos em camadas. Nas telas o meio empregado \u00e9 o \u00f3leo, enquanto no papel usa \u00f3leo, pastel oleoso, aquarela e l\u00e1pis.<\/p>\n<p>A mostra, que foi exibida anteriormente no MUBE, Museu Brasileiro da Escultura, em S\u00e3o Paulo, vem acompanhada do livro \u201cLimites\/Boundaries\u201d, editado em 2015, e de novo cat\u00e1logo editado pela Biblioteca Nacional. No texto de apresenta\u00e7\u00e3o do livro, Vera Pedrosa assinala a transforma\u00e7\u00e3o na obra de Marcos Duprat a partir dos seis anos de sua perman\u00eancia no Jap\u00e3o, de 2000 a 2006, quando sua pintura sai do ateli\u00ea e se volta para a descri\u00e7\u00e3o da natureza com renovado vigor. Desde 2008, Duprat tem seu ateli\u00ea no Rio de Janeiro, e seu acervo pessoal conta com um n\u00famero expressivo de pinturas, trabalhos sobre papel, desenhos, fotografias e esculturas.<\/p>\n<p style=\"text-align: justify;\"><strong>Sobre o artista17<\/strong><\/p>\n<figure class=\"thumbnail wp-caption alignright\" style=\"width: 360px\"><img decoding=\"async\" class=\"\" src=\"http:\/\/www.bolsadearte.com\/oparalelo\/wp-content\/uploads\/2016\/11\/Limites-II-Marcos-Duprat-c%C3%B3pia.jpg\" alt=\"Limites II - Marcos Duprat\" width=\"350\" height=\"673\" \/><figcaption class=\"caption wp-caption-text\">Limites II &#8211; Marcos Duprat<\/figcaption><\/figure>\n<p style=\"text-align: justify;\">Nascido no Rio de Janeiro em 1944, Marcos Duprat manteve ao longo de sua vida diplom\u00e1tica a const\u00e2ncia e o fluxo de sua obra. Com sua forma\u00e7\u00e3o art\u00edstica iniciada no MAM do Rio de Janeiro, prosseguiu com o mestrado em Belas Artes em Washington, D.C, onde fez sua primeira individual, em 1977. Realizou in\u00fameras mostras individuais no Brasil, dentre as quais MASP (1979 e 1988), MAC (1995), Pinacoteca do Estado de S\u00e3o Paulo (2006) e no MUBE, Museu Brasileiro da Escultura (2015), S\u00e3o Paulo. No Rio de Janeiro cabe destacar Centro Cultural Correios (1995 e 2008), Instituto Cultural Villa Maurina (1996) e CCBB (1999). No exterior realizou tamb\u00e9m in\u00fameras exposi\u00e7\u00f5es em museus, dentre os quais o Centro Culturale San Fedele, Mil\u00e3o (1990), Museu Nacional da Hungria (1993), Museo de Arte Contemporaneo de Montevid\u00e9u (1999), Teien Metropolitan Art Museum, T\u00f3quio (2003), e a Sidhartha Art Foundation em Kathmandu (2013).<\/p>\n<p><em><strong>De 22 de novembro a 17 de fevereiro de 2017.<\/strong><\/em><\/p>\n<p>&nbsp;<\/p>\n<h5 style=\"text-align: justify;\"><em><a href=\"https:\/\/arte351.pt\/art\/category\/colunistas-2\/colunistas\/\"><img decoding=\"async\" class=\"alignleft wp-image-398\" src=\"https:\/\/arte351.pt\/art\/wp-content\/uploads\/2016\/03\/avatar_renato_rosa-300x300.jpg\" alt=\"avatar_renato_rosa\" width=\"80\" height=\"80\" srcset=\"https:\/\/arte351.pt\/art\/wp-content\/uploads\/2016\/03\/avatar_renato_rosa-300x300.jpg 300w, https:\/\/arte351.pt\/art\/wp-content\/uploads\/2016\/03\/avatar_renato_rosa-150x150.jpg 150w, https:\/\/arte351.pt\/art\/wp-content\/uploads\/2016\/03\/avatar_renato_rosa.jpg 600w\" sizes=\"(max-width: 80px) 100vw, 80px\" \/><\/a><\/em><\/h5>\n<h5 style=\"text-align: justify;\"><em><a href=\"https:\/\/arte351.pt\/art\/category\/colunistas-2\/colunistas\/\">Coluna &#8211; <b class=\"gmail_sendername\">Renato Rosa<\/b><\/a><\/em><\/h5>\n<div>\n<h5 style=\"text-align: justify;\">Renato Rosa, brasileiro, S\u00e3o Gabriel, RS, Brasil, 1946. Marchand, pesquisador, editor do jornal cultural O PARALELO do site <a href=\"http:\/\/www.bolsadearte.com\/oparalelo\" target=\"_blank\">www.bolsadearte.com\/<wbr \/>oparalelo<\/a>, co-autor do \u201cDicion\u00e1rio de Artes Pl\u00e1sticas no Rio Grande do Sul\u201d, (2\u00aa edi\u00e7\u00e3o, 2000, esgotada) Editora da Universidade\/UFRGS.<\/h5>\n<\/div>\n","protected":false},"excerpt":{"rendered":"<p>O artista pl\u00e1stico Marcos Duprat inaugura a exposi\u00e7\u00e3o \u201cLimites\u201d no Espa\u00e7o Cultural Eliseu Visconti, na Biblioteca Nacional, Centro, Rio de Janeiro, RJ. A mostra re\u00fane 60 obras sobre papel e [&hellip;]<\/p>\n","protected":false},"author":34415,"featured_media":1214,"comment_status":"open","ping_status":"open","sticky":false,"template":"","format":"standard","meta":{"_exactmetrics_skip_tracking":false,"_exactmetrics_sitenote_active":false,"_exactmetrics_sitenote_note":"","_exactmetrics_sitenote_category":0,"_uf_show_specific_survey":0,"_uf_disable_surveys":false,"footnotes":""},"categories":[7],"tags":[],"class_list":["post-1213","post","type-post","status-publish","format-standard","has-post-thumbnail","hentry","category-colunistas"],"yoast_head":"<!-- This site is optimized with the Yoast SEO plugin v27.3 - https:\/\/yoast.com\/product\/yoast-seo-wordpress\/ -->\n<title>NA BIBLIOTECA NACIONAL (BRASIL) - Arte351 - Art Magazine Portugal<\/title>\n<meta name=\"robots\" content=\"index, follow, max-snippet:-1, max-image-preview:large, max-video-preview:-1\" \/>\n<link rel=\"canonical\" href=\"https:\/\/arte351.pt\/art\/2016\/11\/17\/na-biblioteca-nacional-brasil\/\" \/>\n<meta property=\"og:locale\" content=\"pt_BR\" \/>\n<meta property=\"og:type\" content=\"article\" \/>\n<meta property=\"og:title\" content=\"NA BIBLIOTECA NACIONAL (BRASIL) - Arte351 - Art Magazine Portugal\" \/>\n<meta property=\"og:description\" content=\"O artista pl\u00e1stico Marcos Duprat inaugura a exposi\u00e7\u00e3o \u201cLimites\u201d no Espa\u00e7o Cultural Eliseu Visconti, na Biblioteca Nacional, Centro, Rio de Janeiro, RJ. A mostra re\u00fane 60 obras sobre papel e [&hellip;]\" \/>\n<meta property=\"og:url\" content=\"https:\/\/arte351.pt\/art\/2016\/11\/17\/na-biblioteca-nacional-brasil\/\" \/>\n<meta property=\"og:site_name\" content=\"Arte351 - Art Magazine Portugal\" \/>\n<meta property=\"article:publisher\" content=\"https:\/\/www.facebook.com\/arte351magazine\/\" \/>\n<meta property=\"article:published_time\" content=\"2016-11-17T15:29:11+00:00\" \/>\n<meta property=\"article:modified_time\" content=\"2016-11-29T15:35:46+00:00\" \/>\n<meta property=\"og:image\" content=\"https:\/\/arte351.pt\/art\/wp-content\/uploads\/2016\/11\/arte-351-interior-marcos-duprat001.jpg\" \/>\n\t<meta property=\"og:image:width\" content=\"1280\" \/>\n\t<meta property=\"og:image:height\" content=\"600\" \/>\n\t<meta property=\"og:image:type\" content=\"image\/jpeg\" \/>\n<meta name=\"author\" content=\"Equipa Arte 351\" \/>\n<meta name=\"twitter:label1\" content=\"Escrito por\" \/>\n\t<meta name=\"twitter:data1\" content=\"Equipa Arte 351\" \/>\n\t<meta name=\"twitter:label2\" content=\"Est. tempo de leitura\" \/>\n\t<meta name=\"twitter:data2\" content=\"3 minutos\" \/>\n<script type=\"application\/ld+json\" class=\"yoast-schema-graph\">{\"@context\":\"https:\\\/\\\/schema.org\",\"@graph\":[{\"@type\":\"Article\",\"@id\":\"https:\\\/\\\/arte351.pt\\\/art\\\/2016\\\/11\\\/17\\\/na-biblioteca-nacional-brasil\\\/#article\",\"isPartOf\":{\"@id\":\"https:\\\/\\\/arte351.pt\\\/art\\\/2016\\\/11\\\/17\\\/na-biblioteca-nacional-brasil\\\/\"},\"author\":{\"name\":\"Equipa Arte 351\",\"@id\":\"https:\\\/\\\/arte351.pt\\\/art\\\/#\\\/schema\\\/person\\\/1d081d5dbc7c2a3f2317da95c823a5bd\"},\"headline\":\"NA BIBLIOTECA NACIONAL (BRASIL)\",\"datePublished\":\"2016-11-17T15:29:11+00:00\",\"dateModified\":\"2016-11-29T15:35:46+00:00\",\"mainEntityOfPage\":{\"@id\":\"https:\\\/\\\/arte351.pt\\\/art\\\/2016\\\/11\\\/17\\\/na-biblioteca-nacional-brasil\\\/\"},\"wordCount\":536,\"commentCount\":0,\"publisher\":{\"@id\":\"https:\\\/\\\/arte351.pt\\\/art\\\/#organization\"},\"image\":{\"@id\":\"https:\\\/\\\/arte351.pt\\\/art\\\/2016\\\/11\\\/17\\\/na-biblioteca-nacional-brasil\\\/#primaryimage\"},\"thumbnailUrl\":\"https:\\\/\\\/arte351.pt\\\/art\\\/wp-content\\\/uploads\\\/2016\\\/11\\\/arte-351-interior-marcos-duprat001.jpg\",\"articleSection\":[\"Coluna - Renato Rosa\"],\"inLanguage\":\"pt-BR\",\"potentialAction\":[{\"@type\":\"CommentAction\",\"name\":\"Comment\",\"target\":[\"https:\\\/\\\/arte351.pt\\\/art\\\/2016\\\/11\\\/17\\\/na-biblioteca-nacional-brasil\\\/#respond\"]}]},{\"@type\":\"WebPage\",\"@id\":\"https:\\\/\\\/arte351.pt\\\/art\\\/2016\\\/11\\\/17\\\/na-biblioteca-nacional-brasil\\\/\",\"url\":\"https:\\\/\\\/arte351.pt\\\/art\\\/2016\\\/11\\\/17\\\/na-biblioteca-nacional-brasil\\\/\",\"name\":\"NA BIBLIOTECA NACIONAL (BRASIL) - Arte351 - Art Magazine Portugal\",\"isPartOf\":{\"@id\":\"https:\\\/\\\/arte351.pt\\\/art\\\/#website\"},\"primaryImageOfPage\":{\"@id\":\"https:\\\/\\\/arte351.pt\\\/art\\\/2016\\\/11\\\/17\\\/na-biblioteca-nacional-brasil\\\/#primaryimage\"},\"image\":{\"@id\":\"https:\\\/\\\/arte351.pt\\\/art\\\/2016\\\/11\\\/17\\\/na-biblioteca-nacional-brasil\\\/#primaryimage\"},\"thumbnailUrl\":\"https:\\\/\\\/arte351.pt\\\/art\\\/wp-content\\\/uploads\\\/2016\\\/11\\\/arte-351-interior-marcos-duprat001.jpg\",\"datePublished\":\"2016-11-17T15:29:11+00:00\",\"dateModified\":\"2016-11-29T15:35:46+00:00\",\"breadcrumb\":{\"@id\":\"https:\\\/\\\/arte351.pt\\\/art\\\/2016\\\/11\\\/17\\\/na-biblioteca-nacional-brasil\\\/#breadcrumb\"},\"inLanguage\":\"pt-BR\",\"potentialAction\":[{\"@type\":\"ReadAction\",\"target\":[\"https:\\\/\\\/arte351.pt\\\/art\\\/2016\\\/11\\\/17\\\/na-biblioteca-nacional-brasil\\\/\"]}]},{\"@type\":\"ImageObject\",\"inLanguage\":\"pt-BR\",\"@id\":\"https:\\\/\\\/arte351.pt\\\/art\\\/2016\\\/11\\\/17\\\/na-biblioteca-nacional-brasil\\\/#primaryimage\",\"url\":\"https:\\\/\\\/arte351.pt\\\/art\\\/wp-content\\\/uploads\\\/2016\\\/11\\\/arte-351-interior-marcos-duprat001.jpg\",\"contentUrl\":\"https:\\\/\\\/arte351.pt\\\/art\\\/wp-content\\\/uploads\\\/2016\\\/11\\\/arte-351-interior-marcos-duprat001.jpg\",\"width\":1280,\"height\":600},{\"@type\":\"BreadcrumbList\",\"@id\":\"https:\\\/\\\/arte351.pt\\\/art\\\/2016\\\/11\\\/17\\\/na-biblioteca-nacional-brasil\\\/#breadcrumb\",\"itemListElement\":[{\"@type\":\"ListItem\",\"position\":1,\"name\":\"In\u00edcio\",\"item\":\"https:\\\/\\\/arte351.pt\\\/art\\\/\"},{\"@type\":\"ListItem\",\"position\":2,\"name\":\"NA BIBLIOTECA NACIONAL (BRASIL)\"}]},{\"@type\":\"WebSite\",\"@id\":\"https:\\\/\\\/arte351.pt\\\/art\\\/#website\",\"url\":\"https:\\\/\\\/arte351.pt\\\/art\\\/\",\"name\":\"Arte351 - Art Magazine Portugal\",\"description\":\"\",\"publisher\":{\"@id\":\"https:\\\/\\\/arte351.pt\\\/art\\\/#organization\"},\"potentialAction\":[{\"@type\":\"SearchAction\",\"target\":{\"@type\":\"EntryPoint\",\"urlTemplate\":\"https:\\\/\\\/arte351.pt\\\/art\\\/?s={search_term_string}\"},\"query-input\":{\"@type\":\"PropertyValueSpecification\",\"valueRequired\":true,\"valueName\":\"search_term_string\"}}],\"inLanguage\":\"pt-BR\"},{\"@type\":\"Organization\",\"@id\":\"https:\\\/\\\/arte351.pt\\\/art\\\/#organization\",\"name\":\"Arte351 - Art Magazine Portugal\",\"url\":\"https:\\\/\\\/arte351.pt\\\/art\\\/\",\"logo\":{\"@type\":\"ImageObject\",\"inLanguage\":\"pt-BR\",\"@id\":\"https:\\\/\\\/arte351.pt\\\/art\\\/#\\\/schema\\\/logo\\\/image\\\/\",\"url\":\"https:\\\/\\\/arte351.pt\\\/art\\\/wp-content\\\/uploads\\\/2020\\\/03\\\/cropped-logo-arte351-color.png\",\"contentUrl\":\"https:\\\/\\\/arte351.pt\\\/art\\\/wp-content\\\/uploads\\\/2020\\\/03\\\/cropped-logo-arte351-color.png\",\"width\":514,\"height\":200,\"caption\":\"Arte351 - Art Magazine Portugal\"},\"image\":{\"@id\":\"https:\\\/\\\/arte351.pt\\\/art\\\/#\\\/schema\\\/logo\\\/image\\\/\"},\"sameAs\":[\"https:\\\/\\\/www.facebook.com\\\/arte351magazine\\\/\"]},{\"@type\":\"Person\",\"@id\":\"https:\\\/\\\/arte351.pt\\\/art\\\/#\\\/schema\\\/person\\\/1d081d5dbc7c2a3f2317da95c823a5bd\",\"name\":\"Equipa Arte 351\",\"image\":{\"@type\":\"ImageObject\",\"inLanguage\":\"pt-BR\",\"@id\":\"https:\\\/\\\/secure.gravatar.com\\\/avatar\\\/3f97e62c832ede8fafe5d2f9e31f8a055e187b6b31056d1e065d95e034db52e2?s=96&d=mm&r=g\",\"url\":\"https:\\\/\\\/secure.gravatar.com\\\/avatar\\\/3f97e62c832ede8fafe5d2f9e31f8a055e187b6b31056d1e065d95e034db52e2?s=96&d=mm&r=g\",\"contentUrl\":\"https:\\\/\\\/secure.gravatar.com\\\/avatar\\\/3f97e62c832ede8fafe5d2f9e31f8a055e187b6b31056d1e065d95e034db52e2?s=96&d=mm&r=g\",\"caption\":\"Equipa Arte 351\"},\"url\":\"https:\\\/\\\/arte351.pt\\\/art\\\/author\\\/admin2\\\/\"}]}<\/script>\n<!-- \/ Yoast SEO plugin. -->","yoast_head_json":{"title":"NA BIBLIOTECA NACIONAL (BRASIL) - Arte351 - Art Magazine Portugal","robots":{"index":"index","follow":"follow","max-snippet":"max-snippet:-1","max-image-preview":"max-image-preview:large","max-video-preview":"max-video-preview:-1"},"canonical":"https:\/\/arte351.pt\/art\/2016\/11\/17\/na-biblioteca-nacional-brasil\/","og_locale":"pt_BR","og_type":"article","og_title":"NA BIBLIOTECA NACIONAL (BRASIL) - Arte351 - Art Magazine Portugal","og_description":"O artista pl\u00e1stico Marcos Duprat inaugura a exposi\u00e7\u00e3o \u201cLimites\u201d no Espa\u00e7o Cultural Eliseu Visconti, na Biblioteca Nacional, Centro, Rio de Janeiro, RJ. A mostra re\u00fane 60 obras sobre papel e [&hellip;]","og_url":"https:\/\/arte351.pt\/art\/2016\/11\/17\/na-biblioteca-nacional-brasil\/","og_site_name":"Arte351 - Art Magazine Portugal","article_publisher":"https:\/\/www.facebook.com\/arte351magazine\/","article_published_time":"2016-11-17T15:29:11+00:00","article_modified_time":"2016-11-29T15:35:46+00:00","og_image":[{"width":1280,"height":600,"url":"https:\/\/arte351.pt\/art\/wp-content\/uploads\/2016\/11\/arte-351-interior-marcos-duprat001.jpg","type":"image\/jpeg"}],"author":"Equipa Arte 351","twitter_misc":{"Escrito por":"Equipa Arte 351","Est. tempo de leitura":"3 minutos"},"schema":{"@context":"https:\/\/schema.org","@graph":[{"@type":"Article","@id":"https:\/\/arte351.pt\/art\/2016\/11\/17\/na-biblioteca-nacional-brasil\/#article","isPartOf":{"@id":"https:\/\/arte351.pt\/art\/2016\/11\/17\/na-biblioteca-nacional-brasil\/"},"author":{"name":"Equipa Arte 351","@id":"https:\/\/arte351.pt\/art\/#\/schema\/person\/1d081d5dbc7c2a3f2317da95c823a5bd"},"headline":"NA BIBLIOTECA NACIONAL (BRASIL)","datePublished":"2016-11-17T15:29:11+00:00","dateModified":"2016-11-29T15:35:46+00:00","mainEntityOfPage":{"@id":"https:\/\/arte351.pt\/art\/2016\/11\/17\/na-biblioteca-nacional-brasil\/"},"wordCount":536,"commentCount":0,"publisher":{"@id":"https:\/\/arte351.pt\/art\/#organization"},"image":{"@id":"https:\/\/arte351.pt\/art\/2016\/11\/17\/na-biblioteca-nacional-brasil\/#primaryimage"},"thumbnailUrl":"https:\/\/arte351.pt\/art\/wp-content\/uploads\/2016\/11\/arte-351-interior-marcos-duprat001.jpg","articleSection":["Coluna - Renato Rosa"],"inLanguage":"pt-BR","potentialAction":[{"@type":"CommentAction","name":"Comment","target":["https:\/\/arte351.pt\/art\/2016\/11\/17\/na-biblioteca-nacional-brasil\/#respond"]}]},{"@type":"WebPage","@id":"https:\/\/arte351.pt\/art\/2016\/11\/17\/na-biblioteca-nacional-brasil\/","url":"https:\/\/arte351.pt\/art\/2016\/11\/17\/na-biblioteca-nacional-brasil\/","name":"NA BIBLIOTECA NACIONAL (BRASIL) - Arte351 - Art Magazine Portugal","isPartOf":{"@id":"https:\/\/arte351.pt\/art\/#website"},"primaryImageOfPage":{"@id":"https:\/\/arte351.pt\/art\/2016\/11\/17\/na-biblioteca-nacional-brasil\/#primaryimage"},"image":{"@id":"https:\/\/arte351.pt\/art\/2016\/11\/17\/na-biblioteca-nacional-brasil\/#primaryimage"},"thumbnailUrl":"https:\/\/arte351.pt\/art\/wp-content\/uploads\/2016\/11\/arte-351-interior-marcos-duprat001.jpg","datePublished":"2016-11-17T15:29:11+00:00","dateModified":"2016-11-29T15:35:46+00:00","breadcrumb":{"@id":"https:\/\/arte351.pt\/art\/2016\/11\/17\/na-biblioteca-nacional-brasil\/#breadcrumb"},"inLanguage":"pt-BR","potentialAction":[{"@type":"ReadAction","target":["https:\/\/arte351.pt\/art\/2016\/11\/17\/na-biblioteca-nacional-brasil\/"]}]},{"@type":"ImageObject","inLanguage":"pt-BR","@id":"https:\/\/arte351.pt\/art\/2016\/11\/17\/na-biblioteca-nacional-brasil\/#primaryimage","url":"https:\/\/arte351.pt\/art\/wp-content\/uploads\/2016\/11\/arte-351-interior-marcos-duprat001.jpg","contentUrl":"https:\/\/arte351.pt\/art\/wp-content\/uploads\/2016\/11\/arte-351-interior-marcos-duprat001.jpg","width":1280,"height":600},{"@type":"BreadcrumbList","@id":"https:\/\/arte351.pt\/art\/2016\/11\/17\/na-biblioteca-nacional-brasil\/#breadcrumb","itemListElement":[{"@type":"ListItem","position":1,"name":"In\u00edcio","item":"https:\/\/arte351.pt\/art\/"},{"@type":"ListItem","position":2,"name":"NA BIBLIOTECA NACIONAL (BRASIL)"}]},{"@type":"WebSite","@id":"https:\/\/arte351.pt\/art\/#website","url":"https:\/\/arte351.pt\/art\/","name":"Arte351 - Art Magazine Portugal","description":"","publisher":{"@id":"https:\/\/arte351.pt\/art\/#organization"},"potentialAction":[{"@type":"SearchAction","target":{"@type":"EntryPoint","urlTemplate":"https:\/\/arte351.pt\/art\/?s={search_term_string}"},"query-input":{"@type":"PropertyValueSpecification","valueRequired":true,"valueName":"search_term_string"}}],"inLanguage":"pt-BR"},{"@type":"Organization","@id":"https:\/\/arte351.pt\/art\/#organization","name":"Arte351 - Art Magazine Portugal","url":"https:\/\/arte351.pt\/art\/","logo":{"@type":"ImageObject","inLanguage":"pt-BR","@id":"https:\/\/arte351.pt\/art\/#\/schema\/logo\/image\/","url":"https:\/\/arte351.pt\/art\/wp-content\/uploads\/2020\/03\/cropped-logo-arte351-color.png","contentUrl":"https:\/\/arte351.pt\/art\/wp-content\/uploads\/2020\/03\/cropped-logo-arte351-color.png","width":514,"height":200,"caption":"Arte351 - Art Magazine Portugal"},"image":{"@id":"https:\/\/arte351.pt\/art\/#\/schema\/logo\/image\/"},"sameAs":["https:\/\/www.facebook.com\/arte351magazine\/"]},{"@type":"Person","@id":"https:\/\/arte351.pt\/art\/#\/schema\/person\/1d081d5dbc7c2a3f2317da95c823a5bd","name":"Equipa Arte 351","image":{"@type":"ImageObject","inLanguage":"pt-BR","@id":"https:\/\/secure.gravatar.com\/avatar\/3f97e62c832ede8fafe5d2f9e31f8a055e187b6b31056d1e065d95e034db52e2?s=96&d=mm&r=g","url":"https:\/\/secure.gravatar.com\/avatar\/3f97e62c832ede8fafe5d2f9e31f8a055e187b6b31056d1e065d95e034db52e2?s=96&d=mm&r=g","contentUrl":"https:\/\/secure.gravatar.com\/avatar\/3f97e62c832ede8fafe5d2f9e31f8a055e187b6b31056d1e065d95e034db52e2?s=96&d=mm&r=g","caption":"Equipa Arte 351"},"url":"https:\/\/arte351.pt\/art\/author\/admin2\/"}]}},"_links":{"self":[{"href":"https:\/\/arte351.pt\/art\/wp-json\/wp\/v2\/posts\/1213","targetHints":{"allow":["GET"]}}],"collection":[{"href":"https:\/\/arte351.pt\/art\/wp-json\/wp\/v2\/posts"}],"about":[{"href":"https:\/\/arte351.pt\/art\/wp-json\/wp\/v2\/types\/post"}],"author":[{"embeddable":true,"href":"https:\/\/arte351.pt\/art\/wp-json\/wp\/v2\/users\/34415"}],"replies":[{"embeddable":true,"href":"https:\/\/arte351.pt\/art\/wp-json\/wp\/v2\/comments?post=1213"}],"version-history":[{"count":1,"href":"https:\/\/arte351.pt\/art\/wp-json\/wp\/v2\/posts\/1213\/revisions"}],"predecessor-version":[{"id":1215,"href":"https:\/\/arte351.pt\/art\/wp-json\/wp\/v2\/posts\/1213\/revisions\/1215"}],"wp:featuredmedia":[{"embeddable":true,"href":"https:\/\/arte351.pt\/art\/wp-json\/wp\/v2\/media\/1214"}],"wp:attachment":[{"href":"https:\/\/arte351.pt\/art\/wp-json\/wp\/v2\/media?parent=1213"}],"wp:term":[{"taxonomy":"category","embeddable":true,"href":"https:\/\/arte351.pt\/art\/wp-json\/wp\/v2\/categories?post=1213"},{"taxonomy":"post_tag","embeddable":true,"href":"https:\/\/arte351.pt\/art\/wp-json\/wp\/v2\/tags?post=1213"}],"curies":[{"name":"wp","href":"https:\/\/api.w.org\/{rel}","templated":true}]}}