{"id":1216,"date":"2016-11-18T12:00:23","date_gmt":"2016-11-18T12:00:23","guid":{"rendered":"http:\/\/arte351.pt\/art\/?p=1216"},"modified":"2016-11-29T16:00:45","modified_gmt":"2016-11-29T16:00:45","slug":"duas-exposicoes-em-salvador","status":"publish","type":"post","link":"https:\/\/arte351.pt\/art\/2016\/11\/18\/duas-exposicoes-em-salvador\/","title":{"rendered":"DUAS EXPOSI\u00c7\u00d5ES EM SALVADOR"},"content":{"rendered":"<figure class=\"thumbnail wp-caption alignleft\" style=\"width: 310px\"><img fetchpriority=\"high\" decoding=\"async\" class=\"\" src=\"http:\/\/www.bolsadearte.com\/oparalelo\/wp-content\/uploads\/2016\/11\/Escultura-de-M%C3%A1rio-Vasconcelos.jpg\" alt=\"M\u00e1rio Vasconcelos\" width=\"300\" height=\"348\" \/><figcaption class=\"caption wp-caption-text\">M\u00e1rio Vasconcelos<\/figcaption><\/figure>\n<p style=\"text-align: justify;\">O Museu Nacional da Cultura Afro-Brasileira, Salvador, BA, abre nesta sexta-feira, dia 18 de novembro, \u00e0s 18 horas, a programa\u00e7\u00e3o do \u201cZumbido no Muncab\u201d. Os primeiros eventos s\u00e3o as exposi\u00e7\u00f5es \u201cImagens da Ancestralidade em Tramas da Pele\u201d, de autoria da artista Aislane Nobre, e \u201cSal\u00e3o de Doa\u00e7\u00f5es\u201d, que re\u00fane obras doadas ao museu por artistas baianos, incluindo nomes como Emanoel Ara\u00fajo, Juarez Paraiso, Cesar Romero, Justino Marinho, J. Cunha, Gra\u00e7a Ramos e M\u00e1rio Vasconcelos.<\/p>\n<p style=\"text-align: justify;\">A oficina \u201cTramas da Pele\u201d, a partir do dia 22 de novembro, d\u00e1 continuidade \u00e0 programa\u00e7\u00e3o do \u201cZumbido no Muncab\u201d. A oficina, conduzida por artista Aislane Nobre, investiga e busca refletir sobre a cor da pele e suas rela\u00e7\u00f5es com as limita\u00e7\u00f5es das cores comercializadas no mercado art\u00edstico nacional. O show de Paulinho da Viola vem a seguir, no dia 25. Ser\u00e1 um espet\u00e1culo exclusivo idealizado pelo artista, com participa\u00e7\u00e3o de 17 m\u00fasicos, para angariar recursos visando a finaliza\u00e7\u00e3o do processo de constru\u00e7\u00e3o do Muncab.<\/p>\n<figure class=\"thumbnail wp-caption aligncenter\" style=\"width: 685px\"><img decoding=\"async\" class=\"\" src=\"http:\/\/www.bolsadearte.com\/oparalelo\/wp-content\/uploads\/2016\/11\/Justino-Marinho.jpg\" alt=\"Justino Marinho\" width=\"675\" height=\"563\" \/><figcaption class=\"caption wp-caption-text\">Justino Marinho<\/figcaption><\/figure>\n<figure class=\"thumbnail wp-caption alignright\" style=\"width: 310px\"><img decoding=\"async\" class=\"\" src=\"http:\/\/www.bolsadearte.com\/oparalelo\/wp-content\/uploads\/2016\/11\/Juarez-Paraiso.jpg\" alt=\"Juarez Paraiso\" width=\"300\" height=\"581\" \/><figcaption class=\"caption wp-caption-text\">Juarez Paraiso<\/figcaption><\/figure>\n<p style=\"text-align: justify;\">A programa\u00e7\u00e3o ainda contar\u00e1 com uma Mesa de Conversa, no dia 30 de novembro, tendo como tem\u00e1tica \u201cOs desafios da educa\u00e7\u00e3o e as a\u00e7\u00f5es afirmativas\u201d, e o lan\u00e7amento, no dia 07 de dezembro, do projeto \u201cN\u00f3s, Transatl\u00e2nticos\u201d, idealizado pelo diretor teatral e professor Paulo Dourado, com a curadoria de Jos\u00e9 Carlos Capinam (presidente da AMAFRO \u2013 Associa\u00e7\u00e3o de Amigos da Cultura Afro-Brasileira), Jaime Sodr\u00e9 (professor e PhD em Hist\u00f3ria da Cultura Negra) e Jo\u00e3o Jorge Rodrigues (presidente do Olodum). A proposta do projeto \u00e9 criar um site sobre o legado africano no Brasil e na Bahia, porto dos primeiros navios negreiros desembarcados no pa\u00eds e foco de uma cultura que se constituiu e se fortaleceu ao longo da hist\u00f3ria.<\/p>\n<p>&nbsp;<\/p>\n<h5 style=\"text-align: justify;\"><em><a href=\"https:\/\/arte351.pt\/art\/category\/colunistas-2\/colunistas\/\"><img loading=\"lazy\" decoding=\"async\" class=\"alignleft wp-image-398\" src=\"https:\/\/arte351.pt\/art\/wp-content\/uploads\/2016\/03\/avatar_renato_rosa-300x300.jpg\" alt=\"avatar_renato_rosa\" width=\"80\" height=\"80\" srcset=\"https:\/\/arte351.pt\/art\/wp-content\/uploads\/2016\/03\/avatar_renato_rosa-300x300.jpg 300w, https:\/\/arte351.pt\/art\/wp-content\/uploads\/2016\/03\/avatar_renato_rosa-150x150.jpg 150w, https:\/\/arte351.pt\/art\/wp-content\/uploads\/2016\/03\/avatar_renato_rosa.jpg 600w\" sizes=\"(max-width: 80px) 100vw, 80px\" \/><\/a><\/em><\/h5>\n<h5 style=\"text-align: justify;\"><em><a href=\"https:\/\/arte351.pt\/art\/category\/colunistas-2\/colunistas\/\">Coluna &#8211; <b class=\"gmail_sendername\">Renato Rosa<\/b><\/a><\/em><\/h5>\n<div>\n<h5 style=\"text-align: justify;\">Renato Rosa, brasileiro, S\u00e3o Gabriel, RS, Brasil, 1946. Marchand, pesquisador, editor do jornal cultural O PARALELO do site <a href=\"http:\/\/www.bolsadearte.com\/oparalelo\" target=\"_blank\">www.bolsadearte.com\/<wbr \/>oparalelo<\/a>, co-autor do \u201cDicion\u00e1rio de Artes Pl\u00e1sticas no Rio Grande do Sul\u201d, (2\u00aa edi\u00e7\u00e3o, 2000, esgotada) Editora da Universidade\/UFRGS.<\/h5>\n<\/div>\n","protected":false},"excerpt":{"rendered":"<p>O Museu Nacional da Cultura Afro-Brasileira, Salvador, BA, abre nesta sexta-feira, dia 18 de novembro, \u00e0s 18 horas, a programa\u00e7\u00e3o do \u201cZumbido no Muncab\u201d. Os primeiros eventos s\u00e3o as exposi\u00e7\u00f5es [&hellip;]<\/p>\n","protected":false},"author":34415,"featured_media":1217,"comment_status":"open","ping_status":"open","sticky":false,"template":"","format":"standard","meta":{"_exactmetrics_skip_tracking":false,"_exactmetrics_sitenote_active":false,"_exactmetrics_sitenote_note":"","_exactmetrics_sitenote_category":0,"_uf_show_specific_survey":0,"_uf_disable_surveys":false,"footnotes":""},"categories":[7],"tags":[],"class_list":["post-1216","post","type-post","status-publish","format-standard","has-post-thumbnail","hentry","category-colunistas"],"yoast_head":"<!-- This site is optimized with the Yoast SEO plugin v27.3 - https:\/\/yoast.com\/product\/yoast-seo-wordpress\/ -->\n<title>DUAS EXPOSI\u00c7\u00d5ES EM SALVADOR - Arte351 - Art Magazine Portugal<\/title>\n<meta name=\"robots\" content=\"index, follow, max-snippet:-1, max-image-preview:large, max-video-preview:-1\" \/>\n<link rel=\"canonical\" href=\"https:\/\/arte351.pt\/art\/2016\/11\/18\/duas-exposicoes-em-salvador\/\" \/>\n<meta property=\"og:locale\" content=\"pt_BR\" \/>\n<meta property=\"og:type\" content=\"article\" \/>\n<meta property=\"og:title\" content=\"DUAS EXPOSI\u00c7\u00d5ES EM SALVADOR - Arte351 - Art Magazine Portugal\" \/>\n<meta property=\"og:description\" content=\"O Museu Nacional da Cultura Afro-Brasileira, Salvador, BA, abre nesta sexta-feira, dia 18 de novembro, \u00e0s 18 horas, a programa\u00e7\u00e3o do \u201cZumbido no Muncab\u201d. Os primeiros eventos s\u00e3o as exposi\u00e7\u00f5es [&hellip;]\" \/>\n<meta property=\"og:url\" content=\"https:\/\/arte351.pt\/art\/2016\/11\/18\/duas-exposicoes-em-salvador\/\" \/>\n<meta property=\"og:site_name\" content=\"Arte351 - Art Magazine Portugal\" \/>\n<meta property=\"article:publisher\" content=\"https:\/\/www.facebook.com\/arte351magazine\/\" \/>\n<meta property=\"article:published_time\" content=\"2016-11-18T12:00:23+00:00\" \/>\n<meta property=\"article:modified_time\" content=\"2016-11-29T16:00:45+00:00\" \/>\n<meta property=\"og:image\" content=\"https:\/\/arte351.pt\/art\/wp-content\/uploads\/2016\/11\/arte-351-juarez-paraiso.jpg\" \/>\n\t<meta property=\"og:image:width\" content=\"1280\" \/>\n\t<meta property=\"og:image:height\" content=\"600\" \/>\n\t<meta property=\"og:image:type\" content=\"image\/jpeg\" \/>\n<meta name=\"author\" content=\"Equipa Arte 351\" \/>\n<meta name=\"twitter:label1\" content=\"Escrito por\" \/>\n\t<meta name=\"twitter:data1\" content=\"Equipa Arte 351\" \/>\n\t<meta name=\"twitter:label2\" content=\"Est. tempo de leitura\" \/>\n\t<meta name=\"twitter:data2\" content=\"2 minutos\" \/>\n<script type=\"application\/ld+json\" class=\"yoast-schema-graph\">{\"@context\":\"https:\\\/\\\/schema.org\",\"@graph\":[{\"@type\":\"Article\",\"@id\":\"https:\\\/\\\/arte351.pt\\\/art\\\/2016\\\/11\\\/18\\\/duas-exposicoes-em-salvador\\\/#article\",\"isPartOf\":{\"@id\":\"https:\\\/\\\/arte351.pt\\\/art\\\/2016\\\/11\\\/18\\\/duas-exposicoes-em-salvador\\\/\"},\"author\":{\"name\":\"Equipa Arte 351\",\"@id\":\"https:\\\/\\\/arte351.pt\\\/art\\\/#\\\/schema\\\/person\\\/1d081d5dbc7c2a3f2317da95c823a5bd\"},\"headline\":\"DUAS EXPOSI\u00c7\u00d5ES EM SALVADOR\",\"datePublished\":\"2016-11-18T12:00:23+00:00\",\"dateModified\":\"2016-11-29T16:00:45+00:00\",\"mainEntityOfPage\":{\"@id\":\"https:\\\/\\\/arte351.pt\\\/art\\\/2016\\\/11\\\/18\\\/duas-exposicoes-em-salvador\\\/\"},\"wordCount\":375,\"commentCount\":0,\"publisher\":{\"@id\":\"https:\\\/\\\/arte351.pt\\\/art\\\/#organization\"},\"image\":{\"@id\":\"https:\\\/\\\/arte351.pt\\\/art\\\/2016\\\/11\\\/18\\\/duas-exposicoes-em-salvador\\\/#primaryimage\"},\"thumbnailUrl\":\"https:\\\/\\\/arte351.pt\\\/art\\\/wp-content\\\/uploads\\\/2016\\\/11\\\/arte-351-juarez-paraiso.jpg\",\"articleSection\":[\"Coluna - Renato Rosa\"],\"inLanguage\":\"pt-BR\",\"potentialAction\":[{\"@type\":\"CommentAction\",\"name\":\"Comment\",\"target\":[\"https:\\\/\\\/arte351.pt\\\/art\\\/2016\\\/11\\\/18\\\/duas-exposicoes-em-salvador\\\/#respond\"]}]},{\"@type\":\"WebPage\",\"@id\":\"https:\\\/\\\/arte351.pt\\\/art\\\/2016\\\/11\\\/18\\\/duas-exposicoes-em-salvador\\\/\",\"url\":\"https:\\\/\\\/arte351.pt\\\/art\\\/2016\\\/11\\\/18\\\/duas-exposicoes-em-salvador\\\/\",\"name\":\"DUAS EXPOSI\u00c7\u00d5ES EM SALVADOR - Arte351 - Art Magazine Portugal\",\"isPartOf\":{\"@id\":\"https:\\\/\\\/arte351.pt\\\/art\\\/#website\"},\"primaryImageOfPage\":{\"@id\":\"https:\\\/\\\/arte351.pt\\\/art\\\/2016\\\/11\\\/18\\\/duas-exposicoes-em-salvador\\\/#primaryimage\"},\"image\":{\"@id\":\"https:\\\/\\\/arte351.pt\\\/art\\\/2016\\\/11\\\/18\\\/duas-exposicoes-em-salvador\\\/#primaryimage\"},\"thumbnailUrl\":\"https:\\\/\\\/arte351.pt\\\/art\\\/wp-content\\\/uploads\\\/2016\\\/11\\\/arte-351-juarez-paraiso.jpg\",\"datePublished\":\"2016-11-18T12:00:23+00:00\",\"dateModified\":\"2016-11-29T16:00:45+00:00\",\"breadcrumb\":{\"@id\":\"https:\\\/\\\/arte351.pt\\\/art\\\/2016\\\/11\\\/18\\\/duas-exposicoes-em-salvador\\\/#breadcrumb\"},\"inLanguage\":\"pt-BR\",\"potentialAction\":[{\"@type\":\"ReadAction\",\"target\":[\"https:\\\/\\\/arte351.pt\\\/art\\\/2016\\\/11\\\/18\\\/duas-exposicoes-em-salvador\\\/\"]}]},{\"@type\":\"ImageObject\",\"inLanguage\":\"pt-BR\",\"@id\":\"https:\\\/\\\/arte351.pt\\\/art\\\/2016\\\/11\\\/18\\\/duas-exposicoes-em-salvador\\\/#primaryimage\",\"url\":\"https:\\\/\\\/arte351.pt\\\/art\\\/wp-content\\\/uploads\\\/2016\\\/11\\\/arte-351-juarez-paraiso.jpg\",\"contentUrl\":\"https:\\\/\\\/arte351.pt\\\/art\\\/wp-content\\\/uploads\\\/2016\\\/11\\\/arte-351-juarez-paraiso.jpg\",\"width\":1280,\"height\":600},{\"@type\":\"BreadcrumbList\",\"@id\":\"https:\\\/\\\/arte351.pt\\\/art\\\/2016\\\/11\\\/18\\\/duas-exposicoes-em-salvador\\\/#breadcrumb\",\"itemListElement\":[{\"@type\":\"ListItem\",\"position\":1,\"name\":\"In\u00edcio\",\"item\":\"https:\\\/\\\/arte351.pt\\\/art\\\/\"},{\"@type\":\"ListItem\",\"position\":2,\"name\":\"DUAS EXPOSI\u00c7\u00d5ES EM SALVADOR\"}]},{\"@type\":\"WebSite\",\"@id\":\"https:\\\/\\\/arte351.pt\\\/art\\\/#website\",\"url\":\"https:\\\/\\\/arte351.pt\\\/art\\\/\",\"name\":\"Arte351 - Art Magazine Portugal\",\"description\":\"\",\"publisher\":{\"@id\":\"https:\\\/\\\/arte351.pt\\\/art\\\/#organization\"},\"potentialAction\":[{\"@type\":\"SearchAction\",\"target\":{\"@type\":\"EntryPoint\",\"urlTemplate\":\"https:\\\/\\\/arte351.pt\\\/art\\\/?s={search_term_string}\"},\"query-input\":{\"@type\":\"PropertyValueSpecification\",\"valueRequired\":true,\"valueName\":\"search_term_string\"}}],\"inLanguage\":\"pt-BR\"},{\"@type\":\"Organization\",\"@id\":\"https:\\\/\\\/arte351.pt\\\/art\\\/#organization\",\"name\":\"Arte351 - Art Magazine Portugal\",\"url\":\"https:\\\/\\\/arte351.pt\\\/art\\\/\",\"logo\":{\"@type\":\"ImageObject\",\"inLanguage\":\"pt-BR\",\"@id\":\"https:\\\/\\\/arte351.pt\\\/art\\\/#\\\/schema\\\/logo\\\/image\\\/\",\"url\":\"https:\\\/\\\/arte351.pt\\\/art\\\/wp-content\\\/uploads\\\/2020\\\/03\\\/cropped-logo-arte351-color.png\",\"contentUrl\":\"https:\\\/\\\/arte351.pt\\\/art\\\/wp-content\\\/uploads\\\/2020\\\/03\\\/cropped-logo-arte351-color.png\",\"width\":514,\"height\":200,\"caption\":\"Arte351 - Art Magazine Portugal\"},\"image\":{\"@id\":\"https:\\\/\\\/arte351.pt\\\/art\\\/#\\\/schema\\\/logo\\\/image\\\/\"},\"sameAs\":[\"https:\\\/\\\/www.facebook.com\\\/arte351magazine\\\/\"]},{\"@type\":\"Person\",\"@id\":\"https:\\\/\\\/arte351.pt\\\/art\\\/#\\\/schema\\\/person\\\/1d081d5dbc7c2a3f2317da95c823a5bd\",\"name\":\"Equipa Arte 351\",\"image\":{\"@type\":\"ImageObject\",\"inLanguage\":\"pt-BR\",\"@id\":\"https:\\\/\\\/secure.gravatar.com\\\/avatar\\\/3f97e62c832ede8fafe5d2f9e31f8a055e187b6b31056d1e065d95e034db52e2?s=96&d=mm&r=g\",\"url\":\"https:\\\/\\\/secure.gravatar.com\\\/avatar\\\/3f97e62c832ede8fafe5d2f9e31f8a055e187b6b31056d1e065d95e034db52e2?s=96&d=mm&r=g\",\"contentUrl\":\"https:\\\/\\\/secure.gravatar.com\\\/avatar\\\/3f97e62c832ede8fafe5d2f9e31f8a055e187b6b31056d1e065d95e034db52e2?s=96&d=mm&r=g\",\"caption\":\"Equipa Arte 351\"},\"url\":\"https:\\\/\\\/arte351.pt\\\/art\\\/author\\\/admin2\\\/\"}]}<\/script>\n<!-- \/ Yoast SEO plugin. -->","yoast_head_json":{"title":"DUAS EXPOSI\u00c7\u00d5ES EM SALVADOR - Arte351 - Art Magazine Portugal","robots":{"index":"index","follow":"follow","max-snippet":"max-snippet:-1","max-image-preview":"max-image-preview:large","max-video-preview":"max-video-preview:-1"},"canonical":"https:\/\/arte351.pt\/art\/2016\/11\/18\/duas-exposicoes-em-salvador\/","og_locale":"pt_BR","og_type":"article","og_title":"DUAS EXPOSI\u00c7\u00d5ES EM SALVADOR - Arte351 - Art Magazine Portugal","og_description":"O Museu Nacional da Cultura Afro-Brasileira, Salvador, BA, abre nesta sexta-feira, dia 18 de novembro, \u00e0s 18 horas, a programa\u00e7\u00e3o do \u201cZumbido no Muncab\u201d. Os primeiros eventos s\u00e3o as exposi\u00e7\u00f5es [&hellip;]","og_url":"https:\/\/arte351.pt\/art\/2016\/11\/18\/duas-exposicoes-em-salvador\/","og_site_name":"Arte351 - Art Magazine Portugal","article_publisher":"https:\/\/www.facebook.com\/arte351magazine\/","article_published_time":"2016-11-18T12:00:23+00:00","article_modified_time":"2016-11-29T16:00:45+00:00","og_image":[{"width":1280,"height":600,"url":"https:\/\/arte351.pt\/art\/wp-content\/uploads\/2016\/11\/arte-351-juarez-paraiso.jpg","type":"image\/jpeg"}],"author":"Equipa Arte 351","twitter_misc":{"Escrito por":"Equipa Arte 351","Est. tempo de leitura":"2 minutos"},"schema":{"@context":"https:\/\/schema.org","@graph":[{"@type":"Article","@id":"https:\/\/arte351.pt\/art\/2016\/11\/18\/duas-exposicoes-em-salvador\/#article","isPartOf":{"@id":"https:\/\/arte351.pt\/art\/2016\/11\/18\/duas-exposicoes-em-salvador\/"},"author":{"name":"Equipa Arte 351","@id":"https:\/\/arte351.pt\/art\/#\/schema\/person\/1d081d5dbc7c2a3f2317da95c823a5bd"},"headline":"DUAS EXPOSI\u00c7\u00d5ES EM SALVADOR","datePublished":"2016-11-18T12:00:23+00:00","dateModified":"2016-11-29T16:00:45+00:00","mainEntityOfPage":{"@id":"https:\/\/arte351.pt\/art\/2016\/11\/18\/duas-exposicoes-em-salvador\/"},"wordCount":375,"commentCount":0,"publisher":{"@id":"https:\/\/arte351.pt\/art\/#organization"},"image":{"@id":"https:\/\/arte351.pt\/art\/2016\/11\/18\/duas-exposicoes-em-salvador\/#primaryimage"},"thumbnailUrl":"https:\/\/arte351.pt\/art\/wp-content\/uploads\/2016\/11\/arte-351-juarez-paraiso.jpg","articleSection":["Coluna - Renato Rosa"],"inLanguage":"pt-BR","potentialAction":[{"@type":"CommentAction","name":"Comment","target":["https:\/\/arte351.pt\/art\/2016\/11\/18\/duas-exposicoes-em-salvador\/#respond"]}]},{"@type":"WebPage","@id":"https:\/\/arte351.pt\/art\/2016\/11\/18\/duas-exposicoes-em-salvador\/","url":"https:\/\/arte351.pt\/art\/2016\/11\/18\/duas-exposicoes-em-salvador\/","name":"DUAS EXPOSI\u00c7\u00d5ES EM SALVADOR - Arte351 - Art Magazine Portugal","isPartOf":{"@id":"https:\/\/arte351.pt\/art\/#website"},"primaryImageOfPage":{"@id":"https:\/\/arte351.pt\/art\/2016\/11\/18\/duas-exposicoes-em-salvador\/#primaryimage"},"image":{"@id":"https:\/\/arte351.pt\/art\/2016\/11\/18\/duas-exposicoes-em-salvador\/#primaryimage"},"thumbnailUrl":"https:\/\/arte351.pt\/art\/wp-content\/uploads\/2016\/11\/arte-351-juarez-paraiso.jpg","datePublished":"2016-11-18T12:00:23+00:00","dateModified":"2016-11-29T16:00:45+00:00","breadcrumb":{"@id":"https:\/\/arte351.pt\/art\/2016\/11\/18\/duas-exposicoes-em-salvador\/#breadcrumb"},"inLanguage":"pt-BR","potentialAction":[{"@type":"ReadAction","target":["https:\/\/arte351.pt\/art\/2016\/11\/18\/duas-exposicoes-em-salvador\/"]}]},{"@type":"ImageObject","inLanguage":"pt-BR","@id":"https:\/\/arte351.pt\/art\/2016\/11\/18\/duas-exposicoes-em-salvador\/#primaryimage","url":"https:\/\/arte351.pt\/art\/wp-content\/uploads\/2016\/11\/arte-351-juarez-paraiso.jpg","contentUrl":"https:\/\/arte351.pt\/art\/wp-content\/uploads\/2016\/11\/arte-351-juarez-paraiso.jpg","width":1280,"height":600},{"@type":"BreadcrumbList","@id":"https:\/\/arte351.pt\/art\/2016\/11\/18\/duas-exposicoes-em-salvador\/#breadcrumb","itemListElement":[{"@type":"ListItem","position":1,"name":"In\u00edcio","item":"https:\/\/arte351.pt\/art\/"},{"@type":"ListItem","position":2,"name":"DUAS EXPOSI\u00c7\u00d5ES EM SALVADOR"}]},{"@type":"WebSite","@id":"https:\/\/arte351.pt\/art\/#website","url":"https:\/\/arte351.pt\/art\/","name":"Arte351 - Art Magazine Portugal","description":"","publisher":{"@id":"https:\/\/arte351.pt\/art\/#organization"},"potentialAction":[{"@type":"SearchAction","target":{"@type":"EntryPoint","urlTemplate":"https:\/\/arte351.pt\/art\/?s={search_term_string}"},"query-input":{"@type":"PropertyValueSpecification","valueRequired":true,"valueName":"search_term_string"}}],"inLanguage":"pt-BR"},{"@type":"Organization","@id":"https:\/\/arte351.pt\/art\/#organization","name":"Arte351 - Art Magazine Portugal","url":"https:\/\/arte351.pt\/art\/","logo":{"@type":"ImageObject","inLanguage":"pt-BR","@id":"https:\/\/arte351.pt\/art\/#\/schema\/logo\/image\/","url":"https:\/\/arte351.pt\/art\/wp-content\/uploads\/2020\/03\/cropped-logo-arte351-color.png","contentUrl":"https:\/\/arte351.pt\/art\/wp-content\/uploads\/2020\/03\/cropped-logo-arte351-color.png","width":514,"height":200,"caption":"Arte351 - Art Magazine Portugal"},"image":{"@id":"https:\/\/arte351.pt\/art\/#\/schema\/logo\/image\/"},"sameAs":["https:\/\/www.facebook.com\/arte351magazine\/"]},{"@type":"Person","@id":"https:\/\/arte351.pt\/art\/#\/schema\/person\/1d081d5dbc7c2a3f2317da95c823a5bd","name":"Equipa Arte 351","image":{"@type":"ImageObject","inLanguage":"pt-BR","@id":"https:\/\/secure.gravatar.com\/avatar\/3f97e62c832ede8fafe5d2f9e31f8a055e187b6b31056d1e065d95e034db52e2?s=96&d=mm&r=g","url":"https:\/\/secure.gravatar.com\/avatar\/3f97e62c832ede8fafe5d2f9e31f8a055e187b6b31056d1e065d95e034db52e2?s=96&d=mm&r=g","contentUrl":"https:\/\/secure.gravatar.com\/avatar\/3f97e62c832ede8fafe5d2f9e31f8a055e187b6b31056d1e065d95e034db52e2?s=96&d=mm&r=g","caption":"Equipa Arte 351"},"url":"https:\/\/arte351.pt\/art\/author\/admin2\/"}]}},"_links":{"self":[{"href":"https:\/\/arte351.pt\/art\/wp-json\/wp\/v2\/posts\/1216","targetHints":{"allow":["GET"]}}],"collection":[{"href":"https:\/\/arte351.pt\/art\/wp-json\/wp\/v2\/posts"}],"about":[{"href":"https:\/\/arte351.pt\/art\/wp-json\/wp\/v2\/types\/post"}],"author":[{"embeddable":true,"href":"https:\/\/arte351.pt\/art\/wp-json\/wp\/v2\/users\/34415"}],"replies":[{"embeddable":true,"href":"https:\/\/arte351.pt\/art\/wp-json\/wp\/v2\/comments?post=1216"}],"version-history":[{"count":1,"href":"https:\/\/arte351.pt\/art\/wp-json\/wp\/v2\/posts\/1216\/revisions"}],"predecessor-version":[{"id":1218,"href":"https:\/\/arte351.pt\/art\/wp-json\/wp\/v2\/posts\/1216\/revisions\/1218"}],"wp:featuredmedia":[{"embeddable":true,"href":"https:\/\/arte351.pt\/art\/wp-json\/wp\/v2\/media\/1217"}],"wp:attachment":[{"href":"https:\/\/arte351.pt\/art\/wp-json\/wp\/v2\/media?parent=1216"}],"wp:term":[{"taxonomy":"category","embeddable":true,"href":"https:\/\/arte351.pt\/art\/wp-json\/wp\/v2\/categories?post=1216"},{"taxonomy":"post_tag","embeddable":true,"href":"https:\/\/arte351.pt\/art\/wp-json\/wp\/v2\/tags?post=1216"}],"curies":[{"name":"wp","href":"https:\/\/api.w.org\/{rel}","templated":true}]}}