{"id":1313,"date":"2017-01-07T07:40:24","date_gmt":"2017-01-07T07:40:24","guid":{"rendered":"http:\/\/arte351.pt\/art\/?p=1313"},"modified":"2017-01-09T21:54:21","modified_gmt":"2017-01-09T21:54:21","slug":"quando-o-incomodo-se-muda-cronica-renato-rosa","status":"publish","type":"post","link":"https:\/\/arte351.pt\/art\/2017\/01\/07\/quando-o-incomodo-se-muda-cronica-renato-rosa\/","title":{"rendered":"QUANDO O INC\u00d4MODO SE MUDA \u2013 CR\u00d4NICA RENATO ROSA"},"content":{"rendered":"<p style=\"text-align: justify;\">Uma pessoa me perguntou o motivo de tantas postagens que fa\u00e7o pois ela n\u00e3o entendia meus motivos porque ela n\u00e3o estaria &#8220;ligada em tantos assuntos&#8221;. Como saber o que passa na feliz ou infeliz vida de uma criatura quando n\u00e3o se tem o dom da adivinha\u00e7\u00e3o? De imediato, o que se imp\u00f5e \u00e9 a minha liberdade de express\u00e3o e no momento seguinte preciso considerar o sentimento alheio. Tenho a firme convic\u00e7\u00e3o de que sou movido e tomo garrafas gigantescas de Simancol, mas assim, direto.<\/p>\n<p style=\"text-align: justify;\">E como se n\u00e3o bastasse uso muita gel\u00e9ia de Sifragol no caf\u00e9 da manh\u00e3 para me manter alerta durante o dia. Penso que tanto o Facebook quanto o Whatsapp s\u00e3o meios poderosos e extraordin\u00e1rios de comunica\u00e7\u00e3o, duas cria\u00e7\u00f5es absolutamente geniais e por ter esse grau, digamos assim, de consci\u00eancia \u00e9 que uso essas ferramentas. Mas ela me pergunta se n\u00e3o seria tamb\u00e9m um caso de solid\u00e3o, digamos que sim, que possa verdadeiramente ser. Mas, felizmente, no grau consciente (e conveniente) que estimo ter, afirmo que n\u00e3o.<\/p>\n<p style=\"text-align: justify;\">Concordo ou discordo, filtro boas li\u00e7\u00f5es di\u00e1rias atrav\u00e9s desses meios, recebo carinho, amor, solidariedade, uma gama infinda de possibilidades e porque n\u00e3o mergulhar e surfar nessa onda? Ah&#8230;mas \u00e0s vezes encontramos certas pedras no caminho e quando isso ocorre, elimino o inc\u00f4modo que supostamente me tornei, com um m\u00e9todo muito simples : trato de bloquear a quem trouxe inc\u00f4modo.<\/p>\n<p style=\"text-align: justify;\">Simples assim. N\u00e3o sofro nada.<\/p>\n<p style=\"text-align: justify;\">Deste modo a vida (a minha) continua. Isso me faz lembrar uma passagem do filme &#8220;Nunca aos domingos&#8221; no qual o personagem vivido pela genial Melina Mercury conta f\u00e1bulas resumindo tudo a uma frase mais ou menos assim : &#8220;- E no final foram todos para a praia&#8221;, mesmo ap\u00f3s as maiores trag\u00e9dias.<\/p>\n<p style=\"text-align: justify;\">N\u00e3o \u00e9 uma maravilha esse Facebook? E o Whatsapp ent\u00e3o?<\/p>\n<p style=\"text-align: justify;\">Concluindo : a gente tem que nadar no mar das afinidades. Mar, gigantesco mar sem fim.<\/p>\n<p style=\"text-align: justify;\">Enviado do meu smartphone Samsung Galaxy.<\/p>\n<h5 style=\"text-align: justify;\"><em><a href=\"https:\/\/arte351.pt\/art\/category\/colunistas-2\/colunistas\/\"><img decoding=\"async\" class=\"alignleft wp-image-398\" src=\"https:\/\/arte351.pt\/art\/wp-content\/uploads\/2016\/03\/avatar_renato_rosa-300x300.jpg\" alt=\"avatar_renato_rosa\" width=\"80\" height=\"80\" srcset=\"https:\/\/arte351.pt\/art\/wp-content\/uploads\/2016\/03\/avatar_renato_rosa-300x300.jpg 300w, https:\/\/arte351.pt\/art\/wp-content\/uploads\/2016\/03\/avatar_renato_rosa-150x150.jpg 150w, https:\/\/arte351.pt\/art\/wp-content\/uploads\/2016\/03\/avatar_renato_rosa.jpg 600w\" sizes=\"(max-width: 80px) 100vw, 80px\" \/><\/a><\/em><\/h5>\n<h5 style=\"text-align: justify;\"><em><a href=\"https:\/\/arte351.pt\/art\/category\/colunistas-2\/colunistas\/\">Coluna &#8211; <b class=\"gmail_sendername\">Renato Rosa<\/b><\/a><\/em><\/h5>\n<div>\n<h5 style=\"text-align: justify;\">Renato Rosa, brasileiro, S\u00e3o Gabriel, RS, Brasil, 1946. Marchand, pesquisador, editor do jornal cultural O PARALELO do site <a href=\"http:\/\/www.bolsadearte.com\/oparalelo\" target=\"_blank\">www.bolsadearte.com\/<wbr \/>oparalelo<\/a>, co-autor do \u201cDicion\u00e1rio de Artes Pl\u00e1sticas no Rio Grande do Sul\u201d, (2\u00aa edi\u00e7\u00e3o, 2000, esgotada) Editora da Universidade\/UFRGS.<\/h5>\n<\/div>\n","protected":false},"excerpt":{"rendered":"<p>Uma pessoa me perguntou o motivo de tantas postagens que fa\u00e7o pois ela n\u00e3o entendia meus motivos porque ela n\u00e3o estaria &#8220;ligada em tantos assuntos&#8221;. Como saber o que passa [&hellip;]<\/p>\n","protected":false},"author":34415,"featured_media":1314,"comment_status":"open","ping_status":"open","sticky":false,"template":"","format":"standard","meta":{"_exactmetrics_skip_tracking":false,"_exactmetrics_sitenote_active":false,"_exactmetrics_sitenote_note":"","_exactmetrics_sitenote_category":0,"_uf_show_specific_survey":0,"_uf_disable_surveys":false,"footnotes":""},"categories":[7],"tags":[],"class_list":["post-1313","post","type-post","status-publish","format-standard","has-post-thumbnail","hentry","category-colunistas"],"yoast_head":"<!-- This site is optimized with the Yoast SEO plugin v27.3 - https:\/\/yoast.com\/product\/yoast-seo-wordpress\/ -->\n<title>QUANDO O INC\u00d4MODO SE MUDA \u2013 CR\u00d4NICA RENATO ROSA - Arte351 - Art Magazine Portugal<\/title>\n<meta name=\"robots\" content=\"index, follow, max-snippet:-1, max-image-preview:large, max-video-preview:-1\" \/>\n<link rel=\"canonical\" href=\"https:\/\/arte351.pt\/art\/2017\/01\/07\/quando-o-incomodo-se-muda-cronica-renato-rosa\/\" \/>\n<meta property=\"og:locale\" content=\"pt_BR\" \/>\n<meta property=\"og:type\" content=\"article\" \/>\n<meta property=\"og:title\" content=\"QUANDO O INC\u00d4MODO SE MUDA \u2013 CR\u00d4NICA RENATO ROSA - Arte351 - Art Magazine Portugal\" \/>\n<meta property=\"og:description\" content=\"Uma pessoa me perguntou o motivo de tantas postagens que fa\u00e7o pois ela n\u00e3o entendia meus motivos porque ela n\u00e3o estaria &#8220;ligada em tantos assuntos&#8221;. Como saber o que passa [&hellip;]\" \/>\n<meta property=\"og:url\" content=\"https:\/\/arte351.pt\/art\/2017\/01\/07\/quando-o-incomodo-se-muda-cronica-renato-rosa\/\" \/>\n<meta property=\"og:site_name\" content=\"Arte351 - Art Magazine Portugal\" \/>\n<meta property=\"article:publisher\" content=\"https:\/\/www.facebook.com\/arte351magazine\/\" \/>\n<meta property=\"article:published_time\" content=\"2017-01-07T07:40:24+00:00\" \/>\n<meta property=\"article:modified_time\" content=\"2017-01-09T21:54:21+00:00\" \/>\n<meta property=\"og:image\" content=\"https:\/\/arte351.pt\/art\/wp-content\/uploads\/2017\/01\/arte-351-mudanca2.jpg\" \/>\n\t<meta property=\"og:image:width\" content=\"1280\" \/>\n\t<meta property=\"og:image:height\" content=\"600\" \/>\n\t<meta property=\"og:image:type\" content=\"image\/jpeg\" \/>\n<meta name=\"author\" content=\"Equipa Arte 351\" \/>\n<meta name=\"twitter:label1\" content=\"Escrito por\" \/>\n\t<meta name=\"twitter:data1\" content=\"Equipa Arte 351\" \/>\n\t<meta name=\"twitter:label2\" content=\"Est. tempo de leitura\" \/>\n\t<meta name=\"twitter:data2\" content=\"2 minutos\" \/>\n<script type=\"application\/ld+json\" class=\"yoast-schema-graph\">{\"@context\":\"https:\\\/\\\/schema.org\",\"@graph\":[{\"@type\":\"Article\",\"@id\":\"https:\\\/\\\/arte351.pt\\\/art\\\/2017\\\/01\\\/07\\\/quando-o-incomodo-se-muda-cronica-renato-rosa\\\/#article\",\"isPartOf\":{\"@id\":\"https:\\\/\\\/arte351.pt\\\/art\\\/2017\\\/01\\\/07\\\/quando-o-incomodo-se-muda-cronica-renato-rosa\\\/\"},\"author\":{\"name\":\"Equipa Arte 351\",\"@id\":\"https:\\\/\\\/arte351.pt\\\/art\\\/#\\\/schema\\\/person\\\/1d081d5dbc7c2a3f2317da95c823a5bd\"},\"headline\":\"QUANDO O INC\u00d4MODO SE MUDA \u2013 CR\u00d4NICA RENATO ROSA\",\"datePublished\":\"2017-01-07T07:40:24+00:00\",\"dateModified\":\"2017-01-09T21:54:21+00:00\",\"mainEntityOfPage\":{\"@id\":\"https:\\\/\\\/arte351.pt\\\/art\\\/2017\\\/01\\\/07\\\/quando-o-incomodo-se-muda-cronica-renato-rosa\\\/\"},\"wordCount\":402,\"commentCount\":0,\"publisher\":{\"@id\":\"https:\\\/\\\/arte351.pt\\\/art\\\/#organization\"},\"image\":{\"@id\":\"https:\\\/\\\/arte351.pt\\\/art\\\/2017\\\/01\\\/07\\\/quando-o-incomodo-se-muda-cronica-renato-rosa\\\/#primaryimage\"},\"thumbnailUrl\":\"https:\\\/\\\/arte351.pt\\\/art\\\/wp-content\\\/uploads\\\/2017\\\/01\\\/arte-351-mudanca2.jpg\",\"articleSection\":[\"Coluna - Renato Rosa\"],\"inLanguage\":\"pt-BR\",\"potentialAction\":[{\"@type\":\"CommentAction\",\"name\":\"Comment\",\"target\":[\"https:\\\/\\\/arte351.pt\\\/art\\\/2017\\\/01\\\/07\\\/quando-o-incomodo-se-muda-cronica-renato-rosa\\\/#respond\"]}]},{\"@type\":\"WebPage\",\"@id\":\"https:\\\/\\\/arte351.pt\\\/art\\\/2017\\\/01\\\/07\\\/quando-o-incomodo-se-muda-cronica-renato-rosa\\\/\",\"url\":\"https:\\\/\\\/arte351.pt\\\/art\\\/2017\\\/01\\\/07\\\/quando-o-incomodo-se-muda-cronica-renato-rosa\\\/\",\"name\":\"QUANDO O INC\u00d4MODO SE MUDA \u2013 CR\u00d4NICA RENATO ROSA - Arte351 - Art Magazine Portugal\",\"isPartOf\":{\"@id\":\"https:\\\/\\\/arte351.pt\\\/art\\\/#website\"},\"primaryImageOfPage\":{\"@id\":\"https:\\\/\\\/arte351.pt\\\/art\\\/2017\\\/01\\\/07\\\/quando-o-incomodo-se-muda-cronica-renato-rosa\\\/#primaryimage\"},\"image\":{\"@id\":\"https:\\\/\\\/arte351.pt\\\/art\\\/2017\\\/01\\\/07\\\/quando-o-incomodo-se-muda-cronica-renato-rosa\\\/#primaryimage\"},\"thumbnailUrl\":\"https:\\\/\\\/arte351.pt\\\/art\\\/wp-content\\\/uploads\\\/2017\\\/01\\\/arte-351-mudanca2.jpg\",\"datePublished\":\"2017-01-07T07:40:24+00:00\",\"dateModified\":\"2017-01-09T21:54:21+00:00\",\"breadcrumb\":{\"@id\":\"https:\\\/\\\/arte351.pt\\\/art\\\/2017\\\/01\\\/07\\\/quando-o-incomodo-se-muda-cronica-renato-rosa\\\/#breadcrumb\"},\"inLanguage\":\"pt-BR\",\"potentialAction\":[{\"@type\":\"ReadAction\",\"target\":[\"https:\\\/\\\/arte351.pt\\\/art\\\/2017\\\/01\\\/07\\\/quando-o-incomodo-se-muda-cronica-renato-rosa\\\/\"]}]},{\"@type\":\"ImageObject\",\"inLanguage\":\"pt-BR\",\"@id\":\"https:\\\/\\\/arte351.pt\\\/art\\\/2017\\\/01\\\/07\\\/quando-o-incomodo-se-muda-cronica-renato-rosa\\\/#primaryimage\",\"url\":\"https:\\\/\\\/arte351.pt\\\/art\\\/wp-content\\\/uploads\\\/2017\\\/01\\\/arte-351-mudanca2.jpg\",\"contentUrl\":\"https:\\\/\\\/arte351.pt\\\/art\\\/wp-content\\\/uploads\\\/2017\\\/01\\\/arte-351-mudanca2.jpg\",\"width\":1280,\"height\":600},{\"@type\":\"BreadcrumbList\",\"@id\":\"https:\\\/\\\/arte351.pt\\\/art\\\/2017\\\/01\\\/07\\\/quando-o-incomodo-se-muda-cronica-renato-rosa\\\/#breadcrumb\",\"itemListElement\":[{\"@type\":\"ListItem\",\"position\":1,\"name\":\"In\u00edcio\",\"item\":\"https:\\\/\\\/arte351.pt\\\/art\\\/\"},{\"@type\":\"ListItem\",\"position\":2,\"name\":\"QUANDO O INC\u00d4MODO SE MUDA \u2013 CR\u00d4NICA RENATO ROSA\"}]},{\"@type\":\"WebSite\",\"@id\":\"https:\\\/\\\/arte351.pt\\\/art\\\/#website\",\"url\":\"https:\\\/\\\/arte351.pt\\\/art\\\/\",\"name\":\"Arte351 - Art Magazine Portugal\",\"description\":\"\",\"publisher\":{\"@id\":\"https:\\\/\\\/arte351.pt\\\/art\\\/#organization\"},\"potentialAction\":[{\"@type\":\"SearchAction\",\"target\":{\"@type\":\"EntryPoint\",\"urlTemplate\":\"https:\\\/\\\/arte351.pt\\\/art\\\/?s={search_term_string}\"},\"query-input\":{\"@type\":\"PropertyValueSpecification\",\"valueRequired\":true,\"valueName\":\"search_term_string\"}}],\"inLanguage\":\"pt-BR\"},{\"@type\":\"Organization\",\"@id\":\"https:\\\/\\\/arte351.pt\\\/art\\\/#organization\",\"name\":\"Arte351 - Art Magazine Portugal\",\"url\":\"https:\\\/\\\/arte351.pt\\\/art\\\/\",\"logo\":{\"@type\":\"ImageObject\",\"inLanguage\":\"pt-BR\",\"@id\":\"https:\\\/\\\/arte351.pt\\\/art\\\/#\\\/schema\\\/logo\\\/image\\\/\",\"url\":\"https:\\\/\\\/arte351.pt\\\/art\\\/wp-content\\\/uploads\\\/2020\\\/03\\\/cropped-logo-arte351-color.png\",\"contentUrl\":\"https:\\\/\\\/arte351.pt\\\/art\\\/wp-content\\\/uploads\\\/2020\\\/03\\\/cropped-logo-arte351-color.png\",\"width\":514,\"height\":200,\"caption\":\"Arte351 - Art Magazine Portugal\"},\"image\":{\"@id\":\"https:\\\/\\\/arte351.pt\\\/art\\\/#\\\/schema\\\/logo\\\/image\\\/\"},\"sameAs\":[\"https:\\\/\\\/www.facebook.com\\\/arte351magazine\\\/\"]},{\"@type\":\"Person\",\"@id\":\"https:\\\/\\\/arte351.pt\\\/art\\\/#\\\/schema\\\/person\\\/1d081d5dbc7c2a3f2317da95c823a5bd\",\"name\":\"Equipa Arte 351\",\"image\":{\"@type\":\"ImageObject\",\"inLanguage\":\"pt-BR\",\"@id\":\"https:\\\/\\\/secure.gravatar.com\\\/avatar\\\/3f97e62c832ede8fafe5d2f9e31f8a055e187b6b31056d1e065d95e034db52e2?s=96&d=mm&r=g\",\"url\":\"https:\\\/\\\/secure.gravatar.com\\\/avatar\\\/3f97e62c832ede8fafe5d2f9e31f8a055e187b6b31056d1e065d95e034db52e2?s=96&d=mm&r=g\",\"contentUrl\":\"https:\\\/\\\/secure.gravatar.com\\\/avatar\\\/3f97e62c832ede8fafe5d2f9e31f8a055e187b6b31056d1e065d95e034db52e2?s=96&d=mm&r=g\",\"caption\":\"Equipa Arte 351\"},\"url\":\"https:\\\/\\\/arte351.pt\\\/art\\\/author\\\/admin2\\\/\"}]}<\/script>\n<!-- \/ Yoast SEO plugin. -->","yoast_head_json":{"title":"QUANDO O INC\u00d4MODO SE MUDA \u2013 CR\u00d4NICA RENATO ROSA - Arte351 - Art Magazine Portugal","robots":{"index":"index","follow":"follow","max-snippet":"max-snippet:-1","max-image-preview":"max-image-preview:large","max-video-preview":"max-video-preview:-1"},"canonical":"https:\/\/arte351.pt\/art\/2017\/01\/07\/quando-o-incomodo-se-muda-cronica-renato-rosa\/","og_locale":"pt_BR","og_type":"article","og_title":"QUANDO O INC\u00d4MODO SE MUDA \u2013 CR\u00d4NICA RENATO ROSA - Arte351 - Art Magazine Portugal","og_description":"Uma pessoa me perguntou o motivo de tantas postagens que fa\u00e7o pois ela n\u00e3o entendia meus motivos porque ela n\u00e3o estaria &#8220;ligada em tantos assuntos&#8221;. Como saber o que passa [&hellip;]","og_url":"https:\/\/arte351.pt\/art\/2017\/01\/07\/quando-o-incomodo-se-muda-cronica-renato-rosa\/","og_site_name":"Arte351 - Art Magazine Portugal","article_publisher":"https:\/\/www.facebook.com\/arte351magazine\/","article_published_time":"2017-01-07T07:40:24+00:00","article_modified_time":"2017-01-09T21:54:21+00:00","og_image":[{"width":1280,"height":600,"url":"https:\/\/arte351.pt\/art\/wp-content\/uploads\/2017\/01\/arte-351-mudanca2.jpg","type":"image\/jpeg"}],"author":"Equipa Arte 351","twitter_misc":{"Escrito por":"Equipa Arte 351","Est. tempo de leitura":"2 minutos"},"schema":{"@context":"https:\/\/schema.org","@graph":[{"@type":"Article","@id":"https:\/\/arte351.pt\/art\/2017\/01\/07\/quando-o-incomodo-se-muda-cronica-renato-rosa\/#article","isPartOf":{"@id":"https:\/\/arte351.pt\/art\/2017\/01\/07\/quando-o-incomodo-se-muda-cronica-renato-rosa\/"},"author":{"name":"Equipa Arte 351","@id":"https:\/\/arte351.pt\/art\/#\/schema\/person\/1d081d5dbc7c2a3f2317da95c823a5bd"},"headline":"QUANDO O INC\u00d4MODO SE MUDA \u2013 CR\u00d4NICA RENATO ROSA","datePublished":"2017-01-07T07:40:24+00:00","dateModified":"2017-01-09T21:54:21+00:00","mainEntityOfPage":{"@id":"https:\/\/arte351.pt\/art\/2017\/01\/07\/quando-o-incomodo-se-muda-cronica-renato-rosa\/"},"wordCount":402,"commentCount":0,"publisher":{"@id":"https:\/\/arte351.pt\/art\/#organization"},"image":{"@id":"https:\/\/arte351.pt\/art\/2017\/01\/07\/quando-o-incomodo-se-muda-cronica-renato-rosa\/#primaryimage"},"thumbnailUrl":"https:\/\/arte351.pt\/art\/wp-content\/uploads\/2017\/01\/arte-351-mudanca2.jpg","articleSection":["Coluna - Renato Rosa"],"inLanguage":"pt-BR","potentialAction":[{"@type":"CommentAction","name":"Comment","target":["https:\/\/arte351.pt\/art\/2017\/01\/07\/quando-o-incomodo-se-muda-cronica-renato-rosa\/#respond"]}]},{"@type":"WebPage","@id":"https:\/\/arte351.pt\/art\/2017\/01\/07\/quando-o-incomodo-se-muda-cronica-renato-rosa\/","url":"https:\/\/arte351.pt\/art\/2017\/01\/07\/quando-o-incomodo-se-muda-cronica-renato-rosa\/","name":"QUANDO O INC\u00d4MODO SE MUDA \u2013 CR\u00d4NICA RENATO ROSA - Arte351 - Art Magazine Portugal","isPartOf":{"@id":"https:\/\/arte351.pt\/art\/#website"},"primaryImageOfPage":{"@id":"https:\/\/arte351.pt\/art\/2017\/01\/07\/quando-o-incomodo-se-muda-cronica-renato-rosa\/#primaryimage"},"image":{"@id":"https:\/\/arte351.pt\/art\/2017\/01\/07\/quando-o-incomodo-se-muda-cronica-renato-rosa\/#primaryimage"},"thumbnailUrl":"https:\/\/arte351.pt\/art\/wp-content\/uploads\/2017\/01\/arte-351-mudanca2.jpg","datePublished":"2017-01-07T07:40:24+00:00","dateModified":"2017-01-09T21:54:21+00:00","breadcrumb":{"@id":"https:\/\/arte351.pt\/art\/2017\/01\/07\/quando-o-incomodo-se-muda-cronica-renato-rosa\/#breadcrumb"},"inLanguage":"pt-BR","potentialAction":[{"@type":"ReadAction","target":["https:\/\/arte351.pt\/art\/2017\/01\/07\/quando-o-incomodo-se-muda-cronica-renato-rosa\/"]}]},{"@type":"ImageObject","inLanguage":"pt-BR","@id":"https:\/\/arte351.pt\/art\/2017\/01\/07\/quando-o-incomodo-se-muda-cronica-renato-rosa\/#primaryimage","url":"https:\/\/arte351.pt\/art\/wp-content\/uploads\/2017\/01\/arte-351-mudanca2.jpg","contentUrl":"https:\/\/arte351.pt\/art\/wp-content\/uploads\/2017\/01\/arte-351-mudanca2.jpg","width":1280,"height":600},{"@type":"BreadcrumbList","@id":"https:\/\/arte351.pt\/art\/2017\/01\/07\/quando-o-incomodo-se-muda-cronica-renato-rosa\/#breadcrumb","itemListElement":[{"@type":"ListItem","position":1,"name":"In\u00edcio","item":"https:\/\/arte351.pt\/art\/"},{"@type":"ListItem","position":2,"name":"QUANDO O INC\u00d4MODO SE MUDA \u2013 CR\u00d4NICA RENATO ROSA"}]},{"@type":"WebSite","@id":"https:\/\/arte351.pt\/art\/#website","url":"https:\/\/arte351.pt\/art\/","name":"Arte351 - Art Magazine Portugal","description":"","publisher":{"@id":"https:\/\/arte351.pt\/art\/#organization"},"potentialAction":[{"@type":"SearchAction","target":{"@type":"EntryPoint","urlTemplate":"https:\/\/arte351.pt\/art\/?s={search_term_string}"},"query-input":{"@type":"PropertyValueSpecification","valueRequired":true,"valueName":"search_term_string"}}],"inLanguage":"pt-BR"},{"@type":"Organization","@id":"https:\/\/arte351.pt\/art\/#organization","name":"Arte351 - Art Magazine Portugal","url":"https:\/\/arte351.pt\/art\/","logo":{"@type":"ImageObject","inLanguage":"pt-BR","@id":"https:\/\/arte351.pt\/art\/#\/schema\/logo\/image\/","url":"https:\/\/arte351.pt\/art\/wp-content\/uploads\/2020\/03\/cropped-logo-arte351-color.png","contentUrl":"https:\/\/arte351.pt\/art\/wp-content\/uploads\/2020\/03\/cropped-logo-arte351-color.png","width":514,"height":200,"caption":"Arte351 - Art Magazine Portugal"},"image":{"@id":"https:\/\/arte351.pt\/art\/#\/schema\/logo\/image\/"},"sameAs":["https:\/\/www.facebook.com\/arte351magazine\/"]},{"@type":"Person","@id":"https:\/\/arte351.pt\/art\/#\/schema\/person\/1d081d5dbc7c2a3f2317da95c823a5bd","name":"Equipa Arte 351","image":{"@type":"ImageObject","inLanguage":"pt-BR","@id":"https:\/\/secure.gravatar.com\/avatar\/3f97e62c832ede8fafe5d2f9e31f8a055e187b6b31056d1e065d95e034db52e2?s=96&d=mm&r=g","url":"https:\/\/secure.gravatar.com\/avatar\/3f97e62c832ede8fafe5d2f9e31f8a055e187b6b31056d1e065d95e034db52e2?s=96&d=mm&r=g","contentUrl":"https:\/\/secure.gravatar.com\/avatar\/3f97e62c832ede8fafe5d2f9e31f8a055e187b6b31056d1e065d95e034db52e2?s=96&d=mm&r=g","caption":"Equipa Arte 351"},"url":"https:\/\/arte351.pt\/art\/author\/admin2\/"}]}},"_links":{"self":[{"href":"https:\/\/arte351.pt\/art\/wp-json\/wp\/v2\/posts\/1313","targetHints":{"allow":["GET"]}}],"collection":[{"href":"https:\/\/arte351.pt\/art\/wp-json\/wp\/v2\/posts"}],"about":[{"href":"https:\/\/arte351.pt\/art\/wp-json\/wp\/v2\/types\/post"}],"author":[{"embeddable":true,"href":"https:\/\/arte351.pt\/art\/wp-json\/wp\/v2\/users\/34415"}],"replies":[{"embeddable":true,"href":"https:\/\/arte351.pt\/art\/wp-json\/wp\/v2\/comments?post=1313"}],"version-history":[{"count":1,"href":"https:\/\/arte351.pt\/art\/wp-json\/wp\/v2\/posts\/1313\/revisions"}],"predecessor-version":[{"id":1315,"href":"https:\/\/arte351.pt\/art\/wp-json\/wp\/v2\/posts\/1313\/revisions\/1315"}],"wp:featuredmedia":[{"embeddable":true,"href":"https:\/\/arte351.pt\/art\/wp-json\/wp\/v2\/media\/1314"}],"wp:attachment":[{"href":"https:\/\/arte351.pt\/art\/wp-json\/wp\/v2\/media?parent=1313"}],"wp:term":[{"taxonomy":"category","embeddable":true,"href":"https:\/\/arte351.pt\/art\/wp-json\/wp\/v2\/categories?post=1313"},{"taxonomy":"post_tag","embeddable":true,"href":"https:\/\/arte351.pt\/art\/wp-json\/wp\/v2\/tags?post=1313"}],"curies":[{"name":"wp","href":"https:\/\/api.w.org\/{rel}","templated":true}]}}