{"id":1343,"date":"2017-01-20T20:20:12","date_gmt":"2017-01-20T20:20:12","guid":{"rendered":"http:\/\/arte351.pt\/art\/?p=1343"},"modified":"2017-02-02T00:25:55","modified_gmt":"2017-02-02T00:25:55","slug":"territorios","status":"publish","type":"post","link":"https:\/\/arte351.pt\/art\/2017\/01\/20\/territorios\/","title":{"rendered":"TERRIT\u00d3RIOS"},"content":{"rendered":"<p style=\"text-align: justify;\">O Centro de Refer\u00eancia do Artesanato Brasileiro, CRAB, Centro, Rio de Janeiro, RJ, inaugurou a exposi\u00e7\u00e3o \u201cTerrit\u00f3rios\u201d, com dire\u00e7\u00e3o geral e concep\u00e7\u00e3o visual de Bia Lessa, e curadoria de Renata Piazzalunga, do Instituto de Pesquisas em Tecnologia e Inova\u00e7\u00e3o, que mostra de uma forma l\u00fadica e atraente o universo dos artes\u00e3os das cidades de Po\u00e7o Redondo, S\u00edtios Novos e Po\u00e7o Verde, em Sergipe, e Ilha do Ferro e Entremontes, em Alagoas.<\/p>\n<p style=\"text-align: justify;\">As paredes hist\u00f3ricas de tr\u00eas grandes salas do CRAB foram recobertas por compensado de madeira, para serem bordadas com centenas de metros de fios de l\u00e3, e quase 2, 5 milh\u00f5es de pregos, que formam escritas que revelam quem s\u00e3o, como vivem e como trabalham esses artes\u00e3os, em instala\u00e7\u00f5es criadas pela premiada diretora e cen\u00f3grafa. Bia Lessa explica que \u201co p\u00fablico ver\u00e1 o rigor, o tempo empregado e o trabalho \u00e1rduo desses artes\u00e3os, e seu valor\u201d. \u201cA exposi\u00e7\u00e3o re\u00fane produtos feitos pelos artes\u00e3os antes, durante e depois do projeto realizado ao longo de tr\u00eas anos pelo SEBRAE e IPTI, que viabiliza economicamente as associa\u00e7\u00f5es locais desses artistas\u201d, diz. \u201cMais do que interativa, a exposi\u00e7\u00e3o tem uma proposta colaborativa, de estar junto\u201d, destaca.<\/p>\n<p style=\"text-align: justify;\">A montagem de \u201cTerrit\u00f3rios\u201d envolveu mais de 60 pessoas, em tr\u00eas equipes, em um trabalho manual realizado ao longo de quase tr\u00eas semanas e doze horas di\u00e1rias. \u201cQueria que os espa\u00e7os tivessem este dado artesanal, levar a est\u00e9tica dos artes\u00e3os para as salas\u201d, diz a diretora. Bia Lessa traduziu visual e artisticamente as informa\u00e7\u00f5es colhidas pelo projeto, que mapeou, pesquisou e trabalhou junto a 120 artes\u00e3os organizados em cinco associa\u00e7\u00f5es. A exposi\u00e7\u00e3o detalha principalmente o universo dos artes\u00e3os de Po\u00e7o Redondo, a cidade sergipana onde foram mortos Lampi\u00e3o e Maria Bonita.<\/p>\n<p style=\"text-align: justify;\"><strong><img fetchpriority=\"high\" decoding=\"async\" class=\"size-full alignright\" src=\"http:\/\/www.bolsadearte.com\/oparalelo\/wp-content\/uploads\/2017\/01\/montagem-%E2%80%9CTerrit%C3%B3rios%E2%80%9D_Cr%C3%A9dito-Roberto-Pontes_CJ0A0042.jpg\" width=\"567\" height=\"378\" \/>Percurso da exposi\u00e7\u00e3o<\/strong><\/p>\n<p style=\"text-align: justify;\">Na primeira sala de \u201cTerrit\u00f3rios\u201d, est\u00e3o centenas de quadros contendo imagens e informa\u00e7\u00f5es sobre a cidade, seus personagens e sua hist\u00f3ria, com legendas escritas \u00e0 m\u00e3o por um grupo de jovens cal\u00edgrafos de S\u00e3o Paulo. O ch\u00e3o ser\u00e1 coberto por um tapete onde se ver\u00e1 impresso um mapa com a rela\u00e7\u00e3o entre a cidade e as metr\u00f3poles. Sobre o ch\u00e3o, uma bola de 1,5m de di\u00e2metro, feita em fibra de vidro, conter\u00e1 informa\u00e7\u00f5es sobre Po\u00e7o Redondo, e poder\u00e1 ser girada por uma ou mais pessoas, em um movimento conjunto para que a leitura seja partilhada.<\/p>\n<p style=\"text-align: justify;\"><strong>Paredes bordadas<\/strong><\/p>\n<p style=\"text-align: justify;\">Na segunda sala, o p\u00fablico ver\u00e1 paredes recobertas por tramas de linhas coloridas sobre uma escrita bordada com fios de l\u00e3 vermelha que mostra o trabalho associativo dos artes\u00e3os. No centro do espa\u00e7o 19 cadeiras, em c\u00edrculo, fazem uma alus\u00e3o \u00e0s reuni\u00f5es, e, sobre cada um dos assentos, estar\u00e1 um trabalho feito pelos artes\u00e3os antes da chegada do projeto do SEBRAE\/IPTI. \u201cUm dos fatos revelados pelo projeto \u00e9 que o elo de confian\u00e7a estabelecido \u00e9 fundamental. Tudo \u00e9 t\u00eanue, delicado, sutil. N\u00e3o s\u00e3o rela\u00e7\u00f5es f\u00e1ceis e \u00f3bvias. Eu gostaria que o p\u00fablico perceba esta delicadeza, que isso se reflita em sua atitude diante da exposi\u00e7\u00e3o. Por isso tamb\u00e9m a presen\u00e7a da linha nesta sala, que representa esta sutileza\u201d, explica Bia Lessa.<\/p>\n<p style=\"text-align: justify;\">Na terceira sala, foram empregados mais de 2 milh\u00f5es 419 mil pregos, que formam uma caligrafia que conta a hist\u00f3ria do que pensam e sentem os artes\u00e3os,suas dificuldades e sonhos, em frases e conceitos retirados do question\u00e1rio respondido por eles durante o projeto. \u201cUm prego sozinho \u00e9 s\u00f3 um prego. Junto pode ser outra coisa. \u00c9 a ideia da associa\u00e7\u00e3o: um sozinho faz uma coisa, mas quando se tornam juntos, trabalham em um coletivo, transformam, tem uma l\u00f3gica, uma postura diferente\u201d, ressalta Bia Lessa.<\/p>\n<p style=\"text-align: justify;\">Um gigantesco rolo de tecido, com 40 metros de comprimento, cair\u00e1 de um andaime, e ondular\u00e1 sobre cavaletes na extens\u00e3o da sala. Museu da L\u00edngua Portuguesa, em S\u00e3o Paulo; pelo M\u00f3dulo Barroco na Bienal do Redescobrimento, em 2000, e por diversas exposi\u00e7\u00f5es, pe\u00e7as de teatro, \u00f3peras, shows etc. Museu da L\u00edngua Portuguesa, em S\u00e3o Paulo; pelo M\u00f3dulo Barroco na Bienal do Redescobrimento, em 2000, e por diversas exposi\u00e7\u00f5es, pe\u00e7as de teatro, \u00f3peras, shows etc. Bordeiras da Coopa Roca escreveram sobre o tecido o detalhamento das atividades dos artes\u00e3os, registrado no blog da associa\u00e7\u00e3o. Para ler o conte\u00fado, o p\u00fablico poder\u00e1 estender o tecido atrav\u00e9s de uma manivela.<\/p>\n<p style=\"text-align: justify;\">\u201cOs pregos e as linhas fazem parte do processo de trabalho deles, o bordado, a renda, tudo feito \u00e0 m\u00e3o, em um di\u00e1logo real com os materiais usados por eles e a tecnologia, ligando todos os conte\u00fados\u201d, diz Bia Lessa. Linhas de l\u00e3 percorrem o teto de todos os espa\u00e7os, e \u201ccosturam as ideias do que est\u00e1 na exposi\u00e7\u00e3o\u201d. Cada uma das salas tem uma trilha sonora pr\u00f3pria, composta por Dany Roland. O percurso da exposi\u00e7\u00e3o termina na loja do CRAB, onde estar\u00e3o as cria\u00e7\u00f5es dos artes\u00e3os feitas em parceria com os designers do projeto.<\/p>\n<p style=\"text-align: justify;\"><strong><img decoding=\"async\" class=\"size-full alignleft\" src=\"http:\/\/www.bolsadearte.com\/oparalelo\/wp-content\/uploads\/2017\/01\/Bolas-informativas-4_Cr%C3%A9dito-Roberto-Pontes.jpg\" width=\"567\" height=\"378\" \/>Instala\u00e7\u00e3o na cal\u00e7ada em frente ao CRAB<\/strong><\/p>\n<p style=\"text-align: justify;\">Os outros quatro munic\u00edpios abrangidos pelo projeto do SEBRAE\/IPTI estar\u00e3o em uma instala\u00e7\u00e3o na frente do CRAB, na cal\u00e7ada, onde quatro bolas de 1,5m de di\u00e2metro conter\u00e3o informa\u00e7\u00f5es sobre esses locais. \u201cAs bolas ir\u00e3o conviver com os transeuntes, dentro do objetivo do conv\u00edvio compartilhado\u201d, explica Bia Lessa que afirma ser \u201clouca pela Pra\u00e7a Tiradentes\u201d! \u201cTem tanta coisa bacana que acontece a sua volta, como os dois teatros, o Centro Carioca de Design, o Studio-X, a Estudantina, o Centro Municipal de Arte Helio Oiticica, e a exposi\u00e7\u00e3o criou um espa\u00e7o de di\u00e1logo com essa rica hist\u00f3ria\u201d, conta.<\/p>\n<p style=\"text-align: justify;\">Bia Lessa conta que ao ser convidada pelo SEBRAE a ideia inicial era mostrar somente as pe\u00e7as de artesanato. \u201cMas quando comecei a pesquisar o assunto deparei com o processo de trabalho realizado junto aos artes\u00e3os. Achei inusitado e sofisticado, pois \u00e9 um trabalho transformador e din\u00e2mico, unindo tecnologia e artesanato. Isso seria o diferente, pois expor produto artesanal tem em todo o lugar\u201d, diz.<\/p>\n<p style=\"text-align: justify;\"><strong>Ficha t\u00e9cnica<\/strong><\/p>\n<p style=\"text-align: justify;\">Concep\u00e7\u00e3o e Dire\u00e7\u00e3o Geral \u2013 Bia Lessa; Curadoria \u2013 Renata Piazzalunga (Instituto de Pesquisa em Tecnologia e Inova\u00e7\u00e3o); Trilha Sonora \u2013 Dany Roland; Design gr\u00e1fico \u2013 Rico Lins; Design de Luz-\u2013 Binho Schiffer e Bia Lessa; Arquitetura \u2013 Lucia Vaz Pato; Produ\u00e7\u00e3o Executiva \u2013 Arlindo Hartz.<\/p>\n<p style=\"text-align: justify;\"><strong>Sobre Bia Lessa<\/strong><\/p>\n<p style=\"text-align: justify;\">Bia Lessa, paulista 58 anos, artista respons\u00e1vel por trabalhos nas \u00e1reas de teatro, \u00f3pera, artes pl\u00e1sticas e cinema. Recentemente ganhou o pr\u00eamio de melhor longa- metragem na categoria Novos Rumos, no Festival do Rio com o filme \u201cEnt\u00e3o Morri\u201d; lan\u00e7a no pr\u00f3ximo dia 24 de janeiro, no MAM, o livro \u201cEnt\u00e3o, Maria Beth\u00e2nia\u201d, de sua autoria. Foi respons\u00e1vel pelo pavilh\u00e3o Humanidade 2012, no Forte de Copacabana durante a RIO + 20; pela reinaugura\u00e7\u00e3o do Theatro Municipal do Rio com a \u00f3pera \u201cIl Trovatore\u201d; pelo pavilh\u00e3o do Brasil na EXPO 2000, na Alemanha; pelo reinaugura\u00e7\u00e3o dos pain\u00e9is \u201cGuerra e Paz\u201d, de Portinari, na ONU, em Nova York; pela exposi\u00e7\u00e3o \u201cGrande Sert\u00e3o Veredas\u201d, na inaugura\u00e7\u00e3o do Museu da L\u00edngua Portuguesa, em S\u00e3o Paulo; pelo M\u00f3dulo Barroco na Bienal do Redescobrimento, em 2000, e por diversas exposi\u00e7\u00f5es, pe\u00e7as de teatro, \u00f3peras, shows etc.<\/p>\n<p style=\"text-align: justify;\"><strong>Sobre o CRAB<\/strong><\/p>\n<p style=\"text-align: justify;\">Instalado em um conjunto de tr\u00eas pr\u00e9dios do s\u00e9culo 18, em plena Pra\u00e7a Tiradentes, no Centro do Rio, o Centro SEBRAE de Refer\u00eancia do Artesanato Brasileiro \u00e9 um espa\u00e7o para a qualifica\u00e7\u00e3o do artesanato brasileiro, e tem como principal miss\u00e3o promover o artesanato nacional, contribuindo para o melhor posicionamento de imagem dos produtos feitos \u00e0 m\u00e3o no Brasil. O CRAB apresenta o artesanato ao mercado revelando suas hist\u00f3rias, origens, territ\u00f3rios, indiv\u00edduos e coletivos que criam objetos como express\u00e3o da cultura e da criatividade brasileira. O CRAB \u00e9 tamb\u00e9m espa\u00e7o de conex\u00e3o e de di\u00e1logo com outros segmentos da economia criativa como o design, a arquitetura, a m\u00fasica, o audiovisual, a literatura, a moda, as m\u00eddias e a cultura popular. O complexo arquitet\u00f4nico do CRAB est\u00e1 regido pela legisla\u00e7\u00e3o de prote\u00e7\u00e3o aos bens tombados pelo IPHAN, na esfera federal; pelo INEPAC, na estadual; e pelo IRPH, \u00f3rg\u00e3o municipal. Os tr\u00eas pr\u00e9dios fazem parte do Corredor Cultural do Rio Antigo, criado para preservar \u00e1reas hist\u00f3ricas. A loja-evento, como experi\u00eancia de consumo, comercializa o melhor artesanato brasileiro, sempre em di\u00e1logo com as exposi\u00e7\u00f5es.. O CRAB possui ainda espa\u00e7os multiuso, como um audit\u00f3rio de 100 lugares, uma midiateca e salas para oficinas. Os ambientes s\u00e3o destinados \u00e0 capacita\u00e7\u00e3o, forma\u00e7\u00e3o, especializa\u00e7\u00e3o, pesquisa e experimenta\u00e7\u00e3o. Tamb\u00e9m recebem shows, encontros, debates, palestras, lan\u00e7amentos de produtos e cursos livres.<\/p>\n<p style=\"text-align: justify;\"><strong>Sobre o IPTI<\/strong><\/p>\n<p style=\"text-align: justify;\">Fundado em 2003, em S\u00e3o Paulo, o Instituto de Pesquisas em Tecnologia e Inova\u00e7\u00e3o (IPTI) \u00e9 uma institui\u00e7\u00e3o privada, com fins n\u00e3o lucrativos, com o objetivo de desenvolver solu\u00e7\u00f5es integradas entre tecnologia e processos humanos, nas \u00e1reas priorit\u00e1rias de educa\u00e7\u00e3o, sa\u00fade p\u00fablica e economias criativas. Em 2006 o IPTI iniciou di\u00e1logos com o Governo de Sergipe a fim de instalar naquele estado um Centro de Tecnologias Sociais, associado a uma experi\u00eancia de promo\u00e7\u00e3o de desenvolvimento social e econ\u00f4mico, com base em uma integra\u00e7\u00e3o entre arte, ci\u00eancia e tecnologia (The Human Project). O objetivo era aplicar conhecimento cient\u00edfico e tecnol\u00f3gico para a constru\u00e7\u00e3o de um modelo inovador, baseado em uma integra\u00e7\u00e3o coordenada e sustent\u00e1vel entre design contempor\u00e2neo e processos artesanais, para o desenvolvimento de produtos com alto valor agregado, estabelecimento de inova\u00e7\u00e3o e aumento da competitividade. Em 2013 o IPTI foi vencedor do Pr\u00eamio FINEP de Inova\u00e7\u00e3o, na categoria Institui\u00e7\u00e3o de Ci\u00eancia e Tecnologia (ICT), pela regi\u00e3o nordeste.<\/p>\n<h3>De 20 de janeiro a 19 de abril.<\/h3>\n<h5 style=\"text-align: justify;\"><em><a href=\"https:\/\/arte351.pt\/art\/category\/colunistas-2\/colunistas\/\"><img decoding=\"async\" class=\"alignleft wp-image-398\" src=\"https:\/\/arte351.pt\/art\/wp-content\/uploads\/2016\/03\/avatar_renato_rosa-300x300.jpg\" alt=\"avatar_renato_rosa\" width=\"80\" height=\"80\" srcset=\"https:\/\/arte351.pt\/art\/wp-content\/uploads\/2016\/03\/avatar_renato_rosa-300x300.jpg 300w, https:\/\/arte351.pt\/art\/wp-content\/uploads\/2016\/03\/avatar_renato_rosa-150x150.jpg 150w, https:\/\/arte351.pt\/art\/wp-content\/uploads\/2016\/03\/avatar_renato_rosa.jpg 600w\" sizes=\"(max-width: 80px) 100vw, 80px\" \/><\/a><\/em><\/h5>\n<h5 style=\"text-align: justify;\"><em><a href=\"https:\/\/arte351.pt\/art\/category\/colunistas-2\/colunistas\/\">Coluna &#8211; <b class=\"gmail_sendername\">Renato Rosa<\/b><\/a><\/em><\/h5>\n<div>\n<h5 style=\"text-align: justify;\">Renato Rosa, brasileiro, S\u00e3o Gabriel, RS, Brasil, 1946. Marchand, pesquisador, editor do jornal cultural O PARALELO do site <a href=\"http:\/\/www.bolsadearte.com\/oparalelo\" target=\"_blank\">www.bolsadearte.com\/<wbr \/>oparalelo<\/a>, co-autor do \u201cDicion\u00e1rio de Artes Pl\u00e1sticas no Rio Grande do Sul\u201d, (2\u00aa edi\u00e7\u00e3o, 2000, esgotada) Editora da Universidade\/UFRGS.<\/h5>\n<\/div>\n","protected":false},"excerpt":{"rendered":"<p>O Centro de Refer\u00eancia do Artesanato Brasileiro, CRAB, Centro, Rio de Janeiro, RJ, inaugurou a exposi\u00e7\u00e3o \u201cTerrit\u00f3rios\u201d, com dire\u00e7\u00e3o geral e concep\u00e7\u00e3o visual de Bia Lessa, e curadoria de Renata [&hellip;]<\/p>\n","protected":false},"author":34415,"featured_media":1344,"comment_status":"open","ping_status":"open","sticky":false,"template":"","format":"standard","meta":{"_exactmetrics_skip_tracking":false,"_exactmetrics_sitenote_active":false,"_exactmetrics_sitenote_note":"","_exactmetrics_sitenote_category":0,"_uf_show_specific_survey":0,"_uf_disable_surveys":false,"footnotes":""},"categories":[7],"tags":[],"class_list":["post-1343","post","type-post","status-publish","format-standard","has-post-thumbnail","hentry","category-colunistas"],"yoast_head":"<!-- This site is optimized with the Yoast SEO plugin v27.3 - https:\/\/yoast.com\/product\/yoast-seo-wordpress\/ -->\n<title>TERRIT\u00d3RIOS - Arte351 - Art Magazine Portugal<\/title>\n<meta name=\"robots\" content=\"index, follow, max-snippet:-1, max-image-preview:large, max-video-preview:-1\" \/>\n<link rel=\"canonical\" href=\"https:\/\/arte351.pt\/art\/2017\/01\/20\/territorios\/\" \/>\n<meta property=\"og:locale\" content=\"pt_BR\" \/>\n<meta property=\"og:type\" content=\"article\" \/>\n<meta property=\"og:title\" content=\"TERRIT\u00d3RIOS - Arte351 - Art Magazine Portugal\" \/>\n<meta property=\"og:description\" content=\"O Centro de Refer\u00eancia do Artesanato Brasileiro, CRAB, Centro, Rio de Janeiro, RJ, inaugurou a exposi\u00e7\u00e3o \u201cTerrit\u00f3rios\u201d, com dire\u00e7\u00e3o geral e concep\u00e7\u00e3o visual de Bia Lessa, e curadoria de Renata [&hellip;]\" \/>\n<meta property=\"og:url\" content=\"https:\/\/arte351.pt\/art\/2017\/01\/20\/territorios\/\" \/>\n<meta property=\"og:site_name\" content=\"Arte351 - Art Magazine Portugal\" \/>\n<meta property=\"article:publisher\" content=\"https:\/\/www.facebook.com\/arte351magazine\/\" \/>\n<meta property=\"article:published_time\" content=\"2017-01-20T20:20:12+00:00\" \/>\n<meta property=\"article:modified_time\" content=\"2017-02-02T00:25:55+00:00\" \/>\n<meta property=\"og:image\" content=\"https:\/\/arte351.pt\/art\/wp-content\/uploads\/2017\/02\/arte-351-bia-lessa.jpg\" \/>\n\t<meta property=\"og:image:width\" content=\"1280\" \/>\n\t<meta property=\"og:image:height\" content=\"600\" \/>\n\t<meta property=\"og:image:type\" content=\"image\/jpeg\" \/>\n<meta name=\"author\" content=\"Equipa Arte 351\" \/>\n<meta name=\"twitter:label1\" content=\"Escrito por\" \/>\n\t<meta name=\"twitter:data1\" content=\"Equipa Arte 351\" \/>\n\t<meta name=\"twitter:label2\" content=\"Est. tempo de leitura\" \/>\n\t<meta name=\"twitter:data2\" content=\"9 minutos\" \/>\n<script type=\"application\/ld+json\" class=\"yoast-schema-graph\">{\"@context\":\"https:\\\/\\\/schema.org\",\"@graph\":[{\"@type\":\"Article\",\"@id\":\"https:\\\/\\\/arte351.pt\\\/art\\\/2017\\\/01\\\/20\\\/territorios\\\/#article\",\"isPartOf\":{\"@id\":\"https:\\\/\\\/arte351.pt\\\/art\\\/2017\\\/01\\\/20\\\/territorios\\\/\"},\"author\":{\"name\":\"Equipa Arte 351\",\"@id\":\"https:\\\/\\\/arte351.pt\\\/art\\\/#\\\/schema\\\/person\\\/1d081d5dbc7c2a3f2317da95c823a5bd\"},\"headline\":\"TERRIT\u00d3RIOS\",\"datePublished\":\"2017-01-20T20:20:12+00:00\",\"dateModified\":\"2017-02-02T00:25:55+00:00\",\"mainEntityOfPage\":{\"@id\":\"https:\\\/\\\/arte351.pt\\\/art\\\/2017\\\/01\\\/20\\\/territorios\\\/\"},\"wordCount\":1766,\"commentCount\":0,\"publisher\":{\"@id\":\"https:\\\/\\\/arte351.pt\\\/art\\\/#organization\"},\"image\":{\"@id\":\"https:\\\/\\\/arte351.pt\\\/art\\\/2017\\\/01\\\/20\\\/territorios\\\/#primaryimage\"},\"thumbnailUrl\":\"https:\\\/\\\/arte351.pt\\\/art\\\/wp-content\\\/uploads\\\/2017\\\/02\\\/arte-351-bia-lessa.jpg\",\"articleSection\":[\"Coluna - Renato Rosa\"],\"inLanguage\":\"pt-BR\",\"potentialAction\":[{\"@type\":\"CommentAction\",\"name\":\"Comment\",\"target\":[\"https:\\\/\\\/arte351.pt\\\/art\\\/2017\\\/01\\\/20\\\/territorios\\\/#respond\"]}]},{\"@type\":\"WebPage\",\"@id\":\"https:\\\/\\\/arte351.pt\\\/art\\\/2017\\\/01\\\/20\\\/territorios\\\/\",\"url\":\"https:\\\/\\\/arte351.pt\\\/art\\\/2017\\\/01\\\/20\\\/territorios\\\/\",\"name\":\"TERRIT\u00d3RIOS - Arte351 - Art Magazine Portugal\",\"isPartOf\":{\"@id\":\"https:\\\/\\\/arte351.pt\\\/art\\\/#website\"},\"primaryImageOfPage\":{\"@id\":\"https:\\\/\\\/arte351.pt\\\/art\\\/2017\\\/01\\\/20\\\/territorios\\\/#primaryimage\"},\"image\":{\"@id\":\"https:\\\/\\\/arte351.pt\\\/art\\\/2017\\\/01\\\/20\\\/territorios\\\/#primaryimage\"},\"thumbnailUrl\":\"https:\\\/\\\/arte351.pt\\\/art\\\/wp-content\\\/uploads\\\/2017\\\/02\\\/arte-351-bia-lessa.jpg\",\"datePublished\":\"2017-01-20T20:20:12+00:00\",\"dateModified\":\"2017-02-02T00:25:55+00:00\",\"breadcrumb\":{\"@id\":\"https:\\\/\\\/arte351.pt\\\/art\\\/2017\\\/01\\\/20\\\/territorios\\\/#breadcrumb\"},\"inLanguage\":\"pt-BR\",\"potentialAction\":[{\"@type\":\"ReadAction\",\"target\":[\"https:\\\/\\\/arte351.pt\\\/art\\\/2017\\\/01\\\/20\\\/territorios\\\/\"]}]},{\"@type\":\"ImageObject\",\"inLanguage\":\"pt-BR\",\"@id\":\"https:\\\/\\\/arte351.pt\\\/art\\\/2017\\\/01\\\/20\\\/territorios\\\/#primaryimage\",\"url\":\"https:\\\/\\\/arte351.pt\\\/art\\\/wp-content\\\/uploads\\\/2017\\\/02\\\/arte-351-bia-lessa.jpg\",\"contentUrl\":\"https:\\\/\\\/arte351.pt\\\/art\\\/wp-content\\\/uploads\\\/2017\\\/02\\\/arte-351-bia-lessa.jpg\",\"width\":1280,\"height\":600},{\"@type\":\"BreadcrumbList\",\"@id\":\"https:\\\/\\\/arte351.pt\\\/art\\\/2017\\\/01\\\/20\\\/territorios\\\/#breadcrumb\",\"itemListElement\":[{\"@type\":\"ListItem\",\"position\":1,\"name\":\"In\u00edcio\",\"item\":\"https:\\\/\\\/arte351.pt\\\/art\\\/\"},{\"@type\":\"ListItem\",\"position\":2,\"name\":\"TERRIT\u00d3RIOS\"}]},{\"@type\":\"WebSite\",\"@id\":\"https:\\\/\\\/arte351.pt\\\/art\\\/#website\",\"url\":\"https:\\\/\\\/arte351.pt\\\/art\\\/\",\"name\":\"Arte351 - Art Magazine Portugal\",\"description\":\"\",\"publisher\":{\"@id\":\"https:\\\/\\\/arte351.pt\\\/art\\\/#organization\"},\"potentialAction\":[{\"@type\":\"SearchAction\",\"target\":{\"@type\":\"EntryPoint\",\"urlTemplate\":\"https:\\\/\\\/arte351.pt\\\/art\\\/?s={search_term_string}\"},\"query-input\":{\"@type\":\"PropertyValueSpecification\",\"valueRequired\":true,\"valueName\":\"search_term_string\"}}],\"inLanguage\":\"pt-BR\"},{\"@type\":\"Organization\",\"@id\":\"https:\\\/\\\/arte351.pt\\\/art\\\/#organization\",\"name\":\"Arte351 - Art Magazine Portugal\",\"url\":\"https:\\\/\\\/arte351.pt\\\/art\\\/\",\"logo\":{\"@type\":\"ImageObject\",\"inLanguage\":\"pt-BR\",\"@id\":\"https:\\\/\\\/arte351.pt\\\/art\\\/#\\\/schema\\\/logo\\\/image\\\/\",\"url\":\"https:\\\/\\\/arte351.pt\\\/art\\\/wp-content\\\/uploads\\\/2020\\\/03\\\/cropped-logo-arte351-color.png\",\"contentUrl\":\"https:\\\/\\\/arte351.pt\\\/art\\\/wp-content\\\/uploads\\\/2020\\\/03\\\/cropped-logo-arte351-color.png\",\"width\":514,\"height\":200,\"caption\":\"Arte351 - Art Magazine Portugal\"},\"image\":{\"@id\":\"https:\\\/\\\/arte351.pt\\\/art\\\/#\\\/schema\\\/logo\\\/image\\\/\"},\"sameAs\":[\"https:\\\/\\\/www.facebook.com\\\/arte351magazine\\\/\"]},{\"@type\":\"Person\",\"@id\":\"https:\\\/\\\/arte351.pt\\\/art\\\/#\\\/schema\\\/person\\\/1d081d5dbc7c2a3f2317da95c823a5bd\",\"name\":\"Equipa Arte 351\",\"image\":{\"@type\":\"ImageObject\",\"inLanguage\":\"pt-BR\",\"@id\":\"https:\\\/\\\/secure.gravatar.com\\\/avatar\\\/3f97e62c832ede8fafe5d2f9e31f8a055e187b6b31056d1e065d95e034db52e2?s=96&d=mm&r=g\",\"url\":\"https:\\\/\\\/secure.gravatar.com\\\/avatar\\\/3f97e62c832ede8fafe5d2f9e31f8a055e187b6b31056d1e065d95e034db52e2?s=96&d=mm&r=g\",\"contentUrl\":\"https:\\\/\\\/secure.gravatar.com\\\/avatar\\\/3f97e62c832ede8fafe5d2f9e31f8a055e187b6b31056d1e065d95e034db52e2?s=96&d=mm&r=g\",\"caption\":\"Equipa Arte 351\"},\"url\":\"https:\\\/\\\/arte351.pt\\\/art\\\/author\\\/admin2\\\/\"}]}<\/script>\n<!-- \/ Yoast SEO plugin. -->","yoast_head_json":{"title":"TERRIT\u00d3RIOS - Arte351 - Art Magazine Portugal","robots":{"index":"index","follow":"follow","max-snippet":"max-snippet:-1","max-image-preview":"max-image-preview:large","max-video-preview":"max-video-preview:-1"},"canonical":"https:\/\/arte351.pt\/art\/2017\/01\/20\/territorios\/","og_locale":"pt_BR","og_type":"article","og_title":"TERRIT\u00d3RIOS - Arte351 - Art Magazine Portugal","og_description":"O Centro de Refer\u00eancia do Artesanato Brasileiro, CRAB, Centro, Rio de Janeiro, RJ, inaugurou a exposi\u00e7\u00e3o \u201cTerrit\u00f3rios\u201d, com dire\u00e7\u00e3o geral e concep\u00e7\u00e3o visual de Bia Lessa, e curadoria de Renata [&hellip;]","og_url":"https:\/\/arte351.pt\/art\/2017\/01\/20\/territorios\/","og_site_name":"Arte351 - Art Magazine Portugal","article_publisher":"https:\/\/www.facebook.com\/arte351magazine\/","article_published_time":"2017-01-20T20:20:12+00:00","article_modified_time":"2017-02-02T00:25:55+00:00","og_image":[{"width":1280,"height":600,"url":"https:\/\/arte351.pt\/art\/wp-content\/uploads\/2017\/02\/arte-351-bia-lessa.jpg","type":"image\/jpeg"}],"author":"Equipa Arte 351","twitter_misc":{"Escrito por":"Equipa Arte 351","Est. tempo de leitura":"9 minutos"},"schema":{"@context":"https:\/\/schema.org","@graph":[{"@type":"Article","@id":"https:\/\/arte351.pt\/art\/2017\/01\/20\/territorios\/#article","isPartOf":{"@id":"https:\/\/arte351.pt\/art\/2017\/01\/20\/territorios\/"},"author":{"name":"Equipa Arte 351","@id":"https:\/\/arte351.pt\/art\/#\/schema\/person\/1d081d5dbc7c2a3f2317da95c823a5bd"},"headline":"TERRIT\u00d3RIOS","datePublished":"2017-01-20T20:20:12+00:00","dateModified":"2017-02-02T00:25:55+00:00","mainEntityOfPage":{"@id":"https:\/\/arte351.pt\/art\/2017\/01\/20\/territorios\/"},"wordCount":1766,"commentCount":0,"publisher":{"@id":"https:\/\/arte351.pt\/art\/#organization"},"image":{"@id":"https:\/\/arte351.pt\/art\/2017\/01\/20\/territorios\/#primaryimage"},"thumbnailUrl":"https:\/\/arte351.pt\/art\/wp-content\/uploads\/2017\/02\/arte-351-bia-lessa.jpg","articleSection":["Coluna - Renato Rosa"],"inLanguage":"pt-BR","potentialAction":[{"@type":"CommentAction","name":"Comment","target":["https:\/\/arte351.pt\/art\/2017\/01\/20\/territorios\/#respond"]}]},{"@type":"WebPage","@id":"https:\/\/arte351.pt\/art\/2017\/01\/20\/territorios\/","url":"https:\/\/arte351.pt\/art\/2017\/01\/20\/territorios\/","name":"TERRIT\u00d3RIOS - Arte351 - Art Magazine Portugal","isPartOf":{"@id":"https:\/\/arte351.pt\/art\/#website"},"primaryImageOfPage":{"@id":"https:\/\/arte351.pt\/art\/2017\/01\/20\/territorios\/#primaryimage"},"image":{"@id":"https:\/\/arte351.pt\/art\/2017\/01\/20\/territorios\/#primaryimage"},"thumbnailUrl":"https:\/\/arte351.pt\/art\/wp-content\/uploads\/2017\/02\/arte-351-bia-lessa.jpg","datePublished":"2017-01-20T20:20:12+00:00","dateModified":"2017-02-02T00:25:55+00:00","breadcrumb":{"@id":"https:\/\/arte351.pt\/art\/2017\/01\/20\/territorios\/#breadcrumb"},"inLanguage":"pt-BR","potentialAction":[{"@type":"ReadAction","target":["https:\/\/arte351.pt\/art\/2017\/01\/20\/territorios\/"]}]},{"@type":"ImageObject","inLanguage":"pt-BR","@id":"https:\/\/arte351.pt\/art\/2017\/01\/20\/territorios\/#primaryimage","url":"https:\/\/arte351.pt\/art\/wp-content\/uploads\/2017\/02\/arte-351-bia-lessa.jpg","contentUrl":"https:\/\/arte351.pt\/art\/wp-content\/uploads\/2017\/02\/arte-351-bia-lessa.jpg","width":1280,"height":600},{"@type":"BreadcrumbList","@id":"https:\/\/arte351.pt\/art\/2017\/01\/20\/territorios\/#breadcrumb","itemListElement":[{"@type":"ListItem","position":1,"name":"In\u00edcio","item":"https:\/\/arte351.pt\/art\/"},{"@type":"ListItem","position":2,"name":"TERRIT\u00d3RIOS"}]},{"@type":"WebSite","@id":"https:\/\/arte351.pt\/art\/#website","url":"https:\/\/arte351.pt\/art\/","name":"Arte351 - Art Magazine Portugal","description":"","publisher":{"@id":"https:\/\/arte351.pt\/art\/#organization"},"potentialAction":[{"@type":"SearchAction","target":{"@type":"EntryPoint","urlTemplate":"https:\/\/arte351.pt\/art\/?s={search_term_string}"},"query-input":{"@type":"PropertyValueSpecification","valueRequired":true,"valueName":"search_term_string"}}],"inLanguage":"pt-BR"},{"@type":"Organization","@id":"https:\/\/arte351.pt\/art\/#organization","name":"Arte351 - Art Magazine Portugal","url":"https:\/\/arte351.pt\/art\/","logo":{"@type":"ImageObject","inLanguage":"pt-BR","@id":"https:\/\/arte351.pt\/art\/#\/schema\/logo\/image\/","url":"https:\/\/arte351.pt\/art\/wp-content\/uploads\/2020\/03\/cropped-logo-arte351-color.png","contentUrl":"https:\/\/arte351.pt\/art\/wp-content\/uploads\/2020\/03\/cropped-logo-arte351-color.png","width":514,"height":200,"caption":"Arte351 - Art Magazine Portugal"},"image":{"@id":"https:\/\/arte351.pt\/art\/#\/schema\/logo\/image\/"},"sameAs":["https:\/\/www.facebook.com\/arte351magazine\/"]},{"@type":"Person","@id":"https:\/\/arte351.pt\/art\/#\/schema\/person\/1d081d5dbc7c2a3f2317da95c823a5bd","name":"Equipa Arte 351","image":{"@type":"ImageObject","inLanguage":"pt-BR","@id":"https:\/\/secure.gravatar.com\/avatar\/3f97e62c832ede8fafe5d2f9e31f8a055e187b6b31056d1e065d95e034db52e2?s=96&d=mm&r=g","url":"https:\/\/secure.gravatar.com\/avatar\/3f97e62c832ede8fafe5d2f9e31f8a055e187b6b31056d1e065d95e034db52e2?s=96&d=mm&r=g","contentUrl":"https:\/\/secure.gravatar.com\/avatar\/3f97e62c832ede8fafe5d2f9e31f8a055e187b6b31056d1e065d95e034db52e2?s=96&d=mm&r=g","caption":"Equipa Arte 351"},"url":"https:\/\/arte351.pt\/art\/author\/admin2\/"}]}},"_links":{"self":[{"href":"https:\/\/arte351.pt\/art\/wp-json\/wp\/v2\/posts\/1343","targetHints":{"allow":["GET"]}}],"collection":[{"href":"https:\/\/arte351.pt\/art\/wp-json\/wp\/v2\/posts"}],"about":[{"href":"https:\/\/arte351.pt\/art\/wp-json\/wp\/v2\/types\/post"}],"author":[{"embeddable":true,"href":"https:\/\/arte351.pt\/art\/wp-json\/wp\/v2\/users\/34415"}],"replies":[{"embeddable":true,"href":"https:\/\/arte351.pt\/art\/wp-json\/wp\/v2\/comments?post=1343"}],"version-history":[{"count":1,"href":"https:\/\/arte351.pt\/art\/wp-json\/wp\/v2\/posts\/1343\/revisions"}],"predecessor-version":[{"id":1345,"href":"https:\/\/arte351.pt\/art\/wp-json\/wp\/v2\/posts\/1343\/revisions\/1345"}],"wp:featuredmedia":[{"embeddable":true,"href":"https:\/\/arte351.pt\/art\/wp-json\/wp\/v2\/media\/1344"}],"wp:attachment":[{"href":"https:\/\/arte351.pt\/art\/wp-json\/wp\/v2\/media?parent=1343"}],"wp:term":[{"taxonomy":"category","embeddable":true,"href":"https:\/\/arte351.pt\/art\/wp-json\/wp\/v2\/categories?post=1343"},{"taxonomy":"post_tag","embeddable":true,"href":"https:\/\/arte351.pt\/art\/wp-json\/wp\/v2\/tags?post=1343"}],"curies":[{"name":"wp","href":"https:\/\/api.w.org\/{rel}","templated":true}]}}