{"id":166,"date":"2016-03-05T12:34:27","date_gmt":"2016-03-05T12:34:27","guid":{"rendered":"http:\/\/arte351.pt\/art\/?p=166"},"modified":"2016-03-09T12:37:53","modified_gmt":"2016-03-09T12:37:53","slug":"albrecht-durer-vem-a-lisboa","status":"publish","type":"post","link":"https:\/\/arte351.pt\/art\/2016\/03\/05\/albrecht-durer-vem-a-lisboa\/","title":{"rendered":"Albrecht D\u00fcrer vem a Lisboa!"},"content":{"rendered":"<p style=\"text-align: justify;\"><img fetchpriority=\"high\" decoding=\"async\" class=\"size-medium wp-image-167 alignleft\" src=\"https:\/\/arte351.pt\/art\/wp-content\/uploads\/2016\/03\/img_quadro_albrecht_durer001-229x300.jpg\" alt=\"img_quadro_albrecht_durer001\" width=\"229\" height=\"300\" srcset=\"https:\/\/arte351.pt\/art\/wp-content\/uploads\/2016\/03\/img_quadro_albrecht_durer001-229x300.jpg 229w, https:\/\/arte351.pt\/art\/wp-content\/uploads\/2016\/03\/img_quadro_albrecht_durer001.jpg 457w\" sizes=\"(max-width: 229px) 100vw, 229px\" \/>Um dos mais celebres quadros do pintor n\u00f3rdico renascentista Albrecht D\u00fcrer sera exposto no Museu Nacional de Arte Antiga de Lisboa a partir de maio de 2016 gra\u00e7as a um conv\u00eanio com o Museu do Prado, atual detentor da obra. Esta obra \u00e9 uma das tr\u00eas que o pintor fez de si mesmo. Pintado em 1498, o auto-retrato que vem a Portugal foi pintado depois da viagem de D\u00fcrer a It\u00e1lia. Segundo reportagem publicada no jornal portugu\u00eas <a href=\"http:\/\/expresso.sapo.pt\/cultura\/autorretrato-de-durer-chega-a-lisboa-em-2016=f857968\" target=\"_blank\">Expresso<\/a> &#8220;este \u00e9 um dos seus primeiros autorretratos, e mostra o pintor alem\u00e3o em pose altiva, garbosa, enquanto &#8220;gentil homem&#8221; e convicto das suas capacidades enquanto jovem pintor &#8211; \u00e0 \u00e9poca, D\u00fcrer teria 17 ou 18 anos&#8221;. A contrapartida da vinda do quadro de D\u00fcrer para Lisboa foi a ida de &#8220;Tenta\u00e7\u00f5es de Santo Ant\u00e3o&#8221;, de Bosh, que pertencente ao acervo do Museu Nacional de Arte Antiga.<\/p>\n<p style=\"text-align: justify;\">Ent\u00e3o, anote na agenda sua visita a partir de maio ao Museu Nacional de Arte Antiga e confira esta incr\u00edvel obra.<\/p>\n<p style=\"text-align: justify;\">Fonte:\u00a0http:\/\/expresso.sapo.pt\/cultura\/autorretrato-de-durer-chega-a-lisboa-em-2016=f857968<\/p>\n","protected":false},"excerpt":{"rendered":"<p>Um dos mais celebres quadros do pintor n\u00f3rdico renascentista Albrecht D\u00fcrer sera exposto no Museu Nacional de Arte Antiga de Lisboa a partir de maio de 2016 gra\u00e7as a um [&hellip;]<\/p>\n","protected":false},"author":34415,"featured_media":168,"comment_status":"open","ping_status":"open","sticky":false,"template":"","format":"standard","meta":{"_exactmetrics_skip_tracking":false,"_exactmetrics_sitenote_active":false,"_exactmetrics_sitenote_note":"","_exactmetrics_sitenote_category":0,"_uf_show_specific_survey":0,"_uf_disable_surveys":false,"footnotes":""},"categories":[2],"tags":[],"class_list":["post-166","post","type-post","status-publish","format-standard","has-post-thumbnail","hentry","category-art-contemp"],"yoast_head":"<!-- This site is optimized with the Yoast SEO plugin v27.3 - https:\/\/yoast.com\/product\/yoast-seo-wordpress\/ -->\n<title>Albrecht D\u00fcrer vem a Lisboa! - Arte351 - Art Magazine Portugal<\/title>\n<meta name=\"robots\" content=\"index, follow, max-snippet:-1, max-image-preview:large, max-video-preview:-1\" \/>\n<link rel=\"canonical\" href=\"https:\/\/arte351.pt\/art\/2016\/03\/05\/albrecht-durer-vem-a-lisboa\/\" \/>\n<meta property=\"og:locale\" content=\"pt_BR\" \/>\n<meta property=\"og:type\" content=\"article\" \/>\n<meta property=\"og:title\" content=\"Albrecht D\u00fcrer vem a Lisboa! - Arte351 - Art Magazine Portugal\" \/>\n<meta property=\"og:description\" content=\"Um dos mais celebres quadros do pintor n\u00f3rdico renascentista Albrecht D\u00fcrer sera exposto no Museu Nacional de Arte Antiga de Lisboa a partir de maio de 2016 gra\u00e7as a um [&hellip;]\" \/>\n<meta property=\"og:url\" content=\"https:\/\/arte351.pt\/art\/2016\/03\/05\/albrecht-durer-vem-a-lisboa\/\" \/>\n<meta property=\"og:site_name\" content=\"Arte351 - Art Magazine Portugal\" \/>\n<meta property=\"article:publisher\" content=\"https:\/\/www.facebook.com\/arte351magazine\/\" \/>\n<meta property=\"article:published_time\" content=\"2016-03-05T12:34:27+00:00\" \/>\n<meta property=\"article:modified_time\" content=\"2016-03-09T12:37:53+00:00\" \/>\n<meta property=\"og:image\" content=\"https:\/\/arte351.pt\/art\/wp-content\/uploads\/2016\/03\/img_quadro_albrecht_durer002.jpg\" \/>\n\t<meta property=\"og:image:width\" content=\"1280\" \/>\n\t<meta property=\"og:image:height\" content=\"600\" \/>\n\t<meta property=\"og:image:type\" content=\"image\/jpeg\" \/>\n<meta name=\"author\" content=\"Equipa Arte 351\" \/>\n<meta name=\"twitter:label1\" content=\"Escrito por\" \/>\n\t<meta name=\"twitter:data1\" content=\"Equipa Arte 351\" \/>\n\t<meta name=\"twitter:label2\" content=\"Est. tempo de leitura\" \/>\n\t<meta name=\"twitter:data2\" content=\"1 minuto\" \/>\n<script type=\"application\/ld+json\" class=\"yoast-schema-graph\">{\"@context\":\"https:\\\/\\\/schema.org\",\"@graph\":[{\"@type\":\"Article\",\"@id\":\"https:\\\/\\\/arte351.pt\\\/art\\\/2016\\\/03\\\/05\\\/albrecht-durer-vem-a-lisboa\\\/#article\",\"isPartOf\":{\"@id\":\"https:\\\/\\\/arte351.pt\\\/art\\\/2016\\\/03\\\/05\\\/albrecht-durer-vem-a-lisboa\\\/\"},\"author\":{\"name\":\"Equipa Arte 351\",\"@id\":\"https:\\\/\\\/arte351.pt\\\/art\\\/#\\\/schema\\\/person\\\/1d081d5dbc7c2a3f2317da95c823a5bd\"},\"headline\":\"Albrecht D\u00fcrer vem a Lisboa!\",\"datePublished\":\"2016-03-05T12:34:27+00:00\",\"dateModified\":\"2016-03-09T12:37:53+00:00\",\"mainEntityOfPage\":{\"@id\":\"https:\\\/\\\/arte351.pt\\\/art\\\/2016\\\/03\\\/05\\\/albrecht-durer-vem-a-lisboa\\\/\"},\"wordCount\":187,\"commentCount\":0,\"publisher\":{\"@id\":\"https:\\\/\\\/arte351.pt\\\/art\\\/#organization\"},\"image\":{\"@id\":\"https:\\\/\\\/arte351.pt\\\/art\\\/2016\\\/03\\\/05\\\/albrecht-durer-vem-a-lisboa\\\/#primaryimage\"},\"thumbnailUrl\":\"https:\\\/\\\/arte351.pt\\\/art\\\/wp-content\\\/uploads\\\/2016\\\/03\\\/img_quadro_albrecht_durer002.jpg\",\"articleSection\":[\"Arte\"],\"inLanguage\":\"pt-BR\",\"potentialAction\":[{\"@type\":\"CommentAction\",\"name\":\"Comment\",\"target\":[\"https:\\\/\\\/arte351.pt\\\/art\\\/2016\\\/03\\\/05\\\/albrecht-durer-vem-a-lisboa\\\/#respond\"]}]},{\"@type\":\"WebPage\",\"@id\":\"https:\\\/\\\/arte351.pt\\\/art\\\/2016\\\/03\\\/05\\\/albrecht-durer-vem-a-lisboa\\\/\",\"url\":\"https:\\\/\\\/arte351.pt\\\/art\\\/2016\\\/03\\\/05\\\/albrecht-durer-vem-a-lisboa\\\/\",\"name\":\"Albrecht D\u00fcrer vem a Lisboa! - Arte351 - Art Magazine Portugal\",\"isPartOf\":{\"@id\":\"https:\\\/\\\/arte351.pt\\\/art\\\/#website\"},\"primaryImageOfPage\":{\"@id\":\"https:\\\/\\\/arte351.pt\\\/art\\\/2016\\\/03\\\/05\\\/albrecht-durer-vem-a-lisboa\\\/#primaryimage\"},\"image\":{\"@id\":\"https:\\\/\\\/arte351.pt\\\/art\\\/2016\\\/03\\\/05\\\/albrecht-durer-vem-a-lisboa\\\/#primaryimage\"},\"thumbnailUrl\":\"https:\\\/\\\/arte351.pt\\\/art\\\/wp-content\\\/uploads\\\/2016\\\/03\\\/img_quadro_albrecht_durer002.jpg\",\"datePublished\":\"2016-03-05T12:34:27+00:00\",\"dateModified\":\"2016-03-09T12:37:53+00:00\",\"breadcrumb\":{\"@id\":\"https:\\\/\\\/arte351.pt\\\/art\\\/2016\\\/03\\\/05\\\/albrecht-durer-vem-a-lisboa\\\/#breadcrumb\"},\"inLanguage\":\"pt-BR\",\"potentialAction\":[{\"@type\":\"ReadAction\",\"target\":[\"https:\\\/\\\/arte351.pt\\\/art\\\/2016\\\/03\\\/05\\\/albrecht-durer-vem-a-lisboa\\\/\"]}]},{\"@type\":\"ImageObject\",\"inLanguage\":\"pt-BR\",\"@id\":\"https:\\\/\\\/arte351.pt\\\/art\\\/2016\\\/03\\\/05\\\/albrecht-durer-vem-a-lisboa\\\/#primaryimage\",\"url\":\"https:\\\/\\\/arte351.pt\\\/art\\\/wp-content\\\/uploads\\\/2016\\\/03\\\/img_quadro_albrecht_durer002.jpg\",\"contentUrl\":\"https:\\\/\\\/arte351.pt\\\/art\\\/wp-content\\\/uploads\\\/2016\\\/03\\\/img_quadro_albrecht_durer002.jpg\",\"width\":1280,\"height\":600},{\"@type\":\"BreadcrumbList\",\"@id\":\"https:\\\/\\\/arte351.pt\\\/art\\\/2016\\\/03\\\/05\\\/albrecht-durer-vem-a-lisboa\\\/#breadcrumb\",\"itemListElement\":[{\"@type\":\"ListItem\",\"position\":1,\"name\":\"In\u00edcio\",\"item\":\"https:\\\/\\\/arte351.pt\\\/art\\\/\"},{\"@type\":\"ListItem\",\"position\":2,\"name\":\"Albrecht D\u00fcrer vem a Lisboa!\"}]},{\"@type\":\"WebSite\",\"@id\":\"https:\\\/\\\/arte351.pt\\\/art\\\/#website\",\"url\":\"https:\\\/\\\/arte351.pt\\\/art\\\/\",\"name\":\"Arte351 - Art Magazine Portugal\",\"description\":\"\",\"publisher\":{\"@id\":\"https:\\\/\\\/arte351.pt\\\/art\\\/#organization\"},\"potentialAction\":[{\"@type\":\"SearchAction\",\"target\":{\"@type\":\"EntryPoint\",\"urlTemplate\":\"https:\\\/\\\/arte351.pt\\\/art\\\/?s={search_term_string}\"},\"query-input\":{\"@type\":\"PropertyValueSpecification\",\"valueRequired\":true,\"valueName\":\"search_term_string\"}}],\"inLanguage\":\"pt-BR\"},{\"@type\":\"Organization\",\"@id\":\"https:\\\/\\\/arte351.pt\\\/art\\\/#organization\",\"name\":\"Arte351 - Art Magazine Portugal\",\"url\":\"https:\\\/\\\/arte351.pt\\\/art\\\/\",\"logo\":{\"@type\":\"ImageObject\",\"inLanguage\":\"pt-BR\",\"@id\":\"https:\\\/\\\/arte351.pt\\\/art\\\/#\\\/schema\\\/logo\\\/image\\\/\",\"url\":\"https:\\\/\\\/arte351.pt\\\/art\\\/wp-content\\\/uploads\\\/2020\\\/03\\\/cropped-logo-arte351-color.png\",\"contentUrl\":\"https:\\\/\\\/arte351.pt\\\/art\\\/wp-content\\\/uploads\\\/2020\\\/03\\\/cropped-logo-arte351-color.png\",\"width\":514,\"height\":200,\"caption\":\"Arte351 - Art Magazine Portugal\"},\"image\":{\"@id\":\"https:\\\/\\\/arte351.pt\\\/art\\\/#\\\/schema\\\/logo\\\/image\\\/\"},\"sameAs\":[\"https:\\\/\\\/www.facebook.com\\\/arte351magazine\\\/\"]},{\"@type\":\"Person\",\"@id\":\"https:\\\/\\\/arte351.pt\\\/art\\\/#\\\/schema\\\/person\\\/1d081d5dbc7c2a3f2317da95c823a5bd\",\"name\":\"Equipa Arte 351\",\"image\":{\"@type\":\"ImageObject\",\"inLanguage\":\"pt-BR\",\"@id\":\"https:\\\/\\\/secure.gravatar.com\\\/avatar\\\/3f97e62c832ede8fafe5d2f9e31f8a055e187b6b31056d1e065d95e034db52e2?s=96&d=mm&r=g\",\"url\":\"https:\\\/\\\/secure.gravatar.com\\\/avatar\\\/3f97e62c832ede8fafe5d2f9e31f8a055e187b6b31056d1e065d95e034db52e2?s=96&d=mm&r=g\",\"contentUrl\":\"https:\\\/\\\/secure.gravatar.com\\\/avatar\\\/3f97e62c832ede8fafe5d2f9e31f8a055e187b6b31056d1e065d95e034db52e2?s=96&d=mm&r=g\",\"caption\":\"Equipa Arte 351\"},\"url\":\"https:\\\/\\\/arte351.pt\\\/art\\\/author\\\/admin2\\\/\"}]}<\/script>\n<!-- \/ Yoast SEO plugin. -->","yoast_head_json":{"title":"Albrecht D\u00fcrer vem a Lisboa! - Arte351 - Art Magazine Portugal","robots":{"index":"index","follow":"follow","max-snippet":"max-snippet:-1","max-image-preview":"max-image-preview:large","max-video-preview":"max-video-preview:-1"},"canonical":"https:\/\/arte351.pt\/art\/2016\/03\/05\/albrecht-durer-vem-a-lisboa\/","og_locale":"pt_BR","og_type":"article","og_title":"Albrecht D\u00fcrer vem a Lisboa! - Arte351 - Art Magazine Portugal","og_description":"Um dos mais celebres quadros do pintor n\u00f3rdico renascentista Albrecht D\u00fcrer sera exposto no Museu Nacional de Arte Antiga de Lisboa a partir de maio de 2016 gra\u00e7as a um [&hellip;]","og_url":"https:\/\/arte351.pt\/art\/2016\/03\/05\/albrecht-durer-vem-a-lisboa\/","og_site_name":"Arte351 - Art Magazine Portugal","article_publisher":"https:\/\/www.facebook.com\/arte351magazine\/","article_published_time":"2016-03-05T12:34:27+00:00","article_modified_time":"2016-03-09T12:37:53+00:00","og_image":[{"width":1280,"height":600,"url":"https:\/\/arte351.pt\/art\/wp-content\/uploads\/2016\/03\/img_quadro_albrecht_durer002.jpg","type":"image\/jpeg"}],"author":"Equipa Arte 351","twitter_misc":{"Escrito por":"Equipa Arte 351","Est. tempo de leitura":"1 minuto"},"schema":{"@context":"https:\/\/schema.org","@graph":[{"@type":"Article","@id":"https:\/\/arte351.pt\/art\/2016\/03\/05\/albrecht-durer-vem-a-lisboa\/#article","isPartOf":{"@id":"https:\/\/arte351.pt\/art\/2016\/03\/05\/albrecht-durer-vem-a-lisboa\/"},"author":{"name":"Equipa Arte 351","@id":"https:\/\/arte351.pt\/art\/#\/schema\/person\/1d081d5dbc7c2a3f2317da95c823a5bd"},"headline":"Albrecht D\u00fcrer vem a Lisboa!","datePublished":"2016-03-05T12:34:27+00:00","dateModified":"2016-03-09T12:37:53+00:00","mainEntityOfPage":{"@id":"https:\/\/arte351.pt\/art\/2016\/03\/05\/albrecht-durer-vem-a-lisboa\/"},"wordCount":187,"commentCount":0,"publisher":{"@id":"https:\/\/arte351.pt\/art\/#organization"},"image":{"@id":"https:\/\/arte351.pt\/art\/2016\/03\/05\/albrecht-durer-vem-a-lisboa\/#primaryimage"},"thumbnailUrl":"https:\/\/arte351.pt\/art\/wp-content\/uploads\/2016\/03\/img_quadro_albrecht_durer002.jpg","articleSection":["Arte"],"inLanguage":"pt-BR","potentialAction":[{"@type":"CommentAction","name":"Comment","target":["https:\/\/arte351.pt\/art\/2016\/03\/05\/albrecht-durer-vem-a-lisboa\/#respond"]}]},{"@type":"WebPage","@id":"https:\/\/arte351.pt\/art\/2016\/03\/05\/albrecht-durer-vem-a-lisboa\/","url":"https:\/\/arte351.pt\/art\/2016\/03\/05\/albrecht-durer-vem-a-lisboa\/","name":"Albrecht D\u00fcrer vem a Lisboa! - Arte351 - Art Magazine Portugal","isPartOf":{"@id":"https:\/\/arte351.pt\/art\/#website"},"primaryImageOfPage":{"@id":"https:\/\/arte351.pt\/art\/2016\/03\/05\/albrecht-durer-vem-a-lisboa\/#primaryimage"},"image":{"@id":"https:\/\/arte351.pt\/art\/2016\/03\/05\/albrecht-durer-vem-a-lisboa\/#primaryimage"},"thumbnailUrl":"https:\/\/arte351.pt\/art\/wp-content\/uploads\/2016\/03\/img_quadro_albrecht_durer002.jpg","datePublished":"2016-03-05T12:34:27+00:00","dateModified":"2016-03-09T12:37:53+00:00","breadcrumb":{"@id":"https:\/\/arte351.pt\/art\/2016\/03\/05\/albrecht-durer-vem-a-lisboa\/#breadcrumb"},"inLanguage":"pt-BR","potentialAction":[{"@type":"ReadAction","target":["https:\/\/arte351.pt\/art\/2016\/03\/05\/albrecht-durer-vem-a-lisboa\/"]}]},{"@type":"ImageObject","inLanguage":"pt-BR","@id":"https:\/\/arte351.pt\/art\/2016\/03\/05\/albrecht-durer-vem-a-lisboa\/#primaryimage","url":"https:\/\/arte351.pt\/art\/wp-content\/uploads\/2016\/03\/img_quadro_albrecht_durer002.jpg","contentUrl":"https:\/\/arte351.pt\/art\/wp-content\/uploads\/2016\/03\/img_quadro_albrecht_durer002.jpg","width":1280,"height":600},{"@type":"BreadcrumbList","@id":"https:\/\/arte351.pt\/art\/2016\/03\/05\/albrecht-durer-vem-a-lisboa\/#breadcrumb","itemListElement":[{"@type":"ListItem","position":1,"name":"In\u00edcio","item":"https:\/\/arte351.pt\/art\/"},{"@type":"ListItem","position":2,"name":"Albrecht D\u00fcrer vem a Lisboa!"}]},{"@type":"WebSite","@id":"https:\/\/arte351.pt\/art\/#website","url":"https:\/\/arte351.pt\/art\/","name":"Arte351 - Art Magazine Portugal","description":"","publisher":{"@id":"https:\/\/arte351.pt\/art\/#organization"},"potentialAction":[{"@type":"SearchAction","target":{"@type":"EntryPoint","urlTemplate":"https:\/\/arte351.pt\/art\/?s={search_term_string}"},"query-input":{"@type":"PropertyValueSpecification","valueRequired":true,"valueName":"search_term_string"}}],"inLanguage":"pt-BR"},{"@type":"Organization","@id":"https:\/\/arte351.pt\/art\/#organization","name":"Arte351 - Art Magazine Portugal","url":"https:\/\/arte351.pt\/art\/","logo":{"@type":"ImageObject","inLanguage":"pt-BR","@id":"https:\/\/arte351.pt\/art\/#\/schema\/logo\/image\/","url":"https:\/\/arte351.pt\/art\/wp-content\/uploads\/2020\/03\/cropped-logo-arte351-color.png","contentUrl":"https:\/\/arte351.pt\/art\/wp-content\/uploads\/2020\/03\/cropped-logo-arte351-color.png","width":514,"height":200,"caption":"Arte351 - Art Magazine Portugal"},"image":{"@id":"https:\/\/arte351.pt\/art\/#\/schema\/logo\/image\/"},"sameAs":["https:\/\/www.facebook.com\/arte351magazine\/"]},{"@type":"Person","@id":"https:\/\/arte351.pt\/art\/#\/schema\/person\/1d081d5dbc7c2a3f2317da95c823a5bd","name":"Equipa Arte 351","image":{"@type":"ImageObject","inLanguage":"pt-BR","@id":"https:\/\/secure.gravatar.com\/avatar\/3f97e62c832ede8fafe5d2f9e31f8a055e187b6b31056d1e065d95e034db52e2?s=96&d=mm&r=g","url":"https:\/\/secure.gravatar.com\/avatar\/3f97e62c832ede8fafe5d2f9e31f8a055e187b6b31056d1e065d95e034db52e2?s=96&d=mm&r=g","contentUrl":"https:\/\/secure.gravatar.com\/avatar\/3f97e62c832ede8fafe5d2f9e31f8a055e187b6b31056d1e065d95e034db52e2?s=96&d=mm&r=g","caption":"Equipa Arte 351"},"url":"https:\/\/arte351.pt\/art\/author\/admin2\/"}]}},"_links":{"self":[{"href":"https:\/\/arte351.pt\/art\/wp-json\/wp\/v2\/posts\/166","targetHints":{"allow":["GET"]}}],"collection":[{"href":"https:\/\/arte351.pt\/art\/wp-json\/wp\/v2\/posts"}],"about":[{"href":"https:\/\/arte351.pt\/art\/wp-json\/wp\/v2\/types\/post"}],"author":[{"embeddable":true,"href":"https:\/\/arte351.pt\/art\/wp-json\/wp\/v2\/users\/34415"}],"replies":[{"embeddable":true,"href":"https:\/\/arte351.pt\/art\/wp-json\/wp\/v2\/comments?post=166"}],"version-history":[{"count":3,"href":"https:\/\/arte351.pt\/art\/wp-json\/wp\/v2\/posts\/166\/revisions"}],"predecessor-version":[{"id":172,"href":"https:\/\/arte351.pt\/art\/wp-json\/wp\/v2\/posts\/166\/revisions\/172"}],"wp:featuredmedia":[{"embeddable":true,"href":"https:\/\/arte351.pt\/art\/wp-json\/wp\/v2\/media\/168"}],"wp:attachment":[{"href":"https:\/\/arte351.pt\/art\/wp-json\/wp\/v2\/media?parent=166"}],"wp:term":[{"taxonomy":"category","embeddable":true,"href":"https:\/\/arte351.pt\/art\/wp-json\/wp\/v2\/categories?post=166"},{"taxonomy":"post_tag","embeddable":true,"href":"https:\/\/arte351.pt\/art\/wp-json\/wp\/v2\/tags?post=166"}],"curies":[{"name":"wp","href":"https:\/\/api.w.org\/{rel}","templated":true}]}}