{"id":1673,"date":"2017-07-06T16:04:59","date_gmt":"2017-07-06T16:04:59","guid":{"rendered":"http:\/\/arte351.pt\/art\/?p=1673"},"modified":"2017-07-06T16:04:59","modified_gmt":"2017-07-06T16:04:59","slug":"arte-sem-fronteiras-em-portugal","status":"publish","type":"post","link":"https:\/\/arte351.pt\/art\/2017\/07\/06\/arte-sem-fronteiras-em-portugal\/","title":{"rendered":"ARTE SEM FRONTEIRAS EM PORTUGAL"},"content":{"rendered":"<h3 style=\"text-align: justify;\">O projeto ARTE SEM FRONTEIRAS passou pela R.Rodyner Gallery a mostrar a raz\u00e3o de tornar-se refer\u00eancia na divulga\u00e7\u00e3o e na revela\u00e7\u00e3o de talentos das artes visuais.<\/h3>\n<figure id=\"attachment_1677\" class=\"thumbnail wp-caption alignright\" style=\"width: 265px\"><img fetchpriority=\"high\" decoding=\"async\" class=\"wp-image-1677\" src=\"https:\/\/arte351.pt\/art\/wp-content\/uploads\/2017\/07\/11229845_1104735399606704_4547108440859693337_o.jpg\" alt=\"\" width=\"255\" height=\"472\" \/><figcaption class=\"caption wp-caption-text\">Angela Oliveira &#8211; Produtora e Curadora Arte Sem Fronteiras.<\/figcaption><\/figure>\n<p style=\"text-align: justify;\">Criado em 2014 pela produtora e curadora Angela Oliveira, o projeto veio a consolidar-se como refer\u00eancia por divulgar e fomentar o interc\u00e2mbio de artistas emergentes, e tamb\u00e9m de dar espa\u00e7o a novos talentos. Nestes tr\u00eas anos de realiza\u00e7\u00e3o, o ARTE SEM FRONTEIRAS promoveu artistas de diferentes nacionalidades em no mercado internacional das artes visuais sempre dando extrema aten\u00e7\u00e3o a sele\u00e7\u00e3o dos artistas, ao marketing e publicidade do evento.<\/p>\n<p style=\"text-align: justify;\">Com edi\u00e7\u00f5es no Brasil e em diferentes cidades ao redor do globo como; Paris, Miami, Porto, Barcelona, New York, Firenze, Boca Raton, Viena e Vaduz, o ARTE SEM FRONTEIRAS &#8220;desembarcou&#8221; na regi\u00e3o de Lisboa no dia 24 de Junho, permanecendo at\u00e9 o \u00faltimo dia 05 de julho na R.Rodyner Gallery, no Palacete Casa da Guia com mais uma mostra de arte recheada de talento e com obras para todos os gostos. Foram mais de 40 artista mostrando seu trabalho na charmosa e badalada Cascais.<\/p>\n<p><iframe src=\"https:\/\/www.youtube.com\/embed\/CpAfvEwPoTE\" width=\"650\" height=\"400\" frameborder=\"0\" allowfullscreen=\"allowfullscreen\"><\/iframe><\/p>\n<p style=\"text-align: justify;\">ARTISTAS PARTICIPANTES<br \/>\n<em>John Nicholson &#8211; Adriano Bassegio &#8211; Enio Godoy &#8211; F\u00e1bio Pantoni &#8211; Maria Mallman &#8211; Mizael Lima &#8211; Gilberto Martins &#8211; Diego Mendon\u00e7a &#8211; M\u00e1rcia Prata &#8211; Leca Ara\u00fajo &#8211; Rosangela Vig &#8211; Aldo Gallina &#8211; Dema Reis &#8211; In\u00eas Barroso &#8211; Alex \u00c1llen &#8211; Helena Cocentino &#8211; Valeria Totti &#8211; Georgia Rister &#8211; Alem\u00e3o Art &#8211; Mirela Floresy &#8211; MarLia &#8211; Sandro Ward &#8211; Brenno Baessa &#8211; Petterson Silva &#8211; Luciana Gomez &#8211; Z\u00e9lia Mendon\u00e7a &#8211; Henrique Vieira Filho &#8211; Renato Donzell &#8211; Ana Gomes &#8211; Ana Goldberger &#8211; Ricardo Munhoz &#8211; Marta Spagnol &#8211; V\u00e2nia Bergonsi &#8211; Juliana Salom\u00e3o &#8211; Miriam Furtado Krieger &#8211; Solange Ribeiro &#8211; Cl\u00e1udio Cupertino &#8211; Bruno Portella &#8211; Paula Portella &#8211; Danilo Borges &#8211; Nathalie Braga &#8211; Dalvani da Silveira &#8211; Karine Kischinhevsky &#8211; Mauro Kersul &#8211; Adriano Xavier &#8211; Su Revers\u00e9 &#8211; Tatiana Revers\u00e9<\/em><\/p>\n<p>Algumas obras expostas na edi\u00e7\u00e3o Lisboa &#8211; Cascais 2017<\/p>\n<p>[huge_it_gallery id=&#8221;7&#8243;]<\/p>\n<p style=\"text-align: justify;\">O projeto que vem ganhando a cada ano mais notoriedade, em 2016 foi indicado, pela edi\u00e7\u00e3o realizada na Art &amp; Design Gallery em Miami, ao pr\u00eamio Award Press como uma das 5 melhores exposi\u00e7\u00f5es do ano nos Estados Unidos. Esperamos a pr\u00f3xima edi\u00e7\u00e3o em Portugal para conferir mais arte de qualidade.<\/p>\n","protected":false},"excerpt":{"rendered":"<p>O projeto ARTE SEM FRONTEIRAS passou pela R.Rodyner Gallery a mostrar a raz\u00e3o de tornar-se refer\u00eancia na divulga\u00e7\u00e3o e na revela\u00e7\u00e3o de talentos das artes visuais. Criado em 2014 pela [&hellip;]<\/p>\n","protected":false},"author":34415,"featured_media":1676,"comment_status":"open","ping_status":"open","sticky":false,"template":"","format":"standard","meta":{"_exactmetrics_skip_tracking":false,"_exactmetrics_sitenote_active":false,"_exactmetrics_sitenote_note":"","_exactmetrics_sitenote_category":0,"_uf_show_specific_survey":0,"_uf_disable_surveys":false,"footnotes":""},"categories":[2],"tags":[],"class_list":["post-1673","post","type-post","status-publish","format-standard","has-post-thumbnail","hentry","category-art-contemp"],"yoast_head":"<!-- This site is optimized with the Yoast SEO plugin v27.3 - https:\/\/yoast.com\/product\/yoast-seo-wordpress\/ -->\n<title>ARTE SEM FRONTEIRAS EM PORTUGAL - Arte351 - Art Magazine Portugal<\/title>\n<meta name=\"robots\" content=\"index, follow, max-snippet:-1, max-image-preview:large, max-video-preview:-1\" \/>\n<link rel=\"canonical\" href=\"https:\/\/arte351.pt\/art\/2017\/07\/06\/arte-sem-fronteiras-em-portugal\/\" \/>\n<meta property=\"og:locale\" content=\"pt_BR\" \/>\n<meta property=\"og:type\" content=\"article\" \/>\n<meta property=\"og:title\" content=\"ARTE SEM FRONTEIRAS EM PORTUGAL - Arte351 - Art Magazine Portugal\" \/>\n<meta property=\"og:description\" content=\"O projeto ARTE SEM FRONTEIRAS passou pela R.Rodyner Gallery a mostrar a raz\u00e3o de tornar-se refer\u00eancia na divulga\u00e7\u00e3o e na revela\u00e7\u00e3o de talentos das artes visuais. Criado em 2014 pela [&hellip;]\" \/>\n<meta property=\"og:url\" content=\"https:\/\/arte351.pt\/art\/2017\/07\/06\/arte-sem-fronteiras-em-portugal\/\" \/>\n<meta property=\"og:site_name\" content=\"Arte351 - Art Magazine Portugal\" \/>\n<meta property=\"article:publisher\" content=\"https:\/\/www.facebook.com\/arte351magazine\/\" \/>\n<meta property=\"article:published_time\" content=\"2017-07-06T16:04:59+00:00\" \/>\n<meta property=\"og:image\" content=\"https:\/\/arte351.pt\/art\/wp-content\/uploads\/2017\/07\/arte-sem-fronteiras-arte351.jpg\" \/>\n\t<meta property=\"og:image:width\" content=\"1280\" \/>\n\t<meta property=\"og:image:height\" content=\"600\" \/>\n\t<meta property=\"og:image:type\" content=\"image\/jpeg\" \/>\n<meta name=\"author\" content=\"Equipa Arte 351\" \/>\n<meta name=\"twitter:label1\" content=\"Escrito por\" \/>\n\t<meta name=\"twitter:data1\" content=\"Equipa Arte 351\" \/>\n\t<meta name=\"twitter:label2\" content=\"Est. tempo de leitura\" \/>\n\t<meta name=\"twitter:data2\" content=\"2 minutos\" \/>\n<script type=\"application\/ld+json\" class=\"yoast-schema-graph\">{\"@context\":\"https:\\\/\\\/schema.org\",\"@graph\":[{\"@type\":\"Article\",\"@id\":\"https:\\\/\\\/arte351.pt\\\/art\\\/2017\\\/07\\\/06\\\/arte-sem-fronteiras-em-portugal\\\/#article\",\"isPartOf\":{\"@id\":\"https:\\\/\\\/arte351.pt\\\/art\\\/2017\\\/07\\\/06\\\/arte-sem-fronteiras-em-portugal\\\/\"},\"author\":{\"name\":\"Equipa Arte 351\",\"@id\":\"https:\\\/\\\/arte351.pt\\\/art\\\/#\\\/schema\\\/person\\\/1d081d5dbc7c2a3f2317da95c823a5bd\"},\"headline\":\"ARTE SEM FRONTEIRAS EM PORTUGAL\",\"datePublished\":\"2017-07-06T16:04:59+00:00\",\"mainEntityOfPage\":{\"@id\":\"https:\\\/\\\/arte351.pt\\\/art\\\/2017\\\/07\\\/06\\\/arte-sem-fronteiras-em-portugal\\\/\"},\"wordCount\":433,\"commentCount\":0,\"publisher\":{\"@id\":\"https:\\\/\\\/arte351.pt\\\/art\\\/#organization\"},\"image\":{\"@id\":\"https:\\\/\\\/arte351.pt\\\/art\\\/2017\\\/07\\\/06\\\/arte-sem-fronteiras-em-portugal\\\/#primaryimage\"},\"thumbnailUrl\":\"https:\\\/\\\/arte351.pt\\\/art\\\/wp-content\\\/uploads\\\/2017\\\/07\\\/arte-sem-fronteiras-arte351.jpg\",\"articleSection\":[\"Arte\"],\"inLanguage\":\"pt-BR\",\"potentialAction\":[{\"@type\":\"CommentAction\",\"name\":\"Comment\",\"target\":[\"https:\\\/\\\/arte351.pt\\\/art\\\/2017\\\/07\\\/06\\\/arte-sem-fronteiras-em-portugal\\\/#respond\"]}]},{\"@type\":\"WebPage\",\"@id\":\"https:\\\/\\\/arte351.pt\\\/art\\\/2017\\\/07\\\/06\\\/arte-sem-fronteiras-em-portugal\\\/\",\"url\":\"https:\\\/\\\/arte351.pt\\\/art\\\/2017\\\/07\\\/06\\\/arte-sem-fronteiras-em-portugal\\\/\",\"name\":\"ARTE SEM FRONTEIRAS EM PORTUGAL - Arte351 - Art Magazine Portugal\",\"isPartOf\":{\"@id\":\"https:\\\/\\\/arte351.pt\\\/art\\\/#website\"},\"primaryImageOfPage\":{\"@id\":\"https:\\\/\\\/arte351.pt\\\/art\\\/2017\\\/07\\\/06\\\/arte-sem-fronteiras-em-portugal\\\/#primaryimage\"},\"image\":{\"@id\":\"https:\\\/\\\/arte351.pt\\\/art\\\/2017\\\/07\\\/06\\\/arte-sem-fronteiras-em-portugal\\\/#primaryimage\"},\"thumbnailUrl\":\"https:\\\/\\\/arte351.pt\\\/art\\\/wp-content\\\/uploads\\\/2017\\\/07\\\/arte-sem-fronteiras-arte351.jpg\",\"datePublished\":\"2017-07-06T16:04:59+00:00\",\"breadcrumb\":{\"@id\":\"https:\\\/\\\/arte351.pt\\\/art\\\/2017\\\/07\\\/06\\\/arte-sem-fronteiras-em-portugal\\\/#breadcrumb\"},\"inLanguage\":\"pt-BR\",\"potentialAction\":[{\"@type\":\"ReadAction\",\"target\":[\"https:\\\/\\\/arte351.pt\\\/art\\\/2017\\\/07\\\/06\\\/arte-sem-fronteiras-em-portugal\\\/\"]}]},{\"@type\":\"ImageObject\",\"inLanguage\":\"pt-BR\",\"@id\":\"https:\\\/\\\/arte351.pt\\\/art\\\/2017\\\/07\\\/06\\\/arte-sem-fronteiras-em-portugal\\\/#primaryimage\",\"url\":\"https:\\\/\\\/arte351.pt\\\/art\\\/wp-content\\\/uploads\\\/2017\\\/07\\\/arte-sem-fronteiras-arte351.jpg\",\"contentUrl\":\"https:\\\/\\\/arte351.pt\\\/art\\\/wp-content\\\/uploads\\\/2017\\\/07\\\/arte-sem-fronteiras-arte351.jpg\",\"width\":1280,\"height\":600},{\"@type\":\"BreadcrumbList\",\"@id\":\"https:\\\/\\\/arte351.pt\\\/art\\\/2017\\\/07\\\/06\\\/arte-sem-fronteiras-em-portugal\\\/#breadcrumb\",\"itemListElement\":[{\"@type\":\"ListItem\",\"position\":1,\"name\":\"In\u00edcio\",\"item\":\"https:\\\/\\\/arte351.pt\\\/art\\\/\"},{\"@type\":\"ListItem\",\"position\":2,\"name\":\"ARTE SEM FRONTEIRAS EM PORTUGAL\"}]},{\"@type\":\"WebSite\",\"@id\":\"https:\\\/\\\/arte351.pt\\\/art\\\/#website\",\"url\":\"https:\\\/\\\/arte351.pt\\\/art\\\/\",\"name\":\"Arte351 - Art Magazine Portugal\",\"description\":\"\",\"publisher\":{\"@id\":\"https:\\\/\\\/arte351.pt\\\/art\\\/#organization\"},\"potentialAction\":[{\"@type\":\"SearchAction\",\"target\":{\"@type\":\"EntryPoint\",\"urlTemplate\":\"https:\\\/\\\/arte351.pt\\\/art\\\/?s={search_term_string}\"},\"query-input\":{\"@type\":\"PropertyValueSpecification\",\"valueRequired\":true,\"valueName\":\"search_term_string\"}}],\"inLanguage\":\"pt-BR\"},{\"@type\":\"Organization\",\"@id\":\"https:\\\/\\\/arte351.pt\\\/art\\\/#organization\",\"name\":\"Arte351 - Art Magazine Portugal\",\"url\":\"https:\\\/\\\/arte351.pt\\\/art\\\/\",\"logo\":{\"@type\":\"ImageObject\",\"inLanguage\":\"pt-BR\",\"@id\":\"https:\\\/\\\/arte351.pt\\\/art\\\/#\\\/schema\\\/logo\\\/image\\\/\",\"url\":\"https:\\\/\\\/arte351.pt\\\/art\\\/wp-content\\\/uploads\\\/2020\\\/03\\\/cropped-logo-arte351-color.png\",\"contentUrl\":\"https:\\\/\\\/arte351.pt\\\/art\\\/wp-content\\\/uploads\\\/2020\\\/03\\\/cropped-logo-arte351-color.png\",\"width\":514,\"height\":200,\"caption\":\"Arte351 - Art Magazine Portugal\"},\"image\":{\"@id\":\"https:\\\/\\\/arte351.pt\\\/art\\\/#\\\/schema\\\/logo\\\/image\\\/\"},\"sameAs\":[\"https:\\\/\\\/www.facebook.com\\\/arte351magazine\\\/\"]},{\"@type\":\"Person\",\"@id\":\"https:\\\/\\\/arte351.pt\\\/art\\\/#\\\/schema\\\/person\\\/1d081d5dbc7c2a3f2317da95c823a5bd\",\"name\":\"Equipa Arte 351\",\"image\":{\"@type\":\"ImageObject\",\"inLanguage\":\"pt-BR\",\"@id\":\"https:\\\/\\\/secure.gravatar.com\\\/avatar\\\/3f97e62c832ede8fafe5d2f9e31f8a055e187b6b31056d1e065d95e034db52e2?s=96&d=mm&r=g\",\"url\":\"https:\\\/\\\/secure.gravatar.com\\\/avatar\\\/3f97e62c832ede8fafe5d2f9e31f8a055e187b6b31056d1e065d95e034db52e2?s=96&d=mm&r=g\",\"contentUrl\":\"https:\\\/\\\/secure.gravatar.com\\\/avatar\\\/3f97e62c832ede8fafe5d2f9e31f8a055e187b6b31056d1e065d95e034db52e2?s=96&d=mm&r=g\",\"caption\":\"Equipa Arte 351\"},\"url\":\"https:\\\/\\\/arte351.pt\\\/art\\\/author\\\/admin2\\\/\"}]}<\/script>\n<!-- \/ Yoast SEO plugin. -->","yoast_head_json":{"title":"ARTE SEM FRONTEIRAS EM PORTUGAL - Arte351 - Art Magazine Portugal","robots":{"index":"index","follow":"follow","max-snippet":"max-snippet:-1","max-image-preview":"max-image-preview:large","max-video-preview":"max-video-preview:-1"},"canonical":"https:\/\/arte351.pt\/art\/2017\/07\/06\/arte-sem-fronteiras-em-portugal\/","og_locale":"pt_BR","og_type":"article","og_title":"ARTE SEM FRONTEIRAS EM PORTUGAL - Arte351 - Art Magazine Portugal","og_description":"O projeto ARTE SEM FRONTEIRAS passou pela R.Rodyner Gallery a mostrar a raz\u00e3o de tornar-se refer\u00eancia na divulga\u00e7\u00e3o e na revela\u00e7\u00e3o de talentos das artes visuais. Criado em 2014 pela [&hellip;]","og_url":"https:\/\/arte351.pt\/art\/2017\/07\/06\/arte-sem-fronteiras-em-portugal\/","og_site_name":"Arte351 - Art Magazine Portugal","article_publisher":"https:\/\/www.facebook.com\/arte351magazine\/","article_published_time":"2017-07-06T16:04:59+00:00","og_image":[{"width":1280,"height":600,"url":"https:\/\/arte351.pt\/art\/wp-content\/uploads\/2017\/07\/arte-sem-fronteiras-arte351.jpg","type":"image\/jpeg"}],"author":"Equipa Arte 351","twitter_misc":{"Escrito por":"Equipa Arte 351","Est. tempo de leitura":"2 minutos"},"schema":{"@context":"https:\/\/schema.org","@graph":[{"@type":"Article","@id":"https:\/\/arte351.pt\/art\/2017\/07\/06\/arte-sem-fronteiras-em-portugal\/#article","isPartOf":{"@id":"https:\/\/arte351.pt\/art\/2017\/07\/06\/arte-sem-fronteiras-em-portugal\/"},"author":{"name":"Equipa Arte 351","@id":"https:\/\/arte351.pt\/art\/#\/schema\/person\/1d081d5dbc7c2a3f2317da95c823a5bd"},"headline":"ARTE SEM FRONTEIRAS EM PORTUGAL","datePublished":"2017-07-06T16:04:59+00:00","mainEntityOfPage":{"@id":"https:\/\/arte351.pt\/art\/2017\/07\/06\/arte-sem-fronteiras-em-portugal\/"},"wordCount":433,"commentCount":0,"publisher":{"@id":"https:\/\/arte351.pt\/art\/#organization"},"image":{"@id":"https:\/\/arte351.pt\/art\/2017\/07\/06\/arte-sem-fronteiras-em-portugal\/#primaryimage"},"thumbnailUrl":"https:\/\/arte351.pt\/art\/wp-content\/uploads\/2017\/07\/arte-sem-fronteiras-arte351.jpg","articleSection":["Arte"],"inLanguage":"pt-BR","potentialAction":[{"@type":"CommentAction","name":"Comment","target":["https:\/\/arte351.pt\/art\/2017\/07\/06\/arte-sem-fronteiras-em-portugal\/#respond"]}]},{"@type":"WebPage","@id":"https:\/\/arte351.pt\/art\/2017\/07\/06\/arte-sem-fronteiras-em-portugal\/","url":"https:\/\/arte351.pt\/art\/2017\/07\/06\/arte-sem-fronteiras-em-portugal\/","name":"ARTE SEM FRONTEIRAS EM PORTUGAL - Arte351 - Art Magazine Portugal","isPartOf":{"@id":"https:\/\/arte351.pt\/art\/#website"},"primaryImageOfPage":{"@id":"https:\/\/arte351.pt\/art\/2017\/07\/06\/arte-sem-fronteiras-em-portugal\/#primaryimage"},"image":{"@id":"https:\/\/arte351.pt\/art\/2017\/07\/06\/arte-sem-fronteiras-em-portugal\/#primaryimage"},"thumbnailUrl":"https:\/\/arte351.pt\/art\/wp-content\/uploads\/2017\/07\/arte-sem-fronteiras-arte351.jpg","datePublished":"2017-07-06T16:04:59+00:00","breadcrumb":{"@id":"https:\/\/arte351.pt\/art\/2017\/07\/06\/arte-sem-fronteiras-em-portugal\/#breadcrumb"},"inLanguage":"pt-BR","potentialAction":[{"@type":"ReadAction","target":["https:\/\/arte351.pt\/art\/2017\/07\/06\/arte-sem-fronteiras-em-portugal\/"]}]},{"@type":"ImageObject","inLanguage":"pt-BR","@id":"https:\/\/arte351.pt\/art\/2017\/07\/06\/arte-sem-fronteiras-em-portugal\/#primaryimage","url":"https:\/\/arte351.pt\/art\/wp-content\/uploads\/2017\/07\/arte-sem-fronteiras-arte351.jpg","contentUrl":"https:\/\/arte351.pt\/art\/wp-content\/uploads\/2017\/07\/arte-sem-fronteiras-arte351.jpg","width":1280,"height":600},{"@type":"BreadcrumbList","@id":"https:\/\/arte351.pt\/art\/2017\/07\/06\/arte-sem-fronteiras-em-portugal\/#breadcrumb","itemListElement":[{"@type":"ListItem","position":1,"name":"In\u00edcio","item":"https:\/\/arte351.pt\/art\/"},{"@type":"ListItem","position":2,"name":"ARTE SEM FRONTEIRAS EM PORTUGAL"}]},{"@type":"WebSite","@id":"https:\/\/arte351.pt\/art\/#website","url":"https:\/\/arte351.pt\/art\/","name":"Arte351 - Art Magazine Portugal","description":"","publisher":{"@id":"https:\/\/arte351.pt\/art\/#organization"},"potentialAction":[{"@type":"SearchAction","target":{"@type":"EntryPoint","urlTemplate":"https:\/\/arte351.pt\/art\/?s={search_term_string}"},"query-input":{"@type":"PropertyValueSpecification","valueRequired":true,"valueName":"search_term_string"}}],"inLanguage":"pt-BR"},{"@type":"Organization","@id":"https:\/\/arte351.pt\/art\/#organization","name":"Arte351 - Art Magazine Portugal","url":"https:\/\/arte351.pt\/art\/","logo":{"@type":"ImageObject","inLanguage":"pt-BR","@id":"https:\/\/arte351.pt\/art\/#\/schema\/logo\/image\/","url":"https:\/\/arte351.pt\/art\/wp-content\/uploads\/2020\/03\/cropped-logo-arte351-color.png","contentUrl":"https:\/\/arte351.pt\/art\/wp-content\/uploads\/2020\/03\/cropped-logo-arte351-color.png","width":514,"height":200,"caption":"Arte351 - Art Magazine Portugal"},"image":{"@id":"https:\/\/arte351.pt\/art\/#\/schema\/logo\/image\/"},"sameAs":["https:\/\/www.facebook.com\/arte351magazine\/"]},{"@type":"Person","@id":"https:\/\/arte351.pt\/art\/#\/schema\/person\/1d081d5dbc7c2a3f2317da95c823a5bd","name":"Equipa Arte 351","image":{"@type":"ImageObject","inLanguage":"pt-BR","@id":"https:\/\/secure.gravatar.com\/avatar\/3f97e62c832ede8fafe5d2f9e31f8a055e187b6b31056d1e065d95e034db52e2?s=96&d=mm&r=g","url":"https:\/\/secure.gravatar.com\/avatar\/3f97e62c832ede8fafe5d2f9e31f8a055e187b6b31056d1e065d95e034db52e2?s=96&d=mm&r=g","contentUrl":"https:\/\/secure.gravatar.com\/avatar\/3f97e62c832ede8fafe5d2f9e31f8a055e187b6b31056d1e065d95e034db52e2?s=96&d=mm&r=g","caption":"Equipa Arte 351"},"url":"https:\/\/arte351.pt\/art\/author\/admin2\/"}]}},"_links":{"self":[{"href":"https:\/\/arte351.pt\/art\/wp-json\/wp\/v2\/posts\/1673","targetHints":{"allow":["GET"]}}],"collection":[{"href":"https:\/\/arte351.pt\/art\/wp-json\/wp\/v2\/posts"}],"about":[{"href":"https:\/\/arte351.pt\/art\/wp-json\/wp\/v2\/types\/post"}],"author":[{"embeddable":true,"href":"https:\/\/arte351.pt\/art\/wp-json\/wp\/v2\/users\/34415"}],"replies":[{"embeddable":true,"href":"https:\/\/arte351.pt\/art\/wp-json\/wp\/v2\/comments?post=1673"}],"version-history":[{"count":6,"href":"https:\/\/arte351.pt\/art\/wp-json\/wp\/v2\/posts\/1673\/revisions"}],"predecessor-version":[{"id":1689,"href":"https:\/\/arte351.pt\/art\/wp-json\/wp\/v2\/posts\/1673\/revisions\/1689"}],"wp:featuredmedia":[{"embeddable":true,"href":"https:\/\/arte351.pt\/art\/wp-json\/wp\/v2\/media\/1676"}],"wp:attachment":[{"href":"https:\/\/arte351.pt\/art\/wp-json\/wp\/v2\/media?parent=1673"}],"wp:term":[{"taxonomy":"category","embeddable":true,"href":"https:\/\/arte351.pt\/art\/wp-json\/wp\/v2\/categories?post=1673"},{"taxonomy":"post_tag","embeddable":true,"href":"https:\/\/arte351.pt\/art\/wp-json\/wp\/v2\/tags?post=1673"}],"curies":[{"name":"wp","href":"https:\/\/api.w.org\/{rel}","templated":true}]}}