{"id":1747,"date":"2017-08-24T08:30:48","date_gmt":"2017-08-24T08:30:48","guid":{"rendered":"http:\/\/arte351.pt\/art\/?p=1747"},"modified":"2017-08-24T23:00:44","modified_gmt":"2017-08-24T23:00:44","slug":"fundacao-edp-traz-bai-ming-portugal","status":"publish","type":"post","link":"https:\/\/arte351.pt\/art\/2017\/08\/24\/fundacao-edp-traz-bai-ming-portugal\/","title":{"rendered":"FUNDA\u00c7\u00c3O EDP TRAZ BAI MING A PORTUGAL!"},"content":{"rendered":"<p style=\"text-align: justify;\">Considerado uns dos expoentes das artes pl\u00e1sticas chinesa, Bai Ming teve grande contributo no resgate e inova\u00e7\u00e3o da tradi\u00e7\u00e3o com uma abordagem contempor\u00e2nea. &#8220;Fus\u00e3o entre o \u00f3leo e a tinta da china; a abstra\u00e7\u00e3o e a decora\u00e7\u00e3o; a cer\u00e2mica e a escultura, entre a tradi\u00e7\u00e3o e as novas linguagens.&#8221; com bem define o texto sobre o artista no site do <a href=\"https:\/\/www.maat.pt\/pt\/noticia\/bai-ming-pela-primeira-vez-em-portugal-na-fundacao-edp\">MAAT<\/a>. <img decoding=\"async\" class=\"alignright\" src=\"https:\/\/s-media-cache-ak0.pinimg.com\/736x\/ff\/93\/6a\/ff936ad135469d0516bfb7f63d1b7c4d--ceramic-painting-contemporary-artists.jpg\" width=\"230\" height=\"172\" \/>Com a curadoria de Fan Di\u2019an, Presidente da Academia Central das Belas Artes da China, Rosa Goy e Margarida Almeida Chantre, do MAAT, o museu inaugurou a exposi\u00e7\u00e3o\u00a0\u2018Branco e Azul | Bai Ming \u2013 Lisboa\u2019 no dia 12 de julho, apresentando mais de 200 obras do artista entre pinturas, desenhos e cer\u00e2micas, estando aberta a visita\u00e7\u00e3o at\u00e9 o dia 4 de setembro.<\/p>\n<p style=\"text-align: justify;\">Pedro Gadanho, Diretor do MAAT, refor\u00e7a a import\u00e2ncia da exposi\u00e7\u00e3o: \u201cNum dos mais simb\u00f3licos espa\u00e7os institucionais da Central Tejo, mas tamb\u00e9m no contexto do rec\u00e9m-inaugurado jardim de um campus em estado de acelera\u00e7\u00e3o renovada, acolhemos o importante trabalho de um artista que atualiza e expande a tradi\u00e7\u00e3o da porcelana, como uma das mais fortes express\u00f5es art\u00edsticas de um pa\u00eds de cultura milenar\u201d.<\/p>\n<p><img fetchpriority=\"high\" decoding=\"async\" class=\"aligncenter\" src=\"http:\/\/i2.wp.com\/turistacidental.com\/news\/wp-content\/uploads\/sites\/2\/2017\/07\/bai01.jpg?w=900\" width=\"716\" height=\"483\" \/><\/p>\n<p style=\"text-align: justify;\">Em Lisboa pela primeira vez, Bai Ming apresenta uma s\u00e9rie de pe\u00e7as com a predomin\u00e2ncia do azul, que define a rela\u00e7\u00e3o mar\u00edtima entre Portugal e China. Resultados do Interc\u00e2mbio Cultural ao Abrigo da Iniciativa \u2018Uma Faixa, uma Rota\u2019, a exposi\u00e7\u00e3o \u2018Branco e Azul | Bai Ming \u2013 Lisboa\u2019 est\u00e1 integrada no programa Coopera\u00e7\u00e3o Sino-Portuguesa.<\/p>\n<p><em>Pra quem quiser conferir a arte contempor\u00e2nea chinesa:<\/em><\/p>\n<p><em>BRANCO E AZUL<\/em><br \/>\n<em>MAAT <\/em><br \/>\n<em>Central Tejo, <\/em><br \/>\n<em>Lisboa <\/em><br \/>\n<em>At\u00e9 4\/9 \u2022 12h-20h \u2022 Fecha 3.\u00aa<\/em><\/p>\n","protected":false},"excerpt":{"rendered":"<p>Considerado uns dos expoentes das artes pl\u00e1sticas chinesa, Bai Ming teve grande contributo no resgate e inova\u00e7\u00e3o da tradi\u00e7\u00e3o com uma abordagem contempor\u00e2nea. &#8220;Fus\u00e3o entre o \u00f3leo e a tinta [&hellip;]<\/p>\n","protected":false},"author":34415,"featured_media":1748,"comment_status":"open","ping_status":"open","sticky":false,"template":"","format":"standard","meta":{"_exactmetrics_skip_tracking":false,"_exactmetrics_sitenote_active":false,"_exactmetrics_sitenote_note":"","_exactmetrics_sitenote_category":0,"_uf_show_specific_survey":0,"_uf_disable_surveys":false,"footnotes":""},"categories":[2],"tags":[],"class_list":["post-1747","post","type-post","status-publish","format-standard","has-post-thumbnail","hentry","category-art-contemp"],"yoast_head":"<!-- This site is optimized with the Yoast SEO plugin v27.3 - https:\/\/yoast.com\/product\/yoast-seo-wordpress\/ -->\n<title>FUNDA\u00c7\u00c3O EDP TRAZ BAI MING A PORTUGAL! - Arte351 - Art Magazine Portugal<\/title>\n<meta name=\"robots\" content=\"index, follow, max-snippet:-1, max-image-preview:large, max-video-preview:-1\" \/>\n<link rel=\"canonical\" href=\"https:\/\/arte351.pt\/art\/2017\/08\/24\/fundacao-edp-traz-bai-ming-portugal\/\" \/>\n<meta property=\"og:locale\" content=\"pt_BR\" \/>\n<meta property=\"og:type\" content=\"article\" \/>\n<meta property=\"og:title\" content=\"FUNDA\u00c7\u00c3O EDP TRAZ BAI MING A PORTUGAL! - Arte351 - Art Magazine Portugal\" \/>\n<meta property=\"og:description\" content=\"Considerado uns dos expoentes das artes pl\u00e1sticas chinesa, Bai Ming teve grande contributo no resgate e inova\u00e7\u00e3o da tradi\u00e7\u00e3o com uma abordagem contempor\u00e2nea. &#8220;Fus\u00e3o entre o \u00f3leo e a tinta [&hellip;]\" \/>\n<meta property=\"og:url\" content=\"https:\/\/arte351.pt\/art\/2017\/08\/24\/fundacao-edp-traz-bai-ming-portugal\/\" \/>\n<meta property=\"og:site_name\" content=\"Arte351 - Art Magazine Portugal\" \/>\n<meta property=\"article:publisher\" content=\"https:\/\/www.facebook.com\/arte351magazine\/\" \/>\n<meta property=\"article:published_time\" content=\"2017-08-24T08:30:48+00:00\" \/>\n<meta property=\"article:modified_time\" content=\"2017-08-24T23:00:44+00:00\" \/>\n<meta property=\"og:image\" content=\"https:\/\/arte351.pt\/art\/wp-content\/uploads\/2017\/08\/arte351-bai-ming.jpg\" \/>\n\t<meta property=\"og:image:width\" content=\"1024\" \/>\n\t<meta property=\"og:image:height\" content=\"480\" \/>\n\t<meta property=\"og:image:type\" content=\"image\/jpeg\" \/>\n<meta name=\"author\" content=\"Equipa Arte 351\" \/>\n<meta name=\"twitter:label1\" content=\"Escrito por\" \/>\n\t<meta name=\"twitter:data1\" content=\"Equipa Arte 351\" \/>\n\t<meta name=\"twitter:label2\" content=\"Est. tempo de leitura\" \/>\n\t<meta name=\"twitter:data2\" content=\"1 minuto\" \/>\n<script type=\"application\/ld+json\" class=\"yoast-schema-graph\">{\"@context\":\"https:\\\/\\\/schema.org\",\"@graph\":[{\"@type\":\"Article\",\"@id\":\"https:\\\/\\\/arte351.pt\\\/art\\\/2017\\\/08\\\/24\\\/fundacao-edp-traz-bai-ming-portugal\\\/#article\",\"isPartOf\":{\"@id\":\"https:\\\/\\\/arte351.pt\\\/art\\\/2017\\\/08\\\/24\\\/fundacao-edp-traz-bai-ming-portugal\\\/\"},\"author\":{\"name\":\"Equipa Arte 351\",\"@id\":\"https:\\\/\\\/arte351.pt\\\/art\\\/#\\\/schema\\\/person\\\/1d081d5dbc7c2a3f2317da95c823a5bd\"},\"headline\":\"FUNDA\u00c7\u00c3O EDP TRAZ BAI MING A PORTUGAL!\",\"datePublished\":\"2017-08-24T08:30:48+00:00\",\"dateModified\":\"2017-08-24T23:00:44+00:00\",\"mainEntityOfPage\":{\"@id\":\"https:\\\/\\\/arte351.pt\\\/art\\\/2017\\\/08\\\/24\\\/fundacao-edp-traz-bai-ming-portugal\\\/\"},\"wordCount\":294,\"commentCount\":1,\"publisher\":{\"@id\":\"https:\\\/\\\/arte351.pt\\\/art\\\/#organization\"},\"image\":{\"@id\":\"https:\\\/\\\/arte351.pt\\\/art\\\/2017\\\/08\\\/24\\\/fundacao-edp-traz-bai-ming-portugal\\\/#primaryimage\"},\"thumbnailUrl\":\"https:\\\/\\\/arte351.pt\\\/art\\\/wp-content\\\/uploads\\\/2017\\\/08\\\/arte351-bai-ming.jpg\",\"articleSection\":[\"Arte\"],\"inLanguage\":\"pt-BR\",\"potentialAction\":[{\"@type\":\"CommentAction\",\"name\":\"Comment\",\"target\":[\"https:\\\/\\\/arte351.pt\\\/art\\\/2017\\\/08\\\/24\\\/fundacao-edp-traz-bai-ming-portugal\\\/#respond\"]}]},{\"@type\":\"WebPage\",\"@id\":\"https:\\\/\\\/arte351.pt\\\/art\\\/2017\\\/08\\\/24\\\/fundacao-edp-traz-bai-ming-portugal\\\/\",\"url\":\"https:\\\/\\\/arte351.pt\\\/art\\\/2017\\\/08\\\/24\\\/fundacao-edp-traz-bai-ming-portugal\\\/\",\"name\":\"FUNDA\u00c7\u00c3O EDP TRAZ BAI MING A PORTUGAL! - Arte351 - Art Magazine Portugal\",\"isPartOf\":{\"@id\":\"https:\\\/\\\/arte351.pt\\\/art\\\/#website\"},\"primaryImageOfPage\":{\"@id\":\"https:\\\/\\\/arte351.pt\\\/art\\\/2017\\\/08\\\/24\\\/fundacao-edp-traz-bai-ming-portugal\\\/#primaryimage\"},\"image\":{\"@id\":\"https:\\\/\\\/arte351.pt\\\/art\\\/2017\\\/08\\\/24\\\/fundacao-edp-traz-bai-ming-portugal\\\/#primaryimage\"},\"thumbnailUrl\":\"https:\\\/\\\/arte351.pt\\\/art\\\/wp-content\\\/uploads\\\/2017\\\/08\\\/arte351-bai-ming.jpg\",\"datePublished\":\"2017-08-24T08:30:48+00:00\",\"dateModified\":\"2017-08-24T23:00:44+00:00\",\"breadcrumb\":{\"@id\":\"https:\\\/\\\/arte351.pt\\\/art\\\/2017\\\/08\\\/24\\\/fundacao-edp-traz-bai-ming-portugal\\\/#breadcrumb\"},\"inLanguage\":\"pt-BR\",\"potentialAction\":[{\"@type\":\"ReadAction\",\"target\":[\"https:\\\/\\\/arte351.pt\\\/art\\\/2017\\\/08\\\/24\\\/fundacao-edp-traz-bai-ming-portugal\\\/\"]}]},{\"@type\":\"ImageObject\",\"inLanguage\":\"pt-BR\",\"@id\":\"https:\\\/\\\/arte351.pt\\\/art\\\/2017\\\/08\\\/24\\\/fundacao-edp-traz-bai-ming-portugal\\\/#primaryimage\",\"url\":\"https:\\\/\\\/arte351.pt\\\/art\\\/wp-content\\\/uploads\\\/2017\\\/08\\\/arte351-bai-ming.jpg\",\"contentUrl\":\"https:\\\/\\\/arte351.pt\\\/art\\\/wp-content\\\/uploads\\\/2017\\\/08\\\/arte351-bai-ming.jpg\",\"width\":1024,\"height\":480},{\"@type\":\"BreadcrumbList\",\"@id\":\"https:\\\/\\\/arte351.pt\\\/art\\\/2017\\\/08\\\/24\\\/fundacao-edp-traz-bai-ming-portugal\\\/#breadcrumb\",\"itemListElement\":[{\"@type\":\"ListItem\",\"position\":1,\"name\":\"In\u00edcio\",\"item\":\"https:\\\/\\\/arte351.pt\\\/art\\\/\"},{\"@type\":\"ListItem\",\"position\":2,\"name\":\"FUNDA\u00c7\u00c3O EDP TRAZ BAI MING A PORTUGAL!\"}]},{\"@type\":\"WebSite\",\"@id\":\"https:\\\/\\\/arte351.pt\\\/art\\\/#website\",\"url\":\"https:\\\/\\\/arte351.pt\\\/art\\\/\",\"name\":\"Arte351 - Art Magazine Portugal\",\"description\":\"\",\"publisher\":{\"@id\":\"https:\\\/\\\/arte351.pt\\\/art\\\/#organization\"},\"potentialAction\":[{\"@type\":\"SearchAction\",\"target\":{\"@type\":\"EntryPoint\",\"urlTemplate\":\"https:\\\/\\\/arte351.pt\\\/art\\\/?s={search_term_string}\"},\"query-input\":{\"@type\":\"PropertyValueSpecification\",\"valueRequired\":true,\"valueName\":\"search_term_string\"}}],\"inLanguage\":\"pt-BR\"},{\"@type\":\"Organization\",\"@id\":\"https:\\\/\\\/arte351.pt\\\/art\\\/#organization\",\"name\":\"Arte351 - Art Magazine Portugal\",\"url\":\"https:\\\/\\\/arte351.pt\\\/art\\\/\",\"logo\":{\"@type\":\"ImageObject\",\"inLanguage\":\"pt-BR\",\"@id\":\"https:\\\/\\\/arte351.pt\\\/art\\\/#\\\/schema\\\/logo\\\/image\\\/\",\"url\":\"https:\\\/\\\/arte351.pt\\\/art\\\/wp-content\\\/uploads\\\/2020\\\/03\\\/cropped-logo-arte351-color.png\",\"contentUrl\":\"https:\\\/\\\/arte351.pt\\\/art\\\/wp-content\\\/uploads\\\/2020\\\/03\\\/cropped-logo-arte351-color.png\",\"width\":514,\"height\":200,\"caption\":\"Arte351 - Art Magazine Portugal\"},\"image\":{\"@id\":\"https:\\\/\\\/arte351.pt\\\/art\\\/#\\\/schema\\\/logo\\\/image\\\/\"},\"sameAs\":[\"https:\\\/\\\/www.facebook.com\\\/arte351magazine\\\/\"]},{\"@type\":\"Person\",\"@id\":\"https:\\\/\\\/arte351.pt\\\/art\\\/#\\\/schema\\\/person\\\/1d081d5dbc7c2a3f2317da95c823a5bd\",\"name\":\"Equipa Arte 351\",\"image\":{\"@type\":\"ImageObject\",\"inLanguage\":\"pt-BR\",\"@id\":\"https:\\\/\\\/secure.gravatar.com\\\/avatar\\\/3f97e62c832ede8fafe5d2f9e31f8a055e187b6b31056d1e065d95e034db52e2?s=96&d=mm&r=g\",\"url\":\"https:\\\/\\\/secure.gravatar.com\\\/avatar\\\/3f97e62c832ede8fafe5d2f9e31f8a055e187b6b31056d1e065d95e034db52e2?s=96&d=mm&r=g\",\"contentUrl\":\"https:\\\/\\\/secure.gravatar.com\\\/avatar\\\/3f97e62c832ede8fafe5d2f9e31f8a055e187b6b31056d1e065d95e034db52e2?s=96&d=mm&r=g\",\"caption\":\"Equipa Arte 351\"},\"url\":\"https:\\\/\\\/arte351.pt\\\/art\\\/author\\\/admin2\\\/\"}]}<\/script>\n<!-- \/ Yoast SEO plugin. -->","yoast_head_json":{"title":"FUNDA\u00c7\u00c3O EDP TRAZ BAI MING A PORTUGAL! - Arte351 - Art Magazine Portugal","robots":{"index":"index","follow":"follow","max-snippet":"max-snippet:-1","max-image-preview":"max-image-preview:large","max-video-preview":"max-video-preview:-1"},"canonical":"https:\/\/arte351.pt\/art\/2017\/08\/24\/fundacao-edp-traz-bai-ming-portugal\/","og_locale":"pt_BR","og_type":"article","og_title":"FUNDA\u00c7\u00c3O EDP TRAZ BAI MING A PORTUGAL! - Arte351 - Art Magazine Portugal","og_description":"Considerado uns dos expoentes das artes pl\u00e1sticas chinesa, Bai Ming teve grande contributo no resgate e inova\u00e7\u00e3o da tradi\u00e7\u00e3o com uma abordagem contempor\u00e2nea. &#8220;Fus\u00e3o entre o \u00f3leo e a tinta [&hellip;]","og_url":"https:\/\/arte351.pt\/art\/2017\/08\/24\/fundacao-edp-traz-bai-ming-portugal\/","og_site_name":"Arte351 - Art Magazine Portugal","article_publisher":"https:\/\/www.facebook.com\/arte351magazine\/","article_published_time":"2017-08-24T08:30:48+00:00","article_modified_time":"2017-08-24T23:00:44+00:00","og_image":[{"width":1024,"height":480,"url":"https:\/\/arte351.pt\/art\/wp-content\/uploads\/2017\/08\/arte351-bai-ming.jpg","type":"image\/jpeg"}],"author":"Equipa Arte 351","twitter_misc":{"Escrito por":"Equipa Arte 351","Est. tempo de leitura":"1 minuto"},"schema":{"@context":"https:\/\/schema.org","@graph":[{"@type":"Article","@id":"https:\/\/arte351.pt\/art\/2017\/08\/24\/fundacao-edp-traz-bai-ming-portugal\/#article","isPartOf":{"@id":"https:\/\/arte351.pt\/art\/2017\/08\/24\/fundacao-edp-traz-bai-ming-portugal\/"},"author":{"name":"Equipa Arte 351","@id":"https:\/\/arte351.pt\/art\/#\/schema\/person\/1d081d5dbc7c2a3f2317da95c823a5bd"},"headline":"FUNDA\u00c7\u00c3O EDP TRAZ BAI MING A PORTUGAL!","datePublished":"2017-08-24T08:30:48+00:00","dateModified":"2017-08-24T23:00:44+00:00","mainEntityOfPage":{"@id":"https:\/\/arte351.pt\/art\/2017\/08\/24\/fundacao-edp-traz-bai-ming-portugal\/"},"wordCount":294,"commentCount":1,"publisher":{"@id":"https:\/\/arte351.pt\/art\/#organization"},"image":{"@id":"https:\/\/arte351.pt\/art\/2017\/08\/24\/fundacao-edp-traz-bai-ming-portugal\/#primaryimage"},"thumbnailUrl":"https:\/\/arte351.pt\/art\/wp-content\/uploads\/2017\/08\/arte351-bai-ming.jpg","articleSection":["Arte"],"inLanguage":"pt-BR","potentialAction":[{"@type":"CommentAction","name":"Comment","target":["https:\/\/arte351.pt\/art\/2017\/08\/24\/fundacao-edp-traz-bai-ming-portugal\/#respond"]}]},{"@type":"WebPage","@id":"https:\/\/arte351.pt\/art\/2017\/08\/24\/fundacao-edp-traz-bai-ming-portugal\/","url":"https:\/\/arte351.pt\/art\/2017\/08\/24\/fundacao-edp-traz-bai-ming-portugal\/","name":"FUNDA\u00c7\u00c3O EDP TRAZ BAI MING A PORTUGAL! - Arte351 - Art Magazine Portugal","isPartOf":{"@id":"https:\/\/arte351.pt\/art\/#website"},"primaryImageOfPage":{"@id":"https:\/\/arte351.pt\/art\/2017\/08\/24\/fundacao-edp-traz-bai-ming-portugal\/#primaryimage"},"image":{"@id":"https:\/\/arte351.pt\/art\/2017\/08\/24\/fundacao-edp-traz-bai-ming-portugal\/#primaryimage"},"thumbnailUrl":"https:\/\/arte351.pt\/art\/wp-content\/uploads\/2017\/08\/arte351-bai-ming.jpg","datePublished":"2017-08-24T08:30:48+00:00","dateModified":"2017-08-24T23:00:44+00:00","breadcrumb":{"@id":"https:\/\/arte351.pt\/art\/2017\/08\/24\/fundacao-edp-traz-bai-ming-portugal\/#breadcrumb"},"inLanguage":"pt-BR","potentialAction":[{"@type":"ReadAction","target":["https:\/\/arte351.pt\/art\/2017\/08\/24\/fundacao-edp-traz-bai-ming-portugal\/"]}]},{"@type":"ImageObject","inLanguage":"pt-BR","@id":"https:\/\/arte351.pt\/art\/2017\/08\/24\/fundacao-edp-traz-bai-ming-portugal\/#primaryimage","url":"https:\/\/arte351.pt\/art\/wp-content\/uploads\/2017\/08\/arte351-bai-ming.jpg","contentUrl":"https:\/\/arte351.pt\/art\/wp-content\/uploads\/2017\/08\/arte351-bai-ming.jpg","width":1024,"height":480},{"@type":"BreadcrumbList","@id":"https:\/\/arte351.pt\/art\/2017\/08\/24\/fundacao-edp-traz-bai-ming-portugal\/#breadcrumb","itemListElement":[{"@type":"ListItem","position":1,"name":"In\u00edcio","item":"https:\/\/arte351.pt\/art\/"},{"@type":"ListItem","position":2,"name":"FUNDA\u00c7\u00c3O EDP TRAZ BAI MING A PORTUGAL!"}]},{"@type":"WebSite","@id":"https:\/\/arte351.pt\/art\/#website","url":"https:\/\/arte351.pt\/art\/","name":"Arte351 - Art Magazine Portugal","description":"","publisher":{"@id":"https:\/\/arte351.pt\/art\/#organization"},"potentialAction":[{"@type":"SearchAction","target":{"@type":"EntryPoint","urlTemplate":"https:\/\/arte351.pt\/art\/?s={search_term_string}"},"query-input":{"@type":"PropertyValueSpecification","valueRequired":true,"valueName":"search_term_string"}}],"inLanguage":"pt-BR"},{"@type":"Organization","@id":"https:\/\/arte351.pt\/art\/#organization","name":"Arte351 - Art Magazine Portugal","url":"https:\/\/arte351.pt\/art\/","logo":{"@type":"ImageObject","inLanguage":"pt-BR","@id":"https:\/\/arte351.pt\/art\/#\/schema\/logo\/image\/","url":"https:\/\/arte351.pt\/art\/wp-content\/uploads\/2020\/03\/cropped-logo-arte351-color.png","contentUrl":"https:\/\/arte351.pt\/art\/wp-content\/uploads\/2020\/03\/cropped-logo-arte351-color.png","width":514,"height":200,"caption":"Arte351 - Art Magazine Portugal"},"image":{"@id":"https:\/\/arte351.pt\/art\/#\/schema\/logo\/image\/"},"sameAs":["https:\/\/www.facebook.com\/arte351magazine\/"]},{"@type":"Person","@id":"https:\/\/arte351.pt\/art\/#\/schema\/person\/1d081d5dbc7c2a3f2317da95c823a5bd","name":"Equipa Arte 351","image":{"@type":"ImageObject","inLanguage":"pt-BR","@id":"https:\/\/secure.gravatar.com\/avatar\/3f97e62c832ede8fafe5d2f9e31f8a055e187b6b31056d1e065d95e034db52e2?s=96&d=mm&r=g","url":"https:\/\/secure.gravatar.com\/avatar\/3f97e62c832ede8fafe5d2f9e31f8a055e187b6b31056d1e065d95e034db52e2?s=96&d=mm&r=g","contentUrl":"https:\/\/secure.gravatar.com\/avatar\/3f97e62c832ede8fafe5d2f9e31f8a055e187b6b31056d1e065d95e034db52e2?s=96&d=mm&r=g","caption":"Equipa Arte 351"},"url":"https:\/\/arte351.pt\/art\/author\/admin2\/"}]}},"_links":{"self":[{"href":"https:\/\/arte351.pt\/art\/wp-json\/wp\/v2\/posts\/1747","targetHints":{"allow":["GET"]}}],"collection":[{"href":"https:\/\/arte351.pt\/art\/wp-json\/wp\/v2\/posts"}],"about":[{"href":"https:\/\/arte351.pt\/art\/wp-json\/wp\/v2\/types\/post"}],"author":[{"embeddable":true,"href":"https:\/\/arte351.pt\/art\/wp-json\/wp\/v2\/users\/34415"}],"replies":[{"embeddable":true,"href":"https:\/\/arte351.pt\/art\/wp-json\/wp\/v2\/comments?post=1747"}],"version-history":[{"count":4,"href":"https:\/\/arte351.pt\/art\/wp-json\/wp\/v2\/posts\/1747\/revisions"}],"predecessor-version":[{"id":1753,"href":"https:\/\/arte351.pt\/art\/wp-json\/wp\/v2\/posts\/1747\/revisions\/1753"}],"wp:featuredmedia":[{"embeddable":true,"href":"https:\/\/arte351.pt\/art\/wp-json\/wp\/v2\/media\/1748"}],"wp:attachment":[{"href":"https:\/\/arte351.pt\/art\/wp-json\/wp\/v2\/media?parent=1747"}],"wp:term":[{"taxonomy":"category","embeddable":true,"href":"https:\/\/arte351.pt\/art\/wp-json\/wp\/v2\/categories?post=1747"},{"taxonomy":"post_tag","embeddable":true,"href":"https:\/\/arte351.pt\/art\/wp-json\/wp\/v2\/tags?post=1747"}],"curies":[{"name":"wp","href":"https:\/\/api.w.org\/{rel}","templated":true}]}}