{"id":1909,"date":"2017-11-18T01:02:26","date_gmt":"2017-11-18T01:02:26","guid":{"rendered":"http:\/\/arte351.pt\/art\/?p=1909"},"modified":"2017-11-18T01:02:26","modified_gmt":"2017-11-18T01:02:26","slug":"charlie-mancini-uma-viagem-no-tempo","status":"publish","type":"post","link":"https:\/\/arte351.pt\/art\/2017\/11\/18\/charlie-mancini-uma-viagem-no-tempo\/","title":{"rendered":"CHARLIE MANCINI &#8211; UMA VIAGEM NO TEMPO!"},"content":{"rendered":"<p style=\"text-align: justify;\">Desenvolvendo um trabalho art\u00edstico inusitado para os tempos de redes sociais e cinemas 4D, o artistas Charlie Mancini nos oferece em suas apresenta\u00e7\u00f5es uma verdadeira viagem no tempo. Sua arte consiste em compor trilhas sonoras ao vivo para cinema mudo. Isso mesmo, o m\u00fasico portugu\u00eas mant\u00e9m a arte de compor a trilha sonora de filmes ao vivo, como se fazia nos prim\u00f3rdios do cinema. Pra quem quiser conhecer mais sobre a obra do artista e viver esta interessante experi\u00eancia, Mancini estar\u00e1 neste domingo dia 19 de novembro, no Cinema S\u00e3o Jorge, em Lisboa, com o projeto Cine-concerto Solid\u00e1rio. O espet\u00e1culo, onde o artista ir\u00e1 musicar a com\u00e9dia hilariante &#8220;Seven Chances&#8221; (Buster Keaton, 1925), tem como prop\u00f3sito dar apoio a um grupo de jovens refugiados, a maioria dos quais s\u00edrios, que vivem em Lisboa h\u00e1 cerca de um ano. Conversamos brevemente com Charlie Mancini sobre seu trabalho e sobre o Cine-concerto Solid\u00e1rio, confira a seguir alguns trechos:<\/p>\n<p style=\"text-align: justify;\"><strong><img fetchpriority=\"high\" decoding=\"async\" class=\"wp-image-1911 alignright\" src=\"https:\/\/arte351.pt\/art\/wp-content\/uploads\/2017\/11\/arte351-charlie-mancini-003.jpg\" alt=\"\" width=\"375\" height=\"328\" \/>Arte351<\/strong> &#8211; Seu trabalho realmente \u00e9 algo diferente, de certo modo inusitado. Me fala um pouco de voc\u00ea e como surgiu a id\u00e9ia de trabalhar com trilha sonora de filmes mudos?<\/p>\n<p style=\"text-align: justify;\"><strong>Charlie Mancini<\/strong> &#8211; Ent\u00e3o tenho forma\u00e7\u00e3o cl\u00e1ssica (Conservat\u00f3rio) em piano e durante a adolesc\u00eancia comecei a interessar-me bastante pelo cinema. Em 2007 criei um colectivo de m\u00fasicos com cria\u00e7\u00f5es minhas a que chamei de Projecto Fuga. Isso chamou a aten\u00e7\u00e3o de uma associa\u00e7\u00e3o cultural em Portalegre (de nome Prometeu) e recebi o convite para musicar um filme americano de 1936 \u201cRose Hobart\u201d de Joseph Cornell para incluir na Mostra de Cinema Mudo que essa associa\u00e7\u00e3o fazia na ESE em Portalegre. Na altura j\u00e1 compunha bandas sonoras para curtas-metragens de filmes independentes e gostei tanto da experi\u00eancia de musicar um filme ao vivo que criei este cine-concerto, uma experi\u00eancia que leva o p\u00fablico aos prim\u00f3rdios da s\u00e9tima arte. H\u00e1 cerca de quatro anos atr\u00e1s comecei a tocar com bastante regularidade, tendo agora sempre uma m\u00e9dia de trinta sess\u00f5es por ano para diversos p\u00fablicos em territ\u00f3rio nacional e estrangeiro (It\u00e1lia e Cabo Verde ser\u00e3o os pr\u00f3ximos pa\u00edses a receber este espet\u00e1culo).\u00a0Com o cine-concerto j\u00e1 pude actuar em Timor-Leste, Su\u00ed\u00e7a, Holanda, Cro\u00e1cia, Bosnia e Herzegovina, Hungria e Rep\u00fablica Checa.<\/p>\n<p style=\"text-align: justify;\"><strong>Arte351<\/strong> &#8211; O que o espectador pode esperar do seu trabalho, seria como uma viagem no tempo pois n\u00e3o?<\/p>\n<p style=\"text-align: justify;\"><strong>Charlie Mancini<\/strong> &#8211; Com certeza! O meu trabalho \u00e9 uma m\u00e1quina do tempo por\u00e9m quando fa\u00e7o filmes de fic\u00e7\u00e3o cient\u00edfica, surrealismo ou fantasia gosto de utilizar guitarra el\u00e9ctrica processada e electr\u00f3nica para criar um contraste bem definido entre o in\u00edcio do s\u00e9culo passado e os sons mais recentes. Penso que cria uma din\u00e2mica interessante para quem assiste ao cine-concerto.<\/p>\n<p style=\"text-align: justify;\"><strong>Arte351<\/strong> &#8211; Como teve a id\u00e9ia do Cine-concerto Solid\u00e1rio? Que tipo de donativo as pessoas devem levar para auxiliar os refugiados?<\/p>\n<p style=\"text-align: justify;\"><strong>Charlie Mancini<\/strong> &#8211; A ideia do cine-concerto solid\u00e1rio surgiu o ano passado quando acompanhei as not\u00edcias que falavam da chegada dos refugiados ao nosso pa\u00eds. Quando consegui reunir alguns refugiados via facebook falei-lhes na ideia, ao que eles se mostraram bastante receptivos e admirados por aquilo que fa\u00e7o visto gostarem bastante de m\u00fasica e cinema (existem at\u00e9 dois refugiados do grupo que comp\u00f5e m\u00fasica dentro do hip-hop).<\/p>\n<p style=\"text-align: justify;\"><strong>Arte351<\/strong> &#8211; &#8220;Seven Chances&#8221; de Buster Keaton foi escolhido para este evento porque? Teve alguma raz\u00e3o espec\u00edfica?<\/p>\n<p style=\"text-align: justify;\"><strong>Charlie Mancini<\/strong> &#8211; Visto ser um filme bem hilariante e j\u00e1 que a situa\u00e7\u00e3o dos refugiados \u00e9 de uma dificuldade tremenda, \u00e9 sempre bom trazer momentos divertidos e com sentido de humor leva-se melhor as lutas di\u00e1rias. O p\u00fablico tem respondido muito bem a este filme de Buster Keaton que \u00e9 baseado numa pe\u00e7a de teatro de 1916.<\/p>\n<p><img decoding=\"async\" class=\"aligncenter size-full wp-image-1912\" src=\"https:\/\/arte351.pt\/art\/wp-content\/uploads\/2017\/11\/arte351-charlie-mancini-004.jpg\" alt=\"\" width=\"960\" height=\"720\" srcset=\"https:\/\/arte351.pt\/art\/wp-content\/uploads\/2017\/11\/arte351-charlie-mancini-004.jpg 960w, https:\/\/arte351.pt\/art\/wp-content\/uploads\/2017\/11\/arte351-charlie-mancini-004-300x225.jpg 300w, https:\/\/arte351.pt\/art\/wp-content\/uploads\/2017\/11\/arte351-charlie-mancini-004-768x576.jpg 768w, https:\/\/arte351.pt\/art\/wp-content\/uploads\/2017\/11\/arte351-charlie-mancini-004-640x480.jpg 640w\" sizes=\"(max-width: 960px) 100vw, 960px\" \/><\/p>\n<p style=\"text-align: justify;\"><strong>Arte351<\/strong> &#8211; Fa\u00e7a um convite para os comparecer ao Cine-concerto Solid\u00e1rio e deixe-nos seus contatos nas redes sociais para o p\u00fablico conhecer mais sobre seu trabalho.<\/p>\n<p style=\"text-align: justify;\"><strong>Charlie Mancini<\/strong> &#8211; Venham dar um abra\u00e7o neste grupo de jovens refugiados que vivem na zona de Lisboa e falar com eles, j\u00e1 que no final do espet\u00e1culo teremos um momento com essa finalidade. De tamb\u00e9m os ouvir. Este ser\u00e1 com certeza um bonito momento para nos lembrarmos daqueles que come\u00e7am a ficar esquecidos, mas que h\u00e1 um ano se falou imenso. Este tipo de atividade n\u00e3o est\u00e1 ligado a alguma ONG nem institui\u00e7\u00e3o e os donativos recolhidos antes da sess\u00e3o ser\u00e3o entregues no pr\u00f3prio dia.<\/p>\n<p style=\"text-align: justify;\">Para conhecerem melhor o meu trabalho estejam atentos \u00e0 p\u00e1gina do facebook:\u00a0wwww.facebook.com\/mrcharliemancini e tamb\u00e9m ao Instagram www.instagram.com\/bluefm.\u00a0Grazie mille!! Bons filmes!<\/p>\n<p style=\"text-align: justify;\">O espet\u00e1culo Cine-concerto Solid\u00e1rio est\u00e1 inserido na programa\u00e7\u00e3o do Festival MUVI (Festival Internacional de M\u00fasica no Cinema) \u00a0que acontece de 15 a 20 de novembro em Lisboa.<\/p>\n<h4 style=\"text-align: left;\">Sess\u00e3o Especial: Cine-concerto solid\u00e1rio com Charlie Mancini<\/h4>\n<h4 style=\"text-align: left;\">Cinema S\u00e3o Jorge | Av. da Liberdade n\u00ba175, 1250-141 Lisboa<\/h4>\n<h4 style=\"text-align: left;\">Domingo dia 19\/11 \u00e0s 16h, Sala 2 &#8211; ENTRADA \u201cSOLID\u00c1RIA\u201d<\/h4>\n","protected":false},"excerpt":{"rendered":"<p>Desenvolvendo um trabalho art\u00edstico inusitado para os tempos de redes sociais e cinemas 4D, o artistas Charlie Mancini nos oferece em suas apresenta\u00e7\u00f5es uma verdadeira viagem no tempo. Sua arte [&hellip;]<\/p>\n","protected":false},"author":34415,"featured_media":1910,"comment_status":"closed","ping_status":"closed","sticky":false,"template":"","format":"standard","meta":{"_exactmetrics_skip_tracking":false,"_exactmetrics_sitenote_active":false,"_exactmetrics_sitenote_note":"","_exactmetrics_sitenote_category":0,"_uf_show_specific_survey":0,"_uf_disable_surveys":false,"footnotes":""},"categories":[2],"tags":[],"class_list":["post-1909","post","type-post","status-publish","format-standard","has-post-thumbnail","hentry","category-art-contemp"],"yoast_head":"<!-- This site is optimized with the Yoast SEO plugin v27.3 - https:\/\/yoast.com\/product\/yoast-seo-wordpress\/ -->\n<title>CHARLIE MANCINI - UMA VIAGEM NO TEMPO! - Arte351 - Art Magazine Portugal<\/title>\n<meta name=\"robots\" content=\"index, follow, max-snippet:-1, max-image-preview:large, max-video-preview:-1\" \/>\n<link rel=\"canonical\" href=\"https:\/\/arte351.pt\/art\/2017\/11\/18\/charlie-mancini-uma-viagem-no-tempo\/\" \/>\n<meta property=\"og:locale\" content=\"pt_BR\" \/>\n<meta property=\"og:type\" content=\"article\" \/>\n<meta property=\"og:title\" content=\"CHARLIE MANCINI - UMA VIAGEM NO TEMPO! - Arte351 - Art Magazine Portugal\" \/>\n<meta property=\"og:description\" content=\"Desenvolvendo um trabalho art\u00edstico inusitado para os tempos de redes sociais e cinemas 4D, o artistas Charlie Mancini nos oferece em suas apresenta\u00e7\u00f5es uma verdadeira viagem no tempo. Sua arte [&hellip;]\" \/>\n<meta property=\"og:url\" content=\"https:\/\/arte351.pt\/art\/2017\/11\/18\/charlie-mancini-uma-viagem-no-tempo\/\" \/>\n<meta property=\"og:site_name\" content=\"Arte351 - Art Magazine Portugal\" \/>\n<meta property=\"article:publisher\" content=\"https:\/\/www.facebook.com\/arte351magazine\/\" \/>\n<meta property=\"article:published_time\" content=\"2017-11-18T01:02:26+00:00\" \/>\n<meta property=\"og:image\" content=\"https:\/\/arte351.pt\/art\/wp-content\/uploads\/2017\/11\/arte351-charlie-mancini-002.jpg\" \/>\n\t<meta property=\"og:image:width\" content=\"1200\" \/>\n\t<meta property=\"og:image:height\" content=\"578\" \/>\n\t<meta property=\"og:image:type\" content=\"image\/jpeg\" \/>\n<meta name=\"author\" content=\"Equipa Arte 351\" \/>\n<meta name=\"twitter:label1\" content=\"Escrito por\" \/>\n\t<meta name=\"twitter:data1\" content=\"Equipa Arte 351\" \/>\n\t<meta name=\"twitter:label2\" content=\"Est. tempo de leitura\" \/>\n\t<meta name=\"twitter:data2\" content=\"4 minutos\" \/>\n<script type=\"application\/ld+json\" class=\"yoast-schema-graph\">{\"@context\":\"https:\\\/\\\/schema.org\",\"@graph\":[{\"@type\":\"Article\",\"@id\":\"https:\\\/\\\/arte351.pt\\\/art\\\/2017\\\/11\\\/18\\\/charlie-mancini-uma-viagem-no-tempo\\\/#article\",\"isPartOf\":{\"@id\":\"https:\\\/\\\/arte351.pt\\\/art\\\/2017\\\/11\\\/18\\\/charlie-mancini-uma-viagem-no-tempo\\\/\"},\"author\":{\"name\":\"Equipa Arte 351\",\"@id\":\"https:\\\/\\\/arte351.pt\\\/art\\\/#\\\/schema\\\/person\\\/1d081d5dbc7c2a3f2317da95c823a5bd\"},\"headline\":\"CHARLIE MANCINI &#8211; UMA VIAGEM NO TEMPO!\",\"datePublished\":\"2017-11-18T01:02:26+00:00\",\"mainEntityOfPage\":{\"@id\":\"https:\\\/\\\/arte351.pt\\\/art\\\/2017\\\/11\\\/18\\\/charlie-mancini-uma-viagem-no-tempo\\\/\"},\"wordCount\":881,\"publisher\":{\"@id\":\"https:\\\/\\\/arte351.pt\\\/art\\\/#organization\"},\"image\":{\"@id\":\"https:\\\/\\\/arte351.pt\\\/art\\\/2017\\\/11\\\/18\\\/charlie-mancini-uma-viagem-no-tempo\\\/#primaryimage\"},\"thumbnailUrl\":\"https:\\\/\\\/arte351.pt\\\/art\\\/wp-content\\\/uploads\\\/2017\\\/11\\\/arte351-charlie-mancini-002.jpg\",\"articleSection\":[\"Arte\"],\"inLanguage\":\"pt-BR\"},{\"@type\":\"WebPage\",\"@id\":\"https:\\\/\\\/arte351.pt\\\/art\\\/2017\\\/11\\\/18\\\/charlie-mancini-uma-viagem-no-tempo\\\/\",\"url\":\"https:\\\/\\\/arte351.pt\\\/art\\\/2017\\\/11\\\/18\\\/charlie-mancini-uma-viagem-no-tempo\\\/\",\"name\":\"CHARLIE MANCINI - UMA VIAGEM NO TEMPO! - Arte351 - Art Magazine Portugal\",\"isPartOf\":{\"@id\":\"https:\\\/\\\/arte351.pt\\\/art\\\/#website\"},\"primaryImageOfPage\":{\"@id\":\"https:\\\/\\\/arte351.pt\\\/art\\\/2017\\\/11\\\/18\\\/charlie-mancini-uma-viagem-no-tempo\\\/#primaryimage\"},\"image\":{\"@id\":\"https:\\\/\\\/arte351.pt\\\/art\\\/2017\\\/11\\\/18\\\/charlie-mancini-uma-viagem-no-tempo\\\/#primaryimage\"},\"thumbnailUrl\":\"https:\\\/\\\/arte351.pt\\\/art\\\/wp-content\\\/uploads\\\/2017\\\/11\\\/arte351-charlie-mancini-002.jpg\",\"datePublished\":\"2017-11-18T01:02:26+00:00\",\"breadcrumb\":{\"@id\":\"https:\\\/\\\/arte351.pt\\\/art\\\/2017\\\/11\\\/18\\\/charlie-mancini-uma-viagem-no-tempo\\\/#breadcrumb\"},\"inLanguage\":\"pt-BR\",\"potentialAction\":[{\"@type\":\"ReadAction\",\"target\":[\"https:\\\/\\\/arte351.pt\\\/art\\\/2017\\\/11\\\/18\\\/charlie-mancini-uma-viagem-no-tempo\\\/\"]}]},{\"@type\":\"ImageObject\",\"inLanguage\":\"pt-BR\",\"@id\":\"https:\\\/\\\/arte351.pt\\\/art\\\/2017\\\/11\\\/18\\\/charlie-mancini-uma-viagem-no-tempo\\\/#primaryimage\",\"url\":\"https:\\\/\\\/arte351.pt\\\/art\\\/wp-content\\\/uploads\\\/2017\\\/11\\\/arte351-charlie-mancini-002.jpg\",\"contentUrl\":\"https:\\\/\\\/arte351.pt\\\/art\\\/wp-content\\\/uploads\\\/2017\\\/11\\\/arte351-charlie-mancini-002.jpg\",\"width\":1200,\"height\":578},{\"@type\":\"BreadcrumbList\",\"@id\":\"https:\\\/\\\/arte351.pt\\\/art\\\/2017\\\/11\\\/18\\\/charlie-mancini-uma-viagem-no-tempo\\\/#breadcrumb\",\"itemListElement\":[{\"@type\":\"ListItem\",\"position\":1,\"name\":\"In\u00edcio\",\"item\":\"https:\\\/\\\/arte351.pt\\\/art\\\/\"},{\"@type\":\"ListItem\",\"position\":2,\"name\":\"CHARLIE MANCINI &#8211; UMA VIAGEM NO TEMPO!\"}]},{\"@type\":\"WebSite\",\"@id\":\"https:\\\/\\\/arte351.pt\\\/art\\\/#website\",\"url\":\"https:\\\/\\\/arte351.pt\\\/art\\\/\",\"name\":\"Arte351 - Art Magazine Portugal\",\"description\":\"\",\"publisher\":{\"@id\":\"https:\\\/\\\/arte351.pt\\\/art\\\/#organization\"},\"potentialAction\":[{\"@type\":\"SearchAction\",\"target\":{\"@type\":\"EntryPoint\",\"urlTemplate\":\"https:\\\/\\\/arte351.pt\\\/art\\\/?s={search_term_string}\"},\"query-input\":{\"@type\":\"PropertyValueSpecification\",\"valueRequired\":true,\"valueName\":\"search_term_string\"}}],\"inLanguage\":\"pt-BR\"},{\"@type\":\"Organization\",\"@id\":\"https:\\\/\\\/arte351.pt\\\/art\\\/#organization\",\"name\":\"Arte351 - Art Magazine Portugal\",\"url\":\"https:\\\/\\\/arte351.pt\\\/art\\\/\",\"logo\":{\"@type\":\"ImageObject\",\"inLanguage\":\"pt-BR\",\"@id\":\"https:\\\/\\\/arte351.pt\\\/art\\\/#\\\/schema\\\/logo\\\/image\\\/\",\"url\":\"https:\\\/\\\/arte351.pt\\\/art\\\/wp-content\\\/uploads\\\/2020\\\/03\\\/cropped-logo-arte351-color.png\",\"contentUrl\":\"https:\\\/\\\/arte351.pt\\\/art\\\/wp-content\\\/uploads\\\/2020\\\/03\\\/cropped-logo-arte351-color.png\",\"width\":514,\"height\":200,\"caption\":\"Arte351 - Art Magazine Portugal\"},\"image\":{\"@id\":\"https:\\\/\\\/arte351.pt\\\/art\\\/#\\\/schema\\\/logo\\\/image\\\/\"},\"sameAs\":[\"https:\\\/\\\/www.facebook.com\\\/arte351magazine\\\/\"]},{\"@type\":\"Person\",\"@id\":\"https:\\\/\\\/arte351.pt\\\/art\\\/#\\\/schema\\\/person\\\/1d081d5dbc7c2a3f2317da95c823a5bd\",\"name\":\"Equipa Arte 351\",\"image\":{\"@type\":\"ImageObject\",\"inLanguage\":\"pt-BR\",\"@id\":\"https:\\\/\\\/secure.gravatar.com\\\/avatar\\\/3f97e62c832ede8fafe5d2f9e31f8a055e187b6b31056d1e065d95e034db52e2?s=96&d=mm&r=g\",\"url\":\"https:\\\/\\\/secure.gravatar.com\\\/avatar\\\/3f97e62c832ede8fafe5d2f9e31f8a055e187b6b31056d1e065d95e034db52e2?s=96&d=mm&r=g\",\"contentUrl\":\"https:\\\/\\\/secure.gravatar.com\\\/avatar\\\/3f97e62c832ede8fafe5d2f9e31f8a055e187b6b31056d1e065d95e034db52e2?s=96&d=mm&r=g\",\"caption\":\"Equipa Arte 351\"},\"url\":\"https:\\\/\\\/arte351.pt\\\/art\\\/author\\\/admin2\\\/\"}]}<\/script>\n<!-- \/ Yoast SEO plugin. -->","yoast_head_json":{"title":"CHARLIE MANCINI - UMA VIAGEM NO TEMPO! - Arte351 - Art Magazine Portugal","robots":{"index":"index","follow":"follow","max-snippet":"max-snippet:-1","max-image-preview":"max-image-preview:large","max-video-preview":"max-video-preview:-1"},"canonical":"https:\/\/arte351.pt\/art\/2017\/11\/18\/charlie-mancini-uma-viagem-no-tempo\/","og_locale":"pt_BR","og_type":"article","og_title":"CHARLIE MANCINI - UMA VIAGEM NO TEMPO! - Arte351 - Art Magazine Portugal","og_description":"Desenvolvendo um trabalho art\u00edstico inusitado para os tempos de redes sociais e cinemas 4D, o artistas Charlie Mancini nos oferece em suas apresenta\u00e7\u00f5es uma verdadeira viagem no tempo. Sua arte [&hellip;]","og_url":"https:\/\/arte351.pt\/art\/2017\/11\/18\/charlie-mancini-uma-viagem-no-tempo\/","og_site_name":"Arte351 - Art Magazine Portugal","article_publisher":"https:\/\/www.facebook.com\/arte351magazine\/","article_published_time":"2017-11-18T01:02:26+00:00","og_image":[{"width":1200,"height":578,"url":"https:\/\/arte351.pt\/art\/wp-content\/uploads\/2017\/11\/arte351-charlie-mancini-002.jpg","type":"image\/jpeg"}],"author":"Equipa Arte 351","twitter_misc":{"Escrito por":"Equipa Arte 351","Est. tempo de leitura":"4 minutos"},"schema":{"@context":"https:\/\/schema.org","@graph":[{"@type":"Article","@id":"https:\/\/arte351.pt\/art\/2017\/11\/18\/charlie-mancini-uma-viagem-no-tempo\/#article","isPartOf":{"@id":"https:\/\/arte351.pt\/art\/2017\/11\/18\/charlie-mancini-uma-viagem-no-tempo\/"},"author":{"name":"Equipa Arte 351","@id":"https:\/\/arte351.pt\/art\/#\/schema\/person\/1d081d5dbc7c2a3f2317da95c823a5bd"},"headline":"CHARLIE MANCINI &#8211; UMA VIAGEM NO TEMPO!","datePublished":"2017-11-18T01:02:26+00:00","mainEntityOfPage":{"@id":"https:\/\/arte351.pt\/art\/2017\/11\/18\/charlie-mancini-uma-viagem-no-tempo\/"},"wordCount":881,"publisher":{"@id":"https:\/\/arte351.pt\/art\/#organization"},"image":{"@id":"https:\/\/arte351.pt\/art\/2017\/11\/18\/charlie-mancini-uma-viagem-no-tempo\/#primaryimage"},"thumbnailUrl":"https:\/\/arte351.pt\/art\/wp-content\/uploads\/2017\/11\/arte351-charlie-mancini-002.jpg","articleSection":["Arte"],"inLanguage":"pt-BR"},{"@type":"WebPage","@id":"https:\/\/arte351.pt\/art\/2017\/11\/18\/charlie-mancini-uma-viagem-no-tempo\/","url":"https:\/\/arte351.pt\/art\/2017\/11\/18\/charlie-mancini-uma-viagem-no-tempo\/","name":"CHARLIE MANCINI - UMA VIAGEM NO TEMPO! - Arte351 - Art Magazine Portugal","isPartOf":{"@id":"https:\/\/arte351.pt\/art\/#website"},"primaryImageOfPage":{"@id":"https:\/\/arte351.pt\/art\/2017\/11\/18\/charlie-mancini-uma-viagem-no-tempo\/#primaryimage"},"image":{"@id":"https:\/\/arte351.pt\/art\/2017\/11\/18\/charlie-mancini-uma-viagem-no-tempo\/#primaryimage"},"thumbnailUrl":"https:\/\/arte351.pt\/art\/wp-content\/uploads\/2017\/11\/arte351-charlie-mancini-002.jpg","datePublished":"2017-11-18T01:02:26+00:00","breadcrumb":{"@id":"https:\/\/arte351.pt\/art\/2017\/11\/18\/charlie-mancini-uma-viagem-no-tempo\/#breadcrumb"},"inLanguage":"pt-BR","potentialAction":[{"@type":"ReadAction","target":["https:\/\/arte351.pt\/art\/2017\/11\/18\/charlie-mancini-uma-viagem-no-tempo\/"]}]},{"@type":"ImageObject","inLanguage":"pt-BR","@id":"https:\/\/arte351.pt\/art\/2017\/11\/18\/charlie-mancini-uma-viagem-no-tempo\/#primaryimage","url":"https:\/\/arte351.pt\/art\/wp-content\/uploads\/2017\/11\/arte351-charlie-mancini-002.jpg","contentUrl":"https:\/\/arte351.pt\/art\/wp-content\/uploads\/2017\/11\/arte351-charlie-mancini-002.jpg","width":1200,"height":578},{"@type":"BreadcrumbList","@id":"https:\/\/arte351.pt\/art\/2017\/11\/18\/charlie-mancini-uma-viagem-no-tempo\/#breadcrumb","itemListElement":[{"@type":"ListItem","position":1,"name":"In\u00edcio","item":"https:\/\/arte351.pt\/art\/"},{"@type":"ListItem","position":2,"name":"CHARLIE MANCINI &#8211; UMA VIAGEM NO TEMPO!"}]},{"@type":"WebSite","@id":"https:\/\/arte351.pt\/art\/#website","url":"https:\/\/arte351.pt\/art\/","name":"Arte351 - Art Magazine Portugal","description":"","publisher":{"@id":"https:\/\/arte351.pt\/art\/#organization"},"potentialAction":[{"@type":"SearchAction","target":{"@type":"EntryPoint","urlTemplate":"https:\/\/arte351.pt\/art\/?s={search_term_string}"},"query-input":{"@type":"PropertyValueSpecification","valueRequired":true,"valueName":"search_term_string"}}],"inLanguage":"pt-BR"},{"@type":"Organization","@id":"https:\/\/arte351.pt\/art\/#organization","name":"Arte351 - Art Magazine Portugal","url":"https:\/\/arte351.pt\/art\/","logo":{"@type":"ImageObject","inLanguage":"pt-BR","@id":"https:\/\/arte351.pt\/art\/#\/schema\/logo\/image\/","url":"https:\/\/arte351.pt\/art\/wp-content\/uploads\/2020\/03\/cropped-logo-arte351-color.png","contentUrl":"https:\/\/arte351.pt\/art\/wp-content\/uploads\/2020\/03\/cropped-logo-arte351-color.png","width":514,"height":200,"caption":"Arte351 - Art Magazine Portugal"},"image":{"@id":"https:\/\/arte351.pt\/art\/#\/schema\/logo\/image\/"},"sameAs":["https:\/\/www.facebook.com\/arte351magazine\/"]},{"@type":"Person","@id":"https:\/\/arte351.pt\/art\/#\/schema\/person\/1d081d5dbc7c2a3f2317da95c823a5bd","name":"Equipa Arte 351","image":{"@type":"ImageObject","inLanguage":"pt-BR","@id":"https:\/\/secure.gravatar.com\/avatar\/3f97e62c832ede8fafe5d2f9e31f8a055e187b6b31056d1e065d95e034db52e2?s=96&d=mm&r=g","url":"https:\/\/secure.gravatar.com\/avatar\/3f97e62c832ede8fafe5d2f9e31f8a055e187b6b31056d1e065d95e034db52e2?s=96&d=mm&r=g","contentUrl":"https:\/\/secure.gravatar.com\/avatar\/3f97e62c832ede8fafe5d2f9e31f8a055e187b6b31056d1e065d95e034db52e2?s=96&d=mm&r=g","caption":"Equipa Arte 351"},"url":"https:\/\/arte351.pt\/art\/author\/admin2\/"}]}},"_links":{"self":[{"href":"https:\/\/arte351.pt\/art\/wp-json\/wp\/v2\/posts\/1909","targetHints":{"allow":["GET"]}}],"collection":[{"href":"https:\/\/arte351.pt\/art\/wp-json\/wp\/v2\/posts"}],"about":[{"href":"https:\/\/arte351.pt\/art\/wp-json\/wp\/v2\/types\/post"}],"author":[{"embeddable":true,"href":"https:\/\/arte351.pt\/art\/wp-json\/wp\/v2\/users\/34415"}],"replies":[{"embeddable":true,"href":"https:\/\/arte351.pt\/art\/wp-json\/wp\/v2\/comments?post=1909"}],"version-history":[{"count":1,"href":"https:\/\/arte351.pt\/art\/wp-json\/wp\/v2\/posts\/1909\/revisions"}],"predecessor-version":[{"id":1913,"href":"https:\/\/arte351.pt\/art\/wp-json\/wp\/v2\/posts\/1909\/revisions\/1913"}],"wp:featuredmedia":[{"embeddable":true,"href":"https:\/\/arte351.pt\/art\/wp-json\/wp\/v2\/media\/1910"}],"wp:attachment":[{"href":"https:\/\/arte351.pt\/art\/wp-json\/wp\/v2\/media?parent=1909"}],"wp:term":[{"taxonomy":"category","embeddable":true,"href":"https:\/\/arte351.pt\/art\/wp-json\/wp\/v2\/categories?post=1909"},{"taxonomy":"post_tag","embeddable":true,"href":"https:\/\/arte351.pt\/art\/wp-json\/wp\/v2\/tags?post=1909"}],"curies":[{"name":"wp","href":"https:\/\/api.w.org\/{rel}","templated":true}]}}