{"id":1966,"date":"2017-12-01T10:01:03","date_gmt":"2017-12-01T10:01:03","guid":{"rendered":"http:\/\/arte351.pt\/art\/?p=1966"},"modified":"2017-12-28T21:32:31","modified_gmt":"2017-12-28T21:32:31","slug":"passaros-do-brasil-livro-de-adriana-varejao","status":"publish","type":"post","link":"https:\/\/arte351.pt\/art\/2017\/12\/01\/passaros-do-brasil-livro-de-adriana-varejao\/","title":{"rendered":"P\u00c1SSAROS DO BRASIL &#8211; LIVRO DE ADRIANA VAREJ\u00c3O"},"content":{"rendered":"<p style=\"text-align: justify;\"><strong>P\u00e1ssaros do Brasil e algumas hist\u00f3rias<\/strong><\/p>\n<p style=\"text-align: justify;\"><img fetchpriority=\"high\" decoding=\"async\" class=\"alignleft\" src=\"https:\/\/abrilvejario.files.wordpress.com\/2017\/11\/pc3a1ssarosdobrasil_capa.jpg?quality=70&amp;strip=info&amp;strip=info\" width=\"231\" height=\"864\" \/>Adriana Varej\u00e3o convida para o lan\u00e7amento do livro &#8220;Colorindo com Adriana Varej\u00e3o &#8211; P\u00e1ssaros do Brasil e algumas hist\u00f3rias&#8221;, neste s\u00e1bado, 02 de dezembro, \u00e0s 11 horas na Carpintaria, Jardim Bot\u00e2nico, Rio de Janeiro, RJ. A artista convida todas as crian\u00e7as a darem cores a alguns dos p\u00e1ssaros mais queridos do pa\u00eds. Adriana Varej\u00e3o apresenta aves como o bem-te-vi, a ararinha-azul e o jo\u00e3o-de-barro, com textos que voam pelas p\u00e1ginas e despertam a curiosidade dos pequenos sobre as diferentes esp\u00e9cies. O selo editorial \u00e9 da Cobog\u00f3.<\/p>\n<p style=\"text-align: justify;\"><strong>Sobre a autora<\/strong><\/p>\n<p style=\"text-align: justify;\">Adriana Varej\u00e3o \u00e9 carioca, m\u00e3e da Catarina (11 anos) e da Violeta (4 anos). Pintora, tamb\u00e9m trabalha com escultura, desenho e instala\u00e7\u00f5es. Para criar suas obras, a artista inspira-se, com frequ\u00eancia, nas tradi\u00e7\u00f5es culturais de povos de diferentes pa\u00edses. Seus trabalhos integram as cole\u00e7\u00f5es dos principais museus do mundo como Tate Modern (Londres), Fondation Cartier pour l\u2019art contemporain (Paris), Hara Museum (T\u00f3quio) e Guggenheim e Metropolitan (Nova York). Participou de exposi\u00e7\u00f5es em importantes institui\u00e7\u00f5es e bienais como S\u00e3o Paulo (1994 e 1998), Sydney (2000), Istambul (2011), Liverpool (1999 e 2006) e Mercosul (1997 e 2005). No Brasil, um pavilh\u00e3o \u00e9 dedicado aos trabalhos da artista no Inhotim, em Minas Gerais, onde foi instalada a obra Passarinhos &#8211; de Inhotim a Demini, em que retratou em um banco azulejado cerca de 500 esp\u00e9cies de p\u00e1ssaros.<\/p>\n","protected":false},"excerpt":{"rendered":"<p>P\u00e1ssaros do Brasil e algumas hist\u00f3rias Adriana Varej\u00e3o convida para o lan\u00e7amento do livro &#8220;Colorindo com Adriana Varej\u00e3o &#8211; P\u00e1ssaros do Brasil e algumas hist\u00f3rias&#8221;, neste s\u00e1bado, 02 de dezembro, [&hellip;]<\/p>\n","protected":false},"author":34415,"featured_media":1967,"comment_status":"closed","ping_status":"closed","sticky":false,"template":"","format":"standard","meta":{"_exactmetrics_skip_tracking":false,"_exactmetrics_sitenote_active":false,"_exactmetrics_sitenote_note":"","_exactmetrics_sitenote_category":0,"_uf_show_specific_survey":0,"_uf_disable_surveys":false,"footnotes":""},"categories":[2],"tags":[],"class_list":["post-1966","post","type-post","status-publish","format-standard","has-post-thumbnail","hentry","category-art-contemp"],"yoast_head":"<!-- This site is optimized with the Yoast SEO plugin v27.3 - https:\/\/yoast.com\/product\/yoast-seo-wordpress\/ -->\n<title>P\u00c1SSAROS DO BRASIL - LIVRO DE ADRIANA VAREJ\u00c3O - Arte351 - Art Magazine Portugal<\/title>\n<meta name=\"robots\" content=\"index, follow, max-snippet:-1, max-image-preview:large, max-video-preview:-1\" \/>\n<link rel=\"canonical\" href=\"https:\/\/arte351.pt\/art\/2017\/12\/01\/passaros-do-brasil-livro-de-adriana-varejao\/\" \/>\n<meta property=\"og:locale\" content=\"pt_BR\" \/>\n<meta property=\"og:type\" content=\"article\" \/>\n<meta property=\"og:title\" content=\"P\u00c1SSAROS DO BRASIL - LIVRO DE ADRIANA VAREJ\u00c3O - Arte351 - Art Magazine Portugal\" \/>\n<meta property=\"og:description\" content=\"P\u00e1ssaros do Brasil e algumas hist\u00f3rias Adriana Varej\u00e3o convida para o lan\u00e7amento do livro &#8220;Colorindo com Adriana Varej\u00e3o &#8211; P\u00e1ssaros do Brasil e algumas hist\u00f3rias&#8221;, neste s\u00e1bado, 02 de dezembro, [&hellip;]\" \/>\n<meta property=\"og:url\" content=\"https:\/\/arte351.pt\/art\/2017\/12\/01\/passaros-do-brasil-livro-de-adriana-varejao\/\" \/>\n<meta property=\"og:site_name\" content=\"Arte351 - Art Magazine Portugal\" \/>\n<meta property=\"article:publisher\" content=\"https:\/\/www.facebook.com\/arte351magazine\/\" \/>\n<meta property=\"article:published_time\" content=\"2017-12-01T10:01:03+00:00\" \/>\n<meta property=\"article:modified_time\" content=\"2017-12-28T21:32:31+00:00\" \/>\n<meta property=\"og:image\" content=\"https:\/\/arte351.pt\/art\/wp-content\/uploads\/2017\/12\/arte351-varejao-001.jpg\" \/>\n\t<meta property=\"og:image:width\" content=\"1200\" \/>\n\t<meta property=\"og:image:height\" content=\"578\" \/>\n\t<meta property=\"og:image:type\" content=\"image\/jpeg\" \/>\n<meta name=\"author\" content=\"Equipa Arte 351\" \/>\n<meta name=\"twitter:label1\" content=\"Escrito por\" \/>\n\t<meta name=\"twitter:data1\" content=\"Equipa Arte 351\" \/>\n\t<meta name=\"twitter:label2\" content=\"Est. tempo de leitura\" \/>\n\t<meta name=\"twitter:data2\" content=\"1 minuto\" \/>\n<script type=\"application\/ld+json\" class=\"yoast-schema-graph\">{\"@context\":\"https:\\\/\\\/schema.org\",\"@graph\":[{\"@type\":\"Article\",\"@id\":\"https:\\\/\\\/arte351.pt\\\/art\\\/2017\\\/12\\\/01\\\/passaros-do-brasil-livro-de-adriana-varejao\\\/#article\",\"isPartOf\":{\"@id\":\"https:\\\/\\\/arte351.pt\\\/art\\\/2017\\\/12\\\/01\\\/passaros-do-brasil-livro-de-adriana-varejao\\\/\"},\"author\":{\"name\":\"Equipa Arte 351\",\"@id\":\"https:\\\/\\\/arte351.pt\\\/art\\\/#\\\/schema\\\/person\\\/1d081d5dbc7c2a3f2317da95c823a5bd\"},\"headline\":\"P\u00c1SSAROS DO BRASIL &#8211; LIVRO DE ADRIANA VAREJ\u00c3O\",\"datePublished\":\"2017-12-01T10:01:03+00:00\",\"dateModified\":\"2017-12-28T21:32:31+00:00\",\"mainEntityOfPage\":{\"@id\":\"https:\\\/\\\/arte351.pt\\\/art\\\/2017\\\/12\\\/01\\\/passaros-do-brasil-livro-de-adriana-varejao\\\/\"},\"wordCount\":255,\"publisher\":{\"@id\":\"https:\\\/\\\/arte351.pt\\\/art\\\/#organization\"},\"image\":{\"@id\":\"https:\\\/\\\/arte351.pt\\\/art\\\/2017\\\/12\\\/01\\\/passaros-do-brasil-livro-de-adriana-varejao\\\/#primaryimage\"},\"thumbnailUrl\":\"https:\\\/\\\/arte351.pt\\\/art\\\/wp-content\\\/uploads\\\/2017\\\/12\\\/arte351-varejao-001.jpg\",\"articleSection\":[\"Arte\"],\"inLanguage\":\"pt-BR\"},{\"@type\":\"WebPage\",\"@id\":\"https:\\\/\\\/arte351.pt\\\/art\\\/2017\\\/12\\\/01\\\/passaros-do-brasil-livro-de-adriana-varejao\\\/\",\"url\":\"https:\\\/\\\/arte351.pt\\\/art\\\/2017\\\/12\\\/01\\\/passaros-do-brasil-livro-de-adriana-varejao\\\/\",\"name\":\"P\u00c1SSAROS DO BRASIL - LIVRO DE ADRIANA VAREJ\u00c3O - Arte351 - Art Magazine Portugal\",\"isPartOf\":{\"@id\":\"https:\\\/\\\/arte351.pt\\\/art\\\/#website\"},\"primaryImageOfPage\":{\"@id\":\"https:\\\/\\\/arte351.pt\\\/art\\\/2017\\\/12\\\/01\\\/passaros-do-brasil-livro-de-adriana-varejao\\\/#primaryimage\"},\"image\":{\"@id\":\"https:\\\/\\\/arte351.pt\\\/art\\\/2017\\\/12\\\/01\\\/passaros-do-brasil-livro-de-adriana-varejao\\\/#primaryimage\"},\"thumbnailUrl\":\"https:\\\/\\\/arte351.pt\\\/art\\\/wp-content\\\/uploads\\\/2017\\\/12\\\/arte351-varejao-001.jpg\",\"datePublished\":\"2017-12-01T10:01:03+00:00\",\"dateModified\":\"2017-12-28T21:32:31+00:00\",\"breadcrumb\":{\"@id\":\"https:\\\/\\\/arte351.pt\\\/art\\\/2017\\\/12\\\/01\\\/passaros-do-brasil-livro-de-adriana-varejao\\\/#breadcrumb\"},\"inLanguage\":\"pt-BR\",\"potentialAction\":[{\"@type\":\"ReadAction\",\"target\":[\"https:\\\/\\\/arte351.pt\\\/art\\\/2017\\\/12\\\/01\\\/passaros-do-brasil-livro-de-adriana-varejao\\\/\"]}]},{\"@type\":\"ImageObject\",\"inLanguage\":\"pt-BR\",\"@id\":\"https:\\\/\\\/arte351.pt\\\/art\\\/2017\\\/12\\\/01\\\/passaros-do-brasil-livro-de-adriana-varejao\\\/#primaryimage\",\"url\":\"https:\\\/\\\/arte351.pt\\\/art\\\/wp-content\\\/uploads\\\/2017\\\/12\\\/arte351-varejao-001.jpg\",\"contentUrl\":\"https:\\\/\\\/arte351.pt\\\/art\\\/wp-content\\\/uploads\\\/2017\\\/12\\\/arte351-varejao-001.jpg\",\"width\":1200,\"height\":578},{\"@type\":\"BreadcrumbList\",\"@id\":\"https:\\\/\\\/arte351.pt\\\/art\\\/2017\\\/12\\\/01\\\/passaros-do-brasil-livro-de-adriana-varejao\\\/#breadcrumb\",\"itemListElement\":[{\"@type\":\"ListItem\",\"position\":1,\"name\":\"In\u00edcio\",\"item\":\"https:\\\/\\\/arte351.pt\\\/art\\\/\"},{\"@type\":\"ListItem\",\"position\":2,\"name\":\"P\u00c1SSAROS DO BRASIL &#8211; LIVRO DE ADRIANA VAREJ\u00c3O\"}]},{\"@type\":\"WebSite\",\"@id\":\"https:\\\/\\\/arte351.pt\\\/art\\\/#website\",\"url\":\"https:\\\/\\\/arte351.pt\\\/art\\\/\",\"name\":\"Arte351 - Art Magazine Portugal\",\"description\":\"\",\"publisher\":{\"@id\":\"https:\\\/\\\/arte351.pt\\\/art\\\/#organization\"},\"potentialAction\":[{\"@type\":\"SearchAction\",\"target\":{\"@type\":\"EntryPoint\",\"urlTemplate\":\"https:\\\/\\\/arte351.pt\\\/art\\\/?s={search_term_string}\"},\"query-input\":{\"@type\":\"PropertyValueSpecification\",\"valueRequired\":true,\"valueName\":\"search_term_string\"}}],\"inLanguage\":\"pt-BR\"},{\"@type\":\"Organization\",\"@id\":\"https:\\\/\\\/arte351.pt\\\/art\\\/#organization\",\"name\":\"Arte351 - Art Magazine Portugal\",\"url\":\"https:\\\/\\\/arte351.pt\\\/art\\\/\",\"logo\":{\"@type\":\"ImageObject\",\"inLanguage\":\"pt-BR\",\"@id\":\"https:\\\/\\\/arte351.pt\\\/art\\\/#\\\/schema\\\/logo\\\/image\\\/\",\"url\":\"https:\\\/\\\/arte351.pt\\\/art\\\/wp-content\\\/uploads\\\/2020\\\/03\\\/cropped-logo-arte351-color.png\",\"contentUrl\":\"https:\\\/\\\/arte351.pt\\\/art\\\/wp-content\\\/uploads\\\/2020\\\/03\\\/cropped-logo-arte351-color.png\",\"width\":514,\"height\":200,\"caption\":\"Arte351 - Art Magazine Portugal\"},\"image\":{\"@id\":\"https:\\\/\\\/arte351.pt\\\/art\\\/#\\\/schema\\\/logo\\\/image\\\/\"},\"sameAs\":[\"https:\\\/\\\/www.facebook.com\\\/arte351magazine\\\/\"]},{\"@type\":\"Person\",\"@id\":\"https:\\\/\\\/arte351.pt\\\/art\\\/#\\\/schema\\\/person\\\/1d081d5dbc7c2a3f2317da95c823a5bd\",\"name\":\"Equipa Arte 351\",\"image\":{\"@type\":\"ImageObject\",\"inLanguage\":\"pt-BR\",\"@id\":\"https:\\\/\\\/secure.gravatar.com\\\/avatar\\\/3f97e62c832ede8fafe5d2f9e31f8a055e187b6b31056d1e065d95e034db52e2?s=96&d=mm&r=g\",\"url\":\"https:\\\/\\\/secure.gravatar.com\\\/avatar\\\/3f97e62c832ede8fafe5d2f9e31f8a055e187b6b31056d1e065d95e034db52e2?s=96&d=mm&r=g\",\"contentUrl\":\"https:\\\/\\\/secure.gravatar.com\\\/avatar\\\/3f97e62c832ede8fafe5d2f9e31f8a055e187b6b31056d1e065d95e034db52e2?s=96&d=mm&r=g\",\"caption\":\"Equipa Arte 351\"},\"url\":\"https:\\\/\\\/arte351.pt\\\/art\\\/author\\\/admin2\\\/\"}]}<\/script>\n<!-- \/ Yoast SEO plugin. -->","yoast_head_json":{"title":"P\u00c1SSAROS DO BRASIL - LIVRO DE ADRIANA VAREJ\u00c3O - Arte351 - Art Magazine Portugal","robots":{"index":"index","follow":"follow","max-snippet":"max-snippet:-1","max-image-preview":"max-image-preview:large","max-video-preview":"max-video-preview:-1"},"canonical":"https:\/\/arte351.pt\/art\/2017\/12\/01\/passaros-do-brasil-livro-de-adriana-varejao\/","og_locale":"pt_BR","og_type":"article","og_title":"P\u00c1SSAROS DO BRASIL - LIVRO DE ADRIANA VAREJ\u00c3O - Arte351 - Art Magazine Portugal","og_description":"P\u00e1ssaros do Brasil e algumas hist\u00f3rias Adriana Varej\u00e3o convida para o lan\u00e7amento do livro &#8220;Colorindo com Adriana Varej\u00e3o &#8211; P\u00e1ssaros do Brasil e algumas hist\u00f3rias&#8221;, neste s\u00e1bado, 02 de dezembro, [&hellip;]","og_url":"https:\/\/arte351.pt\/art\/2017\/12\/01\/passaros-do-brasil-livro-de-adriana-varejao\/","og_site_name":"Arte351 - Art Magazine Portugal","article_publisher":"https:\/\/www.facebook.com\/arte351magazine\/","article_published_time":"2017-12-01T10:01:03+00:00","article_modified_time":"2017-12-28T21:32:31+00:00","og_image":[{"width":1200,"height":578,"url":"https:\/\/arte351.pt\/art\/wp-content\/uploads\/2017\/12\/arte351-varejao-001.jpg","type":"image\/jpeg"}],"author":"Equipa Arte 351","twitter_misc":{"Escrito por":"Equipa Arte 351","Est. tempo de leitura":"1 minuto"},"schema":{"@context":"https:\/\/schema.org","@graph":[{"@type":"Article","@id":"https:\/\/arte351.pt\/art\/2017\/12\/01\/passaros-do-brasil-livro-de-adriana-varejao\/#article","isPartOf":{"@id":"https:\/\/arte351.pt\/art\/2017\/12\/01\/passaros-do-brasil-livro-de-adriana-varejao\/"},"author":{"name":"Equipa Arte 351","@id":"https:\/\/arte351.pt\/art\/#\/schema\/person\/1d081d5dbc7c2a3f2317da95c823a5bd"},"headline":"P\u00c1SSAROS DO BRASIL &#8211; LIVRO DE ADRIANA VAREJ\u00c3O","datePublished":"2017-12-01T10:01:03+00:00","dateModified":"2017-12-28T21:32:31+00:00","mainEntityOfPage":{"@id":"https:\/\/arte351.pt\/art\/2017\/12\/01\/passaros-do-brasil-livro-de-adriana-varejao\/"},"wordCount":255,"publisher":{"@id":"https:\/\/arte351.pt\/art\/#organization"},"image":{"@id":"https:\/\/arte351.pt\/art\/2017\/12\/01\/passaros-do-brasil-livro-de-adriana-varejao\/#primaryimage"},"thumbnailUrl":"https:\/\/arte351.pt\/art\/wp-content\/uploads\/2017\/12\/arte351-varejao-001.jpg","articleSection":["Arte"],"inLanguage":"pt-BR"},{"@type":"WebPage","@id":"https:\/\/arte351.pt\/art\/2017\/12\/01\/passaros-do-brasil-livro-de-adriana-varejao\/","url":"https:\/\/arte351.pt\/art\/2017\/12\/01\/passaros-do-brasil-livro-de-adriana-varejao\/","name":"P\u00c1SSAROS DO BRASIL - LIVRO DE ADRIANA VAREJ\u00c3O - Arte351 - Art Magazine Portugal","isPartOf":{"@id":"https:\/\/arte351.pt\/art\/#website"},"primaryImageOfPage":{"@id":"https:\/\/arte351.pt\/art\/2017\/12\/01\/passaros-do-brasil-livro-de-adriana-varejao\/#primaryimage"},"image":{"@id":"https:\/\/arte351.pt\/art\/2017\/12\/01\/passaros-do-brasil-livro-de-adriana-varejao\/#primaryimage"},"thumbnailUrl":"https:\/\/arte351.pt\/art\/wp-content\/uploads\/2017\/12\/arte351-varejao-001.jpg","datePublished":"2017-12-01T10:01:03+00:00","dateModified":"2017-12-28T21:32:31+00:00","breadcrumb":{"@id":"https:\/\/arte351.pt\/art\/2017\/12\/01\/passaros-do-brasil-livro-de-adriana-varejao\/#breadcrumb"},"inLanguage":"pt-BR","potentialAction":[{"@type":"ReadAction","target":["https:\/\/arte351.pt\/art\/2017\/12\/01\/passaros-do-brasil-livro-de-adriana-varejao\/"]}]},{"@type":"ImageObject","inLanguage":"pt-BR","@id":"https:\/\/arte351.pt\/art\/2017\/12\/01\/passaros-do-brasil-livro-de-adriana-varejao\/#primaryimage","url":"https:\/\/arte351.pt\/art\/wp-content\/uploads\/2017\/12\/arte351-varejao-001.jpg","contentUrl":"https:\/\/arte351.pt\/art\/wp-content\/uploads\/2017\/12\/arte351-varejao-001.jpg","width":1200,"height":578},{"@type":"BreadcrumbList","@id":"https:\/\/arte351.pt\/art\/2017\/12\/01\/passaros-do-brasil-livro-de-adriana-varejao\/#breadcrumb","itemListElement":[{"@type":"ListItem","position":1,"name":"In\u00edcio","item":"https:\/\/arte351.pt\/art\/"},{"@type":"ListItem","position":2,"name":"P\u00c1SSAROS DO BRASIL &#8211; LIVRO DE ADRIANA VAREJ\u00c3O"}]},{"@type":"WebSite","@id":"https:\/\/arte351.pt\/art\/#website","url":"https:\/\/arte351.pt\/art\/","name":"Arte351 - Art Magazine Portugal","description":"","publisher":{"@id":"https:\/\/arte351.pt\/art\/#organization"},"potentialAction":[{"@type":"SearchAction","target":{"@type":"EntryPoint","urlTemplate":"https:\/\/arte351.pt\/art\/?s={search_term_string}"},"query-input":{"@type":"PropertyValueSpecification","valueRequired":true,"valueName":"search_term_string"}}],"inLanguage":"pt-BR"},{"@type":"Organization","@id":"https:\/\/arte351.pt\/art\/#organization","name":"Arte351 - Art Magazine Portugal","url":"https:\/\/arte351.pt\/art\/","logo":{"@type":"ImageObject","inLanguage":"pt-BR","@id":"https:\/\/arte351.pt\/art\/#\/schema\/logo\/image\/","url":"https:\/\/arte351.pt\/art\/wp-content\/uploads\/2020\/03\/cropped-logo-arte351-color.png","contentUrl":"https:\/\/arte351.pt\/art\/wp-content\/uploads\/2020\/03\/cropped-logo-arte351-color.png","width":514,"height":200,"caption":"Arte351 - Art Magazine Portugal"},"image":{"@id":"https:\/\/arte351.pt\/art\/#\/schema\/logo\/image\/"},"sameAs":["https:\/\/www.facebook.com\/arte351magazine\/"]},{"@type":"Person","@id":"https:\/\/arte351.pt\/art\/#\/schema\/person\/1d081d5dbc7c2a3f2317da95c823a5bd","name":"Equipa Arte 351","image":{"@type":"ImageObject","inLanguage":"pt-BR","@id":"https:\/\/secure.gravatar.com\/avatar\/3f97e62c832ede8fafe5d2f9e31f8a055e187b6b31056d1e065d95e034db52e2?s=96&d=mm&r=g","url":"https:\/\/secure.gravatar.com\/avatar\/3f97e62c832ede8fafe5d2f9e31f8a055e187b6b31056d1e065d95e034db52e2?s=96&d=mm&r=g","contentUrl":"https:\/\/secure.gravatar.com\/avatar\/3f97e62c832ede8fafe5d2f9e31f8a055e187b6b31056d1e065d95e034db52e2?s=96&d=mm&r=g","caption":"Equipa Arte 351"},"url":"https:\/\/arte351.pt\/art\/author\/admin2\/"}]}},"_links":{"self":[{"href":"https:\/\/arte351.pt\/art\/wp-json\/wp\/v2\/posts\/1966","targetHints":{"allow":["GET"]}}],"collection":[{"href":"https:\/\/arte351.pt\/art\/wp-json\/wp\/v2\/posts"}],"about":[{"href":"https:\/\/arte351.pt\/art\/wp-json\/wp\/v2\/types\/post"}],"author":[{"embeddable":true,"href":"https:\/\/arte351.pt\/art\/wp-json\/wp\/v2\/users\/34415"}],"replies":[{"embeddable":true,"href":"https:\/\/arte351.pt\/art\/wp-json\/wp\/v2\/comments?post=1966"}],"version-history":[{"count":1,"href":"https:\/\/arte351.pt\/art\/wp-json\/wp\/v2\/posts\/1966\/revisions"}],"predecessor-version":[{"id":1968,"href":"https:\/\/arte351.pt\/art\/wp-json\/wp\/v2\/posts\/1966\/revisions\/1968"}],"wp:featuredmedia":[{"embeddable":true,"href":"https:\/\/arte351.pt\/art\/wp-json\/wp\/v2\/media\/1967"}],"wp:attachment":[{"href":"https:\/\/arte351.pt\/art\/wp-json\/wp\/v2\/media?parent=1966"}],"wp:term":[{"taxonomy":"category","embeddable":true,"href":"https:\/\/arte351.pt\/art\/wp-json\/wp\/v2\/categories?post=1966"},{"taxonomy":"post_tag","embeddable":true,"href":"https:\/\/arte351.pt\/art\/wp-json\/wp\/v2\/tags?post=1966"}],"curies":[{"name":"wp","href":"https:\/\/api.w.org\/{rel}","templated":true}]}}