{"id":2029,"date":"2018-03-01T15:15:52","date_gmt":"2018-03-01T15:15:52","guid":{"rendered":"http:\/\/arte351.pt\/art\/?p=2029"},"modified":"2018-03-02T14:15:25","modified_gmt":"2018-03-02T14:15:25","slug":"uma-obra-desvendar","status":"publish","type":"post","link":"https:\/\/arte351.pt\/art\/2018\/03\/01\/uma-obra-desvendar\/","title":{"rendered":"UMA OBRA A DESVENDAR!"},"content":{"rendered":"<h3 style=\"text-align: justify;\"><span style=\"font-weight: 400;\">Uma oportunidade de conhecer melhor a principal obra de Johannes Vermeer<\/span><\/h3>\n<figure class=\"thumbnail wp-caption alignright\" style=\"width: 390px\"><img fetchpriority=\"high\" decoding=\"async\" class=\"\" src=\"https:\/\/upload.wikimedia.org\/wikipedia\/commons\/thumb\/6\/66\/Johannes_Vermeer_%281632-1675%29_-_The_Girl_With_The_Pearl_Earring_%281665%29.jpg\/800px-Johannes_Vermeer_%281632-1675%29_-_The_Girl_With_The_Pearl_Earring_%281665%29.jpg\" width=\"380\" height=\"872\" \/><figcaption class=\"caption wp-caption-text\">RAPARIGA COM BRINCO DE P\u00c9ROLA Artista: Johannes Vermeer Dimens\u00f5es: 44 cm x 39 cm Localiza\u00e7\u00e3o: Mauritshuis Per\u00edodo: S\u00e9culo de Ouro dos Pa\u00edses Baixos Material: Tinta a \u00f3leo Cria\u00e7\u00e3o: 1665<\/figcaption><\/figure>\n<p style=\"text-align: justify;\"><span style=\"font-weight: 400;\">Um artista de grande qualidade t\u00e9cnica, mas que pouco se sabe sobre sua hist\u00f3ria e menos ainda sobre sua mais famosa obra: Rapariga com Brinco de P\u00e9rola (1665 &#8211; Mo\u00e7a com Brinco de P\u00e9rola em portugu\u00eas do Brasil e Het Meisje met de Parel, em holand\u00eas). Pouco se sabe sobre\u00a0Johannes Vermeer e sua obra mais conhecida, mas a cada restaura\u00e7\u00e3o ou estudo, novos elementos v\u00e3o decifrando este quebra cabe\u00e7a. A restaura\u00e7\u00e3o da obra ocorrido em 1994, revelou um esquema de cores e estrutura subtis da pintura que apresenta um retrato de uma jovem. A jovem na obra de Vermeer \u00e9 uma inc\u00f3gnita, n\u00e3o se sabe se ela era uma aristocrata, uma modelo ou amante do artista. N\u00e3o se sabe se foi uma pintura encomendada ou um exerc\u00edcio do pintor. O que n\u00e3o deixa d\u00favida \u00e9 a beleza impactante da pintura de Vermeer.<\/span><\/p>\n<p style=\"text-align: justify;\"><span style=\"font-weight: 400;\">As obras de Vermeer, em especial a Rapariga com Brinco de P\u00e9rola, foram durante s\u00e9culos negociadas, tendo passado por diversos donos, a maioria dentro do territ\u00f3rio dos Pa\u00edses Baixos, terra natal do artista. A Rapariga com Brinco de P\u00e9rola foi adquirida por A.A. des Tombe em um leil\u00e3o em 1881. Des Tombe, que n\u00e3o possu\u00eda herdeiros, doou seu acervo ao Mauritshuis, museu da cidade de Haia, um dos mais importantes da Holanda.<\/span><\/p>\n<p style=\"text-align: justify;\"><span style=\"font-weight: 400;\">Ap\u00f3s vinte quatro anos, a \u201cMona Lisa holandesa\u201d, principal atra\u00e7\u00e3o do museu Mauritshuis, ser\u00e1 mais uma vez investigada por especialistas, a fim de descobrir mais sobre esta emblem\u00e1tica pintura. As novas an\u00e1lises sobre a obra de Vermeer ir\u00e3o utilizar o que existe de mais moderno em tecnologia. \u201cDe onde os pigmentos vieram e as cores usadas? Podemos responder esses tipos de perguntas hoje com uma an\u00e1lise qu\u00edmica. O que podemos descobrir se olharmos a tela com grande amplia\u00e7\u00e3o, uma amplia\u00e7\u00e3o de sete mil vezes? Podemos descobrir algo que n\u00e3o vimos antes.\u201d de disse Emilie Gordenker, Diretora do Museu Mauritshuis, para a AFP (<a href=\"https:\/\/www.afp.com\/pt\/noticias\">Agence France-Presse<\/a>). Agora \u00e9 aguardar os resultados e conhecer as novas revela\u00e7\u00f5es desta obra prima da pintura holandesa e mundial.<\/span><\/p>\n<h5><em><a href=\"https:\/\/arte351.pt\/art\/category\/colunistas-2\/marco-monteiro\/\"><img decoding=\"async\" class=\"alignleft wp-image-396\" src=\"https:\/\/arte351.pt\/art\/wp-content\/uploads\/2016\/03\/avatar_marco_monteiro-300x300.jpg\" alt=\"\" width=\"80\" height=\"80\" srcset=\"https:\/\/arte351.pt\/art\/wp-content\/uploads\/2016\/03\/avatar_marco_monteiro-300x300.jpg 300w, https:\/\/arte351.pt\/art\/wp-content\/uploads\/2016\/03\/avatar_marco_monteiro-150x150.jpg 150w, https:\/\/arte351.pt\/art\/wp-content\/uploads\/2016\/03\/avatar_marco_monteiro.jpg 600w\" sizes=\"(max-width: 80px) 100vw, 80px\" \/><\/a>Coluna \u2013 Marco Monteiro\u00a0<\/em><\/h5>\n<h5><em>Marco Monteiro, brasileiro, Natal, RN, Brasil, 1975. Artista, designer, arque\u00f3logo, escritor e pesquisador, autor do livro did\u00e1tico \u201cArtes Visuais \u2013 2\u00ba Per\u00edodo\u201d (Hist\u00f3ria da Arte &#8211;\u00a0Editora Gera\u00e7\u00e3o Digital \u2013 Brasil \u2013 2013) co-editor do \u201cArte351 Magazine\u201d e Doutorando em Teoria e Hist\u00f3ria da Arte pela Universidade Nova de Lisboa. <a href=\"http:\/\/www.mmonteiro.com\/\" target=\"_blank\" rel=\"noopener\">www.mmonteiro.com<\/a><\/em><\/h5>\n","protected":false},"excerpt":{"rendered":"<p>Uma oportunidade de conhecer melhor a principal obra de Johannes Vermeer Um artista de grande qualidade t\u00e9cnica, mas que pouco se sabe sobre sua hist\u00f3ria e menos ainda sobre sua [&hellip;]<\/p>\n","protected":false},"author":34415,"featured_media":2030,"comment_status":"closed","ping_status":"closed","sticky":false,"template":"","format":"standard","meta":{"_exactmetrics_skip_tracking":false,"_exactmetrics_sitenote_active":false,"_exactmetrics_sitenote_note":"","_exactmetrics_sitenote_category":0,"_uf_show_specific_survey":0,"_uf_disable_surveys":false,"footnotes":""},"categories":[9],"tags":[],"class_list":["post-2029","post","type-post","status-publish","format-standard","has-post-thumbnail","hentry","category-marco-monteiro"],"yoast_head":"<!-- This site is optimized with the Yoast SEO plugin v27.3 - https:\/\/yoast.com\/product\/yoast-seo-wordpress\/ -->\n<title>UMA OBRA A DESVENDAR! - Arte351 - Art Magazine Portugal<\/title>\n<meta name=\"robots\" content=\"index, follow, max-snippet:-1, max-image-preview:large, max-video-preview:-1\" \/>\n<link rel=\"canonical\" href=\"https:\/\/arte351.pt\/art\/2018\/03\/01\/uma-obra-desvendar\/\" \/>\n<meta property=\"og:locale\" content=\"pt_BR\" \/>\n<meta property=\"og:type\" content=\"article\" \/>\n<meta property=\"og:title\" content=\"UMA OBRA A DESVENDAR! - Arte351 - Art Magazine Portugal\" \/>\n<meta property=\"og:description\" content=\"Uma oportunidade de conhecer melhor a principal obra de Johannes Vermeer Um artista de grande qualidade t\u00e9cnica, mas que pouco se sabe sobre sua hist\u00f3ria e menos ainda sobre sua [&hellip;]\" \/>\n<meta property=\"og:url\" content=\"https:\/\/arte351.pt\/art\/2018\/03\/01\/uma-obra-desvendar\/\" \/>\n<meta property=\"og:site_name\" content=\"Arte351 - Art Magazine Portugal\" \/>\n<meta property=\"article:publisher\" content=\"https:\/\/www.facebook.com\/arte351magazine\/\" \/>\n<meta property=\"article:published_time\" content=\"2018-03-01T15:15:52+00:00\" \/>\n<meta property=\"article:modified_time\" content=\"2018-03-02T14:15:25+00:00\" \/>\n<meta property=\"og:image\" content=\"https:\/\/arte351.pt\/art\/wp-content\/uploads\/2018\/03\/arte351-vermeer.jpg\" \/>\n\t<meta property=\"og:image:width\" content=\"1200\" \/>\n\t<meta property=\"og:image:height\" content=\"578\" \/>\n\t<meta property=\"og:image:type\" content=\"image\/jpeg\" \/>\n<meta name=\"author\" content=\"Equipa Arte 351\" \/>\n<meta name=\"twitter:label1\" content=\"Escrito por\" \/>\n\t<meta name=\"twitter:data1\" content=\"Equipa Arte 351\" \/>\n\t<meta name=\"twitter:label2\" content=\"Est. tempo de leitura\" \/>\n\t<meta name=\"twitter:data2\" content=\"2 minutos\" \/>\n<script type=\"application\/ld+json\" class=\"yoast-schema-graph\">{\"@context\":\"https:\\\/\\\/schema.org\",\"@graph\":[{\"@type\":\"Article\",\"@id\":\"https:\\\/\\\/arte351.pt\\\/art\\\/2018\\\/03\\\/01\\\/uma-obra-desvendar\\\/#article\",\"isPartOf\":{\"@id\":\"https:\\\/\\\/arte351.pt\\\/art\\\/2018\\\/03\\\/01\\\/uma-obra-desvendar\\\/\"},\"author\":{\"name\":\"Equipa Arte 351\",\"@id\":\"https:\\\/\\\/arte351.pt\\\/art\\\/#\\\/schema\\\/person\\\/1d081d5dbc7c2a3f2317da95c823a5bd\"},\"headline\":\"UMA OBRA A DESVENDAR!\",\"datePublished\":\"2018-03-01T15:15:52+00:00\",\"dateModified\":\"2018-03-02T14:15:25+00:00\",\"mainEntityOfPage\":{\"@id\":\"https:\\\/\\\/arte351.pt\\\/art\\\/2018\\\/03\\\/01\\\/uma-obra-desvendar\\\/\"},\"wordCount\":478,\"publisher\":{\"@id\":\"https:\\\/\\\/arte351.pt\\\/art\\\/#organization\"},\"image\":{\"@id\":\"https:\\\/\\\/arte351.pt\\\/art\\\/2018\\\/03\\\/01\\\/uma-obra-desvendar\\\/#primaryimage\"},\"thumbnailUrl\":\"https:\\\/\\\/arte351.pt\\\/art\\\/wp-content\\\/uploads\\\/2018\\\/03\\\/arte351-vermeer.jpg\",\"articleSection\":[\"Coluna - Marco Monteiro\"],\"inLanguage\":\"pt-BR\"},{\"@type\":\"WebPage\",\"@id\":\"https:\\\/\\\/arte351.pt\\\/art\\\/2018\\\/03\\\/01\\\/uma-obra-desvendar\\\/\",\"url\":\"https:\\\/\\\/arte351.pt\\\/art\\\/2018\\\/03\\\/01\\\/uma-obra-desvendar\\\/\",\"name\":\"UMA OBRA A DESVENDAR! - Arte351 - Art Magazine Portugal\",\"isPartOf\":{\"@id\":\"https:\\\/\\\/arte351.pt\\\/art\\\/#website\"},\"primaryImageOfPage\":{\"@id\":\"https:\\\/\\\/arte351.pt\\\/art\\\/2018\\\/03\\\/01\\\/uma-obra-desvendar\\\/#primaryimage\"},\"image\":{\"@id\":\"https:\\\/\\\/arte351.pt\\\/art\\\/2018\\\/03\\\/01\\\/uma-obra-desvendar\\\/#primaryimage\"},\"thumbnailUrl\":\"https:\\\/\\\/arte351.pt\\\/art\\\/wp-content\\\/uploads\\\/2018\\\/03\\\/arte351-vermeer.jpg\",\"datePublished\":\"2018-03-01T15:15:52+00:00\",\"dateModified\":\"2018-03-02T14:15:25+00:00\",\"breadcrumb\":{\"@id\":\"https:\\\/\\\/arte351.pt\\\/art\\\/2018\\\/03\\\/01\\\/uma-obra-desvendar\\\/#breadcrumb\"},\"inLanguage\":\"pt-BR\",\"potentialAction\":[{\"@type\":\"ReadAction\",\"target\":[\"https:\\\/\\\/arte351.pt\\\/art\\\/2018\\\/03\\\/01\\\/uma-obra-desvendar\\\/\"]}]},{\"@type\":\"ImageObject\",\"inLanguage\":\"pt-BR\",\"@id\":\"https:\\\/\\\/arte351.pt\\\/art\\\/2018\\\/03\\\/01\\\/uma-obra-desvendar\\\/#primaryimage\",\"url\":\"https:\\\/\\\/arte351.pt\\\/art\\\/wp-content\\\/uploads\\\/2018\\\/03\\\/arte351-vermeer.jpg\",\"contentUrl\":\"https:\\\/\\\/arte351.pt\\\/art\\\/wp-content\\\/uploads\\\/2018\\\/03\\\/arte351-vermeer.jpg\",\"width\":1200,\"height\":578},{\"@type\":\"BreadcrumbList\",\"@id\":\"https:\\\/\\\/arte351.pt\\\/art\\\/2018\\\/03\\\/01\\\/uma-obra-desvendar\\\/#breadcrumb\",\"itemListElement\":[{\"@type\":\"ListItem\",\"position\":1,\"name\":\"In\u00edcio\",\"item\":\"https:\\\/\\\/arte351.pt\\\/art\\\/\"},{\"@type\":\"ListItem\",\"position\":2,\"name\":\"UMA OBRA A DESVENDAR!\"}]},{\"@type\":\"WebSite\",\"@id\":\"https:\\\/\\\/arte351.pt\\\/art\\\/#website\",\"url\":\"https:\\\/\\\/arte351.pt\\\/art\\\/\",\"name\":\"Arte351 - Art Magazine Portugal\",\"description\":\"\",\"publisher\":{\"@id\":\"https:\\\/\\\/arte351.pt\\\/art\\\/#organization\"},\"potentialAction\":[{\"@type\":\"SearchAction\",\"target\":{\"@type\":\"EntryPoint\",\"urlTemplate\":\"https:\\\/\\\/arte351.pt\\\/art\\\/?s={search_term_string}\"},\"query-input\":{\"@type\":\"PropertyValueSpecification\",\"valueRequired\":true,\"valueName\":\"search_term_string\"}}],\"inLanguage\":\"pt-BR\"},{\"@type\":\"Organization\",\"@id\":\"https:\\\/\\\/arte351.pt\\\/art\\\/#organization\",\"name\":\"Arte351 - Art Magazine Portugal\",\"url\":\"https:\\\/\\\/arte351.pt\\\/art\\\/\",\"logo\":{\"@type\":\"ImageObject\",\"inLanguage\":\"pt-BR\",\"@id\":\"https:\\\/\\\/arte351.pt\\\/art\\\/#\\\/schema\\\/logo\\\/image\\\/\",\"url\":\"https:\\\/\\\/arte351.pt\\\/art\\\/wp-content\\\/uploads\\\/2020\\\/03\\\/cropped-logo-arte351-color.png\",\"contentUrl\":\"https:\\\/\\\/arte351.pt\\\/art\\\/wp-content\\\/uploads\\\/2020\\\/03\\\/cropped-logo-arte351-color.png\",\"width\":514,\"height\":200,\"caption\":\"Arte351 - Art Magazine Portugal\"},\"image\":{\"@id\":\"https:\\\/\\\/arte351.pt\\\/art\\\/#\\\/schema\\\/logo\\\/image\\\/\"},\"sameAs\":[\"https:\\\/\\\/www.facebook.com\\\/arte351magazine\\\/\"]},{\"@type\":\"Person\",\"@id\":\"https:\\\/\\\/arte351.pt\\\/art\\\/#\\\/schema\\\/person\\\/1d081d5dbc7c2a3f2317da95c823a5bd\",\"name\":\"Equipa Arte 351\",\"image\":{\"@type\":\"ImageObject\",\"inLanguage\":\"pt-BR\",\"@id\":\"https:\\\/\\\/secure.gravatar.com\\\/avatar\\\/3f97e62c832ede8fafe5d2f9e31f8a055e187b6b31056d1e065d95e034db52e2?s=96&d=mm&r=g\",\"url\":\"https:\\\/\\\/secure.gravatar.com\\\/avatar\\\/3f97e62c832ede8fafe5d2f9e31f8a055e187b6b31056d1e065d95e034db52e2?s=96&d=mm&r=g\",\"contentUrl\":\"https:\\\/\\\/secure.gravatar.com\\\/avatar\\\/3f97e62c832ede8fafe5d2f9e31f8a055e187b6b31056d1e065d95e034db52e2?s=96&d=mm&r=g\",\"caption\":\"Equipa Arte 351\"},\"url\":\"https:\\\/\\\/arte351.pt\\\/art\\\/author\\\/admin2\\\/\"}]}<\/script>\n<!-- \/ Yoast SEO plugin. -->","yoast_head_json":{"title":"UMA OBRA A DESVENDAR! - Arte351 - Art Magazine Portugal","robots":{"index":"index","follow":"follow","max-snippet":"max-snippet:-1","max-image-preview":"max-image-preview:large","max-video-preview":"max-video-preview:-1"},"canonical":"https:\/\/arte351.pt\/art\/2018\/03\/01\/uma-obra-desvendar\/","og_locale":"pt_BR","og_type":"article","og_title":"UMA OBRA A DESVENDAR! - Arte351 - Art Magazine Portugal","og_description":"Uma oportunidade de conhecer melhor a principal obra de Johannes Vermeer Um artista de grande qualidade t\u00e9cnica, mas que pouco se sabe sobre sua hist\u00f3ria e menos ainda sobre sua [&hellip;]","og_url":"https:\/\/arte351.pt\/art\/2018\/03\/01\/uma-obra-desvendar\/","og_site_name":"Arte351 - Art Magazine Portugal","article_publisher":"https:\/\/www.facebook.com\/arte351magazine\/","article_published_time":"2018-03-01T15:15:52+00:00","article_modified_time":"2018-03-02T14:15:25+00:00","og_image":[{"width":1200,"height":578,"url":"https:\/\/arte351.pt\/art\/wp-content\/uploads\/2018\/03\/arte351-vermeer.jpg","type":"image\/jpeg"}],"author":"Equipa Arte 351","twitter_misc":{"Escrito por":"Equipa Arte 351","Est. tempo de leitura":"2 minutos"},"schema":{"@context":"https:\/\/schema.org","@graph":[{"@type":"Article","@id":"https:\/\/arte351.pt\/art\/2018\/03\/01\/uma-obra-desvendar\/#article","isPartOf":{"@id":"https:\/\/arte351.pt\/art\/2018\/03\/01\/uma-obra-desvendar\/"},"author":{"name":"Equipa Arte 351","@id":"https:\/\/arte351.pt\/art\/#\/schema\/person\/1d081d5dbc7c2a3f2317da95c823a5bd"},"headline":"UMA OBRA A DESVENDAR!","datePublished":"2018-03-01T15:15:52+00:00","dateModified":"2018-03-02T14:15:25+00:00","mainEntityOfPage":{"@id":"https:\/\/arte351.pt\/art\/2018\/03\/01\/uma-obra-desvendar\/"},"wordCount":478,"publisher":{"@id":"https:\/\/arte351.pt\/art\/#organization"},"image":{"@id":"https:\/\/arte351.pt\/art\/2018\/03\/01\/uma-obra-desvendar\/#primaryimage"},"thumbnailUrl":"https:\/\/arte351.pt\/art\/wp-content\/uploads\/2018\/03\/arte351-vermeer.jpg","articleSection":["Coluna - Marco Monteiro"],"inLanguage":"pt-BR"},{"@type":"WebPage","@id":"https:\/\/arte351.pt\/art\/2018\/03\/01\/uma-obra-desvendar\/","url":"https:\/\/arte351.pt\/art\/2018\/03\/01\/uma-obra-desvendar\/","name":"UMA OBRA A DESVENDAR! - Arte351 - Art Magazine Portugal","isPartOf":{"@id":"https:\/\/arte351.pt\/art\/#website"},"primaryImageOfPage":{"@id":"https:\/\/arte351.pt\/art\/2018\/03\/01\/uma-obra-desvendar\/#primaryimage"},"image":{"@id":"https:\/\/arte351.pt\/art\/2018\/03\/01\/uma-obra-desvendar\/#primaryimage"},"thumbnailUrl":"https:\/\/arte351.pt\/art\/wp-content\/uploads\/2018\/03\/arte351-vermeer.jpg","datePublished":"2018-03-01T15:15:52+00:00","dateModified":"2018-03-02T14:15:25+00:00","breadcrumb":{"@id":"https:\/\/arte351.pt\/art\/2018\/03\/01\/uma-obra-desvendar\/#breadcrumb"},"inLanguage":"pt-BR","potentialAction":[{"@type":"ReadAction","target":["https:\/\/arte351.pt\/art\/2018\/03\/01\/uma-obra-desvendar\/"]}]},{"@type":"ImageObject","inLanguage":"pt-BR","@id":"https:\/\/arte351.pt\/art\/2018\/03\/01\/uma-obra-desvendar\/#primaryimage","url":"https:\/\/arte351.pt\/art\/wp-content\/uploads\/2018\/03\/arte351-vermeer.jpg","contentUrl":"https:\/\/arte351.pt\/art\/wp-content\/uploads\/2018\/03\/arte351-vermeer.jpg","width":1200,"height":578},{"@type":"BreadcrumbList","@id":"https:\/\/arte351.pt\/art\/2018\/03\/01\/uma-obra-desvendar\/#breadcrumb","itemListElement":[{"@type":"ListItem","position":1,"name":"In\u00edcio","item":"https:\/\/arte351.pt\/art\/"},{"@type":"ListItem","position":2,"name":"UMA OBRA A DESVENDAR!"}]},{"@type":"WebSite","@id":"https:\/\/arte351.pt\/art\/#website","url":"https:\/\/arte351.pt\/art\/","name":"Arte351 - Art Magazine Portugal","description":"","publisher":{"@id":"https:\/\/arte351.pt\/art\/#organization"},"potentialAction":[{"@type":"SearchAction","target":{"@type":"EntryPoint","urlTemplate":"https:\/\/arte351.pt\/art\/?s={search_term_string}"},"query-input":{"@type":"PropertyValueSpecification","valueRequired":true,"valueName":"search_term_string"}}],"inLanguage":"pt-BR"},{"@type":"Organization","@id":"https:\/\/arte351.pt\/art\/#organization","name":"Arte351 - Art Magazine Portugal","url":"https:\/\/arte351.pt\/art\/","logo":{"@type":"ImageObject","inLanguage":"pt-BR","@id":"https:\/\/arte351.pt\/art\/#\/schema\/logo\/image\/","url":"https:\/\/arte351.pt\/art\/wp-content\/uploads\/2020\/03\/cropped-logo-arte351-color.png","contentUrl":"https:\/\/arte351.pt\/art\/wp-content\/uploads\/2020\/03\/cropped-logo-arte351-color.png","width":514,"height":200,"caption":"Arte351 - Art Magazine Portugal"},"image":{"@id":"https:\/\/arte351.pt\/art\/#\/schema\/logo\/image\/"},"sameAs":["https:\/\/www.facebook.com\/arte351magazine\/"]},{"@type":"Person","@id":"https:\/\/arte351.pt\/art\/#\/schema\/person\/1d081d5dbc7c2a3f2317da95c823a5bd","name":"Equipa Arte 351","image":{"@type":"ImageObject","inLanguage":"pt-BR","@id":"https:\/\/secure.gravatar.com\/avatar\/3f97e62c832ede8fafe5d2f9e31f8a055e187b6b31056d1e065d95e034db52e2?s=96&d=mm&r=g","url":"https:\/\/secure.gravatar.com\/avatar\/3f97e62c832ede8fafe5d2f9e31f8a055e187b6b31056d1e065d95e034db52e2?s=96&d=mm&r=g","contentUrl":"https:\/\/secure.gravatar.com\/avatar\/3f97e62c832ede8fafe5d2f9e31f8a055e187b6b31056d1e065d95e034db52e2?s=96&d=mm&r=g","caption":"Equipa Arte 351"},"url":"https:\/\/arte351.pt\/art\/author\/admin2\/"}]}},"_links":{"self":[{"href":"https:\/\/arte351.pt\/art\/wp-json\/wp\/v2\/posts\/2029","targetHints":{"allow":["GET"]}}],"collection":[{"href":"https:\/\/arte351.pt\/art\/wp-json\/wp\/v2\/posts"}],"about":[{"href":"https:\/\/arte351.pt\/art\/wp-json\/wp\/v2\/types\/post"}],"author":[{"embeddable":true,"href":"https:\/\/arte351.pt\/art\/wp-json\/wp\/v2\/users\/34415"}],"replies":[{"embeddable":true,"href":"https:\/\/arte351.pt\/art\/wp-json\/wp\/v2\/comments?post=2029"}],"version-history":[{"count":1,"href":"https:\/\/arte351.pt\/art\/wp-json\/wp\/v2\/posts\/2029\/revisions"}],"predecessor-version":[{"id":2031,"href":"https:\/\/arte351.pt\/art\/wp-json\/wp\/v2\/posts\/2029\/revisions\/2031"}],"wp:featuredmedia":[{"embeddable":true,"href":"https:\/\/arte351.pt\/art\/wp-json\/wp\/v2\/media\/2030"}],"wp:attachment":[{"href":"https:\/\/arte351.pt\/art\/wp-json\/wp\/v2\/media?parent=2029"}],"wp:term":[{"taxonomy":"category","embeddable":true,"href":"https:\/\/arte351.pt\/art\/wp-json\/wp\/v2\/categories?post=2029"},{"taxonomy":"post_tag","embeddable":true,"href":"https:\/\/arte351.pt\/art\/wp-json\/wp\/v2\/tags?post=2029"}],"curies":[{"name":"wp","href":"https:\/\/api.w.org\/{rel}","templated":true}]}}