{"id":229,"date":"2016-03-10T08:05:07","date_gmt":"2016-03-10T08:05:07","guid":{"rendered":"http:\/\/arte351.pt\/art\/?p=229"},"modified":"2016-03-31T17:48:00","modified_gmt":"2016-03-31T17:48:00","slug":"glauco-rodrigues-o-filme","status":"publish","type":"post","link":"https:\/\/arte351.pt\/art\/2016\/03\/10\/glauco-rodrigues-o-filme\/","title":{"rendered":"GLAUCO RODRIGUES, O FILME"},"content":{"rendered":"<p style=\"text-align: justify;\"><img fetchpriority=\"high\" decoding=\"async\" class=\"size-medium wp-image-230 alignleft\" src=\"https:\/\/arte351.pt\/art\/wp-content\/uploads\/2016\/03\/r_rosa_002_000-221x300.jpg\" alt=\"r_rosa_002_000\" width=\"221\" height=\"300\" srcset=\"https:\/\/arte351.pt\/art\/wp-content\/uploads\/2016\/03\/r_rosa_002_000-221x300.jpg 221w, https:\/\/arte351.pt\/art\/wp-content\/uploads\/2016\/03\/r_rosa_002_000.jpg 589w\" sizes=\"(max-width: 221px) 100vw, 221px\" \/>Let\u00edcia Friedrich e Zeca Brito, produtores executivos do filme \u201cGlauco do Brasil\u201d\u00a0iniciaram a divulga\u00e7\u00e3o e lan\u00e7amento do filme dedicado ao grande artista brasileiro. Passados tr\u00eas anos do in\u00edcio do projeto de documentar a hist\u00f3ria do artista pl\u00e1stico Glauco Rodrigues, chegou o momento de prestigiar o resultado final dessa incr\u00edvel jornada.<\/p>\n<p style=\"text-align: justify;\">A Anti Filmes e a Boulevard\u00a0Filmes, em parceria com a Cinemateca do MAM, Museu de Arte Moderna do Rio de Janeiro, Parque do Flamengo, Rio de Janeiro, RJ,Brasil, realizaram a pr\u00e9-estreia do document\u00e1rio \u201cGlauco do Brasil\u201d, no dia 05 de mar\u00e7o, data em que seria comemorado o 87\u00ba anivers\u00e1rio do artista. Foi um momento muito especial para celebrar a arte atrav\u00e9s da carreira de um dos mais brilhantes artistas do Brasil. A estreia nacional do filme, ocorrer\u00e1 dia 10 de mar\u00e7o em salas de cinema de arte pelo pa\u00eds.<\/p>\n<div id='gallery-1' class='gallery galleryid-229 gallery-columns-2 gallery-size-large'><figure class='gallery-item'>\n\t\t\t<div class='gallery-icon portrait'>\n\t\t\t\t<a href='https:\/\/arte351.pt\/art\/wp-content\/uploads\/2016\/03\/r_rosa_002_005.jpg'><img decoding=\"async\" width=\"543\" height=\"800\" src=\"https:\/\/arte351.pt\/art\/wp-content\/uploads\/2016\/03\/r_rosa_002_005.jpg\" class=\"attachment-large size-large\" alt=\"\" srcset=\"https:\/\/arte351.pt\/art\/wp-content\/uploads\/2016\/03\/r_rosa_002_005.jpg 543w, https:\/\/arte351.pt\/art\/wp-content\/uploads\/2016\/03\/r_rosa_002_005-204x300.jpg 204w\" sizes=\"(max-width: 543px) 100vw, 543px\" \/><\/a>\n\t\t\t<\/div><\/figure><figure class='gallery-item'>\n\t\t\t<div class='gallery-icon landscape'>\n\t\t\t\t<a href='https:\/\/arte351.pt\/art\/wp-content\/uploads\/2016\/03\/r_rosa_002_004.jpg'><img decoding=\"async\" width=\"697\" height=\"477\" src=\"https:\/\/arte351.pt\/art\/wp-content\/uploads\/2016\/03\/r_rosa_002_004.jpg\" class=\"attachment-large size-large\" alt=\"\" srcset=\"https:\/\/arte351.pt\/art\/wp-content\/uploads\/2016\/03\/r_rosa_002_004.jpg 800w, https:\/\/arte351.pt\/art\/wp-content\/uploads\/2016\/03\/r_rosa_002_004-300x206.jpg 300w, https:\/\/arte351.pt\/art\/wp-content\/uploads\/2016\/03\/r_rosa_002_004-768x526.jpg 768w\" sizes=\"(max-width: 697px) 100vw, 697px\" \/><\/a>\n\t\t\t<\/div><\/figure><figure class='gallery-item'>\n\t\t\t<div class='gallery-icon landscape'>\n\t\t\t\t<a href='https:\/\/arte351.pt\/art\/wp-content\/uploads\/2016\/03\/r_rosa_002_003.jpg'><img loading=\"lazy\" decoding=\"async\" width=\"697\" height=\"391\" src=\"https:\/\/arte351.pt\/art\/wp-content\/uploads\/2016\/03\/r_rosa_002_003.jpg\" class=\"attachment-large size-large\" alt=\"\" srcset=\"https:\/\/arte351.pt\/art\/wp-content\/uploads\/2016\/03\/r_rosa_002_003.jpg 800w, https:\/\/arte351.pt\/art\/wp-content\/uploads\/2016\/03\/r_rosa_002_003-300x168.jpg 300w, https:\/\/arte351.pt\/art\/wp-content\/uploads\/2016\/03\/r_rosa_002_003-768x431.jpg 768w\" sizes=\"(max-width: 697px) 100vw, 697px\" \/><\/a>\n\t\t\t<\/div><\/figure><figure class='gallery-item'>\n\t\t\t<div class='gallery-icon landscape'>\n\t\t\t\t<a href='https:\/\/arte351.pt\/art\/wp-content\/uploads\/2016\/03\/r_rosa_002_002.jpg'><img loading=\"lazy\" decoding=\"async\" width=\"600\" height=\"415\" src=\"https:\/\/arte351.pt\/art\/wp-content\/uploads\/2016\/03\/r_rosa_002_002.jpg\" class=\"attachment-large size-large\" alt=\"\" aria-describedby=\"gallery-1-232\" srcset=\"https:\/\/arte351.pt\/art\/wp-content\/uploads\/2016\/03\/r_rosa_002_002.jpg 600w, https:\/\/arte351.pt\/art\/wp-content\/uploads\/2016\/03\/r_rosa_002_002-300x208.jpg 300w\" sizes=\"(max-width: 600px) 100vw, 600px\" \/><\/a>\n\t\t\t<\/div>\n\t\t\t\t<figcaption class='wp-caption-text gallery-caption' id='gallery-1-232'>\n\t\t\t\tImpress\u00f5es recortadas de 9 x 13 cm\n\t\t\t\t<\/figcaption><\/figure>\n\t\t<\/div>\n\n<h5 style=\"text-align: justify;\"><em><a href=\"https:\/\/arte351.pt\/art\/category\/colunistas-2\/colunistas\/\"><img loading=\"lazy\" decoding=\"async\" class=\"alignleft wp-image-398\" src=\"https:\/\/arte351.pt\/art\/wp-content\/uploads\/2016\/03\/avatar_renato_rosa-300x300.jpg\" alt=\"avatar_renato_rosa\" width=\"80\" height=\"80\" srcset=\"https:\/\/arte351.pt\/art\/wp-content\/uploads\/2016\/03\/avatar_renato_rosa-300x300.jpg 300w, https:\/\/arte351.pt\/art\/wp-content\/uploads\/2016\/03\/avatar_renato_rosa-150x150.jpg 150w, https:\/\/arte351.pt\/art\/wp-content\/uploads\/2016\/03\/avatar_renato_rosa.jpg 600w\" sizes=\"(max-width: 80px) 100vw, 80px\" \/>Coluna &#8211;\u00a0<b class=\"gmail_sendername\">Renato Rosa<\/b><\/a><\/em><\/h5>\n<div>\n<h5 style=\"text-align: justify;\">Renato Rosa, brasileiro, S\u00e3o Gabriel, RS, Brasil, 1946. Marchand, pesquisador, editor do jornal cultural O PARALELO do site\u00a0<a href=\"http:\/\/www.bolsadearte.com\/oparalelo\" target=\"_blank\">www.bolsadearte.com\/<wbr \/>oparalelo<\/a>, co-autor do \u201cDicion\u00e1rio de Artes Pl\u00e1sticas no Rio Grande do Sul\u201d, (2\u00aa edi\u00e7\u00e3o, 2000, esgotada) Editora da Universidade\/UFRGS.<\/h5>\n<\/div>\n","protected":false},"excerpt":{"rendered":"<p>Let\u00edcia Friedrich e Zeca Brito, produtores executivos do filme \u201cGlauco do Brasil\u201d\u00a0iniciaram a divulga\u00e7\u00e3o e lan\u00e7amento do filme dedicado ao grande artista brasileiro. Passados tr\u00eas anos do in\u00edcio do projeto [&hellip;]<\/p>\n","protected":false},"author":34415,"featured_media":231,"comment_status":"open","ping_status":"open","sticky":false,"template":"","format":"standard","meta":{"_exactmetrics_skip_tracking":false,"_exactmetrics_sitenote_active":false,"_exactmetrics_sitenote_note":"","_exactmetrics_sitenote_category":0,"_uf_show_specific_survey":0,"_uf_disable_surveys":false,"footnotes":""},"categories":[7,8],"tags":[],"class_list":["post-229","post","type-post","status-publish","format-standard","has-post-thumbnail","hentry","category-colunistas","category-colunistas-2"],"yoast_head":"<!-- This site is optimized with the Yoast SEO plugin v27.3 - https:\/\/yoast.com\/product\/yoast-seo-wordpress\/ -->\n<title>GLAUCO RODRIGUES, O FILME - Arte351 - Art Magazine Portugal<\/title>\n<meta name=\"robots\" content=\"index, follow, max-snippet:-1, max-image-preview:large, max-video-preview:-1\" \/>\n<link rel=\"canonical\" href=\"https:\/\/arte351.pt\/art\/2016\/03\/10\/glauco-rodrigues-o-filme\/\" \/>\n<meta property=\"og:locale\" content=\"pt_BR\" \/>\n<meta property=\"og:type\" content=\"article\" \/>\n<meta property=\"og:title\" content=\"GLAUCO RODRIGUES, O FILME - Arte351 - Art Magazine Portugal\" \/>\n<meta property=\"og:description\" content=\"Let\u00edcia Friedrich e Zeca Brito, produtores executivos do filme \u201cGlauco do Brasil\u201d\u00a0iniciaram a divulga\u00e7\u00e3o e lan\u00e7amento do filme dedicado ao grande artista brasileiro. Passados tr\u00eas anos do in\u00edcio do projeto [&hellip;]\" \/>\n<meta property=\"og:url\" content=\"https:\/\/arte351.pt\/art\/2016\/03\/10\/glauco-rodrigues-o-filme\/\" \/>\n<meta property=\"og:site_name\" content=\"Arte351 - Art Magazine Portugal\" \/>\n<meta property=\"article:publisher\" content=\"https:\/\/www.facebook.com\/arte351magazine\/\" \/>\n<meta property=\"article:published_time\" content=\"2016-03-10T08:05:07+00:00\" \/>\n<meta property=\"article:modified_time\" content=\"2016-03-31T17:48:00+00:00\" \/>\n<meta property=\"og:image\" content=\"https:\/\/arte351.pt\/art\/wp-content\/uploads\/2016\/03\/r_rosa_002_001.jpg\" \/>\n\t<meta property=\"og:image:width\" content=\"1280\" \/>\n\t<meta property=\"og:image:height\" content=\"600\" \/>\n\t<meta property=\"og:image:type\" content=\"image\/jpeg\" \/>\n<meta name=\"author\" content=\"Equipa Arte 351\" \/>\n<meta name=\"twitter:label1\" content=\"Escrito por\" \/>\n\t<meta name=\"twitter:data1\" content=\"Equipa Arte 351\" \/>\n\t<meta name=\"twitter:label2\" content=\"Est. tempo de leitura\" \/>\n\t<meta name=\"twitter:data2\" content=\"1 minuto\" \/>\n<script type=\"application\/ld+json\" class=\"yoast-schema-graph\">{\"@context\":\"https:\\\/\\\/schema.org\",\"@graph\":[{\"@type\":\"Article\",\"@id\":\"https:\\\/\\\/arte351.pt\\\/art\\\/2016\\\/03\\\/10\\\/glauco-rodrigues-o-filme\\\/#article\",\"isPartOf\":{\"@id\":\"https:\\\/\\\/arte351.pt\\\/art\\\/2016\\\/03\\\/10\\\/glauco-rodrigues-o-filme\\\/\"},\"author\":{\"name\":\"Equipa Arte 351\",\"@id\":\"https:\\\/\\\/arte351.pt\\\/art\\\/#\\\/schema\\\/person\\\/1d081d5dbc7c2a3f2317da95c823a5bd\"},\"headline\":\"GLAUCO RODRIGUES, O FILME\",\"datePublished\":\"2016-03-10T08:05:07+00:00\",\"dateModified\":\"2016-03-31T17:48:00+00:00\",\"mainEntityOfPage\":{\"@id\":\"https:\\\/\\\/arte351.pt\\\/art\\\/2016\\\/03\\\/10\\\/glauco-rodrigues-o-filme\\\/\"},\"wordCount\":211,\"commentCount\":0,\"publisher\":{\"@id\":\"https:\\\/\\\/arte351.pt\\\/art\\\/#organization\"},\"image\":{\"@id\":\"https:\\\/\\\/arte351.pt\\\/art\\\/2016\\\/03\\\/10\\\/glauco-rodrigues-o-filme\\\/#primaryimage\"},\"thumbnailUrl\":\"https:\\\/\\\/arte351.pt\\\/art\\\/wp-content\\\/uploads\\\/2016\\\/03\\\/r_rosa_002_001.jpg\",\"articleSection\":[\"Coluna - Renato Rosa\",\"Colunistas\"],\"inLanguage\":\"pt-BR\",\"potentialAction\":[{\"@type\":\"CommentAction\",\"name\":\"Comment\",\"target\":[\"https:\\\/\\\/arte351.pt\\\/art\\\/2016\\\/03\\\/10\\\/glauco-rodrigues-o-filme\\\/#respond\"]}]},{\"@type\":\"WebPage\",\"@id\":\"https:\\\/\\\/arte351.pt\\\/art\\\/2016\\\/03\\\/10\\\/glauco-rodrigues-o-filme\\\/\",\"url\":\"https:\\\/\\\/arte351.pt\\\/art\\\/2016\\\/03\\\/10\\\/glauco-rodrigues-o-filme\\\/\",\"name\":\"GLAUCO RODRIGUES, O FILME - Arte351 - Art Magazine Portugal\",\"isPartOf\":{\"@id\":\"https:\\\/\\\/arte351.pt\\\/art\\\/#website\"},\"primaryImageOfPage\":{\"@id\":\"https:\\\/\\\/arte351.pt\\\/art\\\/2016\\\/03\\\/10\\\/glauco-rodrigues-o-filme\\\/#primaryimage\"},\"image\":{\"@id\":\"https:\\\/\\\/arte351.pt\\\/art\\\/2016\\\/03\\\/10\\\/glauco-rodrigues-o-filme\\\/#primaryimage\"},\"thumbnailUrl\":\"https:\\\/\\\/arte351.pt\\\/art\\\/wp-content\\\/uploads\\\/2016\\\/03\\\/r_rosa_002_001.jpg\",\"datePublished\":\"2016-03-10T08:05:07+00:00\",\"dateModified\":\"2016-03-31T17:48:00+00:00\",\"breadcrumb\":{\"@id\":\"https:\\\/\\\/arte351.pt\\\/art\\\/2016\\\/03\\\/10\\\/glauco-rodrigues-o-filme\\\/#breadcrumb\"},\"inLanguage\":\"pt-BR\",\"potentialAction\":[{\"@type\":\"ReadAction\",\"target\":[\"https:\\\/\\\/arte351.pt\\\/art\\\/2016\\\/03\\\/10\\\/glauco-rodrigues-o-filme\\\/\"]}]},{\"@type\":\"ImageObject\",\"inLanguage\":\"pt-BR\",\"@id\":\"https:\\\/\\\/arte351.pt\\\/art\\\/2016\\\/03\\\/10\\\/glauco-rodrigues-o-filme\\\/#primaryimage\",\"url\":\"https:\\\/\\\/arte351.pt\\\/art\\\/wp-content\\\/uploads\\\/2016\\\/03\\\/r_rosa_002_001.jpg\",\"contentUrl\":\"https:\\\/\\\/arte351.pt\\\/art\\\/wp-content\\\/uploads\\\/2016\\\/03\\\/r_rosa_002_001.jpg\",\"width\":1280,\"height\":600},{\"@type\":\"BreadcrumbList\",\"@id\":\"https:\\\/\\\/arte351.pt\\\/art\\\/2016\\\/03\\\/10\\\/glauco-rodrigues-o-filme\\\/#breadcrumb\",\"itemListElement\":[{\"@type\":\"ListItem\",\"position\":1,\"name\":\"In\u00edcio\",\"item\":\"https:\\\/\\\/arte351.pt\\\/art\\\/\"},{\"@type\":\"ListItem\",\"position\":2,\"name\":\"GLAUCO RODRIGUES, O FILME\"}]},{\"@type\":\"WebSite\",\"@id\":\"https:\\\/\\\/arte351.pt\\\/art\\\/#website\",\"url\":\"https:\\\/\\\/arte351.pt\\\/art\\\/\",\"name\":\"Arte351 - Art Magazine Portugal\",\"description\":\"\",\"publisher\":{\"@id\":\"https:\\\/\\\/arte351.pt\\\/art\\\/#organization\"},\"potentialAction\":[{\"@type\":\"SearchAction\",\"target\":{\"@type\":\"EntryPoint\",\"urlTemplate\":\"https:\\\/\\\/arte351.pt\\\/art\\\/?s={search_term_string}\"},\"query-input\":{\"@type\":\"PropertyValueSpecification\",\"valueRequired\":true,\"valueName\":\"search_term_string\"}}],\"inLanguage\":\"pt-BR\"},{\"@type\":\"Organization\",\"@id\":\"https:\\\/\\\/arte351.pt\\\/art\\\/#organization\",\"name\":\"Arte351 - Art Magazine Portugal\",\"url\":\"https:\\\/\\\/arte351.pt\\\/art\\\/\",\"logo\":{\"@type\":\"ImageObject\",\"inLanguage\":\"pt-BR\",\"@id\":\"https:\\\/\\\/arte351.pt\\\/art\\\/#\\\/schema\\\/logo\\\/image\\\/\",\"url\":\"https:\\\/\\\/arte351.pt\\\/art\\\/wp-content\\\/uploads\\\/2020\\\/03\\\/cropped-logo-arte351-color.png\",\"contentUrl\":\"https:\\\/\\\/arte351.pt\\\/art\\\/wp-content\\\/uploads\\\/2020\\\/03\\\/cropped-logo-arte351-color.png\",\"width\":514,\"height\":200,\"caption\":\"Arte351 - Art Magazine Portugal\"},\"image\":{\"@id\":\"https:\\\/\\\/arte351.pt\\\/art\\\/#\\\/schema\\\/logo\\\/image\\\/\"},\"sameAs\":[\"https:\\\/\\\/www.facebook.com\\\/arte351magazine\\\/\"]},{\"@type\":\"Person\",\"@id\":\"https:\\\/\\\/arte351.pt\\\/art\\\/#\\\/schema\\\/person\\\/1d081d5dbc7c2a3f2317da95c823a5bd\",\"name\":\"Equipa Arte 351\",\"image\":{\"@type\":\"ImageObject\",\"inLanguage\":\"pt-BR\",\"@id\":\"https:\\\/\\\/secure.gravatar.com\\\/avatar\\\/3f97e62c832ede8fafe5d2f9e31f8a055e187b6b31056d1e065d95e034db52e2?s=96&d=mm&r=g\",\"url\":\"https:\\\/\\\/secure.gravatar.com\\\/avatar\\\/3f97e62c832ede8fafe5d2f9e31f8a055e187b6b31056d1e065d95e034db52e2?s=96&d=mm&r=g\",\"contentUrl\":\"https:\\\/\\\/secure.gravatar.com\\\/avatar\\\/3f97e62c832ede8fafe5d2f9e31f8a055e187b6b31056d1e065d95e034db52e2?s=96&d=mm&r=g\",\"caption\":\"Equipa Arte 351\"},\"url\":\"https:\\\/\\\/arte351.pt\\\/art\\\/author\\\/admin2\\\/\"}]}<\/script>\n<!-- \/ Yoast SEO plugin. -->","yoast_head_json":{"title":"GLAUCO RODRIGUES, O FILME - Arte351 - Art Magazine Portugal","robots":{"index":"index","follow":"follow","max-snippet":"max-snippet:-1","max-image-preview":"max-image-preview:large","max-video-preview":"max-video-preview:-1"},"canonical":"https:\/\/arte351.pt\/art\/2016\/03\/10\/glauco-rodrigues-o-filme\/","og_locale":"pt_BR","og_type":"article","og_title":"GLAUCO RODRIGUES, O FILME - Arte351 - Art Magazine Portugal","og_description":"Let\u00edcia Friedrich e Zeca Brito, produtores executivos do filme \u201cGlauco do Brasil\u201d\u00a0iniciaram a divulga\u00e7\u00e3o e lan\u00e7amento do filme dedicado ao grande artista brasileiro. Passados tr\u00eas anos do in\u00edcio do projeto [&hellip;]","og_url":"https:\/\/arte351.pt\/art\/2016\/03\/10\/glauco-rodrigues-o-filme\/","og_site_name":"Arte351 - Art Magazine Portugal","article_publisher":"https:\/\/www.facebook.com\/arte351magazine\/","article_published_time":"2016-03-10T08:05:07+00:00","article_modified_time":"2016-03-31T17:48:00+00:00","og_image":[{"width":1280,"height":600,"url":"https:\/\/arte351.pt\/art\/wp-content\/uploads\/2016\/03\/r_rosa_002_001.jpg","type":"image\/jpeg"}],"author":"Equipa Arte 351","twitter_misc":{"Escrito por":"Equipa Arte 351","Est. tempo de leitura":"1 minuto"},"schema":{"@context":"https:\/\/schema.org","@graph":[{"@type":"Article","@id":"https:\/\/arte351.pt\/art\/2016\/03\/10\/glauco-rodrigues-o-filme\/#article","isPartOf":{"@id":"https:\/\/arte351.pt\/art\/2016\/03\/10\/glauco-rodrigues-o-filme\/"},"author":{"name":"Equipa Arte 351","@id":"https:\/\/arte351.pt\/art\/#\/schema\/person\/1d081d5dbc7c2a3f2317da95c823a5bd"},"headline":"GLAUCO RODRIGUES, O FILME","datePublished":"2016-03-10T08:05:07+00:00","dateModified":"2016-03-31T17:48:00+00:00","mainEntityOfPage":{"@id":"https:\/\/arte351.pt\/art\/2016\/03\/10\/glauco-rodrigues-o-filme\/"},"wordCount":211,"commentCount":0,"publisher":{"@id":"https:\/\/arte351.pt\/art\/#organization"},"image":{"@id":"https:\/\/arte351.pt\/art\/2016\/03\/10\/glauco-rodrigues-o-filme\/#primaryimage"},"thumbnailUrl":"https:\/\/arte351.pt\/art\/wp-content\/uploads\/2016\/03\/r_rosa_002_001.jpg","articleSection":["Coluna - Renato Rosa","Colunistas"],"inLanguage":"pt-BR","potentialAction":[{"@type":"CommentAction","name":"Comment","target":["https:\/\/arte351.pt\/art\/2016\/03\/10\/glauco-rodrigues-o-filme\/#respond"]}]},{"@type":"WebPage","@id":"https:\/\/arte351.pt\/art\/2016\/03\/10\/glauco-rodrigues-o-filme\/","url":"https:\/\/arte351.pt\/art\/2016\/03\/10\/glauco-rodrigues-o-filme\/","name":"GLAUCO RODRIGUES, O FILME - Arte351 - Art Magazine Portugal","isPartOf":{"@id":"https:\/\/arte351.pt\/art\/#website"},"primaryImageOfPage":{"@id":"https:\/\/arte351.pt\/art\/2016\/03\/10\/glauco-rodrigues-o-filme\/#primaryimage"},"image":{"@id":"https:\/\/arte351.pt\/art\/2016\/03\/10\/glauco-rodrigues-o-filme\/#primaryimage"},"thumbnailUrl":"https:\/\/arte351.pt\/art\/wp-content\/uploads\/2016\/03\/r_rosa_002_001.jpg","datePublished":"2016-03-10T08:05:07+00:00","dateModified":"2016-03-31T17:48:00+00:00","breadcrumb":{"@id":"https:\/\/arte351.pt\/art\/2016\/03\/10\/glauco-rodrigues-o-filme\/#breadcrumb"},"inLanguage":"pt-BR","potentialAction":[{"@type":"ReadAction","target":["https:\/\/arte351.pt\/art\/2016\/03\/10\/glauco-rodrigues-o-filme\/"]}]},{"@type":"ImageObject","inLanguage":"pt-BR","@id":"https:\/\/arte351.pt\/art\/2016\/03\/10\/glauco-rodrigues-o-filme\/#primaryimage","url":"https:\/\/arte351.pt\/art\/wp-content\/uploads\/2016\/03\/r_rosa_002_001.jpg","contentUrl":"https:\/\/arte351.pt\/art\/wp-content\/uploads\/2016\/03\/r_rosa_002_001.jpg","width":1280,"height":600},{"@type":"BreadcrumbList","@id":"https:\/\/arte351.pt\/art\/2016\/03\/10\/glauco-rodrigues-o-filme\/#breadcrumb","itemListElement":[{"@type":"ListItem","position":1,"name":"In\u00edcio","item":"https:\/\/arte351.pt\/art\/"},{"@type":"ListItem","position":2,"name":"GLAUCO RODRIGUES, O FILME"}]},{"@type":"WebSite","@id":"https:\/\/arte351.pt\/art\/#website","url":"https:\/\/arte351.pt\/art\/","name":"Arte351 - Art Magazine Portugal","description":"","publisher":{"@id":"https:\/\/arte351.pt\/art\/#organization"},"potentialAction":[{"@type":"SearchAction","target":{"@type":"EntryPoint","urlTemplate":"https:\/\/arte351.pt\/art\/?s={search_term_string}"},"query-input":{"@type":"PropertyValueSpecification","valueRequired":true,"valueName":"search_term_string"}}],"inLanguage":"pt-BR"},{"@type":"Organization","@id":"https:\/\/arte351.pt\/art\/#organization","name":"Arte351 - Art Magazine Portugal","url":"https:\/\/arte351.pt\/art\/","logo":{"@type":"ImageObject","inLanguage":"pt-BR","@id":"https:\/\/arte351.pt\/art\/#\/schema\/logo\/image\/","url":"https:\/\/arte351.pt\/art\/wp-content\/uploads\/2020\/03\/cropped-logo-arte351-color.png","contentUrl":"https:\/\/arte351.pt\/art\/wp-content\/uploads\/2020\/03\/cropped-logo-arte351-color.png","width":514,"height":200,"caption":"Arte351 - Art Magazine Portugal"},"image":{"@id":"https:\/\/arte351.pt\/art\/#\/schema\/logo\/image\/"},"sameAs":["https:\/\/www.facebook.com\/arte351magazine\/"]},{"@type":"Person","@id":"https:\/\/arte351.pt\/art\/#\/schema\/person\/1d081d5dbc7c2a3f2317da95c823a5bd","name":"Equipa Arte 351","image":{"@type":"ImageObject","inLanguage":"pt-BR","@id":"https:\/\/secure.gravatar.com\/avatar\/3f97e62c832ede8fafe5d2f9e31f8a055e187b6b31056d1e065d95e034db52e2?s=96&d=mm&r=g","url":"https:\/\/secure.gravatar.com\/avatar\/3f97e62c832ede8fafe5d2f9e31f8a055e187b6b31056d1e065d95e034db52e2?s=96&d=mm&r=g","contentUrl":"https:\/\/secure.gravatar.com\/avatar\/3f97e62c832ede8fafe5d2f9e31f8a055e187b6b31056d1e065d95e034db52e2?s=96&d=mm&r=g","caption":"Equipa Arte 351"},"url":"https:\/\/arte351.pt\/art\/author\/admin2\/"}]}},"_links":{"self":[{"href":"https:\/\/arte351.pt\/art\/wp-json\/wp\/v2\/posts\/229","targetHints":{"allow":["GET"]}}],"collection":[{"href":"https:\/\/arte351.pt\/art\/wp-json\/wp\/v2\/posts"}],"about":[{"href":"https:\/\/arte351.pt\/art\/wp-json\/wp\/v2\/types\/post"}],"author":[{"embeddable":true,"href":"https:\/\/arte351.pt\/art\/wp-json\/wp\/v2\/users\/34415"}],"replies":[{"embeddable":true,"href":"https:\/\/arte351.pt\/art\/wp-json\/wp\/v2\/comments?post=229"}],"version-history":[{"count":5,"href":"https:\/\/arte351.pt\/art\/wp-json\/wp\/v2\/posts\/229\/revisions"}],"predecessor-version":[{"id":415,"href":"https:\/\/arte351.pt\/art\/wp-json\/wp\/v2\/posts\/229\/revisions\/415"}],"wp:featuredmedia":[{"embeddable":true,"href":"https:\/\/arte351.pt\/art\/wp-json\/wp\/v2\/media\/231"}],"wp:attachment":[{"href":"https:\/\/arte351.pt\/art\/wp-json\/wp\/v2\/media?parent=229"}],"wp:term":[{"taxonomy":"category","embeddable":true,"href":"https:\/\/arte351.pt\/art\/wp-json\/wp\/v2\/categories?post=229"},{"taxonomy":"post_tag","embeddable":true,"href":"https:\/\/arte351.pt\/art\/wp-json\/wp\/v2\/tags?post=229"}],"curies":[{"name":"wp","href":"https:\/\/api.w.org\/{rel}","templated":true}]}}