{"id":3444,"date":"2020-06-17T22:07:51","date_gmt":"2020-06-17T22:07:51","guid":{"rendered":"https:\/\/arte351.pt\/art\/?p=3444"},"modified":"2020-06-20T12:29:51","modified_gmt":"2020-06-20T12:29:51","slug":"texto-protesto-do-artista-plastico-emanoel-araujo","status":"publish","type":"post","link":"https:\/\/arte351.pt\/art\/2020\/06\/17\/texto-protesto-do-artista-plastico-emanoel-araujo\/","title":{"rendered":"Texto protesto do artista pl\u00e1stico Emanoel Ara\u00fajo"},"content":{"rendered":"<p style=\"text-align: justify;\">EMANOEL ARA\u00daJO. Criador, curador e diretor do Museu Afro-Brasil em S\u00e3o Paulo, SP. Salve <a title=\"Emanoel Araujo\" href=\"https:\/\/www.facebook.com\/emanoel.araujo.520?__tn__=%2CdK-R-R&amp;eid=ARCerwEJL89gyX_OGGuzDZyYeXrsma0TSAbgvLXSqj0IFFlOInARWJ0OV1i6fGdPcj7aN32lAE14mYvC&amp;fref=mentions\" target=\"_blank\" rel=\"noopener noreferrer\" data-saferedirecturl=\"https:\/\/www.google.com\/url?q=https:\/\/www.facebook.com\/emanoel.araujo.520?__tn__%3D%252CdK-R-R%26eid%3DARCerwEJL89gyX_OGGuzDZyYeXrsma0TSAbgvLXSqj0IFFlOInARWJ0OV1i6fGdPcj7aN32lAE14mYvC%26fref%3Dmentions&amp;source=gmail&amp;ust=1592508607470000&amp;usg=AFQjCNF6tsfhUfhMK106CutiOtTnRcZhAw\">Emanoel Araujo<\/a>!!!<\/p>\n<p style=\"text-align: center;\">UM SENHOR DESPREZ\u00cdVEL, FILHO DE UM GRANDE POETA<\/p>\n<p style=\"text-align: center;\">\u201cAntigamente eu morria,<br \/>\nAntigamente eu amava,<br \/>\nAntigamente eu sabia<br \/>\nQual \u00e9 o ch\u00e3o que resvala<br \/>\nSe o passo da gente pesa.<br \/>\nHoje que sou homem leve,<br \/>\nSem dinheiro, sem altura,<br \/>\nE tenho a boca entreaberta,<br \/>\nOlhando o inc\u00eandio do mundo,<br \/>\nVejo a certeza mais certa:<br \/>\nEu cavo sempre no fundo!\u201d<\/p>\n<p style=\"text-align: center;\">Oswaldo de Camargo[1]<\/p>\n<p style=\"text-align: justify;\">Esse \u00e9 mais um caso escabroso dessa pol\u00edtica atual de destruir e desqualificar as institui\u00e7\u00f5es brasileiras. Dessa vez o tema \u00e9 o negro, na pessoa de S\u00e9rgio Camargo, e um outro que o Presidente chamou de escravo \u2013 H\u00e9lio Neg\u00e3o Lopes \u2013, sombra de suas falas nas redes sociais, deputado federal eleito pelo Rio de Janeiro. Ambos sem nenhuma autoestima, que se p\u00f5em a servi\u00e7o de uma ideologia do \u00f3dio, negando seus pr\u00f3prios valores.<\/p>\n<p style=\"text-align: justify;\">A Funda\u00e7\u00e3o Palmares foi criada no bojo das comemora\u00e7\u00f5es dos 100 anos da Aboli\u00e7\u00e3o da Escravatura pelo ent\u00e3o Presidente Jos\u00e9 Sarney, e eu estive l\u00e1 no dia da proclama\u00e7\u00e3o dessa lei, em 1988.<\/p>\n<figure class=\"thumbnail wp-caption aligncenter\" style=\"width: 583px\"><img fetchpriority=\"high\" decoding=\"async\" title=\"Emanoel Ara\u00fajo e Renato Rosa (acervo pessoal)\" src=\"https:\/\/scontent.flis5-1.fna.fbcdn.net\/v\/t1.0-9\/104271970_2981629661885208_1086917451239804025_n.jpg?_nc_cat=108&amp;_nc_sid=110474&amp;_nc_ohc=GDYNJX02Rh8AX_OIXl8&amp;_nc_ht=scontent.flis5-1.fna&amp;oh=eaa984118aad527121d5d764b64fd460&amp;oe=5F10BEB9\" alt=\"\" width=\"573\" height=\"463\" \/><figcaption class=\"caption wp-caption-text\">Emanoel Ara\u00fajo e Renato Rosa (acervo pessoal)<\/figcaption><\/figure>\n<p style=\"text-align: justify;\">Esse negro chamado S\u00e9rgio Camargo, filho de um grande poeta negro, \u00e9 hoje presidente da Funda\u00e7\u00e3o Cultural Palmares e nega, ao sabor da sua ignor\u00e2ncia, tudo o que aconteceu no s\u00e9culo XVII no Quilombo dos Palmares, Serra da Barriga, hoje no Estado de Alagoas. Foi destru\u00eddo pelo bandeirante paulista Domingos Jorge Velho. Nega esses africanos diante das atrocidades sofridas como escravos \u2013 um deles, Zumbi dos Palmares \u2013, nega esses valores, esses s\u00edmbolos da liberdade, al\u00e9m do que se clama agora mesmo, mais ainda no Rio de Janeiro, onde se v\u00ea a trucul\u00eancia contra os negros em situa\u00e7\u00f5es de exclus\u00e3o, mortos pela pol\u00edcia criminosa da cidade.<\/p>\n<p style=\"text-align: justify;\">S\u00e9rgio Camargo, o novo presidente da Funda\u00e7\u00e3o Cultural Palmares nega qualquer import\u00e2ncia social e cultural da Funda\u00e7\u00e3o que ele pr\u00f3prio dirige, e mal, no pouco tempo que l\u00e1 est\u00e1, e ainda dizendo palavras inapropriadas ao povo negro do Brasil, sendo ele um negro. Que vergonha! Uma coisa abjeta.<\/p>\n<p style=\"text-align: justify;\">A Funda\u00e7\u00e3o Palmares, foi o grande desafio do ano de 1988, quando o Presidente Constituinte Jos\u00e9 Sarney tinha um claro simbolismo na busca da ressurrei\u00e7\u00e3o para quem negro foi, e quem negro \u00e9.<\/p>\n<p style=\"text-align: justify;\">Foge de sua verdadeira voca\u00e7\u00e3o por recupera\u00e7\u00e3o racial, social e da mem\u00f3ria e da arte na figura desse grande Quilombola, Zumbi dos Palmares e outros, de quilombos e quilombolas pelo Brasil afora, inclusive aqui em S\u00e3o Paulo.<\/p>\n<p style=\"text-align: justify;\">A Funda\u00e7\u00e3o Palmares foi mais um desses engodos vindos de cima para baixo, como a lei 10.639\/03 promulgada pelo Presidente Luiz In\u00e1cio Lula da Silva para o ensino da hist\u00f3ria da \u00c1frica, assim como a Lei de Cotas e a SEPPIR \u2013 Secretaria de Pol\u00edticas de Promo\u00e7\u00e3o da Igualdade Racial. A despeito de todas as boas inten\u00e7\u00f5es, tudo isso n\u00e3o valeu de nada.<\/p>\n<p style=\"text-align: justify;\">A Funda\u00e7\u00e3o Cultural Palmares sempre foi um gabinete de emprego dos desocupados da ilha da fantasia que \u00e9 Bras\u00edlia, Capital Federal e Capital da Rep\u00fablica. Essa Funda\u00e7\u00e3o serviu para acomodar funcion\u00e1rios de outras autarquias, e assim, cada presidente que l\u00e1 entrava tinha seus pr\u00f3prios projetos pol\u00edticos e ela jamais serviu para seus prop\u00f3sitos. Seus presidentes foram sempre nomeados por injun\u00e7\u00f5es do Minist\u00e9rio da Cultura para nada realizar.<\/p>\n<p style=\"text-align: justify;\">Em diferentes per\u00edodos por l\u00e1 passaram advogados, ativistas negros, poetas, antrop\u00f3logos e muita irresponsabilidade. Agora, esse lugar abriga S\u00e9rgio Camargo, posto ali por Roberto Alvim que foi exonerado com seu discurso nazista, deixando esse c\u00e2ncer de presente para os negros do pa\u00eds. N\u00e3o bastasse os sofrimentos dos negros e africanos sob o chicote de seus senhores que fizeram fortunas no lombo desses escravos, e ainda se v\u00ea hoje o resultado dessa injusti\u00e7a social em cada favela, em cada comunidade onde est\u00e3o os exclu\u00eddos desse sistema cruel, racista, para cada negro como ele, S\u00e9rgio Camargo, filho do grande intelectual e poeta Oswaldo de Camargo, um homem consciente de seus princ\u00edpios.<\/p>\n<p style=\"text-align: justify;\">Esse senhor deve sair da Funda\u00e7\u00e3o, depois de tantos insultos aos homens de bem e \u00e0 hist\u00f3ria do Brasil, um pa\u00eds onde os negros foram fundamentais para o desenvolvimento em plena saga da escravatura.<\/p>\n<p style=\"text-align: justify;\">Para que ele se lembre, houve Juliano Moreira, primeiro psiquiatra brasileiro, o grande ge\u00f3grafo e historiador Teodoro Sampaio, respons\u00e1vel pelo servi\u00e7o de \u00e1guas de S\u00e3o Paulo, Alberto Guerreiro Ramos, soci\u00f3logo e escritor, Paula Brito, o primeiro editor do pa\u00eds, o m\u00fasico Padre Jos\u00e9 Maur\u00edcio Nunes Garcia, os cantores e compositores Geraldo Pereira, Dorival Caymmi, Pixinguinha, Cartola, Assis Valente e Ismael Silva. E Jo\u00e3o da Baiana, Nelson Cavaquinho, o instrumentista e compositor Sinh\u00f4, Paulo da Portela \u2013 o Cidad\u00e3o Samba, e Tia Ciata, vida e alma do samba carioca. Os poetas Luiz Gama, Cruz e Souza e a poetisa Auta Rosa de Souza, o escritor Machado de Assis, os escultores barrocos Aleijadinho e Mestre Valentim, os pintores Manuel da Cunha, Est\u00eav\u00e3o Silva, os irm\u00e3os Arthur e Jo\u00e3o Tim\u00f3teo da Costa,Rafael Pinto Bandeira e as grandes Maria Auxiliadora e Maria L\u00eddia Magliani. Ruth de Souza e Grande Otelo, grandes atores, al\u00e9m de Dona Santa, Rainha do Maracatu Elefante, o palha\u00e7o Benjamim de Oliveira e a bailarina Mercedes Baptista. Cantoras inesquec\u00edveis, Elizete Cardoso e \u00c2ngela Maria, o etn\u00f3logo Waldeloir Rego, o pintor e escultor Rubem Valentim, os pintores Oct\u00e1vio Ara\u00fajo e Sidney Amaral. Al\u00e9m, \u00e9 claro, de Mestre Didi, escultor e Alapini do Il\u00ea Ax\u00e9 Asip\u00e1. Todo respeito a elas, Dona Senhora do Ax\u00e9 Op\u00f3 Afonj\u00e1, Dona Menininha do Gantois e Dona Olga do Alaketu. E Nilo Pe\u00e7anha que foi Presidente da Rep\u00fablica, Milton Santos, ge\u00f3grafo de renome internacional, o poeta e pintor Solano Trindade, os escritores Lima Barreto e Carolina de Jesus, e mais, a grande romancista Maria Firmina dos Reis. Garrincha e Edson Arantes do Nascimento, o Pel\u00e9,dois grandes do futebol. Dona Maria de S\u00e3o Pedro, grande quituteira da Bahia. Os engenheiros Andr\u00e9 e Ant\u00f4nio Pinto Rebou\u00e7as, Manuel Querino, escritor, pol\u00edtico abolicionista, fundador do Partido Oper\u00e1rio e aluno fundador do Liceu de Artes e Of\u00edcios da Bahia, e Jo\u00e3o C\u00e2ndido \u2013 o Almirante Negro que defendeu seu companheiro marinheiro que receberia 250 chibatadas. E o seu pai, Oswaldo de Camargo, negro, grande m\u00fasico, escritor e poeta. E um nome de muito respeito.negro, grande m\u00fasico, escritor e poeta. E um nome de muito respeito.negro, grande m\u00fasico, escritor e poeta. E um nome de muito respeito.<br \/>\nEssa \u00e9 a nossa hist\u00f3ria que talvez ele desconhe\u00e7a.<\/p>\n<p style=\"text-align: justify;\">Emanoel Araujo<br \/>\nDiretor e Curador do Museu Afro Brasil<\/p>\n<p style=\"text-align: justify;\">[1] Excerto de \u201cAntigamente\u201d. In: O Estranho. S\u00e3o Paulo. Ed. Roswitha Kempf, 1984.<\/p>\n<p style=\"text-align: justify;\">&#8230;&#8230;&#8230;&#8230;&#8230;<\/p>\n<p style=\"text-align: justify;\">(*) ilustra\u00e7\u00e3o: MAGLIANI.Z<\/p>\n","protected":false},"excerpt":{"rendered":"<p>EMANOEL ARA\u00daJO. Criador, curador e diretor do Museu Afro-Brasil em S\u00e3o Paulo, SP. Salve Emanoel Araujo!!! UM SENHOR DESPREZ\u00cdVEL, FILHO DE UM GRANDE POETA \u201cAntigamente eu morria, Antigamente eu amava, [&hellip;]<\/p>\n","protected":false},"author":3,"featured_media":3445,"comment_status":"closed","ping_status":"closed","sticky":false,"template":"","format":"standard","meta":{"_exactmetrics_skip_tracking":false,"_exactmetrics_sitenote_active":false,"_exactmetrics_sitenote_note":"","_exactmetrics_sitenote_category":0,"_uf_show_specific_survey":0,"_uf_disable_surveys":false,"footnotes":""},"categories":[7],"tags":[],"class_list":["post-3444","post","type-post","status-publish","format-standard","has-post-thumbnail","hentry","category-colunistas"],"yoast_head":"<!-- This site is optimized with the Yoast SEO plugin v27.3 - https:\/\/yoast.com\/product\/yoast-seo-wordpress\/ -->\n<title>Texto protesto do artista pl\u00e1stico Emanoel Ara\u00fajo - Arte351 - Art Magazine Portugal<\/title>\n<meta name=\"robots\" content=\"index, follow, max-snippet:-1, max-image-preview:large, max-video-preview:-1\" \/>\n<link rel=\"canonical\" href=\"https:\/\/arte351.pt\/art\/2020\/06\/17\/texto-protesto-do-artista-plastico-emanoel-araujo\/\" \/>\n<meta property=\"og:locale\" content=\"pt_BR\" \/>\n<meta property=\"og:type\" content=\"article\" \/>\n<meta property=\"og:title\" content=\"Texto protesto do artista pl\u00e1stico Emanoel Ara\u00fajo - Arte351 - Art Magazine Portugal\" \/>\n<meta property=\"og:description\" content=\"EMANOEL ARA\u00daJO. Criador, curador e diretor do Museu Afro-Brasil em S\u00e3o Paulo, SP. Salve Emanoel Araujo!!! UM SENHOR DESPREZ\u00cdVEL, FILHO DE UM GRANDE POETA \u201cAntigamente eu morria, Antigamente eu amava, [&hellip;]\" \/>\n<meta property=\"og:url\" content=\"https:\/\/arte351.pt\/art\/2020\/06\/17\/texto-protesto-do-artista-plastico-emanoel-araujo\/\" \/>\n<meta property=\"og:site_name\" content=\"Arte351 - Art Magazine Portugal\" \/>\n<meta property=\"article:publisher\" content=\"https:\/\/www.facebook.com\/arte351magazine\/\" \/>\n<meta property=\"article:published_time\" content=\"2020-06-17T22:07:51+00:00\" \/>\n<meta property=\"article:modified_time\" content=\"2020-06-20T12:29:51+00:00\" \/>\n<meta property=\"og:image\" content=\"https:\/\/arte351.pt\/art\/wp-content\/uploads\/2020\/06\/renato-rosa.jpg\" \/>\n\t<meta property=\"og:image:width\" content=\"1200\" \/>\n\t<meta property=\"og:image:height\" content=\"578\" \/>\n\t<meta property=\"og:image:type\" content=\"image\/jpeg\" \/>\n<meta name=\"author\" content=\"Equipa Arte351\" \/>\n<meta name=\"twitter:label1\" content=\"Escrito por\" \/>\n\t<meta name=\"twitter:data1\" content=\"Equipa Arte351\" \/>\n\t<meta name=\"twitter:label2\" content=\"Est. tempo de leitura\" \/>\n\t<meta name=\"twitter:data2\" content=\"6 minutos\" \/>\n<script type=\"application\/ld+json\" class=\"yoast-schema-graph\">{\"@context\":\"https:\\\/\\\/schema.org\",\"@graph\":[{\"@type\":\"Article\",\"@id\":\"https:\\\/\\\/arte351.pt\\\/art\\\/2020\\\/06\\\/17\\\/texto-protesto-do-artista-plastico-emanoel-araujo\\\/#article\",\"isPartOf\":{\"@id\":\"https:\\\/\\\/arte351.pt\\\/art\\\/2020\\\/06\\\/17\\\/texto-protesto-do-artista-plastico-emanoel-araujo\\\/\"},\"author\":{\"name\":\"Equipa Arte351\",\"@id\":\"https:\\\/\\\/arte351.pt\\\/art\\\/#\\\/schema\\\/person\\\/f2cfae59497206be61c53c217757b930\"},\"headline\":\"Texto protesto do artista pl\u00e1stico Emanoel Ara\u00fajo\",\"datePublished\":\"2020-06-17T22:07:51+00:00\",\"dateModified\":\"2020-06-20T12:29:51+00:00\",\"mainEntityOfPage\":{\"@id\":\"https:\\\/\\\/arte351.pt\\\/art\\\/2020\\\/06\\\/17\\\/texto-protesto-do-artista-plastico-emanoel-araujo\\\/\"},\"wordCount\":1194,\"publisher\":{\"@id\":\"https:\\\/\\\/arte351.pt\\\/art\\\/#organization\"},\"image\":{\"@id\":\"https:\\\/\\\/arte351.pt\\\/art\\\/2020\\\/06\\\/17\\\/texto-protesto-do-artista-plastico-emanoel-araujo\\\/#primaryimage\"},\"thumbnailUrl\":\"https:\\\/\\\/arte351.pt\\\/art\\\/wp-content\\\/uploads\\\/2020\\\/06\\\/renato-rosa.jpg\",\"articleSection\":[\"Coluna - Renato Rosa\"],\"inLanguage\":\"pt-BR\"},{\"@type\":\"WebPage\",\"@id\":\"https:\\\/\\\/arte351.pt\\\/art\\\/2020\\\/06\\\/17\\\/texto-protesto-do-artista-plastico-emanoel-araujo\\\/\",\"url\":\"https:\\\/\\\/arte351.pt\\\/art\\\/2020\\\/06\\\/17\\\/texto-protesto-do-artista-plastico-emanoel-araujo\\\/\",\"name\":\"Texto protesto do artista pl\u00e1stico Emanoel Ara\u00fajo - Arte351 - Art Magazine Portugal\",\"isPartOf\":{\"@id\":\"https:\\\/\\\/arte351.pt\\\/art\\\/#website\"},\"primaryImageOfPage\":{\"@id\":\"https:\\\/\\\/arte351.pt\\\/art\\\/2020\\\/06\\\/17\\\/texto-protesto-do-artista-plastico-emanoel-araujo\\\/#primaryimage\"},\"image\":{\"@id\":\"https:\\\/\\\/arte351.pt\\\/art\\\/2020\\\/06\\\/17\\\/texto-protesto-do-artista-plastico-emanoel-araujo\\\/#primaryimage\"},\"thumbnailUrl\":\"https:\\\/\\\/arte351.pt\\\/art\\\/wp-content\\\/uploads\\\/2020\\\/06\\\/renato-rosa.jpg\",\"datePublished\":\"2020-06-17T22:07:51+00:00\",\"dateModified\":\"2020-06-20T12:29:51+00:00\",\"breadcrumb\":{\"@id\":\"https:\\\/\\\/arte351.pt\\\/art\\\/2020\\\/06\\\/17\\\/texto-protesto-do-artista-plastico-emanoel-araujo\\\/#breadcrumb\"},\"inLanguage\":\"pt-BR\",\"potentialAction\":[{\"@type\":\"ReadAction\",\"target\":[\"https:\\\/\\\/arte351.pt\\\/art\\\/2020\\\/06\\\/17\\\/texto-protesto-do-artista-plastico-emanoel-araujo\\\/\"]}]},{\"@type\":\"ImageObject\",\"inLanguage\":\"pt-BR\",\"@id\":\"https:\\\/\\\/arte351.pt\\\/art\\\/2020\\\/06\\\/17\\\/texto-protesto-do-artista-plastico-emanoel-araujo\\\/#primaryimage\",\"url\":\"https:\\\/\\\/arte351.pt\\\/art\\\/wp-content\\\/uploads\\\/2020\\\/06\\\/renato-rosa.jpg\",\"contentUrl\":\"https:\\\/\\\/arte351.pt\\\/art\\\/wp-content\\\/uploads\\\/2020\\\/06\\\/renato-rosa.jpg\",\"width\":1200,\"height\":578},{\"@type\":\"BreadcrumbList\",\"@id\":\"https:\\\/\\\/arte351.pt\\\/art\\\/2020\\\/06\\\/17\\\/texto-protesto-do-artista-plastico-emanoel-araujo\\\/#breadcrumb\",\"itemListElement\":[{\"@type\":\"ListItem\",\"position\":1,\"name\":\"In\u00edcio\",\"item\":\"https:\\\/\\\/arte351.pt\\\/art\\\/\"},{\"@type\":\"ListItem\",\"position\":2,\"name\":\"Texto protesto do artista pl\u00e1stico Emanoel Ara\u00fajo\"}]},{\"@type\":\"WebSite\",\"@id\":\"https:\\\/\\\/arte351.pt\\\/art\\\/#website\",\"url\":\"https:\\\/\\\/arte351.pt\\\/art\\\/\",\"name\":\"Arte351 - Art Magazine Portugal\",\"description\":\"\",\"publisher\":{\"@id\":\"https:\\\/\\\/arte351.pt\\\/art\\\/#organization\"},\"potentialAction\":[{\"@type\":\"SearchAction\",\"target\":{\"@type\":\"EntryPoint\",\"urlTemplate\":\"https:\\\/\\\/arte351.pt\\\/art\\\/?s={search_term_string}\"},\"query-input\":{\"@type\":\"PropertyValueSpecification\",\"valueRequired\":true,\"valueName\":\"search_term_string\"}}],\"inLanguage\":\"pt-BR\"},{\"@type\":\"Organization\",\"@id\":\"https:\\\/\\\/arte351.pt\\\/art\\\/#organization\",\"name\":\"Arte351 - Art Magazine Portugal\",\"url\":\"https:\\\/\\\/arte351.pt\\\/art\\\/\",\"logo\":{\"@type\":\"ImageObject\",\"inLanguage\":\"pt-BR\",\"@id\":\"https:\\\/\\\/arte351.pt\\\/art\\\/#\\\/schema\\\/logo\\\/image\\\/\",\"url\":\"https:\\\/\\\/arte351.pt\\\/art\\\/wp-content\\\/uploads\\\/2020\\\/03\\\/cropped-logo-arte351-color.png\",\"contentUrl\":\"https:\\\/\\\/arte351.pt\\\/art\\\/wp-content\\\/uploads\\\/2020\\\/03\\\/cropped-logo-arte351-color.png\",\"width\":514,\"height\":200,\"caption\":\"Arte351 - Art Magazine Portugal\"},\"image\":{\"@id\":\"https:\\\/\\\/arte351.pt\\\/art\\\/#\\\/schema\\\/logo\\\/image\\\/\"},\"sameAs\":[\"https:\\\/\\\/www.facebook.com\\\/arte351magazine\\\/\"]},{\"@type\":\"Person\",\"@id\":\"https:\\\/\\\/arte351.pt\\\/art\\\/#\\\/schema\\\/person\\\/f2cfae59497206be61c53c217757b930\",\"name\":\"Equipa Arte351\",\"image\":{\"@type\":\"ImageObject\",\"inLanguage\":\"pt-BR\",\"@id\":\"https:\\\/\\\/secure.gravatar.com\\\/avatar\\\/6caca56323d52e15e83fc5635240c86f7e52fd46fa8d5df9a709d99f5aa1638e?s=96&d=mm&r=g\",\"url\":\"https:\\\/\\\/secure.gravatar.com\\\/avatar\\\/6caca56323d52e15e83fc5635240c86f7e52fd46fa8d5df9a709d99f5aa1638e?s=96&d=mm&r=g\",\"contentUrl\":\"https:\\\/\\\/secure.gravatar.com\\\/avatar\\\/6caca56323d52e15e83fc5635240c86f7e52fd46fa8d5df9a709d99f5aa1638e?s=96&d=mm&r=g\",\"caption\":\"Equipa Arte351\"},\"url\":\"https:\\\/\\\/arte351.pt\\\/art\\\/author\\\/caroleenbass\\\/\"}]}<\/script>\n<!-- \/ Yoast SEO plugin. -->","yoast_head_json":{"title":"Texto protesto do artista pl\u00e1stico Emanoel Ara\u00fajo - Arte351 - Art Magazine Portugal","robots":{"index":"index","follow":"follow","max-snippet":"max-snippet:-1","max-image-preview":"max-image-preview:large","max-video-preview":"max-video-preview:-1"},"canonical":"https:\/\/arte351.pt\/art\/2020\/06\/17\/texto-protesto-do-artista-plastico-emanoel-araujo\/","og_locale":"pt_BR","og_type":"article","og_title":"Texto protesto do artista pl\u00e1stico Emanoel Ara\u00fajo - Arte351 - Art Magazine Portugal","og_description":"EMANOEL ARA\u00daJO. Criador, curador e diretor do Museu Afro-Brasil em S\u00e3o Paulo, SP. Salve Emanoel Araujo!!! UM SENHOR DESPREZ\u00cdVEL, FILHO DE UM GRANDE POETA \u201cAntigamente eu morria, Antigamente eu amava, [&hellip;]","og_url":"https:\/\/arte351.pt\/art\/2020\/06\/17\/texto-protesto-do-artista-plastico-emanoel-araujo\/","og_site_name":"Arte351 - Art Magazine Portugal","article_publisher":"https:\/\/www.facebook.com\/arte351magazine\/","article_published_time":"2020-06-17T22:07:51+00:00","article_modified_time":"2020-06-20T12:29:51+00:00","og_image":[{"width":1200,"height":578,"url":"https:\/\/arte351.pt\/art\/wp-content\/uploads\/2020\/06\/renato-rosa.jpg","type":"image\/jpeg"}],"author":"Equipa Arte351","twitter_misc":{"Escrito por":"Equipa Arte351","Est. tempo de leitura":"6 minutos"},"schema":{"@context":"https:\/\/schema.org","@graph":[{"@type":"Article","@id":"https:\/\/arte351.pt\/art\/2020\/06\/17\/texto-protesto-do-artista-plastico-emanoel-araujo\/#article","isPartOf":{"@id":"https:\/\/arte351.pt\/art\/2020\/06\/17\/texto-protesto-do-artista-plastico-emanoel-araujo\/"},"author":{"name":"Equipa Arte351","@id":"https:\/\/arte351.pt\/art\/#\/schema\/person\/f2cfae59497206be61c53c217757b930"},"headline":"Texto protesto do artista pl\u00e1stico Emanoel Ara\u00fajo","datePublished":"2020-06-17T22:07:51+00:00","dateModified":"2020-06-20T12:29:51+00:00","mainEntityOfPage":{"@id":"https:\/\/arte351.pt\/art\/2020\/06\/17\/texto-protesto-do-artista-plastico-emanoel-araujo\/"},"wordCount":1194,"publisher":{"@id":"https:\/\/arte351.pt\/art\/#organization"},"image":{"@id":"https:\/\/arte351.pt\/art\/2020\/06\/17\/texto-protesto-do-artista-plastico-emanoel-araujo\/#primaryimage"},"thumbnailUrl":"https:\/\/arte351.pt\/art\/wp-content\/uploads\/2020\/06\/renato-rosa.jpg","articleSection":["Coluna - Renato Rosa"],"inLanguage":"pt-BR"},{"@type":"WebPage","@id":"https:\/\/arte351.pt\/art\/2020\/06\/17\/texto-protesto-do-artista-plastico-emanoel-araujo\/","url":"https:\/\/arte351.pt\/art\/2020\/06\/17\/texto-protesto-do-artista-plastico-emanoel-araujo\/","name":"Texto protesto do artista pl\u00e1stico Emanoel Ara\u00fajo - Arte351 - Art Magazine Portugal","isPartOf":{"@id":"https:\/\/arte351.pt\/art\/#website"},"primaryImageOfPage":{"@id":"https:\/\/arte351.pt\/art\/2020\/06\/17\/texto-protesto-do-artista-plastico-emanoel-araujo\/#primaryimage"},"image":{"@id":"https:\/\/arte351.pt\/art\/2020\/06\/17\/texto-protesto-do-artista-plastico-emanoel-araujo\/#primaryimage"},"thumbnailUrl":"https:\/\/arte351.pt\/art\/wp-content\/uploads\/2020\/06\/renato-rosa.jpg","datePublished":"2020-06-17T22:07:51+00:00","dateModified":"2020-06-20T12:29:51+00:00","breadcrumb":{"@id":"https:\/\/arte351.pt\/art\/2020\/06\/17\/texto-protesto-do-artista-plastico-emanoel-araujo\/#breadcrumb"},"inLanguage":"pt-BR","potentialAction":[{"@type":"ReadAction","target":["https:\/\/arte351.pt\/art\/2020\/06\/17\/texto-protesto-do-artista-plastico-emanoel-araujo\/"]}]},{"@type":"ImageObject","inLanguage":"pt-BR","@id":"https:\/\/arte351.pt\/art\/2020\/06\/17\/texto-protesto-do-artista-plastico-emanoel-araujo\/#primaryimage","url":"https:\/\/arte351.pt\/art\/wp-content\/uploads\/2020\/06\/renato-rosa.jpg","contentUrl":"https:\/\/arte351.pt\/art\/wp-content\/uploads\/2020\/06\/renato-rosa.jpg","width":1200,"height":578},{"@type":"BreadcrumbList","@id":"https:\/\/arte351.pt\/art\/2020\/06\/17\/texto-protesto-do-artista-plastico-emanoel-araujo\/#breadcrumb","itemListElement":[{"@type":"ListItem","position":1,"name":"In\u00edcio","item":"https:\/\/arte351.pt\/art\/"},{"@type":"ListItem","position":2,"name":"Texto protesto do artista pl\u00e1stico Emanoel Ara\u00fajo"}]},{"@type":"WebSite","@id":"https:\/\/arte351.pt\/art\/#website","url":"https:\/\/arte351.pt\/art\/","name":"Arte351 - Art Magazine Portugal","description":"","publisher":{"@id":"https:\/\/arte351.pt\/art\/#organization"},"potentialAction":[{"@type":"SearchAction","target":{"@type":"EntryPoint","urlTemplate":"https:\/\/arte351.pt\/art\/?s={search_term_string}"},"query-input":{"@type":"PropertyValueSpecification","valueRequired":true,"valueName":"search_term_string"}}],"inLanguage":"pt-BR"},{"@type":"Organization","@id":"https:\/\/arte351.pt\/art\/#organization","name":"Arte351 - Art Magazine Portugal","url":"https:\/\/arte351.pt\/art\/","logo":{"@type":"ImageObject","inLanguage":"pt-BR","@id":"https:\/\/arte351.pt\/art\/#\/schema\/logo\/image\/","url":"https:\/\/arte351.pt\/art\/wp-content\/uploads\/2020\/03\/cropped-logo-arte351-color.png","contentUrl":"https:\/\/arte351.pt\/art\/wp-content\/uploads\/2020\/03\/cropped-logo-arte351-color.png","width":514,"height":200,"caption":"Arte351 - Art Magazine Portugal"},"image":{"@id":"https:\/\/arte351.pt\/art\/#\/schema\/logo\/image\/"},"sameAs":["https:\/\/www.facebook.com\/arte351magazine\/"]},{"@type":"Person","@id":"https:\/\/arte351.pt\/art\/#\/schema\/person\/f2cfae59497206be61c53c217757b930","name":"Equipa Arte351","image":{"@type":"ImageObject","inLanguage":"pt-BR","@id":"https:\/\/secure.gravatar.com\/avatar\/6caca56323d52e15e83fc5635240c86f7e52fd46fa8d5df9a709d99f5aa1638e?s=96&d=mm&r=g","url":"https:\/\/secure.gravatar.com\/avatar\/6caca56323d52e15e83fc5635240c86f7e52fd46fa8d5df9a709d99f5aa1638e?s=96&d=mm&r=g","contentUrl":"https:\/\/secure.gravatar.com\/avatar\/6caca56323d52e15e83fc5635240c86f7e52fd46fa8d5df9a709d99f5aa1638e?s=96&d=mm&r=g","caption":"Equipa Arte351"},"url":"https:\/\/arte351.pt\/art\/author\/caroleenbass\/"}]}},"_links":{"self":[{"href":"https:\/\/arte351.pt\/art\/wp-json\/wp\/v2\/posts\/3444","targetHints":{"allow":["GET"]}}],"collection":[{"href":"https:\/\/arte351.pt\/art\/wp-json\/wp\/v2\/posts"}],"about":[{"href":"https:\/\/arte351.pt\/art\/wp-json\/wp\/v2\/types\/post"}],"author":[{"embeddable":true,"href":"https:\/\/arte351.pt\/art\/wp-json\/wp\/v2\/users\/3"}],"replies":[{"embeddable":true,"href":"https:\/\/arte351.pt\/art\/wp-json\/wp\/v2\/comments?post=3444"}],"version-history":[{"count":5,"href":"https:\/\/arte351.pt\/art\/wp-json\/wp\/v2\/posts\/3444\/revisions"}],"predecessor-version":[{"id":3453,"href":"https:\/\/arte351.pt\/art\/wp-json\/wp\/v2\/posts\/3444\/revisions\/3453"}],"wp:featuredmedia":[{"embeddable":true,"href":"https:\/\/arte351.pt\/art\/wp-json\/wp\/v2\/media\/3445"}],"wp:attachment":[{"href":"https:\/\/arte351.pt\/art\/wp-json\/wp\/v2\/media?parent=3444"}],"wp:term":[{"taxonomy":"category","embeddable":true,"href":"https:\/\/arte351.pt\/art\/wp-json\/wp\/v2\/categories?post=3444"},{"taxonomy":"post_tag","embeddable":true,"href":"https:\/\/arte351.pt\/art\/wp-json\/wp\/v2\/tags?post=3444"}],"curies":[{"name":"wp","href":"https:\/\/api.w.org\/{rel}","templated":true}]}}