{"id":376,"date":"2016-03-28T21:31:41","date_gmt":"2016-03-28T21:31:41","guid":{"rendered":"http:\/\/arte351.pt\/art\/?p=376"},"modified":"2016-03-28T21:35:23","modified_gmt":"2016-03-28T21:35:23","slug":"paisa-de-pedro-batista","status":"publish","type":"post","link":"https:\/\/arte351.pt\/art\/2016\/03\/28\/paisa-de-pedro-batista\/","title":{"rendered":"PAISA! de Pedro Batista"},"content":{"rendered":"<div style=\"text-align: justify;\"><strong><em><img fetchpriority=\"high\" decoding=\"async\" class=\"size-medium wp-image-377 alignleft\" src=\"https:\/\/arte351.pt\/art\/wp-content\/uploads\/2016\/03\/63449e67-0839-4d0b-9fd5-e917ef10b205-300x270.jpg\" alt=\"63449e67-0839-4d0b-9fd5-e917ef10b205\" width=\"300\" height=\"270\" srcset=\"https:\/\/arte351.pt\/art\/wp-content\/uploads\/2016\/03\/63449e67-0839-4d0b-9fd5-e917ef10b205-300x270.jpg 300w, https:\/\/arte351.pt\/art\/wp-content\/uploads\/2016\/03\/63449e67-0839-4d0b-9fd5-e917ef10b205.jpg 646w\" sizes=\"(max-width: 300px) 100vw, 300px\" \/><\/em><\/strong><strong><em>Paisa! &#8211;\u00a0<\/em><\/strong><strong><em>&#8220;habitante proveniente da zona noroeste da Col\u00f4mbia, cuja principal cidade \u00e9 Medell\u00edn&#8221;.<\/em><\/strong><\/div>\n<div style=\"text-align: justify;\"><strong><em>Este conjunto de trabalhos surge ap\u00f3s uma estadia em Medell\u00edn, pontuada pela proximidade com a Natureza e pela simplicidade da vida rural. As imagens s\u00e3o assim uma ode a momentos passados e futuros, procurando refletir e enaltecer a pureza da rela\u00e7\u00e3o entre o homem e a terra.<\/em><\/strong><\/div>\n<p style=\"text-align: justify;\">Natural de Lisboa (1981) cresceu em Carcavelos e frequentou a Faculdade de Belas\u00a0Artes da Universidade de Lisboa, na qual obteve uma licenciatura em Design de\u00a0Comunica\u00e7\u00e3o. Em 2009 participou num programa de Ver\u00e3o da School of Visual Arts,\u00a0de Nova Iorque, a\u00ed tendo desabrochado a sua paix\u00e3o pela pintura. Em Berlim, cidade\u00a0onde esteve durante seis meses, fez o que define como &#8220;uma invers\u00e3o art\u00edstica&#8221;\u00a0considerando que os diferentes contextos internacionais em que desenvolveu um\u00a0trabalho direccionado para a &#8220;street art&#8221;, lhe proporcionaram a oportunidade de\u00a0repensar as coordenadas de autor em busca de reconhecimento.\u00a0Participou em exposi\u00e7\u00f5es em Lisboa, A\u00e7ores, Atenas, Nova Iorque e Berlim.\u00a0Artista obviamente enquadr\u00e1vel no escal\u00e3o de &#8220;emergentes&#8221; preenche as condi\u00e7\u00f5es\u00a0para, nesta categoria, ser apresentado no Centro Cultural de Cascais.<\/p>\n<p style=\"text-align: justify;\"><strong><em>Data: De\u00a01 de Abril a 29 de Maio | Hor\u00e1rio de Visita: Das 10hs as 18hs | Local:\u00a0<span class=\"address-title\">Centro Cultural de Cascais (<\/span>Avenida Rei Humberto II de It\u00e1lia, S\/N\u00a02750-800 Cascais)<\/em><\/strong><\/p>\n","protected":false},"excerpt":{"rendered":"<p>Paisa! &#8211;\u00a0&#8220;habitante proveniente da zona noroeste da Col\u00f4mbia, cuja principal cidade \u00e9 Medell\u00edn&#8221;. Este conjunto de trabalhos surge ap\u00f3s uma estadia em Medell\u00edn, pontuada pela proximidade com a Natureza e [&hellip;]<\/p>\n","protected":false},"author":34415,"featured_media":380,"comment_status":"open","ping_status":"open","sticky":false,"template":"","format":"standard","meta":{"_exactmetrics_skip_tracking":false,"_exactmetrics_sitenote_active":false,"_exactmetrics_sitenote_note":"","_exactmetrics_sitenote_category":0,"_uf_show_specific_survey":0,"_uf_disable_surveys":false,"footnotes":""},"categories":[2,1],"tags":[],"class_list":["post-376","post","type-post","status-publish","format-standard","has-post-thumbnail","hentry","category-art-contemp","category-sem-categoria"],"yoast_head":"<!-- This site is optimized with the Yoast SEO plugin v27.3 - https:\/\/yoast.com\/product\/yoast-seo-wordpress\/ -->\n<title>PAISA! de Pedro Batista - Arte351 - Art Magazine Portugal<\/title>\n<meta name=\"robots\" content=\"index, follow, max-snippet:-1, max-image-preview:large, max-video-preview:-1\" \/>\n<link rel=\"canonical\" href=\"https:\/\/arte351.pt\/art\/2016\/03\/28\/paisa-de-pedro-batista\/\" \/>\n<meta property=\"og:locale\" content=\"pt_BR\" \/>\n<meta property=\"og:type\" content=\"article\" \/>\n<meta property=\"og:title\" content=\"PAISA! de Pedro Batista - Arte351 - Art Magazine Portugal\" \/>\n<meta property=\"og:description\" content=\"Paisa! &#8211;\u00a0&#8220;habitante proveniente da zona noroeste da Col\u00f4mbia, cuja principal cidade \u00e9 Medell\u00edn&#8221;. Este conjunto de trabalhos surge ap\u00f3s uma estadia em Medell\u00edn, pontuada pela proximidade com a Natureza e [&hellip;]\" \/>\n<meta property=\"og:url\" content=\"https:\/\/arte351.pt\/art\/2016\/03\/28\/paisa-de-pedro-batista\/\" \/>\n<meta property=\"og:site_name\" content=\"Arte351 - Art Magazine Portugal\" \/>\n<meta property=\"article:publisher\" content=\"https:\/\/www.facebook.com\/arte351magazine\/\" \/>\n<meta property=\"article:published_time\" content=\"2016-03-28T21:31:41+00:00\" \/>\n<meta property=\"article:modified_time\" content=\"2016-03-28T21:35:23+00:00\" \/>\n<meta property=\"og:image\" content=\"https:\/\/arte351.pt\/art\/wp-content\/uploads\/2016\/03\/banner_noticia_001.jpg\" \/>\n\t<meta property=\"og:image:width\" content=\"1280\" \/>\n\t<meta property=\"og:image:height\" content=\"600\" \/>\n\t<meta property=\"og:image:type\" content=\"image\/jpeg\" \/>\n<meta name=\"author\" content=\"Equipa Arte 351\" \/>\n<meta name=\"twitter:label1\" content=\"Escrito por\" \/>\n\t<meta name=\"twitter:data1\" content=\"Equipa Arte 351\" \/>\n\t<meta name=\"twitter:label2\" content=\"Est. tempo de leitura\" \/>\n\t<meta name=\"twitter:data2\" content=\"1 minuto\" \/>\n<script type=\"application\/ld+json\" class=\"yoast-schema-graph\">{\"@context\":\"https:\\\/\\\/schema.org\",\"@graph\":[{\"@type\":\"Article\",\"@id\":\"https:\\\/\\\/arte351.pt\\\/art\\\/2016\\\/03\\\/28\\\/paisa-de-pedro-batista\\\/#article\",\"isPartOf\":{\"@id\":\"https:\\\/\\\/arte351.pt\\\/art\\\/2016\\\/03\\\/28\\\/paisa-de-pedro-batista\\\/\"},\"author\":{\"name\":\"Equipa Arte 351\",\"@id\":\"https:\\\/\\\/arte351.pt\\\/art\\\/#\\\/schema\\\/person\\\/1d081d5dbc7c2a3f2317da95c823a5bd\"},\"headline\":\"PAISA! de Pedro Batista\",\"datePublished\":\"2016-03-28T21:31:41+00:00\",\"dateModified\":\"2016-03-28T21:35:23+00:00\",\"mainEntityOfPage\":{\"@id\":\"https:\\\/\\\/arte351.pt\\\/art\\\/2016\\\/03\\\/28\\\/paisa-de-pedro-batista\\\/\"},\"wordCount\":236,\"commentCount\":1,\"publisher\":{\"@id\":\"https:\\\/\\\/arte351.pt\\\/art\\\/#organization\"},\"image\":{\"@id\":\"https:\\\/\\\/arte351.pt\\\/art\\\/2016\\\/03\\\/28\\\/paisa-de-pedro-batista\\\/#primaryimage\"},\"thumbnailUrl\":\"https:\\\/\\\/arte351.pt\\\/art\\\/wp-content\\\/uploads\\\/2016\\\/03\\\/banner_noticia_001.jpg\",\"articleSection\":[\"Arte\",\"Blog ARTE-351\"],\"inLanguage\":\"pt-BR\",\"potentialAction\":[{\"@type\":\"CommentAction\",\"name\":\"Comment\",\"target\":[\"https:\\\/\\\/arte351.pt\\\/art\\\/2016\\\/03\\\/28\\\/paisa-de-pedro-batista\\\/#respond\"]}]},{\"@type\":\"WebPage\",\"@id\":\"https:\\\/\\\/arte351.pt\\\/art\\\/2016\\\/03\\\/28\\\/paisa-de-pedro-batista\\\/\",\"url\":\"https:\\\/\\\/arte351.pt\\\/art\\\/2016\\\/03\\\/28\\\/paisa-de-pedro-batista\\\/\",\"name\":\"PAISA! de Pedro Batista - Arte351 - Art Magazine Portugal\",\"isPartOf\":{\"@id\":\"https:\\\/\\\/arte351.pt\\\/art\\\/#website\"},\"primaryImageOfPage\":{\"@id\":\"https:\\\/\\\/arte351.pt\\\/art\\\/2016\\\/03\\\/28\\\/paisa-de-pedro-batista\\\/#primaryimage\"},\"image\":{\"@id\":\"https:\\\/\\\/arte351.pt\\\/art\\\/2016\\\/03\\\/28\\\/paisa-de-pedro-batista\\\/#primaryimage\"},\"thumbnailUrl\":\"https:\\\/\\\/arte351.pt\\\/art\\\/wp-content\\\/uploads\\\/2016\\\/03\\\/banner_noticia_001.jpg\",\"datePublished\":\"2016-03-28T21:31:41+00:00\",\"dateModified\":\"2016-03-28T21:35:23+00:00\",\"breadcrumb\":{\"@id\":\"https:\\\/\\\/arte351.pt\\\/art\\\/2016\\\/03\\\/28\\\/paisa-de-pedro-batista\\\/#breadcrumb\"},\"inLanguage\":\"pt-BR\",\"potentialAction\":[{\"@type\":\"ReadAction\",\"target\":[\"https:\\\/\\\/arte351.pt\\\/art\\\/2016\\\/03\\\/28\\\/paisa-de-pedro-batista\\\/\"]}]},{\"@type\":\"ImageObject\",\"inLanguage\":\"pt-BR\",\"@id\":\"https:\\\/\\\/arte351.pt\\\/art\\\/2016\\\/03\\\/28\\\/paisa-de-pedro-batista\\\/#primaryimage\",\"url\":\"https:\\\/\\\/arte351.pt\\\/art\\\/wp-content\\\/uploads\\\/2016\\\/03\\\/banner_noticia_001.jpg\",\"contentUrl\":\"https:\\\/\\\/arte351.pt\\\/art\\\/wp-content\\\/uploads\\\/2016\\\/03\\\/banner_noticia_001.jpg\",\"width\":1280,\"height\":600},{\"@type\":\"BreadcrumbList\",\"@id\":\"https:\\\/\\\/arte351.pt\\\/art\\\/2016\\\/03\\\/28\\\/paisa-de-pedro-batista\\\/#breadcrumb\",\"itemListElement\":[{\"@type\":\"ListItem\",\"position\":1,\"name\":\"In\u00edcio\",\"item\":\"https:\\\/\\\/arte351.pt\\\/art\\\/\"},{\"@type\":\"ListItem\",\"position\":2,\"name\":\"PAISA! de Pedro Batista\"}]},{\"@type\":\"WebSite\",\"@id\":\"https:\\\/\\\/arte351.pt\\\/art\\\/#website\",\"url\":\"https:\\\/\\\/arte351.pt\\\/art\\\/\",\"name\":\"Arte351 - Art Magazine Portugal\",\"description\":\"\",\"publisher\":{\"@id\":\"https:\\\/\\\/arte351.pt\\\/art\\\/#organization\"},\"potentialAction\":[{\"@type\":\"SearchAction\",\"target\":{\"@type\":\"EntryPoint\",\"urlTemplate\":\"https:\\\/\\\/arte351.pt\\\/art\\\/?s={search_term_string}\"},\"query-input\":{\"@type\":\"PropertyValueSpecification\",\"valueRequired\":true,\"valueName\":\"search_term_string\"}}],\"inLanguage\":\"pt-BR\"},{\"@type\":\"Organization\",\"@id\":\"https:\\\/\\\/arte351.pt\\\/art\\\/#organization\",\"name\":\"Arte351 - Art Magazine Portugal\",\"url\":\"https:\\\/\\\/arte351.pt\\\/art\\\/\",\"logo\":{\"@type\":\"ImageObject\",\"inLanguage\":\"pt-BR\",\"@id\":\"https:\\\/\\\/arte351.pt\\\/art\\\/#\\\/schema\\\/logo\\\/image\\\/\",\"url\":\"https:\\\/\\\/arte351.pt\\\/art\\\/wp-content\\\/uploads\\\/2020\\\/03\\\/cropped-logo-arte351-color.png\",\"contentUrl\":\"https:\\\/\\\/arte351.pt\\\/art\\\/wp-content\\\/uploads\\\/2020\\\/03\\\/cropped-logo-arte351-color.png\",\"width\":514,\"height\":200,\"caption\":\"Arte351 - Art Magazine Portugal\"},\"image\":{\"@id\":\"https:\\\/\\\/arte351.pt\\\/art\\\/#\\\/schema\\\/logo\\\/image\\\/\"},\"sameAs\":[\"https:\\\/\\\/www.facebook.com\\\/arte351magazine\\\/\"]},{\"@type\":\"Person\",\"@id\":\"https:\\\/\\\/arte351.pt\\\/art\\\/#\\\/schema\\\/person\\\/1d081d5dbc7c2a3f2317da95c823a5bd\",\"name\":\"Equipa Arte 351\",\"image\":{\"@type\":\"ImageObject\",\"inLanguage\":\"pt-BR\",\"@id\":\"https:\\\/\\\/secure.gravatar.com\\\/avatar\\\/3f97e62c832ede8fafe5d2f9e31f8a055e187b6b31056d1e065d95e034db52e2?s=96&d=mm&r=g\",\"url\":\"https:\\\/\\\/secure.gravatar.com\\\/avatar\\\/3f97e62c832ede8fafe5d2f9e31f8a055e187b6b31056d1e065d95e034db52e2?s=96&d=mm&r=g\",\"contentUrl\":\"https:\\\/\\\/secure.gravatar.com\\\/avatar\\\/3f97e62c832ede8fafe5d2f9e31f8a055e187b6b31056d1e065d95e034db52e2?s=96&d=mm&r=g\",\"caption\":\"Equipa Arte 351\"},\"url\":\"https:\\\/\\\/arte351.pt\\\/art\\\/author\\\/admin2\\\/\"}]}<\/script>\n<!-- \/ Yoast SEO plugin. -->","yoast_head_json":{"title":"PAISA! de Pedro Batista - Arte351 - Art Magazine Portugal","robots":{"index":"index","follow":"follow","max-snippet":"max-snippet:-1","max-image-preview":"max-image-preview:large","max-video-preview":"max-video-preview:-1"},"canonical":"https:\/\/arte351.pt\/art\/2016\/03\/28\/paisa-de-pedro-batista\/","og_locale":"pt_BR","og_type":"article","og_title":"PAISA! de Pedro Batista - Arte351 - Art Magazine Portugal","og_description":"Paisa! &#8211;\u00a0&#8220;habitante proveniente da zona noroeste da Col\u00f4mbia, cuja principal cidade \u00e9 Medell\u00edn&#8221;. Este conjunto de trabalhos surge ap\u00f3s uma estadia em Medell\u00edn, pontuada pela proximidade com a Natureza e [&hellip;]","og_url":"https:\/\/arte351.pt\/art\/2016\/03\/28\/paisa-de-pedro-batista\/","og_site_name":"Arte351 - Art Magazine Portugal","article_publisher":"https:\/\/www.facebook.com\/arte351magazine\/","article_published_time":"2016-03-28T21:31:41+00:00","article_modified_time":"2016-03-28T21:35:23+00:00","og_image":[{"width":1280,"height":600,"url":"https:\/\/arte351.pt\/art\/wp-content\/uploads\/2016\/03\/banner_noticia_001.jpg","type":"image\/jpeg"}],"author":"Equipa Arte 351","twitter_misc":{"Escrito por":"Equipa Arte 351","Est. tempo de leitura":"1 minuto"},"schema":{"@context":"https:\/\/schema.org","@graph":[{"@type":"Article","@id":"https:\/\/arte351.pt\/art\/2016\/03\/28\/paisa-de-pedro-batista\/#article","isPartOf":{"@id":"https:\/\/arte351.pt\/art\/2016\/03\/28\/paisa-de-pedro-batista\/"},"author":{"name":"Equipa Arte 351","@id":"https:\/\/arte351.pt\/art\/#\/schema\/person\/1d081d5dbc7c2a3f2317da95c823a5bd"},"headline":"PAISA! de Pedro Batista","datePublished":"2016-03-28T21:31:41+00:00","dateModified":"2016-03-28T21:35:23+00:00","mainEntityOfPage":{"@id":"https:\/\/arte351.pt\/art\/2016\/03\/28\/paisa-de-pedro-batista\/"},"wordCount":236,"commentCount":1,"publisher":{"@id":"https:\/\/arte351.pt\/art\/#organization"},"image":{"@id":"https:\/\/arte351.pt\/art\/2016\/03\/28\/paisa-de-pedro-batista\/#primaryimage"},"thumbnailUrl":"https:\/\/arte351.pt\/art\/wp-content\/uploads\/2016\/03\/banner_noticia_001.jpg","articleSection":["Arte","Blog ARTE-351"],"inLanguage":"pt-BR","potentialAction":[{"@type":"CommentAction","name":"Comment","target":["https:\/\/arte351.pt\/art\/2016\/03\/28\/paisa-de-pedro-batista\/#respond"]}]},{"@type":"WebPage","@id":"https:\/\/arte351.pt\/art\/2016\/03\/28\/paisa-de-pedro-batista\/","url":"https:\/\/arte351.pt\/art\/2016\/03\/28\/paisa-de-pedro-batista\/","name":"PAISA! de Pedro Batista - Arte351 - Art Magazine Portugal","isPartOf":{"@id":"https:\/\/arte351.pt\/art\/#website"},"primaryImageOfPage":{"@id":"https:\/\/arte351.pt\/art\/2016\/03\/28\/paisa-de-pedro-batista\/#primaryimage"},"image":{"@id":"https:\/\/arte351.pt\/art\/2016\/03\/28\/paisa-de-pedro-batista\/#primaryimage"},"thumbnailUrl":"https:\/\/arte351.pt\/art\/wp-content\/uploads\/2016\/03\/banner_noticia_001.jpg","datePublished":"2016-03-28T21:31:41+00:00","dateModified":"2016-03-28T21:35:23+00:00","breadcrumb":{"@id":"https:\/\/arte351.pt\/art\/2016\/03\/28\/paisa-de-pedro-batista\/#breadcrumb"},"inLanguage":"pt-BR","potentialAction":[{"@type":"ReadAction","target":["https:\/\/arte351.pt\/art\/2016\/03\/28\/paisa-de-pedro-batista\/"]}]},{"@type":"ImageObject","inLanguage":"pt-BR","@id":"https:\/\/arte351.pt\/art\/2016\/03\/28\/paisa-de-pedro-batista\/#primaryimage","url":"https:\/\/arte351.pt\/art\/wp-content\/uploads\/2016\/03\/banner_noticia_001.jpg","contentUrl":"https:\/\/arte351.pt\/art\/wp-content\/uploads\/2016\/03\/banner_noticia_001.jpg","width":1280,"height":600},{"@type":"BreadcrumbList","@id":"https:\/\/arte351.pt\/art\/2016\/03\/28\/paisa-de-pedro-batista\/#breadcrumb","itemListElement":[{"@type":"ListItem","position":1,"name":"In\u00edcio","item":"https:\/\/arte351.pt\/art\/"},{"@type":"ListItem","position":2,"name":"PAISA! de Pedro Batista"}]},{"@type":"WebSite","@id":"https:\/\/arte351.pt\/art\/#website","url":"https:\/\/arte351.pt\/art\/","name":"Arte351 - Art Magazine Portugal","description":"","publisher":{"@id":"https:\/\/arte351.pt\/art\/#organization"},"potentialAction":[{"@type":"SearchAction","target":{"@type":"EntryPoint","urlTemplate":"https:\/\/arte351.pt\/art\/?s={search_term_string}"},"query-input":{"@type":"PropertyValueSpecification","valueRequired":true,"valueName":"search_term_string"}}],"inLanguage":"pt-BR"},{"@type":"Organization","@id":"https:\/\/arte351.pt\/art\/#organization","name":"Arte351 - Art Magazine Portugal","url":"https:\/\/arte351.pt\/art\/","logo":{"@type":"ImageObject","inLanguage":"pt-BR","@id":"https:\/\/arte351.pt\/art\/#\/schema\/logo\/image\/","url":"https:\/\/arte351.pt\/art\/wp-content\/uploads\/2020\/03\/cropped-logo-arte351-color.png","contentUrl":"https:\/\/arte351.pt\/art\/wp-content\/uploads\/2020\/03\/cropped-logo-arte351-color.png","width":514,"height":200,"caption":"Arte351 - Art Magazine Portugal"},"image":{"@id":"https:\/\/arte351.pt\/art\/#\/schema\/logo\/image\/"},"sameAs":["https:\/\/www.facebook.com\/arte351magazine\/"]},{"@type":"Person","@id":"https:\/\/arte351.pt\/art\/#\/schema\/person\/1d081d5dbc7c2a3f2317da95c823a5bd","name":"Equipa Arte 351","image":{"@type":"ImageObject","inLanguage":"pt-BR","@id":"https:\/\/secure.gravatar.com\/avatar\/3f97e62c832ede8fafe5d2f9e31f8a055e187b6b31056d1e065d95e034db52e2?s=96&d=mm&r=g","url":"https:\/\/secure.gravatar.com\/avatar\/3f97e62c832ede8fafe5d2f9e31f8a055e187b6b31056d1e065d95e034db52e2?s=96&d=mm&r=g","contentUrl":"https:\/\/secure.gravatar.com\/avatar\/3f97e62c832ede8fafe5d2f9e31f8a055e187b6b31056d1e065d95e034db52e2?s=96&d=mm&r=g","caption":"Equipa Arte 351"},"url":"https:\/\/arte351.pt\/art\/author\/admin2\/"}]}},"_links":{"self":[{"href":"https:\/\/arte351.pt\/art\/wp-json\/wp\/v2\/posts\/376","targetHints":{"allow":["GET"]}}],"collection":[{"href":"https:\/\/arte351.pt\/art\/wp-json\/wp\/v2\/posts"}],"about":[{"href":"https:\/\/arte351.pt\/art\/wp-json\/wp\/v2\/types\/post"}],"author":[{"embeddable":true,"href":"https:\/\/arte351.pt\/art\/wp-json\/wp\/v2\/users\/34415"}],"replies":[{"embeddable":true,"href":"https:\/\/arte351.pt\/art\/wp-json\/wp\/v2\/comments?post=376"}],"version-history":[{"count":1,"href":"https:\/\/arte351.pt\/art\/wp-json\/wp\/v2\/posts\/376\/revisions"}],"predecessor-version":[{"id":379,"href":"https:\/\/arte351.pt\/art\/wp-json\/wp\/v2\/posts\/376\/revisions\/379"}],"wp:featuredmedia":[{"embeddable":true,"href":"https:\/\/arte351.pt\/art\/wp-json\/wp\/v2\/media\/380"}],"wp:attachment":[{"href":"https:\/\/arte351.pt\/art\/wp-json\/wp\/v2\/media?parent=376"}],"wp:term":[{"taxonomy":"category","embeddable":true,"href":"https:\/\/arte351.pt\/art\/wp-json\/wp\/v2\/categories?post=376"},{"taxonomy":"post_tag","embeddable":true,"href":"https:\/\/arte351.pt\/art\/wp-json\/wp\/v2\/tags?post=376"}],"curies":[{"name":"wp","href":"https:\/\/api.w.org\/{rel}","templated":true}]}}