{"id":4290,"date":"2020-12-22T14:47:19","date_gmt":"2020-12-22T14:47:19","guid":{"rendered":"https:\/\/arte351.pt\/art\/?p=4290"},"modified":"2020-12-22T14:47:19","modified_gmt":"2020-12-22T14:47:19","slug":"caetano-uma-odisseia-no-espaco","status":"publish","type":"post","link":"https:\/\/arte351.pt\/art\/2020\/12\/22\/caetano-uma-odisseia-no-espaco\/","title":{"rendered":"Caetano: Uma Odiss\u00e9ia no Espa\u00e7o"},"content":{"rendered":"<p style=\"text-align: justify;\"><strong>Quando Caetano se despediu ontem, no final de seu show que encheu de esperan\u00e7a e uma alegria nost\u00e1lgica o cora\u00e7\u00e3o do Brasil, desejando FELIZ 2001! n\u00e3o foi um ato falho e nem uma confus\u00e3o comum a n\u00f3s, os &#8221; homens velhos&#8221;.<\/strong><\/p>\n<figure id=\"attachment_4292\" class=\"thumbnail wp-caption alignright\" style=\"width: 289px\"><img fetchpriority=\"high\" decoding=\"async\" class=\"wp-image-4292 size-medium\" src=\"https:\/\/arte351.pt\/art\/wp-content\/uploads\/2020\/12\/arte351-2020-caetano200102-279x300.jpg\" alt=\"\" width=\"279\" height=\"300\" srcset=\"https:\/\/arte351.pt\/art\/wp-content\/uploads\/2020\/12\/arte351-2020-caetano200102-279x300.jpg 279w, https:\/\/arte351.pt\/art\/wp-content\/uploads\/2020\/12\/arte351-2020-caetano200102.jpg 691w\" sizes=\"(max-width: 279px) 100vw, 279px\" \/><figcaption class=\"caption wp-caption-text\">Foto by Mariza Alvarez de Lima<\/figcaption><\/figure>\n<p style=\"text-align: justify;\">Percebi que algum significado da qualidade de seu Cinema transcendental temperava o recheio da sua fala. N\u00e3o que ele seja homem de &#8220;mensagem &#8220;. Isso \u00e9 coisa da milit\u00e2ncia estudantil que o vaiou no palco do Festival da Can\u00e7\u00e3o em priscas eras, \u00e9poca em que os nefastos militares entendiam as entrelinhas das coisas, apesar da trucul\u00eancia de sempre, e o encarceraram porque n\u00e3o era poss\u00edvel deixar livre um homem que espantava os urubus que passeavam entre os girass\u00f3is no Planalto Central do pa\u00eds, e promovia a maior revolu\u00e7\u00e3o cultural depois da Semana de Arte Moderna de 22. VIVAVAIA ! &#8221; S\u00e3o vcs que querem tomar o Poder????&#8221;<\/p>\n<p style=\"text-align: justify;\">Recentemente, na live anterior, ele se declarou socialista. Desiludiu-se com a Democracia liberal, assim como com as formas emp\u00edricas do socialismo que nunca aceitou e por esse motivo sempre ter sido alvo das patrulhas ideol\u00f3gicas. As mesmas das quais ele libertou a minha gera\u00e7\u00e3o para poder ouvir &#8221; aquela can\u00e7\u00e3o do Roberto, baby &#8221; e ignorar a passeata contra a guitarra na MPB, liderada pelo iminente cr\u00edtico musical do Partido comunista, Jos\u00e9 Ramos Tinhor\u00e3o, aquele que desconheceu a presen\u00e7a das guitarras nos trios el\u00e9tricos da Bahia.<br \/>\nO socialismo que Caetano parece acreditar \u00e9 o que repetiu ontem numa can\u00e7\u00e3o dos anos 70\/80, o do LUXO PARA TODOS. \u00c9 o da mistura de todas as linguas sem a confus\u00e3o na Torre de Babel, mas no entendimento e na assimila\u00e7\u00e3o da ess\u00eancia democr\u00e1tica do Manifesto Antropof\u00e1gico.<\/p>\n<p style=\"text-align: justify;\">Feliz 2001 como n\u00f3s ficamos, perplexos, diante do monolito cheio de signific\u00e2ncias que Kubrick anunciou no seu indecifr\u00e1vel aviso, como os pastorinhos diante da Virgem de F\u00e1tima recebendo as cartas da Santa.E que, pouco a pouco, foram revelando as trag\u00e9dias anunciadas e inimagin\u00e1veis.<\/p>\n<p style=\"text-align: justify;\">Feliz 2001 como se este Mil\u00eanio n\u00e3o valesse. Fosse apenas o trailer indesejado do filme que come\u00e7amos a viver e vem sendo pior do que todas as cabe\u00e7as mal\u00e9ficas, concentradas no Roteiro do mais terr\u00edvel filme-cat\u00e1strofe, pudessem criar.<br \/>\nFeliz 2001 como dizia Jeanne Moreau em Jules et Jim, sempre que escolhia ficar com um dos seus dois homens, livrando-se\/os da culpa : &#8221; En commence a zero !&#8221;. Como se na vida houvesse a chance do take II.<\/p>\n<p style=\"text-align: justify;\">Ontem, ouvindo ele cantar Le\u00e3ozinho, Terra ( de quando &#8221; eu me encontrava preso, na cela de uma cadeia&#8221;), Lua ,Tigresa, me passou pela cabe\u00e7a o quanto oportunas elas se tornaram nesse momento de amea\u00e7as ao Meio Ambiente, aos animais, e \u00e0 pr\u00f3pria Terra, envenenada por n\u00f3s, seus habitantes, e aqui no Brasil amea\u00e7ada duplamente pelo avan\u00e7o da extrema direita , cuja caracter\u00edstica sempre foi o seu grito anunciador de VIVA A MORTE ! E \u00f3dio pela Cultura.Como essas m\u00fasicas da minha Juventude se revestiram de outros significados hoje ! Isso \u00e9 Caetano.A ressignifica\u00e7\u00e3o dos s\u00edmbolos na sua atemporalidade.<\/p>\n<p style=\"text-align: justify;\">Mesclando dionis\u00edacos meninos do Rio com pretos t\u00e3o pretos, o Haway paradis\u00edaco das penas de pav\u00f5es, com o Haiti, as bichas e as cores de seu amigo Almodovar com a puta de uma outra esquina neorrealista de Cabiria, Menininha do Gantois com Pina Baush, Gaudi com Helio Eichbauer, Vicente Celestino com os irm\u00e3os Campos , o ara\u00e7a azul experimental com a do\u00e7ura da cajuina de Torquato Neto, o gemido intermitente dele pr\u00f3prio no filme de Leon Hirszman e Cucurucucu Paloma, um passeio retrospectivo no compasso da Bossa Nova de Jo\u00e3o Gilberto, pelo painel mais amplo da nossa Contemporaneidade cultural e trilha musical afetiva da vida dos brasileiros da nossa gera\u00e7\u00e3o.<br \/>\nAo rejeitar o flashback de um Papai Noel de Inverno e sujo de neve de sua Inf\u00e2ncia, onde se salva o cheiro das folhas das pitangueiras e a areia branquinha que seus p\u00e9s ir\u00e3o pisar,n\u00e3o \u00e9 para juntar-se ao coro dos descontentes com o colonialismo cultural, bandeira da xenofobia e da intransig\u00eancia. Logo ele, que canta Irvin Berlin e o negro pobre americano de brinco de ouro, e aforaria saber dan\u00e7ar como Michael Jackson, mas \u00e9 pq preferiria o cubano Bola de Nieve, homossexual, preto e gordo,.ninando o Menino Jesus na manjedoura cantando Drume negrita. 2001 \u00e9 a Esperan\u00e7a de ver os netos crescerem. Apesar da novena de D.Can\u00f4 ter prosseguido por mais de um s\u00e9culo.<\/p>\n<p style=\"text-align: justify;\">Feliz 2001 Caetano ! Com tudo mudado! TUDO!<\/p>\n<p>Luiz Carlos Lacerda, Cineasta (Colunista Arte351)<\/p>\n","protected":false},"excerpt":{"rendered":"<p>Quando Caetano se despediu ontem, no final de seu show que encheu de esperan\u00e7a e uma alegria nost\u00e1lgica o cora\u00e7\u00e3o do Brasil, desejando FELIZ 2001! n\u00e3o foi um ato falho [&hellip;]<\/p>\n","protected":false},"author":34415,"featured_media":4291,"comment_status":"closed","ping_status":"closed","sticky":false,"template":"","format":"standard","meta":{"_exactmetrics_skip_tracking":false,"_exactmetrics_sitenote_active":false,"_exactmetrics_sitenote_note":"","_exactmetrics_sitenote_category":0,"_uf_show_specific_survey":0,"_uf_disable_surveys":false,"footnotes":""},"categories":[75],"tags":[],"class_list":["post-4290","post","type-post","status-publish","format-standard","has-post-thumbnail","hentry","category-lc-lacerda"],"yoast_head":"<!-- This site is optimized with the Yoast SEO plugin v27.3 - https:\/\/yoast.com\/product\/yoast-seo-wordpress\/ -->\n<title>Caetano: Uma Odiss\u00e9ia no Espa\u00e7o - Arte351 - Art Magazine Portugal<\/title>\n<meta name=\"robots\" content=\"index, follow, max-snippet:-1, max-image-preview:large, max-video-preview:-1\" \/>\n<link rel=\"canonical\" href=\"https:\/\/arte351.pt\/art\/2020\/12\/22\/caetano-uma-odisseia-no-espaco\/\" \/>\n<meta property=\"og:locale\" content=\"pt_BR\" \/>\n<meta property=\"og:type\" content=\"article\" \/>\n<meta property=\"og:title\" content=\"Caetano: Uma Odiss\u00e9ia no Espa\u00e7o - Arte351 - Art Magazine Portugal\" \/>\n<meta property=\"og:description\" content=\"Quando Caetano se despediu ontem, no final de seu show que encheu de esperan\u00e7a e uma alegria nost\u00e1lgica o cora\u00e7\u00e3o do Brasil, desejando FELIZ 2001! n\u00e3o foi um ato falho [&hellip;]\" \/>\n<meta property=\"og:url\" content=\"https:\/\/arte351.pt\/art\/2020\/12\/22\/caetano-uma-odisseia-no-espaco\/\" \/>\n<meta property=\"og:site_name\" content=\"Arte351 - Art Magazine Portugal\" \/>\n<meta property=\"article:publisher\" content=\"https:\/\/www.facebook.com\/arte351magazine\/\" \/>\n<meta property=\"article:published_time\" content=\"2020-12-22T14:47:19+00:00\" \/>\n<meta property=\"og:image\" content=\"https:\/\/arte351.pt\/art\/wp-content\/uploads\/2020\/12\/arte351-2020-caetano2001.jpg\" \/>\n\t<meta property=\"og:image:width\" content=\"1200\" \/>\n\t<meta property=\"og:image:height\" content=\"578\" \/>\n\t<meta property=\"og:image:type\" content=\"image\/jpeg\" \/>\n<meta name=\"author\" content=\"Equipa Arte 351\" \/>\n<meta name=\"twitter:label1\" content=\"Escrito por\" \/>\n\t<meta name=\"twitter:data1\" content=\"Equipa Arte 351\" \/>\n\t<meta name=\"twitter:label2\" content=\"Est. tempo de leitura\" \/>\n\t<meta name=\"twitter:data2\" content=\"4 minutos\" \/>\n<script type=\"application\/ld+json\" class=\"yoast-schema-graph\">{\"@context\":\"https:\\\/\\\/schema.org\",\"@graph\":[{\"@type\":\"Article\",\"@id\":\"https:\\\/\\\/arte351.pt\\\/art\\\/2020\\\/12\\\/22\\\/caetano-uma-odisseia-no-espaco\\\/#article\",\"isPartOf\":{\"@id\":\"https:\\\/\\\/arte351.pt\\\/art\\\/2020\\\/12\\\/22\\\/caetano-uma-odisseia-no-espaco\\\/\"},\"author\":{\"name\":\"Equipa Arte 351\",\"@id\":\"https:\\\/\\\/arte351.pt\\\/art\\\/#\\\/schema\\\/person\\\/1d081d5dbc7c2a3f2317da95c823a5bd\"},\"headline\":\"Caetano: Uma Odiss\u00e9ia no Espa\u00e7o\",\"datePublished\":\"2020-12-22T14:47:19+00:00\",\"mainEntityOfPage\":{\"@id\":\"https:\\\/\\\/arte351.pt\\\/art\\\/2020\\\/12\\\/22\\\/caetano-uma-odisseia-no-espaco\\\/\"},\"wordCount\":809,\"publisher\":{\"@id\":\"https:\\\/\\\/arte351.pt\\\/art\\\/#organization\"},\"image\":{\"@id\":\"https:\\\/\\\/arte351.pt\\\/art\\\/2020\\\/12\\\/22\\\/caetano-uma-odisseia-no-espaco\\\/#primaryimage\"},\"thumbnailUrl\":\"https:\\\/\\\/arte351.pt\\\/art\\\/wp-content\\\/uploads\\\/2020\\\/12\\\/arte351-2020-caetano2001.jpg\",\"articleSection\":[\"Coluna \u2013 Luiz Carlos Lacerda\"],\"inLanguage\":\"pt-BR\"},{\"@type\":\"WebPage\",\"@id\":\"https:\\\/\\\/arte351.pt\\\/art\\\/2020\\\/12\\\/22\\\/caetano-uma-odisseia-no-espaco\\\/\",\"url\":\"https:\\\/\\\/arte351.pt\\\/art\\\/2020\\\/12\\\/22\\\/caetano-uma-odisseia-no-espaco\\\/\",\"name\":\"Caetano: Uma Odiss\u00e9ia no Espa\u00e7o - Arte351 - Art Magazine Portugal\",\"isPartOf\":{\"@id\":\"https:\\\/\\\/arte351.pt\\\/art\\\/#website\"},\"primaryImageOfPage\":{\"@id\":\"https:\\\/\\\/arte351.pt\\\/art\\\/2020\\\/12\\\/22\\\/caetano-uma-odisseia-no-espaco\\\/#primaryimage\"},\"image\":{\"@id\":\"https:\\\/\\\/arte351.pt\\\/art\\\/2020\\\/12\\\/22\\\/caetano-uma-odisseia-no-espaco\\\/#primaryimage\"},\"thumbnailUrl\":\"https:\\\/\\\/arte351.pt\\\/art\\\/wp-content\\\/uploads\\\/2020\\\/12\\\/arte351-2020-caetano2001.jpg\",\"datePublished\":\"2020-12-22T14:47:19+00:00\",\"breadcrumb\":{\"@id\":\"https:\\\/\\\/arte351.pt\\\/art\\\/2020\\\/12\\\/22\\\/caetano-uma-odisseia-no-espaco\\\/#breadcrumb\"},\"inLanguage\":\"pt-BR\",\"potentialAction\":[{\"@type\":\"ReadAction\",\"target\":[\"https:\\\/\\\/arte351.pt\\\/art\\\/2020\\\/12\\\/22\\\/caetano-uma-odisseia-no-espaco\\\/\"]}]},{\"@type\":\"ImageObject\",\"inLanguage\":\"pt-BR\",\"@id\":\"https:\\\/\\\/arte351.pt\\\/art\\\/2020\\\/12\\\/22\\\/caetano-uma-odisseia-no-espaco\\\/#primaryimage\",\"url\":\"https:\\\/\\\/arte351.pt\\\/art\\\/wp-content\\\/uploads\\\/2020\\\/12\\\/arte351-2020-caetano2001.jpg\",\"contentUrl\":\"https:\\\/\\\/arte351.pt\\\/art\\\/wp-content\\\/uploads\\\/2020\\\/12\\\/arte351-2020-caetano2001.jpg\",\"width\":1200,\"height\":578},{\"@type\":\"BreadcrumbList\",\"@id\":\"https:\\\/\\\/arte351.pt\\\/art\\\/2020\\\/12\\\/22\\\/caetano-uma-odisseia-no-espaco\\\/#breadcrumb\",\"itemListElement\":[{\"@type\":\"ListItem\",\"position\":1,\"name\":\"In\u00edcio\",\"item\":\"https:\\\/\\\/arte351.pt\\\/art\\\/\"},{\"@type\":\"ListItem\",\"position\":2,\"name\":\"Caetano: Uma Odiss\u00e9ia no Espa\u00e7o\"}]},{\"@type\":\"WebSite\",\"@id\":\"https:\\\/\\\/arte351.pt\\\/art\\\/#website\",\"url\":\"https:\\\/\\\/arte351.pt\\\/art\\\/\",\"name\":\"Arte351 - Art Magazine Portugal\",\"description\":\"\",\"publisher\":{\"@id\":\"https:\\\/\\\/arte351.pt\\\/art\\\/#organization\"},\"potentialAction\":[{\"@type\":\"SearchAction\",\"target\":{\"@type\":\"EntryPoint\",\"urlTemplate\":\"https:\\\/\\\/arte351.pt\\\/art\\\/?s={search_term_string}\"},\"query-input\":{\"@type\":\"PropertyValueSpecification\",\"valueRequired\":true,\"valueName\":\"search_term_string\"}}],\"inLanguage\":\"pt-BR\"},{\"@type\":\"Organization\",\"@id\":\"https:\\\/\\\/arte351.pt\\\/art\\\/#organization\",\"name\":\"Arte351 - Art Magazine Portugal\",\"url\":\"https:\\\/\\\/arte351.pt\\\/art\\\/\",\"logo\":{\"@type\":\"ImageObject\",\"inLanguage\":\"pt-BR\",\"@id\":\"https:\\\/\\\/arte351.pt\\\/art\\\/#\\\/schema\\\/logo\\\/image\\\/\",\"url\":\"https:\\\/\\\/arte351.pt\\\/art\\\/wp-content\\\/uploads\\\/2020\\\/03\\\/cropped-logo-arte351-color.png\",\"contentUrl\":\"https:\\\/\\\/arte351.pt\\\/art\\\/wp-content\\\/uploads\\\/2020\\\/03\\\/cropped-logo-arte351-color.png\",\"width\":514,\"height\":200,\"caption\":\"Arte351 - Art Magazine Portugal\"},\"image\":{\"@id\":\"https:\\\/\\\/arte351.pt\\\/art\\\/#\\\/schema\\\/logo\\\/image\\\/\"},\"sameAs\":[\"https:\\\/\\\/www.facebook.com\\\/arte351magazine\\\/\"]},{\"@type\":\"Person\",\"@id\":\"https:\\\/\\\/arte351.pt\\\/art\\\/#\\\/schema\\\/person\\\/1d081d5dbc7c2a3f2317da95c823a5bd\",\"name\":\"Equipa Arte 351\",\"image\":{\"@type\":\"ImageObject\",\"inLanguage\":\"pt-BR\",\"@id\":\"https:\\\/\\\/secure.gravatar.com\\\/avatar\\\/3f97e62c832ede8fafe5d2f9e31f8a055e187b6b31056d1e065d95e034db52e2?s=96&d=mm&r=g\",\"url\":\"https:\\\/\\\/secure.gravatar.com\\\/avatar\\\/3f97e62c832ede8fafe5d2f9e31f8a055e187b6b31056d1e065d95e034db52e2?s=96&d=mm&r=g\",\"contentUrl\":\"https:\\\/\\\/secure.gravatar.com\\\/avatar\\\/3f97e62c832ede8fafe5d2f9e31f8a055e187b6b31056d1e065d95e034db52e2?s=96&d=mm&r=g\",\"caption\":\"Equipa Arte 351\"},\"url\":\"https:\\\/\\\/arte351.pt\\\/art\\\/author\\\/admin2\\\/\"}]}<\/script>\n<!-- \/ Yoast SEO plugin. -->","yoast_head_json":{"title":"Caetano: Uma Odiss\u00e9ia no Espa\u00e7o - Arte351 - Art Magazine Portugal","robots":{"index":"index","follow":"follow","max-snippet":"max-snippet:-1","max-image-preview":"max-image-preview:large","max-video-preview":"max-video-preview:-1"},"canonical":"https:\/\/arte351.pt\/art\/2020\/12\/22\/caetano-uma-odisseia-no-espaco\/","og_locale":"pt_BR","og_type":"article","og_title":"Caetano: Uma Odiss\u00e9ia no Espa\u00e7o - Arte351 - Art Magazine Portugal","og_description":"Quando Caetano se despediu ontem, no final de seu show que encheu de esperan\u00e7a e uma alegria nost\u00e1lgica o cora\u00e7\u00e3o do Brasil, desejando FELIZ 2001! n\u00e3o foi um ato falho [&hellip;]","og_url":"https:\/\/arte351.pt\/art\/2020\/12\/22\/caetano-uma-odisseia-no-espaco\/","og_site_name":"Arte351 - Art Magazine Portugal","article_publisher":"https:\/\/www.facebook.com\/arte351magazine\/","article_published_time":"2020-12-22T14:47:19+00:00","og_image":[{"width":1200,"height":578,"url":"https:\/\/arte351.pt\/art\/wp-content\/uploads\/2020\/12\/arte351-2020-caetano2001.jpg","type":"image\/jpeg"}],"author":"Equipa Arte 351","twitter_misc":{"Escrito por":"Equipa Arte 351","Est. tempo de leitura":"4 minutos"},"schema":{"@context":"https:\/\/schema.org","@graph":[{"@type":"Article","@id":"https:\/\/arte351.pt\/art\/2020\/12\/22\/caetano-uma-odisseia-no-espaco\/#article","isPartOf":{"@id":"https:\/\/arte351.pt\/art\/2020\/12\/22\/caetano-uma-odisseia-no-espaco\/"},"author":{"name":"Equipa Arte 351","@id":"https:\/\/arte351.pt\/art\/#\/schema\/person\/1d081d5dbc7c2a3f2317da95c823a5bd"},"headline":"Caetano: Uma Odiss\u00e9ia no Espa\u00e7o","datePublished":"2020-12-22T14:47:19+00:00","mainEntityOfPage":{"@id":"https:\/\/arte351.pt\/art\/2020\/12\/22\/caetano-uma-odisseia-no-espaco\/"},"wordCount":809,"publisher":{"@id":"https:\/\/arte351.pt\/art\/#organization"},"image":{"@id":"https:\/\/arte351.pt\/art\/2020\/12\/22\/caetano-uma-odisseia-no-espaco\/#primaryimage"},"thumbnailUrl":"https:\/\/arte351.pt\/art\/wp-content\/uploads\/2020\/12\/arte351-2020-caetano2001.jpg","articleSection":["Coluna \u2013 Luiz Carlos Lacerda"],"inLanguage":"pt-BR"},{"@type":"WebPage","@id":"https:\/\/arte351.pt\/art\/2020\/12\/22\/caetano-uma-odisseia-no-espaco\/","url":"https:\/\/arte351.pt\/art\/2020\/12\/22\/caetano-uma-odisseia-no-espaco\/","name":"Caetano: Uma Odiss\u00e9ia no Espa\u00e7o - Arte351 - Art Magazine Portugal","isPartOf":{"@id":"https:\/\/arte351.pt\/art\/#website"},"primaryImageOfPage":{"@id":"https:\/\/arte351.pt\/art\/2020\/12\/22\/caetano-uma-odisseia-no-espaco\/#primaryimage"},"image":{"@id":"https:\/\/arte351.pt\/art\/2020\/12\/22\/caetano-uma-odisseia-no-espaco\/#primaryimage"},"thumbnailUrl":"https:\/\/arte351.pt\/art\/wp-content\/uploads\/2020\/12\/arte351-2020-caetano2001.jpg","datePublished":"2020-12-22T14:47:19+00:00","breadcrumb":{"@id":"https:\/\/arte351.pt\/art\/2020\/12\/22\/caetano-uma-odisseia-no-espaco\/#breadcrumb"},"inLanguage":"pt-BR","potentialAction":[{"@type":"ReadAction","target":["https:\/\/arte351.pt\/art\/2020\/12\/22\/caetano-uma-odisseia-no-espaco\/"]}]},{"@type":"ImageObject","inLanguage":"pt-BR","@id":"https:\/\/arte351.pt\/art\/2020\/12\/22\/caetano-uma-odisseia-no-espaco\/#primaryimage","url":"https:\/\/arte351.pt\/art\/wp-content\/uploads\/2020\/12\/arte351-2020-caetano2001.jpg","contentUrl":"https:\/\/arte351.pt\/art\/wp-content\/uploads\/2020\/12\/arte351-2020-caetano2001.jpg","width":1200,"height":578},{"@type":"BreadcrumbList","@id":"https:\/\/arte351.pt\/art\/2020\/12\/22\/caetano-uma-odisseia-no-espaco\/#breadcrumb","itemListElement":[{"@type":"ListItem","position":1,"name":"In\u00edcio","item":"https:\/\/arte351.pt\/art\/"},{"@type":"ListItem","position":2,"name":"Caetano: Uma Odiss\u00e9ia no Espa\u00e7o"}]},{"@type":"WebSite","@id":"https:\/\/arte351.pt\/art\/#website","url":"https:\/\/arte351.pt\/art\/","name":"Arte351 - Art Magazine Portugal","description":"","publisher":{"@id":"https:\/\/arte351.pt\/art\/#organization"},"potentialAction":[{"@type":"SearchAction","target":{"@type":"EntryPoint","urlTemplate":"https:\/\/arte351.pt\/art\/?s={search_term_string}"},"query-input":{"@type":"PropertyValueSpecification","valueRequired":true,"valueName":"search_term_string"}}],"inLanguage":"pt-BR"},{"@type":"Organization","@id":"https:\/\/arte351.pt\/art\/#organization","name":"Arte351 - Art Magazine Portugal","url":"https:\/\/arte351.pt\/art\/","logo":{"@type":"ImageObject","inLanguage":"pt-BR","@id":"https:\/\/arte351.pt\/art\/#\/schema\/logo\/image\/","url":"https:\/\/arte351.pt\/art\/wp-content\/uploads\/2020\/03\/cropped-logo-arte351-color.png","contentUrl":"https:\/\/arte351.pt\/art\/wp-content\/uploads\/2020\/03\/cropped-logo-arte351-color.png","width":514,"height":200,"caption":"Arte351 - Art Magazine Portugal"},"image":{"@id":"https:\/\/arte351.pt\/art\/#\/schema\/logo\/image\/"},"sameAs":["https:\/\/www.facebook.com\/arte351magazine\/"]},{"@type":"Person","@id":"https:\/\/arte351.pt\/art\/#\/schema\/person\/1d081d5dbc7c2a3f2317da95c823a5bd","name":"Equipa Arte 351","image":{"@type":"ImageObject","inLanguage":"pt-BR","@id":"https:\/\/secure.gravatar.com\/avatar\/3f97e62c832ede8fafe5d2f9e31f8a055e187b6b31056d1e065d95e034db52e2?s=96&d=mm&r=g","url":"https:\/\/secure.gravatar.com\/avatar\/3f97e62c832ede8fafe5d2f9e31f8a055e187b6b31056d1e065d95e034db52e2?s=96&d=mm&r=g","contentUrl":"https:\/\/secure.gravatar.com\/avatar\/3f97e62c832ede8fafe5d2f9e31f8a055e187b6b31056d1e065d95e034db52e2?s=96&d=mm&r=g","caption":"Equipa Arte 351"},"url":"https:\/\/arte351.pt\/art\/author\/admin2\/"}]}},"_links":{"self":[{"href":"https:\/\/arte351.pt\/art\/wp-json\/wp\/v2\/posts\/4290","targetHints":{"allow":["GET"]}}],"collection":[{"href":"https:\/\/arte351.pt\/art\/wp-json\/wp\/v2\/posts"}],"about":[{"href":"https:\/\/arte351.pt\/art\/wp-json\/wp\/v2\/types\/post"}],"author":[{"embeddable":true,"href":"https:\/\/arte351.pt\/art\/wp-json\/wp\/v2\/users\/34415"}],"replies":[{"embeddable":true,"href":"https:\/\/arte351.pt\/art\/wp-json\/wp\/v2\/comments?post=4290"}],"version-history":[{"count":2,"href":"https:\/\/arte351.pt\/art\/wp-json\/wp\/v2\/posts\/4290\/revisions"}],"predecessor-version":[{"id":4294,"href":"https:\/\/arte351.pt\/art\/wp-json\/wp\/v2\/posts\/4290\/revisions\/4294"}],"wp:featuredmedia":[{"embeddable":true,"href":"https:\/\/arte351.pt\/art\/wp-json\/wp\/v2\/media\/4291"}],"wp:attachment":[{"href":"https:\/\/arte351.pt\/art\/wp-json\/wp\/v2\/media?parent=4290"}],"wp:term":[{"taxonomy":"category","embeddable":true,"href":"https:\/\/arte351.pt\/art\/wp-json\/wp\/v2\/categories?post=4290"},{"taxonomy":"post_tag","embeddable":true,"href":"https:\/\/arte351.pt\/art\/wp-json\/wp\/v2\/tags?post=4290"}],"curies":[{"name":"wp","href":"https:\/\/api.w.org\/{rel}","templated":true}]}}