{"id":4562,"date":"2021-02-15T14:26:20","date_gmt":"2021-02-15T14:26:20","guid":{"rendered":"https:\/\/arte351.pt\/art\/?p=4562"},"modified":"2021-02-15T14:26:20","modified_gmt":"2021-02-15T14:26:20","slug":"jacob-klintowitz-com-novos-lancamentos","status":"publish","type":"post","link":"https:\/\/arte351.pt\/art\/2021\/02\/15\/jacob-klintowitz-com-novos-lancamentos\/","title":{"rendered":"Jacob Klintowitz com novos lan\u00e7amentos"},"content":{"rendered":"<div dir=\"auto\">O incans\u00e1vel escritor e cr\u00edtico de arte brasileiro Jacob Klintowitz acena com suas \u00faltimas cria\u00e7\u00f5es editadas sobre poesia, arte &amp; artistas brasileiros. Est\u00e1 certo pois mais do que nunca precisamos dinamizar nossos \u00edmpetos criativos.<\/div>\n<div dir=\"auto\">A saber.<\/div>\n<div dir=\"auto\"><\/div>\n<div dir=\"auto\">Amigas e amigos, car\u00edssimos,<\/div>\n<div dir=\"auto\"><\/div>\n<div dir=\"auto\">E quando retornarmos o fluxo das coisas? \u00c9 animador perceber que haver\u00e1 vida e vida interessante ap\u00f3s a trag\u00e9dia da pandemia. Eu gosto de planos, principalmente quando o planejamento \u00e9 conhecer melhor o trabalho de um artista. \u00c9 entusiasmante verificar, por exemplo,\u00a0 o que Leonardo da Vinci fazia quando era Chef na corte de Ludovico Sforza e na taberna \u201cOs tr\u00eas carac\u00f3is\u201d &#8230;.<\/div>\n<div dir=\"auto\"><\/div>\n<div dir=\"auto\">Depois da epidemia vou lan\u00e7ar esses quatro livros que j\u00e1 est\u00e3o impressos (edi\u00e7\u00e3o Instituto Olga Kos, S\u00e3o Paulo\u00a0 SP). \u201cLuise Weiss. Territ\u00f3rio da mem\u00f3ria\u201d;\u201cEduardo Iglesias. Mem\u00f3rias de uma tarde violeta\u201d;\u201cAntonio Peticov. A gal\u00e1xia de Antonio\u201d; \u201cNewton Mesquita. Fragmentos de uma po\u00e9tica do mundo\u201d.<\/div>\n<div dir=\"auto\"><\/div>\n<div dir=\"auto\">O de Iglesias at\u00e9 j\u00e1 foi lan\u00e7ado (Museu de Arte Brasileira. FAAP) em 26 de novembro . Mas foi triste, pois o artista n\u00e3o pode comparecer devido \u00e0 idade. E eu tamb\u00e9m n\u00e3o. N\u00f3s nos prometemos um novo momento , desta vez mais fe\u00e9rico.<\/div>\n<div dir=\"auto\"><\/div>\n<div dir=\"auto\">Al\u00e9m desses quatro livros, participo com ensaios em tr\u00eas livros entusiasmantes. \u201c120 noites de Eros\u201d, do poeta Floriano Martins, um extraordin\u00e1rio e pioneiro estudo sobre mulheres surrealistas. Um livro delicad\u00edssimo do poeta Marco Lucchesi sobre Israel Pedrosa e a hist\u00f3ria de sua amizade. E um livro , composto por quatro ensaios, sobre o profundo escritor S\u00e9rgio Faraco.<\/div>\n<div dir=\"auto\"><\/div>\n<div dir=\"auto\">Abra\u00e7o forte<\/div>\n<div dir=\"auto\">Jacob Klintowitz<\/div>\n<div dir=\"auto\"><\/div>\n<div dir=\"auto\"><img decoding=\"async\" class=\"alignnone\" title=\"Jacob Klintowitz\" src=\"https:\/\/d1o6h00a1h5k7q.cloudfront.net\/imagens\/img_m\/18200\/8571857.jpg\" alt=\"Jacob Klintowitz\" width=\"191\" height=\"260\" \/><img decoding=\"async\" class=\"alignnone wp-image-4565\" title=\"Jacob Klintowitz\" src=\"https:\/\/arte351.pt\/art\/wp-content\/uploads\/2021\/02\/IMG-20210211-WA0116.jpg\" alt=\"Jacob Klintowitz\" width=\"187\" height=\"261\" srcset=\"https:\/\/arte351.pt\/art\/wp-content\/uploads\/2021\/02\/IMG-20210211-WA0116.jpg 732w, https:\/\/arte351.pt\/art\/wp-content\/uploads\/2021\/02\/IMG-20210211-WA0116-214x300.jpg 214w\" sizes=\"(max-width: 187px) 100vw, 187px\" \/><img decoding=\"async\" class=\"alignnone wp-image-4563\" title=\"Jacob Klintowitz\" src=\"https:\/\/arte351.pt\/art\/wp-content\/uploads\/2021\/02\/IMG-20210211-WA0113.jpg\" alt=\"Jacob Klintowitz\" width=\"191\" height=\"259\" srcset=\"https:\/\/arte351.pt\/art\/wp-content\/uploads\/2021\/02\/IMG-20210211-WA0113.jpg 754w, https:\/\/arte351.pt\/art\/wp-content\/uploads\/2021\/02\/IMG-20210211-WA0113-221x300.jpg 221w\" sizes=\"(max-width: 191px) 100vw, 191px\" \/><img loading=\"lazy\" decoding=\"async\" class=\"alignnone wp-image-4564\" title=\"Jacob Klintowitz\" src=\"https:\/\/arte351.pt\/art\/wp-content\/uploads\/2021\/02\/IMG-20210211-WA0115.jpg\" alt=\"Jacob Klintowitz\" width=\"187\" height=\"260\" srcset=\"https:\/\/arte351.pt\/art\/wp-content\/uploads\/2021\/02\/IMG-20210211-WA0115.jpg 735w, https:\/\/arte351.pt\/art\/wp-content\/uploads\/2021\/02\/IMG-20210211-WA0115-215x300.jpg 215w\" sizes=\"(max-width: 187px) 100vw, 187px\" \/><\/div>\n<div dir=\"auto\"><\/div>\n<div dir=\"auto\"><\/div>\n<div dir=\"auto\">\n<h5><em><a href=\"https:\/\/arte351.pt\/art\/category\/colunistas-2\/colunistas\/\"><img loading=\"lazy\" decoding=\"async\" class=\"alignleft wp-image-398\" src=\"https:\/\/arte351.pt\/art\/wp-content\/uploads\/2016\/03\/avatar_renato_rosa-300x300.jpg\" sizes=\"(max-width: 80px) 100vw, 80px\" srcset=\"https:\/\/arte351.pt\/art\/wp-content\/uploads\/2016\/03\/avatar_renato_rosa-300x300.jpg 300w, https:\/\/arte351.pt\/art\/wp-content\/uploads\/2016\/03\/avatar_renato_rosa-150x150.jpg 150w, https:\/\/arte351.pt\/art\/wp-content\/uploads\/2016\/03\/avatar_renato_rosa.jpg 600w\" alt=\"avatar_renato_rosa\" width=\"80\" height=\"80\" \/><\/a><\/em><\/h5>\n<h5><em><a href=\"https:\/\/arte351.pt\/art\/category\/colunistas-2\/colunistas\/\">Coluna \u2013\u00a0<b class=\"gmail_sendername\">Renato Rosa<\/b><\/a><\/em><\/h5>\n<div>\n<h5>Renato Rosa, brasileiro, S\u00e3o Gabriel, RS, Brasil, 1946. Marchand, pesquisador, editor do jornal cultural O PARALELO do site\u00a0<a href=\"http:\/\/www.bolsadearte.com\/oparalelo\" target=\"_blank\" rel=\"noopener\">www.bolsadearte.com\/<wbr \/>oparalelo<\/a>, co-autor do \u201cDicion\u00e1rio de Artes Pl\u00e1sticas no Rio Grande do Sul\u201d, (2\u00aa edi\u00e7\u00e3o, 2000, esgotada) Editora da Universidade\/UFRGS.<\/h5>\n<\/div>\n<\/div>\n","protected":false},"excerpt":{"rendered":"<p>O incans\u00e1vel escritor e cr\u00edtico de arte brasileiro Jacob Klintowitz acena com suas \u00faltimas cria\u00e7\u00f5es editadas sobre poesia, arte &amp; artistas brasileiros. Est\u00e1 certo pois mais do que nunca precisamos [&hellip;]<\/p>\n","protected":false},"author":3,"featured_media":4566,"comment_status":"closed","ping_status":"closed","sticky":false,"template":"","format":"standard","meta":{"_exactmetrics_skip_tracking":false,"_exactmetrics_sitenote_active":false,"_exactmetrics_sitenote_note":"","_exactmetrics_sitenote_category":0,"_uf_show_specific_survey":0,"_uf_disable_surveys":false,"footnotes":""},"categories":[7],"tags":[719],"class_list":["post-4562","post","type-post","status-publish","format-standard","has-post-thumbnail","hentry","category-colunistas","tag-jacob-klintowitz"],"yoast_head":"<!-- This site is optimized with the Yoast SEO plugin v27.3 - https:\/\/yoast.com\/product\/yoast-seo-wordpress\/ -->\n<title>Jacob Klintowitz com novos lan\u00e7amentos - Arte351 - Art Magazine Portugal<\/title>\n<meta name=\"description\" content=\"O incans\u00e1vel escritor e cr\u00edtico de arte brasileiro Jacob Klintowitz acena com suas \u00faltimas cria\u00e7\u00f5es editadas sobre poesia, arte &amp; ...\" \/>\n<meta name=\"robots\" content=\"index, follow, max-snippet:-1, max-image-preview:large, max-video-preview:-1\" \/>\n<link rel=\"canonical\" href=\"https:\/\/arte351.pt\/art\/2021\/02\/15\/jacob-klintowitz-com-novos-lancamentos\/\" \/>\n<meta property=\"og:locale\" content=\"pt_BR\" \/>\n<meta property=\"og:type\" content=\"article\" \/>\n<meta property=\"og:title\" content=\"Jacob Klintowitz com novos lan\u00e7amentos - Arte351 - Art Magazine Portugal\" \/>\n<meta property=\"og:description\" content=\"O incans\u00e1vel escritor e cr\u00edtico de arte brasileiro Jacob Klintowitz acena com suas \u00faltimas cria\u00e7\u00f5es editadas sobre poesia, arte &amp; ...\" \/>\n<meta property=\"og:url\" content=\"https:\/\/arte351.pt\/art\/2021\/02\/15\/jacob-klintowitz-com-novos-lancamentos\/\" \/>\n<meta property=\"og:site_name\" content=\"Arte351 - Art Magazine Portugal\" \/>\n<meta property=\"article:publisher\" content=\"https:\/\/www.facebook.com\/arte351magazine\/\" \/>\n<meta property=\"article:published_time\" content=\"2021-02-15T14:26:20+00:00\" \/>\n<meta property=\"og:image\" content=\"https:\/\/arte351.pt\/art\/wp-content\/uploads\/2021\/02\/Jacob-Klintowitz.jpg\" \/>\n\t<meta property=\"og:image:width\" content=\"1200\" \/>\n\t<meta property=\"og:image:height\" content=\"578\" \/>\n\t<meta property=\"og:image:type\" content=\"image\/jpeg\" \/>\n<meta name=\"author\" content=\"Equipa Arte351\" \/>\n<meta name=\"twitter:label1\" content=\"Escrito por\" \/>\n\t<meta name=\"twitter:data1\" content=\"Equipa Arte351\" \/>\n\t<meta name=\"twitter:label2\" content=\"Est. tempo de leitura\" \/>\n\t<meta name=\"twitter:data2\" content=\"3 minutos\" \/>\n<script type=\"application\/ld+json\" class=\"yoast-schema-graph\">{\"@context\":\"https:\\\/\\\/schema.org\",\"@graph\":[{\"@type\":\"Article\",\"@id\":\"https:\\\/\\\/arte351.pt\\\/art\\\/2021\\\/02\\\/15\\\/jacob-klintowitz-com-novos-lancamentos\\\/#article\",\"isPartOf\":{\"@id\":\"https:\\\/\\\/arte351.pt\\\/art\\\/2021\\\/02\\\/15\\\/jacob-klintowitz-com-novos-lancamentos\\\/\"},\"author\":{\"name\":\"Equipa Arte351\",\"@id\":\"https:\\\/\\\/arte351.pt\\\/art\\\/#\\\/schema\\\/person\\\/f2cfae59497206be61c53c217757b930\"},\"headline\":\"Jacob Klintowitz com novos lan\u00e7amentos\",\"datePublished\":\"2021-02-15T14:26:20+00:00\",\"mainEntityOfPage\":{\"@id\":\"https:\\\/\\\/arte351.pt\\\/art\\\/2021\\\/02\\\/15\\\/jacob-klintowitz-com-novos-lancamentos\\\/\"},\"wordCount\":324,\"publisher\":{\"@id\":\"https:\\\/\\\/arte351.pt\\\/art\\\/#organization\"},\"image\":{\"@id\":\"https:\\\/\\\/arte351.pt\\\/art\\\/2021\\\/02\\\/15\\\/jacob-klintowitz-com-novos-lancamentos\\\/#primaryimage\"},\"thumbnailUrl\":\"https:\\\/\\\/arte351.pt\\\/art\\\/wp-content\\\/uploads\\\/2021\\\/02\\\/Jacob-Klintowitz.jpg\",\"keywords\":[\"Jacob Klintowitz\"],\"articleSection\":[\"Coluna - Renato Rosa\"],\"inLanguage\":\"pt-BR\"},{\"@type\":\"WebPage\",\"@id\":\"https:\\\/\\\/arte351.pt\\\/art\\\/2021\\\/02\\\/15\\\/jacob-klintowitz-com-novos-lancamentos\\\/\",\"url\":\"https:\\\/\\\/arte351.pt\\\/art\\\/2021\\\/02\\\/15\\\/jacob-klintowitz-com-novos-lancamentos\\\/\",\"name\":\"Jacob Klintowitz com novos lan\u00e7amentos - Arte351 - Art Magazine Portugal\",\"isPartOf\":{\"@id\":\"https:\\\/\\\/arte351.pt\\\/art\\\/#website\"},\"primaryImageOfPage\":{\"@id\":\"https:\\\/\\\/arte351.pt\\\/art\\\/2021\\\/02\\\/15\\\/jacob-klintowitz-com-novos-lancamentos\\\/#primaryimage\"},\"image\":{\"@id\":\"https:\\\/\\\/arte351.pt\\\/art\\\/2021\\\/02\\\/15\\\/jacob-klintowitz-com-novos-lancamentos\\\/#primaryimage\"},\"thumbnailUrl\":\"https:\\\/\\\/arte351.pt\\\/art\\\/wp-content\\\/uploads\\\/2021\\\/02\\\/Jacob-Klintowitz.jpg\",\"datePublished\":\"2021-02-15T14:26:20+00:00\",\"description\":\"O incans\u00e1vel escritor e cr\u00edtico de arte brasileiro Jacob Klintowitz acena com suas \u00faltimas cria\u00e7\u00f5es editadas sobre poesia, arte & ...\",\"breadcrumb\":{\"@id\":\"https:\\\/\\\/arte351.pt\\\/art\\\/2021\\\/02\\\/15\\\/jacob-klintowitz-com-novos-lancamentos\\\/#breadcrumb\"},\"inLanguage\":\"pt-BR\",\"potentialAction\":[{\"@type\":\"ReadAction\",\"target\":[\"https:\\\/\\\/arte351.pt\\\/art\\\/2021\\\/02\\\/15\\\/jacob-klintowitz-com-novos-lancamentos\\\/\"]}]},{\"@type\":\"ImageObject\",\"inLanguage\":\"pt-BR\",\"@id\":\"https:\\\/\\\/arte351.pt\\\/art\\\/2021\\\/02\\\/15\\\/jacob-klintowitz-com-novos-lancamentos\\\/#primaryimage\",\"url\":\"https:\\\/\\\/arte351.pt\\\/art\\\/wp-content\\\/uploads\\\/2021\\\/02\\\/Jacob-Klintowitz.jpg\",\"contentUrl\":\"https:\\\/\\\/arte351.pt\\\/art\\\/wp-content\\\/uploads\\\/2021\\\/02\\\/Jacob-Klintowitz.jpg\",\"width\":1200,\"height\":578},{\"@type\":\"BreadcrumbList\",\"@id\":\"https:\\\/\\\/arte351.pt\\\/art\\\/2021\\\/02\\\/15\\\/jacob-klintowitz-com-novos-lancamentos\\\/#breadcrumb\",\"itemListElement\":[{\"@type\":\"ListItem\",\"position\":1,\"name\":\"In\u00edcio\",\"item\":\"https:\\\/\\\/arte351.pt\\\/art\\\/\"},{\"@type\":\"ListItem\",\"position\":2,\"name\":\"Jacob Klintowitz com novos lan\u00e7amentos\"}]},{\"@type\":\"WebSite\",\"@id\":\"https:\\\/\\\/arte351.pt\\\/art\\\/#website\",\"url\":\"https:\\\/\\\/arte351.pt\\\/art\\\/\",\"name\":\"Arte351 - Art Magazine Portugal\",\"description\":\"\",\"publisher\":{\"@id\":\"https:\\\/\\\/arte351.pt\\\/art\\\/#organization\"},\"potentialAction\":[{\"@type\":\"SearchAction\",\"target\":{\"@type\":\"EntryPoint\",\"urlTemplate\":\"https:\\\/\\\/arte351.pt\\\/art\\\/?s={search_term_string}\"},\"query-input\":{\"@type\":\"PropertyValueSpecification\",\"valueRequired\":true,\"valueName\":\"search_term_string\"}}],\"inLanguage\":\"pt-BR\"},{\"@type\":\"Organization\",\"@id\":\"https:\\\/\\\/arte351.pt\\\/art\\\/#organization\",\"name\":\"Arte351 - Art Magazine Portugal\",\"url\":\"https:\\\/\\\/arte351.pt\\\/art\\\/\",\"logo\":{\"@type\":\"ImageObject\",\"inLanguage\":\"pt-BR\",\"@id\":\"https:\\\/\\\/arte351.pt\\\/art\\\/#\\\/schema\\\/logo\\\/image\\\/\",\"url\":\"https:\\\/\\\/arte351.pt\\\/art\\\/wp-content\\\/uploads\\\/2020\\\/03\\\/cropped-logo-arte351-color.png\",\"contentUrl\":\"https:\\\/\\\/arte351.pt\\\/art\\\/wp-content\\\/uploads\\\/2020\\\/03\\\/cropped-logo-arte351-color.png\",\"width\":514,\"height\":200,\"caption\":\"Arte351 - Art Magazine Portugal\"},\"image\":{\"@id\":\"https:\\\/\\\/arte351.pt\\\/art\\\/#\\\/schema\\\/logo\\\/image\\\/\"},\"sameAs\":[\"https:\\\/\\\/www.facebook.com\\\/arte351magazine\\\/\"]},{\"@type\":\"Person\",\"@id\":\"https:\\\/\\\/arte351.pt\\\/art\\\/#\\\/schema\\\/person\\\/f2cfae59497206be61c53c217757b930\",\"name\":\"Equipa Arte351\",\"image\":{\"@type\":\"ImageObject\",\"inLanguage\":\"pt-BR\",\"@id\":\"https:\\\/\\\/secure.gravatar.com\\\/avatar\\\/6caca56323d52e15e83fc5635240c86f7e52fd46fa8d5df9a709d99f5aa1638e?s=96&d=mm&r=g\",\"url\":\"https:\\\/\\\/secure.gravatar.com\\\/avatar\\\/6caca56323d52e15e83fc5635240c86f7e52fd46fa8d5df9a709d99f5aa1638e?s=96&d=mm&r=g\",\"contentUrl\":\"https:\\\/\\\/secure.gravatar.com\\\/avatar\\\/6caca56323d52e15e83fc5635240c86f7e52fd46fa8d5df9a709d99f5aa1638e?s=96&d=mm&r=g\",\"caption\":\"Equipa Arte351\"},\"url\":\"https:\\\/\\\/arte351.pt\\\/art\\\/author\\\/caroleenbass\\\/\"}]}<\/script>\n<!-- \/ Yoast SEO plugin. -->","yoast_head_json":{"title":"Jacob Klintowitz com novos lan\u00e7amentos - Arte351 - Art Magazine Portugal","description":"O incans\u00e1vel escritor e cr\u00edtico de arte brasileiro Jacob Klintowitz acena com suas \u00faltimas cria\u00e7\u00f5es editadas sobre poesia, arte & ...","robots":{"index":"index","follow":"follow","max-snippet":"max-snippet:-1","max-image-preview":"max-image-preview:large","max-video-preview":"max-video-preview:-1"},"canonical":"https:\/\/arte351.pt\/art\/2021\/02\/15\/jacob-klintowitz-com-novos-lancamentos\/","og_locale":"pt_BR","og_type":"article","og_title":"Jacob Klintowitz com novos lan\u00e7amentos - Arte351 - Art Magazine Portugal","og_description":"O incans\u00e1vel escritor e cr\u00edtico de arte brasileiro Jacob Klintowitz acena com suas \u00faltimas cria\u00e7\u00f5es editadas sobre poesia, arte & ...","og_url":"https:\/\/arte351.pt\/art\/2021\/02\/15\/jacob-klintowitz-com-novos-lancamentos\/","og_site_name":"Arte351 - Art Magazine Portugal","article_publisher":"https:\/\/www.facebook.com\/arte351magazine\/","article_published_time":"2021-02-15T14:26:20+00:00","og_image":[{"width":1200,"height":578,"url":"https:\/\/arte351.pt\/art\/wp-content\/uploads\/2021\/02\/Jacob-Klintowitz.jpg","type":"image\/jpeg"}],"author":"Equipa Arte351","twitter_misc":{"Escrito por":"Equipa Arte351","Est. tempo de leitura":"3 minutos"},"schema":{"@context":"https:\/\/schema.org","@graph":[{"@type":"Article","@id":"https:\/\/arte351.pt\/art\/2021\/02\/15\/jacob-klintowitz-com-novos-lancamentos\/#article","isPartOf":{"@id":"https:\/\/arte351.pt\/art\/2021\/02\/15\/jacob-klintowitz-com-novos-lancamentos\/"},"author":{"name":"Equipa Arte351","@id":"https:\/\/arte351.pt\/art\/#\/schema\/person\/f2cfae59497206be61c53c217757b930"},"headline":"Jacob Klintowitz com novos lan\u00e7amentos","datePublished":"2021-02-15T14:26:20+00:00","mainEntityOfPage":{"@id":"https:\/\/arte351.pt\/art\/2021\/02\/15\/jacob-klintowitz-com-novos-lancamentos\/"},"wordCount":324,"publisher":{"@id":"https:\/\/arte351.pt\/art\/#organization"},"image":{"@id":"https:\/\/arte351.pt\/art\/2021\/02\/15\/jacob-klintowitz-com-novos-lancamentos\/#primaryimage"},"thumbnailUrl":"https:\/\/arte351.pt\/art\/wp-content\/uploads\/2021\/02\/Jacob-Klintowitz.jpg","keywords":["Jacob Klintowitz"],"articleSection":["Coluna - Renato Rosa"],"inLanguage":"pt-BR"},{"@type":"WebPage","@id":"https:\/\/arte351.pt\/art\/2021\/02\/15\/jacob-klintowitz-com-novos-lancamentos\/","url":"https:\/\/arte351.pt\/art\/2021\/02\/15\/jacob-klintowitz-com-novos-lancamentos\/","name":"Jacob Klintowitz com novos lan\u00e7amentos - Arte351 - Art Magazine Portugal","isPartOf":{"@id":"https:\/\/arte351.pt\/art\/#website"},"primaryImageOfPage":{"@id":"https:\/\/arte351.pt\/art\/2021\/02\/15\/jacob-klintowitz-com-novos-lancamentos\/#primaryimage"},"image":{"@id":"https:\/\/arte351.pt\/art\/2021\/02\/15\/jacob-klintowitz-com-novos-lancamentos\/#primaryimage"},"thumbnailUrl":"https:\/\/arte351.pt\/art\/wp-content\/uploads\/2021\/02\/Jacob-Klintowitz.jpg","datePublished":"2021-02-15T14:26:20+00:00","description":"O incans\u00e1vel escritor e cr\u00edtico de arte brasileiro Jacob Klintowitz acena com suas \u00faltimas cria\u00e7\u00f5es editadas sobre poesia, arte & ...","breadcrumb":{"@id":"https:\/\/arte351.pt\/art\/2021\/02\/15\/jacob-klintowitz-com-novos-lancamentos\/#breadcrumb"},"inLanguage":"pt-BR","potentialAction":[{"@type":"ReadAction","target":["https:\/\/arte351.pt\/art\/2021\/02\/15\/jacob-klintowitz-com-novos-lancamentos\/"]}]},{"@type":"ImageObject","inLanguage":"pt-BR","@id":"https:\/\/arte351.pt\/art\/2021\/02\/15\/jacob-klintowitz-com-novos-lancamentos\/#primaryimage","url":"https:\/\/arte351.pt\/art\/wp-content\/uploads\/2021\/02\/Jacob-Klintowitz.jpg","contentUrl":"https:\/\/arte351.pt\/art\/wp-content\/uploads\/2021\/02\/Jacob-Klintowitz.jpg","width":1200,"height":578},{"@type":"BreadcrumbList","@id":"https:\/\/arte351.pt\/art\/2021\/02\/15\/jacob-klintowitz-com-novos-lancamentos\/#breadcrumb","itemListElement":[{"@type":"ListItem","position":1,"name":"In\u00edcio","item":"https:\/\/arte351.pt\/art\/"},{"@type":"ListItem","position":2,"name":"Jacob Klintowitz com novos lan\u00e7amentos"}]},{"@type":"WebSite","@id":"https:\/\/arte351.pt\/art\/#website","url":"https:\/\/arte351.pt\/art\/","name":"Arte351 - Art Magazine Portugal","description":"","publisher":{"@id":"https:\/\/arte351.pt\/art\/#organization"},"potentialAction":[{"@type":"SearchAction","target":{"@type":"EntryPoint","urlTemplate":"https:\/\/arte351.pt\/art\/?s={search_term_string}"},"query-input":{"@type":"PropertyValueSpecification","valueRequired":true,"valueName":"search_term_string"}}],"inLanguage":"pt-BR"},{"@type":"Organization","@id":"https:\/\/arte351.pt\/art\/#organization","name":"Arte351 - Art Magazine Portugal","url":"https:\/\/arte351.pt\/art\/","logo":{"@type":"ImageObject","inLanguage":"pt-BR","@id":"https:\/\/arte351.pt\/art\/#\/schema\/logo\/image\/","url":"https:\/\/arte351.pt\/art\/wp-content\/uploads\/2020\/03\/cropped-logo-arte351-color.png","contentUrl":"https:\/\/arte351.pt\/art\/wp-content\/uploads\/2020\/03\/cropped-logo-arte351-color.png","width":514,"height":200,"caption":"Arte351 - Art Magazine Portugal"},"image":{"@id":"https:\/\/arte351.pt\/art\/#\/schema\/logo\/image\/"},"sameAs":["https:\/\/www.facebook.com\/arte351magazine\/"]},{"@type":"Person","@id":"https:\/\/arte351.pt\/art\/#\/schema\/person\/f2cfae59497206be61c53c217757b930","name":"Equipa Arte351","image":{"@type":"ImageObject","inLanguage":"pt-BR","@id":"https:\/\/secure.gravatar.com\/avatar\/6caca56323d52e15e83fc5635240c86f7e52fd46fa8d5df9a709d99f5aa1638e?s=96&d=mm&r=g","url":"https:\/\/secure.gravatar.com\/avatar\/6caca56323d52e15e83fc5635240c86f7e52fd46fa8d5df9a709d99f5aa1638e?s=96&d=mm&r=g","contentUrl":"https:\/\/secure.gravatar.com\/avatar\/6caca56323d52e15e83fc5635240c86f7e52fd46fa8d5df9a709d99f5aa1638e?s=96&d=mm&r=g","caption":"Equipa Arte351"},"url":"https:\/\/arte351.pt\/art\/author\/caroleenbass\/"}]}},"_links":{"self":[{"href":"https:\/\/arte351.pt\/art\/wp-json\/wp\/v2\/posts\/4562","targetHints":{"allow":["GET"]}}],"collection":[{"href":"https:\/\/arte351.pt\/art\/wp-json\/wp\/v2\/posts"}],"about":[{"href":"https:\/\/arte351.pt\/art\/wp-json\/wp\/v2\/types\/post"}],"author":[{"embeddable":true,"href":"https:\/\/arte351.pt\/art\/wp-json\/wp\/v2\/users\/3"}],"replies":[{"embeddable":true,"href":"https:\/\/arte351.pt\/art\/wp-json\/wp\/v2\/comments?post=4562"}],"version-history":[{"count":1,"href":"https:\/\/arte351.pt\/art\/wp-json\/wp\/v2\/posts\/4562\/revisions"}],"predecessor-version":[{"id":4567,"href":"https:\/\/arte351.pt\/art\/wp-json\/wp\/v2\/posts\/4562\/revisions\/4567"}],"wp:featuredmedia":[{"embeddable":true,"href":"https:\/\/arte351.pt\/art\/wp-json\/wp\/v2\/media\/4566"}],"wp:attachment":[{"href":"https:\/\/arte351.pt\/art\/wp-json\/wp\/v2\/media?parent=4562"}],"wp:term":[{"taxonomy":"category","embeddable":true,"href":"https:\/\/arte351.pt\/art\/wp-json\/wp\/v2\/categories?post=4562"},{"taxonomy":"post_tag","embeddable":true,"href":"https:\/\/arte351.pt\/art\/wp-json\/wp\/v2\/tags?post=4562"}],"curies":[{"name":"wp","href":"https:\/\/api.w.org\/{rel}","templated":true}]}}