{"id":4618,"date":"2021-02-20T18:02:12","date_gmt":"2021-02-20T18:02:12","guid":{"rendered":"https:\/\/arte351.pt\/art\/?p=4618"},"modified":"2021-03-01T18:12:56","modified_gmt":"2021-03-01T18:12:56","slug":"o-artista-ze-tarcisio-faz-anos","status":"publish","type":"post","link":"https:\/\/arte351.pt\/art\/2021\/02\/20\/o-artista-ze-tarcisio-faz-anos\/","title":{"rendered":"O artista Z\u00e9 Tarc\u00edsio faz anos"},"content":{"rendered":"<p><span>HOJE \u00c9 A VEZ DO MEU AMIGO QUERIDO Z\u00e9 Tarc\u00edsio , fazer 80 anos ! <\/span><\/p>\n<p><span>Artista premiado com Viagem ao estrangeiro desde muitos anos, festejado recentemente com Pr\u00eamio Governo do Estado do Cear\u00e1 pelo conjunto da Obra, tema do meu filme ZE.COM (2006), nos conhecemos aqui no Rio, ele rec\u00e9m chegado pelas m\u00e3os do pintor Antonio Bandeira e logo estreando uma exposi\u00e7\u00e3o individual na prestigiada Galeria Bonino, com excelente cr\u00edtica do Poeta Walmir Ayala e direito \u00e1 presen\u00e7a de Elizeth Cardoso cantando a Bachiana no.5 de Villa-Lobos, acompanhada por Jacob do Bandolim, por convite do Ricardo Cravo Albin . <\/span><\/p>\n<p><span>Continua produzindo sem parar e com projetos de exposi\u00e7\u00f5es. \u00c9 mole ? Muita sa\u00fade, Esperan\u00e7a e Arte! VIVA Z\u00c9 TARC\u00cdSIO!<\/span><\/p>\n<figure id=\"attachment_4621\" class=\"thumbnail wp-caption alignnone\" style=\"width: 199px\"><img fetchpriority=\"high\" decoding=\"async\" class=\" wp-image-4621\" src=\"https:\/\/arte351.pt\/art\/wp-content\/uploads\/2021\/03\/151181625_169093728129093_8764172724760099369_n.jpg\" alt=\"z\u00e9 tarc\u00edsio com galinha\" width=\"189\" height=\"380\" srcset=\"https:\/\/arte351.pt\/art\/wp-content\/uploads\/2021\/03\/151181625_169093728129093_8764172724760099369_n.jpg 406w, https:\/\/arte351.pt\/art\/wp-content\/uploads\/2021\/03\/151181625_169093728129093_8764172724760099369_n-149x300.jpg 149w\" sizes=\"(max-width: 189px) 100vw, 189px\" \/><figcaption class=\"caption wp-caption-text\">Foto: Luiz Carlos Lacerda<\/figcaption><\/figure>\n","protected":false},"excerpt":{"rendered":"<p>HOJE \u00c9 A VEZ DO MEU AMIGO QUERIDO Z\u00e9 Tarc\u00edsio , fazer 80 anos ! Artista premiado com Viagem ao estrangeiro desde muitos anos, festejado recentemente com Pr\u00eamio Governo do [&hellip;]<\/p>\n","protected":false},"author":3,"featured_media":4620,"comment_status":"closed","ping_status":"closed","sticky":false,"template":"","format":"standard","meta":{"_exactmetrics_skip_tracking":false,"_exactmetrics_sitenote_active":false,"_exactmetrics_sitenote_note":"","_exactmetrics_sitenote_category":0,"_uf_show_specific_survey":0,"_uf_disable_surveys":false,"footnotes":""},"categories":[75],"tags":[1003],"class_list":["post-4618","post","type-post","status-publish","format-standard","has-post-thumbnail","hentry","category-lc-lacerda","tag-ze-tarcisio"],"yoast_head":"<!-- This site is optimized with the Yoast SEO plugin v27.3 - https:\/\/yoast.com\/product\/yoast-seo-wordpress\/ -->\n<title>O artista Z\u00e9 Tarc\u00edsio faz anos - Arte351 - Art Magazine Portugal<\/title>\n<meta name=\"description\" content=\"HOJE \u00c9 A VEZ DO MEU AMIGO QUERIDO Z\u00e9 Tarc\u00edsio , fazer 80 anos ! Artista premiado com Viagem ao estrangeiro e outras coisas que podes ler..\" \/>\n<meta name=\"robots\" content=\"index, follow, max-snippet:-1, max-image-preview:large, max-video-preview:-1\" \/>\n<link rel=\"canonical\" href=\"https:\/\/arte351.pt\/art\/2021\/02\/20\/o-artista-ze-tarcisio-faz-anos\/\" \/>\n<meta property=\"og:locale\" content=\"pt_BR\" \/>\n<meta property=\"og:type\" content=\"article\" \/>\n<meta property=\"og:title\" content=\"O artista Z\u00e9 Tarc\u00edsio faz anos - Arte351 - Art Magazine Portugal\" \/>\n<meta property=\"og:description\" content=\"HOJE \u00c9 A VEZ DO MEU AMIGO QUERIDO Z\u00e9 Tarc\u00edsio , fazer 80 anos ! Artista premiado com Viagem ao estrangeiro e outras coisas que podes ler..\" \/>\n<meta property=\"og:url\" content=\"https:\/\/arte351.pt\/art\/2021\/02\/20\/o-artista-ze-tarcisio-faz-anos\/\" \/>\n<meta property=\"og:site_name\" content=\"Arte351 - Art Magazine Portugal\" \/>\n<meta property=\"article:publisher\" content=\"https:\/\/www.facebook.com\/arte351magazine\/\" \/>\n<meta property=\"article:published_time\" content=\"2021-02-20T18:02:12+00:00\" \/>\n<meta property=\"article:modified_time\" content=\"2021-03-01T18:12:56+00:00\" \/>\n<meta property=\"og:image\" content=\"https:\/\/arte351.pt\/art\/wp-content\/uploads\/2021\/03\/tarcisio-co\u0301pia.jpg\" \/>\n\t<meta property=\"og:image:width\" content=\"1200\" \/>\n\t<meta property=\"og:image:height\" content=\"578\" \/>\n\t<meta property=\"og:image:type\" content=\"image\/jpeg\" \/>\n<meta name=\"author\" content=\"Equipa Arte351\" \/>\n<meta name=\"twitter:label1\" content=\"Escrito por\" \/>\n\t<meta name=\"twitter:data1\" content=\"Equipa Arte351\" \/>\n\t<meta name=\"twitter:label2\" content=\"Est. tempo de leitura\" \/>\n\t<meta name=\"twitter:data2\" content=\"1 minuto\" \/>\n<script type=\"application\/ld+json\" class=\"yoast-schema-graph\">{\"@context\":\"https:\\\/\\\/schema.org\",\"@graph\":[{\"@type\":\"Article\",\"@id\":\"https:\\\/\\\/arte351.pt\\\/art\\\/2021\\\/02\\\/20\\\/o-artista-ze-tarcisio-faz-anos\\\/#article\",\"isPartOf\":{\"@id\":\"https:\\\/\\\/arte351.pt\\\/art\\\/2021\\\/02\\\/20\\\/o-artista-ze-tarcisio-faz-anos\\\/\"},\"author\":{\"name\":\"Equipa Arte351\",\"@id\":\"https:\\\/\\\/arte351.pt\\\/art\\\/#\\\/schema\\\/person\\\/f2cfae59497206be61c53c217757b930\"},\"headline\":\"O artista Z\u00e9 Tarc\u00edsio faz anos\",\"datePublished\":\"2021-02-20T18:02:12+00:00\",\"dateModified\":\"2021-03-01T18:12:56+00:00\",\"mainEntityOfPage\":{\"@id\":\"https:\\\/\\\/arte351.pt\\\/art\\\/2021\\\/02\\\/20\\\/o-artista-ze-tarcisio-faz-anos\\\/\"},\"wordCount\":140,\"publisher\":{\"@id\":\"https:\\\/\\\/arte351.pt\\\/art\\\/#organization\"},\"image\":{\"@id\":\"https:\\\/\\\/arte351.pt\\\/art\\\/2021\\\/02\\\/20\\\/o-artista-ze-tarcisio-faz-anos\\\/#primaryimage\"},\"thumbnailUrl\":\"https:\\\/\\\/arte351.pt\\\/art\\\/wp-content\\\/uploads\\\/2021\\\/03\\\/tarcisio-co\u0301pia.jpg\",\"keywords\":[\"Z\u00e9 Tarc\u00edsio\"],\"articleSection\":[\"Coluna \u2013 Luiz Carlos Lacerda\"],\"inLanguage\":\"pt-BR\"},{\"@type\":\"WebPage\",\"@id\":\"https:\\\/\\\/arte351.pt\\\/art\\\/2021\\\/02\\\/20\\\/o-artista-ze-tarcisio-faz-anos\\\/\",\"url\":\"https:\\\/\\\/arte351.pt\\\/art\\\/2021\\\/02\\\/20\\\/o-artista-ze-tarcisio-faz-anos\\\/\",\"name\":\"O artista Z\u00e9 Tarc\u00edsio faz anos - Arte351 - Art Magazine Portugal\",\"isPartOf\":{\"@id\":\"https:\\\/\\\/arte351.pt\\\/art\\\/#website\"},\"primaryImageOfPage\":{\"@id\":\"https:\\\/\\\/arte351.pt\\\/art\\\/2021\\\/02\\\/20\\\/o-artista-ze-tarcisio-faz-anos\\\/#primaryimage\"},\"image\":{\"@id\":\"https:\\\/\\\/arte351.pt\\\/art\\\/2021\\\/02\\\/20\\\/o-artista-ze-tarcisio-faz-anos\\\/#primaryimage\"},\"thumbnailUrl\":\"https:\\\/\\\/arte351.pt\\\/art\\\/wp-content\\\/uploads\\\/2021\\\/03\\\/tarcisio-co\u0301pia.jpg\",\"datePublished\":\"2021-02-20T18:02:12+00:00\",\"dateModified\":\"2021-03-01T18:12:56+00:00\",\"description\":\"HOJE \u00c9 A VEZ DO MEU AMIGO QUERIDO Z\u00e9 Tarc\u00edsio , fazer 80 anos ! Artista premiado com Viagem ao estrangeiro e outras coisas que podes ler..\",\"breadcrumb\":{\"@id\":\"https:\\\/\\\/arte351.pt\\\/art\\\/2021\\\/02\\\/20\\\/o-artista-ze-tarcisio-faz-anos\\\/#breadcrumb\"},\"inLanguage\":\"pt-BR\",\"potentialAction\":[{\"@type\":\"ReadAction\",\"target\":[\"https:\\\/\\\/arte351.pt\\\/art\\\/2021\\\/02\\\/20\\\/o-artista-ze-tarcisio-faz-anos\\\/\"]}]},{\"@type\":\"ImageObject\",\"inLanguage\":\"pt-BR\",\"@id\":\"https:\\\/\\\/arte351.pt\\\/art\\\/2021\\\/02\\\/20\\\/o-artista-ze-tarcisio-faz-anos\\\/#primaryimage\",\"url\":\"https:\\\/\\\/arte351.pt\\\/art\\\/wp-content\\\/uploads\\\/2021\\\/03\\\/tarcisio-co\u0301pia.jpg\",\"contentUrl\":\"https:\\\/\\\/arte351.pt\\\/art\\\/wp-content\\\/uploads\\\/2021\\\/03\\\/tarcisio-co\u0301pia.jpg\",\"width\":1200,\"height\":578},{\"@type\":\"BreadcrumbList\",\"@id\":\"https:\\\/\\\/arte351.pt\\\/art\\\/2021\\\/02\\\/20\\\/o-artista-ze-tarcisio-faz-anos\\\/#breadcrumb\",\"itemListElement\":[{\"@type\":\"ListItem\",\"position\":1,\"name\":\"In\u00edcio\",\"item\":\"https:\\\/\\\/arte351.pt\\\/art\\\/\"},{\"@type\":\"ListItem\",\"position\":2,\"name\":\"O artista Z\u00e9 Tarc\u00edsio faz anos\"}]},{\"@type\":\"WebSite\",\"@id\":\"https:\\\/\\\/arte351.pt\\\/art\\\/#website\",\"url\":\"https:\\\/\\\/arte351.pt\\\/art\\\/\",\"name\":\"Arte351 - Art Magazine Portugal\",\"description\":\"\",\"publisher\":{\"@id\":\"https:\\\/\\\/arte351.pt\\\/art\\\/#organization\"},\"potentialAction\":[{\"@type\":\"SearchAction\",\"target\":{\"@type\":\"EntryPoint\",\"urlTemplate\":\"https:\\\/\\\/arte351.pt\\\/art\\\/?s={search_term_string}\"},\"query-input\":{\"@type\":\"PropertyValueSpecification\",\"valueRequired\":true,\"valueName\":\"search_term_string\"}}],\"inLanguage\":\"pt-BR\"},{\"@type\":\"Organization\",\"@id\":\"https:\\\/\\\/arte351.pt\\\/art\\\/#organization\",\"name\":\"Arte351 - Art Magazine Portugal\",\"url\":\"https:\\\/\\\/arte351.pt\\\/art\\\/\",\"logo\":{\"@type\":\"ImageObject\",\"inLanguage\":\"pt-BR\",\"@id\":\"https:\\\/\\\/arte351.pt\\\/art\\\/#\\\/schema\\\/logo\\\/image\\\/\",\"url\":\"https:\\\/\\\/arte351.pt\\\/art\\\/wp-content\\\/uploads\\\/2020\\\/03\\\/cropped-logo-arte351-color.png\",\"contentUrl\":\"https:\\\/\\\/arte351.pt\\\/art\\\/wp-content\\\/uploads\\\/2020\\\/03\\\/cropped-logo-arte351-color.png\",\"width\":514,\"height\":200,\"caption\":\"Arte351 - Art Magazine Portugal\"},\"image\":{\"@id\":\"https:\\\/\\\/arte351.pt\\\/art\\\/#\\\/schema\\\/logo\\\/image\\\/\"},\"sameAs\":[\"https:\\\/\\\/www.facebook.com\\\/arte351magazine\\\/\"]},{\"@type\":\"Person\",\"@id\":\"https:\\\/\\\/arte351.pt\\\/art\\\/#\\\/schema\\\/person\\\/f2cfae59497206be61c53c217757b930\",\"name\":\"Equipa Arte351\",\"image\":{\"@type\":\"ImageObject\",\"inLanguage\":\"pt-BR\",\"@id\":\"https:\\\/\\\/secure.gravatar.com\\\/avatar\\\/6caca56323d52e15e83fc5635240c86f7e52fd46fa8d5df9a709d99f5aa1638e?s=96&d=mm&r=g\",\"url\":\"https:\\\/\\\/secure.gravatar.com\\\/avatar\\\/6caca56323d52e15e83fc5635240c86f7e52fd46fa8d5df9a709d99f5aa1638e?s=96&d=mm&r=g\",\"contentUrl\":\"https:\\\/\\\/secure.gravatar.com\\\/avatar\\\/6caca56323d52e15e83fc5635240c86f7e52fd46fa8d5df9a709d99f5aa1638e?s=96&d=mm&r=g\",\"caption\":\"Equipa Arte351\"},\"url\":\"https:\\\/\\\/arte351.pt\\\/art\\\/author\\\/caroleenbass\\\/\"}]}<\/script>\n<!-- \/ Yoast SEO plugin. -->","yoast_head_json":{"title":"O artista Z\u00e9 Tarc\u00edsio faz anos - Arte351 - Art Magazine Portugal","description":"HOJE \u00c9 A VEZ DO MEU AMIGO QUERIDO Z\u00e9 Tarc\u00edsio , fazer 80 anos ! Artista premiado com Viagem ao estrangeiro e outras coisas que podes ler..","robots":{"index":"index","follow":"follow","max-snippet":"max-snippet:-1","max-image-preview":"max-image-preview:large","max-video-preview":"max-video-preview:-1"},"canonical":"https:\/\/arte351.pt\/art\/2021\/02\/20\/o-artista-ze-tarcisio-faz-anos\/","og_locale":"pt_BR","og_type":"article","og_title":"O artista Z\u00e9 Tarc\u00edsio faz anos - Arte351 - Art Magazine Portugal","og_description":"HOJE \u00c9 A VEZ DO MEU AMIGO QUERIDO Z\u00e9 Tarc\u00edsio , fazer 80 anos ! Artista premiado com Viagem ao estrangeiro e outras coisas que podes ler..","og_url":"https:\/\/arte351.pt\/art\/2021\/02\/20\/o-artista-ze-tarcisio-faz-anos\/","og_site_name":"Arte351 - Art Magazine Portugal","article_publisher":"https:\/\/www.facebook.com\/arte351magazine\/","article_published_time":"2021-02-20T18:02:12+00:00","article_modified_time":"2021-03-01T18:12:56+00:00","og_image":[{"width":1200,"height":578,"url":"https:\/\/arte351.pt\/art\/wp-content\/uploads\/2021\/03\/tarcisio-co\u0301pia.jpg","type":"image\/jpeg"}],"author":"Equipa Arte351","twitter_misc":{"Escrito por":"Equipa Arte351","Est. tempo de leitura":"1 minuto"},"schema":{"@context":"https:\/\/schema.org","@graph":[{"@type":"Article","@id":"https:\/\/arte351.pt\/art\/2021\/02\/20\/o-artista-ze-tarcisio-faz-anos\/#article","isPartOf":{"@id":"https:\/\/arte351.pt\/art\/2021\/02\/20\/o-artista-ze-tarcisio-faz-anos\/"},"author":{"name":"Equipa Arte351","@id":"https:\/\/arte351.pt\/art\/#\/schema\/person\/f2cfae59497206be61c53c217757b930"},"headline":"O artista Z\u00e9 Tarc\u00edsio faz anos","datePublished":"2021-02-20T18:02:12+00:00","dateModified":"2021-03-01T18:12:56+00:00","mainEntityOfPage":{"@id":"https:\/\/arte351.pt\/art\/2021\/02\/20\/o-artista-ze-tarcisio-faz-anos\/"},"wordCount":140,"publisher":{"@id":"https:\/\/arte351.pt\/art\/#organization"},"image":{"@id":"https:\/\/arte351.pt\/art\/2021\/02\/20\/o-artista-ze-tarcisio-faz-anos\/#primaryimage"},"thumbnailUrl":"https:\/\/arte351.pt\/art\/wp-content\/uploads\/2021\/03\/tarcisio-co\u0301pia.jpg","keywords":["Z\u00e9 Tarc\u00edsio"],"articleSection":["Coluna \u2013 Luiz Carlos Lacerda"],"inLanguage":"pt-BR"},{"@type":"WebPage","@id":"https:\/\/arte351.pt\/art\/2021\/02\/20\/o-artista-ze-tarcisio-faz-anos\/","url":"https:\/\/arte351.pt\/art\/2021\/02\/20\/o-artista-ze-tarcisio-faz-anos\/","name":"O artista Z\u00e9 Tarc\u00edsio faz anos - Arte351 - Art Magazine Portugal","isPartOf":{"@id":"https:\/\/arte351.pt\/art\/#website"},"primaryImageOfPage":{"@id":"https:\/\/arte351.pt\/art\/2021\/02\/20\/o-artista-ze-tarcisio-faz-anos\/#primaryimage"},"image":{"@id":"https:\/\/arte351.pt\/art\/2021\/02\/20\/o-artista-ze-tarcisio-faz-anos\/#primaryimage"},"thumbnailUrl":"https:\/\/arte351.pt\/art\/wp-content\/uploads\/2021\/03\/tarcisio-co\u0301pia.jpg","datePublished":"2021-02-20T18:02:12+00:00","dateModified":"2021-03-01T18:12:56+00:00","description":"HOJE \u00c9 A VEZ DO MEU AMIGO QUERIDO Z\u00e9 Tarc\u00edsio , fazer 80 anos ! Artista premiado com Viagem ao estrangeiro e outras coisas que podes ler..","breadcrumb":{"@id":"https:\/\/arte351.pt\/art\/2021\/02\/20\/o-artista-ze-tarcisio-faz-anos\/#breadcrumb"},"inLanguage":"pt-BR","potentialAction":[{"@type":"ReadAction","target":["https:\/\/arte351.pt\/art\/2021\/02\/20\/o-artista-ze-tarcisio-faz-anos\/"]}]},{"@type":"ImageObject","inLanguage":"pt-BR","@id":"https:\/\/arte351.pt\/art\/2021\/02\/20\/o-artista-ze-tarcisio-faz-anos\/#primaryimage","url":"https:\/\/arte351.pt\/art\/wp-content\/uploads\/2021\/03\/tarcisio-co\u0301pia.jpg","contentUrl":"https:\/\/arte351.pt\/art\/wp-content\/uploads\/2021\/03\/tarcisio-co\u0301pia.jpg","width":1200,"height":578},{"@type":"BreadcrumbList","@id":"https:\/\/arte351.pt\/art\/2021\/02\/20\/o-artista-ze-tarcisio-faz-anos\/#breadcrumb","itemListElement":[{"@type":"ListItem","position":1,"name":"In\u00edcio","item":"https:\/\/arte351.pt\/art\/"},{"@type":"ListItem","position":2,"name":"O artista Z\u00e9 Tarc\u00edsio faz anos"}]},{"@type":"WebSite","@id":"https:\/\/arte351.pt\/art\/#website","url":"https:\/\/arte351.pt\/art\/","name":"Arte351 - Art Magazine Portugal","description":"","publisher":{"@id":"https:\/\/arte351.pt\/art\/#organization"},"potentialAction":[{"@type":"SearchAction","target":{"@type":"EntryPoint","urlTemplate":"https:\/\/arte351.pt\/art\/?s={search_term_string}"},"query-input":{"@type":"PropertyValueSpecification","valueRequired":true,"valueName":"search_term_string"}}],"inLanguage":"pt-BR"},{"@type":"Organization","@id":"https:\/\/arte351.pt\/art\/#organization","name":"Arte351 - Art Magazine Portugal","url":"https:\/\/arte351.pt\/art\/","logo":{"@type":"ImageObject","inLanguage":"pt-BR","@id":"https:\/\/arte351.pt\/art\/#\/schema\/logo\/image\/","url":"https:\/\/arte351.pt\/art\/wp-content\/uploads\/2020\/03\/cropped-logo-arte351-color.png","contentUrl":"https:\/\/arte351.pt\/art\/wp-content\/uploads\/2020\/03\/cropped-logo-arte351-color.png","width":514,"height":200,"caption":"Arte351 - Art Magazine Portugal"},"image":{"@id":"https:\/\/arte351.pt\/art\/#\/schema\/logo\/image\/"},"sameAs":["https:\/\/www.facebook.com\/arte351magazine\/"]},{"@type":"Person","@id":"https:\/\/arte351.pt\/art\/#\/schema\/person\/f2cfae59497206be61c53c217757b930","name":"Equipa Arte351","image":{"@type":"ImageObject","inLanguage":"pt-BR","@id":"https:\/\/secure.gravatar.com\/avatar\/6caca56323d52e15e83fc5635240c86f7e52fd46fa8d5df9a709d99f5aa1638e?s=96&d=mm&r=g","url":"https:\/\/secure.gravatar.com\/avatar\/6caca56323d52e15e83fc5635240c86f7e52fd46fa8d5df9a709d99f5aa1638e?s=96&d=mm&r=g","contentUrl":"https:\/\/secure.gravatar.com\/avatar\/6caca56323d52e15e83fc5635240c86f7e52fd46fa8d5df9a709d99f5aa1638e?s=96&d=mm&r=g","caption":"Equipa Arte351"},"url":"https:\/\/arte351.pt\/art\/author\/caroleenbass\/"}]}},"_links":{"self":[{"href":"https:\/\/arte351.pt\/art\/wp-json\/wp\/v2\/posts\/4618","targetHints":{"allow":["GET"]}}],"collection":[{"href":"https:\/\/arte351.pt\/art\/wp-json\/wp\/v2\/posts"}],"about":[{"href":"https:\/\/arte351.pt\/art\/wp-json\/wp\/v2\/types\/post"}],"author":[{"embeddable":true,"href":"https:\/\/arte351.pt\/art\/wp-json\/wp\/v2\/users\/3"}],"replies":[{"embeddable":true,"href":"https:\/\/arte351.pt\/art\/wp-json\/wp\/v2\/comments?post=4618"}],"version-history":[{"count":1,"href":"https:\/\/arte351.pt\/art\/wp-json\/wp\/v2\/posts\/4618\/revisions"}],"predecessor-version":[{"id":4622,"href":"https:\/\/arte351.pt\/art\/wp-json\/wp\/v2\/posts\/4618\/revisions\/4622"}],"wp:featuredmedia":[{"embeddable":true,"href":"https:\/\/arte351.pt\/art\/wp-json\/wp\/v2\/media\/4620"}],"wp:attachment":[{"href":"https:\/\/arte351.pt\/art\/wp-json\/wp\/v2\/media?parent=4618"}],"wp:term":[{"taxonomy":"category","embeddable":true,"href":"https:\/\/arte351.pt\/art\/wp-json\/wp\/v2\/categories?post=4618"},{"taxonomy":"post_tag","embeddable":true,"href":"https:\/\/arte351.pt\/art\/wp-json\/wp\/v2\/tags?post=4618"}],"curies":[{"name":"wp","href":"https:\/\/api.w.org\/{rel}","templated":true}]}}