{"id":4626,"date":"2021-02-28T18:23:19","date_gmt":"2021-02-28T18:23:19","guid":{"rendered":"https:\/\/arte351.pt\/art\/?p=4626"},"modified":"2021-03-01T18:33:38","modified_gmt":"2021-03-01T18:33:38","slug":"o-boca-de-ouro-2020-de-daniel-filho","status":"publish","type":"post","link":"https:\/\/arte351.pt\/art\/2021\/02\/28\/o-boca-de-ouro-2020-de-daniel-filho\/","title":{"rendered":"O BOCA DE OURO (2020), de Daniel Filho"},"content":{"rendered":"<p><span>O BOCA DE OURO (2020), De Daniel Filho, com Marcos Palmeira e Fernanda Vasconcellos, Mallu Mader. <\/span><\/p>\n<p><span>Esta \u00e9 a 3a adapta\u00e7\u00e3o para o Cinema da obra hom\u00f4nima de Nelson Rodrigues. A vers\u00e3o do Mestre Nelson Pereira dos Santos (1960) inaugurou uma est\u00e9tica que antecedeu o Tropicalismo e autorizou os cineastas autorais brasileiros a reverem seus preconceitos ideol\u00f3gicos e identificarem na obra do nosso maior dramaturgo um olhar sobre a nossa Sociedade mais do que cr\u00edtico, e revolucion\u00e1rio. <\/span><\/p>\n<p><span>Sob o ponto de vista moral e de classe. E fez um filme moderno e divisor, em sua obra e no cinema brasileiro. A 2a vers\u00e3o, de Walter Avancini, \u00e9 apenas a tentativa de realizar um filme de grande bilheteria, que n\u00e3o atinge esse objetivo. Caricatural e pasteurizado. Esta agora, nas m\u00e3os de um comprovado e experiente Diretor, longe de cacoetes formais preocupados em classificarem-na como um &#8220;faut genre&#8221;, que se autoproclama contempor\u00e2neo , se apoia num texto originalmente escrito para o teatro e imprime um acelerado ritmo narrativo, dinamizando-o, e exibindo uma sanguinolenta viol\u00eancia caracter\u00edstica\u00a0da P\u00f3s-Modernidade, que desde os necess\u00e1rios filmes de Sam Peckinpah n\u00e3o se via. <\/span><\/p>\n<p><span>Dire\u00e7\u00e3o de atores, mis-en-scene criativa regida por uma esp\u00e9cie de coreografia do elenco ( e que elenco !) em comunh\u00e3o com os movimentos de c\u00e2mera, Fotografia, tudo numa harmonia que \u00e9 a marca do bom Cinema. <\/span><\/p>\n<p><span>No Canal Brasil. IMPERD\u00cdVEL!<\/span><\/p>\n","protected":false},"excerpt":{"rendered":"<p>O BOCA DE OURO (2020), De Daniel Filho, com Marcos Palmeira e Fernanda Vasconcellos, Mallu Mader. Esta \u00e9 a 3a adapta\u00e7\u00e3o para o Cinema da obra hom\u00f4nima de Nelson Rodrigues. [&hellip;]<\/p>\n","protected":false},"author":3,"featured_media":4627,"comment_status":"closed","ping_status":"closed","sticky":false,"template":"","format":"standard","meta":{"_exactmetrics_skip_tracking":false,"_exactmetrics_sitenote_active":false,"_exactmetrics_sitenote_note":"","_exactmetrics_sitenote_category":0,"_uf_show_specific_survey":0,"_uf_disable_surveys":false,"footnotes":""},"categories":[75],"tags":[705,1006,1008,1009,1007,1005],"class_list":["post-4626","post","type-post","status-publish","format-standard","has-post-thumbnail","hentry","category-lc-lacerda","tag-canal-brasil","tag-daniel-filho","tag-fernanda-vasconcellos","tag-mallu-mader","tag-marcos-palmeira","tag-o-boca-de-ouro"],"yoast_head":"<!-- This site is optimized with the Yoast SEO plugin v27.3 - https:\/\/yoast.com\/product\/yoast-seo-wordpress\/ -->\n<title>O BOCA DE OURO (2020), de Daniel Filho<\/title>\n<meta name=\"description\" content=\"O BOCA DE OURO (2020), De Daniel Filho, com Marcos Palmeira e Fernanda Vasconcellos, Mallu Mader. Esta \u00e9 a 3a adapta\u00e7\u00e3o para o Cinema da..\" \/>\n<meta name=\"robots\" content=\"index, follow, max-snippet:-1, max-image-preview:large, max-video-preview:-1\" \/>\n<link rel=\"canonical\" href=\"https:\/\/arte351.pt\/art\/2021\/02\/28\/o-boca-de-ouro-2020-de-daniel-filho\/\" \/>\n<meta property=\"og:locale\" content=\"pt_BR\" \/>\n<meta property=\"og:type\" content=\"article\" \/>\n<meta property=\"og:title\" content=\"O BOCA DE OURO (2020), de Daniel Filho\" \/>\n<meta property=\"og:description\" content=\"O BOCA DE OURO (2020), De Daniel Filho, com Marcos Palmeira e Fernanda Vasconcellos, Mallu Mader. Esta \u00e9 a 3a adapta\u00e7\u00e3o para o Cinema da..\" \/>\n<meta property=\"og:url\" content=\"https:\/\/arte351.pt\/art\/2021\/02\/28\/o-boca-de-ouro-2020-de-daniel-filho\/\" \/>\n<meta property=\"og:site_name\" content=\"Arte351 - Art Magazine Portugal\" \/>\n<meta property=\"article:publisher\" content=\"https:\/\/www.facebook.com\/arte351magazine\/\" \/>\n<meta property=\"article:published_time\" content=\"2021-02-28T18:23:19+00:00\" \/>\n<meta property=\"article:modified_time\" content=\"2021-03-01T18:33:38+00:00\" \/>\n<meta property=\"og:image\" content=\"https:\/\/arte351.pt\/art\/wp-content\/uploads\/2021\/03\/boca-de-ouro.jpg\" \/>\n\t<meta property=\"og:image:width\" content=\"1200\" \/>\n\t<meta property=\"og:image:height\" content=\"578\" \/>\n\t<meta property=\"og:image:type\" content=\"image\/jpeg\" \/>\n<meta name=\"author\" content=\"Equipa Arte351\" \/>\n<meta name=\"twitter:label1\" content=\"Escrito por\" \/>\n\t<meta name=\"twitter:data1\" content=\"Equipa Arte351\" \/>\n\t<meta name=\"twitter:label2\" content=\"Est. tempo de leitura\" \/>\n\t<meta name=\"twitter:data2\" content=\"1 minuto\" \/>\n<script type=\"application\/ld+json\" class=\"yoast-schema-graph\">{\"@context\":\"https:\\\/\\\/schema.org\",\"@graph\":[{\"@type\":\"Article\",\"@id\":\"https:\\\/\\\/arte351.pt\\\/art\\\/2021\\\/02\\\/28\\\/o-boca-de-ouro-2020-de-daniel-filho\\\/#article\",\"isPartOf\":{\"@id\":\"https:\\\/\\\/arte351.pt\\\/art\\\/2021\\\/02\\\/28\\\/o-boca-de-ouro-2020-de-daniel-filho\\\/\"},\"author\":{\"name\":\"Equipa Arte351\",\"@id\":\"https:\\\/\\\/arte351.pt\\\/art\\\/#\\\/schema\\\/person\\\/f2cfae59497206be61c53c217757b930\"},\"headline\":\"O BOCA DE OURO (2020), de Daniel Filho\",\"datePublished\":\"2021-02-28T18:23:19+00:00\",\"dateModified\":\"2021-03-01T18:33:38+00:00\",\"mainEntityOfPage\":{\"@id\":\"https:\\\/\\\/arte351.pt\\\/art\\\/2021\\\/02\\\/28\\\/o-boca-de-ouro-2020-de-daniel-filho\\\/\"},\"wordCount\":246,\"publisher\":{\"@id\":\"https:\\\/\\\/arte351.pt\\\/art\\\/#organization\"},\"image\":{\"@id\":\"https:\\\/\\\/arte351.pt\\\/art\\\/2021\\\/02\\\/28\\\/o-boca-de-ouro-2020-de-daniel-filho\\\/#primaryimage\"},\"thumbnailUrl\":\"https:\\\/\\\/arte351.pt\\\/art\\\/wp-content\\\/uploads\\\/2021\\\/03\\\/boca-de-ouro.jpg\",\"keywords\":[\"Canal Brasil\",\"Daniel Filho\",\"Fernanda Vasconcellos\",\"Mallu Mader\",\"Marcos Palmeira\",\"O Boca de Ouro\"],\"articleSection\":[\"Coluna \u2013 Luiz Carlos Lacerda\"],\"inLanguage\":\"pt-BR\"},{\"@type\":\"WebPage\",\"@id\":\"https:\\\/\\\/arte351.pt\\\/art\\\/2021\\\/02\\\/28\\\/o-boca-de-ouro-2020-de-daniel-filho\\\/\",\"url\":\"https:\\\/\\\/arte351.pt\\\/art\\\/2021\\\/02\\\/28\\\/o-boca-de-ouro-2020-de-daniel-filho\\\/\",\"name\":\"O BOCA DE OURO (2020), de Daniel Filho\",\"isPartOf\":{\"@id\":\"https:\\\/\\\/arte351.pt\\\/art\\\/#website\"},\"primaryImageOfPage\":{\"@id\":\"https:\\\/\\\/arte351.pt\\\/art\\\/2021\\\/02\\\/28\\\/o-boca-de-ouro-2020-de-daniel-filho\\\/#primaryimage\"},\"image\":{\"@id\":\"https:\\\/\\\/arte351.pt\\\/art\\\/2021\\\/02\\\/28\\\/o-boca-de-ouro-2020-de-daniel-filho\\\/#primaryimage\"},\"thumbnailUrl\":\"https:\\\/\\\/arte351.pt\\\/art\\\/wp-content\\\/uploads\\\/2021\\\/03\\\/boca-de-ouro.jpg\",\"datePublished\":\"2021-02-28T18:23:19+00:00\",\"dateModified\":\"2021-03-01T18:33:38+00:00\",\"description\":\"O BOCA DE OURO (2020), De Daniel Filho, com Marcos Palmeira e Fernanda Vasconcellos, Mallu Mader. Esta \u00e9 a 3a adapta\u00e7\u00e3o para o Cinema da..\",\"breadcrumb\":{\"@id\":\"https:\\\/\\\/arte351.pt\\\/art\\\/2021\\\/02\\\/28\\\/o-boca-de-ouro-2020-de-daniel-filho\\\/#breadcrumb\"},\"inLanguage\":\"pt-BR\",\"potentialAction\":[{\"@type\":\"ReadAction\",\"target\":[\"https:\\\/\\\/arte351.pt\\\/art\\\/2021\\\/02\\\/28\\\/o-boca-de-ouro-2020-de-daniel-filho\\\/\"]}]},{\"@type\":\"ImageObject\",\"inLanguage\":\"pt-BR\",\"@id\":\"https:\\\/\\\/arte351.pt\\\/art\\\/2021\\\/02\\\/28\\\/o-boca-de-ouro-2020-de-daniel-filho\\\/#primaryimage\",\"url\":\"https:\\\/\\\/arte351.pt\\\/art\\\/wp-content\\\/uploads\\\/2021\\\/03\\\/boca-de-ouro.jpg\",\"contentUrl\":\"https:\\\/\\\/arte351.pt\\\/art\\\/wp-content\\\/uploads\\\/2021\\\/03\\\/boca-de-ouro.jpg\",\"width\":1200,\"height\":578},{\"@type\":\"BreadcrumbList\",\"@id\":\"https:\\\/\\\/arte351.pt\\\/art\\\/2021\\\/02\\\/28\\\/o-boca-de-ouro-2020-de-daniel-filho\\\/#breadcrumb\",\"itemListElement\":[{\"@type\":\"ListItem\",\"position\":1,\"name\":\"In\u00edcio\",\"item\":\"https:\\\/\\\/arte351.pt\\\/art\\\/\"},{\"@type\":\"ListItem\",\"position\":2,\"name\":\"O BOCA DE OURO (2020), de Daniel Filho\"}]},{\"@type\":\"WebSite\",\"@id\":\"https:\\\/\\\/arte351.pt\\\/art\\\/#website\",\"url\":\"https:\\\/\\\/arte351.pt\\\/art\\\/\",\"name\":\"Arte351 - Art Magazine Portugal\",\"description\":\"\",\"publisher\":{\"@id\":\"https:\\\/\\\/arte351.pt\\\/art\\\/#organization\"},\"potentialAction\":[{\"@type\":\"SearchAction\",\"target\":{\"@type\":\"EntryPoint\",\"urlTemplate\":\"https:\\\/\\\/arte351.pt\\\/art\\\/?s={search_term_string}\"},\"query-input\":{\"@type\":\"PropertyValueSpecification\",\"valueRequired\":true,\"valueName\":\"search_term_string\"}}],\"inLanguage\":\"pt-BR\"},{\"@type\":\"Organization\",\"@id\":\"https:\\\/\\\/arte351.pt\\\/art\\\/#organization\",\"name\":\"Arte351 - Art Magazine Portugal\",\"url\":\"https:\\\/\\\/arte351.pt\\\/art\\\/\",\"logo\":{\"@type\":\"ImageObject\",\"inLanguage\":\"pt-BR\",\"@id\":\"https:\\\/\\\/arte351.pt\\\/art\\\/#\\\/schema\\\/logo\\\/image\\\/\",\"url\":\"https:\\\/\\\/arte351.pt\\\/art\\\/wp-content\\\/uploads\\\/2020\\\/03\\\/cropped-logo-arte351-color.png\",\"contentUrl\":\"https:\\\/\\\/arte351.pt\\\/art\\\/wp-content\\\/uploads\\\/2020\\\/03\\\/cropped-logo-arte351-color.png\",\"width\":514,\"height\":200,\"caption\":\"Arte351 - Art Magazine Portugal\"},\"image\":{\"@id\":\"https:\\\/\\\/arte351.pt\\\/art\\\/#\\\/schema\\\/logo\\\/image\\\/\"},\"sameAs\":[\"https:\\\/\\\/www.facebook.com\\\/arte351magazine\\\/\"]},{\"@type\":\"Person\",\"@id\":\"https:\\\/\\\/arte351.pt\\\/art\\\/#\\\/schema\\\/person\\\/f2cfae59497206be61c53c217757b930\",\"name\":\"Equipa Arte351\",\"image\":{\"@type\":\"ImageObject\",\"inLanguage\":\"pt-BR\",\"@id\":\"https:\\\/\\\/secure.gravatar.com\\\/avatar\\\/6caca56323d52e15e83fc5635240c86f7e52fd46fa8d5df9a709d99f5aa1638e?s=96&d=mm&r=g\",\"url\":\"https:\\\/\\\/secure.gravatar.com\\\/avatar\\\/6caca56323d52e15e83fc5635240c86f7e52fd46fa8d5df9a709d99f5aa1638e?s=96&d=mm&r=g\",\"contentUrl\":\"https:\\\/\\\/secure.gravatar.com\\\/avatar\\\/6caca56323d52e15e83fc5635240c86f7e52fd46fa8d5df9a709d99f5aa1638e?s=96&d=mm&r=g\",\"caption\":\"Equipa Arte351\"},\"url\":\"https:\\\/\\\/arte351.pt\\\/art\\\/author\\\/caroleenbass\\\/\"}]}<\/script>\n<!-- \/ Yoast SEO plugin. -->","yoast_head_json":{"title":"O BOCA DE OURO (2020), de Daniel Filho","description":"O BOCA DE OURO (2020), De Daniel Filho, com Marcos Palmeira e Fernanda Vasconcellos, Mallu Mader. Esta \u00e9 a 3a adapta\u00e7\u00e3o para o Cinema da..","robots":{"index":"index","follow":"follow","max-snippet":"max-snippet:-1","max-image-preview":"max-image-preview:large","max-video-preview":"max-video-preview:-1"},"canonical":"https:\/\/arte351.pt\/art\/2021\/02\/28\/o-boca-de-ouro-2020-de-daniel-filho\/","og_locale":"pt_BR","og_type":"article","og_title":"O BOCA DE OURO (2020), de Daniel Filho","og_description":"O BOCA DE OURO (2020), De Daniel Filho, com Marcos Palmeira e Fernanda Vasconcellos, Mallu Mader. Esta \u00e9 a 3a adapta\u00e7\u00e3o para o Cinema da..","og_url":"https:\/\/arte351.pt\/art\/2021\/02\/28\/o-boca-de-ouro-2020-de-daniel-filho\/","og_site_name":"Arte351 - Art Magazine Portugal","article_publisher":"https:\/\/www.facebook.com\/arte351magazine\/","article_published_time":"2021-02-28T18:23:19+00:00","article_modified_time":"2021-03-01T18:33:38+00:00","og_image":[{"width":1200,"height":578,"url":"https:\/\/arte351.pt\/art\/wp-content\/uploads\/2021\/03\/boca-de-ouro.jpg","type":"image\/jpeg"}],"author":"Equipa Arte351","twitter_misc":{"Escrito por":"Equipa Arte351","Est. tempo de leitura":"1 minuto"},"schema":{"@context":"https:\/\/schema.org","@graph":[{"@type":"Article","@id":"https:\/\/arte351.pt\/art\/2021\/02\/28\/o-boca-de-ouro-2020-de-daniel-filho\/#article","isPartOf":{"@id":"https:\/\/arte351.pt\/art\/2021\/02\/28\/o-boca-de-ouro-2020-de-daniel-filho\/"},"author":{"name":"Equipa Arte351","@id":"https:\/\/arte351.pt\/art\/#\/schema\/person\/f2cfae59497206be61c53c217757b930"},"headline":"O BOCA DE OURO (2020), de Daniel Filho","datePublished":"2021-02-28T18:23:19+00:00","dateModified":"2021-03-01T18:33:38+00:00","mainEntityOfPage":{"@id":"https:\/\/arte351.pt\/art\/2021\/02\/28\/o-boca-de-ouro-2020-de-daniel-filho\/"},"wordCount":246,"publisher":{"@id":"https:\/\/arte351.pt\/art\/#organization"},"image":{"@id":"https:\/\/arte351.pt\/art\/2021\/02\/28\/o-boca-de-ouro-2020-de-daniel-filho\/#primaryimage"},"thumbnailUrl":"https:\/\/arte351.pt\/art\/wp-content\/uploads\/2021\/03\/boca-de-ouro.jpg","keywords":["Canal Brasil","Daniel Filho","Fernanda Vasconcellos","Mallu Mader","Marcos Palmeira","O Boca de Ouro"],"articleSection":["Coluna \u2013 Luiz Carlos Lacerda"],"inLanguage":"pt-BR"},{"@type":"WebPage","@id":"https:\/\/arte351.pt\/art\/2021\/02\/28\/o-boca-de-ouro-2020-de-daniel-filho\/","url":"https:\/\/arte351.pt\/art\/2021\/02\/28\/o-boca-de-ouro-2020-de-daniel-filho\/","name":"O BOCA DE OURO (2020), de Daniel Filho","isPartOf":{"@id":"https:\/\/arte351.pt\/art\/#website"},"primaryImageOfPage":{"@id":"https:\/\/arte351.pt\/art\/2021\/02\/28\/o-boca-de-ouro-2020-de-daniel-filho\/#primaryimage"},"image":{"@id":"https:\/\/arte351.pt\/art\/2021\/02\/28\/o-boca-de-ouro-2020-de-daniel-filho\/#primaryimage"},"thumbnailUrl":"https:\/\/arte351.pt\/art\/wp-content\/uploads\/2021\/03\/boca-de-ouro.jpg","datePublished":"2021-02-28T18:23:19+00:00","dateModified":"2021-03-01T18:33:38+00:00","description":"O BOCA DE OURO (2020), De Daniel Filho, com Marcos Palmeira e Fernanda Vasconcellos, Mallu Mader. Esta \u00e9 a 3a adapta\u00e7\u00e3o para o Cinema da..","breadcrumb":{"@id":"https:\/\/arte351.pt\/art\/2021\/02\/28\/o-boca-de-ouro-2020-de-daniel-filho\/#breadcrumb"},"inLanguage":"pt-BR","potentialAction":[{"@type":"ReadAction","target":["https:\/\/arte351.pt\/art\/2021\/02\/28\/o-boca-de-ouro-2020-de-daniel-filho\/"]}]},{"@type":"ImageObject","inLanguage":"pt-BR","@id":"https:\/\/arte351.pt\/art\/2021\/02\/28\/o-boca-de-ouro-2020-de-daniel-filho\/#primaryimage","url":"https:\/\/arte351.pt\/art\/wp-content\/uploads\/2021\/03\/boca-de-ouro.jpg","contentUrl":"https:\/\/arte351.pt\/art\/wp-content\/uploads\/2021\/03\/boca-de-ouro.jpg","width":1200,"height":578},{"@type":"BreadcrumbList","@id":"https:\/\/arte351.pt\/art\/2021\/02\/28\/o-boca-de-ouro-2020-de-daniel-filho\/#breadcrumb","itemListElement":[{"@type":"ListItem","position":1,"name":"In\u00edcio","item":"https:\/\/arte351.pt\/art\/"},{"@type":"ListItem","position":2,"name":"O BOCA DE OURO (2020), de Daniel Filho"}]},{"@type":"WebSite","@id":"https:\/\/arte351.pt\/art\/#website","url":"https:\/\/arte351.pt\/art\/","name":"Arte351 - Art Magazine Portugal","description":"","publisher":{"@id":"https:\/\/arte351.pt\/art\/#organization"},"potentialAction":[{"@type":"SearchAction","target":{"@type":"EntryPoint","urlTemplate":"https:\/\/arte351.pt\/art\/?s={search_term_string}"},"query-input":{"@type":"PropertyValueSpecification","valueRequired":true,"valueName":"search_term_string"}}],"inLanguage":"pt-BR"},{"@type":"Organization","@id":"https:\/\/arte351.pt\/art\/#organization","name":"Arte351 - Art Magazine Portugal","url":"https:\/\/arte351.pt\/art\/","logo":{"@type":"ImageObject","inLanguage":"pt-BR","@id":"https:\/\/arte351.pt\/art\/#\/schema\/logo\/image\/","url":"https:\/\/arte351.pt\/art\/wp-content\/uploads\/2020\/03\/cropped-logo-arte351-color.png","contentUrl":"https:\/\/arte351.pt\/art\/wp-content\/uploads\/2020\/03\/cropped-logo-arte351-color.png","width":514,"height":200,"caption":"Arte351 - Art Magazine Portugal"},"image":{"@id":"https:\/\/arte351.pt\/art\/#\/schema\/logo\/image\/"},"sameAs":["https:\/\/www.facebook.com\/arte351magazine\/"]},{"@type":"Person","@id":"https:\/\/arte351.pt\/art\/#\/schema\/person\/f2cfae59497206be61c53c217757b930","name":"Equipa Arte351","image":{"@type":"ImageObject","inLanguage":"pt-BR","@id":"https:\/\/secure.gravatar.com\/avatar\/6caca56323d52e15e83fc5635240c86f7e52fd46fa8d5df9a709d99f5aa1638e?s=96&d=mm&r=g","url":"https:\/\/secure.gravatar.com\/avatar\/6caca56323d52e15e83fc5635240c86f7e52fd46fa8d5df9a709d99f5aa1638e?s=96&d=mm&r=g","contentUrl":"https:\/\/secure.gravatar.com\/avatar\/6caca56323d52e15e83fc5635240c86f7e52fd46fa8d5df9a709d99f5aa1638e?s=96&d=mm&r=g","caption":"Equipa Arte351"},"url":"https:\/\/arte351.pt\/art\/author\/caroleenbass\/"}]}},"_links":{"self":[{"href":"https:\/\/arte351.pt\/art\/wp-json\/wp\/v2\/posts\/4626","targetHints":{"allow":["GET"]}}],"collection":[{"href":"https:\/\/arte351.pt\/art\/wp-json\/wp\/v2\/posts"}],"about":[{"href":"https:\/\/arte351.pt\/art\/wp-json\/wp\/v2\/types\/post"}],"author":[{"embeddable":true,"href":"https:\/\/arte351.pt\/art\/wp-json\/wp\/v2\/users\/3"}],"replies":[{"embeddable":true,"href":"https:\/\/arte351.pt\/art\/wp-json\/wp\/v2\/comments?post=4626"}],"version-history":[{"count":1,"href":"https:\/\/arte351.pt\/art\/wp-json\/wp\/v2\/posts\/4626\/revisions"}],"predecessor-version":[{"id":4628,"href":"https:\/\/arte351.pt\/art\/wp-json\/wp\/v2\/posts\/4626\/revisions\/4628"}],"wp:featuredmedia":[{"embeddable":true,"href":"https:\/\/arte351.pt\/art\/wp-json\/wp\/v2\/media\/4627"}],"wp:attachment":[{"href":"https:\/\/arte351.pt\/art\/wp-json\/wp\/v2\/media?parent=4626"}],"wp:term":[{"taxonomy":"category","embeddable":true,"href":"https:\/\/arte351.pt\/art\/wp-json\/wp\/v2\/categories?post=4626"},{"taxonomy":"post_tag","embeddable":true,"href":"https:\/\/arte351.pt\/art\/wp-json\/wp\/v2\/tags?post=4626"}],"curies":[{"name":"wp","href":"https:\/\/api.w.org\/{rel}","templated":true}]}}