{"id":473,"date":"2016-04-01T22:00:30","date_gmt":"2016-04-01T22:00:30","guid":{"rendered":"http:\/\/arte351.pt\/art\/?p=473"},"modified":"2016-04-11T06:52:48","modified_gmt":"2016-04-11T06:52:48","slug":"adriana-varejao-em-ny","status":"publish","type":"post","link":"https:\/\/arte351.pt\/art\/2016\/04\/01\/adriana-varejao-em-ny\/","title":{"rendered":"Adriana Varej\u00e3o em NY"},"content":{"rendered":"<p style=\"text-align: justify;\">A partir de abril, a galeria nova iorquina Lehmann Maupin vai apresentar sua sexta exposi\u00e7\u00e3o individual da artista brasileira Adriana Varej\u00e3o. A exposi\u00e7\u00e3o traz obras de suas duas s\u00e9ries mais recentes: \u201cKindred Spirits\u201d, formada por 29 retratos da artista usando pinturas de rosto e ornamenta\u00e7\u00f5es de tribos nativas mescladas com interven\u00e7\u00f5es de artistas minimalistas e contempor\u00e2neos; e \u201cMimbres\u201d, obras que fazem refer\u00eancia \u00e0 cultura visual dos povos Mimbres, que habitavam o sudoeste americano no s\u00e9culo 11. Juntos, estes trabalhos corroboram o interesse de longa data de Adriana Varej\u00e3o pelos efeitos do colonialismo sobre a est\u00e9tica de identidade.<\/p>\n<p style=\"text-align: justify;\">Esta exposi\u00e7\u00e3o vem como uma continua\u00e7\u00e3o da individual da artista em 2015 no Dallas Contemporary, onde a artista voltou-se para a hist\u00f3ria da arte em busca de inspira\u00e7\u00e3o. Agora, reunindo obras destas duas s\u00e9ries, Adriana Varej\u00e3o mostra como a abordagem dos povos nativos americanos sobre linhas, cores e formas influenciaram a arte do s\u00e9culo 20, especialmente o Minimalismo. Ambos os corpos de trabalho tecem historias de tradi\u00e7\u00f5es art\u00edsticas distintas para enfatizar a evolu\u00e7\u00e3o constante e a troca de influ\u00eancias que moldam a cultura e a identidade.<\/p>\n<figure id=\"attachment_474\" class=\"thumbnail wp-caption alignright\" style=\"width: 310px\"><img fetchpriority=\"high\" decoding=\"async\" class=\"wp-image-474 size-medium\" src=\"https:\/\/arte351.pt\/art\/wp-content\/uploads\/2016\/04\/post_rrosa_351_001_01-300x174.jpg\" alt=\"\" width=\"300\" height=\"174\" srcset=\"https:\/\/arte351.pt\/art\/wp-content\/uploads\/2016\/04\/post_rrosa_351_001_01-300x174.jpg 300w, https:\/\/arte351.pt\/art\/wp-content\/uploads\/2016\/04\/post_rrosa_351_001_01.jpg 690w\" sizes=\"(max-width: 300px) 100vw, 300px\" \/><figcaption class=\"caption wp-caption-text\">Trabalho da artista ir\u00e1 estampar o Est\u00e1dio Aqu\u00e1tico, no Parque Ol\u00edmpico da Barra da Tijuca.<\/figcaption><\/figure>\n<p style=\"text-align: justify;\">Adriana Varej\u00e3o e Pedro Alonzo recebem os visitantes na galeria no dia 22 de abril, a partir das 17hs, para um bate-papo com entrada gratuita e aberto ao p\u00fablico em geral. A exposi\u00e7\u00e3o permanece at\u00e9 19 de junho.<\/p>\n<p style=\"text-align: justify;\">Em seguida, o trabalho de Adriana Varej\u00e3o ter\u00e1 um destaque especial durante os Jogos Ol\u00edmpicos de\u00a02016 no Rio de Janeiro.\u00a0A reprodu\u00e7\u00e3o de sua obra \u201cCelacanto produz maremoto\u201d, que lembra azulejos portugueses e est\u00e1 exposta em Inhotim, MG, Brasil, vai revestir a fachada do Est\u00e1dio Aqu\u00e1tico, no Parque Ol\u00edmpico da Barra da Tijuca.<\/p>\n<h5 style=\"text-align: justify;\"><em><a href=\"https:\/\/arte351.pt\/art\/category\/colunistas-2\/colunistas\/\"><img decoding=\"async\" class=\"alignleft wp-image-398\" src=\"https:\/\/arte351.pt\/art\/wp-content\/uploads\/2016\/03\/avatar_renato_rosa-300x300.jpg\" alt=\"avatar_renato_rosa\" width=\"80\" height=\"80\" srcset=\"https:\/\/arte351.pt\/art\/wp-content\/uploads\/2016\/03\/avatar_renato_rosa-300x300.jpg 300w, https:\/\/arte351.pt\/art\/wp-content\/uploads\/2016\/03\/avatar_renato_rosa-150x150.jpg 150w, https:\/\/arte351.pt\/art\/wp-content\/uploads\/2016\/03\/avatar_renato_rosa.jpg 600w\" sizes=\"(max-width: 80px) 100vw, 80px\" \/>Coluna &#8211; <b class=\"gmail_sendername\">Renato Rosa<\/b><\/a><\/em><\/h5>\n<div>\n<h5 style=\"text-align: justify;\">Renato Rosa, brasileiro, S\u00e3o Gabriel, RS, Brasil, 1946. Marchand, pesquisador, editor do jornal cultural O PARALELO do site <a href=\"http:\/\/www.bolsadearte.com\/oparalelo\" target=\"_blank\">www.bolsadearte.com\/<wbr \/>oparalelo<\/a>, co-autor do \u201cDicion\u00e1rio de Artes Pl\u00e1sticas no Rio Grande do Sul\u201d, (2\u00aa edi\u00e7\u00e3o, 2000, esgotada) Editora da Universidade\/UFRGS.<\/h5>\n<\/div>\n","protected":false},"excerpt":{"rendered":"<p>A partir de abril, a galeria nova iorquina Lehmann Maupin vai apresentar sua sexta exposi\u00e7\u00e3o individual da artista brasileira Adriana Varej\u00e3o. A exposi\u00e7\u00e3o traz obras de suas duas s\u00e9ries mais [&hellip;]<\/p>\n","protected":false},"author":34415,"featured_media":475,"comment_status":"open","ping_status":"open","sticky":false,"template":"","format":"standard","meta":{"_exactmetrics_skip_tracking":false,"_exactmetrics_sitenote_active":false,"_exactmetrics_sitenote_note":"","_exactmetrics_sitenote_category":0,"_uf_show_specific_survey":0,"_uf_disable_surveys":false,"footnotes":""},"categories":[7,8],"tags":[],"class_list":["post-473","post","type-post","status-publish","format-standard","has-post-thumbnail","hentry","category-colunistas","category-colunistas-2"],"yoast_head":"<!-- This site is optimized with the Yoast SEO plugin v27.3 - https:\/\/yoast.com\/product\/yoast-seo-wordpress\/ -->\n<title>Adriana Varej\u00e3o em NY - Arte351 - Art Magazine Portugal<\/title>\n<meta name=\"robots\" content=\"index, follow, max-snippet:-1, max-image-preview:large, max-video-preview:-1\" \/>\n<link rel=\"canonical\" href=\"https:\/\/arte351.pt\/art\/2016\/04\/01\/adriana-varejao-em-ny\/\" \/>\n<meta property=\"og:locale\" content=\"pt_BR\" \/>\n<meta property=\"og:type\" content=\"article\" \/>\n<meta property=\"og:title\" content=\"Adriana Varej\u00e3o em NY - Arte351 - Art Magazine Portugal\" \/>\n<meta property=\"og:description\" content=\"A partir de abril, a galeria nova iorquina Lehmann Maupin vai apresentar sua sexta exposi\u00e7\u00e3o individual da artista brasileira Adriana Varej\u00e3o. A exposi\u00e7\u00e3o traz obras de suas duas s\u00e9ries mais [&hellip;]\" \/>\n<meta property=\"og:url\" content=\"https:\/\/arte351.pt\/art\/2016\/04\/01\/adriana-varejao-em-ny\/\" \/>\n<meta property=\"og:site_name\" content=\"Arte351 - Art Magazine Portugal\" \/>\n<meta property=\"article:publisher\" content=\"https:\/\/www.facebook.com\/arte351magazine\/\" \/>\n<meta property=\"article:published_time\" content=\"2016-04-01T22:00:30+00:00\" \/>\n<meta property=\"article:modified_time\" content=\"2016-04-11T06:52:48+00:00\" \/>\n<meta property=\"og:image\" content=\"https:\/\/arte351.pt\/art\/wp-content\/uploads\/2016\/04\/post_rrosa_351_001.jpg\" \/>\n\t<meta property=\"og:image:width\" content=\"1280\" \/>\n\t<meta property=\"og:image:height\" content=\"550\" \/>\n\t<meta property=\"og:image:type\" content=\"image\/jpeg\" \/>\n<meta name=\"author\" content=\"Equipa Arte 351\" \/>\n<meta name=\"twitter:label1\" content=\"Escrito por\" \/>\n\t<meta name=\"twitter:data1\" content=\"Equipa Arte 351\" \/>\n\t<meta name=\"twitter:label2\" content=\"Est. tempo de leitura\" \/>\n\t<meta name=\"twitter:data2\" content=\"2 minutos\" \/>\n<script type=\"application\/ld+json\" class=\"yoast-schema-graph\">{\"@context\":\"https:\\\/\\\/schema.org\",\"@graph\":[{\"@type\":\"Article\",\"@id\":\"https:\\\/\\\/arte351.pt\\\/art\\\/2016\\\/04\\\/01\\\/adriana-varejao-em-ny\\\/#article\",\"isPartOf\":{\"@id\":\"https:\\\/\\\/arte351.pt\\\/art\\\/2016\\\/04\\\/01\\\/adriana-varejao-em-ny\\\/\"},\"author\":{\"name\":\"Equipa Arte 351\",\"@id\":\"https:\\\/\\\/arte351.pt\\\/art\\\/#\\\/schema\\\/person\\\/1d081d5dbc7c2a3f2317da95c823a5bd\"},\"headline\":\"Adriana Varej\u00e3o em NY\",\"datePublished\":\"2016-04-01T22:00:30+00:00\",\"dateModified\":\"2016-04-11T06:52:48+00:00\",\"mainEntityOfPage\":{\"@id\":\"https:\\\/\\\/arte351.pt\\\/art\\\/2016\\\/04\\\/01\\\/adriana-varejao-em-ny\\\/\"},\"wordCount\":374,\"commentCount\":0,\"publisher\":{\"@id\":\"https:\\\/\\\/arte351.pt\\\/art\\\/#organization\"},\"image\":{\"@id\":\"https:\\\/\\\/arte351.pt\\\/art\\\/2016\\\/04\\\/01\\\/adriana-varejao-em-ny\\\/#primaryimage\"},\"thumbnailUrl\":\"https:\\\/\\\/arte351.pt\\\/art\\\/wp-content\\\/uploads\\\/2016\\\/04\\\/post_rrosa_351_001.jpg\",\"articleSection\":[\"Coluna - Renato Rosa\",\"Colunistas\"],\"inLanguage\":\"pt-BR\",\"potentialAction\":[{\"@type\":\"CommentAction\",\"name\":\"Comment\",\"target\":[\"https:\\\/\\\/arte351.pt\\\/art\\\/2016\\\/04\\\/01\\\/adriana-varejao-em-ny\\\/#respond\"]}]},{\"@type\":\"WebPage\",\"@id\":\"https:\\\/\\\/arte351.pt\\\/art\\\/2016\\\/04\\\/01\\\/adriana-varejao-em-ny\\\/\",\"url\":\"https:\\\/\\\/arte351.pt\\\/art\\\/2016\\\/04\\\/01\\\/adriana-varejao-em-ny\\\/\",\"name\":\"Adriana Varej\u00e3o em NY - Arte351 - Art Magazine Portugal\",\"isPartOf\":{\"@id\":\"https:\\\/\\\/arte351.pt\\\/art\\\/#website\"},\"primaryImageOfPage\":{\"@id\":\"https:\\\/\\\/arte351.pt\\\/art\\\/2016\\\/04\\\/01\\\/adriana-varejao-em-ny\\\/#primaryimage\"},\"image\":{\"@id\":\"https:\\\/\\\/arte351.pt\\\/art\\\/2016\\\/04\\\/01\\\/adriana-varejao-em-ny\\\/#primaryimage\"},\"thumbnailUrl\":\"https:\\\/\\\/arte351.pt\\\/art\\\/wp-content\\\/uploads\\\/2016\\\/04\\\/post_rrosa_351_001.jpg\",\"datePublished\":\"2016-04-01T22:00:30+00:00\",\"dateModified\":\"2016-04-11T06:52:48+00:00\",\"breadcrumb\":{\"@id\":\"https:\\\/\\\/arte351.pt\\\/art\\\/2016\\\/04\\\/01\\\/adriana-varejao-em-ny\\\/#breadcrumb\"},\"inLanguage\":\"pt-BR\",\"potentialAction\":[{\"@type\":\"ReadAction\",\"target\":[\"https:\\\/\\\/arte351.pt\\\/art\\\/2016\\\/04\\\/01\\\/adriana-varejao-em-ny\\\/\"]}]},{\"@type\":\"ImageObject\",\"inLanguage\":\"pt-BR\",\"@id\":\"https:\\\/\\\/arte351.pt\\\/art\\\/2016\\\/04\\\/01\\\/adriana-varejao-em-ny\\\/#primaryimage\",\"url\":\"https:\\\/\\\/arte351.pt\\\/art\\\/wp-content\\\/uploads\\\/2016\\\/04\\\/post_rrosa_351_001.jpg\",\"contentUrl\":\"https:\\\/\\\/arte351.pt\\\/art\\\/wp-content\\\/uploads\\\/2016\\\/04\\\/post_rrosa_351_001.jpg\",\"width\":1280,\"height\":550},{\"@type\":\"BreadcrumbList\",\"@id\":\"https:\\\/\\\/arte351.pt\\\/art\\\/2016\\\/04\\\/01\\\/adriana-varejao-em-ny\\\/#breadcrumb\",\"itemListElement\":[{\"@type\":\"ListItem\",\"position\":1,\"name\":\"In\u00edcio\",\"item\":\"https:\\\/\\\/arte351.pt\\\/art\\\/\"},{\"@type\":\"ListItem\",\"position\":2,\"name\":\"Adriana Varej\u00e3o em NY\"}]},{\"@type\":\"WebSite\",\"@id\":\"https:\\\/\\\/arte351.pt\\\/art\\\/#website\",\"url\":\"https:\\\/\\\/arte351.pt\\\/art\\\/\",\"name\":\"Arte351 - Art Magazine Portugal\",\"description\":\"\",\"publisher\":{\"@id\":\"https:\\\/\\\/arte351.pt\\\/art\\\/#organization\"},\"potentialAction\":[{\"@type\":\"SearchAction\",\"target\":{\"@type\":\"EntryPoint\",\"urlTemplate\":\"https:\\\/\\\/arte351.pt\\\/art\\\/?s={search_term_string}\"},\"query-input\":{\"@type\":\"PropertyValueSpecification\",\"valueRequired\":true,\"valueName\":\"search_term_string\"}}],\"inLanguage\":\"pt-BR\"},{\"@type\":\"Organization\",\"@id\":\"https:\\\/\\\/arte351.pt\\\/art\\\/#organization\",\"name\":\"Arte351 - Art Magazine Portugal\",\"url\":\"https:\\\/\\\/arte351.pt\\\/art\\\/\",\"logo\":{\"@type\":\"ImageObject\",\"inLanguage\":\"pt-BR\",\"@id\":\"https:\\\/\\\/arte351.pt\\\/art\\\/#\\\/schema\\\/logo\\\/image\\\/\",\"url\":\"https:\\\/\\\/arte351.pt\\\/art\\\/wp-content\\\/uploads\\\/2020\\\/03\\\/cropped-logo-arte351-color.png\",\"contentUrl\":\"https:\\\/\\\/arte351.pt\\\/art\\\/wp-content\\\/uploads\\\/2020\\\/03\\\/cropped-logo-arte351-color.png\",\"width\":514,\"height\":200,\"caption\":\"Arte351 - Art Magazine Portugal\"},\"image\":{\"@id\":\"https:\\\/\\\/arte351.pt\\\/art\\\/#\\\/schema\\\/logo\\\/image\\\/\"},\"sameAs\":[\"https:\\\/\\\/www.facebook.com\\\/arte351magazine\\\/\"]},{\"@type\":\"Person\",\"@id\":\"https:\\\/\\\/arte351.pt\\\/art\\\/#\\\/schema\\\/person\\\/1d081d5dbc7c2a3f2317da95c823a5bd\",\"name\":\"Equipa Arte 351\",\"image\":{\"@type\":\"ImageObject\",\"inLanguage\":\"pt-BR\",\"@id\":\"https:\\\/\\\/secure.gravatar.com\\\/avatar\\\/3f97e62c832ede8fafe5d2f9e31f8a055e187b6b31056d1e065d95e034db52e2?s=96&d=mm&r=g\",\"url\":\"https:\\\/\\\/secure.gravatar.com\\\/avatar\\\/3f97e62c832ede8fafe5d2f9e31f8a055e187b6b31056d1e065d95e034db52e2?s=96&d=mm&r=g\",\"contentUrl\":\"https:\\\/\\\/secure.gravatar.com\\\/avatar\\\/3f97e62c832ede8fafe5d2f9e31f8a055e187b6b31056d1e065d95e034db52e2?s=96&d=mm&r=g\",\"caption\":\"Equipa Arte 351\"},\"url\":\"https:\\\/\\\/arte351.pt\\\/art\\\/author\\\/admin2\\\/\"}]}<\/script>\n<!-- \/ Yoast SEO plugin. -->","yoast_head_json":{"title":"Adriana Varej\u00e3o em NY - Arte351 - Art Magazine Portugal","robots":{"index":"index","follow":"follow","max-snippet":"max-snippet:-1","max-image-preview":"max-image-preview:large","max-video-preview":"max-video-preview:-1"},"canonical":"https:\/\/arte351.pt\/art\/2016\/04\/01\/adriana-varejao-em-ny\/","og_locale":"pt_BR","og_type":"article","og_title":"Adriana Varej\u00e3o em NY - Arte351 - Art Magazine Portugal","og_description":"A partir de abril, a galeria nova iorquina Lehmann Maupin vai apresentar sua sexta exposi\u00e7\u00e3o individual da artista brasileira Adriana Varej\u00e3o. A exposi\u00e7\u00e3o traz obras de suas duas s\u00e9ries mais [&hellip;]","og_url":"https:\/\/arte351.pt\/art\/2016\/04\/01\/adriana-varejao-em-ny\/","og_site_name":"Arte351 - Art Magazine Portugal","article_publisher":"https:\/\/www.facebook.com\/arte351magazine\/","article_published_time":"2016-04-01T22:00:30+00:00","article_modified_time":"2016-04-11T06:52:48+00:00","og_image":[{"width":1280,"height":550,"url":"https:\/\/arte351.pt\/art\/wp-content\/uploads\/2016\/04\/post_rrosa_351_001.jpg","type":"image\/jpeg"}],"author":"Equipa Arte 351","twitter_misc":{"Escrito por":"Equipa Arte 351","Est. tempo de leitura":"2 minutos"},"schema":{"@context":"https:\/\/schema.org","@graph":[{"@type":"Article","@id":"https:\/\/arte351.pt\/art\/2016\/04\/01\/adriana-varejao-em-ny\/#article","isPartOf":{"@id":"https:\/\/arte351.pt\/art\/2016\/04\/01\/adriana-varejao-em-ny\/"},"author":{"name":"Equipa Arte 351","@id":"https:\/\/arte351.pt\/art\/#\/schema\/person\/1d081d5dbc7c2a3f2317da95c823a5bd"},"headline":"Adriana Varej\u00e3o em NY","datePublished":"2016-04-01T22:00:30+00:00","dateModified":"2016-04-11T06:52:48+00:00","mainEntityOfPage":{"@id":"https:\/\/arte351.pt\/art\/2016\/04\/01\/adriana-varejao-em-ny\/"},"wordCount":374,"commentCount":0,"publisher":{"@id":"https:\/\/arte351.pt\/art\/#organization"},"image":{"@id":"https:\/\/arte351.pt\/art\/2016\/04\/01\/adriana-varejao-em-ny\/#primaryimage"},"thumbnailUrl":"https:\/\/arte351.pt\/art\/wp-content\/uploads\/2016\/04\/post_rrosa_351_001.jpg","articleSection":["Coluna - Renato Rosa","Colunistas"],"inLanguage":"pt-BR","potentialAction":[{"@type":"CommentAction","name":"Comment","target":["https:\/\/arte351.pt\/art\/2016\/04\/01\/adriana-varejao-em-ny\/#respond"]}]},{"@type":"WebPage","@id":"https:\/\/arte351.pt\/art\/2016\/04\/01\/adriana-varejao-em-ny\/","url":"https:\/\/arte351.pt\/art\/2016\/04\/01\/adriana-varejao-em-ny\/","name":"Adriana Varej\u00e3o em NY - Arte351 - Art Magazine Portugal","isPartOf":{"@id":"https:\/\/arte351.pt\/art\/#website"},"primaryImageOfPage":{"@id":"https:\/\/arte351.pt\/art\/2016\/04\/01\/adriana-varejao-em-ny\/#primaryimage"},"image":{"@id":"https:\/\/arte351.pt\/art\/2016\/04\/01\/adriana-varejao-em-ny\/#primaryimage"},"thumbnailUrl":"https:\/\/arte351.pt\/art\/wp-content\/uploads\/2016\/04\/post_rrosa_351_001.jpg","datePublished":"2016-04-01T22:00:30+00:00","dateModified":"2016-04-11T06:52:48+00:00","breadcrumb":{"@id":"https:\/\/arte351.pt\/art\/2016\/04\/01\/adriana-varejao-em-ny\/#breadcrumb"},"inLanguage":"pt-BR","potentialAction":[{"@type":"ReadAction","target":["https:\/\/arte351.pt\/art\/2016\/04\/01\/adriana-varejao-em-ny\/"]}]},{"@type":"ImageObject","inLanguage":"pt-BR","@id":"https:\/\/arte351.pt\/art\/2016\/04\/01\/adriana-varejao-em-ny\/#primaryimage","url":"https:\/\/arte351.pt\/art\/wp-content\/uploads\/2016\/04\/post_rrosa_351_001.jpg","contentUrl":"https:\/\/arte351.pt\/art\/wp-content\/uploads\/2016\/04\/post_rrosa_351_001.jpg","width":1280,"height":550},{"@type":"BreadcrumbList","@id":"https:\/\/arte351.pt\/art\/2016\/04\/01\/adriana-varejao-em-ny\/#breadcrumb","itemListElement":[{"@type":"ListItem","position":1,"name":"In\u00edcio","item":"https:\/\/arte351.pt\/art\/"},{"@type":"ListItem","position":2,"name":"Adriana Varej\u00e3o em NY"}]},{"@type":"WebSite","@id":"https:\/\/arte351.pt\/art\/#website","url":"https:\/\/arte351.pt\/art\/","name":"Arte351 - Art Magazine Portugal","description":"","publisher":{"@id":"https:\/\/arte351.pt\/art\/#organization"},"potentialAction":[{"@type":"SearchAction","target":{"@type":"EntryPoint","urlTemplate":"https:\/\/arte351.pt\/art\/?s={search_term_string}"},"query-input":{"@type":"PropertyValueSpecification","valueRequired":true,"valueName":"search_term_string"}}],"inLanguage":"pt-BR"},{"@type":"Organization","@id":"https:\/\/arte351.pt\/art\/#organization","name":"Arte351 - Art Magazine Portugal","url":"https:\/\/arte351.pt\/art\/","logo":{"@type":"ImageObject","inLanguage":"pt-BR","@id":"https:\/\/arte351.pt\/art\/#\/schema\/logo\/image\/","url":"https:\/\/arte351.pt\/art\/wp-content\/uploads\/2020\/03\/cropped-logo-arte351-color.png","contentUrl":"https:\/\/arte351.pt\/art\/wp-content\/uploads\/2020\/03\/cropped-logo-arte351-color.png","width":514,"height":200,"caption":"Arte351 - Art Magazine Portugal"},"image":{"@id":"https:\/\/arte351.pt\/art\/#\/schema\/logo\/image\/"},"sameAs":["https:\/\/www.facebook.com\/arte351magazine\/"]},{"@type":"Person","@id":"https:\/\/arte351.pt\/art\/#\/schema\/person\/1d081d5dbc7c2a3f2317da95c823a5bd","name":"Equipa Arte 351","image":{"@type":"ImageObject","inLanguage":"pt-BR","@id":"https:\/\/secure.gravatar.com\/avatar\/3f97e62c832ede8fafe5d2f9e31f8a055e187b6b31056d1e065d95e034db52e2?s=96&d=mm&r=g","url":"https:\/\/secure.gravatar.com\/avatar\/3f97e62c832ede8fafe5d2f9e31f8a055e187b6b31056d1e065d95e034db52e2?s=96&d=mm&r=g","contentUrl":"https:\/\/secure.gravatar.com\/avatar\/3f97e62c832ede8fafe5d2f9e31f8a055e187b6b31056d1e065d95e034db52e2?s=96&d=mm&r=g","caption":"Equipa Arte 351"},"url":"https:\/\/arte351.pt\/art\/author\/admin2\/"}]}},"_links":{"self":[{"href":"https:\/\/arte351.pt\/art\/wp-json\/wp\/v2\/posts\/473","targetHints":{"allow":["GET"]}}],"collection":[{"href":"https:\/\/arte351.pt\/art\/wp-json\/wp\/v2\/posts"}],"about":[{"href":"https:\/\/arte351.pt\/art\/wp-json\/wp\/v2\/types\/post"}],"author":[{"embeddable":true,"href":"https:\/\/arte351.pt\/art\/wp-json\/wp\/v2\/users\/34415"}],"replies":[{"embeddable":true,"href":"https:\/\/arte351.pt\/art\/wp-json\/wp\/v2\/comments?post=473"}],"version-history":[{"count":1,"href":"https:\/\/arte351.pt\/art\/wp-json\/wp\/v2\/posts\/473\/revisions"}],"predecessor-version":[{"id":476,"href":"https:\/\/arte351.pt\/art\/wp-json\/wp\/v2\/posts\/473\/revisions\/476"}],"wp:featuredmedia":[{"embeddable":true,"href":"https:\/\/arte351.pt\/art\/wp-json\/wp\/v2\/media\/475"}],"wp:attachment":[{"href":"https:\/\/arte351.pt\/art\/wp-json\/wp\/v2\/media?parent=473"}],"wp:term":[{"taxonomy":"category","embeddable":true,"href":"https:\/\/arte351.pt\/art\/wp-json\/wp\/v2\/categories?post=473"},{"taxonomy":"post_tag","embeddable":true,"href":"https:\/\/arte351.pt\/art\/wp-json\/wp\/v2\/tags?post=473"}],"curies":[{"name":"wp","href":"https:\/\/api.w.org\/{rel}","templated":true}]}}