{"id":477,"date":"2016-04-02T10:00:42","date_gmt":"2016-04-02T10:00:42","guid":{"rendered":"http:\/\/arte351.pt\/art\/?p=477"},"modified":"2016-04-11T07:06:45","modified_gmt":"2016-04-11T07:06:45","slug":"arte-jovem-2016","status":"publish","type":"post","link":"https:\/\/arte351.pt\/art\/2016\/04\/02\/arte-jovem-2016\/","title":{"rendered":"Arte Jovem 2016"},"content":{"rendered":"<p style=\"text-align: justify;\">O Carpe Diem Arte e Pesquisa lan\u00e7a, em 2016, um concurso-pr\u00e9mio nacional dirigido a alunos dos cursos de artes visuais (licenciaturas e mestrados) finalistas em 2016 e, tamb\u00e9m, a alunos que tenham terminado os cursos em 2015 ou 2014.<\/p>\n<p style=\"text-align: justify;\">Entre outros objectivos, este concurso pretende dar a conhecer as mais recentes propostas dos artistas que acabam de entrar no mundo arte; criar a oportunidade de realizar a primeira exposi\u00e7\u00e3o para apresenta\u00e7\u00e3o de trabalho; propor uma din\u00e2mica mais competitiva entre as escolas; cativar o mercado da arte, criando novas possibilidades de aquisi\u00e7\u00e3o por parte dos coleccionadores.<\/p>\n<p style=\"text-align: justify;\"><img fetchpriority=\"high\" decoding=\"async\" class=\"size-medium wp-image-479 alignleft\" src=\"https:\/\/arte351.pt\/art\/wp-content\/uploads\/2016\/04\/post_351_001_02-300x300.jpg\" alt=\"post_351_001_02\" width=\"300\" height=\"300\" srcset=\"https:\/\/arte351.pt\/art\/wp-content\/uploads\/2016\/04\/post_351_001_02-300x300.jpg 300w, https:\/\/arte351.pt\/art\/wp-content\/uploads\/2016\/04\/post_351_001_02-150x150.jpg 150w, https:\/\/arte351.pt\/art\/wp-content\/uploads\/2016\/04\/post_351_001_02.jpg 480w\" sizes=\"(max-width: 300px) 100vw, 300px\" \/>Para mais informa\u00e7\u00f5es, nomeadamente sobre a elegibilidade e processo de candidatura, consultar o Regulamento do concurso.<\/p>\n<p style=\"text-align: justify;\"><a href=\"http:\/\/www.carpe.pt\/sites\/carpe.pt\/files\/regulamento-ArteJovem2016.pdf\" target=\"_blank\"><strong>&gt;&gt; Acesse o Regulamento! &lt;&lt;<\/strong> <\/a><\/p>\n","protected":false},"excerpt":{"rendered":"<p>O Carpe Diem Arte e Pesquisa lan\u00e7a, em 2016, um concurso-pr\u00e9mio nacional dirigido a alunos dos cursos de artes visuais (licenciaturas e mestrados) finalistas em 2016 e, tamb\u00e9m, a alunos [&hellip;]<\/p>\n","protected":false},"author":34415,"featured_media":478,"comment_status":"open","ping_status":"open","sticky":false,"template":"","format":"standard","meta":{"_exactmetrics_skip_tracking":false,"_exactmetrics_sitenote_active":false,"_exactmetrics_sitenote_note":"","_exactmetrics_sitenote_category":0,"_uf_show_specific_survey":0,"_uf_disable_surveys":false,"footnotes":""},"categories":[1],"tags":[],"class_list":["post-477","post","type-post","status-publish","format-standard","has-post-thumbnail","hentry","category-sem-categoria"],"yoast_head":"<!-- This site is optimized with the Yoast SEO plugin v27.3 - https:\/\/yoast.com\/product\/yoast-seo-wordpress\/ -->\n<title>Arte Jovem 2016 - Arte351 - Art Magazine Portugal<\/title>\n<meta name=\"robots\" content=\"index, follow, max-snippet:-1, max-image-preview:large, max-video-preview:-1\" \/>\n<link rel=\"canonical\" href=\"https:\/\/arte351.pt\/art\/2016\/04\/02\/arte-jovem-2016\/\" \/>\n<meta property=\"og:locale\" content=\"pt_BR\" \/>\n<meta property=\"og:type\" content=\"article\" \/>\n<meta property=\"og:title\" content=\"Arte Jovem 2016 - Arte351 - Art Magazine Portugal\" \/>\n<meta property=\"og:description\" content=\"O Carpe Diem Arte e Pesquisa lan\u00e7a, em 2016, um concurso-pr\u00e9mio nacional dirigido a alunos dos cursos de artes visuais (licenciaturas e mestrados) finalistas em 2016 e, tamb\u00e9m, a alunos [&hellip;]\" \/>\n<meta property=\"og:url\" content=\"https:\/\/arte351.pt\/art\/2016\/04\/02\/arte-jovem-2016\/\" \/>\n<meta property=\"og:site_name\" content=\"Arte351 - Art Magazine Portugal\" \/>\n<meta property=\"article:publisher\" content=\"https:\/\/www.facebook.com\/arte351magazine\/\" \/>\n<meta property=\"article:published_time\" content=\"2016-04-02T10:00:42+00:00\" \/>\n<meta property=\"article:modified_time\" content=\"2016-04-11T07:06:45+00:00\" \/>\n<meta property=\"og:image\" content=\"https:\/\/arte351.pt\/art\/wp-content\/uploads\/2016\/04\/post_351_001_01.jpg\" \/>\n\t<meta property=\"og:image:width\" content=\"1280\" \/>\n\t<meta property=\"og:image:height\" content=\"550\" \/>\n\t<meta property=\"og:image:type\" content=\"image\/jpeg\" \/>\n<meta name=\"author\" content=\"Equipa Arte 351\" \/>\n<meta name=\"twitter:label1\" content=\"Escrito por\" \/>\n\t<meta name=\"twitter:data1\" content=\"Equipa Arte 351\" \/>\n\t<meta name=\"twitter:label2\" content=\"Est. tempo de leitura\" \/>\n\t<meta name=\"twitter:data2\" content=\"1 minuto\" \/>\n<script type=\"application\/ld+json\" class=\"yoast-schema-graph\">{\"@context\":\"https:\\\/\\\/schema.org\",\"@graph\":[{\"@type\":\"Article\",\"@id\":\"https:\\\/\\\/arte351.pt\\\/art\\\/2016\\\/04\\\/02\\\/arte-jovem-2016\\\/#article\",\"isPartOf\":{\"@id\":\"https:\\\/\\\/arte351.pt\\\/art\\\/2016\\\/04\\\/02\\\/arte-jovem-2016\\\/\"},\"author\":{\"name\":\"Equipa Arte 351\",\"@id\":\"https:\\\/\\\/arte351.pt\\\/art\\\/#\\\/schema\\\/person\\\/1d081d5dbc7c2a3f2317da95c823a5bd\"},\"headline\":\"Arte Jovem 2016\",\"datePublished\":\"2016-04-02T10:00:42+00:00\",\"dateModified\":\"2016-04-11T07:06:45+00:00\",\"mainEntityOfPage\":{\"@id\":\"https:\\\/\\\/arte351.pt\\\/art\\\/2016\\\/04\\\/02\\\/arte-jovem-2016\\\/\"},\"wordCount\":124,\"commentCount\":1,\"publisher\":{\"@id\":\"https:\\\/\\\/arte351.pt\\\/art\\\/#organization\"},\"image\":{\"@id\":\"https:\\\/\\\/arte351.pt\\\/art\\\/2016\\\/04\\\/02\\\/arte-jovem-2016\\\/#primaryimage\"},\"thumbnailUrl\":\"https:\\\/\\\/arte351.pt\\\/art\\\/wp-content\\\/uploads\\\/2016\\\/04\\\/post_351_001_01.jpg\",\"articleSection\":[\"Blog ARTE-351\"],\"inLanguage\":\"pt-BR\",\"potentialAction\":[{\"@type\":\"CommentAction\",\"name\":\"Comment\",\"target\":[\"https:\\\/\\\/arte351.pt\\\/art\\\/2016\\\/04\\\/02\\\/arte-jovem-2016\\\/#respond\"]}]},{\"@type\":\"WebPage\",\"@id\":\"https:\\\/\\\/arte351.pt\\\/art\\\/2016\\\/04\\\/02\\\/arte-jovem-2016\\\/\",\"url\":\"https:\\\/\\\/arte351.pt\\\/art\\\/2016\\\/04\\\/02\\\/arte-jovem-2016\\\/\",\"name\":\"Arte Jovem 2016 - Arte351 - Art Magazine Portugal\",\"isPartOf\":{\"@id\":\"https:\\\/\\\/arte351.pt\\\/art\\\/#website\"},\"primaryImageOfPage\":{\"@id\":\"https:\\\/\\\/arte351.pt\\\/art\\\/2016\\\/04\\\/02\\\/arte-jovem-2016\\\/#primaryimage\"},\"image\":{\"@id\":\"https:\\\/\\\/arte351.pt\\\/art\\\/2016\\\/04\\\/02\\\/arte-jovem-2016\\\/#primaryimage\"},\"thumbnailUrl\":\"https:\\\/\\\/arte351.pt\\\/art\\\/wp-content\\\/uploads\\\/2016\\\/04\\\/post_351_001_01.jpg\",\"datePublished\":\"2016-04-02T10:00:42+00:00\",\"dateModified\":\"2016-04-11T07:06:45+00:00\",\"breadcrumb\":{\"@id\":\"https:\\\/\\\/arte351.pt\\\/art\\\/2016\\\/04\\\/02\\\/arte-jovem-2016\\\/#breadcrumb\"},\"inLanguage\":\"pt-BR\",\"potentialAction\":[{\"@type\":\"ReadAction\",\"target\":[\"https:\\\/\\\/arte351.pt\\\/art\\\/2016\\\/04\\\/02\\\/arte-jovem-2016\\\/\"]}]},{\"@type\":\"ImageObject\",\"inLanguage\":\"pt-BR\",\"@id\":\"https:\\\/\\\/arte351.pt\\\/art\\\/2016\\\/04\\\/02\\\/arte-jovem-2016\\\/#primaryimage\",\"url\":\"https:\\\/\\\/arte351.pt\\\/art\\\/wp-content\\\/uploads\\\/2016\\\/04\\\/post_351_001_01.jpg\",\"contentUrl\":\"https:\\\/\\\/arte351.pt\\\/art\\\/wp-content\\\/uploads\\\/2016\\\/04\\\/post_351_001_01.jpg\",\"width\":1280,\"height\":550},{\"@type\":\"BreadcrumbList\",\"@id\":\"https:\\\/\\\/arte351.pt\\\/art\\\/2016\\\/04\\\/02\\\/arte-jovem-2016\\\/#breadcrumb\",\"itemListElement\":[{\"@type\":\"ListItem\",\"position\":1,\"name\":\"In\u00edcio\",\"item\":\"https:\\\/\\\/arte351.pt\\\/art\\\/\"},{\"@type\":\"ListItem\",\"position\":2,\"name\":\"Arte Jovem 2016\"}]},{\"@type\":\"WebSite\",\"@id\":\"https:\\\/\\\/arte351.pt\\\/art\\\/#website\",\"url\":\"https:\\\/\\\/arte351.pt\\\/art\\\/\",\"name\":\"Arte351 - Art Magazine Portugal\",\"description\":\"\",\"publisher\":{\"@id\":\"https:\\\/\\\/arte351.pt\\\/art\\\/#organization\"},\"potentialAction\":[{\"@type\":\"SearchAction\",\"target\":{\"@type\":\"EntryPoint\",\"urlTemplate\":\"https:\\\/\\\/arte351.pt\\\/art\\\/?s={search_term_string}\"},\"query-input\":{\"@type\":\"PropertyValueSpecification\",\"valueRequired\":true,\"valueName\":\"search_term_string\"}}],\"inLanguage\":\"pt-BR\"},{\"@type\":\"Organization\",\"@id\":\"https:\\\/\\\/arte351.pt\\\/art\\\/#organization\",\"name\":\"Arte351 - Art Magazine Portugal\",\"url\":\"https:\\\/\\\/arte351.pt\\\/art\\\/\",\"logo\":{\"@type\":\"ImageObject\",\"inLanguage\":\"pt-BR\",\"@id\":\"https:\\\/\\\/arte351.pt\\\/art\\\/#\\\/schema\\\/logo\\\/image\\\/\",\"url\":\"https:\\\/\\\/arte351.pt\\\/art\\\/wp-content\\\/uploads\\\/2020\\\/03\\\/cropped-logo-arte351-color.png\",\"contentUrl\":\"https:\\\/\\\/arte351.pt\\\/art\\\/wp-content\\\/uploads\\\/2020\\\/03\\\/cropped-logo-arte351-color.png\",\"width\":514,\"height\":200,\"caption\":\"Arte351 - Art Magazine Portugal\"},\"image\":{\"@id\":\"https:\\\/\\\/arte351.pt\\\/art\\\/#\\\/schema\\\/logo\\\/image\\\/\"},\"sameAs\":[\"https:\\\/\\\/www.facebook.com\\\/arte351magazine\\\/\"]},{\"@type\":\"Person\",\"@id\":\"https:\\\/\\\/arte351.pt\\\/art\\\/#\\\/schema\\\/person\\\/1d081d5dbc7c2a3f2317da95c823a5bd\",\"name\":\"Equipa Arte 351\",\"image\":{\"@type\":\"ImageObject\",\"inLanguage\":\"pt-BR\",\"@id\":\"https:\\\/\\\/secure.gravatar.com\\\/avatar\\\/3f97e62c832ede8fafe5d2f9e31f8a055e187b6b31056d1e065d95e034db52e2?s=96&d=mm&r=g\",\"url\":\"https:\\\/\\\/secure.gravatar.com\\\/avatar\\\/3f97e62c832ede8fafe5d2f9e31f8a055e187b6b31056d1e065d95e034db52e2?s=96&d=mm&r=g\",\"contentUrl\":\"https:\\\/\\\/secure.gravatar.com\\\/avatar\\\/3f97e62c832ede8fafe5d2f9e31f8a055e187b6b31056d1e065d95e034db52e2?s=96&d=mm&r=g\",\"caption\":\"Equipa Arte 351\"},\"url\":\"https:\\\/\\\/arte351.pt\\\/art\\\/author\\\/admin2\\\/\"}]}<\/script>\n<!-- \/ Yoast SEO plugin. -->","yoast_head_json":{"title":"Arte Jovem 2016 - Arte351 - Art Magazine Portugal","robots":{"index":"index","follow":"follow","max-snippet":"max-snippet:-1","max-image-preview":"max-image-preview:large","max-video-preview":"max-video-preview:-1"},"canonical":"https:\/\/arte351.pt\/art\/2016\/04\/02\/arte-jovem-2016\/","og_locale":"pt_BR","og_type":"article","og_title":"Arte Jovem 2016 - Arte351 - Art Magazine Portugal","og_description":"O Carpe Diem Arte e Pesquisa lan\u00e7a, em 2016, um concurso-pr\u00e9mio nacional dirigido a alunos dos cursos de artes visuais (licenciaturas e mestrados) finalistas em 2016 e, tamb\u00e9m, a alunos [&hellip;]","og_url":"https:\/\/arte351.pt\/art\/2016\/04\/02\/arte-jovem-2016\/","og_site_name":"Arte351 - Art Magazine Portugal","article_publisher":"https:\/\/www.facebook.com\/arte351magazine\/","article_published_time":"2016-04-02T10:00:42+00:00","article_modified_time":"2016-04-11T07:06:45+00:00","og_image":[{"width":1280,"height":550,"url":"https:\/\/arte351.pt\/art\/wp-content\/uploads\/2016\/04\/post_351_001_01.jpg","type":"image\/jpeg"}],"author":"Equipa Arte 351","twitter_misc":{"Escrito por":"Equipa Arte 351","Est. tempo de leitura":"1 minuto"},"schema":{"@context":"https:\/\/schema.org","@graph":[{"@type":"Article","@id":"https:\/\/arte351.pt\/art\/2016\/04\/02\/arte-jovem-2016\/#article","isPartOf":{"@id":"https:\/\/arte351.pt\/art\/2016\/04\/02\/arte-jovem-2016\/"},"author":{"name":"Equipa Arte 351","@id":"https:\/\/arte351.pt\/art\/#\/schema\/person\/1d081d5dbc7c2a3f2317da95c823a5bd"},"headline":"Arte Jovem 2016","datePublished":"2016-04-02T10:00:42+00:00","dateModified":"2016-04-11T07:06:45+00:00","mainEntityOfPage":{"@id":"https:\/\/arte351.pt\/art\/2016\/04\/02\/arte-jovem-2016\/"},"wordCount":124,"commentCount":1,"publisher":{"@id":"https:\/\/arte351.pt\/art\/#organization"},"image":{"@id":"https:\/\/arte351.pt\/art\/2016\/04\/02\/arte-jovem-2016\/#primaryimage"},"thumbnailUrl":"https:\/\/arte351.pt\/art\/wp-content\/uploads\/2016\/04\/post_351_001_01.jpg","articleSection":["Blog ARTE-351"],"inLanguage":"pt-BR","potentialAction":[{"@type":"CommentAction","name":"Comment","target":["https:\/\/arte351.pt\/art\/2016\/04\/02\/arte-jovem-2016\/#respond"]}]},{"@type":"WebPage","@id":"https:\/\/arte351.pt\/art\/2016\/04\/02\/arte-jovem-2016\/","url":"https:\/\/arte351.pt\/art\/2016\/04\/02\/arte-jovem-2016\/","name":"Arte Jovem 2016 - Arte351 - Art Magazine Portugal","isPartOf":{"@id":"https:\/\/arte351.pt\/art\/#website"},"primaryImageOfPage":{"@id":"https:\/\/arte351.pt\/art\/2016\/04\/02\/arte-jovem-2016\/#primaryimage"},"image":{"@id":"https:\/\/arte351.pt\/art\/2016\/04\/02\/arte-jovem-2016\/#primaryimage"},"thumbnailUrl":"https:\/\/arte351.pt\/art\/wp-content\/uploads\/2016\/04\/post_351_001_01.jpg","datePublished":"2016-04-02T10:00:42+00:00","dateModified":"2016-04-11T07:06:45+00:00","breadcrumb":{"@id":"https:\/\/arte351.pt\/art\/2016\/04\/02\/arte-jovem-2016\/#breadcrumb"},"inLanguage":"pt-BR","potentialAction":[{"@type":"ReadAction","target":["https:\/\/arte351.pt\/art\/2016\/04\/02\/arte-jovem-2016\/"]}]},{"@type":"ImageObject","inLanguage":"pt-BR","@id":"https:\/\/arte351.pt\/art\/2016\/04\/02\/arte-jovem-2016\/#primaryimage","url":"https:\/\/arte351.pt\/art\/wp-content\/uploads\/2016\/04\/post_351_001_01.jpg","contentUrl":"https:\/\/arte351.pt\/art\/wp-content\/uploads\/2016\/04\/post_351_001_01.jpg","width":1280,"height":550},{"@type":"BreadcrumbList","@id":"https:\/\/arte351.pt\/art\/2016\/04\/02\/arte-jovem-2016\/#breadcrumb","itemListElement":[{"@type":"ListItem","position":1,"name":"In\u00edcio","item":"https:\/\/arte351.pt\/art\/"},{"@type":"ListItem","position":2,"name":"Arte Jovem 2016"}]},{"@type":"WebSite","@id":"https:\/\/arte351.pt\/art\/#website","url":"https:\/\/arte351.pt\/art\/","name":"Arte351 - Art Magazine Portugal","description":"","publisher":{"@id":"https:\/\/arte351.pt\/art\/#organization"},"potentialAction":[{"@type":"SearchAction","target":{"@type":"EntryPoint","urlTemplate":"https:\/\/arte351.pt\/art\/?s={search_term_string}"},"query-input":{"@type":"PropertyValueSpecification","valueRequired":true,"valueName":"search_term_string"}}],"inLanguage":"pt-BR"},{"@type":"Organization","@id":"https:\/\/arte351.pt\/art\/#organization","name":"Arte351 - Art Magazine Portugal","url":"https:\/\/arte351.pt\/art\/","logo":{"@type":"ImageObject","inLanguage":"pt-BR","@id":"https:\/\/arte351.pt\/art\/#\/schema\/logo\/image\/","url":"https:\/\/arte351.pt\/art\/wp-content\/uploads\/2020\/03\/cropped-logo-arte351-color.png","contentUrl":"https:\/\/arte351.pt\/art\/wp-content\/uploads\/2020\/03\/cropped-logo-arte351-color.png","width":514,"height":200,"caption":"Arte351 - Art Magazine Portugal"},"image":{"@id":"https:\/\/arte351.pt\/art\/#\/schema\/logo\/image\/"},"sameAs":["https:\/\/www.facebook.com\/arte351magazine\/"]},{"@type":"Person","@id":"https:\/\/arte351.pt\/art\/#\/schema\/person\/1d081d5dbc7c2a3f2317da95c823a5bd","name":"Equipa Arte 351","image":{"@type":"ImageObject","inLanguage":"pt-BR","@id":"https:\/\/secure.gravatar.com\/avatar\/3f97e62c832ede8fafe5d2f9e31f8a055e187b6b31056d1e065d95e034db52e2?s=96&d=mm&r=g","url":"https:\/\/secure.gravatar.com\/avatar\/3f97e62c832ede8fafe5d2f9e31f8a055e187b6b31056d1e065d95e034db52e2?s=96&d=mm&r=g","contentUrl":"https:\/\/secure.gravatar.com\/avatar\/3f97e62c832ede8fafe5d2f9e31f8a055e187b6b31056d1e065d95e034db52e2?s=96&d=mm&r=g","caption":"Equipa Arte 351"},"url":"https:\/\/arte351.pt\/art\/author\/admin2\/"}]}},"_links":{"self":[{"href":"https:\/\/arte351.pt\/art\/wp-json\/wp\/v2\/posts\/477","targetHints":{"allow":["GET"]}}],"collection":[{"href":"https:\/\/arte351.pt\/art\/wp-json\/wp\/v2\/posts"}],"about":[{"href":"https:\/\/arte351.pt\/art\/wp-json\/wp\/v2\/types\/post"}],"author":[{"embeddable":true,"href":"https:\/\/arte351.pt\/art\/wp-json\/wp\/v2\/users\/34415"}],"replies":[{"embeddable":true,"href":"https:\/\/arte351.pt\/art\/wp-json\/wp\/v2\/comments?post=477"}],"version-history":[{"count":1,"href":"https:\/\/arte351.pt\/art\/wp-json\/wp\/v2\/posts\/477\/revisions"}],"predecessor-version":[{"id":480,"href":"https:\/\/arte351.pt\/art\/wp-json\/wp\/v2\/posts\/477\/revisions\/480"}],"wp:featuredmedia":[{"embeddable":true,"href":"https:\/\/arte351.pt\/art\/wp-json\/wp\/v2\/media\/478"}],"wp:attachment":[{"href":"https:\/\/arte351.pt\/art\/wp-json\/wp\/v2\/media?parent=477"}],"wp:term":[{"taxonomy":"category","embeddable":true,"href":"https:\/\/arte351.pt\/art\/wp-json\/wp\/v2\/categories?post=477"},{"taxonomy":"post_tag","embeddable":true,"href":"https:\/\/arte351.pt\/art\/wp-json\/wp\/v2\/tags?post=477"}],"curies":[{"name":"wp","href":"https:\/\/api.w.org\/{rel}","templated":true}]}}