{"id":4991,"date":"2021-05-22T14:03:00","date_gmt":"2021-05-22T14:03:00","guid":{"rendered":"https:\/\/arte351.pt\/art\/?p=4991"},"modified":"2021-05-15T13:20:21","modified_gmt":"2021-05-15T13:20:21","slug":"filmes-ineditos-de-wong-kar-wai-estreiam-copias-digitais-restauradas-4k","status":"publish","type":"post","link":"https:\/\/arte351.pt\/art\/2021\/05\/22\/filmes-ineditos-de-wong-kar-wai-estreiam-copias-digitais-restauradas-4k\/","title":{"rendered":"Filmes in\u00e9ditos de Wong Kar Wai estreiam c\u00f3pias digitais restauradas 4K"},"content":{"rendered":"<h2><b><span>Os dois primeiros filmes do realizador de Hong Kong estreiam nas salas do Cinema Medeia Nimas e Teatro Campo Alegre, a 27 de Maio.<\/span><\/b><\/h2>\n<p><strong>AS TEARS GO BY \u2013 AO SABOR DA AMBI\u00c7\u00c3O<\/strong> e <strong>DAYS OF BEING WILD \u2013 DIAS SELVAGENS<\/strong> s\u00e3o os dois filmes in\u00e9ditos comercialmente em Portugal, do consagrado Wong Kar Wai, um dos autores determinantes do <a href=\"https:\/\/arte351.pt\/art\/tag\/cinema\/\">cinema<\/a> contempor\u00e2neo, pela <a href=\"https:\/\/leopardofilmes.com\/\">Leopardo Filmes<\/a>.<\/p>\n<p>Al\u00e9m do <strong>Cinema Nimas<\/strong>, em Lisboa, e do <strong>Teatro Campo Alegre<\/strong>, no Porto, o ciclo <strong>O Mundo de Wong Kar Wai<\/strong> contar\u00e1 com exibi\u00e7\u00f5es no <strong>Cinema Charlot<\/strong>, em Set\u00fabal; no <strong>Teatro Acad\u00e9mico de Gil Vicente<\/strong>, em Coimbra; no <strong>Theatro Circo de Braga<\/strong>; e no <strong>Centro de Artes e Espect\u00e1culos<\/strong> da Figueira da Foz.<\/p>\n<p>Exibido no Festival de Cannes 1989 e premiado no Cinema de Hong Kong 1989, por ter a melhor Direc\u00e7\u00e3o Art\u00edstica e o melhor actor secund\u00e1rio (Jacky Cheung),\u00a0As<strong> Tears Go By \u2013 Ao Sabor da Ambi\u00e7\u00e3o (1988) <\/strong>revelou-se um sucesso comercial entre a cr\u00edtica em Hong Kong e marca a sua primeira colabora\u00e7\u00e3o n\u00e3o s\u00f3 com Chang, mas tamb\u00e9m com uma actriz que viria a participar em v\u00e1rios dos seus filmes, Maggie Cheung.<\/p>\n<p>O filme \u00e9 a primeira longa-metragem do mestre de Hong Kong, na qual aparecem j\u00e1 as figuras e linguagem que se tornaram nas suas imagens de marca e de gl\u00f3ria. In\u00e9dito em Fran\u00e7a, tornou-se num filme de culto antes mesmo de ter sido visto, precisamente pelo longo per\u00edodo de inacessibilidade e talvez tamb\u00e9m pelo seu t\u00edtulo (que partilha com uma c\u00e9lebre can\u00e7\u00e3o dos Rolling Stones).<\/p>\n<p><strong>As Tears Go By \u2013 Ao Sabor da Ambi\u00e7\u00e3o<\/strong> \u00e9 um filme de g\u00e9nero, um thriller no mundo das tr\u00edades, mais pr\u00f3ximo de Mean Streets \u2013 Os Cavaleiros do Asfalto ou de John Woo do que de 2046.<\/p>\n<p>A partir de<strong> As Tears Go By<\/strong>, repleto de luzes cruas e n\u00e9on, Wong reage em <strong>Days of Being Wild \u2013 Dias Selvagens (1990)<\/strong>, com um filme \u201cmonocrom\u00e1tico\u201d, quase drenado de luz. Todo o filme se passa \u00e0 volta de uma permanente desordem sexual, num clima de estufa abafado, onde os indiv\u00edduos n\u00e3o revelam os seus segredos e acabam por se assemelhar a plantas carn\u00edvoras afogadas numa incr\u00edvel luz verde. Sinal desta metamorfose vegetal do mundo (perpetuamente encharcado por chuvas), \u00e9 o magnifico plano de abertura, que sobrevoa um palmeiral, plano que voltar\u00e1 v\u00e1rias vezes a assombrar o filme como uma poss\u00edvel chave da psique das personagens.<\/p>\n<p>Wong faz adi\u00e7\u00f5es ao seu leque de colaboradores e trabalha pela primeira vez com os actores Leslie Cheung e Tony Leung, e com o fot\u00f3grafo Christohper Doyle. A produ\u00e7\u00e3o de <strong>Days of Being Wild<\/strong> foi turbulenta e os planos para uma segunda parte do filme foram, eventualmente, descartados. Ap\u00f3s a estreia do filme, Wong Kar Wai fundou a sua pr\u00f3pria produtora, Jet Tone.<\/p>\n<h3>AS TEARS GO BY &#8211; AO SABOR DA AMBI\u00c7\u00c3O (1988), Wong Kar Wai<\/h3>\n<p>Com Andy Lau, Maggie Cheung, Jacky Cheung<\/p>\n<p>Hong Kong, China 1h42 | M\/16<\/p>\n<p>O primeiro filme de Wong Kar Wai, Ao Sabor da Ambi\u00e7\u00e3o, in\u00e9dito em sala em Portugal, \u00e9 um filme de gangsters \u00e0 la Scorsese que tem lugar nas ruas de Mongkok, em Hong Kong. Andy Lau interpreta um baixo funcion\u00e1rio da m\u00e1fia, dividido entre um romance florescente com a sua prima (Maggie Cheung, na primeira de v\u00e1rias colabora\u00e7\u00f5es com o cineasta) e a sua lealdade para com o seu impulsivo parceiro de crime (Jacky Cheung), cujas tentativas imprudentes de ganhar reconhecimento resultam num ciclo de viol\u00eancia que parece n\u00e3o ter fim. Introdu\u00e7\u00e3o do autor \u00e0quele que se tornaria o seu inconfund\u00edvel estilo visual, o filme fez furor em Cannes pela singularidade dos seus cen\u00e1rios impressionistas e romantismo profano.<\/p>\n<h3>DAYS OF BEING WILD DIAS SELVAGENS (1990), Wong Kar Wai<\/h3>\n<p>Com Leslie Cheung, Maggie Cheung, Andy Lau, Rebecca Pan<\/p>\n<p>Hong Kong, China 1h34 | M\/12<\/p>\n<p>Ao segundo filme, tamb\u00e9m in\u00e9dito em sala em Portugal, o arrebatador Dias Selvagens, uma hist\u00f3ria de insaci\u00e1vel desejo rom\u00e2ntico na Hong Kong dos anos 1960, WKW abre um caminho triunfal. Um grupo de jovens, inst\u00e1veis e cool, com vinte e poucos anos (um \u2018quebra-cora\u00e7\u00f5es\u2019 insatisfeito \u00e0 procura da sua m\u00e3e biol\u00f3gica, uma rapariga desesperadamente enamorada por ele e a sentir que o seu amor n\u00e3o \u00e9 correspondido, um pol\u00edcia apanhado no meio desta turbulenta rela\u00e7\u00e3o), partilham noites e cigarros, numa obra \u201csobre a beleza, o tempo, o desejo e muitos tons de verde\u201d (Manohla Dargis), primeira das muitas e decisivas colabora\u00e7\u00f5es de WKW com o director de fotografia Christopher Doyle.<\/p>\n","protected":false},"excerpt":{"rendered":"<p>Os dois primeiros filmes do realizador de Hong Kong estreiam nas salas do Cinema Medeia Nimas e Teatro Campo Alegre, a 27 de Maio. AS TEARS GO BY \u2013 AO [&hellip;]<\/p>\n","protected":false},"author":3,"featured_media":5019,"comment_status":"closed","ping_status":"closed","sticky":false,"template":"","format":"standard","meta":{"_exactmetrics_skip_tracking":false,"_exactmetrics_sitenote_active":false,"_exactmetrics_sitenote_note":"","_exactmetrics_sitenote_category":0,"_uf_show_specific_survey":0,"_uf_disable_surveys":false,"footnotes":""},"categories":[419],"tags":[1196,972,1197,1195],"class_list":["post-4991","post","type-post","status-publish","format-standard","has-post-thumbnail","hentry","category-cinema","tag-cinema-nimas","tag-leopardo-filmes","tag-teatro-campo-alegre","tag-wong-kar-wai"],"yoast_head":"<!-- This site is optimized with the Yoast SEO plugin v27.3 - https:\/\/yoast.com\/product\/yoast-seo-wordpress\/ -->\n<title>Filmes in\u00e9ditos de Wong Kar Wai estreiam c\u00f3pias digitais restauradas 4K<\/title>\n<meta name=\"description\" content=\"DA AMBI\u00c7\u00c3O e DAYS OF BEING WILD \u2013 DIAS SELVAGENS s\u00e3o os dois filmes in\u00e9ditos comercialmente em Portugal, do consagrado Wong Kar Wai...\" \/>\n<meta name=\"robots\" content=\"index, follow, max-snippet:-1, max-image-preview:large, max-video-preview:-1\" \/>\n<link rel=\"canonical\" href=\"https:\/\/arte351.pt\/art\/2021\/05\/22\/filmes-ineditos-de-wong-kar-wai-estreiam-copias-digitais-restauradas-4k\/\" \/>\n<meta property=\"og:locale\" content=\"pt_BR\" \/>\n<meta property=\"og:type\" content=\"article\" \/>\n<meta property=\"og:title\" content=\"Filmes in\u00e9ditos de Wong Kar Wai estreiam c\u00f3pias digitais restauradas 4K\" \/>\n<meta property=\"og:description\" content=\"DA AMBI\u00c7\u00c3O e DAYS OF BEING WILD \u2013 DIAS SELVAGENS s\u00e3o os dois filmes in\u00e9ditos comercialmente em Portugal, do consagrado Wong Kar Wai...\" \/>\n<meta property=\"og:url\" content=\"https:\/\/arte351.pt\/art\/2021\/05\/22\/filmes-ineditos-de-wong-kar-wai-estreiam-copias-digitais-restauradas-4k\/\" \/>\n<meta property=\"og:site_name\" content=\"Arte351 - Art Magazine Portugal\" \/>\n<meta property=\"article:publisher\" content=\"https:\/\/www.facebook.com\/arte351magazine\/\" \/>\n<meta property=\"article:published_time\" content=\"2021-05-22T14:03:00+00:00\" \/>\n<meta property=\"og:image\" content=\"https:\/\/arte351.pt\/art\/wp-content\/uploads\/2021\/05\/Wong-Kar-Wai.jpg\" \/>\n\t<meta property=\"og:image:width\" content=\"1200\" \/>\n\t<meta property=\"og:image:height\" content=\"578\" \/>\n\t<meta property=\"og:image:type\" content=\"image\/jpeg\" \/>\n<meta name=\"author\" content=\"Equipa Arte351\" \/>\n<meta name=\"twitter:label1\" content=\"Escrito por\" \/>\n\t<meta name=\"twitter:data1\" content=\"Equipa Arte351\" \/>\n\t<meta name=\"twitter:label2\" content=\"Est. tempo de leitura\" \/>\n\t<meta name=\"twitter:data2\" content=\"4 minutos\" \/>\n<script type=\"application\/ld+json\" class=\"yoast-schema-graph\">{\"@context\":\"https:\\\/\\\/schema.org\",\"@graph\":[{\"@type\":\"Article\",\"@id\":\"https:\\\/\\\/arte351.pt\\\/art\\\/2021\\\/05\\\/22\\\/filmes-ineditos-de-wong-kar-wai-estreiam-copias-digitais-restauradas-4k\\\/#article\",\"isPartOf\":{\"@id\":\"https:\\\/\\\/arte351.pt\\\/art\\\/2021\\\/05\\\/22\\\/filmes-ineditos-de-wong-kar-wai-estreiam-copias-digitais-restauradas-4k\\\/\"},\"author\":{\"name\":\"Equipa Arte351\",\"@id\":\"https:\\\/\\\/arte351.pt\\\/art\\\/#\\\/schema\\\/person\\\/f2cfae59497206be61c53c217757b930\"},\"headline\":\"Filmes in\u00e9ditos de Wong Kar Wai estreiam c\u00f3pias digitais restauradas 4K\",\"datePublished\":\"2021-05-22T14:03:00+00:00\",\"mainEntityOfPage\":{\"@id\":\"https:\\\/\\\/arte351.pt\\\/art\\\/2021\\\/05\\\/22\\\/filmes-ineditos-de-wong-kar-wai-estreiam-copias-digitais-restauradas-4k\\\/\"},\"wordCount\":798,\"publisher\":{\"@id\":\"https:\\\/\\\/arte351.pt\\\/art\\\/#organization\"},\"image\":{\"@id\":\"https:\\\/\\\/arte351.pt\\\/art\\\/2021\\\/05\\\/22\\\/filmes-ineditos-de-wong-kar-wai-estreiam-copias-digitais-restauradas-4k\\\/#primaryimage\"},\"thumbnailUrl\":\"https:\\\/\\\/arte351.pt\\\/art\\\/wp-content\\\/uploads\\\/2021\\\/05\\\/Wong-Kar-Wai.jpg\",\"keywords\":[\"Cinema Nimas\",\"Leopardo Filmes\",\"Teatro Campo Alegre\",\"Wong Kar Wai\"],\"articleSection\":[\"Cinema\"],\"inLanguage\":\"pt-BR\"},{\"@type\":\"WebPage\",\"@id\":\"https:\\\/\\\/arte351.pt\\\/art\\\/2021\\\/05\\\/22\\\/filmes-ineditos-de-wong-kar-wai-estreiam-copias-digitais-restauradas-4k\\\/\",\"url\":\"https:\\\/\\\/arte351.pt\\\/art\\\/2021\\\/05\\\/22\\\/filmes-ineditos-de-wong-kar-wai-estreiam-copias-digitais-restauradas-4k\\\/\",\"name\":\"Filmes in\u00e9ditos de Wong Kar Wai estreiam c\u00f3pias digitais restauradas 4K\",\"isPartOf\":{\"@id\":\"https:\\\/\\\/arte351.pt\\\/art\\\/#website\"},\"primaryImageOfPage\":{\"@id\":\"https:\\\/\\\/arte351.pt\\\/art\\\/2021\\\/05\\\/22\\\/filmes-ineditos-de-wong-kar-wai-estreiam-copias-digitais-restauradas-4k\\\/#primaryimage\"},\"image\":{\"@id\":\"https:\\\/\\\/arte351.pt\\\/art\\\/2021\\\/05\\\/22\\\/filmes-ineditos-de-wong-kar-wai-estreiam-copias-digitais-restauradas-4k\\\/#primaryimage\"},\"thumbnailUrl\":\"https:\\\/\\\/arte351.pt\\\/art\\\/wp-content\\\/uploads\\\/2021\\\/05\\\/Wong-Kar-Wai.jpg\",\"datePublished\":\"2021-05-22T14:03:00+00:00\",\"description\":\"DA AMBI\u00c7\u00c3O e DAYS OF BEING WILD \u2013 DIAS SELVAGENS s\u00e3o os dois filmes in\u00e9ditos comercialmente em Portugal, do consagrado Wong Kar Wai...\",\"breadcrumb\":{\"@id\":\"https:\\\/\\\/arte351.pt\\\/art\\\/2021\\\/05\\\/22\\\/filmes-ineditos-de-wong-kar-wai-estreiam-copias-digitais-restauradas-4k\\\/#breadcrumb\"},\"inLanguage\":\"pt-BR\",\"potentialAction\":[{\"@type\":\"ReadAction\",\"target\":[\"https:\\\/\\\/arte351.pt\\\/art\\\/2021\\\/05\\\/22\\\/filmes-ineditos-de-wong-kar-wai-estreiam-copias-digitais-restauradas-4k\\\/\"]}]},{\"@type\":\"ImageObject\",\"inLanguage\":\"pt-BR\",\"@id\":\"https:\\\/\\\/arte351.pt\\\/art\\\/2021\\\/05\\\/22\\\/filmes-ineditos-de-wong-kar-wai-estreiam-copias-digitais-restauradas-4k\\\/#primaryimage\",\"url\":\"https:\\\/\\\/arte351.pt\\\/art\\\/wp-content\\\/uploads\\\/2021\\\/05\\\/Wong-Kar-Wai.jpg\",\"contentUrl\":\"https:\\\/\\\/arte351.pt\\\/art\\\/wp-content\\\/uploads\\\/2021\\\/05\\\/Wong-Kar-Wai.jpg\",\"width\":1200,\"height\":578},{\"@type\":\"BreadcrumbList\",\"@id\":\"https:\\\/\\\/arte351.pt\\\/art\\\/2021\\\/05\\\/22\\\/filmes-ineditos-de-wong-kar-wai-estreiam-copias-digitais-restauradas-4k\\\/#breadcrumb\",\"itemListElement\":[{\"@type\":\"ListItem\",\"position\":1,\"name\":\"In\u00edcio\",\"item\":\"https:\\\/\\\/arte351.pt\\\/art\\\/\"},{\"@type\":\"ListItem\",\"position\":2,\"name\":\"Filmes in\u00e9ditos de Wong Kar Wai estreiam c\u00f3pias digitais restauradas 4K\"}]},{\"@type\":\"WebSite\",\"@id\":\"https:\\\/\\\/arte351.pt\\\/art\\\/#website\",\"url\":\"https:\\\/\\\/arte351.pt\\\/art\\\/\",\"name\":\"Arte351 - Art Magazine Portugal\",\"description\":\"\",\"publisher\":{\"@id\":\"https:\\\/\\\/arte351.pt\\\/art\\\/#organization\"},\"potentialAction\":[{\"@type\":\"SearchAction\",\"target\":{\"@type\":\"EntryPoint\",\"urlTemplate\":\"https:\\\/\\\/arte351.pt\\\/art\\\/?s={search_term_string}\"},\"query-input\":{\"@type\":\"PropertyValueSpecification\",\"valueRequired\":true,\"valueName\":\"search_term_string\"}}],\"inLanguage\":\"pt-BR\"},{\"@type\":\"Organization\",\"@id\":\"https:\\\/\\\/arte351.pt\\\/art\\\/#organization\",\"name\":\"Arte351 - Art Magazine Portugal\",\"url\":\"https:\\\/\\\/arte351.pt\\\/art\\\/\",\"logo\":{\"@type\":\"ImageObject\",\"inLanguage\":\"pt-BR\",\"@id\":\"https:\\\/\\\/arte351.pt\\\/art\\\/#\\\/schema\\\/logo\\\/image\\\/\",\"url\":\"https:\\\/\\\/arte351.pt\\\/art\\\/wp-content\\\/uploads\\\/2020\\\/03\\\/cropped-logo-arte351-color.png\",\"contentUrl\":\"https:\\\/\\\/arte351.pt\\\/art\\\/wp-content\\\/uploads\\\/2020\\\/03\\\/cropped-logo-arte351-color.png\",\"width\":514,\"height\":200,\"caption\":\"Arte351 - Art Magazine Portugal\"},\"image\":{\"@id\":\"https:\\\/\\\/arte351.pt\\\/art\\\/#\\\/schema\\\/logo\\\/image\\\/\"},\"sameAs\":[\"https:\\\/\\\/www.facebook.com\\\/arte351magazine\\\/\"]},{\"@type\":\"Person\",\"@id\":\"https:\\\/\\\/arte351.pt\\\/art\\\/#\\\/schema\\\/person\\\/f2cfae59497206be61c53c217757b930\",\"name\":\"Equipa Arte351\",\"image\":{\"@type\":\"ImageObject\",\"inLanguage\":\"pt-BR\",\"@id\":\"https:\\\/\\\/secure.gravatar.com\\\/avatar\\\/6caca56323d52e15e83fc5635240c86f7e52fd46fa8d5df9a709d99f5aa1638e?s=96&d=mm&r=g\",\"url\":\"https:\\\/\\\/secure.gravatar.com\\\/avatar\\\/6caca56323d52e15e83fc5635240c86f7e52fd46fa8d5df9a709d99f5aa1638e?s=96&d=mm&r=g\",\"contentUrl\":\"https:\\\/\\\/secure.gravatar.com\\\/avatar\\\/6caca56323d52e15e83fc5635240c86f7e52fd46fa8d5df9a709d99f5aa1638e?s=96&d=mm&r=g\",\"caption\":\"Equipa Arte351\"},\"url\":\"https:\\\/\\\/arte351.pt\\\/art\\\/author\\\/caroleenbass\\\/\"}]}<\/script>\n<!-- \/ Yoast SEO plugin. -->","yoast_head_json":{"title":"Filmes in\u00e9ditos de Wong Kar Wai estreiam c\u00f3pias digitais restauradas 4K","description":"DA AMBI\u00c7\u00c3O e DAYS OF BEING WILD \u2013 DIAS SELVAGENS s\u00e3o os dois filmes in\u00e9ditos comercialmente em Portugal, do consagrado Wong Kar Wai...","robots":{"index":"index","follow":"follow","max-snippet":"max-snippet:-1","max-image-preview":"max-image-preview:large","max-video-preview":"max-video-preview:-1"},"canonical":"https:\/\/arte351.pt\/art\/2021\/05\/22\/filmes-ineditos-de-wong-kar-wai-estreiam-copias-digitais-restauradas-4k\/","og_locale":"pt_BR","og_type":"article","og_title":"Filmes in\u00e9ditos de Wong Kar Wai estreiam c\u00f3pias digitais restauradas 4K","og_description":"DA AMBI\u00c7\u00c3O e DAYS OF BEING WILD \u2013 DIAS SELVAGENS s\u00e3o os dois filmes in\u00e9ditos comercialmente em Portugal, do consagrado Wong Kar Wai...","og_url":"https:\/\/arte351.pt\/art\/2021\/05\/22\/filmes-ineditos-de-wong-kar-wai-estreiam-copias-digitais-restauradas-4k\/","og_site_name":"Arte351 - Art Magazine Portugal","article_publisher":"https:\/\/www.facebook.com\/arte351magazine\/","article_published_time":"2021-05-22T14:03:00+00:00","og_image":[{"width":1200,"height":578,"url":"https:\/\/arte351.pt\/art\/wp-content\/uploads\/2021\/05\/Wong-Kar-Wai.jpg","type":"image\/jpeg"}],"author":"Equipa Arte351","twitter_misc":{"Escrito por":"Equipa Arte351","Est. tempo de leitura":"4 minutos"},"schema":{"@context":"https:\/\/schema.org","@graph":[{"@type":"Article","@id":"https:\/\/arte351.pt\/art\/2021\/05\/22\/filmes-ineditos-de-wong-kar-wai-estreiam-copias-digitais-restauradas-4k\/#article","isPartOf":{"@id":"https:\/\/arte351.pt\/art\/2021\/05\/22\/filmes-ineditos-de-wong-kar-wai-estreiam-copias-digitais-restauradas-4k\/"},"author":{"name":"Equipa Arte351","@id":"https:\/\/arte351.pt\/art\/#\/schema\/person\/f2cfae59497206be61c53c217757b930"},"headline":"Filmes in\u00e9ditos de Wong Kar Wai estreiam c\u00f3pias digitais restauradas 4K","datePublished":"2021-05-22T14:03:00+00:00","mainEntityOfPage":{"@id":"https:\/\/arte351.pt\/art\/2021\/05\/22\/filmes-ineditos-de-wong-kar-wai-estreiam-copias-digitais-restauradas-4k\/"},"wordCount":798,"publisher":{"@id":"https:\/\/arte351.pt\/art\/#organization"},"image":{"@id":"https:\/\/arte351.pt\/art\/2021\/05\/22\/filmes-ineditos-de-wong-kar-wai-estreiam-copias-digitais-restauradas-4k\/#primaryimage"},"thumbnailUrl":"https:\/\/arte351.pt\/art\/wp-content\/uploads\/2021\/05\/Wong-Kar-Wai.jpg","keywords":["Cinema Nimas","Leopardo Filmes","Teatro Campo Alegre","Wong Kar Wai"],"articleSection":["Cinema"],"inLanguage":"pt-BR"},{"@type":"WebPage","@id":"https:\/\/arte351.pt\/art\/2021\/05\/22\/filmes-ineditos-de-wong-kar-wai-estreiam-copias-digitais-restauradas-4k\/","url":"https:\/\/arte351.pt\/art\/2021\/05\/22\/filmes-ineditos-de-wong-kar-wai-estreiam-copias-digitais-restauradas-4k\/","name":"Filmes in\u00e9ditos de Wong Kar Wai estreiam c\u00f3pias digitais restauradas 4K","isPartOf":{"@id":"https:\/\/arte351.pt\/art\/#website"},"primaryImageOfPage":{"@id":"https:\/\/arte351.pt\/art\/2021\/05\/22\/filmes-ineditos-de-wong-kar-wai-estreiam-copias-digitais-restauradas-4k\/#primaryimage"},"image":{"@id":"https:\/\/arte351.pt\/art\/2021\/05\/22\/filmes-ineditos-de-wong-kar-wai-estreiam-copias-digitais-restauradas-4k\/#primaryimage"},"thumbnailUrl":"https:\/\/arte351.pt\/art\/wp-content\/uploads\/2021\/05\/Wong-Kar-Wai.jpg","datePublished":"2021-05-22T14:03:00+00:00","description":"DA AMBI\u00c7\u00c3O e DAYS OF BEING WILD \u2013 DIAS SELVAGENS s\u00e3o os dois filmes in\u00e9ditos comercialmente em Portugal, do consagrado Wong Kar Wai...","breadcrumb":{"@id":"https:\/\/arte351.pt\/art\/2021\/05\/22\/filmes-ineditos-de-wong-kar-wai-estreiam-copias-digitais-restauradas-4k\/#breadcrumb"},"inLanguage":"pt-BR","potentialAction":[{"@type":"ReadAction","target":["https:\/\/arte351.pt\/art\/2021\/05\/22\/filmes-ineditos-de-wong-kar-wai-estreiam-copias-digitais-restauradas-4k\/"]}]},{"@type":"ImageObject","inLanguage":"pt-BR","@id":"https:\/\/arte351.pt\/art\/2021\/05\/22\/filmes-ineditos-de-wong-kar-wai-estreiam-copias-digitais-restauradas-4k\/#primaryimage","url":"https:\/\/arte351.pt\/art\/wp-content\/uploads\/2021\/05\/Wong-Kar-Wai.jpg","contentUrl":"https:\/\/arte351.pt\/art\/wp-content\/uploads\/2021\/05\/Wong-Kar-Wai.jpg","width":1200,"height":578},{"@type":"BreadcrumbList","@id":"https:\/\/arte351.pt\/art\/2021\/05\/22\/filmes-ineditos-de-wong-kar-wai-estreiam-copias-digitais-restauradas-4k\/#breadcrumb","itemListElement":[{"@type":"ListItem","position":1,"name":"In\u00edcio","item":"https:\/\/arte351.pt\/art\/"},{"@type":"ListItem","position":2,"name":"Filmes in\u00e9ditos de Wong Kar Wai estreiam c\u00f3pias digitais restauradas 4K"}]},{"@type":"WebSite","@id":"https:\/\/arte351.pt\/art\/#website","url":"https:\/\/arte351.pt\/art\/","name":"Arte351 - Art Magazine Portugal","description":"","publisher":{"@id":"https:\/\/arte351.pt\/art\/#organization"},"potentialAction":[{"@type":"SearchAction","target":{"@type":"EntryPoint","urlTemplate":"https:\/\/arte351.pt\/art\/?s={search_term_string}"},"query-input":{"@type":"PropertyValueSpecification","valueRequired":true,"valueName":"search_term_string"}}],"inLanguage":"pt-BR"},{"@type":"Organization","@id":"https:\/\/arte351.pt\/art\/#organization","name":"Arte351 - Art Magazine Portugal","url":"https:\/\/arte351.pt\/art\/","logo":{"@type":"ImageObject","inLanguage":"pt-BR","@id":"https:\/\/arte351.pt\/art\/#\/schema\/logo\/image\/","url":"https:\/\/arte351.pt\/art\/wp-content\/uploads\/2020\/03\/cropped-logo-arte351-color.png","contentUrl":"https:\/\/arte351.pt\/art\/wp-content\/uploads\/2020\/03\/cropped-logo-arte351-color.png","width":514,"height":200,"caption":"Arte351 - Art Magazine Portugal"},"image":{"@id":"https:\/\/arte351.pt\/art\/#\/schema\/logo\/image\/"},"sameAs":["https:\/\/www.facebook.com\/arte351magazine\/"]},{"@type":"Person","@id":"https:\/\/arte351.pt\/art\/#\/schema\/person\/f2cfae59497206be61c53c217757b930","name":"Equipa Arte351","image":{"@type":"ImageObject","inLanguage":"pt-BR","@id":"https:\/\/secure.gravatar.com\/avatar\/6caca56323d52e15e83fc5635240c86f7e52fd46fa8d5df9a709d99f5aa1638e?s=96&d=mm&r=g","url":"https:\/\/secure.gravatar.com\/avatar\/6caca56323d52e15e83fc5635240c86f7e52fd46fa8d5df9a709d99f5aa1638e?s=96&d=mm&r=g","contentUrl":"https:\/\/secure.gravatar.com\/avatar\/6caca56323d52e15e83fc5635240c86f7e52fd46fa8d5df9a709d99f5aa1638e?s=96&d=mm&r=g","caption":"Equipa Arte351"},"url":"https:\/\/arte351.pt\/art\/author\/caroleenbass\/"}]}},"_links":{"self":[{"href":"https:\/\/arte351.pt\/art\/wp-json\/wp\/v2\/posts\/4991","targetHints":{"allow":["GET"]}}],"collection":[{"href":"https:\/\/arte351.pt\/art\/wp-json\/wp\/v2\/posts"}],"about":[{"href":"https:\/\/arte351.pt\/art\/wp-json\/wp\/v2\/types\/post"}],"author":[{"embeddable":true,"href":"https:\/\/arte351.pt\/art\/wp-json\/wp\/v2\/users\/3"}],"replies":[{"embeddable":true,"href":"https:\/\/arte351.pt\/art\/wp-json\/wp\/v2\/comments?post=4991"}],"version-history":[{"count":2,"href":"https:\/\/arte351.pt\/art\/wp-json\/wp\/v2\/posts\/4991\/revisions"}],"predecessor-version":[{"id":5020,"href":"https:\/\/arte351.pt\/art\/wp-json\/wp\/v2\/posts\/4991\/revisions\/5020"}],"wp:featuredmedia":[{"embeddable":true,"href":"https:\/\/arte351.pt\/art\/wp-json\/wp\/v2\/media\/5019"}],"wp:attachment":[{"href":"https:\/\/arte351.pt\/art\/wp-json\/wp\/v2\/media?parent=4991"}],"wp:term":[{"taxonomy":"category","embeddable":true,"href":"https:\/\/arte351.pt\/art\/wp-json\/wp\/v2\/categories?post=4991"},{"taxonomy":"post_tag","embeddable":true,"href":"https:\/\/arte351.pt\/art\/wp-json\/wp\/v2\/tags?post=4991"}],"curies":[{"name":"wp","href":"https:\/\/api.w.org\/{rel}","templated":true}]}}