{"id":4992,"date":"2021-05-11T14:58:31","date_gmt":"2021-05-11T14:58:31","guid":{"rendered":"https:\/\/arte351.pt\/art\/?p=4992"},"modified":"2021-05-11T14:58:31","modified_gmt":"2021-05-11T14:58:31","slug":"fernando-pessoa-e-tema-de-filme-rodado-apenas-com-telemovel","status":"publish","type":"post","link":"https:\/\/arte351.pt\/art\/2021\/05\/11\/fernando-pessoa-e-tema-de-filme-rodado-apenas-com-telemovel\/","title":{"rendered":"Fernando Pessoa \u00e9 tema de filme rodado apenas com telem\u00f3vel"},"content":{"rendered":"<h2>O \u00cddolo \u00e9 o primeiro filme de Fernando Pessoa totalmente filmado com o novo lan\u00e7amento da Samsung e que estreia a 12 de maio.<\/h2>\n<p>Nesta quarta (12) est\u00e1 programada a estreia do filme <strong>O \u00cddolo<\/strong>, do realizador e argumentista Pedro Varela, em conjunto com a Agencia Uzina e produ\u00e7\u00e3o da Blanche Filmes, em parceria com a Samsung. Juntos, est\u00e3o a dar vida a um argumento escrito h\u00e1 quase cem anos por um dos maiores g\u00e9nios da Literatura portuguesa, <strong>Fernando Pessoa<\/strong>.<\/p>\n<p><strong>Fernando Pessoa<\/strong>, para al\u00e9m de <a href=\"https:\/\/arte351.pt\/art\/tag\/poesia\/\">poeta<\/a>, fil\u00f3sofo, dramaturgo, publicit\u00e1rio, astr\u00f3logo, cr\u00edtico liter\u00e1rio, tamb\u00e9m era argumentista. &#8220;<strong>Note for a thriller, or film<\/strong>&#8220;, escrito h\u00e1 quase cem anos, deu origem ao filme <strong>O \u00cddolo<\/strong>, uma hist\u00f3ria onde intriga, mist\u00e9rio e suspense se cruzam com a disputa por um objecto precioso a bordo de um navio transatl\u00e2ntico.<\/p>\n<p>Lan\u00e7ado em 2011, o livro \u201c<strong>Fernando Pessoa \u2013 Argumentos para Filmes<\/strong>\u201d mostrou-nos uma nova faceta da vida e obra do artista, o seu interesse pelo <a href=\"https:\/\/arte351.pt\/art\/category\/cinema\/\">Cinema<\/a> e pela sua dimens\u00e3o art\u00edstica na perspetiva do autor. Um livro que nos d\u00e1 a conhecer seis argumentos originais (em portugu\u00eas, ingl\u00eas e franc\u00eas) que refletem, na sua maioria, temas que todos reconhecemos do mundo pessoano, como as m\u00faltiplas identidades do ser e a curiosidade pela natureza humana.<\/p>\n<p>Para a produ\u00e7\u00e3o do filme <strong>O \u00cddolo<\/strong>, foi recriada a Ecce Film, a produtora pensada por <strong>Fernando Pessoa<\/strong> com um logotipo desenhado pelo pr\u00f3prio, que seria respons\u00e1vel pela produ\u00e7\u00e3o dos seus argumentos.<\/p>\n<p>&nbsp;<\/p>\n<h3>O \u00cddolo \u2013 O primeiro filme de Fernando Pessoa<\/h3>\n<p>O \u00cddolo nasce de um argumento in\u00e9dito, escrito h\u00e1 quase cem anos, em que diversas personagens recebem a dif\u00edcil miss\u00e3o de transportar um artefacto de valor incalcul\u00e1vel a bordo de um navio que faz a travessia transatl\u00e2ntica entre Nova Iorque e Southampton.<\/p>\n<p>Este jogo arriscado, que mais parece um estudo sobre a natureza humana, \u00e9 o ponto de partida de uma aventura onde ningu\u00e9m \u00e9 quem aparenta ser. A aventura, contada no formato de curta-metragem, tem a dura\u00e7\u00e3o de 20 minutos, naquele que \u00e9 o primeiro filme produzido a partir de um argumento de<strong> Fernando Pessoa<\/strong>, a chegar aos ecr\u00e3s.<\/p>\n<p>A produ\u00e7\u00e3o do filme decorreu durante 6 dias, entre Viana do Castelo, a Serra de Sintra e Lisboa, sendo que toda a a\u00e7\u00e3o nos remete para o ano de 1928. A realiza\u00e7\u00e3o e a escrita do gui\u00e3o estiveram a cargo do realizador Pedro Varela e o filme foi totalmente rodado com o novo Samsung Galaxy S21 Ultra 5G.<\/p>\n<figure class=\"thumbnail wp-caption alignnone\" style=\"width: 541px\"><img fetchpriority=\"high\" decoding=\"async\" class=\"\" src=\"https:\/\/images.samsung.com\/is\/image\/samsung\/assets\/pt\/idolo\/04-pedro_varela-01-mobile.jpg?$ORIGIN_JPG$\" width=\"531\" height=\"796\" \/><figcaption class=\"caption wp-caption-text\">Foto: Pedro Varela (Divulga\u00e7\u00e3o)<\/figcaption><\/figure>\n<p>Entre os trabalhos mais importantes de Pedro Varela destacam-se a s\u00e9rie \u201cOs Filhos do Rock\u201d, o remake do cl\u00e1ssico \u201cA Can\u00e7\u00e3o de Lisboa\u201d, a s\u00e9rie \u201cEsperan\u00e7a\u201d que estreou recentemente, as campanhas \u201cCan\u2019t Skip Us\u201d e \u201cTu Podes\u201d para o Turismo de Portugal e o fen\u00f3meno mundial \u201cAndr\u00e0 Tutto Bene\u201d com Cristov\u00e1m. A sua \u00faltima longa-metragem, \u201cThe Seven Sorrows of Mary\u201d, foi filmada no Rio de Janeiro e dever\u00e1 ser lan\u00e7ada ainda este ano. Agora, escreveu o gui\u00e3o e realizou aquele que \u00e9 o primeiro filme de um dos seus \u00eddolos: <strong>Fernando Pessoa<\/strong>.<\/p>\n<p>O elenco conta com atores nacionais reconhecidos pelo grande p\u00fablico como Tiago Felizardo, Ana Vilela da Costa, Soraia Tavares e Paula Magalh\u00e3es. O restante elenco \u00e9 assegurado por participa\u00e7\u00f5es internacionais.<\/p>\n<figure class=\"thumbnail wp-caption alignnone\" style=\"width: 342px\"><img decoding=\"async\" class=\"\" src=\"https:\/\/images.samsung.com\/is\/image\/samsung\/assets\/pt\/idolo\/05-elenco-02-augusto.jpg?$FB_TYPE_J_S_JPG$\" width=\"332\" height=\"332\" \/><figcaption class=\"caption wp-caption-text\">Foto: Tiago Felizardo (Augusto Sotto)<\/figcaption><\/figure>\n<figure class=\"thumbnail wp-caption alignnone\" style=\"width: 343px\"><img decoding=\"async\" class=\"\" src=\"https:\/\/images.samsung.com\/is\/image\/samsung\/assets\/pt\/idolo\/05-elenco-03-emily.jpg?$FB_TYPE_J_S_JPG$\" width=\"333\" height=\"333\" \/><figcaption class=\"caption wp-caption-text\">Foto: Ana Vilela Costa (Emily Nogueira)<\/figcaption><\/figure>\n<figure class=\"thumbnail wp-caption alignnone\" style=\"width: 338px\"><img loading=\"lazy\" decoding=\"async\" class=\"\" src=\"https:\/\/images.samsung.com\/is\/image\/samsung\/assets\/pt\/idolo\/05-elenco-08-blanche.jpg?$FB_TYPE_J_S_JPG$\" width=\"328\" height=\"328\" \/><figcaption class=\"caption wp-caption-text\">Foto: Soraia Tavares (Blanche Calloway)<\/figcaption><\/figure>\n<figure class=\"thumbnail wp-caption alignnone\" style=\"width: 333px\"><img loading=\"lazy\" decoding=\"async\" class=\"\" src=\"https:\/\/images.samsung.com\/is\/image\/samsung\/assets\/pt\/idolo\/05-elenco-07-ofelia.jpg?$FB_TYPE_J_S_JPG$\" width=\"323\" height=\"323\" \/><figcaption class=\"caption wp-caption-text\">Foto: Paula Magalh\u00e3es (Of\u00e9lia)<\/figcaption><\/figure>\n<blockquote><p>&nbsp;<\/p>\n<p>\u201cQuando me surgiu o desafio da Samsung e da Uzina para revisitar esta faceta praticamente desconhecida de Fernando Pessoa, n\u00e3o hesitei. Desde o primeiro minuto que senti o enorme privil\u00e9gio e a responsabilidade de continuar uma ideia escrita h\u00e1 quase cem anos, por uma das nossas maiores refer\u00eancias culturais. Criar personagens e dar-lhes voz, esse \u00e9 o lugar onde sou feliz, e aqui senti que partilhei esse momento com algu\u00e9m que sempre foi uma gigante influ\u00eancia na minha vida. Fazer justi\u00e7a ao que o Pessoa teria na sua inten\u00e7\u00e3o original, foi o meu \u00fanico objectivo. Foi esse o meu mergulho. Apesar do desafio de filmar o filme atrav\u00e9s de um smartphone, n\u00e3o podia estar mais feliz com o resultado final.\u201d<\/p><\/blockquote>\n<p style=\"text-align: right;\">refere o realizador Pedro Varela.<\/p>\n<p>Atrav\u00e9s deste projeto, a marca concretiza o seu lema de #DoWhatYouCant, trazendo para o p\u00fablico portugu\u00eas a realiza\u00e7\u00e3o de um argumento escrito h\u00e1 quase 100 anos, nunca antes levado ao cinema, mostrando \u00e0 audi\u00eancia uma nova obra de um dos maiores her\u00f3is liter\u00e1rios do pa\u00eds.<\/p>\n<p>Pode ver o trailer e outros conte\u00fados relativos a este projeto nas redes sociais da Samsung. A estreia do primeiro filme de Fernando Pessoa, O \u00cdDOLO, est\u00e1 agendada para esta quarta, dia 12 de maio.<\/p>\n<p>Visite <a href=\"http:\/\/www.samsung.com\/pt\/idolo\">www.samsung.com\/pt\/idolo<\/a><\/p>\n","protected":false},"excerpt":{"rendered":"<p>O \u00cddolo \u00e9 o primeiro filme de Fernando Pessoa totalmente filmado com o novo lan\u00e7amento da Samsung e que estreia a 12 de maio. Nesta quarta (12) est\u00e1 programada a [&hellip;]<\/p>\n","protected":false},"author":3,"featured_media":4994,"comment_status":"closed","ping_status":"closed","sticky":false,"template":"","format":"standard","meta":{"_exactmetrics_skip_tracking":false,"_exactmetrics_sitenote_active":false,"_exactmetrics_sitenote_note":"","_exactmetrics_sitenote_category":0,"_uf_show_specific_survey":0,"_uf_disable_surveys":false,"footnotes":""},"categories":[419],"tags":[1187,1188,1185,1186,1189],"class_list":["post-4992","post","type-post","status-publish","format-standard","has-post-thumbnail","hentry","category-cinema","tag-agencia-uzina","tag-blanche-filmes","tag-fernando-pessoa","tag-pedro-varela","tag-samsung"],"yoast_head":"<!-- This site is optimized with the Yoast SEO plugin v27.3 - https:\/\/yoast.com\/product\/yoast-seo-wordpress\/ -->\n<title>Fernando Pessoa \u00e9 tema de filme rodado apenas com telem\u00f3vel<\/title>\n<meta name=\"description\" content=\"O \u00cddolo \u00e9 o primeiro filme de Fernando Pessoa totalmente filmado com o novo lan\u00e7amento da Samsung e que estreia a 12 de maio.\" \/>\n<meta name=\"robots\" content=\"index, follow, max-snippet:-1, max-image-preview:large, max-video-preview:-1\" \/>\n<link rel=\"canonical\" href=\"https:\/\/arte351.pt\/art\/2021\/05\/11\/fernando-pessoa-e-tema-de-filme-rodado-apenas-com-telemovel\/\" \/>\n<meta property=\"og:locale\" content=\"pt_BR\" \/>\n<meta property=\"og:type\" content=\"article\" \/>\n<meta property=\"og:title\" content=\"Fernando Pessoa \u00e9 tema de filme rodado apenas com telem\u00f3vel\" \/>\n<meta property=\"og:description\" content=\"O \u00cddolo \u00e9 o primeiro filme de Fernando Pessoa totalmente filmado com o novo lan\u00e7amento da Samsung e que estreia a 12 de maio.\" \/>\n<meta property=\"og:url\" content=\"https:\/\/arte351.pt\/art\/2021\/05\/11\/fernando-pessoa-e-tema-de-filme-rodado-apenas-com-telemovel\/\" \/>\n<meta property=\"og:site_name\" content=\"Arte351 - Art Magazine Portugal\" \/>\n<meta property=\"article:publisher\" content=\"https:\/\/www.facebook.com\/arte351magazine\/\" \/>\n<meta property=\"article:published_time\" content=\"2021-05-11T14:58:31+00:00\" \/>\n<meta property=\"og:image\" content=\"https:\/\/arte351.pt\/art\/wp-content\/uploads\/2021\/05\/fernando-pessoa.png\" \/>\n\t<meta property=\"og:image:width\" content=\"1200\" \/>\n\t<meta property=\"og:image:height\" content=\"578\" \/>\n\t<meta property=\"og:image:type\" content=\"image\/png\" \/>\n<meta name=\"author\" content=\"Equipa Arte351\" \/>\n<meta name=\"twitter:label1\" content=\"Escrito por\" \/>\n\t<meta name=\"twitter:data1\" content=\"Equipa Arte351\" \/>\n\t<meta name=\"twitter:label2\" content=\"Est. tempo de leitura\" \/>\n\t<meta name=\"twitter:data2\" content=\"5 minutos\" \/>\n<script type=\"application\/ld+json\" class=\"yoast-schema-graph\">{\"@context\":\"https:\\\/\\\/schema.org\",\"@graph\":[{\"@type\":\"Article\",\"@id\":\"https:\\\/\\\/arte351.pt\\\/art\\\/2021\\\/05\\\/11\\\/fernando-pessoa-e-tema-de-filme-rodado-apenas-com-telemovel\\\/#article\",\"isPartOf\":{\"@id\":\"https:\\\/\\\/arte351.pt\\\/art\\\/2021\\\/05\\\/11\\\/fernando-pessoa-e-tema-de-filme-rodado-apenas-com-telemovel\\\/\"},\"author\":{\"name\":\"Equipa Arte351\",\"@id\":\"https:\\\/\\\/arte351.pt\\\/art\\\/#\\\/schema\\\/person\\\/f2cfae59497206be61c53c217757b930\"},\"headline\":\"Fernando Pessoa \u00e9 tema de filme rodado apenas com telem\u00f3vel\",\"datePublished\":\"2021-05-11T14:58:31+00:00\",\"mainEntityOfPage\":{\"@id\":\"https:\\\/\\\/arte351.pt\\\/art\\\/2021\\\/05\\\/11\\\/fernando-pessoa-e-tema-de-filme-rodado-apenas-com-telemovel\\\/\"},\"wordCount\":859,\"publisher\":{\"@id\":\"https:\\\/\\\/arte351.pt\\\/art\\\/#organization\"},\"image\":{\"@id\":\"https:\\\/\\\/arte351.pt\\\/art\\\/2021\\\/05\\\/11\\\/fernando-pessoa-e-tema-de-filme-rodado-apenas-com-telemovel\\\/#primaryimage\"},\"thumbnailUrl\":\"https:\\\/\\\/arte351.pt\\\/art\\\/wp-content\\\/uploads\\\/2021\\\/05\\\/fernando-pessoa.png\",\"keywords\":[\"Agencia Uzina\",\"Blanche Filmes\",\"Fernando Pessoa\",\"Pedro Varela\",\"Samsung\"],\"articleSection\":[\"Cinema\"],\"inLanguage\":\"pt-BR\"},{\"@type\":\"WebPage\",\"@id\":\"https:\\\/\\\/arte351.pt\\\/art\\\/2021\\\/05\\\/11\\\/fernando-pessoa-e-tema-de-filme-rodado-apenas-com-telemovel\\\/\",\"url\":\"https:\\\/\\\/arte351.pt\\\/art\\\/2021\\\/05\\\/11\\\/fernando-pessoa-e-tema-de-filme-rodado-apenas-com-telemovel\\\/\",\"name\":\"Fernando Pessoa \u00e9 tema de filme rodado apenas com telem\u00f3vel\",\"isPartOf\":{\"@id\":\"https:\\\/\\\/arte351.pt\\\/art\\\/#website\"},\"primaryImageOfPage\":{\"@id\":\"https:\\\/\\\/arte351.pt\\\/art\\\/2021\\\/05\\\/11\\\/fernando-pessoa-e-tema-de-filme-rodado-apenas-com-telemovel\\\/#primaryimage\"},\"image\":{\"@id\":\"https:\\\/\\\/arte351.pt\\\/art\\\/2021\\\/05\\\/11\\\/fernando-pessoa-e-tema-de-filme-rodado-apenas-com-telemovel\\\/#primaryimage\"},\"thumbnailUrl\":\"https:\\\/\\\/arte351.pt\\\/art\\\/wp-content\\\/uploads\\\/2021\\\/05\\\/fernando-pessoa.png\",\"datePublished\":\"2021-05-11T14:58:31+00:00\",\"description\":\"O \u00cddolo \u00e9 o primeiro filme de Fernando Pessoa totalmente filmado com o novo lan\u00e7amento da Samsung e que estreia a 12 de maio.\",\"breadcrumb\":{\"@id\":\"https:\\\/\\\/arte351.pt\\\/art\\\/2021\\\/05\\\/11\\\/fernando-pessoa-e-tema-de-filme-rodado-apenas-com-telemovel\\\/#breadcrumb\"},\"inLanguage\":\"pt-BR\",\"potentialAction\":[{\"@type\":\"ReadAction\",\"target\":[\"https:\\\/\\\/arte351.pt\\\/art\\\/2021\\\/05\\\/11\\\/fernando-pessoa-e-tema-de-filme-rodado-apenas-com-telemovel\\\/\"]}]},{\"@type\":\"ImageObject\",\"inLanguage\":\"pt-BR\",\"@id\":\"https:\\\/\\\/arte351.pt\\\/art\\\/2021\\\/05\\\/11\\\/fernando-pessoa-e-tema-de-filme-rodado-apenas-com-telemovel\\\/#primaryimage\",\"url\":\"https:\\\/\\\/arte351.pt\\\/art\\\/wp-content\\\/uploads\\\/2021\\\/05\\\/fernando-pessoa.png\",\"contentUrl\":\"https:\\\/\\\/arte351.pt\\\/art\\\/wp-content\\\/uploads\\\/2021\\\/05\\\/fernando-pessoa.png\",\"width\":1200,\"height\":578,\"caption\":\"o idolo filme\"},{\"@type\":\"BreadcrumbList\",\"@id\":\"https:\\\/\\\/arte351.pt\\\/art\\\/2021\\\/05\\\/11\\\/fernando-pessoa-e-tema-de-filme-rodado-apenas-com-telemovel\\\/#breadcrumb\",\"itemListElement\":[{\"@type\":\"ListItem\",\"position\":1,\"name\":\"In\u00edcio\",\"item\":\"https:\\\/\\\/arte351.pt\\\/art\\\/\"},{\"@type\":\"ListItem\",\"position\":2,\"name\":\"Fernando Pessoa \u00e9 tema de filme rodado apenas com telem\u00f3vel\"}]},{\"@type\":\"WebSite\",\"@id\":\"https:\\\/\\\/arte351.pt\\\/art\\\/#website\",\"url\":\"https:\\\/\\\/arte351.pt\\\/art\\\/\",\"name\":\"Arte351 - Art Magazine Portugal\",\"description\":\"\",\"publisher\":{\"@id\":\"https:\\\/\\\/arte351.pt\\\/art\\\/#organization\"},\"potentialAction\":[{\"@type\":\"SearchAction\",\"target\":{\"@type\":\"EntryPoint\",\"urlTemplate\":\"https:\\\/\\\/arte351.pt\\\/art\\\/?s={search_term_string}\"},\"query-input\":{\"@type\":\"PropertyValueSpecification\",\"valueRequired\":true,\"valueName\":\"search_term_string\"}}],\"inLanguage\":\"pt-BR\"},{\"@type\":\"Organization\",\"@id\":\"https:\\\/\\\/arte351.pt\\\/art\\\/#organization\",\"name\":\"Arte351 - Art Magazine Portugal\",\"url\":\"https:\\\/\\\/arte351.pt\\\/art\\\/\",\"logo\":{\"@type\":\"ImageObject\",\"inLanguage\":\"pt-BR\",\"@id\":\"https:\\\/\\\/arte351.pt\\\/art\\\/#\\\/schema\\\/logo\\\/image\\\/\",\"url\":\"https:\\\/\\\/arte351.pt\\\/art\\\/wp-content\\\/uploads\\\/2020\\\/03\\\/cropped-logo-arte351-color.png\",\"contentUrl\":\"https:\\\/\\\/arte351.pt\\\/art\\\/wp-content\\\/uploads\\\/2020\\\/03\\\/cropped-logo-arte351-color.png\",\"width\":514,\"height\":200,\"caption\":\"Arte351 - Art Magazine Portugal\"},\"image\":{\"@id\":\"https:\\\/\\\/arte351.pt\\\/art\\\/#\\\/schema\\\/logo\\\/image\\\/\"},\"sameAs\":[\"https:\\\/\\\/www.facebook.com\\\/arte351magazine\\\/\"]},{\"@type\":\"Person\",\"@id\":\"https:\\\/\\\/arte351.pt\\\/art\\\/#\\\/schema\\\/person\\\/f2cfae59497206be61c53c217757b930\",\"name\":\"Equipa Arte351\",\"image\":{\"@type\":\"ImageObject\",\"inLanguage\":\"pt-BR\",\"@id\":\"https:\\\/\\\/secure.gravatar.com\\\/avatar\\\/6caca56323d52e15e83fc5635240c86f7e52fd46fa8d5df9a709d99f5aa1638e?s=96&d=mm&r=g\",\"url\":\"https:\\\/\\\/secure.gravatar.com\\\/avatar\\\/6caca56323d52e15e83fc5635240c86f7e52fd46fa8d5df9a709d99f5aa1638e?s=96&d=mm&r=g\",\"contentUrl\":\"https:\\\/\\\/secure.gravatar.com\\\/avatar\\\/6caca56323d52e15e83fc5635240c86f7e52fd46fa8d5df9a709d99f5aa1638e?s=96&d=mm&r=g\",\"caption\":\"Equipa Arte351\"},\"url\":\"https:\\\/\\\/arte351.pt\\\/art\\\/author\\\/caroleenbass\\\/\"}]}<\/script>\n<!-- \/ Yoast SEO plugin. -->","yoast_head_json":{"title":"Fernando Pessoa \u00e9 tema de filme rodado apenas com telem\u00f3vel","description":"O \u00cddolo \u00e9 o primeiro filme de Fernando Pessoa totalmente filmado com o novo lan\u00e7amento da Samsung e que estreia a 12 de maio.","robots":{"index":"index","follow":"follow","max-snippet":"max-snippet:-1","max-image-preview":"max-image-preview:large","max-video-preview":"max-video-preview:-1"},"canonical":"https:\/\/arte351.pt\/art\/2021\/05\/11\/fernando-pessoa-e-tema-de-filme-rodado-apenas-com-telemovel\/","og_locale":"pt_BR","og_type":"article","og_title":"Fernando Pessoa \u00e9 tema de filme rodado apenas com telem\u00f3vel","og_description":"O \u00cddolo \u00e9 o primeiro filme de Fernando Pessoa totalmente filmado com o novo lan\u00e7amento da Samsung e que estreia a 12 de maio.","og_url":"https:\/\/arte351.pt\/art\/2021\/05\/11\/fernando-pessoa-e-tema-de-filme-rodado-apenas-com-telemovel\/","og_site_name":"Arte351 - Art Magazine Portugal","article_publisher":"https:\/\/www.facebook.com\/arte351magazine\/","article_published_time":"2021-05-11T14:58:31+00:00","og_image":[{"width":1200,"height":578,"url":"https:\/\/arte351.pt\/art\/wp-content\/uploads\/2021\/05\/fernando-pessoa.png","type":"image\/png"}],"author":"Equipa Arte351","twitter_misc":{"Escrito por":"Equipa Arte351","Est. tempo de leitura":"5 minutos"},"schema":{"@context":"https:\/\/schema.org","@graph":[{"@type":"Article","@id":"https:\/\/arte351.pt\/art\/2021\/05\/11\/fernando-pessoa-e-tema-de-filme-rodado-apenas-com-telemovel\/#article","isPartOf":{"@id":"https:\/\/arte351.pt\/art\/2021\/05\/11\/fernando-pessoa-e-tema-de-filme-rodado-apenas-com-telemovel\/"},"author":{"name":"Equipa Arte351","@id":"https:\/\/arte351.pt\/art\/#\/schema\/person\/f2cfae59497206be61c53c217757b930"},"headline":"Fernando Pessoa \u00e9 tema de filme rodado apenas com telem\u00f3vel","datePublished":"2021-05-11T14:58:31+00:00","mainEntityOfPage":{"@id":"https:\/\/arte351.pt\/art\/2021\/05\/11\/fernando-pessoa-e-tema-de-filme-rodado-apenas-com-telemovel\/"},"wordCount":859,"publisher":{"@id":"https:\/\/arte351.pt\/art\/#organization"},"image":{"@id":"https:\/\/arte351.pt\/art\/2021\/05\/11\/fernando-pessoa-e-tema-de-filme-rodado-apenas-com-telemovel\/#primaryimage"},"thumbnailUrl":"https:\/\/arte351.pt\/art\/wp-content\/uploads\/2021\/05\/fernando-pessoa.png","keywords":["Agencia Uzina","Blanche Filmes","Fernando Pessoa","Pedro Varela","Samsung"],"articleSection":["Cinema"],"inLanguage":"pt-BR"},{"@type":"WebPage","@id":"https:\/\/arte351.pt\/art\/2021\/05\/11\/fernando-pessoa-e-tema-de-filme-rodado-apenas-com-telemovel\/","url":"https:\/\/arte351.pt\/art\/2021\/05\/11\/fernando-pessoa-e-tema-de-filme-rodado-apenas-com-telemovel\/","name":"Fernando Pessoa \u00e9 tema de filme rodado apenas com telem\u00f3vel","isPartOf":{"@id":"https:\/\/arte351.pt\/art\/#website"},"primaryImageOfPage":{"@id":"https:\/\/arte351.pt\/art\/2021\/05\/11\/fernando-pessoa-e-tema-de-filme-rodado-apenas-com-telemovel\/#primaryimage"},"image":{"@id":"https:\/\/arte351.pt\/art\/2021\/05\/11\/fernando-pessoa-e-tema-de-filme-rodado-apenas-com-telemovel\/#primaryimage"},"thumbnailUrl":"https:\/\/arte351.pt\/art\/wp-content\/uploads\/2021\/05\/fernando-pessoa.png","datePublished":"2021-05-11T14:58:31+00:00","description":"O \u00cddolo \u00e9 o primeiro filme de Fernando Pessoa totalmente filmado com o novo lan\u00e7amento da Samsung e que estreia a 12 de maio.","breadcrumb":{"@id":"https:\/\/arte351.pt\/art\/2021\/05\/11\/fernando-pessoa-e-tema-de-filme-rodado-apenas-com-telemovel\/#breadcrumb"},"inLanguage":"pt-BR","potentialAction":[{"@type":"ReadAction","target":["https:\/\/arte351.pt\/art\/2021\/05\/11\/fernando-pessoa-e-tema-de-filme-rodado-apenas-com-telemovel\/"]}]},{"@type":"ImageObject","inLanguage":"pt-BR","@id":"https:\/\/arte351.pt\/art\/2021\/05\/11\/fernando-pessoa-e-tema-de-filme-rodado-apenas-com-telemovel\/#primaryimage","url":"https:\/\/arte351.pt\/art\/wp-content\/uploads\/2021\/05\/fernando-pessoa.png","contentUrl":"https:\/\/arte351.pt\/art\/wp-content\/uploads\/2021\/05\/fernando-pessoa.png","width":1200,"height":578,"caption":"o idolo filme"},{"@type":"BreadcrumbList","@id":"https:\/\/arte351.pt\/art\/2021\/05\/11\/fernando-pessoa-e-tema-de-filme-rodado-apenas-com-telemovel\/#breadcrumb","itemListElement":[{"@type":"ListItem","position":1,"name":"In\u00edcio","item":"https:\/\/arte351.pt\/art\/"},{"@type":"ListItem","position":2,"name":"Fernando Pessoa \u00e9 tema de filme rodado apenas com telem\u00f3vel"}]},{"@type":"WebSite","@id":"https:\/\/arte351.pt\/art\/#website","url":"https:\/\/arte351.pt\/art\/","name":"Arte351 - Art Magazine Portugal","description":"","publisher":{"@id":"https:\/\/arte351.pt\/art\/#organization"},"potentialAction":[{"@type":"SearchAction","target":{"@type":"EntryPoint","urlTemplate":"https:\/\/arte351.pt\/art\/?s={search_term_string}"},"query-input":{"@type":"PropertyValueSpecification","valueRequired":true,"valueName":"search_term_string"}}],"inLanguage":"pt-BR"},{"@type":"Organization","@id":"https:\/\/arte351.pt\/art\/#organization","name":"Arte351 - Art Magazine Portugal","url":"https:\/\/arte351.pt\/art\/","logo":{"@type":"ImageObject","inLanguage":"pt-BR","@id":"https:\/\/arte351.pt\/art\/#\/schema\/logo\/image\/","url":"https:\/\/arte351.pt\/art\/wp-content\/uploads\/2020\/03\/cropped-logo-arte351-color.png","contentUrl":"https:\/\/arte351.pt\/art\/wp-content\/uploads\/2020\/03\/cropped-logo-arte351-color.png","width":514,"height":200,"caption":"Arte351 - Art Magazine Portugal"},"image":{"@id":"https:\/\/arte351.pt\/art\/#\/schema\/logo\/image\/"},"sameAs":["https:\/\/www.facebook.com\/arte351magazine\/"]},{"@type":"Person","@id":"https:\/\/arte351.pt\/art\/#\/schema\/person\/f2cfae59497206be61c53c217757b930","name":"Equipa Arte351","image":{"@type":"ImageObject","inLanguage":"pt-BR","@id":"https:\/\/secure.gravatar.com\/avatar\/6caca56323d52e15e83fc5635240c86f7e52fd46fa8d5df9a709d99f5aa1638e?s=96&d=mm&r=g","url":"https:\/\/secure.gravatar.com\/avatar\/6caca56323d52e15e83fc5635240c86f7e52fd46fa8d5df9a709d99f5aa1638e?s=96&d=mm&r=g","contentUrl":"https:\/\/secure.gravatar.com\/avatar\/6caca56323d52e15e83fc5635240c86f7e52fd46fa8d5df9a709d99f5aa1638e?s=96&d=mm&r=g","caption":"Equipa Arte351"},"url":"https:\/\/arte351.pt\/art\/author\/caroleenbass\/"}]}},"_links":{"self":[{"href":"https:\/\/arte351.pt\/art\/wp-json\/wp\/v2\/posts\/4992","targetHints":{"allow":["GET"]}}],"collection":[{"href":"https:\/\/arte351.pt\/art\/wp-json\/wp\/v2\/posts"}],"about":[{"href":"https:\/\/arte351.pt\/art\/wp-json\/wp\/v2\/types\/post"}],"author":[{"embeddable":true,"href":"https:\/\/arte351.pt\/art\/wp-json\/wp\/v2\/users\/3"}],"replies":[{"embeddable":true,"href":"https:\/\/arte351.pt\/art\/wp-json\/wp\/v2\/comments?post=4992"}],"version-history":[{"count":1,"href":"https:\/\/arte351.pt\/art\/wp-json\/wp\/v2\/posts\/4992\/revisions"}],"predecessor-version":[{"id":4995,"href":"https:\/\/arte351.pt\/art\/wp-json\/wp\/v2\/posts\/4992\/revisions\/4995"}],"wp:featuredmedia":[{"embeddable":true,"href":"https:\/\/arte351.pt\/art\/wp-json\/wp\/v2\/media\/4994"}],"wp:attachment":[{"href":"https:\/\/arte351.pt\/art\/wp-json\/wp\/v2\/media?parent=4992"}],"wp:term":[{"taxonomy":"category","embeddable":true,"href":"https:\/\/arte351.pt\/art\/wp-json\/wp\/v2\/categories?post=4992"},{"taxonomy":"post_tag","embeddable":true,"href":"https:\/\/arte351.pt\/art\/wp-json\/wp\/v2\/tags?post=4992"}],"curies":[{"name":"wp","href":"https:\/\/api.w.org\/{rel}","templated":true}]}}