{"id":5507,"date":"2021-08-14T09:32:03","date_gmt":"2021-08-14T09:32:03","guid":{"rendered":"https:\/\/arte351.pt\/art\/?p=5507"},"modified":"2021-08-17T09:38:01","modified_gmt":"2021-08-17T09:38:01","slug":"decada-de-80-e-revivida-com-o-musical-oicam-oitentamente","status":"publish","type":"post","link":"https:\/\/arte351.pt\/art\/2021\/08\/14\/decada-de-80-e-revivida-com-o-musical-oicam-oitentamente\/","title":{"rendered":"D\u00e9cada de 80 \u00e9 revivida com o musical &#8220;Oi\u00e7am Oitentamente\u201d"},"content":{"rendered":"<p>O espect\u00e1culo \u201cOi\u00e7am Oitentamente\u201d continua em destaque no Audit\u00f3rio do <a href=\"https:\/\/arte351.pt\/art\/tag\/casino-estoril\/\" target=\"_blank\" rel=\"noopener\">Casino Estoril<\/a>. Com um ambiente revivalista, o musical, de Henrique Feist, convida o p\u00fablico a recordar composi\u00e7\u00f5es que marcaram, precisamente, a d\u00e9cada de 80 do s\u00e9culo XX.<\/p>\n<p>Em Agosto, o ciclo de representa\u00e7\u00f5es prossegue, \u00e0s sextas-feiras e aos s\u00e1bados, \u00e0s 21 horas. Os \u00eaxitos musicais da d\u00e9cada de 80 e alguns dos mais importantes momentos hist\u00f3ricos que marcaram Portugal e o Mundo s\u00e3o revistos neste espect\u00e1culo que conta com interpreta\u00e7\u00f5es musicais de Henrique Feist, Diogo Leite, Mariana Pacheco e Valter Mira.<\/p>\n<p>Junta-se, ainda, Nuno Feist que est\u00e1 encarregue da direc\u00e7\u00e3o musical desta produ\u00e7\u00e3o que segue toda uma linha montada h\u00e1 alguns anos pela Artfeist para conquistar o p\u00fablico. A coreografia \u00e9 de Ricardo Morujo e a direc\u00e7\u00e3o t\u00e9cnica de Paulo Santos.<\/p>\n<p>A base s\u00e3o as \u00e9pocas e temas musicais, depois \u00e9 baralhar, trabalhar, encontrar as vozes e voltar a surpreender com um espect\u00e1culo que convida a assist\u00eancia a viajar para \u00e9pocas anteriores e onde v\u00e1rios s\u00e3o os sons que se tornaram eternos.<\/p>\n<p>Quem viu e gostou dos espect\u00e1culos anteriores apresentados pela ArtFeist, vai querer ver este \u201cOi\u00e7am Oitentamente\u201d, onde o elenco j\u00e1 \u00e9 conhecido, os temas s\u00e3o para ser cantarolados tamb\u00e9m na plateia e os aplausos fazem-se ouvir ao longo de v\u00e1rios momentos nas quase duas horas de sess\u00e3o.<\/p>\n<p>Em Agosto, o Audit\u00f3rio do <a href=\"https:\/\/arte351.pt\/art\/tag\/casino-estoril\/\" target=\"_blank\" rel=\"noopener\">Casino Estoril<\/a> recebe, \u00e0s sextas-feiras e aos s\u00e1bados, pelas 21 horas, o musical \u201cOi\u00e7am Oitentamente\u201d. M\/12. Pre\u00e7o: 15\u20ac.<\/p>\n<p>As actua\u00e7\u00f5es est\u00e3o agendadas para os dias: 6, 7, 13, 14, 20, 21, 27 e 28 de Agosto.<br \/>\nTicketline &#8211; As reservas podem ser efectuadas:<br \/>\n&#8211; Tel: 707 234 234<br \/>\n&#8211; Info &amp;amp; Reservas ligue 1820 (24h).<br \/>\nBilhetes \u00e0 venda em: <a href=\"https:\/\/ticketline.sapo.pt\/evento\/oicam-oitentamente-de-henrique-feist-55341\" target=\"_blank\" rel=\"noopener\">https:\/\/ticketline.sapo.pt\/evento\/oicam-oitentamente-de-henrique-feist-55341<\/a><\/p>\n","protected":false},"excerpt":{"rendered":"<p>O espect\u00e1culo \u201cOi\u00e7am Oitentamente\u201d continua em destaque no Audit\u00f3rio do Casino Estoril. Com um ambiente revivalista, o musical, de Henrique Feist, convida o p\u00fablico a recordar composi\u00e7\u00f5es que marcaram, precisamente, [&hellip;]<\/p>\n","protected":false},"author":3,"featured_media":5508,"comment_status":"closed","ping_status":"closed","sticky":false,"template":"","format":"standard","meta":{"_exactmetrics_skip_tracking":false,"_exactmetrics_sitenote_active":false,"_exactmetrics_sitenote_note":"","_exactmetrics_sitenote_category":0,"_uf_show_specific_survey":0,"_uf_disable_surveys":false,"footnotes":""},"categories":[457],"tags":[306],"class_list":["post-5507","post","type-post","status-publish","format-standard","has-post-thumbnail","hentry","category-musica","tag-casino-estoril"],"yoast_head":"<!-- This site is optimized with the Yoast SEO plugin v27.3 - https:\/\/yoast.com\/product\/yoast-seo-wordpress\/ -->\n<title>D\u00e9cada de 80 \u00e9 revivida com o musical &quot;Oi\u00e7am Oitentamente\u201d<\/title>\n<meta name=\"description\" content=\"d\u00e9cada de 80 e alguns dos mais importantes momentos hist\u00f3ricos que marcaram Portugal e o Mundo s\u00e3o revistos neste espect\u00e1culo...\" \/>\n<meta name=\"robots\" content=\"index, follow, max-snippet:-1, max-image-preview:large, max-video-preview:-1\" \/>\n<link rel=\"canonical\" href=\"https:\/\/arte351.pt\/art\/2021\/08\/14\/decada-de-80-e-revivida-com-o-musical-oicam-oitentamente\/\" \/>\n<meta property=\"og:locale\" content=\"pt_BR\" \/>\n<meta property=\"og:type\" content=\"article\" \/>\n<meta property=\"og:title\" content=\"D\u00e9cada de 80 \u00e9 revivida com o musical &quot;Oi\u00e7am Oitentamente\u201d\" \/>\n<meta property=\"og:description\" content=\"d\u00e9cada de 80 e alguns dos mais importantes momentos hist\u00f3ricos que marcaram Portugal e o Mundo s\u00e3o revistos neste espect\u00e1culo...\" \/>\n<meta property=\"og:url\" content=\"https:\/\/arte351.pt\/art\/2021\/08\/14\/decada-de-80-e-revivida-com-o-musical-oicam-oitentamente\/\" \/>\n<meta property=\"og:site_name\" content=\"Arte351 - Art Magazine Portugal\" \/>\n<meta property=\"article:publisher\" content=\"https:\/\/www.facebook.com\/arte351magazine\/\" \/>\n<meta property=\"article:published_time\" content=\"2021-08-14T09:32:03+00:00\" \/>\n<meta property=\"article:modified_time\" content=\"2021-08-17T09:38:01+00:00\" \/>\n<meta property=\"og:image\" content=\"https:\/\/arte351.pt\/art\/wp-content\/uploads\/2021\/08\/de\u0301cada-de-80.jpg\" \/>\n\t<meta property=\"og:image:width\" content=\"1200\" \/>\n\t<meta property=\"og:image:height\" content=\"578\" \/>\n\t<meta property=\"og:image:type\" content=\"image\/jpeg\" \/>\n<meta name=\"author\" content=\"Equipa Arte351\" \/>\n<meta name=\"twitter:label1\" content=\"Escrito por\" \/>\n\t<meta name=\"twitter:data1\" content=\"Equipa Arte351\" \/>\n\t<meta name=\"twitter:label2\" content=\"Est. tempo de leitura\" \/>\n\t<meta name=\"twitter:data2\" content=\"2 minutos\" \/>\n<script type=\"application\/ld+json\" class=\"yoast-schema-graph\">{\"@context\":\"https:\\\/\\\/schema.org\",\"@graph\":[{\"@type\":\"Article\",\"@id\":\"https:\\\/\\\/arte351.pt\\\/art\\\/2021\\\/08\\\/14\\\/decada-de-80-e-revivida-com-o-musical-oicam-oitentamente\\\/#article\",\"isPartOf\":{\"@id\":\"https:\\\/\\\/arte351.pt\\\/art\\\/2021\\\/08\\\/14\\\/decada-de-80-e-revivida-com-o-musical-oicam-oitentamente\\\/\"},\"author\":{\"name\":\"Equipa Arte351\",\"@id\":\"https:\\\/\\\/arte351.pt\\\/art\\\/#\\\/schema\\\/person\\\/f2cfae59497206be61c53c217757b930\"},\"headline\":\"D\u00e9cada de 80 \u00e9 revivida com o musical &#8220;Oi\u00e7am Oitentamente\u201d\",\"datePublished\":\"2021-08-14T09:32:03+00:00\",\"dateModified\":\"2021-08-17T09:38:01+00:00\",\"mainEntityOfPage\":{\"@id\":\"https:\\\/\\\/arte351.pt\\\/art\\\/2021\\\/08\\\/14\\\/decada-de-80-e-revivida-com-o-musical-oicam-oitentamente\\\/\"},\"wordCount\":315,\"publisher\":{\"@id\":\"https:\\\/\\\/arte351.pt\\\/art\\\/#organization\"},\"image\":{\"@id\":\"https:\\\/\\\/arte351.pt\\\/art\\\/2021\\\/08\\\/14\\\/decada-de-80-e-revivida-com-o-musical-oicam-oitentamente\\\/#primaryimage\"},\"thumbnailUrl\":\"https:\\\/\\\/arte351.pt\\\/art\\\/wp-content\\\/uploads\\\/2021\\\/08\\\/de\u0301cada-de-80.jpg\",\"keywords\":[\"Casino Estoril\"],\"articleSection\":[\"M\u00fasica\"],\"inLanguage\":\"pt-BR\"},{\"@type\":\"WebPage\",\"@id\":\"https:\\\/\\\/arte351.pt\\\/art\\\/2021\\\/08\\\/14\\\/decada-de-80-e-revivida-com-o-musical-oicam-oitentamente\\\/\",\"url\":\"https:\\\/\\\/arte351.pt\\\/art\\\/2021\\\/08\\\/14\\\/decada-de-80-e-revivida-com-o-musical-oicam-oitentamente\\\/\",\"name\":\"D\u00e9cada de 80 \u00e9 revivida com o musical \\\"Oi\u00e7am Oitentamente\u201d\",\"isPartOf\":{\"@id\":\"https:\\\/\\\/arte351.pt\\\/art\\\/#website\"},\"primaryImageOfPage\":{\"@id\":\"https:\\\/\\\/arte351.pt\\\/art\\\/2021\\\/08\\\/14\\\/decada-de-80-e-revivida-com-o-musical-oicam-oitentamente\\\/#primaryimage\"},\"image\":{\"@id\":\"https:\\\/\\\/arte351.pt\\\/art\\\/2021\\\/08\\\/14\\\/decada-de-80-e-revivida-com-o-musical-oicam-oitentamente\\\/#primaryimage\"},\"thumbnailUrl\":\"https:\\\/\\\/arte351.pt\\\/art\\\/wp-content\\\/uploads\\\/2021\\\/08\\\/de\u0301cada-de-80.jpg\",\"datePublished\":\"2021-08-14T09:32:03+00:00\",\"dateModified\":\"2021-08-17T09:38:01+00:00\",\"description\":\"d\u00e9cada de 80 e alguns dos mais importantes momentos hist\u00f3ricos que marcaram Portugal e o Mundo s\u00e3o revistos neste espect\u00e1culo...\",\"breadcrumb\":{\"@id\":\"https:\\\/\\\/arte351.pt\\\/art\\\/2021\\\/08\\\/14\\\/decada-de-80-e-revivida-com-o-musical-oicam-oitentamente\\\/#breadcrumb\"},\"inLanguage\":\"pt-BR\",\"potentialAction\":[{\"@type\":\"ReadAction\",\"target\":[\"https:\\\/\\\/arte351.pt\\\/art\\\/2021\\\/08\\\/14\\\/decada-de-80-e-revivida-com-o-musical-oicam-oitentamente\\\/\"]}]},{\"@type\":\"ImageObject\",\"inLanguage\":\"pt-BR\",\"@id\":\"https:\\\/\\\/arte351.pt\\\/art\\\/2021\\\/08\\\/14\\\/decada-de-80-e-revivida-com-o-musical-oicam-oitentamente\\\/#primaryimage\",\"url\":\"https:\\\/\\\/arte351.pt\\\/art\\\/wp-content\\\/uploads\\\/2021\\\/08\\\/de\u0301cada-de-80.jpg\",\"contentUrl\":\"https:\\\/\\\/arte351.pt\\\/art\\\/wp-content\\\/uploads\\\/2021\\\/08\\\/de\u0301cada-de-80.jpg\",\"width\":1200,\"height\":578},{\"@type\":\"BreadcrumbList\",\"@id\":\"https:\\\/\\\/arte351.pt\\\/art\\\/2021\\\/08\\\/14\\\/decada-de-80-e-revivida-com-o-musical-oicam-oitentamente\\\/#breadcrumb\",\"itemListElement\":[{\"@type\":\"ListItem\",\"position\":1,\"name\":\"In\u00edcio\",\"item\":\"https:\\\/\\\/arte351.pt\\\/art\\\/\"},{\"@type\":\"ListItem\",\"position\":2,\"name\":\"D\u00e9cada de 80 \u00e9 revivida com o musical &#8220;Oi\u00e7am Oitentamente\u201d\"}]},{\"@type\":\"WebSite\",\"@id\":\"https:\\\/\\\/arte351.pt\\\/art\\\/#website\",\"url\":\"https:\\\/\\\/arte351.pt\\\/art\\\/\",\"name\":\"Arte351 - Art Magazine Portugal\",\"description\":\"\",\"publisher\":{\"@id\":\"https:\\\/\\\/arte351.pt\\\/art\\\/#organization\"},\"potentialAction\":[{\"@type\":\"SearchAction\",\"target\":{\"@type\":\"EntryPoint\",\"urlTemplate\":\"https:\\\/\\\/arte351.pt\\\/art\\\/?s={search_term_string}\"},\"query-input\":{\"@type\":\"PropertyValueSpecification\",\"valueRequired\":true,\"valueName\":\"search_term_string\"}}],\"inLanguage\":\"pt-BR\"},{\"@type\":\"Organization\",\"@id\":\"https:\\\/\\\/arte351.pt\\\/art\\\/#organization\",\"name\":\"Arte351 - Art Magazine Portugal\",\"url\":\"https:\\\/\\\/arte351.pt\\\/art\\\/\",\"logo\":{\"@type\":\"ImageObject\",\"inLanguage\":\"pt-BR\",\"@id\":\"https:\\\/\\\/arte351.pt\\\/art\\\/#\\\/schema\\\/logo\\\/image\\\/\",\"url\":\"https:\\\/\\\/arte351.pt\\\/art\\\/wp-content\\\/uploads\\\/2020\\\/03\\\/cropped-logo-arte351-color.png\",\"contentUrl\":\"https:\\\/\\\/arte351.pt\\\/art\\\/wp-content\\\/uploads\\\/2020\\\/03\\\/cropped-logo-arte351-color.png\",\"width\":514,\"height\":200,\"caption\":\"Arte351 - Art Magazine Portugal\"},\"image\":{\"@id\":\"https:\\\/\\\/arte351.pt\\\/art\\\/#\\\/schema\\\/logo\\\/image\\\/\"},\"sameAs\":[\"https:\\\/\\\/www.facebook.com\\\/arte351magazine\\\/\"]},{\"@type\":\"Person\",\"@id\":\"https:\\\/\\\/arte351.pt\\\/art\\\/#\\\/schema\\\/person\\\/f2cfae59497206be61c53c217757b930\",\"name\":\"Equipa Arte351\",\"image\":{\"@type\":\"ImageObject\",\"inLanguage\":\"pt-BR\",\"@id\":\"https:\\\/\\\/secure.gravatar.com\\\/avatar\\\/6caca56323d52e15e83fc5635240c86f7e52fd46fa8d5df9a709d99f5aa1638e?s=96&d=mm&r=g\",\"url\":\"https:\\\/\\\/secure.gravatar.com\\\/avatar\\\/6caca56323d52e15e83fc5635240c86f7e52fd46fa8d5df9a709d99f5aa1638e?s=96&d=mm&r=g\",\"contentUrl\":\"https:\\\/\\\/secure.gravatar.com\\\/avatar\\\/6caca56323d52e15e83fc5635240c86f7e52fd46fa8d5df9a709d99f5aa1638e?s=96&d=mm&r=g\",\"caption\":\"Equipa Arte351\"},\"url\":\"https:\\\/\\\/arte351.pt\\\/art\\\/author\\\/caroleenbass\\\/\"}]}<\/script>\n<!-- \/ Yoast SEO plugin. -->","yoast_head_json":{"title":"D\u00e9cada de 80 \u00e9 revivida com o musical \"Oi\u00e7am Oitentamente\u201d","description":"d\u00e9cada de 80 e alguns dos mais importantes momentos hist\u00f3ricos que marcaram Portugal e o Mundo s\u00e3o revistos neste espect\u00e1culo...","robots":{"index":"index","follow":"follow","max-snippet":"max-snippet:-1","max-image-preview":"max-image-preview:large","max-video-preview":"max-video-preview:-1"},"canonical":"https:\/\/arte351.pt\/art\/2021\/08\/14\/decada-de-80-e-revivida-com-o-musical-oicam-oitentamente\/","og_locale":"pt_BR","og_type":"article","og_title":"D\u00e9cada de 80 \u00e9 revivida com o musical \"Oi\u00e7am Oitentamente\u201d","og_description":"d\u00e9cada de 80 e alguns dos mais importantes momentos hist\u00f3ricos que marcaram Portugal e o Mundo s\u00e3o revistos neste espect\u00e1culo...","og_url":"https:\/\/arte351.pt\/art\/2021\/08\/14\/decada-de-80-e-revivida-com-o-musical-oicam-oitentamente\/","og_site_name":"Arte351 - Art Magazine Portugal","article_publisher":"https:\/\/www.facebook.com\/arte351magazine\/","article_published_time":"2021-08-14T09:32:03+00:00","article_modified_time":"2021-08-17T09:38:01+00:00","og_image":[{"width":1200,"height":578,"url":"https:\/\/arte351.pt\/art\/wp-content\/uploads\/2021\/08\/de\u0301cada-de-80.jpg","type":"image\/jpeg"}],"author":"Equipa Arte351","twitter_misc":{"Escrito por":"Equipa Arte351","Est. tempo de leitura":"2 minutos"},"schema":{"@context":"https:\/\/schema.org","@graph":[{"@type":"Article","@id":"https:\/\/arte351.pt\/art\/2021\/08\/14\/decada-de-80-e-revivida-com-o-musical-oicam-oitentamente\/#article","isPartOf":{"@id":"https:\/\/arte351.pt\/art\/2021\/08\/14\/decada-de-80-e-revivida-com-o-musical-oicam-oitentamente\/"},"author":{"name":"Equipa Arte351","@id":"https:\/\/arte351.pt\/art\/#\/schema\/person\/f2cfae59497206be61c53c217757b930"},"headline":"D\u00e9cada de 80 \u00e9 revivida com o musical &#8220;Oi\u00e7am Oitentamente\u201d","datePublished":"2021-08-14T09:32:03+00:00","dateModified":"2021-08-17T09:38:01+00:00","mainEntityOfPage":{"@id":"https:\/\/arte351.pt\/art\/2021\/08\/14\/decada-de-80-e-revivida-com-o-musical-oicam-oitentamente\/"},"wordCount":315,"publisher":{"@id":"https:\/\/arte351.pt\/art\/#organization"},"image":{"@id":"https:\/\/arte351.pt\/art\/2021\/08\/14\/decada-de-80-e-revivida-com-o-musical-oicam-oitentamente\/#primaryimage"},"thumbnailUrl":"https:\/\/arte351.pt\/art\/wp-content\/uploads\/2021\/08\/de\u0301cada-de-80.jpg","keywords":["Casino Estoril"],"articleSection":["M\u00fasica"],"inLanguage":"pt-BR"},{"@type":"WebPage","@id":"https:\/\/arte351.pt\/art\/2021\/08\/14\/decada-de-80-e-revivida-com-o-musical-oicam-oitentamente\/","url":"https:\/\/arte351.pt\/art\/2021\/08\/14\/decada-de-80-e-revivida-com-o-musical-oicam-oitentamente\/","name":"D\u00e9cada de 80 \u00e9 revivida com o musical \"Oi\u00e7am Oitentamente\u201d","isPartOf":{"@id":"https:\/\/arte351.pt\/art\/#website"},"primaryImageOfPage":{"@id":"https:\/\/arte351.pt\/art\/2021\/08\/14\/decada-de-80-e-revivida-com-o-musical-oicam-oitentamente\/#primaryimage"},"image":{"@id":"https:\/\/arte351.pt\/art\/2021\/08\/14\/decada-de-80-e-revivida-com-o-musical-oicam-oitentamente\/#primaryimage"},"thumbnailUrl":"https:\/\/arte351.pt\/art\/wp-content\/uploads\/2021\/08\/de\u0301cada-de-80.jpg","datePublished":"2021-08-14T09:32:03+00:00","dateModified":"2021-08-17T09:38:01+00:00","description":"d\u00e9cada de 80 e alguns dos mais importantes momentos hist\u00f3ricos que marcaram Portugal e o Mundo s\u00e3o revistos neste espect\u00e1culo...","breadcrumb":{"@id":"https:\/\/arte351.pt\/art\/2021\/08\/14\/decada-de-80-e-revivida-com-o-musical-oicam-oitentamente\/#breadcrumb"},"inLanguage":"pt-BR","potentialAction":[{"@type":"ReadAction","target":["https:\/\/arte351.pt\/art\/2021\/08\/14\/decada-de-80-e-revivida-com-o-musical-oicam-oitentamente\/"]}]},{"@type":"ImageObject","inLanguage":"pt-BR","@id":"https:\/\/arte351.pt\/art\/2021\/08\/14\/decada-de-80-e-revivida-com-o-musical-oicam-oitentamente\/#primaryimage","url":"https:\/\/arte351.pt\/art\/wp-content\/uploads\/2021\/08\/de\u0301cada-de-80.jpg","contentUrl":"https:\/\/arte351.pt\/art\/wp-content\/uploads\/2021\/08\/de\u0301cada-de-80.jpg","width":1200,"height":578},{"@type":"BreadcrumbList","@id":"https:\/\/arte351.pt\/art\/2021\/08\/14\/decada-de-80-e-revivida-com-o-musical-oicam-oitentamente\/#breadcrumb","itemListElement":[{"@type":"ListItem","position":1,"name":"In\u00edcio","item":"https:\/\/arte351.pt\/art\/"},{"@type":"ListItem","position":2,"name":"D\u00e9cada de 80 \u00e9 revivida com o musical &#8220;Oi\u00e7am Oitentamente\u201d"}]},{"@type":"WebSite","@id":"https:\/\/arte351.pt\/art\/#website","url":"https:\/\/arte351.pt\/art\/","name":"Arte351 - Art Magazine Portugal","description":"","publisher":{"@id":"https:\/\/arte351.pt\/art\/#organization"},"potentialAction":[{"@type":"SearchAction","target":{"@type":"EntryPoint","urlTemplate":"https:\/\/arte351.pt\/art\/?s={search_term_string}"},"query-input":{"@type":"PropertyValueSpecification","valueRequired":true,"valueName":"search_term_string"}}],"inLanguage":"pt-BR"},{"@type":"Organization","@id":"https:\/\/arte351.pt\/art\/#organization","name":"Arte351 - Art Magazine Portugal","url":"https:\/\/arte351.pt\/art\/","logo":{"@type":"ImageObject","inLanguage":"pt-BR","@id":"https:\/\/arte351.pt\/art\/#\/schema\/logo\/image\/","url":"https:\/\/arte351.pt\/art\/wp-content\/uploads\/2020\/03\/cropped-logo-arte351-color.png","contentUrl":"https:\/\/arte351.pt\/art\/wp-content\/uploads\/2020\/03\/cropped-logo-arte351-color.png","width":514,"height":200,"caption":"Arte351 - Art Magazine Portugal"},"image":{"@id":"https:\/\/arte351.pt\/art\/#\/schema\/logo\/image\/"},"sameAs":["https:\/\/www.facebook.com\/arte351magazine\/"]},{"@type":"Person","@id":"https:\/\/arte351.pt\/art\/#\/schema\/person\/f2cfae59497206be61c53c217757b930","name":"Equipa Arte351","image":{"@type":"ImageObject","inLanguage":"pt-BR","@id":"https:\/\/secure.gravatar.com\/avatar\/6caca56323d52e15e83fc5635240c86f7e52fd46fa8d5df9a709d99f5aa1638e?s=96&d=mm&r=g","url":"https:\/\/secure.gravatar.com\/avatar\/6caca56323d52e15e83fc5635240c86f7e52fd46fa8d5df9a709d99f5aa1638e?s=96&d=mm&r=g","contentUrl":"https:\/\/secure.gravatar.com\/avatar\/6caca56323d52e15e83fc5635240c86f7e52fd46fa8d5df9a709d99f5aa1638e?s=96&d=mm&r=g","caption":"Equipa Arte351"},"url":"https:\/\/arte351.pt\/art\/author\/caroleenbass\/"}]}},"_links":{"self":[{"href":"https:\/\/arte351.pt\/art\/wp-json\/wp\/v2\/posts\/5507","targetHints":{"allow":["GET"]}}],"collection":[{"href":"https:\/\/arte351.pt\/art\/wp-json\/wp\/v2\/posts"}],"about":[{"href":"https:\/\/arte351.pt\/art\/wp-json\/wp\/v2\/types\/post"}],"author":[{"embeddable":true,"href":"https:\/\/arte351.pt\/art\/wp-json\/wp\/v2\/users\/3"}],"replies":[{"embeddable":true,"href":"https:\/\/arte351.pt\/art\/wp-json\/wp\/v2\/comments?post=5507"}],"version-history":[{"count":1,"href":"https:\/\/arte351.pt\/art\/wp-json\/wp\/v2\/posts\/5507\/revisions"}],"predecessor-version":[{"id":5509,"href":"https:\/\/arte351.pt\/art\/wp-json\/wp\/v2\/posts\/5507\/revisions\/5509"}],"wp:featuredmedia":[{"embeddable":true,"href":"https:\/\/arte351.pt\/art\/wp-json\/wp\/v2\/media\/5508"}],"wp:attachment":[{"href":"https:\/\/arte351.pt\/art\/wp-json\/wp\/v2\/media?parent=5507"}],"wp:term":[{"taxonomy":"category","embeddable":true,"href":"https:\/\/arte351.pt\/art\/wp-json\/wp\/v2\/categories?post=5507"},{"taxonomy":"post_tag","embeddable":true,"href":"https:\/\/arte351.pt\/art\/wp-json\/wp\/v2\/tags?post=5507"}],"curies":[{"name":"wp","href":"https:\/\/api.w.org\/{rel}","templated":true}]}}