{"id":5615,"date":"2021-09-10T07:58:19","date_gmt":"2021-09-10T07:58:19","guid":{"rendered":"https:\/\/arte351.pt\/art\/?p=5615"},"modified":"2021-09-06T16:12:37","modified_gmt":"2021-09-06T16:12:37","slug":"festival-internacional-de-dancas-e-musicas-antigas-portingaloise-2021","status":"publish","type":"post","link":"https:\/\/arte351.pt\/art\/2021\/09\/10\/festival-internacional-de-dancas-e-musicas-antigas-portingaloise-2021\/","title":{"rendered":"Festival Internacional de Dan\u00e7as e M\u00fasicas Antigas &#8211; Portingaloise 2021"},"content":{"rendered":"<p>O Ciclo de Ver\u00e3o da 7\u00aa edi\u00e7\u00e3o do\u00a0<strong>PORTINGALOISE\u00a0&#8211; Festival Internacional de Dan\u00e7as e M\u00fasicas Antigas<\/strong> est\u00e1 de volta ao Armaz\u00e9m22, em Gaia, nos dias 10 e 12 de Setembro.<\/p>\n<p>Promovido pela Kale Companhia de Dan\u00e7a, em parceria com a\u00a0<strong>Portingaloise<\/strong>\u00a0Associa\u00e7\u00e3o Cultural e Art\u00edstica e direc\u00e7\u00e3o art\u00edstica de Catarina Costa e Silva,\u00a0\u00e9 um festival que conjuga cria\u00e7\u00e3o, forma\u00e7\u00e3o e divulga\u00e7\u00e3o de trabalhos relacionados com o patrim\u00f3nio coreogr\u00e1fico europeu do s\u00e9culo XV ao s\u00e9culo XIX.<\/p>\n<p style=\"font-weight: 400;\">Neste Ciclo de Ver\u00e3o, para al\u00e9m do Encontro Acad\u00e9mico e da componente formativa, o foco estar\u00e1 na nova cria\u00e7\u00e3o <strong>Portingaloise<\/strong>: Balle de las Dan\u00e7as, que estreia no dia 10, \u00e0s 21h00, no Armaz\u00e9m22.<\/p>\n<p style=\"font-weight: 400;\">Trata-se de um entre v\u00e1rios Bailes presentes no Manuscrito 471 do Arquivo Distrital de Braga e editados criticamente pelo music\u00f3logo Xos\u00e9 Gandara Eiroa (2009).<\/p>\n<p style=\"font-weight: 400;\">Uma pe\u00e7a de teatro breve em que o pretexto dram\u00e1tico \u00e9 a concilia\u00e7\u00e3o de m\u00fasica e <a href=\"https:\/\/arte351.pt\/art\/category\/danca\/\" target=\"_blank\" rel=\"noopener\">dan\u00e7a<\/a> retratando personagens tipo, alegorias ou \u2013 como \u00e9 o caso \u2013 dan\u00e7as como personagens que v\u00e3o definindo os seus caracteres distintos ao longo da pe\u00e7a.<\/p>\n<p style=\"font-weight: 400;\">As dan\u00e7as aqui retratadas s\u00e3o europeias, renascentistas e barrocas, desde o saltarello ao villano, at\u00e9 ao sarambeque que incorpora ritmos africanos. Constituem assim exemplos coreicos que revestem esta obra de particular interesse tanto para a investiga\u00e7\u00e3o como tamb\u00e9m para o crescente interesse do p\u00fablico pelas dan\u00e7as de outrora e especificamente da geografia ib\u00e9rica.<\/p>\n<p style=\"font-weight: 400;\">Esta nova cria\u00e7\u00e3o incluir\u00e1 ainda o olhar expressivo da artista audiovisual Adriana Romero que enriquecer\u00e1 o espect\u00e1culo. \u201cBalle de las dan\u00e7as\u201d tem direc\u00e7\u00e3o art\u00edstica de Catarina Costa e Silva e \u00e9 interpretado pelo Ensemble\u00a0<strong>Portingaloise<\/strong>. Com estreia prevista para 2020, entretanto impossibilitada pela pandemia, ser\u00e1 finalmente apresentado no Ciclo de Ver\u00e3o.<\/p>\n<p style=\"font-weight: 400;\">O Encontro Acad\u00e9mico acontece no dia 12, entre as 15h00 e as 19h00, e\u00a0ser\u00e1 composto por um conjunto de comunica\u00e7\u00f5es seguido por uma Mesa Redonda sobre esta nova cria\u00e7\u00e3o e as suas peculiaridades. Contar\u00e1 assim com a participa\u00e7\u00e3o dos int\u00e9rpretes e direc\u00e7\u00e3o, assim como do music\u00f3logo respons\u00e1vel pela edi\u00e7\u00e3o moderna desta fonte do in\u00edcio do s\u00e9c. XVIII tendo, mais uma vez,\u00a0a chancela do Centro de Estudos Cl\u00e1ssicos e Human\u00edsticos da Universidade de Coimbra.<\/p>\n<p>&nbsp;<\/p>\n<p><strong>Balle de las dan\u00e7as &#8211; processo de reconstru\u00e7\u00e3o e recria\u00e7\u00e3o<\/strong><br \/>\nPor Catarina Costa e Silva (Portingaloise\/ CECH-UC) Hugo Sanches (Esmae-IPP\/ CECH-UC) e Pedro<br \/>\nM. Santos (Portingaloise\/Esmae-IPP)<\/p>\n<p><strong>Negrillas: el sujeto afrocolonial enunciado en la m\u00fasica virreinal del \u00e1rea andina boliviana. La Natividad dramatizada en el canto y la danza<\/strong><br \/>\nPor Teresita Campa\u00f1a (Danza Barroca de Buenos Aires)<\/p>\n<p><strong>Gil Vicente, nosso contempor\u00e2neo?<\/strong><br \/>\nPor Nuno Meireles (FLUC)<\/p>\n<p>&nbsp;<\/p>\n<p style=\"font-weight: 400;\">Destina-se a p\u00fablico abrangente, especializado ou n\u00e3o, com particular interesse na recria\u00e7\u00e3o do espect\u00e1culo do s\u00e9culo XVII. Lota\u00e7\u00e3o m\u00e1xima de 10 pessoas,\u00a0<a href=\"https:\/\/docs.google.com\/forms\/d\/1gXLuBFRTwhNmFG7Hv_Z4T_sF4Xhx6qsMK6g5sWcj_HE\/viewform?edit_requested=true\" data-saferedirecturl=\"https:\/\/www.google.com\/url?q=https:\/\/docs.google.com\/forms\/d\/1gXLuBFRTwhNmFG7Hv_Z4T_sF4Xhx6qsMK6g5sWcj_HE\/viewform?edit_requested%3Dtrue&amp;source=gmail&amp;ust=1631029468772000&amp;usg=AFQjCNEKrlOg2UPR2C6hYhWPbWtS9yOhSA\">mediante inscri\u00e7\u00e3o<\/a>, com transmiss\u00e3o online via\u00a0<a href=\"https:\/\/www.facebook.com\/avinteedois\" data-saferedirecturl=\"https:\/\/www.google.com\/url?q=https:\/\/www.facebook.com\/avinteedois&amp;source=gmail&amp;ust=1631029468772000&amp;usg=AFQjCNFXfdq7yHMbzf7eCHxdqUSx6Qdoqw\">Facebook Armaz\u00e9m22<\/a>.<\/p>\n<p style=\"font-weight: 400;\">Na componente formativa<strong>\u00a0<\/strong>(dia 12, das 11h00 \u00e0s 13h00, no Armaz\u00e9m22), ser\u00e1 realizada uma aula presencial, com transmiss\u00e3o online via plataforma Zoom, a prop\u00f3sito das dan\u00e7as inclu\u00eddas no Balle de las Dan\u00e7as \u2013 destina-se a p\u00fablicos de diferentes faixas et\u00e1rias e com diferentes n\u00edveis de aptid\u00e3o e experi\u00eancia em <a href=\"https:\/\/arte351.pt\/art\/category\/danca\/\" target=\"_blank\" rel=\"noopener\">dan\u00e7a<\/a>.\u00a0 Lota\u00e7\u00e3o m\u00e1xima de 10 pessoas,\u00a0<a href=\"https:\/\/docs.google.com\/forms\/d\/1gXLuBFRTwhNmFG7Hv_Z4T_sF4Xhx6qsMK6g5sWcj_HE\/viewform?edit_requested=true\" data-saferedirecturl=\"https:\/\/www.google.com\/url?q=https:\/\/docs.google.com\/forms\/d\/1gXLuBFRTwhNmFG7Hv_Z4T_sF4Xhx6qsMK6g5sWcj_HE\/viewform?edit_requested%3Dtrue&amp;source=gmail&amp;ust=1631029468772000&amp;usg=AFQjCNEKrlOg2UPR2C6hYhWPbWtS9yOhSA\">mediante inscri\u00e7\u00e3o<\/a>.<\/p>\n<p>Data-limite das inscri\u00e7\u00f5es para participa\u00e7\u00e3o presencial: 10 de Setembro de 2021, 12h00.<br \/>\nMais informa\u00e7\u00e3o: <a href=\"http:\/\/kale.pt\/portingaloise\" target=\"_blank\" rel=\"noopener\">kale.pt\/portingaloise<\/a><\/p>\n<p>&nbsp;<\/p>\n<h3><strong>Programa Portingaloise 2021<\/strong><\/h3>\n<p>10\/09 \u2013 21H00<br \/>\nBALLE DE LAS DAN\u00c7AS (ESTREIA)<\/p>\n<p>12\/09 \u2013 11H00-13H00<br \/>\nAS DAN\u00c7AS NO<br \/>\nBALLE DE LAS DAN\u00c7AS<br \/>\nAULA PRESENCIAL E ONLINE<\/p>\n<p>12\/09 \u2013 15H00-19H00<br \/>\nENCONTRO ACAD\u00c9MICO*<\/p>\n<p>* Com transmiss\u00e3o online<br \/>\nno Facebook Armaz\u00e9m22<\/p>\n","protected":false},"excerpt":{"rendered":"<p>O Ciclo de Ver\u00e3o da 7\u00aa edi\u00e7\u00e3o do\u00a0PORTINGALOISE\u00a0&#8211; Festival Internacional de Dan\u00e7as e M\u00fasicas Antigas est\u00e1 de volta ao Armaz\u00e9m22, em Gaia, nos dias 10 e 12 de Setembro. Promovido [&hellip;]<\/p>\n","protected":false},"author":3,"featured_media":5616,"comment_status":"closed","ping_status":"closed","sticky":false,"template":"","format":"standard","meta":{"_exactmetrics_skip_tracking":false,"_exactmetrics_sitenote_active":false,"_exactmetrics_sitenote_note":"","_exactmetrics_sitenote_category":0,"_uf_show_specific_survey":0,"_uf_disable_surveys":false,"footnotes":""},"categories":[898],"tags":[1059],"class_list":["post-5615","post","type-post","status-publish","format-standard","has-post-thumbnail","hentry","category-danca","tag-portingaloise"],"yoast_head":"<!-- This site is optimized with the Yoast SEO plugin v27.3 - https:\/\/yoast.com\/product\/yoast-seo-wordpress\/ -->\n<title>Festival Internacional de Dan\u00e7as e M\u00fasicas Antigas - Portingaloise 2021<\/title>\n<meta name=\"description\" content=\"O Ciclo de Ver\u00e3o da 7\u00aa edi\u00e7\u00e3o do\u00a0PORTINGALOISE\u00a0- Festival Internacional de Dan\u00e7as e M\u00fasicas Antigas est\u00e1 de volta ao Armaz\u00e9m22, em Gaia..\" \/>\n<meta name=\"robots\" content=\"index, follow, max-snippet:-1, max-image-preview:large, max-video-preview:-1\" \/>\n<link rel=\"canonical\" href=\"https:\/\/arte351.pt\/art\/2021\/09\/10\/festival-internacional-de-dancas-e-musicas-antigas-portingaloise-2021\/\" \/>\n<meta property=\"og:locale\" content=\"pt_BR\" \/>\n<meta property=\"og:type\" content=\"article\" \/>\n<meta property=\"og:title\" content=\"Festival Internacional de Dan\u00e7as e M\u00fasicas Antigas - Portingaloise 2021\" \/>\n<meta property=\"og:description\" content=\"O Ciclo de Ver\u00e3o da 7\u00aa edi\u00e7\u00e3o do\u00a0PORTINGALOISE\u00a0- Festival Internacional de Dan\u00e7as e M\u00fasicas Antigas est\u00e1 de volta ao Armaz\u00e9m22, em Gaia..\" \/>\n<meta property=\"og:url\" content=\"https:\/\/arte351.pt\/art\/2021\/09\/10\/festival-internacional-de-dancas-e-musicas-antigas-portingaloise-2021\/\" \/>\n<meta property=\"og:site_name\" content=\"Arte351 - Art Magazine Portugal\" \/>\n<meta property=\"article:publisher\" content=\"https:\/\/www.facebook.com\/arte351magazine\/\" \/>\n<meta property=\"article:published_time\" content=\"2021-09-10T07:58:19+00:00\" \/>\n<meta property=\"og:image\" content=\"https:\/\/arte351.pt\/art\/wp-content\/uploads\/2021\/09\/PORTINGALOISE.jpg\" \/>\n\t<meta property=\"og:image:width\" content=\"1200\" \/>\n\t<meta property=\"og:image:height\" content=\"578\" \/>\n\t<meta property=\"og:image:type\" content=\"image\/jpeg\" \/>\n<meta name=\"author\" content=\"Equipa Arte351\" \/>\n<meta name=\"twitter:label1\" content=\"Escrito por\" \/>\n\t<meta name=\"twitter:data1\" content=\"Equipa Arte351\" \/>\n\t<meta name=\"twitter:label2\" content=\"Est. tempo de leitura\" \/>\n\t<meta name=\"twitter:data2\" content=\"3 minutos\" \/>\n<script type=\"application\/ld+json\" class=\"yoast-schema-graph\">{\"@context\":\"https:\\\/\\\/schema.org\",\"@graph\":[{\"@type\":\"Article\",\"@id\":\"https:\\\/\\\/arte351.pt\\\/art\\\/2021\\\/09\\\/10\\\/festival-internacional-de-dancas-e-musicas-antigas-portingaloise-2021\\\/#article\",\"isPartOf\":{\"@id\":\"https:\\\/\\\/arte351.pt\\\/art\\\/2021\\\/09\\\/10\\\/festival-internacional-de-dancas-e-musicas-antigas-portingaloise-2021\\\/\"},\"author\":{\"name\":\"Equipa Arte351\",\"@id\":\"https:\\\/\\\/arte351.pt\\\/art\\\/#\\\/schema\\\/person\\\/f2cfae59497206be61c53c217757b930\"},\"headline\":\"Festival Internacional de Dan\u00e7as e M\u00fasicas Antigas &#8211; Portingaloise 2021\",\"datePublished\":\"2021-09-10T07:58:19+00:00\",\"mainEntityOfPage\":{\"@id\":\"https:\\\/\\\/arte351.pt\\\/art\\\/2021\\\/09\\\/10\\\/festival-internacional-de-dancas-e-musicas-antigas-portingaloise-2021\\\/\"},\"wordCount\":650,\"publisher\":{\"@id\":\"https:\\\/\\\/arte351.pt\\\/art\\\/#organization\"},\"image\":{\"@id\":\"https:\\\/\\\/arte351.pt\\\/art\\\/2021\\\/09\\\/10\\\/festival-internacional-de-dancas-e-musicas-antigas-portingaloise-2021\\\/#primaryimage\"},\"thumbnailUrl\":\"https:\\\/\\\/arte351.pt\\\/art\\\/wp-content\\\/uploads\\\/2021\\\/09\\\/PORTINGALOISE.jpg\",\"keywords\":[\"Portingaloise\"],\"articleSection\":[\"Dan\u00e7a\"],\"inLanguage\":\"pt-BR\"},{\"@type\":\"WebPage\",\"@id\":\"https:\\\/\\\/arte351.pt\\\/art\\\/2021\\\/09\\\/10\\\/festival-internacional-de-dancas-e-musicas-antigas-portingaloise-2021\\\/\",\"url\":\"https:\\\/\\\/arte351.pt\\\/art\\\/2021\\\/09\\\/10\\\/festival-internacional-de-dancas-e-musicas-antigas-portingaloise-2021\\\/\",\"name\":\"Festival Internacional de Dan\u00e7as e M\u00fasicas Antigas - Portingaloise 2021\",\"isPartOf\":{\"@id\":\"https:\\\/\\\/arte351.pt\\\/art\\\/#website\"},\"primaryImageOfPage\":{\"@id\":\"https:\\\/\\\/arte351.pt\\\/art\\\/2021\\\/09\\\/10\\\/festival-internacional-de-dancas-e-musicas-antigas-portingaloise-2021\\\/#primaryimage\"},\"image\":{\"@id\":\"https:\\\/\\\/arte351.pt\\\/art\\\/2021\\\/09\\\/10\\\/festival-internacional-de-dancas-e-musicas-antigas-portingaloise-2021\\\/#primaryimage\"},\"thumbnailUrl\":\"https:\\\/\\\/arte351.pt\\\/art\\\/wp-content\\\/uploads\\\/2021\\\/09\\\/PORTINGALOISE.jpg\",\"datePublished\":\"2021-09-10T07:58:19+00:00\",\"description\":\"O Ciclo de Ver\u00e3o da 7\u00aa edi\u00e7\u00e3o do\u00a0PORTINGALOISE\u00a0- Festival Internacional de Dan\u00e7as e M\u00fasicas Antigas est\u00e1 de volta ao Armaz\u00e9m22, em Gaia..\",\"breadcrumb\":{\"@id\":\"https:\\\/\\\/arte351.pt\\\/art\\\/2021\\\/09\\\/10\\\/festival-internacional-de-dancas-e-musicas-antigas-portingaloise-2021\\\/#breadcrumb\"},\"inLanguage\":\"pt-BR\",\"potentialAction\":[{\"@type\":\"ReadAction\",\"target\":[\"https:\\\/\\\/arte351.pt\\\/art\\\/2021\\\/09\\\/10\\\/festival-internacional-de-dancas-e-musicas-antigas-portingaloise-2021\\\/\"]}]},{\"@type\":\"ImageObject\",\"inLanguage\":\"pt-BR\",\"@id\":\"https:\\\/\\\/arte351.pt\\\/art\\\/2021\\\/09\\\/10\\\/festival-internacional-de-dancas-e-musicas-antigas-portingaloise-2021\\\/#primaryimage\",\"url\":\"https:\\\/\\\/arte351.pt\\\/art\\\/wp-content\\\/uploads\\\/2021\\\/09\\\/PORTINGALOISE.jpg\",\"contentUrl\":\"https:\\\/\\\/arte351.pt\\\/art\\\/wp-content\\\/uploads\\\/2021\\\/09\\\/PORTINGALOISE.jpg\",\"width\":1200,\"height\":578},{\"@type\":\"BreadcrumbList\",\"@id\":\"https:\\\/\\\/arte351.pt\\\/art\\\/2021\\\/09\\\/10\\\/festival-internacional-de-dancas-e-musicas-antigas-portingaloise-2021\\\/#breadcrumb\",\"itemListElement\":[{\"@type\":\"ListItem\",\"position\":1,\"name\":\"In\u00edcio\",\"item\":\"https:\\\/\\\/arte351.pt\\\/art\\\/\"},{\"@type\":\"ListItem\",\"position\":2,\"name\":\"Festival Internacional de Dan\u00e7as e M\u00fasicas Antigas &#8211; Portingaloise 2021\"}]},{\"@type\":\"WebSite\",\"@id\":\"https:\\\/\\\/arte351.pt\\\/art\\\/#website\",\"url\":\"https:\\\/\\\/arte351.pt\\\/art\\\/\",\"name\":\"Arte351 - Art Magazine Portugal\",\"description\":\"\",\"publisher\":{\"@id\":\"https:\\\/\\\/arte351.pt\\\/art\\\/#organization\"},\"potentialAction\":[{\"@type\":\"SearchAction\",\"target\":{\"@type\":\"EntryPoint\",\"urlTemplate\":\"https:\\\/\\\/arte351.pt\\\/art\\\/?s={search_term_string}\"},\"query-input\":{\"@type\":\"PropertyValueSpecification\",\"valueRequired\":true,\"valueName\":\"search_term_string\"}}],\"inLanguage\":\"pt-BR\"},{\"@type\":\"Organization\",\"@id\":\"https:\\\/\\\/arte351.pt\\\/art\\\/#organization\",\"name\":\"Arte351 - Art Magazine Portugal\",\"url\":\"https:\\\/\\\/arte351.pt\\\/art\\\/\",\"logo\":{\"@type\":\"ImageObject\",\"inLanguage\":\"pt-BR\",\"@id\":\"https:\\\/\\\/arte351.pt\\\/art\\\/#\\\/schema\\\/logo\\\/image\\\/\",\"url\":\"https:\\\/\\\/arte351.pt\\\/art\\\/wp-content\\\/uploads\\\/2020\\\/03\\\/cropped-logo-arte351-color.png\",\"contentUrl\":\"https:\\\/\\\/arte351.pt\\\/art\\\/wp-content\\\/uploads\\\/2020\\\/03\\\/cropped-logo-arte351-color.png\",\"width\":514,\"height\":200,\"caption\":\"Arte351 - Art Magazine Portugal\"},\"image\":{\"@id\":\"https:\\\/\\\/arte351.pt\\\/art\\\/#\\\/schema\\\/logo\\\/image\\\/\"},\"sameAs\":[\"https:\\\/\\\/www.facebook.com\\\/arte351magazine\\\/\"]},{\"@type\":\"Person\",\"@id\":\"https:\\\/\\\/arte351.pt\\\/art\\\/#\\\/schema\\\/person\\\/f2cfae59497206be61c53c217757b930\",\"name\":\"Equipa Arte351\",\"image\":{\"@type\":\"ImageObject\",\"inLanguage\":\"pt-BR\",\"@id\":\"https:\\\/\\\/secure.gravatar.com\\\/avatar\\\/6caca56323d52e15e83fc5635240c86f7e52fd46fa8d5df9a709d99f5aa1638e?s=96&d=mm&r=g\",\"url\":\"https:\\\/\\\/secure.gravatar.com\\\/avatar\\\/6caca56323d52e15e83fc5635240c86f7e52fd46fa8d5df9a709d99f5aa1638e?s=96&d=mm&r=g\",\"contentUrl\":\"https:\\\/\\\/secure.gravatar.com\\\/avatar\\\/6caca56323d52e15e83fc5635240c86f7e52fd46fa8d5df9a709d99f5aa1638e?s=96&d=mm&r=g\",\"caption\":\"Equipa Arte351\"},\"url\":\"https:\\\/\\\/arte351.pt\\\/art\\\/author\\\/caroleenbass\\\/\"}]}<\/script>\n<!-- \/ Yoast SEO plugin. -->","yoast_head_json":{"title":"Festival Internacional de Dan\u00e7as e M\u00fasicas Antigas - Portingaloise 2021","description":"O Ciclo de Ver\u00e3o da 7\u00aa edi\u00e7\u00e3o do\u00a0PORTINGALOISE\u00a0- Festival Internacional de Dan\u00e7as e M\u00fasicas Antigas est\u00e1 de volta ao Armaz\u00e9m22, em Gaia..","robots":{"index":"index","follow":"follow","max-snippet":"max-snippet:-1","max-image-preview":"max-image-preview:large","max-video-preview":"max-video-preview:-1"},"canonical":"https:\/\/arte351.pt\/art\/2021\/09\/10\/festival-internacional-de-dancas-e-musicas-antigas-portingaloise-2021\/","og_locale":"pt_BR","og_type":"article","og_title":"Festival Internacional de Dan\u00e7as e M\u00fasicas Antigas - Portingaloise 2021","og_description":"O Ciclo de Ver\u00e3o da 7\u00aa edi\u00e7\u00e3o do\u00a0PORTINGALOISE\u00a0- Festival Internacional de Dan\u00e7as e M\u00fasicas Antigas est\u00e1 de volta ao Armaz\u00e9m22, em Gaia..","og_url":"https:\/\/arte351.pt\/art\/2021\/09\/10\/festival-internacional-de-dancas-e-musicas-antigas-portingaloise-2021\/","og_site_name":"Arte351 - Art Magazine Portugal","article_publisher":"https:\/\/www.facebook.com\/arte351magazine\/","article_published_time":"2021-09-10T07:58:19+00:00","og_image":[{"width":1200,"height":578,"url":"https:\/\/arte351.pt\/art\/wp-content\/uploads\/2021\/09\/PORTINGALOISE.jpg","type":"image\/jpeg"}],"author":"Equipa Arte351","twitter_misc":{"Escrito por":"Equipa Arte351","Est. tempo de leitura":"3 minutos"},"schema":{"@context":"https:\/\/schema.org","@graph":[{"@type":"Article","@id":"https:\/\/arte351.pt\/art\/2021\/09\/10\/festival-internacional-de-dancas-e-musicas-antigas-portingaloise-2021\/#article","isPartOf":{"@id":"https:\/\/arte351.pt\/art\/2021\/09\/10\/festival-internacional-de-dancas-e-musicas-antigas-portingaloise-2021\/"},"author":{"name":"Equipa Arte351","@id":"https:\/\/arte351.pt\/art\/#\/schema\/person\/f2cfae59497206be61c53c217757b930"},"headline":"Festival Internacional de Dan\u00e7as e M\u00fasicas Antigas &#8211; Portingaloise 2021","datePublished":"2021-09-10T07:58:19+00:00","mainEntityOfPage":{"@id":"https:\/\/arte351.pt\/art\/2021\/09\/10\/festival-internacional-de-dancas-e-musicas-antigas-portingaloise-2021\/"},"wordCount":650,"publisher":{"@id":"https:\/\/arte351.pt\/art\/#organization"},"image":{"@id":"https:\/\/arte351.pt\/art\/2021\/09\/10\/festival-internacional-de-dancas-e-musicas-antigas-portingaloise-2021\/#primaryimage"},"thumbnailUrl":"https:\/\/arte351.pt\/art\/wp-content\/uploads\/2021\/09\/PORTINGALOISE.jpg","keywords":["Portingaloise"],"articleSection":["Dan\u00e7a"],"inLanguage":"pt-BR"},{"@type":"WebPage","@id":"https:\/\/arte351.pt\/art\/2021\/09\/10\/festival-internacional-de-dancas-e-musicas-antigas-portingaloise-2021\/","url":"https:\/\/arte351.pt\/art\/2021\/09\/10\/festival-internacional-de-dancas-e-musicas-antigas-portingaloise-2021\/","name":"Festival Internacional de Dan\u00e7as e M\u00fasicas Antigas - Portingaloise 2021","isPartOf":{"@id":"https:\/\/arte351.pt\/art\/#website"},"primaryImageOfPage":{"@id":"https:\/\/arte351.pt\/art\/2021\/09\/10\/festival-internacional-de-dancas-e-musicas-antigas-portingaloise-2021\/#primaryimage"},"image":{"@id":"https:\/\/arte351.pt\/art\/2021\/09\/10\/festival-internacional-de-dancas-e-musicas-antigas-portingaloise-2021\/#primaryimage"},"thumbnailUrl":"https:\/\/arte351.pt\/art\/wp-content\/uploads\/2021\/09\/PORTINGALOISE.jpg","datePublished":"2021-09-10T07:58:19+00:00","description":"O Ciclo de Ver\u00e3o da 7\u00aa edi\u00e7\u00e3o do\u00a0PORTINGALOISE\u00a0- Festival Internacional de Dan\u00e7as e M\u00fasicas Antigas est\u00e1 de volta ao Armaz\u00e9m22, em Gaia..","breadcrumb":{"@id":"https:\/\/arte351.pt\/art\/2021\/09\/10\/festival-internacional-de-dancas-e-musicas-antigas-portingaloise-2021\/#breadcrumb"},"inLanguage":"pt-BR","potentialAction":[{"@type":"ReadAction","target":["https:\/\/arte351.pt\/art\/2021\/09\/10\/festival-internacional-de-dancas-e-musicas-antigas-portingaloise-2021\/"]}]},{"@type":"ImageObject","inLanguage":"pt-BR","@id":"https:\/\/arte351.pt\/art\/2021\/09\/10\/festival-internacional-de-dancas-e-musicas-antigas-portingaloise-2021\/#primaryimage","url":"https:\/\/arte351.pt\/art\/wp-content\/uploads\/2021\/09\/PORTINGALOISE.jpg","contentUrl":"https:\/\/arte351.pt\/art\/wp-content\/uploads\/2021\/09\/PORTINGALOISE.jpg","width":1200,"height":578},{"@type":"BreadcrumbList","@id":"https:\/\/arte351.pt\/art\/2021\/09\/10\/festival-internacional-de-dancas-e-musicas-antigas-portingaloise-2021\/#breadcrumb","itemListElement":[{"@type":"ListItem","position":1,"name":"In\u00edcio","item":"https:\/\/arte351.pt\/art\/"},{"@type":"ListItem","position":2,"name":"Festival Internacional de Dan\u00e7as e M\u00fasicas Antigas &#8211; Portingaloise 2021"}]},{"@type":"WebSite","@id":"https:\/\/arte351.pt\/art\/#website","url":"https:\/\/arte351.pt\/art\/","name":"Arte351 - Art Magazine Portugal","description":"","publisher":{"@id":"https:\/\/arte351.pt\/art\/#organization"},"potentialAction":[{"@type":"SearchAction","target":{"@type":"EntryPoint","urlTemplate":"https:\/\/arte351.pt\/art\/?s={search_term_string}"},"query-input":{"@type":"PropertyValueSpecification","valueRequired":true,"valueName":"search_term_string"}}],"inLanguage":"pt-BR"},{"@type":"Organization","@id":"https:\/\/arte351.pt\/art\/#organization","name":"Arte351 - Art Magazine Portugal","url":"https:\/\/arte351.pt\/art\/","logo":{"@type":"ImageObject","inLanguage":"pt-BR","@id":"https:\/\/arte351.pt\/art\/#\/schema\/logo\/image\/","url":"https:\/\/arte351.pt\/art\/wp-content\/uploads\/2020\/03\/cropped-logo-arte351-color.png","contentUrl":"https:\/\/arte351.pt\/art\/wp-content\/uploads\/2020\/03\/cropped-logo-arte351-color.png","width":514,"height":200,"caption":"Arte351 - Art Magazine Portugal"},"image":{"@id":"https:\/\/arte351.pt\/art\/#\/schema\/logo\/image\/"},"sameAs":["https:\/\/www.facebook.com\/arte351magazine\/"]},{"@type":"Person","@id":"https:\/\/arte351.pt\/art\/#\/schema\/person\/f2cfae59497206be61c53c217757b930","name":"Equipa Arte351","image":{"@type":"ImageObject","inLanguage":"pt-BR","@id":"https:\/\/secure.gravatar.com\/avatar\/6caca56323d52e15e83fc5635240c86f7e52fd46fa8d5df9a709d99f5aa1638e?s=96&d=mm&r=g","url":"https:\/\/secure.gravatar.com\/avatar\/6caca56323d52e15e83fc5635240c86f7e52fd46fa8d5df9a709d99f5aa1638e?s=96&d=mm&r=g","contentUrl":"https:\/\/secure.gravatar.com\/avatar\/6caca56323d52e15e83fc5635240c86f7e52fd46fa8d5df9a709d99f5aa1638e?s=96&d=mm&r=g","caption":"Equipa Arte351"},"url":"https:\/\/arte351.pt\/art\/author\/caroleenbass\/"}]}},"_links":{"self":[{"href":"https:\/\/arte351.pt\/art\/wp-json\/wp\/v2\/posts\/5615","targetHints":{"allow":["GET"]}}],"collection":[{"href":"https:\/\/arte351.pt\/art\/wp-json\/wp\/v2\/posts"}],"about":[{"href":"https:\/\/arte351.pt\/art\/wp-json\/wp\/v2\/types\/post"}],"author":[{"embeddable":true,"href":"https:\/\/arte351.pt\/art\/wp-json\/wp\/v2\/users\/3"}],"replies":[{"embeddable":true,"href":"https:\/\/arte351.pt\/art\/wp-json\/wp\/v2\/comments?post=5615"}],"version-history":[{"count":1,"href":"https:\/\/arte351.pt\/art\/wp-json\/wp\/v2\/posts\/5615\/revisions"}],"predecessor-version":[{"id":5617,"href":"https:\/\/arte351.pt\/art\/wp-json\/wp\/v2\/posts\/5615\/revisions\/5617"}],"wp:featuredmedia":[{"embeddable":true,"href":"https:\/\/arte351.pt\/art\/wp-json\/wp\/v2\/media\/5616"}],"wp:attachment":[{"href":"https:\/\/arte351.pt\/art\/wp-json\/wp\/v2\/media?parent=5615"}],"wp:term":[{"taxonomy":"category","embeddable":true,"href":"https:\/\/arte351.pt\/art\/wp-json\/wp\/v2\/categories?post=5615"},{"taxonomy":"post_tag","embeddable":true,"href":"https:\/\/arte351.pt\/art\/wp-json\/wp\/v2\/tags?post=5615"}],"curies":[{"name":"wp","href":"https:\/\/api.w.org\/{rel}","templated":true}]}}