{"id":5622,"date":"2021-09-10T16:23:26","date_gmt":"2021-09-10T16:23:26","guid":{"rendered":"https:\/\/arte351.pt\/art\/?p=5622"},"modified":"2021-09-10T16:23:26","modified_gmt":"2021-09-10T16:23:26","slug":"morreu-jorge-sampaio-ex-presidente-de-portugal-aos-81-anos","status":"publish","type":"post","link":"https:\/\/arte351.pt\/art\/2021\/09\/10\/morreu-jorge-sampaio-ex-presidente-de-portugal-aos-81-anos\/","title":{"rendered":"Morreu Jorge Sampaio, ex-presidente de Portugal, aos 81 anos"},"content":{"rendered":"<div class=\"mc-column content-text active-extra-styles \" data-block-type=\"unstyled\" data-block-weight=\"27\" data-block-id=\"2\">\n<p class=\"content-text__container \" data-track-category=\"Link no Texto\" data-track-links=\"\">Morreu nesta sexta-feira (10), aos 81 anos, o ex-presidente de<span>\u00a0<\/span>Portugal, Jorge Sampaio. Sampaio estava hospitalizado desde o fim de agosto no Hospital de Santa Cruz, em Carnaxide, a sofrer de graves problemas card\u00edacos.<\/p>\n<p data-track-category=\"Link no Texto\" data-track-links=\"\"><span>Sampaio estava de f\u00e9rias com a fam\u00edlia no Algarve quando teve de ser internado no Hospital de Portim\u00e3o, tendo depois sido transferido para o Hospital de Santa Cruz, em Lisboa, onde era acompanhado.<\/span><\/p>\n<p data-track-category=\"Link no Texto\" data-track-links=\"\"><span>Jorge Sampaio<\/span><span>\u00a0entregou-se \u00e0 vida como um &#8220;prisioneiro da grande ansiedade por um futuro melhor&#8221;, como de si pr\u00f3prio disse em entrevista \u00e0 RTP em 1992. &#8220;<em>Jorge Sampaio nos deixou hoje com uma dupla heran\u00e7a, composta de liberdade mas tamb\u00e9m de igualdade<\/em>&#8220;, afirmou o atual presidente, Marcelo Rebelo de Sousa.<\/span><\/p>\n<p data-track-category=\"Link no Texto\" data-track-links=\"\"><span>Sampaio foi secret\u00e1rio-geral do Partido Socialista, prefeito de Lisboa e chefe de Estado de Portugal por dois mandatos, entre 1996 e 2006, al\u00e9m de enviado especial da ONU contra a tuberculose e alto representante da Alian\u00e7a das Civiliza\u00e7\u00f5es.<\/span><\/p>\n<p data-track-category=\"Link no Texto\" data-track-links=\"\">Desde as lutas estudantis dos anos 60 aos alertas humanit\u00e1rios dos \u00faltimos anos, Jorge Sampaio destacou-se na vida pol\u00edtica portuguesa ao longo dos anos.<\/p>\n<p data-track-category=\"Link no Texto\" data-track-links=\"\"><span>Nascido a 18 de setembro de 1939, Jorge Fernando Branco de Sampaio licenciou-se em Direito em 1961 pela Faculdade de Direito da Universidade de Lisboa. Nos primeiros tempos da faculdade, Sampaio junta-se \u00e0 luta contra a ditadura, ent\u00e3o ainda a tentar gerir o rescaldo das presidenciais de 1958 e da mobiliza\u00e7\u00e3o que a candidatura Humberto Delgado provocou. Ao longo do curso, Jorge Sampaio envolveu-se na vida acad\u00e9mica e \u00e9 eleito presidente da Associa\u00e7\u00e3o de Estudantes da Faculdade de Direito de Lisboa, sendo mais tarde designado secret\u00e1rio-geral da Reuni\u00e3o Interassocia\u00e7\u00f5es Acad\u00e9micas (RIA).<\/span><\/p>\n<p data-track-category=\"Link no Texto\" data-track-links=\"\"><span>Jorge Sampaio entrou em confronto pol\u00edtico, pelo primeira vez, com o regime de Salazar acontece como respons\u00e1vel do RIA, tendo sido um dos l\u00edderes da greve acad\u00e9mica de 1962, que come\u00e7ou em mar\u00e7o e durou at\u00e9 \u00e0 \u00e9poca de exames. No auge da contesta\u00e7\u00e3o estudantil, em Lisboa, a pol\u00edcia reprimiu violentamente uma manifesta\u00e7\u00e3o da academia, o que conduziu \u00e0 demiss\u00e3o de Marcelo Caetano de reitor da Universidade de Lisboa, em protesto pela atua\u00e7\u00e3o da pol\u00edcia que invadiu o campus universit\u00e1rio e prendeu dezenas de estudantes.<\/span><\/p>\n<p data-track-category=\"Link no Texto\" data-track-links=\"\"><span>Nessa contesta\u00e7\u00e3o estudantil, que envolveu as academias de Coimbra e Lisboa resultou em uma proibi\u00e7\u00e3o \u00e0s celebra\u00e7\u00f5es do Dia do Estudante, no<\/span> governo de Salazar, que n\u00e3o percebia que os estudantes eram os filhos da classe m\u00e9dia-alta, ou seja, muitos filhos do regime foram presos. <span>O pr\u00f3prio Jorge Sampaio podia ser considerado um \u201cfilho do regime\u201d. <\/span><\/p>\n<p data-track-category=\"Link no Texto\" data-track-links=\"\"><span>Sampaio era neto do militar e diplomata Fernando Branco, outrora ministro dos Neg\u00f3cios Estrangeiros e da Defesa na d\u00e9cada de 1930 e filho de Arnaldo Sampaio, conceituado m\u00e9dico de sa\u00fade p\u00fablica, cuja carreira internacional levou Jorge a viver alguns anos da inf\u00e2ncia e adolesc\u00eancia nos Estados Unidos e em Inglaterra.\u00a0<\/span><\/p>\n<p>Sampaio iniciou carreira advocat\u00edcia, ap\u00f3s o curso de direito, e abriu escrit\u00f3rio com Vera Jardim e Magalh\u00e3es e Silva. Foi defensor de presos pol\u00edticos e, em 1969, concorreu \u00e0 Assembleia Nacional pela Comiss\u00e3o Democr\u00e1tica Eleitoral (CDE). Nessas elei\u00e7\u00f5es, na chamada Primavera Marcelista, a oposi\u00e7\u00e3o ao regime divide-se. Na outra lista, a da Comiss\u00e3o Eleitoral de Unidade Democr\u00e1tica em Lisboa (CEUD), estava M\u00e1rio Soares.<\/p>\n<p>Jorge Sampaio<span>\u00a0<\/span>aderiu ao PS em 1978 e chegou a l\u00edder do partido em 1989. Na mesma altura, foi eleito presidente da C\u00e2mara Municipal de Lisboa, tendo sido reeleito em 1993. Tamb\u00e9m foi Presidente da Rep\u00fablica durante dois mandatos, entre 1996 e 2006.<\/p>\n<p>Ap\u00f3s 2006 foi nomeado especial para a Luta contra a Tuberculose pelo secret\u00e1rio-geral da Organiza\u00e7\u00e3o das Na\u00e7\u00f5es Unidas (ONU). Entre 2007 e 2013, foi o alto representante da ONU para a Alian\u00e7a das Civiliza\u00e7\u00f5es.<\/p>\n<p>Sampaio presidia atualmente \u00e0 Plataforma Global para os Estudantes S\u00edrios, que o pr\u00f3prio fundou em 2013, com o objetivo de contribuir para a resposta \u00e0 emerg\u00eancia acad\u00e9mica que o conflito na S\u00edria criara, deixando milhares de jovens para tr\u00e1s e sem acesso \u00e0 educa\u00e7\u00e3o.<\/p>\n<p data-track-category=\"Link no Texto\" data-track-links=\"\"><span>O seu esp\u00edrito e a sua liberdade art\u00edstica foi notado quando ousou escolher\u00a0<\/span>Paula Rego<span>\u00a0para um magn\u00edfico quadro oficial, t\u00e3o pouco ortodoxo, e porventura mais heterodoxo ainda do que o de Soares pelo Pomar &#8211; a escolha desse retrato \u00e9 um retrato em si.<\/span><\/p>\n<p data-track-category=\"Link no Texto\" data-track-links=\"\">\n<\/div>\n","protected":false},"excerpt":{"rendered":"<p>Morreu nesta sexta-feira (10), aos 81 anos, o ex-presidente de\u00a0Portugal, Jorge Sampaio. Sampaio estava hospitalizado desde o fim de agosto no Hospital de Santa Cruz, em Carnaxide, a sofrer de [&hellip;]<\/p>\n","protected":false},"author":3,"featured_media":5623,"comment_status":"closed","ping_status":"closed","sticky":false,"template":"","format":"standard","meta":{"_exactmetrics_skip_tracking":false,"_exactmetrics_sitenote_active":false,"_exactmetrics_sitenote_note":"","_exactmetrics_sitenote_category":0,"_uf_show_specific_survey":0,"_uf_disable_surveys":false,"footnotes":""},"categories":[1],"tags":[1454],"class_list":["post-5622","post","type-post","status-publish","format-standard","has-post-thumbnail","hentry","category-sem-categoria","tag-jorge-sampaio"],"yoast_head":"<!-- This site is optimized with the Yoast SEO plugin v27.3 - https:\/\/yoast.com\/product\/yoast-seo-wordpress\/ -->\n<title>Morreu Jorge Sampaio, ex-presidente de Portugal, aos 81 anos<\/title>\n<meta name=\"description\" content=\"morreu o ex presidente de Portugal Jorge Sampaio, aos 81 anos. Escolheu\u00a0Paula Rego\u00a0para um magn\u00edfico quadro oficial, t\u00e3o pouco...\" \/>\n<meta name=\"robots\" content=\"index, follow, max-snippet:-1, max-image-preview:large, max-video-preview:-1\" \/>\n<link rel=\"canonical\" href=\"https:\/\/arte351.pt\/art\/2021\/09\/10\/morreu-jorge-sampaio-ex-presidente-de-portugal-aos-81-anos\/\" \/>\n<meta property=\"og:locale\" content=\"pt_BR\" \/>\n<meta property=\"og:type\" content=\"article\" \/>\n<meta property=\"og:title\" content=\"Morreu Jorge Sampaio, ex-presidente de Portugal, aos 81 anos\" \/>\n<meta property=\"og:description\" content=\"morreu o ex presidente de Portugal Jorge Sampaio, aos 81 anos. Escolheu\u00a0Paula Rego\u00a0para um magn\u00edfico quadro oficial, t\u00e3o pouco...\" \/>\n<meta property=\"og:url\" content=\"https:\/\/arte351.pt\/art\/2021\/09\/10\/morreu-jorge-sampaio-ex-presidente-de-portugal-aos-81-anos\/\" \/>\n<meta property=\"og:site_name\" content=\"Arte351 - Art Magazine Portugal\" \/>\n<meta property=\"article:publisher\" content=\"https:\/\/www.facebook.com\/arte351magazine\/\" \/>\n<meta property=\"article:published_time\" content=\"2021-09-10T16:23:26+00:00\" \/>\n<meta property=\"og:image\" content=\"https:\/\/arte351.pt\/art\/wp-content\/uploads\/2021\/09\/jorge-sampaio.jpg\" \/>\n\t<meta property=\"og:image:width\" content=\"1200\" \/>\n\t<meta property=\"og:image:height\" content=\"578\" \/>\n\t<meta property=\"og:image:type\" content=\"image\/jpeg\" \/>\n<meta name=\"author\" content=\"Equipa Arte351\" \/>\n<meta name=\"twitter:label1\" content=\"Escrito por\" \/>\n\t<meta name=\"twitter:data1\" content=\"Equipa Arte351\" \/>\n\t<meta name=\"twitter:label2\" content=\"Est. tempo de leitura\" \/>\n\t<meta name=\"twitter:data2\" content=\"4 minutos\" \/>\n<script type=\"application\/ld+json\" class=\"yoast-schema-graph\">{\"@context\":\"https:\\\/\\\/schema.org\",\"@graph\":[{\"@type\":\"Article\",\"@id\":\"https:\\\/\\\/arte351.pt\\\/art\\\/2021\\\/09\\\/10\\\/morreu-jorge-sampaio-ex-presidente-de-portugal-aos-81-anos\\\/#article\",\"isPartOf\":{\"@id\":\"https:\\\/\\\/arte351.pt\\\/art\\\/2021\\\/09\\\/10\\\/morreu-jorge-sampaio-ex-presidente-de-portugal-aos-81-anos\\\/\"},\"author\":{\"name\":\"Equipa Arte351\",\"@id\":\"https:\\\/\\\/arte351.pt\\\/art\\\/#\\\/schema\\\/person\\\/f2cfae59497206be61c53c217757b930\"},\"headline\":\"Morreu Jorge Sampaio, ex-presidente de Portugal, aos 81 anos\",\"datePublished\":\"2021-09-10T16:23:26+00:00\",\"mainEntityOfPage\":{\"@id\":\"https:\\\/\\\/arte351.pt\\\/art\\\/2021\\\/09\\\/10\\\/morreu-jorge-sampaio-ex-presidente-de-portugal-aos-81-anos\\\/\"},\"wordCount\":745,\"publisher\":{\"@id\":\"https:\\\/\\\/arte351.pt\\\/art\\\/#organization\"},\"image\":{\"@id\":\"https:\\\/\\\/arte351.pt\\\/art\\\/2021\\\/09\\\/10\\\/morreu-jorge-sampaio-ex-presidente-de-portugal-aos-81-anos\\\/#primaryimage\"},\"thumbnailUrl\":\"https:\\\/\\\/arte351.pt\\\/art\\\/wp-content\\\/uploads\\\/2021\\\/09\\\/jorge-sampaio.jpg\",\"keywords\":[\"Jorge Sampaio\"],\"articleSection\":[\"Blog ARTE-351\"],\"inLanguage\":\"pt-BR\"},{\"@type\":\"WebPage\",\"@id\":\"https:\\\/\\\/arte351.pt\\\/art\\\/2021\\\/09\\\/10\\\/morreu-jorge-sampaio-ex-presidente-de-portugal-aos-81-anos\\\/\",\"url\":\"https:\\\/\\\/arte351.pt\\\/art\\\/2021\\\/09\\\/10\\\/morreu-jorge-sampaio-ex-presidente-de-portugal-aos-81-anos\\\/\",\"name\":\"Morreu Jorge Sampaio, ex-presidente de Portugal, aos 81 anos\",\"isPartOf\":{\"@id\":\"https:\\\/\\\/arte351.pt\\\/art\\\/#website\"},\"primaryImageOfPage\":{\"@id\":\"https:\\\/\\\/arte351.pt\\\/art\\\/2021\\\/09\\\/10\\\/morreu-jorge-sampaio-ex-presidente-de-portugal-aos-81-anos\\\/#primaryimage\"},\"image\":{\"@id\":\"https:\\\/\\\/arte351.pt\\\/art\\\/2021\\\/09\\\/10\\\/morreu-jorge-sampaio-ex-presidente-de-portugal-aos-81-anos\\\/#primaryimage\"},\"thumbnailUrl\":\"https:\\\/\\\/arte351.pt\\\/art\\\/wp-content\\\/uploads\\\/2021\\\/09\\\/jorge-sampaio.jpg\",\"datePublished\":\"2021-09-10T16:23:26+00:00\",\"description\":\"morreu o ex presidente de Portugal Jorge Sampaio, aos 81 anos. Escolheu\u00a0Paula Rego\u00a0para um magn\u00edfico quadro oficial, t\u00e3o pouco...\",\"breadcrumb\":{\"@id\":\"https:\\\/\\\/arte351.pt\\\/art\\\/2021\\\/09\\\/10\\\/morreu-jorge-sampaio-ex-presidente-de-portugal-aos-81-anos\\\/#breadcrumb\"},\"inLanguage\":\"pt-BR\",\"potentialAction\":[{\"@type\":\"ReadAction\",\"target\":[\"https:\\\/\\\/arte351.pt\\\/art\\\/2021\\\/09\\\/10\\\/morreu-jorge-sampaio-ex-presidente-de-portugal-aos-81-anos\\\/\"]}]},{\"@type\":\"ImageObject\",\"inLanguage\":\"pt-BR\",\"@id\":\"https:\\\/\\\/arte351.pt\\\/art\\\/2021\\\/09\\\/10\\\/morreu-jorge-sampaio-ex-presidente-de-portugal-aos-81-anos\\\/#primaryimage\",\"url\":\"https:\\\/\\\/arte351.pt\\\/art\\\/wp-content\\\/uploads\\\/2021\\\/09\\\/jorge-sampaio.jpg\",\"contentUrl\":\"https:\\\/\\\/arte351.pt\\\/art\\\/wp-content\\\/uploads\\\/2021\\\/09\\\/jorge-sampaio.jpg\",\"width\":1200,\"height\":578},{\"@type\":\"BreadcrumbList\",\"@id\":\"https:\\\/\\\/arte351.pt\\\/art\\\/2021\\\/09\\\/10\\\/morreu-jorge-sampaio-ex-presidente-de-portugal-aos-81-anos\\\/#breadcrumb\",\"itemListElement\":[{\"@type\":\"ListItem\",\"position\":1,\"name\":\"In\u00edcio\",\"item\":\"https:\\\/\\\/arte351.pt\\\/art\\\/\"},{\"@type\":\"ListItem\",\"position\":2,\"name\":\"Morreu Jorge Sampaio, ex-presidente de Portugal, aos 81 anos\"}]},{\"@type\":\"WebSite\",\"@id\":\"https:\\\/\\\/arte351.pt\\\/art\\\/#website\",\"url\":\"https:\\\/\\\/arte351.pt\\\/art\\\/\",\"name\":\"Arte351 - Art Magazine Portugal\",\"description\":\"\",\"publisher\":{\"@id\":\"https:\\\/\\\/arte351.pt\\\/art\\\/#organization\"},\"potentialAction\":[{\"@type\":\"SearchAction\",\"target\":{\"@type\":\"EntryPoint\",\"urlTemplate\":\"https:\\\/\\\/arte351.pt\\\/art\\\/?s={search_term_string}\"},\"query-input\":{\"@type\":\"PropertyValueSpecification\",\"valueRequired\":true,\"valueName\":\"search_term_string\"}}],\"inLanguage\":\"pt-BR\"},{\"@type\":\"Organization\",\"@id\":\"https:\\\/\\\/arte351.pt\\\/art\\\/#organization\",\"name\":\"Arte351 - Art Magazine Portugal\",\"url\":\"https:\\\/\\\/arte351.pt\\\/art\\\/\",\"logo\":{\"@type\":\"ImageObject\",\"inLanguage\":\"pt-BR\",\"@id\":\"https:\\\/\\\/arte351.pt\\\/art\\\/#\\\/schema\\\/logo\\\/image\\\/\",\"url\":\"https:\\\/\\\/arte351.pt\\\/art\\\/wp-content\\\/uploads\\\/2020\\\/03\\\/cropped-logo-arte351-color.png\",\"contentUrl\":\"https:\\\/\\\/arte351.pt\\\/art\\\/wp-content\\\/uploads\\\/2020\\\/03\\\/cropped-logo-arte351-color.png\",\"width\":514,\"height\":200,\"caption\":\"Arte351 - Art Magazine Portugal\"},\"image\":{\"@id\":\"https:\\\/\\\/arte351.pt\\\/art\\\/#\\\/schema\\\/logo\\\/image\\\/\"},\"sameAs\":[\"https:\\\/\\\/www.facebook.com\\\/arte351magazine\\\/\"]},{\"@type\":\"Person\",\"@id\":\"https:\\\/\\\/arte351.pt\\\/art\\\/#\\\/schema\\\/person\\\/f2cfae59497206be61c53c217757b930\",\"name\":\"Equipa Arte351\",\"image\":{\"@type\":\"ImageObject\",\"inLanguage\":\"pt-BR\",\"@id\":\"https:\\\/\\\/secure.gravatar.com\\\/avatar\\\/6caca56323d52e15e83fc5635240c86f7e52fd46fa8d5df9a709d99f5aa1638e?s=96&d=mm&r=g\",\"url\":\"https:\\\/\\\/secure.gravatar.com\\\/avatar\\\/6caca56323d52e15e83fc5635240c86f7e52fd46fa8d5df9a709d99f5aa1638e?s=96&d=mm&r=g\",\"contentUrl\":\"https:\\\/\\\/secure.gravatar.com\\\/avatar\\\/6caca56323d52e15e83fc5635240c86f7e52fd46fa8d5df9a709d99f5aa1638e?s=96&d=mm&r=g\",\"caption\":\"Equipa Arte351\"},\"url\":\"https:\\\/\\\/arte351.pt\\\/art\\\/author\\\/caroleenbass\\\/\"}]}<\/script>\n<!-- \/ Yoast SEO plugin. -->","yoast_head_json":{"title":"Morreu Jorge Sampaio, ex-presidente de Portugal, aos 81 anos","description":"morreu o ex presidente de Portugal Jorge Sampaio, aos 81 anos. Escolheu\u00a0Paula Rego\u00a0para um magn\u00edfico quadro oficial, t\u00e3o pouco...","robots":{"index":"index","follow":"follow","max-snippet":"max-snippet:-1","max-image-preview":"max-image-preview:large","max-video-preview":"max-video-preview:-1"},"canonical":"https:\/\/arte351.pt\/art\/2021\/09\/10\/morreu-jorge-sampaio-ex-presidente-de-portugal-aos-81-anos\/","og_locale":"pt_BR","og_type":"article","og_title":"Morreu Jorge Sampaio, ex-presidente de Portugal, aos 81 anos","og_description":"morreu o ex presidente de Portugal Jorge Sampaio, aos 81 anos. Escolheu\u00a0Paula Rego\u00a0para um magn\u00edfico quadro oficial, t\u00e3o pouco...","og_url":"https:\/\/arte351.pt\/art\/2021\/09\/10\/morreu-jorge-sampaio-ex-presidente-de-portugal-aos-81-anos\/","og_site_name":"Arte351 - Art Magazine Portugal","article_publisher":"https:\/\/www.facebook.com\/arte351magazine\/","article_published_time":"2021-09-10T16:23:26+00:00","og_image":[{"width":1200,"height":578,"url":"https:\/\/arte351.pt\/art\/wp-content\/uploads\/2021\/09\/jorge-sampaio.jpg","type":"image\/jpeg"}],"author":"Equipa Arte351","twitter_misc":{"Escrito por":"Equipa Arte351","Est. tempo de leitura":"4 minutos"},"schema":{"@context":"https:\/\/schema.org","@graph":[{"@type":"Article","@id":"https:\/\/arte351.pt\/art\/2021\/09\/10\/morreu-jorge-sampaio-ex-presidente-de-portugal-aos-81-anos\/#article","isPartOf":{"@id":"https:\/\/arte351.pt\/art\/2021\/09\/10\/morreu-jorge-sampaio-ex-presidente-de-portugal-aos-81-anos\/"},"author":{"name":"Equipa Arte351","@id":"https:\/\/arte351.pt\/art\/#\/schema\/person\/f2cfae59497206be61c53c217757b930"},"headline":"Morreu Jorge Sampaio, ex-presidente de Portugal, aos 81 anos","datePublished":"2021-09-10T16:23:26+00:00","mainEntityOfPage":{"@id":"https:\/\/arte351.pt\/art\/2021\/09\/10\/morreu-jorge-sampaio-ex-presidente-de-portugal-aos-81-anos\/"},"wordCount":745,"publisher":{"@id":"https:\/\/arte351.pt\/art\/#organization"},"image":{"@id":"https:\/\/arte351.pt\/art\/2021\/09\/10\/morreu-jorge-sampaio-ex-presidente-de-portugal-aos-81-anos\/#primaryimage"},"thumbnailUrl":"https:\/\/arte351.pt\/art\/wp-content\/uploads\/2021\/09\/jorge-sampaio.jpg","keywords":["Jorge Sampaio"],"articleSection":["Blog ARTE-351"],"inLanguage":"pt-BR"},{"@type":"WebPage","@id":"https:\/\/arte351.pt\/art\/2021\/09\/10\/morreu-jorge-sampaio-ex-presidente-de-portugal-aos-81-anos\/","url":"https:\/\/arte351.pt\/art\/2021\/09\/10\/morreu-jorge-sampaio-ex-presidente-de-portugal-aos-81-anos\/","name":"Morreu Jorge Sampaio, ex-presidente de Portugal, aos 81 anos","isPartOf":{"@id":"https:\/\/arte351.pt\/art\/#website"},"primaryImageOfPage":{"@id":"https:\/\/arte351.pt\/art\/2021\/09\/10\/morreu-jorge-sampaio-ex-presidente-de-portugal-aos-81-anos\/#primaryimage"},"image":{"@id":"https:\/\/arte351.pt\/art\/2021\/09\/10\/morreu-jorge-sampaio-ex-presidente-de-portugal-aos-81-anos\/#primaryimage"},"thumbnailUrl":"https:\/\/arte351.pt\/art\/wp-content\/uploads\/2021\/09\/jorge-sampaio.jpg","datePublished":"2021-09-10T16:23:26+00:00","description":"morreu o ex presidente de Portugal Jorge Sampaio, aos 81 anos. Escolheu\u00a0Paula Rego\u00a0para um magn\u00edfico quadro oficial, t\u00e3o pouco...","breadcrumb":{"@id":"https:\/\/arte351.pt\/art\/2021\/09\/10\/morreu-jorge-sampaio-ex-presidente-de-portugal-aos-81-anos\/#breadcrumb"},"inLanguage":"pt-BR","potentialAction":[{"@type":"ReadAction","target":["https:\/\/arte351.pt\/art\/2021\/09\/10\/morreu-jorge-sampaio-ex-presidente-de-portugal-aos-81-anos\/"]}]},{"@type":"ImageObject","inLanguage":"pt-BR","@id":"https:\/\/arte351.pt\/art\/2021\/09\/10\/morreu-jorge-sampaio-ex-presidente-de-portugal-aos-81-anos\/#primaryimage","url":"https:\/\/arte351.pt\/art\/wp-content\/uploads\/2021\/09\/jorge-sampaio.jpg","contentUrl":"https:\/\/arte351.pt\/art\/wp-content\/uploads\/2021\/09\/jorge-sampaio.jpg","width":1200,"height":578},{"@type":"BreadcrumbList","@id":"https:\/\/arte351.pt\/art\/2021\/09\/10\/morreu-jorge-sampaio-ex-presidente-de-portugal-aos-81-anos\/#breadcrumb","itemListElement":[{"@type":"ListItem","position":1,"name":"In\u00edcio","item":"https:\/\/arte351.pt\/art\/"},{"@type":"ListItem","position":2,"name":"Morreu Jorge Sampaio, ex-presidente de Portugal, aos 81 anos"}]},{"@type":"WebSite","@id":"https:\/\/arte351.pt\/art\/#website","url":"https:\/\/arte351.pt\/art\/","name":"Arte351 - Art Magazine Portugal","description":"","publisher":{"@id":"https:\/\/arte351.pt\/art\/#organization"},"potentialAction":[{"@type":"SearchAction","target":{"@type":"EntryPoint","urlTemplate":"https:\/\/arte351.pt\/art\/?s={search_term_string}"},"query-input":{"@type":"PropertyValueSpecification","valueRequired":true,"valueName":"search_term_string"}}],"inLanguage":"pt-BR"},{"@type":"Organization","@id":"https:\/\/arte351.pt\/art\/#organization","name":"Arte351 - Art Magazine Portugal","url":"https:\/\/arte351.pt\/art\/","logo":{"@type":"ImageObject","inLanguage":"pt-BR","@id":"https:\/\/arte351.pt\/art\/#\/schema\/logo\/image\/","url":"https:\/\/arte351.pt\/art\/wp-content\/uploads\/2020\/03\/cropped-logo-arte351-color.png","contentUrl":"https:\/\/arte351.pt\/art\/wp-content\/uploads\/2020\/03\/cropped-logo-arte351-color.png","width":514,"height":200,"caption":"Arte351 - Art Magazine Portugal"},"image":{"@id":"https:\/\/arte351.pt\/art\/#\/schema\/logo\/image\/"},"sameAs":["https:\/\/www.facebook.com\/arte351magazine\/"]},{"@type":"Person","@id":"https:\/\/arte351.pt\/art\/#\/schema\/person\/f2cfae59497206be61c53c217757b930","name":"Equipa Arte351","image":{"@type":"ImageObject","inLanguage":"pt-BR","@id":"https:\/\/secure.gravatar.com\/avatar\/6caca56323d52e15e83fc5635240c86f7e52fd46fa8d5df9a709d99f5aa1638e?s=96&d=mm&r=g","url":"https:\/\/secure.gravatar.com\/avatar\/6caca56323d52e15e83fc5635240c86f7e52fd46fa8d5df9a709d99f5aa1638e?s=96&d=mm&r=g","contentUrl":"https:\/\/secure.gravatar.com\/avatar\/6caca56323d52e15e83fc5635240c86f7e52fd46fa8d5df9a709d99f5aa1638e?s=96&d=mm&r=g","caption":"Equipa Arte351"},"url":"https:\/\/arte351.pt\/art\/author\/caroleenbass\/"}]}},"_links":{"self":[{"href":"https:\/\/arte351.pt\/art\/wp-json\/wp\/v2\/posts\/5622","targetHints":{"allow":["GET"]}}],"collection":[{"href":"https:\/\/arte351.pt\/art\/wp-json\/wp\/v2\/posts"}],"about":[{"href":"https:\/\/arte351.pt\/art\/wp-json\/wp\/v2\/types\/post"}],"author":[{"embeddable":true,"href":"https:\/\/arte351.pt\/art\/wp-json\/wp\/v2\/users\/3"}],"replies":[{"embeddable":true,"href":"https:\/\/arte351.pt\/art\/wp-json\/wp\/v2\/comments?post=5622"}],"version-history":[{"count":1,"href":"https:\/\/arte351.pt\/art\/wp-json\/wp\/v2\/posts\/5622\/revisions"}],"predecessor-version":[{"id":5624,"href":"https:\/\/arte351.pt\/art\/wp-json\/wp\/v2\/posts\/5622\/revisions\/5624"}],"wp:featuredmedia":[{"embeddable":true,"href":"https:\/\/arte351.pt\/art\/wp-json\/wp\/v2\/media\/5623"}],"wp:attachment":[{"href":"https:\/\/arte351.pt\/art\/wp-json\/wp\/v2\/media?parent=5622"}],"wp:term":[{"taxonomy":"category","embeddable":true,"href":"https:\/\/arte351.pt\/art\/wp-json\/wp\/v2\/categories?post=5622"},{"taxonomy":"post_tag","embeddable":true,"href":"https:\/\/arte351.pt\/art\/wp-json\/wp\/v2\/tags?post=5622"}],"curies":[{"name":"wp","href":"https:\/\/api.w.org\/{rel}","templated":true}]}}