{"id":5663,"date":"2021-09-15T10:34:14","date_gmt":"2021-09-15T10:34:14","guid":{"rendered":"https:\/\/arte351.pt\/art\/?p=5663"},"modified":"2021-09-13T19:14:01","modified_gmt":"2021-09-13T19:14:01","slug":"camada-e-hugo-marmelada-em-estreia-absoluta-no-teatro-das-figuras","status":"publish","type":"post","link":"https:\/\/arte351.pt\/art\/2021\/09\/15\/camada-e-hugo-marmelada-em-estreia-absoluta-no-teatro-das-figuras\/","title":{"rendered":"CAMADA e Hugo Marmelada em estreia absoluta no Teatro das Figuras"},"content":{"rendered":"<h2>PODIUM \u00e9 um espet\u00e1culo com tr\u00eas int\u00e9rpretes com ideias sobre os conceitos de igualdade, diversidade, identidade e liberdade de express\u00e3o.<\/h2>\n<p>Na pr\u00f3xima quinta (16) de setembro, \u00e0s 21h30, estreia o espect\u00e1culo <strong>PODIUM<\/strong>, no Teatro das Figuras, em Faro. Podium nasceu quando Hugo Marmelada voltou \u00e0 Portugal, depois de\u00a0oito anos a residir no estrangeiro. A volta de Hugo gerou oportunidade para a CAMADA concretizar a sua primeira pe\u00e7a de dan\u00e7a contempor\u00e2nea e trabalhar com o artista.<\/p>\n<p>A CAMADA \u2013 Centro Coreogr\u00e1fico convidou para a sua primeira cria\u00e7\u00e3o, o bailarino e core\u00f3grafo portugu\u00eas Hugo Marmelada por se identificar com o seu trabalho e percurso art\u00edstico. Apesar de emergente, Hugo \u00e9 um bailarino que se iniciou nas dan\u00e7as urbanas e que mais tarde integrou o panorama da dan\u00e7a contempor\u00e2nea internacional, tendo trabalhado com diversos core\u00f3grafos e companhias.<\/p>\n<p>PODIUM \u00e9 um espet\u00e1culo com tr\u00eas int\u00e9rpretes, integrado no Festival Dance Dance Dance do Teatro das Figuras, em Faro. O espet\u00e1culo procura desenvolver ideias sobre os conceitos de igualdade, diversidade, identidade e liberdade de express\u00e3o atrav\u00e9s da pesquisa da presen\u00e7a dos corpos no espa\u00e7o e na sua inter-rela\u00e7\u00e3o.<\/p>\n<p>O espet\u00e1culo \u00e9 coproduzido pelo Teatro das Figuras e que conta com o apoio do Munic\u00edpio de Faro e do Programa de Apoio \u00e0 A\u00e7\u00e3o Cultural da Dire\u00e7\u00e3o Regional de Cultura do Algarve.<\/p>\n<p>&nbsp;<\/p>\n<blockquote><p>\nNo mundo das rela\u00e7\u00f5es humanas h\u00e1 sempre quem domina e quem \u00e9 dominado, quem manda e quem obedece, quem \u00e9 ouvido e quem escuta. Tendo todos opini\u00f5es e ideias diferentes, como podemos ser todos ouvidos? Ser\u00e1 que h\u00e1 realmente espa\u00e7o para todos? O que \u00e9 a igualdade quando somos todos t\u00e3o diferentes e o tempo parece n\u00e3o ser suficiente para sermos escutados?<\/p>\n<p>Uns s\u00e3o altos, outros baixos, uns t\u00edmidos e outros efusivos, uns de pele negra e outros branca, uns pobres e outros ricos, uns gays e outros bissexuais. O espa\u00e7o para dialogar certas vezes parece ser pouco, limitando a comunica\u00e7\u00e3o.<\/p>\n<p>Queremos igualdade numa sociedade altamente competitiva onde a diversidade parece tornar o nosso valor t\u00e3o diferente uns dos outros.<\/p>\n<p>A igualdade \u00e9 um princ\u00edpio que dita tratar todos da mesma forma, mas a partir desse conceito inicial, temos muitos desdobramentos e incertezas.<\/p>\n<p>Assim, procuramos desenvolver ideias sobre os conceitos de igualdade, diversidade, identidade e liberdade de express\u00e3o atrav\u00e9s da pesquisa da presen\u00e7a dos corpos no espa\u00e7o e na sua inter-rela\u00e7\u00e3o.<\/p><\/blockquote>\n<p>&nbsp;<\/p>\n<p>&nbsp;<\/p>\n<p><strong>Ficha art\u00edstica e t\u00e9cnica:<\/strong><\/p>\n<p>Dire\u00e7\u00e3o art\u00edstica e coreografia: Hugo Marmelada<br \/>\nInterpreta\u00e7\u00e3o: Gon\u00e7alo Reis, Lilli Schulz e Margot de Andrade<br \/>\nM\u00fasica: a anunciar<br \/>\nDesenho de luz: Roger Rodrigues Madureira<br \/>\nCenografia: Hugo Cantegrel<br \/>\nFigurinos: Hugo Marmelada<br \/>\nExecu\u00e7\u00e3o de figurino: Isabel Ser\u00f4dio<br \/>\nProdu\u00e7\u00e3o: CAMADA &#8211; Centro Coreogr\u00e1fico<br \/>\nDire\u00e7\u00e3o de produ\u00e7\u00e3o: Carolina Cantinho<br \/>\nAssist\u00eancia \u00e0 produ\u00e7\u00e3o: Marisa Madeira<br \/>\nCoprodu\u00e7\u00e3o: Teatro das Figuras<br \/>\nApoio: Dire\u00e7\u00e3o Regional de Cultura do Algarve e Munic\u00edpio de Faro<\/p>\n<p>&nbsp;<\/p>\n<h3><strong>PODIUM com <\/strong>CAMADA e Hugo Marmelada<\/h3>\n<p>Quinta (16) de setembro de 2021, \u00e0s 21h30,<\/p>\n<p>Teatro das Figuras, Faro<\/p>\n","protected":false},"excerpt":{"rendered":"<p>PODIUM \u00e9 um espet\u00e1culo com tr\u00eas int\u00e9rpretes com ideias sobre os conceitos de igualdade, diversidade, identidade e liberdade de express\u00e3o. Na pr\u00f3xima quinta (16) de setembro, \u00e0s 21h30, estreia o [&hellip;]<\/p>\n","protected":false},"author":3,"featured_media":5664,"comment_status":"closed","ping_status":"closed","sticky":false,"template":"","format":"standard","meta":{"_exactmetrics_skip_tracking":false,"_exactmetrics_sitenote_active":false,"_exactmetrics_sitenote_note":"","_exactmetrics_sitenote_category":0,"_uf_show_specific_survey":0,"_uf_disable_surveys":false,"footnotes":""},"categories":[811],"tags":[1471,1473,1470,1472],"class_list":["post-5663","post","type-post","status-publish","format-standard","has-post-thumbnail","hentry","category-teatro","tag-camada","tag-faro","tag-hugo-marmelada","tag-teatro-das-figuras"],"yoast_head":"<!-- This site is optimized with the Yoast SEO plugin v27.3 - https:\/\/yoast.com\/product\/yoast-seo-wordpress\/ -->\n<title>CAMADA e Hugo Marmelada em estreia absoluta no Teatro das Figuras<\/title>\n<meta name=\"description\" content=\"PODIUM com CAMADA e Hugo Marmelada Quinta (16) de setembro de 2021, \u00e0s 21h30, Teatro das Figuras, Faro. Leia mais clicando aqui.\" \/>\n<meta name=\"robots\" content=\"index, follow, max-snippet:-1, max-image-preview:large, max-video-preview:-1\" \/>\n<link rel=\"canonical\" href=\"https:\/\/arte351.pt\/art\/2021\/09\/15\/camada-e-hugo-marmelada-em-estreia-absoluta-no-teatro-das-figuras\/\" \/>\n<meta property=\"og:locale\" content=\"pt_BR\" \/>\n<meta property=\"og:type\" content=\"article\" \/>\n<meta property=\"og:title\" content=\"CAMADA e Hugo Marmelada em estreia absoluta no Teatro das Figuras\" \/>\n<meta property=\"og:description\" content=\"PODIUM com CAMADA e Hugo Marmelada Quinta (16) de setembro de 2021, \u00e0s 21h30, Teatro das Figuras, Faro. Leia mais clicando aqui.\" \/>\n<meta property=\"og:url\" content=\"https:\/\/arte351.pt\/art\/2021\/09\/15\/camada-e-hugo-marmelada-em-estreia-absoluta-no-teatro-das-figuras\/\" \/>\n<meta property=\"og:site_name\" content=\"Arte351 - Art Magazine Portugal\" \/>\n<meta property=\"article:publisher\" content=\"https:\/\/www.facebook.com\/arte351magazine\/\" \/>\n<meta property=\"article:published_time\" content=\"2021-09-15T10:34:14+00:00\" \/>\n<meta property=\"og:image\" content=\"https:\/\/arte351.pt\/art\/wp-content\/uploads\/2021\/09\/Hugo-Marmelada.jpg\" \/>\n\t<meta property=\"og:image:width\" content=\"1200\" \/>\n\t<meta property=\"og:image:height\" content=\"578\" \/>\n\t<meta property=\"og:image:type\" content=\"image\/jpeg\" \/>\n<meta name=\"author\" content=\"Equipa Arte351\" \/>\n<meta name=\"twitter:label1\" content=\"Escrito por\" \/>\n\t<meta name=\"twitter:data1\" content=\"Equipa Arte351\" \/>\n\t<meta name=\"twitter:label2\" content=\"Est. tempo de leitura\" \/>\n\t<meta name=\"twitter:data2\" content=\"3 minutos\" \/>\n<script type=\"application\/ld+json\" class=\"yoast-schema-graph\">{\"@context\":\"https:\\\/\\\/schema.org\",\"@graph\":[{\"@type\":\"Article\",\"@id\":\"https:\\\/\\\/arte351.pt\\\/art\\\/2021\\\/09\\\/15\\\/camada-e-hugo-marmelada-em-estreia-absoluta-no-teatro-das-figuras\\\/#article\",\"isPartOf\":{\"@id\":\"https:\\\/\\\/arte351.pt\\\/art\\\/2021\\\/09\\\/15\\\/camada-e-hugo-marmelada-em-estreia-absoluta-no-teatro-das-figuras\\\/\"},\"author\":{\"name\":\"Equipa Arte351\",\"@id\":\"https:\\\/\\\/arte351.pt\\\/art\\\/#\\\/schema\\\/person\\\/f2cfae59497206be61c53c217757b930\"},\"headline\":\"CAMADA e Hugo Marmelada em estreia absoluta no Teatro das Figuras\",\"datePublished\":\"2021-09-15T10:34:14+00:00\",\"mainEntityOfPage\":{\"@id\":\"https:\\\/\\\/arte351.pt\\\/art\\\/2021\\\/09\\\/15\\\/camada-e-hugo-marmelada-em-estreia-absoluta-no-teatro-das-figuras\\\/\"},\"wordCount\":539,\"publisher\":{\"@id\":\"https:\\\/\\\/arte351.pt\\\/art\\\/#organization\"},\"image\":{\"@id\":\"https:\\\/\\\/arte351.pt\\\/art\\\/2021\\\/09\\\/15\\\/camada-e-hugo-marmelada-em-estreia-absoluta-no-teatro-das-figuras\\\/#primaryimage\"},\"thumbnailUrl\":\"https:\\\/\\\/arte351.pt\\\/art\\\/wp-content\\\/uploads\\\/2021\\\/09\\\/Hugo-Marmelada.jpg\",\"keywords\":[\"CAMADA\",\"Faro\",\"Hugo Marmelada\",\"Teatro das Figuras\"],\"articleSection\":[\"Teatro\"],\"inLanguage\":\"pt-BR\"},{\"@type\":\"WebPage\",\"@id\":\"https:\\\/\\\/arte351.pt\\\/art\\\/2021\\\/09\\\/15\\\/camada-e-hugo-marmelada-em-estreia-absoluta-no-teatro-das-figuras\\\/\",\"url\":\"https:\\\/\\\/arte351.pt\\\/art\\\/2021\\\/09\\\/15\\\/camada-e-hugo-marmelada-em-estreia-absoluta-no-teatro-das-figuras\\\/\",\"name\":\"CAMADA e Hugo Marmelada em estreia absoluta no Teatro das Figuras\",\"isPartOf\":{\"@id\":\"https:\\\/\\\/arte351.pt\\\/art\\\/#website\"},\"primaryImageOfPage\":{\"@id\":\"https:\\\/\\\/arte351.pt\\\/art\\\/2021\\\/09\\\/15\\\/camada-e-hugo-marmelada-em-estreia-absoluta-no-teatro-das-figuras\\\/#primaryimage\"},\"image\":{\"@id\":\"https:\\\/\\\/arte351.pt\\\/art\\\/2021\\\/09\\\/15\\\/camada-e-hugo-marmelada-em-estreia-absoluta-no-teatro-das-figuras\\\/#primaryimage\"},\"thumbnailUrl\":\"https:\\\/\\\/arte351.pt\\\/art\\\/wp-content\\\/uploads\\\/2021\\\/09\\\/Hugo-Marmelada.jpg\",\"datePublished\":\"2021-09-15T10:34:14+00:00\",\"description\":\"PODIUM com CAMADA e Hugo Marmelada Quinta (16) de setembro de 2021, \u00e0s 21h30, Teatro das Figuras, Faro. Leia mais clicando aqui.\",\"breadcrumb\":{\"@id\":\"https:\\\/\\\/arte351.pt\\\/art\\\/2021\\\/09\\\/15\\\/camada-e-hugo-marmelada-em-estreia-absoluta-no-teatro-das-figuras\\\/#breadcrumb\"},\"inLanguage\":\"pt-BR\",\"potentialAction\":[{\"@type\":\"ReadAction\",\"target\":[\"https:\\\/\\\/arte351.pt\\\/art\\\/2021\\\/09\\\/15\\\/camada-e-hugo-marmelada-em-estreia-absoluta-no-teatro-das-figuras\\\/\"]}]},{\"@type\":\"ImageObject\",\"inLanguage\":\"pt-BR\",\"@id\":\"https:\\\/\\\/arte351.pt\\\/art\\\/2021\\\/09\\\/15\\\/camada-e-hugo-marmelada-em-estreia-absoluta-no-teatro-das-figuras\\\/#primaryimage\",\"url\":\"https:\\\/\\\/arte351.pt\\\/art\\\/wp-content\\\/uploads\\\/2021\\\/09\\\/Hugo-Marmelada.jpg\",\"contentUrl\":\"https:\\\/\\\/arte351.pt\\\/art\\\/wp-content\\\/uploads\\\/2021\\\/09\\\/Hugo-Marmelada.jpg\",\"width\":1200,\"height\":578},{\"@type\":\"BreadcrumbList\",\"@id\":\"https:\\\/\\\/arte351.pt\\\/art\\\/2021\\\/09\\\/15\\\/camada-e-hugo-marmelada-em-estreia-absoluta-no-teatro-das-figuras\\\/#breadcrumb\",\"itemListElement\":[{\"@type\":\"ListItem\",\"position\":1,\"name\":\"In\u00edcio\",\"item\":\"https:\\\/\\\/arte351.pt\\\/art\\\/\"},{\"@type\":\"ListItem\",\"position\":2,\"name\":\"CAMADA e Hugo Marmelada em estreia absoluta no Teatro das Figuras\"}]},{\"@type\":\"WebSite\",\"@id\":\"https:\\\/\\\/arte351.pt\\\/art\\\/#website\",\"url\":\"https:\\\/\\\/arte351.pt\\\/art\\\/\",\"name\":\"Arte351 - Art Magazine Portugal\",\"description\":\"\",\"publisher\":{\"@id\":\"https:\\\/\\\/arte351.pt\\\/art\\\/#organization\"},\"potentialAction\":[{\"@type\":\"SearchAction\",\"target\":{\"@type\":\"EntryPoint\",\"urlTemplate\":\"https:\\\/\\\/arte351.pt\\\/art\\\/?s={search_term_string}\"},\"query-input\":{\"@type\":\"PropertyValueSpecification\",\"valueRequired\":true,\"valueName\":\"search_term_string\"}}],\"inLanguage\":\"pt-BR\"},{\"@type\":\"Organization\",\"@id\":\"https:\\\/\\\/arte351.pt\\\/art\\\/#organization\",\"name\":\"Arte351 - Art Magazine Portugal\",\"url\":\"https:\\\/\\\/arte351.pt\\\/art\\\/\",\"logo\":{\"@type\":\"ImageObject\",\"inLanguage\":\"pt-BR\",\"@id\":\"https:\\\/\\\/arte351.pt\\\/art\\\/#\\\/schema\\\/logo\\\/image\\\/\",\"url\":\"https:\\\/\\\/arte351.pt\\\/art\\\/wp-content\\\/uploads\\\/2020\\\/03\\\/cropped-logo-arte351-color.png\",\"contentUrl\":\"https:\\\/\\\/arte351.pt\\\/art\\\/wp-content\\\/uploads\\\/2020\\\/03\\\/cropped-logo-arte351-color.png\",\"width\":514,\"height\":200,\"caption\":\"Arte351 - Art Magazine Portugal\"},\"image\":{\"@id\":\"https:\\\/\\\/arte351.pt\\\/art\\\/#\\\/schema\\\/logo\\\/image\\\/\"},\"sameAs\":[\"https:\\\/\\\/www.facebook.com\\\/arte351magazine\\\/\"]},{\"@type\":\"Person\",\"@id\":\"https:\\\/\\\/arte351.pt\\\/art\\\/#\\\/schema\\\/person\\\/f2cfae59497206be61c53c217757b930\",\"name\":\"Equipa Arte351\",\"image\":{\"@type\":\"ImageObject\",\"inLanguage\":\"pt-BR\",\"@id\":\"https:\\\/\\\/secure.gravatar.com\\\/avatar\\\/6caca56323d52e15e83fc5635240c86f7e52fd46fa8d5df9a709d99f5aa1638e?s=96&d=mm&r=g\",\"url\":\"https:\\\/\\\/secure.gravatar.com\\\/avatar\\\/6caca56323d52e15e83fc5635240c86f7e52fd46fa8d5df9a709d99f5aa1638e?s=96&d=mm&r=g\",\"contentUrl\":\"https:\\\/\\\/secure.gravatar.com\\\/avatar\\\/6caca56323d52e15e83fc5635240c86f7e52fd46fa8d5df9a709d99f5aa1638e?s=96&d=mm&r=g\",\"caption\":\"Equipa Arte351\"},\"url\":\"https:\\\/\\\/arte351.pt\\\/art\\\/author\\\/caroleenbass\\\/\"}]}<\/script>\n<!-- \/ Yoast SEO plugin. -->","yoast_head_json":{"title":"CAMADA e Hugo Marmelada em estreia absoluta no Teatro das Figuras","description":"PODIUM com CAMADA e Hugo Marmelada Quinta (16) de setembro de 2021, \u00e0s 21h30, Teatro das Figuras, Faro. Leia mais clicando aqui.","robots":{"index":"index","follow":"follow","max-snippet":"max-snippet:-1","max-image-preview":"max-image-preview:large","max-video-preview":"max-video-preview:-1"},"canonical":"https:\/\/arte351.pt\/art\/2021\/09\/15\/camada-e-hugo-marmelada-em-estreia-absoluta-no-teatro-das-figuras\/","og_locale":"pt_BR","og_type":"article","og_title":"CAMADA e Hugo Marmelada em estreia absoluta no Teatro das Figuras","og_description":"PODIUM com CAMADA e Hugo Marmelada Quinta (16) de setembro de 2021, \u00e0s 21h30, Teatro das Figuras, Faro. Leia mais clicando aqui.","og_url":"https:\/\/arte351.pt\/art\/2021\/09\/15\/camada-e-hugo-marmelada-em-estreia-absoluta-no-teatro-das-figuras\/","og_site_name":"Arte351 - Art Magazine Portugal","article_publisher":"https:\/\/www.facebook.com\/arte351magazine\/","article_published_time":"2021-09-15T10:34:14+00:00","og_image":[{"width":1200,"height":578,"url":"https:\/\/arte351.pt\/art\/wp-content\/uploads\/2021\/09\/Hugo-Marmelada.jpg","type":"image\/jpeg"}],"author":"Equipa Arte351","twitter_misc":{"Escrito por":"Equipa Arte351","Est. tempo de leitura":"3 minutos"},"schema":{"@context":"https:\/\/schema.org","@graph":[{"@type":"Article","@id":"https:\/\/arte351.pt\/art\/2021\/09\/15\/camada-e-hugo-marmelada-em-estreia-absoluta-no-teatro-das-figuras\/#article","isPartOf":{"@id":"https:\/\/arte351.pt\/art\/2021\/09\/15\/camada-e-hugo-marmelada-em-estreia-absoluta-no-teatro-das-figuras\/"},"author":{"name":"Equipa Arte351","@id":"https:\/\/arte351.pt\/art\/#\/schema\/person\/f2cfae59497206be61c53c217757b930"},"headline":"CAMADA e Hugo Marmelada em estreia absoluta no Teatro das Figuras","datePublished":"2021-09-15T10:34:14+00:00","mainEntityOfPage":{"@id":"https:\/\/arte351.pt\/art\/2021\/09\/15\/camada-e-hugo-marmelada-em-estreia-absoluta-no-teatro-das-figuras\/"},"wordCount":539,"publisher":{"@id":"https:\/\/arte351.pt\/art\/#organization"},"image":{"@id":"https:\/\/arte351.pt\/art\/2021\/09\/15\/camada-e-hugo-marmelada-em-estreia-absoluta-no-teatro-das-figuras\/#primaryimage"},"thumbnailUrl":"https:\/\/arte351.pt\/art\/wp-content\/uploads\/2021\/09\/Hugo-Marmelada.jpg","keywords":["CAMADA","Faro","Hugo Marmelada","Teatro das Figuras"],"articleSection":["Teatro"],"inLanguage":"pt-BR"},{"@type":"WebPage","@id":"https:\/\/arte351.pt\/art\/2021\/09\/15\/camada-e-hugo-marmelada-em-estreia-absoluta-no-teatro-das-figuras\/","url":"https:\/\/arte351.pt\/art\/2021\/09\/15\/camada-e-hugo-marmelada-em-estreia-absoluta-no-teatro-das-figuras\/","name":"CAMADA e Hugo Marmelada em estreia absoluta no Teatro das Figuras","isPartOf":{"@id":"https:\/\/arte351.pt\/art\/#website"},"primaryImageOfPage":{"@id":"https:\/\/arte351.pt\/art\/2021\/09\/15\/camada-e-hugo-marmelada-em-estreia-absoluta-no-teatro-das-figuras\/#primaryimage"},"image":{"@id":"https:\/\/arte351.pt\/art\/2021\/09\/15\/camada-e-hugo-marmelada-em-estreia-absoluta-no-teatro-das-figuras\/#primaryimage"},"thumbnailUrl":"https:\/\/arte351.pt\/art\/wp-content\/uploads\/2021\/09\/Hugo-Marmelada.jpg","datePublished":"2021-09-15T10:34:14+00:00","description":"PODIUM com CAMADA e Hugo Marmelada Quinta (16) de setembro de 2021, \u00e0s 21h30, Teatro das Figuras, Faro. Leia mais clicando aqui.","breadcrumb":{"@id":"https:\/\/arte351.pt\/art\/2021\/09\/15\/camada-e-hugo-marmelada-em-estreia-absoluta-no-teatro-das-figuras\/#breadcrumb"},"inLanguage":"pt-BR","potentialAction":[{"@type":"ReadAction","target":["https:\/\/arte351.pt\/art\/2021\/09\/15\/camada-e-hugo-marmelada-em-estreia-absoluta-no-teatro-das-figuras\/"]}]},{"@type":"ImageObject","inLanguage":"pt-BR","@id":"https:\/\/arte351.pt\/art\/2021\/09\/15\/camada-e-hugo-marmelada-em-estreia-absoluta-no-teatro-das-figuras\/#primaryimage","url":"https:\/\/arte351.pt\/art\/wp-content\/uploads\/2021\/09\/Hugo-Marmelada.jpg","contentUrl":"https:\/\/arte351.pt\/art\/wp-content\/uploads\/2021\/09\/Hugo-Marmelada.jpg","width":1200,"height":578},{"@type":"BreadcrumbList","@id":"https:\/\/arte351.pt\/art\/2021\/09\/15\/camada-e-hugo-marmelada-em-estreia-absoluta-no-teatro-das-figuras\/#breadcrumb","itemListElement":[{"@type":"ListItem","position":1,"name":"In\u00edcio","item":"https:\/\/arte351.pt\/art\/"},{"@type":"ListItem","position":2,"name":"CAMADA e Hugo Marmelada em estreia absoluta no Teatro das Figuras"}]},{"@type":"WebSite","@id":"https:\/\/arte351.pt\/art\/#website","url":"https:\/\/arte351.pt\/art\/","name":"Arte351 - Art Magazine Portugal","description":"","publisher":{"@id":"https:\/\/arte351.pt\/art\/#organization"},"potentialAction":[{"@type":"SearchAction","target":{"@type":"EntryPoint","urlTemplate":"https:\/\/arte351.pt\/art\/?s={search_term_string}"},"query-input":{"@type":"PropertyValueSpecification","valueRequired":true,"valueName":"search_term_string"}}],"inLanguage":"pt-BR"},{"@type":"Organization","@id":"https:\/\/arte351.pt\/art\/#organization","name":"Arte351 - Art Magazine Portugal","url":"https:\/\/arte351.pt\/art\/","logo":{"@type":"ImageObject","inLanguage":"pt-BR","@id":"https:\/\/arte351.pt\/art\/#\/schema\/logo\/image\/","url":"https:\/\/arte351.pt\/art\/wp-content\/uploads\/2020\/03\/cropped-logo-arte351-color.png","contentUrl":"https:\/\/arte351.pt\/art\/wp-content\/uploads\/2020\/03\/cropped-logo-arte351-color.png","width":514,"height":200,"caption":"Arte351 - Art Magazine Portugal"},"image":{"@id":"https:\/\/arte351.pt\/art\/#\/schema\/logo\/image\/"},"sameAs":["https:\/\/www.facebook.com\/arte351magazine\/"]},{"@type":"Person","@id":"https:\/\/arte351.pt\/art\/#\/schema\/person\/f2cfae59497206be61c53c217757b930","name":"Equipa Arte351","image":{"@type":"ImageObject","inLanguage":"pt-BR","@id":"https:\/\/secure.gravatar.com\/avatar\/6caca56323d52e15e83fc5635240c86f7e52fd46fa8d5df9a709d99f5aa1638e?s=96&d=mm&r=g","url":"https:\/\/secure.gravatar.com\/avatar\/6caca56323d52e15e83fc5635240c86f7e52fd46fa8d5df9a709d99f5aa1638e?s=96&d=mm&r=g","contentUrl":"https:\/\/secure.gravatar.com\/avatar\/6caca56323d52e15e83fc5635240c86f7e52fd46fa8d5df9a709d99f5aa1638e?s=96&d=mm&r=g","caption":"Equipa Arte351"},"url":"https:\/\/arte351.pt\/art\/author\/caroleenbass\/"}]}},"_links":{"self":[{"href":"https:\/\/arte351.pt\/art\/wp-json\/wp\/v2\/posts\/5663","targetHints":{"allow":["GET"]}}],"collection":[{"href":"https:\/\/arte351.pt\/art\/wp-json\/wp\/v2\/posts"}],"about":[{"href":"https:\/\/arte351.pt\/art\/wp-json\/wp\/v2\/types\/post"}],"author":[{"embeddable":true,"href":"https:\/\/arte351.pt\/art\/wp-json\/wp\/v2\/users\/3"}],"replies":[{"embeddable":true,"href":"https:\/\/arte351.pt\/art\/wp-json\/wp\/v2\/comments?post=5663"}],"version-history":[{"count":1,"href":"https:\/\/arte351.pt\/art\/wp-json\/wp\/v2\/posts\/5663\/revisions"}],"predecessor-version":[{"id":5665,"href":"https:\/\/arte351.pt\/art\/wp-json\/wp\/v2\/posts\/5663\/revisions\/5665"}],"wp:featuredmedia":[{"embeddable":true,"href":"https:\/\/arte351.pt\/art\/wp-json\/wp\/v2\/media\/5664"}],"wp:attachment":[{"href":"https:\/\/arte351.pt\/art\/wp-json\/wp\/v2\/media?parent=5663"}],"wp:term":[{"taxonomy":"category","embeddable":true,"href":"https:\/\/arte351.pt\/art\/wp-json\/wp\/v2\/categories?post=5663"},{"taxonomy":"post_tag","embeddable":true,"href":"https:\/\/arte351.pt\/art\/wp-json\/wp\/v2\/tags?post=5663"}],"curies":[{"name":"wp","href":"https:\/\/api.w.org\/{rel}","templated":true}]}}