{"id":5666,"date":"2021-09-15T08:37:42","date_gmt":"2021-09-15T08:37:42","guid":{"rendered":"https:\/\/arte351.pt\/art\/?p=5666"},"modified":"2021-09-13T19:55:39","modified_gmt":"2021-09-13T19:55:39","slug":"19-artistas-de-rua-nacionais-e-internacionais-apresentam-se-em-lisboa","status":"publish","type":"post","link":"https:\/\/arte351.pt\/art\/2021\/09\/15\/19-artistas-de-rua-nacionais-e-internacionais-apresentam-se-em-lisboa\/","title":{"rendered":"19 artistas de rua nacionais e internacionais apresentam-se em Lisboa"},"content":{"rendered":"<p>De<span>\u00a0<\/span><strong>17 a 19 de Setembro<\/strong>, <span>a 6\u00aa edi\u00e7\u00e3o do<\/span> <strong>Chap\u00e9us na Rua <span>\u2013 Lisbon\u2019s Busking Festival<\/span> <\/strong>estara\u0301 em diferentes pontos da cidade de Lisboa: Campo Ma\u0301rtires da Pa\u0301tria, Mercado de Arroios e Mercado De Culturas num fim-de-semana de cultura para todos, <span>com 19 artistas de rua nacionais e internacionais.<\/span><\/p>\n<p><span>O festival apresenta artistas nacionais e internacionais representados por pai\u0301ses como Brasil, Venezuela e Chile. Uma programac\u0327a\u0303o diversa com espeta\u0301culos de novo circo como acrobacia, mu\u0301sica, malabarismo, equilibrismo, manipulac\u0327a\u0303o de objetos, comedor de fogo, monociclo e palhac\u0327o. <\/span>O programa conta tambe\u0301m com uma<span>\u00a0<\/span><strong><em>masterclass de palhac\u0327o<\/em><\/strong><em>,<span>\u00a0<\/span><\/em>direcionado ao pu\u0301blico geral ou com formac\u0327a\u0303o nas a\u0301reas do espeta\u0301culo.<\/p>\n<p><span>Este evento, produzido pela Corrente d\u2019Arte Associa\u00e7\u00e3o, \u00e9 de acesso livre e tem como intuito promover os artistas e a arte de rua, querendo afirmar-se como \u2018O Festival de Circo de Lisboa. \u00c9 necess\u00e1rio efectuar reserva atrav\u00e9s do email <a href=\"mailto:reservaschapeus@gmail.com\">reservaschapeus@gmail.com<\/a><\/span><\/p>\n<p>Baseado no conceito de Busking, estes espet\u00e1culos de rua inspiram-se na tradi\u00e7\u00e3o milenar em que o teatro primava pelo contacto mais direto com os espectadores no centro da polis.<\/p>\n<p>Os artistas de rua far\u00e3o as suas performances e no final passar\u00e3o o seu chap\u00e9u para que o espetador, consoante a sua opini\u00e3o e dentro das suas possibilidades, d\u00ea uma contribui\u00e7\u00e3o pelo espet\u00e1culo a que assistiu.<\/p>\n<p>A passagem do chap\u00e9u contribui para a educa\u00e7\u00e3o do p\u00fablico na medida em que incita o espetador a valorizar as artes de rua, criando uma bilheteira democr\u00e1tica onde o cada um decide o valor da doa\u00e7\u00e3o. Mostrar que artistas de rua e a arte n\u00e3o \u00e9 pobre \u00e9 um dos principais objetivos do festival.<\/p>\n<p>&nbsp;<\/p>\n<p>&nbsp;<\/p>\n<h3><u>Programa completo dos artistas de rua<\/u>:<\/h3>\n<p><strong>17 de setembro<\/strong><\/p>\n<p>21h00<\/p>\n<p>Mercado de Culturas<\/p>\n<p><strong>Espet\u00e1culo de Abertura<\/strong><\/p>\n<p>Dura\u00e7\u00e3o: 60\u2019<\/p>\n<p>O festival abre com uma mostra de circo no feminino apresentada pela UPP a Uni\u00e3o de Palha\u00e7as de Portugal.<\/p>\n<p>&nbsp;<\/p>\n<p><strong>18 de setembro<\/strong><\/p>\n<p>11h00<\/p>\n<p>Mercado de Arroios<\/p>\n<p><strong>Circo nos Mercados<\/strong><span>\u00a0<\/span>| FORA DA CAIXA<\/p>\n<p>JO\u00c3O FARINHA<\/p>\n<p>Dura\u00e7\u00e3o: 40\u2019<\/p>\n<p>Fora da Caixa \u00e9 um espet\u00e1culo clown baseado numa caixa que dentro tem outra caixa que dentro tem outra caixa e assim vai descobrindo cada caixa e vamos entrando no jogo da descoberta mas tamb\u00e9m de grandes habilidades que fundem artes como o malabarismo ,a dan\u00e7a e o equilibrismo, tudo dentro e fora da caixa.<\/p>\n<p>&nbsp;<\/p>\n<p>16h00<\/p>\n<p>Jardim Campo M\u00e1rtires da P\u00e1tria<\/p>\n<p><strong>CRASSH DUO CIRCUS<\/strong><\/p>\n<p>WETUMTUM<\/p>\n<p>Dura\u00e7\u00e3o: 45\u2019<\/p>\n<p>Crassh DuoCircus \u00e9 um espect\u00e1culo onde apenas 2 personagens transportam o p\u00fablico, de uma forma intimista e bastante acolhedora, para o universo Crassh, onde o mais comum dos objectos inerentes ao nosso dia-a-dia serve para produzir m\u00fasica, desde simples melodias a complexos e virtuosos ritmos. Aliado uma forte componente c\u00f3mica, visual, de intera\u00e7\u00e3o com o p\u00fablico, e de disciplinas circenses onde o malabarismo serve tamb\u00e9m para criar m\u00fasica ao vivo, este \u00e9 um espet\u00e1culo que combina o rigor com o caos, o calafrio com a divers\u00e3o levada ao seu expoente, onde ningu\u00e9m ficar\u00e1 decerto indiferente.<\/p>\n<p>&nbsp;<\/p>\n<p>17h30<\/p>\n<p>Jardim Campo M\u00e1rtires da P\u00e1tria<\/p>\n<p><strong>LAND AHOY<\/strong><\/p>\n<p>ZAPEROCO CIRCUS<\/p>\n<p>Dura\u00e7\u00e3o: 45\u2019<\/p>\n<p>Um espet\u00e1culo onde os corpos se desembrulham e ligam uns aos outros atrav\u00e9s de diferentes atos combinados com dan\u00e7a, teatro f\u00edsico, com\u00e9dia e acrobacia. Uma s\u00e9rie de transi\u00e7\u00f5es que terminar\u00e3o com o grande ato de Perch, em que o p\u00fablico se encher\u00e1 de entusiasmo para ver as acrobacias a\u00e9reas feitas num poleiro de 4 metros de altura que ser\u00e1 sempre equilibrado no corpo da base.<\/p>\n<p>&nbsp;<\/p>\n<p>19h00<\/p>\n<p>Jardim Campo M\u00e1rtires da P\u00e1tria<\/p>\n<p><strong>MARTA FORA DO TOM<\/strong><\/p>\n<p>MARTA DE CARVALHO<\/p>\n<p>Dura\u00e7\u00e3o: 45\u2019<\/p>\n<p>Marta de Carvalho nasceu em 86 na bela cidade de Lisboa. Desde pequena que procura na arte o escape para a sua timidez e o seu lugar de existir. As can\u00e7\u00f5es da Marta nascem da necessidade de express\u00e3o, de dizer o que se sente e n\u00e3o se sabe como, de trazer para o mundo os amores e desamores que vivem intensamente dentro de um peito s\u00f3. A m\u00fasica \u00e9 ligeira e ligeiramente gay.<\/p>\n<p>&nbsp;<\/p>\n<p>21h00<\/p>\n<p>Mercado de Culturas<\/p>\n<p><strong>THE ODDER SIDE SHOW<\/strong><\/p>\n<p>FRIC \u00c0 FRAC<\/p>\n<p>Dura\u00e7\u00e3o: 60\u2019<\/p>\n<p>Um casal, um lar, um Freakshow. Lucy Ferdinand e Ad\u00f3nis Toxic convidam o espectador a olhar para o seu peculiar quotidiano. Uma rela\u00e7\u00e3o que como tantas outras vive no fio da navalha. Uma reflex\u00e3o sobre o amor rom\u00e2ntico com din\u00e2micas levadas ao extremo nas emo\u00e7\u00f5es e na performance.<\/p>\n<p>&nbsp;<\/p>\n<p>&nbsp;<\/p>\n<p>&nbsp;<\/p>\n<p><strong>19 de setembro<\/strong><\/p>\n<p>Das 10h00 \u00e0s 14h00<\/p>\n<p>Mercado de Culturas<\/p>\n<p><strong>LABORAT\u00d3RIO DE CLOWN E COMICIDADE<\/strong><\/p>\n<p>SOM \u2013 DANDO COMICIDADE<\/p>\n<p>Dura\u00e7\u00e3o: 45\u2019<\/p>\n<p>Formador: Catarina Mota<\/p>\n<p>Inscri\u00e7\u00f5es: lisbonbuskingfestival@gmail.com<\/p>\n<p>Um\u00a0laborat\u00f3rio de pesquisa em torno do teatral e do c\u00f3mico atrav\u00e9s do som, ritmo interno e movimento, abordando tamb\u00e9m a chegada ao estado do palha\u00e7@. Atrav\u00e9s de jogos e exerc\u00edcios que misturam o ritmo a sonoridade e a voz com o jogo teatral e o jogo clownesco, visamos proporcionar espa\u00e7o \u00e0 descoberta de um corpo\u00a0 f\u00edsico e sonoro\u00a0 que chega \u00e0 teatralidade e \u00e0 comicidade, desde do rigor do gesto \u00e0 simplicidade do movimento. Laborat\u00f3rio l\u00fadico para exploradores do som, do clown, do teatro e \/ ou do encontro.<\/p>\n<p>&nbsp;<\/p>\n<p>16h00<\/p>\n<p>Jardim Campo M\u00e1rtires da P\u00e1tria<\/p>\n<p><strong>MOMENTO ABSURDO<\/strong><\/p>\n<p>T\u00c2NIA SAFANETA<\/p>\n<p>Dura\u00e7\u00e3o: 45\u2019<\/p>\n<p>Em 3D ao vivo e a cores. Uma performance interativa louca, din\u00e2mica, absurda e espont\u00e2nea. Um espa\u00e7o, uma clown, um p\u00fablico, um momento, mistura- se tudo e: o que vai dar? Num verdadeiro momento de pura loucura. Este n\u00famero n\u00e3o foi testado em outros Seres humanos, ou outros Seres, criaturas ou Coisas assim, por isso \u00e9 um momento \u00fanico incr\u00edvel.<\/p>\n<p>&nbsp;<\/p>\n<p>17h30<\/p>\n<p>Jardim Campo M\u00e1rtires da P\u00e1tria<\/p>\n<p><strong>LIBERA 2<\/strong><\/p>\n<p>LOS PEPES<\/p>\n<p>Dura\u00e7\u00e3o: 45\u2019<\/p>\n<p>Em busca de um lar seguro, Pepe\u00b4s Show viajam num particular bal\u00e3o de ar quente. Ao chegarem a terra firme, encontram a desagrad\u00e1vel surpresa de que este lugar tamb\u00e9m foi afetado por um terr\u00edvel v\u00edrus que mant\u00e9m as pessoas distantes e sem alegria. Agora eles ter\u00e3o uma dupla miss\u00e3o: construir um LAR e combater o maior de todos os v\u00edrus: o medo que limita, paralisa e nos impede de viver. Ir\u00e3o eles conseguir?<\/p>\n<p>&nbsp;<\/p>\n<p>19h00<\/p>\n<p>Jardim Campo M\u00e1rtires da P\u00e1tria<\/p>\n<p><strong>HEART OF A CLOWN<\/strong><\/p>\n<p>CATARINA MOTA<\/p>\n<p>Dura\u00e7\u00e3o: 20\u2019<\/p>\n<p>Dentro de uma pequena casa-gaiola vive Maria e o seu Cora\u00e7\u00e3o. Atrav\u00e9s do seu movimento e coreografia di\u00e1ria ficamos a conhec\u00ea-la. Um dia o seu Cora\u00e7\u00e3o p\u00e1ra e depois de algumas perip\u00e9cias descobrimos que dentro dele vivia afinal a liberdade. Performance de clown e movimento para rua ou espa\u00e7o n\u00e3o convencional. Esta performance explora a conex\u00e3o entre o movimento e a comicidade, faz-nos rir ao mesmo tempo que nos faz questionar, o que \u00e9 a liberdade afinal!?<\/p>\n<p>&nbsp;<\/p>\n<p><img fetchpriority=\"high\" decoding=\"async\" class=\"alignnone size-large\" src=\"https:\/\/scontent.flis6-1.fna.fbcdn.net\/v\/t1.6435-9\/240999053_1484299868606282_4146577467289336334_n.jpg?_nc_cat=104&amp;ccb=1-5&amp;_nc_sid=973b4a&amp;_nc_ohc=u3i3qtPBeR4AX9C7XSd&amp;_nc_ht=scontent.flis6-1.fna&amp;oh=1fb1ecd9f4a1d169d4067bfbd5657fc5&amp;oe=6163F6F4\" width=\"1357\" height=\"1920\" \/><\/p>\n","protected":false},"excerpt":{"rendered":"<p>De\u00a017 a 19 de Setembro, a 6\u00aa edi\u00e7\u00e3o do Chap\u00e9us na Rua \u2013 Lisbon\u2019s Busking Festival estara\u0301 em diferentes pontos da cidade de Lisboa: Campo Ma\u0301rtires da Pa\u0301tria, Mercado de [&hellip;]<\/p>\n","protected":false},"author":3,"featured_media":5667,"comment_status":"closed","ping_status":"closed","sticky":false,"template":"","format":"standard","meta":{"_exactmetrics_skip_tracking":false,"_exactmetrics_sitenote_active":false,"_exactmetrics_sitenote_note":"","_exactmetrics_sitenote_category":0,"_uf_show_specific_survey":0,"_uf_disable_surveys":false,"footnotes":""},"categories":[1],"tags":[1474],"class_list":["post-5666","post","type-post","status-publish","format-standard","has-post-thumbnail","hentry","category-sem-categoria","tag-chapeus-na-rua"],"yoast_head":"<!-- This site is optimized with the Yoast SEO plugin v27.3 - https:\/\/yoast.com\/product\/yoast-seo-wordpress\/ -->\n<title>19 artistas de rua nacionais e internacionais apresentam-se em Lisboa<\/title>\n<meta name=\"description\" content=\"6\u00aa edi\u00e7\u00e3o do \u201cChap\u00e9us na Rua\u201d \u2013 Lisbon\u2019s Busking Festival, regressa as ruas de Lisboa, com 19 artistas nacionais e internacionais.\" \/>\n<meta name=\"robots\" content=\"index, follow, max-snippet:-1, max-image-preview:large, max-video-preview:-1\" \/>\n<link rel=\"canonical\" href=\"https:\/\/arte351.pt\/art\/2021\/09\/15\/19-artistas-de-rua-nacionais-e-internacionais-apresentam-se-em-lisboa\/\" \/>\n<meta property=\"og:locale\" content=\"pt_BR\" \/>\n<meta property=\"og:type\" content=\"article\" \/>\n<meta property=\"og:title\" content=\"19 artistas de rua nacionais e internacionais apresentam-se em Lisboa\" \/>\n<meta property=\"og:description\" content=\"6\u00aa edi\u00e7\u00e3o do \u201cChap\u00e9us na Rua\u201d \u2013 Lisbon\u2019s Busking Festival, regressa as ruas de Lisboa, com 19 artistas nacionais e internacionais.\" \/>\n<meta property=\"og:url\" content=\"https:\/\/arte351.pt\/art\/2021\/09\/15\/19-artistas-de-rua-nacionais-e-internacionais-apresentam-se-em-lisboa\/\" \/>\n<meta property=\"og:site_name\" content=\"Arte351 - Art Magazine Portugal\" \/>\n<meta property=\"article:publisher\" content=\"https:\/\/www.facebook.com\/arte351magazine\/\" \/>\n<meta property=\"article:published_time\" content=\"2021-09-15T08:37:42+00:00\" \/>\n<meta property=\"og:image\" content=\"https:\/\/arte351.pt\/art\/wp-content\/uploads\/2021\/09\/artistas-de-rua.jpg\" \/>\n\t<meta property=\"og:image:width\" content=\"1200\" \/>\n\t<meta property=\"og:image:height\" content=\"578\" \/>\n\t<meta property=\"og:image:type\" content=\"image\/jpeg\" \/>\n<meta name=\"author\" content=\"Equipa Arte351\" \/>\n<meta name=\"twitter:label1\" content=\"Escrito por\" \/>\n\t<meta name=\"twitter:data1\" content=\"Equipa Arte351\" \/>\n\t<meta name=\"twitter:label2\" content=\"Est. tempo de leitura\" \/>\n\t<meta name=\"twitter:data2\" content=\"5 minutos\" \/>\n<script type=\"application\/ld+json\" class=\"yoast-schema-graph\">{\"@context\":\"https:\\\/\\\/schema.org\",\"@graph\":[{\"@type\":\"Article\",\"@id\":\"https:\\\/\\\/arte351.pt\\\/art\\\/2021\\\/09\\\/15\\\/19-artistas-de-rua-nacionais-e-internacionais-apresentam-se-em-lisboa\\\/#article\",\"isPartOf\":{\"@id\":\"https:\\\/\\\/arte351.pt\\\/art\\\/2021\\\/09\\\/15\\\/19-artistas-de-rua-nacionais-e-internacionais-apresentam-se-em-lisboa\\\/\"},\"author\":{\"name\":\"Equipa Arte351\",\"@id\":\"https:\\\/\\\/arte351.pt\\\/art\\\/#\\\/schema\\\/person\\\/f2cfae59497206be61c53c217757b930\"},\"headline\":\"19 artistas de rua nacionais e internacionais apresentam-se em Lisboa\",\"datePublished\":\"2021-09-15T08:37:42+00:00\",\"mainEntityOfPage\":{\"@id\":\"https:\\\/\\\/arte351.pt\\\/art\\\/2021\\\/09\\\/15\\\/19-artistas-de-rua-nacionais-e-internacionais-apresentam-se-em-lisboa\\\/\"},\"wordCount\":1199,\"publisher\":{\"@id\":\"https:\\\/\\\/arte351.pt\\\/art\\\/#organization\"},\"image\":{\"@id\":\"https:\\\/\\\/arte351.pt\\\/art\\\/2021\\\/09\\\/15\\\/19-artistas-de-rua-nacionais-e-internacionais-apresentam-se-em-lisboa\\\/#primaryimage\"},\"thumbnailUrl\":\"https:\\\/\\\/arte351.pt\\\/art\\\/wp-content\\\/uploads\\\/2021\\\/09\\\/artistas-de-rua.jpg\",\"keywords\":[\"Chap\u00e9us na Rua\"],\"articleSection\":[\"Blog ARTE-351\"],\"inLanguage\":\"pt-BR\"},{\"@type\":\"WebPage\",\"@id\":\"https:\\\/\\\/arte351.pt\\\/art\\\/2021\\\/09\\\/15\\\/19-artistas-de-rua-nacionais-e-internacionais-apresentam-se-em-lisboa\\\/\",\"url\":\"https:\\\/\\\/arte351.pt\\\/art\\\/2021\\\/09\\\/15\\\/19-artistas-de-rua-nacionais-e-internacionais-apresentam-se-em-lisboa\\\/\",\"name\":\"19 artistas de rua nacionais e internacionais apresentam-se em Lisboa\",\"isPartOf\":{\"@id\":\"https:\\\/\\\/arte351.pt\\\/art\\\/#website\"},\"primaryImageOfPage\":{\"@id\":\"https:\\\/\\\/arte351.pt\\\/art\\\/2021\\\/09\\\/15\\\/19-artistas-de-rua-nacionais-e-internacionais-apresentam-se-em-lisboa\\\/#primaryimage\"},\"image\":{\"@id\":\"https:\\\/\\\/arte351.pt\\\/art\\\/2021\\\/09\\\/15\\\/19-artistas-de-rua-nacionais-e-internacionais-apresentam-se-em-lisboa\\\/#primaryimage\"},\"thumbnailUrl\":\"https:\\\/\\\/arte351.pt\\\/art\\\/wp-content\\\/uploads\\\/2021\\\/09\\\/artistas-de-rua.jpg\",\"datePublished\":\"2021-09-15T08:37:42+00:00\",\"description\":\"6\u00aa edi\u00e7\u00e3o do \u201cChap\u00e9us na Rua\u201d \u2013 Lisbon\u2019s Busking Festival, regressa as ruas de Lisboa, com 19 artistas nacionais e internacionais.\",\"breadcrumb\":{\"@id\":\"https:\\\/\\\/arte351.pt\\\/art\\\/2021\\\/09\\\/15\\\/19-artistas-de-rua-nacionais-e-internacionais-apresentam-se-em-lisboa\\\/#breadcrumb\"},\"inLanguage\":\"pt-BR\",\"potentialAction\":[{\"@type\":\"ReadAction\",\"target\":[\"https:\\\/\\\/arte351.pt\\\/art\\\/2021\\\/09\\\/15\\\/19-artistas-de-rua-nacionais-e-internacionais-apresentam-se-em-lisboa\\\/\"]}]},{\"@type\":\"ImageObject\",\"inLanguage\":\"pt-BR\",\"@id\":\"https:\\\/\\\/arte351.pt\\\/art\\\/2021\\\/09\\\/15\\\/19-artistas-de-rua-nacionais-e-internacionais-apresentam-se-em-lisboa\\\/#primaryimage\",\"url\":\"https:\\\/\\\/arte351.pt\\\/art\\\/wp-content\\\/uploads\\\/2021\\\/09\\\/artistas-de-rua.jpg\",\"contentUrl\":\"https:\\\/\\\/arte351.pt\\\/art\\\/wp-content\\\/uploads\\\/2021\\\/09\\\/artistas-de-rua.jpg\",\"width\":1200,\"height\":578,\"caption\":\"chap\u00e9us de rua\"},{\"@type\":\"BreadcrumbList\",\"@id\":\"https:\\\/\\\/arte351.pt\\\/art\\\/2021\\\/09\\\/15\\\/19-artistas-de-rua-nacionais-e-internacionais-apresentam-se-em-lisboa\\\/#breadcrumb\",\"itemListElement\":[{\"@type\":\"ListItem\",\"position\":1,\"name\":\"In\u00edcio\",\"item\":\"https:\\\/\\\/arte351.pt\\\/art\\\/\"},{\"@type\":\"ListItem\",\"position\":2,\"name\":\"19 artistas de rua nacionais e internacionais apresentam-se em Lisboa\"}]},{\"@type\":\"WebSite\",\"@id\":\"https:\\\/\\\/arte351.pt\\\/art\\\/#website\",\"url\":\"https:\\\/\\\/arte351.pt\\\/art\\\/\",\"name\":\"Arte351 - Art Magazine Portugal\",\"description\":\"\",\"publisher\":{\"@id\":\"https:\\\/\\\/arte351.pt\\\/art\\\/#organization\"},\"potentialAction\":[{\"@type\":\"SearchAction\",\"target\":{\"@type\":\"EntryPoint\",\"urlTemplate\":\"https:\\\/\\\/arte351.pt\\\/art\\\/?s={search_term_string}\"},\"query-input\":{\"@type\":\"PropertyValueSpecification\",\"valueRequired\":true,\"valueName\":\"search_term_string\"}}],\"inLanguage\":\"pt-BR\"},{\"@type\":\"Organization\",\"@id\":\"https:\\\/\\\/arte351.pt\\\/art\\\/#organization\",\"name\":\"Arte351 - Art Magazine Portugal\",\"url\":\"https:\\\/\\\/arte351.pt\\\/art\\\/\",\"logo\":{\"@type\":\"ImageObject\",\"inLanguage\":\"pt-BR\",\"@id\":\"https:\\\/\\\/arte351.pt\\\/art\\\/#\\\/schema\\\/logo\\\/image\\\/\",\"url\":\"https:\\\/\\\/arte351.pt\\\/art\\\/wp-content\\\/uploads\\\/2020\\\/03\\\/cropped-logo-arte351-color.png\",\"contentUrl\":\"https:\\\/\\\/arte351.pt\\\/art\\\/wp-content\\\/uploads\\\/2020\\\/03\\\/cropped-logo-arte351-color.png\",\"width\":514,\"height\":200,\"caption\":\"Arte351 - Art Magazine Portugal\"},\"image\":{\"@id\":\"https:\\\/\\\/arte351.pt\\\/art\\\/#\\\/schema\\\/logo\\\/image\\\/\"},\"sameAs\":[\"https:\\\/\\\/www.facebook.com\\\/arte351magazine\\\/\"]},{\"@type\":\"Person\",\"@id\":\"https:\\\/\\\/arte351.pt\\\/art\\\/#\\\/schema\\\/person\\\/f2cfae59497206be61c53c217757b930\",\"name\":\"Equipa Arte351\",\"image\":{\"@type\":\"ImageObject\",\"inLanguage\":\"pt-BR\",\"@id\":\"https:\\\/\\\/secure.gravatar.com\\\/avatar\\\/6caca56323d52e15e83fc5635240c86f7e52fd46fa8d5df9a709d99f5aa1638e?s=96&d=mm&r=g\",\"url\":\"https:\\\/\\\/secure.gravatar.com\\\/avatar\\\/6caca56323d52e15e83fc5635240c86f7e52fd46fa8d5df9a709d99f5aa1638e?s=96&d=mm&r=g\",\"contentUrl\":\"https:\\\/\\\/secure.gravatar.com\\\/avatar\\\/6caca56323d52e15e83fc5635240c86f7e52fd46fa8d5df9a709d99f5aa1638e?s=96&d=mm&r=g\",\"caption\":\"Equipa Arte351\"},\"url\":\"https:\\\/\\\/arte351.pt\\\/art\\\/author\\\/caroleenbass\\\/\"}]}<\/script>\n<!-- \/ Yoast SEO plugin. -->","yoast_head_json":{"title":"19 artistas de rua nacionais e internacionais apresentam-se em Lisboa","description":"6\u00aa edi\u00e7\u00e3o do \u201cChap\u00e9us na Rua\u201d \u2013 Lisbon\u2019s Busking Festival, regressa as ruas de Lisboa, com 19 artistas nacionais e internacionais.","robots":{"index":"index","follow":"follow","max-snippet":"max-snippet:-1","max-image-preview":"max-image-preview:large","max-video-preview":"max-video-preview:-1"},"canonical":"https:\/\/arte351.pt\/art\/2021\/09\/15\/19-artistas-de-rua-nacionais-e-internacionais-apresentam-se-em-lisboa\/","og_locale":"pt_BR","og_type":"article","og_title":"19 artistas de rua nacionais e internacionais apresentam-se em Lisboa","og_description":"6\u00aa edi\u00e7\u00e3o do \u201cChap\u00e9us na Rua\u201d \u2013 Lisbon\u2019s Busking Festival, regressa as ruas de Lisboa, com 19 artistas nacionais e internacionais.","og_url":"https:\/\/arte351.pt\/art\/2021\/09\/15\/19-artistas-de-rua-nacionais-e-internacionais-apresentam-se-em-lisboa\/","og_site_name":"Arte351 - Art Magazine Portugal","article_publisher":"https:\/\/www.facebook.com\/arte351magazine\/","article_published_time":"2021-09-15T08:37:42+00:00","og_image":[{"width":1200,"height":578,"url":"https:\/\/arte351.pt\/art\/wp-content\/uploads\/2021\/09\/artistas-de-rua.jpg","type":"image\/jpeg"}],"author":"Equipa Arte351","twitter_misc":{"Escrito por":"Equipa Arte351","Est. tempo de leitura":"5 minutos"},"schema":{"@context":"https:\/\/schema.org","@graph":[{"@type":"Article","@id":"https:\/\/arte351.pt\/art\/2021\/09\/15\/19-artistas-de-rua-nacionais-e-internacionais-apresentam-se-em-lisboa\/#article","isPartOf":{"@id":"https:\/\/arte351.pt\/art\/2021\/09\/15\/19-artistas-de-rua-nacionais-e-internacionais-apresentam-se-em-lisboa\/"},"author":{"name":"Equipa Arte351","@id":"https:\/\/arte351.pt\/art\/#\/schema\/person\/f2cfae59497206be61c53c217757b930"},"headline":"19 artistas de rua nacionais e internacionais apresentam-se em Lisboa","datePublished":"2021-09-15T08:37:42+00:00","mainEntityOfPage":{"@id":"https:\/\/arte351.pt\/art\/2021\/09\/15\/19-artistas-de-rua-nacionais-e-internacionais-apresentam-se-em-lisboa\/"},"wordCount":1199,"publisher":{"@id":"https:\/\/arte351.pt\/art\/#organization"},"image":{"@id":"https:\/\/arte351.pt\/art\/2021\/09\/15\/19-artistas-de-rua-nacionais-e-internacionais-apresentam-se-em-lisboa\/#primaryimage"},"thumbnailUrl":"https:\/\/arte351.pt\/art\/wp-content\/uploads\/2021\/09\/artistas-de-rua.jpg","keywords":["Chap\u00e9us na Rua"],"articleSection":["Blog ARTE-351"],"inLanguage":"pt-BR"},{"@type":"WebPage","@id":"https:\/\/arte351.pt\/art\/2021\/09\/15\/19-artistas-de-rua-nacionais-e-internacionais-apresentam-se-em-lisboa\/","url":"https:\/\/arte351.pt\/art\/2021\/09\/15\/19-artistas-de-rua-nacionais-e-internacionais-apresentam-se-em-lisboa\/","name":"19 artistas de rua nacionais e internacionais apresentam-se em Lisboa","isPartOf":{"@id":"https:\/\/arte351.pt\/art\/#website"},"primaryImageOfPage":{"@id":"https:\/\/arte351.pt\/art\/2021\/09\/15\/19-artistas-de-rua-nacionais-e-internacionais-apresentam-se-em-lisboa\/#primaryimage"},"image":{"@id":"https:\/\/arte351.pt\/art\/2021\/09\/15\/19-artistas-de-rua-nacionais-e-internacionais-apresentam-se-em-lisboa\/#primaryimage"},"thumbnailUrl":"https:\/\/arte351.pt\/art\/wp-content\/uploads\/2021\/09\/artistas-de-rua.jpg","datePublished":"2021-09-15T08:37:42+00:00","description":"6\u00aa edi\u00e7\u00e3o do \u201cChap\u00e9us na Rua\u201d \u2013 Lisbon\u2019s Busking Festival, regressa as ruas de Lisboa, com 19 artistas nacionais e internacionais.","breadcrumb":{"@id":"https:\/\/arte351.pt\/art\/2021\/09\/15\/19-artistas-de-rua-nacionais-e-internacionais-apresentam-se-em-lisboa\/#breadcrumb"},"inLanguage":"pt-BR","potentialAction":[{"@type":"ReadAction","target":["https:\/\/arte351.pt\/art\/2021\/09\/15\/19-artistas-de-rua-nacionais-e-internacionais-apresentam-se-em-lisboa\/"]}]},{"@type":"ImageObject","inLanguage":"pt-BR","@id":"https:\/\/arte351.pt\/art\/2021\/09\/15\/19-artistas-de-rua-nacionais-e-internacionais-apresentam-se-em-lisboa\/#primaryimage","url":"https:\/\/arte351.pt\/art\/wp-content\/uploads\/2021\/09\/artistas-de-rua.jpg","contentUrl":"https:\/\/arte351.pt\/art\/wp-content\/uploads\/2021\/09\/artistas-de-rua.jpg","width":1200,"height":578,"caption":"chap\u00e9us de rua"},{"@type":"BreadcrumbList","@id":"https:\/\/arte351.pt\/art\/2021\/09\/15\/19-artistas-de-rua-nacionais-e-internacionais-apresentam-se-em-lisboa\/#breadcrumb","itemListElement":[{"@type":"ListItem","position":1,"name":"In\u00edcio","item":"https:\/\/arte351.pt\/art\/"},{"@type":"ListItem","position":2,"name":"19 artistas de rua nacionais e internacionais apresentam-se em Lisboa"}]},{"@type":"WebSite","@id":"https:\/\/arte351.pt\/art\/#website","url":"https:\/\/arte351.pt\/art\/","name":"Arte351 - Art Magazine Portugal","description":"","publisher":{"@id":"https:\/\/arte351.pt\/art\/#organization"},"potentialAction":[{"@type":"SearchAction","target":{"@type":"EntryPoint","urlTemplate":"https:\/\/arte351.pt\/art\/?s={search_term_string}"},"query-input":{"@type":"PropertyValueSpecification","valueRequired":true,"valueName":"search_term_string"}}],"inLanguage":"pt-BR"},{"@type":"Organization","@id":"https:\/\/arte351.pt\/art\/#organization","name":"Arte351 - Art Magazine Portugal","url":"https:\/\/arte351.pt\/art\/","logo":{"@type":"ImageObject","inLanguage":"pt-BR","@id":"https:\/\/arte351.pt\/art\/#\/schema\/logo\/image\/","url":"https:\/\/arte351.pt\/art\/wp-content\/uploads\/2020\/03\/cropped-logo-arte351-color.png","contentUrl":"https:\/\/arte351.pt\/art\/wp-content\/uploads\/2020\/03\/cropped-logo-arte351-color.png","width":514,"height":200,"caption":"Arte351 - Art Magazine Portugal"},"image":{"@id":"https:\/\/arte351.pt\/art\/#\/schema\/logo\/image\/"},"sameAs":["https:\/\/www.facebook.com\/arte351magazine\/"]},{"@type":"Person","@id":"https:\/\/arte351.pt\/art\/#\/schema\/person\/f2cfae59497206be61c53c217757b930","name":"Equipa Arte351","image":{"@type":"ImageObject","inLanguage":"pt-BR","@id":"https:\/\/secure.gravatar.com\/avatar\/6caca56323d52e15e83fc5635240c86f7e52fd46fa8d5df9a709d99f5aa1638e?s=96&d=mm&r=g","url":"https:\/\/secure.gravatar.com\/avatar\/6caca56323d52e15e83fc5635240c86f7e52fd46fa8d5df9a709d99f5aa1638e?s=96&d=mm&r=g","contentUrl":"https:\/\/secure.gravatar.com\/avatar\/6caca56323d52e15e83fc5635240c86f7e52fd46fa8d5df9a709d99f5aa1638e?s=96&d=mm&r=g","caption":"Equipa Arte351"},"url":"https:\/\/arte351.pt\/art\/author\/caroleenbass\/"}]}},"_links":{"self":[{"href":"https:\/\/arte351.pt\/art\/wp-json\/wp\/v2\/posts\/5666","targetHints":{"allow":["GET"]}}],"collection":[{"href":"https:\/\/arte351.pt\/art\/wp-json\/wp\/v2\/posts"}],"about":[{"href":"https:\/\/arte351.pt\/art\/wp-json\/wp\/v2\/types\/post"}],"author":[{"embeddable":true,"href":"https:\/\/arte351.pt\/art\/wp-json\/wp\/v2\/users\/3"}],"replies":[{"embeddable":true,"href":"https:\/\/arte351.pt\/art\/wp-json\/wp\/v2\/comments?post=5666"}],"version-history":[{"count":1,"href":"https:\/\/arte351.pt\/art\/wp-json\/wp\/v2\/posts\/5666\/revisions"}],"predecessor-version":[{"id":5668,"href":"https:\/\/arte351.pt\/art\/wp-json\/wp\/v2\/posts\/5666\/revisions\/5668"}],"wp:featuredmedia":[{"embeddable":true,"href":"https:\/\/arte351.pt\/art\/wp-json\/wp\/v2\/media\/5667"}],"wp:attachment":[{"href":"https:\/\/arte351.pt\/art\/wp-json\/wp\/v2\/media?parent=5666"}],"wp:term":[{"taxonomy":"category","embeddable":true,"href":"https:\/\/arte351.pt\/art\/wp-json\/wp\/v2\/categories?post=5666"},{"taxonomy":"post_tag","embeddable":true,"href":"https:\/\/arte351.pt\/art\/wp-json\/wp\/v2\/tags?post=5666"}],"curies":[{"name":"wp","href":"https:\/\/api.w.org\/{rel}","templated":true}]}}