{"id":5886,"date":"2021-11-08T23:28:51","date_gmt":"2021-11-08T23:28:51","guid":{"rendered":"https:\/\/arte351.pt\/art\/?p=5886"},"modified":"2021-11-09T12:40:52","modified_gmt":"2021-11-09T12:40:52","slug":"programa-diario-do-ator-com-thais-de-campos-e-lancado-em-cascais","status":"publish","type":"post","link":"https:\/\/arte351.pt\/art\/2021\/11\/08\/programa-diario-do-ator-com-thais-de-campos-e-lancado-em-cascais\/","title":{"rendered":"Programa Di\u00e1rio do Ator, com Tha\u00eds de Campos, \u00e9 lan\u00e7ado em Cascais"},"content":{"rendered":"<div>Neste domingo (7) de novembro, a <a href=\"https:\/\/arte351.pt\/art\/tag\/casa-da-guia\/\" target=\"_blank\" rel=\"noopener\">Casa da Guia<\/a> recebeu convidados para a festa de lan\u00e7amento do novo programa com Tha\u00eds de Campos, <strong>Di\u00e1rio do Ator<\/strong>. A estreia ocorreu simultaneamente nos canais digitais <a href=\"https:\/\/youtu.be\/ggjzHqSUy2Q\" target=\"_blank\" rel=\"noopener\">YouTube<\/a> e Zoome, para que o mundo todo pudesse acompanhar.<\/div>\n<div>\n<div><\/div>\n<div><\/div>\n<div>Essa \u00e9 a primeira temporada do programa de entrevistas <strong>Di\u00e1rio do Ator<\/strong>, comandado pela atriz, diretora e educadora, Tha\u00eds de Campos, e que receber\u00e1 convidados como Dalton Vight, Marcos Pasquim, Let\u00edcia Spiller, e muitos outros.<\/div>\n<div><\/div>\n<div><\/div>\n<div>As entrevistas percorrem por v\u00e1rias hist\u00f3rias emocionantes, que trazem saudosismo ao p\u00fablico amante das novelas do passado e que desejam conhecer um pouco mais sobre a intimidade de cada artista e a sua personalidade.<\/div>\n<div><\/div>\n<div><\/div>\n<div>A festa contou com a presen\u00e7a de convidados seletos, parentes e amigos de Tha\u00eds de Campos, bem como da imprensa, que foram recebidos com uma linda decora\u00e7\u00e3o floral da Su Schwarz, vinhos Porta 6, Ricci Gourmet, doces Sweet Mulata, ch\u00e1s Tea Shop, ao som do DJ Milow. O evento tem apoio tamb\u00e9m da Ag\u00eancia UH, Studio Nuts, Renato Rodyner Gallery, Explos\u00e3o Virtual, Cantina Gigio, Gabriel Novaes, Arte 351, Scooteria e Hotel Mundial.<\/div>\n<\/div>\n<div><\/div>\n<h3><\/h3>\n<h3>Confira o v\u00eddeo e fotos do evento:<\/h3>\n<div>\n<p><iframe title=\"Lanc\u0327amento do programa Di\u00e1rio de ator, com Tha\u00eds de Campos\" width=\"697\" height=\"392\" src=\"https:\/\/www.youtube.com\/embed\/EvTZ-aOMCm4?feature=oembed\" frameborder=\"0\" allow=\"accelerometer; autoplay; clipboard-write; encrypted-media; gyroscope; picture-in-picture\" allowfullscreen><\/iframe><\/p>\n<\/div>\n<div>\n<h3><\/h3>\n<h3>Alguns registros fotogr\u00e1ficos:<\/h3>\n<div>\n<figure id=\"attachment_5887\" class=\"thumbnail wp-caption alignnone\" style=\"width: 707px\"><img fetchpriority=\"high\" decoding=\"async\" class=\"size-large wp-image-5887\" src=\"https:\/\/arte351.pt\/art\/wp-content\/uploads\/2021\/11\/WhatsApp-Image-2021-11-08-at-22.48.32-1024x768.jpeg\" alt=\"\" width=\"697\" height=\"523\" srcset=\"https:\/\/arte351.pt\/art\/wp-content\/uploads\/2021\/11\/WhatsApp-Image-2021-11-08-at-22.48.32-1024x768.jpeg 1024w, https:\/\/arte351.pt\/art\/wp-content\/uploads\/2021\/11\/WhatsApp-Image-2021-11-08-at-22.48.32-300x225.jpeg 300w, https:\/\/arte351.pt\/art\/wp-content\/uploads\/2021\/11\/WhatsApp-Image-2021-11-08-at-22.48.32-768x576.jpeg 768w, https:\/\/arte351.pt\/art\/wp-content\/uploads\/2021\/11\/WhatsApp-Image-2021-11-08-at-22.48.32-1536x1152.jpeg 1536w, https:\/\/arte351.pt\/art\/wp-content\/uploads\/2021\/11\/WhatsApp-Image-2021-11-08-at-22.48.32-640x480.jpeg 640w, https:\/\/arte351.pt\/art\/wp-content\/uploads\/2021\/11\/WhatsApp-Image-2021-11-08-at-22.48.32.jpeg 1600w\" sizes=\"(max-width: 697px) 100vw, 697px\" \/><figcaption class=\"caption wp-caption-text\">Elaine P\u00f3voas, da plataforma ZoOme<\/figcaption><\/figure>\n<\/div>\n<\/div>\n<figure id=\"attachment_5895\" class=\"thumbnail wp-caption alignnone\" style=\"width: 586px\"><img decoding=\"async\" class=\"wp-image-5895 size-large\" src=\"https:\/\/arte351.pt\/art\/wp-content\/uploads\/2021\/11\/lili-canecas-576x1024.jpg\" alt=\"\" width=\"576\" height=\"1024\" srcset=\"https:\/\/arte351.pt\/art\/wp-content\/uploads\/2021\/11\/lili-canecas-576x1024.jpg 576w, https:\/\/arte351.pt\/art\/wp-content\/uploads\/2021\/11\/lili-canecas-169x300.jpg 169w, https:\/\/arte351.pt\/art\/wp-content\/uploads\/2021\/11\/lili-canecas-768x1365.jpg 768w, https:\/\/arte351.pt\/art\/wp-content\/uploads\/2021\/11\/lili-canecas-864x1536.jpg 864w, https:\/\/arte351.pt\/art\/wp-content\/uploads\/2021\/11\/lili-canecas.jpg 1080w\" sizes=\"(max-width: 576px) 100vw, 576px\" \/><figcaption class=\"caption wp-caption-text\">Com Lili Cane\u00e7as<\/figcaption><\/figure>\n<figure id=\"attachment_5888\" class=\"thumbnail wp-caption alignnone\" style=\"width: 707px\"><img decoding=\"async\" class=\"size-large wp-image-5888\" src=\"https:\/\/arte351.pt\/art\/wp-content\/uploads\/2021\/11\/WhatsApp-Image-2021-11-08-at-22.46.33-1024x768.jpeg\" alt=\"\" width=\"697\" height=\"523\" srcset=\"https:\/\/arte351.pt\/art\/wp-content\/uploads\/2021\/11\/WhatsApp-Image-2021-11-08-at-22.46.33-1024x768.jpeg 1024w, https:\/\/arte351.pt\/art\/wp-content\/uploads\/2021\/11\/WhatsApp-Image-2021-11-08-at-22.46.33-300x225.jpeg 300w, https:\/\/arte351.pt\/art\/wp-content\/uploads\/2021\/11\/WhatsApp-Image-2021-11-08-at-22.46.33-768x576.jpeg 768w, https:\/\/arte351.pt\/art\/wp-content\/uploads\/2021\/11\/WhatsApp-Image-2021-11-08-at-22.46.33-1536x1152.jpeg 1536w, https:\/\/arte351.pt\/art\/wp-content\/uploads\/2021\/11\/WhatsApp-Image-2021-11-08-at-22.46.33-640x480.jpeg 640w, https:\/\/arte351.pt\/art\/wp-content\/uploads\/2021\/11\/WhatsApp-Image-2021-11-08-at-22.46.33.jpeg 2048w\" sizes=\"(max-width: 697px) 100vw, 697px\" \/><figcaption class=\"caption wp-caption-text\">Com o ator Marcus Andr\u00e9<\/figcaption><\/figure>\n<figure id=\"attachment_5889\" class=\"thumbnail wp-caption alignnone\" style=\"width: 586px\"><img loading=\"lazy\" decoding=\"async\" class=\"size-large wp-image-5889\" src=\"https:\/\/arte351.pt\/art\/wp-content\/uploads\/2021\/11\/Design-sem-nome-576x1024.jpg\" alt=\"\" width=\"576\" height=\"1024\" srcset=\"https:\/\/arte351.pt\/art\/wp-content\/uploads\/2021\/11\/Design-sem-nome-576x1024.jpg 576w, https:\/\/arte351.pt\/art\/wp-content\/uploads\/2021\/11\/Design-sem-nome-169x300.jpg 169w, https:\/\/arte351.pt\/art\/wp-content\/uploads\/2021\/11\/Design-sem-nome-768x1365.jpg 768w, https:\/\/arte351.pt\/art\/wp-content\/uploads\/2021\/11\/Design-sem-nome-864x1536.jpg 864w, https:\/\/arte351.pt\/art\/wp-content\/uploads\/2021\/11\/Design-sem-nome.jpg 1080w\" sizes=\"(max-width: 576px) 100vw, 576px\" \/><figcaption class=\"caption wp-caption-text\">Com Filomena Castro<\/figcaption><\/figure>\n<figure id=\"attachment_5890\" class=\"thumbnail wp-caption alignnone\" style=\"width: 586px\"><img loading=\"lazy\" decoding=\"async\" class=\"size-large wp-image-5890\" src=\"https:\/\/arte351.pt\/art\/wp-content\/uploads\/2021\/11\/Marcus-Atayde-576x1024.jpg\" alt=\"\" width=\"576\" height=\"1024\" srcset=\"https:\/\/arte351.pt\/art\/wp-content\/uploads\/2021\/11\/Marcus-Atayde-576x1024.jpg 576w, https:\/\/arte351.pt\/art\/wp-content\/uploads\/2021\/11\/Marcus-Atayde-169x300.jpg 169w, https:\/\/arte351.pt\/art\/wp-content\/uploads\/2021\/11\/Marcus-Atayde-768x1365.jpg 768w, https:\/\/arte351.pt\/art\/wp-content\/uploads\/2021\/11\/Marcus-Atayde-864x1536.jpg 864w, https:\/\/arte351.pt\/art\/wp-content\/uploads\/2021\/11\/Marcus-Atayde.jpg 1080w\" sizes=\"(max-width: 576px) 100vw, 576px\" \/><figcaption class=\"caption wp-caption-text\">Com Marcus Atayde<\/figcaption><\/figure>\n<figure id=\"attachment_5891\" class=\"thumbnail wp-caption alignnone\" style=\"width: 586px\"><img loading=\"lazy\" decoding=\"async\" class=\"size-large wp-image-5891\" src=\"https:\/\/arte351.pt\/art\/wp-content\/uploads\/2021\/11\/Denise-Ferrandini-e-Joa\u0303o-Liberio-576x1024.jpg\" alt=\"\" width=\"576\" height=\"1024\" srcset=\"https:\/\/arte351.pt\/art\/wp-content\/uploads\/2021\/11\/Denise-Ferrandini-e-Joa\u0303o-Liberio-576x1024.jpg 576w, https:\/\/arte351.pt\/art\/wp-content\/uploads\/2021\/11\/Denise-Ferrandini-e-Joa\u0303o-Liberio-169x300.jpg 169w, https:\/\/arte351.pt\/art\/wp-content\/uploads\/2021\/11\/Denise-Ferrandini-e-Joa\u0303o-Liberio-768x1365.jpg 768w, https:\/\/arte351.pt\/art\/wp-content\/uploads\/2021\/11\/Denise-Ferrandini-e-Joa\u0303o-Liberio-864x1536.jpg 864w, https:\/\/arte351.pt\/art\/wp-content\/uploads\/2021\/11\/Denise-Ferrandini-e-Joa\u0303o-Liberio.jpg 1080w\" sizes=\"(max-width: 576px) 100vw, 576px\" \/><figcaption class=\"caption wp-caption-text\">Denise Ferrandini e Jo\u00e3o Liberio<\/figcaption><\/figure>\n<figure id=\"attachment_5892\" class=\"thumbnail wp-caption alignnone\" style=\"width: 586px\"><img loading=\"lazy\" decoding=\"async\" class=\"size-large wp-image-5892\" src=\"https:\/\/arte351.pt\/art\/wp-content\/uploads\/2021\/11\/Gracinha-e-Rui-Vilhena-576x1024.jpg\" alt=\"\" width=\"576\" height=\"1024\" srcset=\"https:\/\/arte351.pt\/art\/wp-content\/uploads\/2021\/11\/Gracinha-e-Rui-Vilhena-576x1024.jpg 576w, https:\/\/arte351.pt\/art\/wp-content\/uploads\/2021\/11\/Gracinha-e-Rui-Vilhena-169x300.jpg 169w, https:\/\/arte351.pt\/art\/wp-content\/uploads\/2021\/11\/Gracinha-e-Rui-Vilhena-768x1365.jpg 768w, https:\/\/arte351.pt\/art\/wp-content\/uploads\/2021\/11\/Gracinha-e-Rui-Vilhena-864x1536.jpg 864w, https:\/\/arte351.pt\/art\/wp-content\/uploads\/2021\/11\/Gracinha-e-Rui-Vilhena.jpg 1080w\" sizes=\"(max-width: 576px) 100vw, 576px\" \/><figcaption class=\"caption wp-caption-text\">Gracinha e Rui Vilhena<\/figcaption><\/figure>\n<figure id=\"attachment_5899\" class=\"thumbnail wp-caption alignnone\" style=\"width: 707px\"><img loading=\"lazy\" decoding=\"async\" class=\"size-large wp-image-5899\" src=\"https:\/\/arte351.pt\/art\/wp-content\/uploads\/2021\/11\/regina-rito-1024x576.jpg\" alt=\"\" width=\"697\" height=\"392\" srcset=\"https:\/\/arte351.pt\/art\/wp-content\/uploads\/2021\/11\/regina-rito-1024x576.jpg 1024w, https:\/\/arte351.pt\/art\/wp-content\/uploads\/2021\/11\/regina-rito-300x169.jpg 300w, https:\/\/arte351.pt\/art\/wp-content\/uploads\/2021\/11\/regina-rito-768x432.jpg 768w, https:\/\/arte351.pt\/art\/wp-content\/uploads\/2021\/11\/regina-rito-1536x864.jpg 1536w, https:\/\/arte351.pt\/art\/wp-content\/uploads\/2021\/11\/regina-rito.jpg 1920w\" sizes=\"(max-width: 697px) 100vw, 697px\" \/><figcaption class=\"caption wp-caption-text\">Com Regina Rito e M\u00e1rcia Kaplun<\/figcaption><\/figure>\n<figure id=\"attachment_5893\" class=\"thumbnail wp-caption alignnone\" style=\"width: 707px\"><img loading=\"lazy\" decoding=\"async\" class=\"size-large wp-image-5893\" src=\"https:\/\/arte351.pt\/art\/wp-content\/uploads\/2021\/11\/Joa\u0303o-Liberio-o-marido-e-Diniz-Rodrigues-Madaleno-1024x576.jpg\" alt=\"\" width=\"697\" height=\"392\" srcset=\"https:\/\/arte351.pt\/art\/wp-content\/uploads\/2021\/11\/Joa\u0303o-Liberio-o-marido-e-Diniz-Rodrigues-Madaleno-1024x576.jpg 1024w, https:\/\/arte351.pt\/art\/wp-content\/uploads\/2021\/11\/Joa\u0303o-Liberio-o-marido-e-Diniz-Rodrigues-Madaleno-300x169.jpg 300w, https:\/\/arte351.pt\/art\/wp-content\/uploads\/2021\/11\/Joa\u0303o-Liberio-o-marido-e-Diniz-Rodrigues-Madaleno-768x432.jpg 768w, https:\/\/arte351.pt\/art\/wp-content\/uploads\/2021\/11\/Joa\u0303o-Liberio-o-marido-e-Diniz-Rodrigues-Madaleno-1536x864.jpg 1536w, https:\/\/arte351.pt\/art\/wp-content\/uploads\/2021\/11\/Joa\u0303o-Liberio-o-marido-e-Diniz-Rodrigues-Madaleno.jpg 1920w\" sizes=\"(max-width: 697px) 100vw, 697px\" \/><figcaption class=\"caption wp-caption-text\">Jo\u00e3o Liberio e marido, e Diniz Rodrigues Madaleno<\/figcaption><\/figure>\n<figure id=\"attachment_5904\" class=\"thumbnail wp-caption alignnone\" style=\"width: 707px\"><img loading=\"lazy\" decoding=\"async\" class=\"size-large wp-image-5904\" src=\"https:\/\/arte351.pt\/art\/wp-content\/uploads\/2021\/11\/tea-show-915x1024.jpg\" alt=\"\" width=\"697\" height=\"780\" srcset=\"https:\/\/arte351.pt\/art\/wp-content\/uploads\/2021\/11\/tea-show-915x1024.jpg 915w, https:\/\/arte351.pt\/art\/wp-content\/uploads\/2021\/11\/tea-show-268x300.jpg 268w, https:\/\/arte351.pt\/art\/wp-content\/uploads\/2021\/11\/tea-show-768x859.jpg 768w, https:\/\/arte351.pt\/art\/wp-content\/uploads\/2021\/11\/tea-show.jpg 1180w\" sizes=\"(max-width: 697px) 100vw, 697px\" \/><figcaption class=\"caption wp-caption-text\">Marcus Atayde e M\u00e1rcia Kaplun<\/figcaption><\/figure>\n<p><img loading=\"lazy\" decoding=\"async\" class=\"alignnone size-large wp-image-5894\" src=\"https:\/\/arte351.pt\/art\/wp-content\/uploads\/2021\/11\/se-576x1024.jpg\" alt=\"\" width=\"576\" height=\"1024\" srcset=\"https:\/\/arte351.pt\/art\/wp-content\/uploads\/2021\/11\/se-576x1024.jpg 576w, https:\/\/arte351.pt\/art\/wp-content\/uploads\/2021\/11\/se-169x300.jpg 169w, https:\/\/arte351.pt\/art\/wp-content\/uploads\/2021\/11\/se-768x1365.jpg 768w, https:\/\/arte351.pt\/art\/wp-content\/uploads\/2021\/11\/se-864x1536.jpg 864w, https:\/\/arte351.pt\/art\/wp-content\/uploads\/2021\/11\/se.jpg 1080w\" sizes=\"(max-width: 576px) 100vw, 576px\" \/><\/p>\n<p><img loading=\"lazy\" decoding=\"async\" class=\"alignnone size-large wp-image-5903\" src=\"https:\/\/arte351.pt\/art\/wp-content\/uploads\/2021\/11\/marcus-athayde-915x1024.jpg\" alt=\"\" width=\"697\" height=\"780\" srcset=\"https:\/\/arte351.pt\/art\/wp-content\/uploads\/2021\/11\/marcus-athayde-915x1024.jpg 915w, https:\/\/arte351.pt\/art\/wp-content\/uploads\/2021\/11\/marcus-athayde-268x300.jpg 268w, https:\/\/arte351.pt\/art\/wp-content\/uploads\/2021\/11\/marcus-athayde-768x859.jpg 768w, https:\/\/arte351.pt\/art\/wp-content\/uploads\/2021\/11\/marcus-athayde.jpg 1180w\" sizes=\"(max-width: 697px) 100vw, 697px\" \/><\/p>\n<div>\n<h3>Outros projetos de Tha\u00eds de Campos<\/h3>\n<div>M\u00eas de novembro \u00e9 marcado com os lan\u00e7amentos dos projetos on-line de Tha\u00eds de Campos. Em seguida, a atriz disponibilizar\u00e1 no seu Instagram @euthaisdecampos, o material gratuito, chamado a \u201cMaratona da Comunica\u00e7\u00e3o\u201d, repleto de conte\u00fado para quem quer aprender a se comunicar na internet.<\/div>\n<div><\/div>\n<div>Nos dias 12, 13 e 14 de novembro, a atriz lan\u00e7ar\u00e1 em seguida, o curso on-line \u201cSegredos da c\u00e2mera\u201d, com t\u00e9cnicas exclusivas da atriz, onde ela ensina a atuar em frente \u00e0 uma c\u00e2mera e vender uma ideia de forma din\u00e2mica, clara e objetiva. O link estar\u00e1 dispon\u00edvel a partir do dia 29 de outubro, no seu Instagram. Acompanhe todas as novidades da atriz no <a href=\"https:\/\/www.instagram.com\/euthaisdecampos\/\" target=\"_blank\" rel=\"noopener\">Instagram<\/a>.<\/div>\n<\/div>\n","protected":false},"excerpt":{"rendered":"<p>Neste domingo (7) de novembro, a Casa da Guia recebeu convidados para a festa de lan\u00e7amento do novo programa com Tha\u00eds de Campos, Di\u00e1rio do Ator. A estreia ocorreu simultaneamente [&hellip;]<\/p>\n","protected":false},"author":3,"featured_media":5900,"comment_status":"closed","ping_status":"closed","sticky":false,"template":"","format":"standard","meta":{"_exactmetrics_skip_tracking":false,"_exactmetrics_sitenote_active":false,"_exactmetrics_sitenote_note":"","_exactmetrics_sitenote_category":0,"_uf_show_specific_survey":0,"_uf_disable_surveys":false,"footnotes":""},"categories":[1],"tags":[402,1641,1642],"class_list":["post-5886","post","type-post","status-publish","format-standard","has-post-thumbnail","hentry","category-sem-categoria","tag-casa-da-guia","tag-diario-do-ator","tag-thais-de-campos"],"yoast_head":"<!-- This site is optimized with the Yoast SEO plugin v27.3 - https:\/\/yoast.com\/product\/yoast-seo-wordpress\/ -->\n<title>Programa Di\u00e1rio do Ator, com Tha\u00eds de Campos, \u00e9 lan\u00e7ado em Cascais<\/title>\n<meta name=\"description\" content=\"Programa Di\u00e1rio do ator, com Tha\u00eds de Campos, \u00e9 um novo programa com entrevistas a diversas personalidades do mundo das novelas e que teve..\" \/>\n<meta name=\"robots\" content=\"index, follow, max-snippet:-1, max-image-preview:large, max-video-preview:-1\" \/>\n<link rel=\"canonical\" href=\"https:\/\/arte351.pt\/art\/2021\/11\/08\/programa-diario-do-ator-com-thais-de-campos-e-lancado-em-cascais\/\" \/>\n<meta property=\"og:locale\" content=\"pt_BR\" \/>\n<meta property=\"og:type\" content=\"article\" \/>\n<meta property=\"og:title\" content=\"Programa Di\u00e1rio do Ator, com Tha\u00eds de Campos, \u00e9 lan\u00e7ado em Cascais\" \/>\n<meta property=\"og:description\" content=\"Programa Di\u00e1rio do ator, com Tha\u00eds de Campos, \u00e9 um novo programa com entrevistas a diversas personalidades do mundo das novelas e que teve..\" \/>\n<meta property=\"og:url\" content=\"https:\/\/arte351.pt\/art\/2021\/11\/08\/programa-diario-do-ator-com-thais-de-campos-e-lancado-em-cascais\/\" \/>\n<meta property=\"og:site_name\" content=\"Arte351 - Art Magazine Portugal\" \/>\n<meta property=\"article:publisher\" content=\"https:\/\/www.facebook.com\/arte351magazine\/\" \/>\n<meta property=\"article:published_time\" content=\"2021-11-08T23:28:51+00:00\" \/>\n<meta property=\"article:modified_time\" content=\"2021-11-09T12:40:52+00:00\" \/>\n<meta property=\"og:image\" content=\"https:\/\/arte351.pt\/art\/wp-content\/uploads\/2021\/11\/dia\u0301rio-de-ator.jpg\" \/>\n\t<meta property=\"og:image:width\" content=\"1200\" \/>\n\t<meta property=\"og:image:height\" content=\"578\" \/>\n\t<meta property=\"og:image:type\" content=\"image\/jpeg\" \/>\n<meta name=\"author\" content=\"Equipa Arte351\" \/>\n<meta name=\"twitter:label1\" content=\"Escrito por\" \/>\n\t<meta name=\"twitter:data1\" content=\"Equipa Arte351\" \/>\n\t<meta name=\"twitter:label2\" content=\"Est. tempo de leitura\" \/>\n\t<meta name=\"twitter:data2\" content=\"5 minutos\" \/>\n<script type=\"application\/ld+json\" class=\"yoast-schema-graph\">{\"@context\":\"https:\\\/\\\/schema.org\",\"@graph\":[{\"@type\":\"Article\",\"@id\":\"https:\\\/\\\/arte351.pt\\\/art\\\/2021\\\/11\\\/08\\\/programa-diario-do-ator-com-thais-de-campos-e-lancado-em-cascais\\\/#article\",\"isPartOf\":{\"@id\":\"https:\\\/\\\/arte351.pt\\\/art\\\/2021\\\/11\\\/08\\\/programa-diario-do-ator-com-thais-de-campos-e-lancado-em-cascais\\\/\"},\"author\":{\"name\":\"Equipa Arte351\",\"@id\":\"https:\\\/\\\/arte351.pt\\\/art\\\/#\\\/schema\\\/person\\\/f2cfae59497206be61c53c217757b930\"},\"headline\":\"Programa Di\u00e1rio do Ator, com Tha\u00eds de Campos, \u00e9 lan\u00e7ado em Cascais\",\"datePublished\":\"2021-11-08T23:28:51+00:00\",\"dateModified\":\"2021-11-09T12:40:52+00:00\",\"mainEntityOfPage\":{\"@id\":\"https:\\\/\\\/arte351.pt\\\/art\\\/2021\\\/11\\\/08\\\/programa-diario-do-ator-com-thais-de-campos-e-lancado-em-cascais\\\/\"},\"wordCount\":473,\"publisher\":{\"@id\":\"https:\\\/\\\/arte351.pt\\\/art\\\/#organization\"},\"image\":{\"@id\":\"https:\\\/\\\/arte351.pt\\\/art\\\/2021\\\/11\\\/08\\\/programa-diario-do-ator-com-thais-de-campos-e-lancado-em-cascais\\\/#primaryimage\"},\"thumbnailUrl\":\"https:\\\/\\\/arte351.pt\\\/art\\\/wp-content\\\/uploads\\\/2021\\\/11\\\/dia\u0301rio-de-ator.jpg\",\"keywords\":[\"Casa da Guia\",\"Di\u00e1rio do ator\",\"Tha\u00eds de Campos\"],\"articleSection\":[\"Blog ARTE-351\"],\"inLanguage\":\"pt-BR\"},{\"@type\":\"WebPage\",\"@id\":\"https:\\\/\\\/arte351.pt\\\/art\\\/2021\\\/11\\\/08\\\/programa-diario-do-ator-com-thais-de-campos-e-lancado-em-cascais\\\/\",\"url\":\"https:\\\/\\\/arte351.pt\\\/art\\\/2021\\\/11\\\/08\\\/programa-diario-do-ator-com-thais-de-campos-e-lancado-em-cascais\\\/\",\"name\":\"Programa Di\u00e1rio do Ator, com Tha\u00eds de Campos, \u00e9 lan\u00e7ado em Cascais\",\"isPartOf\":{\"@id\":\"https:\\\/\\\/arte351.pt\\\/art\\\/#website\"},\"primaryImageOfPage\":{\"@id\":\"https:\\\/\\\/arte351.pt\\\/art\\\/2021\\\/11\\\/08\\\/programa-diario-do-ator-com-thais-de-campos-e-lancado-em-cascais\\\/#primaryimage\"},\"image\":{\"@id\":\"https:\\\/\\\/arte351.pt\\\/art\\\/2021\\\/11\\\/08\\\/programa-diario-do-ator-com-thais-de-campos-e-lancado-em-cascais\\\/#primaryimage\"},\"thumbnailUrl\":\"https:\\\/\\\/arte351.pt\\\/art\\\/wp-content\\\/uploads\\\/2021\\\/11\\\/dia\u0301rio-de-ator.jpg\",\"datePublished\":\"2021-11-08T23:28:51+00:00\",\"dateModified\":\"2021-11-09T12:40:52+00:00\",\"description\":\"Programa Di\u00e1rio do ator, com Tha\u00eds de Campos, \u00e9 um novo programa com entrevistas a diversas personalidades do mundo das novelas e que teve..\",\"breadcrumb\":{\"@id\":\"https:\\\/\\\/arte351.pt\\\/art\\\/2021\\\/11\\\/08\\\/programa-diario-do-ator-com-thais-de-campos-e-lancado-em-cascais\\\/#breadcrumb\"},\"inLanguage\":\"pt-BR\",\"potentialAction\":[{\"@type\":\"ReadAction\",\"target\":[\"https:\\\/\\\/arte351.pt\\\/art\\\/2021\\\/11\\\/08\\\/programa-diario-do-ator-com-thais-de-campos-e-lancado-em-cascais\\\/\"]}]},{\"@type\":\"ImageObject\",\"inLanguage\":\"pt-BR\",\"@id\":\"https:\\\/\\\/arte351.pt\\\/art\\\/2021\\\/11\\\/08\\\/programa-diario-do-ator-com-thais-de-campos-e-lancado-em-cascais\\\/#primaryimage\",\"url\":\"https:\\\/\\\/arte351.pt\\\/art\\\/wp-content\\\/uploads\\\/2021\\\/11\\\/dia\u0301rio-de-ator.jpg\",\"contentUrl\":\"https:\\\/\\\/arte351.pt\\\/art\\\/wp-content\\\/uploads\\\/2021\\\/11\\\/dia\u0301rio-de-ator.jpg\",\"width\":1200,\"height\":578},{\"@type\":\"BreadcrumbList\",\"@id\":\"https:\\\/\\\/arte351.pt\\\/art\\\/2021\\\/11\\\/08\\\/programa-diario-do-ator-com-thais-de-campos-e-lancado-em-cascais\\\/#breadcrumb\",\"itemListElement\":[{\"@type\":\"ListItem\",\"position\":1,\"name\":\"In\u00edcio\",\"item\":\"https:\\\/\\\/arte351.pt\\\/art\\\/\"},{\"@type\":\"ListItem\",\"position\":2,\"name\":\"Programa Di\u00e1rio do Ator, com Tha\u00eds de Campos, \u00e9 lan\u00e7ado em Cascais\"}]},{\"@type\":\"WebSite\",\"@id\":\"https:\\\/\\\/arte351.pt\\\/art\\\/#website\",\"url\":\"https:\\\/\\\/arte351.pt\\\/art\\\/\",\"name\":\"Arte351 - Art Magazine Portugal\",\"description\":\"\",\"publisher\":{\"@id\":\"https:\\\/\\\/arte351.pt\\\/art\\\/#organization\"},\"potentialAction\":[{\"@type\":\"SearchAction\",\"target\":{\"@type\":\"EntryPoint\",\"urlTemplate\":\"https:\\\/\\\/arte351.pt\\\/art\\\/?s={search_term_string}\"},\"query-input\":{\"@type\":\"PropertyValueSpecification\",\"valueRequired\":true,\"valueName\":\"search_term_string\"}}],\"inLanguage\":\"pt-BR\"},{\"@type\":\"Organization\",\"@id\":\"https:\\\/\\\/arte351.pt\\\/art\\\/#organization\",\"name\":\"Arte351 - Art Magazine Portugal\",\"url\":\"https:\\\/\\\/arte351.pt\\\/art\\\/\",\"logo\":{\"@type\":\"ImageObject\",\"inLanguage\":\"pt-BR\",\"@id\":\"https:\\\/\\\/arte351.pt\\\/art\\\/#\\\/schema\\\/logo\\\/image\\\/\",\"url\":\"https:\\\/\\\/arte351.pt\\\/art\\\/wp-content\\\/uploads\\\/2020\\\/03\\\/cropped-logo-arte351-color.png\",\"contentUrl\":\"https:\\\/\\\/arte351.pt\\\/art\\\/wp-content\\\/uploads\\\/2020\\\/03\\\/cropped-logo-arte351-color.png\",\"width\":514,\"height\":200,\"caption\":\"Arte351 - Art Magazine Portugal\"},\"image\":{\"@id\":\"https:\\\/\\\/arte351.pt\\\/art\\\/#\\\/schema\\\/logo\\\/image\\\/\"},\"sameAs\":[\"https:\\\/\\\/www.facebook.com\\\/arte351magazine\\\/\"]},{\"@type\":\"Person\",\"@id\":\"https:\\\/\\\/arte351.pt\\\/art\\\/#\\\/schema\\\/person\\\/f2cfae59497206be61c53c217757b930\",\"name\":\"Equipa Arte351\",\"image\":{\"@type\":\"ImageObject\",\"inLanguage\":\"pt-BR\",\"@id\":\"https:\\\/\\\/secure.gravatar.com\\\/avatar\\\/6caca56323d52e15e83fc5635240c86f7e52fd46fa8d5df9a709d99f5aa1638e?s=96&d=mm&r=g\",\"url\":\"https:\\\/\\\/secure.gravatar.com\\\/avatar\\\/6caca56323d52e15e83fc5635240c86f7e52fd46fa8d5df9a709d99f5aa1638e?s=96&d=mm&r=g\",\"contentUrl\":\"https:\\\/\\\/secure.gravatar.com\\\/avatar\\\/6caca56323d52e15e83fc5635240c86f7e52fd46fa8d5df9a709d99f5aa1638e?s=96&d=mm&r=g\",\"caption\":\"Equipa Arte351\"},\"url\":\"https:\\\/\\\/arte351.pt\\\/art\\\/author\\\/caroleenbass\\\/\"}]}<\/script>\n<!-- \/ Yoast SEO plugin. -->","yoast_head_json":{"title":"Programa Di\u00e1rio do Ator, com Tha\u00eds de Campos, \u00e9 lan\u00e7ado em Cascais","description":"Programa Di\u00e1rio do ator, com Tha\u00eds de Campos, \u00e9 um novo programa com entrevistas a diversas personalidades do mundo das novelas e que teve..","robots":{"index":"index","follow":"follow","max-snippet":"max-snippet:-1","max-image-preview":"max-image-preview:large","max-video-preview":"max-video-preview:-1"},"canonical":"https:\/\/arte351.pt\/art\/2021\/11\/08\/programa-diario-do-ator-com-thais-de-campos-e-lancado-em-cascais\/","og_locale":"pt_BR","og_type":"article","og_title":"Programa Di\u00e1rio do Ator, com Tha\u00eds de Campos, \u00e9 lan\u00e7ado em Cascais","og_description":"Programa Di\u00e1rio do ator, com Tha\u00eds de Campos, \u00e9 um novo programa com entrevistas a diversas personalidades do mundo das novelas e que teve..","og_url":"https:\/\/arte351.pt\/art\/2021\/11\/08\/programa-diario-do-ator-com-thais-de-campos-e-lancado-em-cascais\/","og_site_name":"Arte351 - Art Magazine Portugal","article_publisher":"https:\/\/www.facebook.com\/arte351magazine\/","article_published_time":"2021-11-08T23:28:51+00:00","article_modified_time":"2021-11-09T12:40:52+00:00","og_image":[{"width":1200,"height":578,"url":"https:\/\/arte351.pt\/art\/wp-content\/uploads\/2021\/11\/dia\u0301rio-de-ator.jpg","type":"image\/jpeg"}],"author":"Equipa Arte351","twitter_misc":{"Escrito por":"Equipa Arte351","Est. tempo de leitura":"5 minutos"},"schema":{"@context":"https:\/\/schema.org","@graph":[{"@type":"Article","@id":"https:\/\/arte351.pt\/art\/2021\/11\/08\/programa-diario-do-ator-com-thais-de-campos-e-lancado-em-cascais\/#article","isPartOf":{"@id":"https:\/\/arte351.pt\/art\/2021\/11\/08\/programa-diario-do-ator-com-thais-de-campos-e-lancado-em-cascais\/"},"author":{"name":"Equipa Arte351","@id":"https:\/\/arte351.pt\/art\/#\/schema\/person\/f2cfae59497206be61c53c217757b930"},"headline":"Programa Di\u00e1rio do Ator, com Tha\u00eds de Campos, \u00e9 lan\u00e7ado em Cascais","datePublished":"2021-11-08T23:28:51+00:00","dateModified":"2021-11-09T12:40:52+00:00","mainEntityOfPage":{"@id":"https:\/\/arte351.pt\/art\/2021\/11\/08\/programa-diario-do-ator-com-thais-de-campos-e-lancado-em-cascais\/"},"wordCount":473,"publisher":{"@id":"https:\/\/arte351.pt\/art\/#organization"},"image":{"@id":"https:\/\/arte351.pt\/art\/2021\/11\/08\/programa-diario-do-ator-com-thais-de-campos-e-lancado-em-cascais\/#primaryimage"},"thumbnailUrl":"https:\/\/arte351.pt\/art\/wp-content\/uploads\/2021\/11\/dia\u0301rio-de-ator.jpg","keywords":["Casa da Guia","Di\u00e1rio do ator","Tha\u00eds de Campos"],"articleSection":["Blog ARTE-351"],"inLanguage":"pt-BR"},{"@type":"WebPage","@id":"https:\/\/arte351.pt\/art\/2021\/11\/08\/programa-diario-do-ator-com-thais-de-campos-e-lancado-em-cascais\/","url":"https:\/\/arte351.pt\/art\/2021\/11\/08\/programa-diario-do-ator-com-thais-de-campos-e-lancado-em-cascais\/","name":"Programa Di\u00e1rio do Ator, com Tha\u00eds de Campos, \u00e9 lan\u00e7ado em Cascais","isPartOf":{"@id":"https:\/\/arte351.pt\/art\/#website"},"primaryImageOfPage":{"@id":"https:\/\/arte351.pt\/art\/2021\/11\/08\/programa-diario-do-ator-com-thais-de-campos-e-lancado-em-cascais\/#primaryimage"},"image":{"@id":"https:\/\/arte351.pt\/art\/2021\/11\/08\/programa-diario-do-ator-com-thais-de-campos-e-lancado-em-cascais\/#primaryimage"},"thumbnailUrl":"https:\/\/arte351.pt\/art\/wp-content\/uploads\/2021\/11\/dia\u0301rio-de-ator.jpg","datePublished":"2021-11-08T23:28:51+00:00","dateModified":"2021-11-09T12:40:52+00:00","description":"Programa Di\u00e1rio do ator, com Tha\u00eds de Campos, \u00e9 um novo programa com entrevistas a diversas personalidades do mundo das novelas e que teve..","breadcrumb":{"@id":"https:\/\/arte351.pt\/art\/2021\/11\/08\/programa-diario-do-ator-com-thais-de-campos-e-lancado-em-cascais\/#breadcrumb"},"inLanguage":"pt-BR","potentialAction":[{"@type":"ReadAction","target":["https:\/\/arte351.pt\/art\/2021\/11\/08\/programa-diario-do-ator-com-thais-de-campos-e-lancado-em-cascais\/"]}]},{"@type":"ImageObject","inLanguage":"pt-BR","@id":"https:\/\/arte351.pt\/art\/2021\/11\/08\/programa-diario-do-ator-com-thais-de-campos-e-lancado-em-cascais\/#primaryimage","url":"https:\/\/arte351.pt\/art\/wp-content\/uploads\/2021\/11\/dia\u0301rio-de-ator.jpg","contentUrl":"https:\/\/arte351.pt\/art\/wp-content\/uploads\/2021\/11\/dia\u0301rio-de-ator.jpg","width":1200,"height":578},{"@type":"BreadcrumbList","@id":"https:\/\/arte351.pt\/art\/2021\/11\/08\/programa-diario-do-ator-com-thais-de-campos-e-lancado-em-cascais\/#breadcrumb","itemListElement":[{"@type":"ListItem","position":1,"name":"In\u00edcio","item":"https:\/\/arte351.pt\/art\/"},{"@type":"ListItem","position":2,"name":"Programa Di\u00e1rio do Ator, com Tha\u00eds de Campos, \u00e9 lan\u00e7ado em Cascais"}]},{"@type":"WebSite","@id":"https:\/\/arte351.pt\/art\/#website","url":"https:\/\/arte351.pt\/art\/","name":"Arte351 - Art Magazine Portugal","description":"","publisher":{"@id":"https:\/\/arte351.pt\/art\/#organization"},"potentialAction":[{"@type":"SearchAction","target":{"@type":"EntryPoint","urlTemplate":"https:\/\/arte351.pt\/art\/?s={search_term_string}"},"query-input":{"@type":"PropertyValueSpecification","valueRequired":true,"valueName":"search_term_string"}}],"inLanguage":"pt-BR"},{"@type":"Organization","@id":"https:\/\/arte351.pt\/art\/#organization","name":"Arte351 - Art Magazine Portugal","url":"https:\/\/arte351.pt\/art\/","logo":{"@type":"ImageObject","inLanguage":"pt-BR","@id":"https:\/\/arte351.pt\/art\/#\/schema\/logo\/image\/","url":"https:\/\/arte351.pt\/art\/wp-content\/uploads\/2020\/03\/cropped-logo-arte351-color.png","contentUrl":"https:\/\/arte351.pt\/art\/wp-content\/uploads\/2020\/03\/cropped-logo-arte351-color.png","width":514,"height":200,"caption":"Arte351 - Art Magazine Portugal"},"image":{"@id":"https:\/\/arte351.pt\/art\/#\/schema\/logo\/image\/"},"sameAs":["https:\/\/www.facebook.com\/arte351magazine\/"]},{"@type":"Person","@id":"https:\/\/arte351.pt\/art\/#\/schema\/person\/f2cfae59497206be61c53c217757b930","name":"Equipa Arte351","image":{"@type":"ImageObject","inLanguage":"pt-BR","@id":"https:\/\/secure.gravatar.com\/avatar\/6caca56323d52e15e83fc5635240c86f7e52fd46fa8d5df9a709d99f5aa1638e?s=96&d=mm&r=g","url":"https:\/\/secure.gravatar.com\/avatar\/6caca56323d52e15e83fc5635240c86f7e52fd46fa8d5df9a709d99f5aa1638e?s=96&d=mm&r=g","contentUrl":"https:\/\/secure.gravatar.com\/avatar\/6caca56323d52e15e83fc5635240c86f7e52fd46fa8d5df9a709d99f5aa1638e?s=96&d=mm&r=g","caption":"Equipa Arte351"},"url":"https:\/\/arte351.pt\/art\/author\/caroleenbass\/"}]}},"_links":{"self":[{"href":"https:\/\/arte351.pt\/art\/wp-json\/wp\/v2\/posts\/5886","targetHints":{"allow":["GET"]}}],"collection":[{"href":"https:\/\/arte351.pt\/art\/wp-json\/wp\/v2\/posts"}],"about":[{"href":"https:\/\/arte351.pt\/art\/wp-json\/wp\/v2\/types\/post"}],"author":[{"embeddable":true,"href":"https:\/\/arte351.pt\/art\/wp-json\/wp\/v2\/users\/3"}],"replies":[{"embeddable":true,"href":"https:\/\/arte351.pt\/art\/wp-json\/wp\/v2\/comments?post=5886"}],"version-history":[{"count":5,"href":"https:\/\/arte351.pt\/art\/wp-json\/wp\/v2\/posts\/5886\/revisions"}],"predecessor-version":[{"id":5907,"href":"https:\/\/arte351.pt\/art\/wp-json\/wp\/v2\/posts\/5886\/revisions\/5907"}],"wp:featuredmedia":[{"embeddable":true,"href":"https:\/\/arte351.pt\/art\/wp-json\/wp\/v2\/media\/5900"}],"wp:attachment":[{"href":"https:\/\/arte351.pt\/art\/wp-json\/wp\/v2\/media?parent=5886"}],"wp:term":[{"taxonomy":"category","embeddable":true,"href":"https:\/\/arte351.pt\/art\/wp-json\/wp\/v2\/categories?post=5886"},{"taxonomy":"post_tag","embeddable":true,"href":"https:\/\/arte351.pt\/art\/wp-json\/wp\/v2\/tags?post=5886"}],"curies":[{"name":"wp","href":"https:\/\/api.w.org\/{rel}","templated":true}]}}