{"id":5918,"date":"2021-11-10T09:40:57","date_gmt":"2021-11-10T09:40:57","guid":{"rendered":"https:\/\/arte351.pt\/art\/?p=5918"},"modified":"2021-11-12T09:47:20","modified_gmt":"2021-11-12T09:47:20","slug":"o-barbeiro-de-sevilha-para-toda-a-familia-no-tmjb","status":"publish","type":"post","link":"https:\/\/arte351.pt\/art\/2021\/11\/10\/o-barbeiro-de-sevilha-para-toda-a-familia-no-tmjb\/","title":{"rendered":"O barbeiro de Sevilha para toda a fam\u00edlia no TMJB"},"content":{"rendered":"<h2 style=\"font-weight: 400;\">O barbeiro de Sevilha\u00a0com actores e marionetas, a partir de Rossini, e com encena\u00e7\u00e3o de Teresa Gafeira, vai estar no Teatro Municipal Joaquim Benite nos dias 13 e 14 de Novembro, s\u00e1bado, \u00e0s 16h, e domingo, \u00e0s 11h.<\/h2>\n<p>Era uma vez um teatro azul por fora chamado Teatro Azul (ou ent\u00e3o <a href=\"https:\/\/arte351.pt\/art\/tag\/teatro-municipal-joaquim-benite\/\" target=\"_blank\" rel=\"noopener\">Teatro Municipal Joaquim Benite<\/a>) que tinha muitos t\u00e9cnicos sem os quais nada do que se passa num teatro poderia acontecer. Nesse teatro tamb\u00e9m se fazia \u00f3pera, que \u00e9 um espect\u00e1culo como os de teatro mas com mais m\u00fasica e uma orquestra, e no qual as personagens (aos safanicos e abanecos se forem marionetas) fazem coisas incr\u00edveis, como por exemplo birras mas a cantar \u2013 isto \u00e9, cantam birras, que \u00e9 uma maneira muito interessante de fazer uma boa birra \u2013 e por vezes falam sozinhas (quando est\u00e3o a cantar \u00e1rias).<\/p>\n<p style=\"font-weight: 400;\">Neste espect\u00e1culo, que \u00e9 sobre uma \u00f3pera c\u00f3mica que tem uma m\u00fasica que foi composta por um senhor italiano que nasceu e morreu h\u00e1 muito tempo e se chamava Gioachino (Joaquim, em italiano) Rossini (1792-1868), para al\u00e9m de se ficar a saber tudo sobre o que \u00e9 uma \u00f3pera, tamb\u00e9m se pode assistir a uma vers\u00e3o muito divertida de<span>\u00a0<\/span><em>O Barbeiro de Sevilha<\/em>, encenada por Teresa Gafeira e representada por marionetas que at\u00e9 parecem maluquinhas. F\u00edgaro, por exemplo, \u00e9 um barbeiro que tem uma tesoura e um pente e um pincel para a barba que s\u00e3o muito grandes: \u00e9 porque servem para cortar o cabelo e fazer a barba aos t\u00e9cnicos do teatro. Nesta \u00f3pera, cantada (\u201cbirrada\u201d, portanto) por marionetas que s\u00e3o movimentadas por pessoas que tamb\u00e9m s\u00e3o um bocadinho malucas, claro, acontecem muitas coisas: discuss\u00f5es, lutas, zangas, pazes, dan\u00e7as, cantorias, e at\u00e9 um casamento. E tudo isto enquanto uma m\u00fasica muito bela (ou ent\u00e3o s\u00f3 linda, o que n\u00e3o \u00e9 pouco) nos emociona.<\/p>\n<p style=\"font-weight: 400;\"><em><strong>O Barbeiro de Sevilha<\/strong><\/em><span>\u00a0<\/span>(<a href=\"https:\/\/arte351.pt\/art\/tag\/teatro-municipal-joaquim-benite\/\" target=\"_blank\" rel=\"noopener\">Sala de Ensaios<\/a>, dias 13 e 14\u00a0de Novembro de 2021, s\u00e1bado, \u00e0s 16h, e domingo, \u00e0s 11h.) M\/3 | 50 m | Pre\u00e7o: entre 5\u20ac e 10\u20ac (Clube de Amigos: entrada livre).<\/p>\n<p>A partir da \u00f3pera de<span>\u00a0<\/span><strong>Gioachino Rossini<\/strong><\/p>\n<p>Encena\u00e7\u00e3o de<span>\u00a0<\/span><strong>Teresa Gafeira<\/strong><\/p>\n<p><strong><span>\u00a0<\/span><\/strong><\/p>\n<p>Int\u00e9rpretes<span>\u00a0<\/span><strong>Carolina Dominguez<\/strong>,<span>\u00a0<\/span><strong>Marco Trindade<\/strong><span>\u00a0<\/span>e<span>\u00a0<\/span><strong>Vera Santana<\/strong><br \/>\nCenografia\u00a0<strong>Manuel Gra\u00e7a Dias<\/strong><span>\u00a0<\/span>e<span>\u00a0<\/span><strong>Egas Jos\u00e9 Vieira<\/strong><br \/>\nDesenho de luz\u00a0<strong>Jos\u00e9 Carlos Nascimento<\/strong><br \/>\nBonecos e figurinos\u00a0<strong>Pedro Proen\u00e7a<\/strong><br \/>\nExecu\u00e7\u00e3o dos bonecos e adere\u00e7os\u00a0<strong>Ant\u00f3nio Canelas<\/strong><br \/>\nExecu\u00e7\u00e3o dos figurinos\u00a0<strong>Ros\u00e1rio Balbi<\/strong><br \/>\nOpera\u00e7\u00e3o de luz e som\u00a0<strong>Paulo Horta<\/strong><\/p>\n<p>Companhia de Teatro de Almada<\/p>\n<p><strong>Mais informa\u00e7\u00f5es em\u00a0<a href=\"http:\/\/ctalmada.pt\/\" data-saferedirecturl=\"https:\/\/www.google.com\/url?q=http:\/\/ctalmada.pt\/&amp;source=gmail&amp;ust=1636540070807000&amp;usg=AFQjCNHEINNIx401OsE4vYy_BBQlvxDClg\">ctalmada.pt<\/a><\/strong><\/p>\n","protected":false},"excerpt":{"rendered":"<p>O barbeiro de Sevilha\u00a0com actores e marionetas, a partir de Rossini, e com encena\u00e7\u00e3o de Teresa Gafeira, vai estar no Teatro Municipal Joaquim Benite nos dias 13 e 14 de [&hellip;]<\/p>\n","protected":false},"author":3,"featured_media":5919,"comment_status":"closed","ping_status":"closed","sticky":false,"template":"","format":"standard","meta":{"_exactmetrics_skip_tracking":false,"_exactmetrics_sitenote_active":false,"_exactmetrics_sitenote_note":"","_exactmetrics_sitenote_category":0,"_uf_show_specific_survey":0,"_uf_disable_surveys":false,"footnotes":""},"categories":[811],"tags":[478],"class_list":["post-5918","post","type-post","status-publish","format-standard","has-post-thumbnail","hentry","category-teatro","tag-teatro-municipal-joaquim-benite"],"yoast_head":"<!-- This site is optimized with the Yoast SEO plugin v27.3 - https:\/\/yoast.com\/product\/yoast-seo-wordpress\/ -->\n<title>O barbeiro de Sevilha para toda a fam\u00edlia no TMJB<\/title>\n<meta name=\"description\" content=\"O Barbeiro de Sevilha\u00a0(Sala de Ensaios, dias 13 e 14\u00a0de Novembro de 2021, s\u00e1bado, \u00e0s 16h, e domingo, \u00e0s 11h.) M\/3 | 50 m | Pre\u00e7o...\" \/>\n<meta name=\"robots\" content=\"index, follow, max-snippet:-1, max-image-preview:large, max-video-preview:-1\" \/>\n<link rel=\"canonical\" href=\"https:\/\/arte351.pt\/art\/2021\/11\/10\/o-barbeiro-de-sevilha-para-toda-a-familia-no-tmjb\/\" \/>\n<meta property=\"og:locale\" content=\"pt_BR\" \/>\n<meta property=\"og:type\" content=\"article\" \/>\n<meta property=\"og:title\" content=\"O barbeiro de Sevilha para toda a fam\u00edlia no TMJB\" \/>\n<meta property=\"og:description\" content=\"O Barbeiro de Sevilha\u00a0(Sala de Ensaios, dias 13 e 14\u00a0de Novembro de 2021, s\u00e1bado, \u00e0s 16h, e domingo, \u00e0s 11h.) M\/3 | 50 m | Pre\u00e7o...\" \/>\n<meta property=\"og:url\" content=\"https:\/\/arte351.pt\/art\/2021\/11\/10\/o-barbeiro-de-sevilha-para-toda-a-familia-no-tmjb\/\" \/>\n<meta property=\"og:site_name\" content=\"Arte351 - Art Magazine Portugal\" \/>\n<meta property=\"article:publisher\" content=\"https:\/\/www.facebook.com\/arte351magazine\/\" \/>\n<meta property=\"article:published_time\" content=\"2021-11-10T09:40:57+00:00\" \/>\n<meta property=\"article:modified_time\" content=\"2021-11-12T09:47:20+00:00\" \/>\n<meta property=\"og:image\" content=\"https:\/\/arte351.pt\/art\/wp-content\/uploads\/2021\/11\/O-barbeiro-de-Sevilha.jpg\" \/>\n\t<meta property=\"og:image:width\" content=\"1200\" \/>\n\t<meta property=\"og:image:height\" content=\"578\" \/>\n\t<meta property=\"og:image:type\" content=\"image\/jpeg\" \/>\n<meta name=\"author\" content=\"Equipa Arte351\" \/>\n<meta name=\"twitter:label1\" content=\"Escrito por\" \/>\n\t<meta name=\"twitter:data1\" content=\"Equipa Arte351\" \/>\n\t<meta name=\"twitter:label2\" content=\"Est. tempo de leitura\" \/>\n\t<meta name=\"twitter:data2\" content=\"2 minutos\" \/>\n<script type=\"application\/ld+json\" class=\"yoast-schema-graph\">{\"@context\":\"https:\\\/\\\/schema.org\",\"@graph\":[{\"@type\":\"Article\",\"@id\":\"https:\\\/\\\/arte351.pt\\\/art\\\/2021\\\/11\\\/10\\\/o-barbeiro-de-sevilha-para-toda-a-familia-no-tmjb\\\/#article\",\"isPartOf\":{\"@id\":\"https:\\\/\\\/arte351.pt\\\/art\\\/2021\\\/11\\\/10\\\/o-barbeiro-de-sevilha-para-toda-a-familia-no-tmjb\\\/\"},\"author\":{\"name\":\"Equipa Arte351\",\"@id\":\"https:\\\/\\\/arte351.pt\\\/art\\\/#\\\/schema\\\/person\\\/f2cfae59497206be61c53c217757b930\"},\"headline\":\"O barbeiro de Sevilha para toda a fam\u00edlia no TMJB\",\"datePublished\":\"2021-11-10T09:40:57+00:00\",\"dateModified\":\"2021-11-12T09:47:20+00:00\",\"mainEntityOfPage\":{\"@id\":\"https:\\\/\\\/arte351.pt\\\/art\\\/2021\\\/11\\\/10\\\/o-barbeiro-de-sevilha-para-toda-a-familia-no-tmjb\\\/\"},\"wordCount\":440,\"publisher\":{\"@id\":\"https:\\\/\\\/arte351.pt\\\/art\\\/#organization\"},\"image\":{\"@id\":\"https:\\\/\\\/arte351.pt\\\/art\\\/2021\\\/11\\\/10\\\/o-barbeiro-de-sevilha-para-toda-a-familia-no-tmjb\\\/#primaryimage\"},\"thumbnailUrl\":\"https:\\\/\\\/arte351.pt\\\/art\\\/wp-content\\\/uploads\\\/2021\\\/11\\\/O-barbeiro-de-Sevilha.jpg\",\"keywords\":[\"Teatro Municipal Joaquim Benite\"],\"articleSection\":[\"Teatro\"],\"inLanguage\":\"pt-BR\"},{\"@type\":\"WebPage\",\"@id\":\"https:\\\/\\\/arte351.pt\\\/art\\\/2021\\\/11\\\/10\\\/o-barbeiro-de-sevilha-para-toda-a-familia-no-tmjb\\\/\",\"url\":\"https:\\\/\\\/arte351.pt\\\/art\\\/2021\\\/11\\\/10\\\/o-barbeiro-de-sevilha-para-toda-a-familia-no-tmjb\\\/\",\"name\":\"O barbeiro de Sevilha para toda a fam\u00edlia no TMJB\",\"isPartOf\":{\"@id\":\"https:\\\/\\\/arte351.pt\\\/art\\\/#website\"},\"primaryImageOfPage\":{\"@id\":\"https:\\\/\\\/arte351.pt\\\/art\\\/2021\\\/11\\\/10\\\/o-barbeiro-de-sevilha-para-toda-a-familia-no-tmjb\\\/#primaryimage\"},\"image\":{\"@id\":\"https:\\\/\\\/arte351.pt\\\/art\\\/2021\\\/11\\\/10\\\/o-barbeiro-de-sevilha-para-toda-a-familia-no-tmjb\\\/#primaryimage\"},\"thumbnailUrl\":\"https:\\\/\\\/arte351.pt\\\/art\\\/wp-content\\\/uploads\\\/2021\\\/11\\\/O-barbeiro-de-Sevilha.jpg\",\"datePublished\":\"2021-11-10T09:40:57+00:00\",\"dateModified\":\"2021-11-12T09:47:20+00:00\",\"description\":\"O Barbeiro de Sevilha\u00a0(Sala de Ensaios, dias 13 e 14\u00a0de Novembro de 2021, s\u00e1bado, \u00e0s 16h, e domingo, \u00e0s 11h.) M\\\/3 | 50 m | Pre\u00e7o...\",\"breadcrumb\":{\"@id\":\"https:\\\/\\\/arte351.pt\\\/art\\\/2021\\\/11\\\/10\\\/o-barbeiro-de-sevilha-para-toda-a-familia-no-tmjb\\\/#breadcrumb\"},\"inLanguage\":\"pt-BR\",\"potentialAction\":[{\"@type\":\"ReadAction\",\"target\":[\"https:\\\/\\\/arte351.pt\\\/art\\\/2021\\\/11\\\/10\\\/o-barbeiro-de-sevilha-para-toda-a-familia-no-tmjb\\\/\"]}]},{\"@type\":\"ImageObject\",\"inLanguage\":\"pt-BR\",\"@id\":\"https:\\\/\\\/arte351.pt\\\/art\\\/2021\\\/11\\\/10\\\/o-barbeiro-de-sevilha-para-toda-a-familia-no-tmjb\\\/#primaryimage\",\"url\":\"https:\\\/\\\/arte351.pt\\\/art\\\/wp-content\\\/uploads\\\/2021\\\/11\\\/O-barbeiro-de-Sevilha.jpg\",\"contentUrl\":\"https:\\\/\\\/arte351.pt\\\/art\\\/wp-content\\\/uploads\\\/2021\\\/11\\\/O-barbeiro-de-Sevilha.jpg\",\"width\":1200,\"height\":578},{\"@type\":\"BreadcrumbList\",\"@id\":\"https:\\\/\\\/arte351.pt\\\/art\\\/2021\\\/11\\\/10\\\/o-barbeiro-de-sevilha-para-toda-a-familia-no-tmjb\\\/#breadcrumb\",\"itemListElement\":[{\"@type\":\"ListItem\",\"position\":1,\"name\":\"In\u00edcio\",\"item\":\"https:\\\/\\\/arte351.pt\\\/art\\\/\"},{\"@type\":\"ListItem\",\"position\":2,\"name\":\"O barbeiro de Sevilha para toda a fam\u00edlia no TMJB\"}]},{\"@type\":\"WebSite\",\"@id\":\"https:\\\/\\\/arte351.pt\\\/art\\\/#website\",\"url\":\"https:\\\/\\\/arte351.pt\\\/art\\\/\",\"name\":\"Arte351 - Art Magazine Portugal\",\"description\":\"\",\"publisher\":{\"@id\":\"https:\\\/\\\/arte351.pt\\\/art\\\/#organization\"},\"potentialAction\":[{\"@type\":\"SearchAction\",\"target\":{\"@type\":\"EntryPoint\",\"urlTemplate\":\"https:\\\/\\\/arte351.pt\\\/art\\\/?s={search_term_string}\"},\"query-input\":{\"@type\":\"PropertyValueSpecification\",\"valueRequired\":true,\"valueName\":\"search_term_string\"}}],\"inLanguage\":\"pt-BR\"},{\"@type\":\"Organization\",\"@id\":\"https:\\\/\\\/arte351.pt\\\/art\\\/#organization\",\"name\":\"Arte351 - Art Magazine Portugal\",\"url\":\"https:\\\/\\\/arte351.pt\\\/art\\\/\",\"logo\":{\"@type\":\"ImageObject\",\"inLanguage\":\"pt-BR\",\"@id\":\"https:\\\/\\\/arte351.pt\\\/art\\\/#\\\/schema\\\/logo\\\/image\\\/\",\"url\":\"https:\\\/\\\/arte351.pt\\\/art\\\/wp-content\\\/uploads\\\/2020\\\/03\\\/cropped-logo-arte351-color.png\",\"contentUrl\":\"https:\\\/\\\/arte351.pt\\\/art\\\/wp-content\\\/uploads\\\/2020\\\/03\\\/cropped-logo-arte351-color.png\",\"width\":514,\"height\":200,\"caption\":\"Arte351 - Art Magazine Portugal\"},\"image\":{\"@id\":\"https:\\\/\\\/arte351.pt\\\/art\\\/#\\\/schema\\\/logo\\\/image\\\/\"},\"sameAs\":[\"https:\\\/\\\/www.facebook.com\\\/arte351magazine\\\/\"]},{\"@type\":\"Person\",\"@id\":\"https:\\\/\\\/arte351.pt\\\/art\\\/#\\\/schema\\\/person\\\/f2cfae59497206be61c53c217757b930\",\"name\":\"Equipa Arte351\",\"image\":{\"@type\":\"ImageObject\",\"inLanguage\":\"pt-BR\",\"@id\":\"https:\\\/\\\/secure.gravatar.com\\\/avatar\\\/6caca56323d52e15e83fc5635240c86f7e52fd46fa8d5df9a709d99f5aa1638e?s=96&d=mm&r=g\",\"url\":\"https:\\\/\\\/secure.gravatar.com\\\/avatar\\\/6caca56323d52e15e83fc5635240c86f7e52fd46fa8d5df9a709d99f5aa1638e?s=96&d=mm&r=g\",\"contentUrl\":\"https:\\\/\\\/secure.gravatar.com\\\/avatar\\\/6caca56323d52e15e83fc5635240c86f7e52fd46fa8d5df9a709d99f5aa1638e?s=96&d=mm&r=g\",\"caption\":\"Equipa Arte351\"},\"url\":\"https:\\\/\\\/arte351.pt\\\/art\\\/author\\\/caroleenbass\\\/\"}]}<\/script>\n<!-- \/ Yoast SEO plugin. -->","yoast_head_json":{"title":"O barbeiro de Sevilha para toda a fam\u00edlia no TMJB","description":"O Barbeiro de Sevilha\u00a0(Sala de Ensaios, dias 13 e 14\u00a0de Novembro de 2021, s\u00e1bado, \u00e0s 16h, e domingo, \u00e0s 11h.) M\/3 | 50 m | Pre\u00e7o...","robots":{"index":"index","follow":"follow","max-snippet":"max-snippet:-1","max-image-preview":"max-image-preview:large","max-video-preview":"max-video-preview:-1"},"canonical":"https:\/\/arte351.pt\/art\/2021\/11\/10\/o-barbeiro-de-sevilha-para-toda-a-familia-no-tmjb\/","og_locale":"pt_BR","og_type":"article","og_title":"O barbeiro de Sevilha para toda a fam\u00edlia no TMJB","og_description":"O Barbeiro de Sevilha\u00a0(Sala de Ensaios, dias 13 e 14\u00a0de Novembro de 2021, s\u00e1bado, \u00e0s 16h, e domingo, \u00e0s 11h.) M\/3 | 50 m | Pre\u00e7o...","og_url":"https:\/\/arte351.pt\/art\/2021\/11\/10\/o-barbeiro-de-sevilha-para-toda-a-familia-no-tmjb\/","og_site_name":"Arte351 - Art Magazine Portugal","article_publisher":"https:\/\/www.facebook.com\/arte351magazine\/","article_published_time":"2021-11-10T09:40:57+00:00","article_modified_time":"2021-11-12T09:47:20+00:00","og_image":[{"width":1200,"height":578,"url":"https:\/\/arte351.pt\/art\/wp-content\/uploads\/2021\/11\/O-barbeiro-de-Sevilha.jpg","type":"image\/jpeg"}],"author":"Equipa Arte351","twitter_misc":{"Escrito por":"Equipa Arte351","Est. tempo de leitura":"2 minutos"},"schema":{"@context":"https:\/\/schema.org","@graph":[{"@type":"Article","@id":"https:\/\/arte351.pt\/art\/2021\/11\/10\/o-barbeiro-de-sevilha-para-toda-a-familia-no-tmjb\/#article","isPartOf":{"@id":"https:\/\/arte351.pt\/art\/2021\/11\/10\/o-barbeiro-de-sevilha-para-toda-a-familia-no-tmjb\/"},"author":{"name":"Equipa Arte351","@id":"https:\/\/arte351.pt\/art\/#\/schema\/person\/f2cfae59497206be61c53c217757b930"},"headline":"O barbeiro de Sevilha para toda a fam\u00edlia no TMJB","datePublished":"2021-11-10T09:40:57+00:00","dateModified":"2021-11-12T09:47:20+00:00","mainEntityOfPage":{"@id":"https:\/\/arte351.pt\/art\/2021\/11\/10\/o-barbeiro-de-sevilha-para-toda-a-familia-no-tmjb\/"},"wordCount":440,"publisher":{"@id":"https:\/\/arte351.pt\/art\/#organization"},"image":{"@id":"https:\/\/arte351.pt\/art\/2021\/11\/10\/o-barbeiro-de-sevilha-para-toda-a-familia-no-tmjb\/#primaryimage"},"thumbnailUrl":"https:\/\/arte351.pt\/art\/wp-content\/uploads\/2021\/11\/O-barbeiro-de-Sevilha.jpg","keywords":["Teatro Municipal Joaquim Benite"],"articleSection":["Teatro"],"inLanguage":"pt-BR"},{"@type":"WebPage","@id":"https:\/\/arte351.pt\/art\/2021\/11\/10\/o-barbeiro-de-sevilha-para-toda-a-familia-no-tmjb\/","url":"https:\/\/arte351.pt\/art\/2021\/11\/10\/o-barbeiro-de-sevilha-para-toda-a-familia-no-tmjb\/","name":"O barbeiro de Sevilha para toda a fam\u00edlia no TMJB","isPartOf":{"@id":"https:\/\/arte351.pt\/art\/#website"},"primaryImageOfPage":{"@id":"https:\/\/arte351.pt\/art\/2021\/11\/10\/o-barbeiro-de-sevilha-para-toda-a-familia-no-tmjb\/#primaryimage"},"image":{"@id":"https:\/\/arte351.pt\/art\/2021\/11\/10\/o-barbeiro-de-sevilha-para-toda-a-familia-no-tmjb\/#primaryimage"},"thumbnailUrl":"https:\/\/arte351.pt\/art\/wp-content\/uploads\/2021\/11\/O-barbeiro-de-Sevilha.jpg","datePublished":"2021-11-10T09:40:57+00:00","dateModified":"2021-11-12T09:47:20+00:00","description":"O Barbeiro de Sevilha\u00a0(Sala de Ensaios, dias 13 e 14\u00a0de Novembro de 2021, s\u00e1bado, \u00e0s 16h, e domingo, \u00e0s 11h.) M\/3 | 50 m | Pre\u00e7o...","breadcrumb":{"@id":"https:\/\/arte351.pt\/art\/2021\/11\/10\/o-barbeiro-de-sevilha-para-toda-a-familia-no-tmjb\/#breadcrumb"},"inLanguage":"pt-BR","potentialAction":[{"@type":"ReadAction","target":["https:\/\/arte351.pt\/art\/2021\/11\/10\/o-barbeiro-de-sevilha-para-toda-a-familia-no-tmjb\/"]}]},{"@type":"ImageObject","inLanguage":"pt-BR","@id":"https:\/\/arte351.pt\/art\/2021\/11\/10\/o-barbeiro-de-sevilha-para-toda-a-familia-no-tmjb\/#primaryimage","url":"https:\/\/arte351.pt\/art\/wp-content\/uploads\/2021\/11\/O-barbeiro-de-Sevilha.jpg","contentUrl":"https:\/\/arte351.pt\/art\/wp-content\/uploads\/2021\/11\/O-barbeiro-de-Sevilha.jpg","width":1200,"height":578},{"@type":"BreadcrumbList","@id":"https:\/\/arte351.pt\/art\/2021\/11\/10\/o-barbeiro-de-sevilha-para-toda-a-familia-no-tmjb\/#breadcrumb","itemListElement":[{"@type":"ListItem","position":1,"name":"In\u00edcio","item":"https:\/\/arte351.pt\/art\/"},{"@type":"ListItem","position":2,"name":"O barbeiro de Sevilha para toda a fam\u00edlia no TMJB"}]},{"@type":"WebSite","@id":"https:\/\/arte351.pt\/art\/#website","url":"https:\/\/arte351.pt\/art\/","name":"Arte351 - Art Magazine Portugal","description":"","publisher":{"@id":"https:\/\/arte351.pt\/art\/#organization"},"potentialAction":[{"@type":"SearchAction","target":{"@type":"EntryPoint","urlTemplate":"https:\/\/arte351.pt\/art\/?s={search_term_string}"},"query-input":{"@type":"PropertyValueSpecification","valueRequired":true,"valueName":"search_term_string"}}],"inLanguage":"pt-BR"},{"@type":"Organization","@id":"https:\/\/arte351.pt\/art\/#organization","name":"Arte351 - Art Magazine Portugal","url":"https:\/\/arte351.pt\/art\/","logo":{"@type":"ImageObject","inLanguage":"pt-BR","@id":"https:\/\/arte351.pt\/art\/#\/schema\/logo\/image\/","url":"https:\/\/arte351.pt\/art\/wp-content\/uploads\/2020\/03\/cropped-logo-arte351-color.png","contentUrl":"https:\/\/arte351.pt\/art\/wp-content\/uploads\/2020\/03\/cropped-logo-arte351-color.png","width":514,"height":200,"caption":"Arte351 - Art Magazine Portugal"},"image":{"@id":"https:\/\/arte351.pt\/art\/#\/schema\/logo\/image\/"},"sameAs":["https:\/\/www.facebook.com\/arte351magazine\/"]},{"@type":"Person","@id":"https:\/\/arte351.pt\/art\/#\/schema\/person\/f2cfae59497206be61c53c217757b930","name":"Equipa Arte351","image":{"@type":"ImageObject","inLanguage":"pt-BR","@id":"https:\/\/secure.gravatar.com\/avatar\/6caca56323d52e15e83fc5635240c86f7e52fd46fa8d5df9a709d99f5aa1638e?s=96&d=mm&r=g","url":"https:\/\/secure.gravatar.com\/avatar\/6caca56323d52e15e83fc5635240c86f7e52fd46fa8d5df9a709d99f5aa1638e?s=96&d=mm&r=g","contentUrl":"https:\/\/secure.gravatar.com\/avatar\/6caca56323d52e15e83fc5635240c86f7e52fd46fa8d5df9a709d99f5aa1638e?s=96&d=mm&r=g","caption":"Equipa Arte351"},"url":"https:\/\/arte351.pt\/art\/author\/caroleenbass\/"}]}},"_links":{"self":[{"href":"https:\/\/arte351.pt\/art\/wp-json\/wp\/v2\/posts\/5918","targetHints":{"allow":["GET"]}}],"collection":[{"href":"https:\/\/arte351.pt\/art\/wp-json\/wp\/v2\/posts"}],"about":[{"href":"https:\/\/arte351.pt\/art\/wp-json\/wp\/v2\/types\/post"}],"author":[{"embeddable":true,"href":"https:\/\/arte351.pt\/art\/wp-json\/wp\/v2\/users\/3"}],"replies":[{"embeddable":true,"href":"https:\/\/arte351.pt\/art\/wp-json\/wp\/v2\/comments?post=5918"}],"version-history":[{"count":1,"href":"https:\/\/arte351.pt\/art\/wp-json\/wp\/v2\/posts\/5918\/revisions"}],"predecessor-version":[{"id":5920,"href":"https:\/\/arte351.pt\/art\/wp-json\/wp\/v2\/posts\/5918\/revisions\/5920"}],"wp:featuredmedia":[{"embeddable":true,"href":"https:\/\/arte351.pt\/art\/wp-json\/wp\/v2\/media\/5919"}],"wp:attachment":[{"href":"https:\/\/arte351.pt\/art\/wp-json\/wp\/v2\/media?parent=5918"}],"wp:term":[{"taxonomy":"category","embeddable":true,"href":"https:\/\/arte351.pt\/art\/wp-json\/wp\/v2\/categories?post=5918"},{"taxonomy":"post_tag","embeddable":true,"href":"https:\/\/arte351.pt\/art\/wp-json\/wp\/v2\/tags?post=5918"}],"curies":[{"name":"wp","href":"https:\/\/api.w.org\/{rel}","templated":true}]}}