{"id":5921,"date":"2021-11-09T09:51:20","date_gmt":"2021-11-09T09:51:20","guid":{"rendered":"https:\/\/arte351.pt\/art\/?p=5921"},"modified":"2021-11-12T10:12:27","modified_gmt":"2021-11-12T10:12:27","slug":"o-lado-esquerdo-e-um-monologo-de-uma-mulher-a-beirar-os-50-anos","status":"publish","type":"post","link":"https:\/\/arte351.pt\/art\/2021\/11\/09\/o-lado-esquerdo-e-um-monologo-de-uma-mulher-a-beirar-os-50-anos\/","title":{"rendered":"\u201cO lado esquerdo\u201d \u00e9 um mon\u00f3logo de uma mulher a beirar os 50 anos"},"content":{"rendered":"<h2>\u201cO lado esquerdo\u201d estreia em novembro no Teatro Municipal Am\u00e9lia Rey Cola\u00e7o, em Alg\u00e9s at\u00e9 o dia 27.<\/h2>\n<p>&nbsp;<\/p>\n<p>Este projeto c\u00e9nico, interpretado por Sonja Valentina, nasce com o objetivo de incentivar o teatro portugu\u00eas e a escrita de autores portugueses, abordando temas como a dem\u00eancia, a solid\u00e3o, as rela\u00e7\u00f5es familiares, a trai\u00e7\u00e3o, a morte, as cren\u00e7as e religi\u00f5es, o bem e o mal e o impacto que tudo isto pode ter no quotidiano.<\/p>\n<p>Assim \u201cO LADO ESQUERDO\u201d estreia no pr\u00f3ximo dia 19 de novembro, estando em cena nos dias 20, 26 e 27, no Audit\u00f3rio Municipal Am\u00e9lia Rey Cola\u00e7o, em Alg\u00e9s. Inspirado num conto hom\u00f3nimo de Marta Duque Vaz, a hist\u00f3ria desenrola-se a partir de um inusitado e-mail que um colega de trabalho envia a Isabel, falando-lhe com min\u00facia de tudo o que tem observado, diariamente, no seu lado esquerdo, projetando nele, nesse lado mais vis\u00edvel do seu corpo, uma vida fora dali, do open space que os acolhe durante a maior parte do dia de cada um.<\/p>\n<p>Com encena\u00e7\u00e3o e dramaturgia a cargo de Daniel Freitas, Sonja Valentina assume o desafio de dar corpo e voz \u00e0 intimidade desta mulher a beirar os 50 anos, propondo ao p\u00fablico, atrav\u00e9s deste mon\u00f3logo, o exerc\u00edcio de autorreflex\u00e3o, de questionamento a partir dos mais rec\u00f4nditos e triviais pensamentos, tantas vezes indiz\u00edveis. Ant\u00f3nio, confessa que a partir desta observa\u00e7\u00e3o di\u00e1ria do seu lado esquerdo, nasceu uma atra\u00e7\u00e3o, uma vontade inomin\u00e1vel de aproxima\u00e7\u00e3o, de conversa, de tantas outras coisas, afirmando sem hesita\u00e7\u00e3o, ser o homem que melhor conhece o seu lado esquerdo.<\/p>\n<p>No fim da mensagem, deixa-lhe a possibilidades de rea\u00e7\u00e3o, sugerindo-lhe que opte por uma. Por sua vez, Isabel confessa \u201ctodas\u201d as mulheres que a habitam, fala-lhe da imortalidade da juventude, de afetos e raivas, da for\u00e7a inexplic\u00e1vel que tudo faz acontecer, mesmo sem f\u00e9.<\/p>\n<p>&nbsp;<\/p>\n<h3>\u201cO lado esquerdo\u201d<\/h3>\n<p><strong>Estreia:<\/strong> 19 de novembro de 2021<\/p>\n<p><strong>Datas:<\/strong> 20, 26 e 27 de novembro de 2021<\/p>\n<p><strong>Local:<\/strong> Audit\u00f3rio Municipal Am\u00e9lia Rey Cola\u00e7o, em Alg\u00e9s<\/p>\n<p><strong>Dura\u00e7\u00e3o prevista:<\/strong> 50 minutos (aproximadamente)<\/p>\n<p><strong>Classifica\u00e7\u00e3o Et\u00e1ria:<\/strong> M16<\/p>\n<p>&nbsp;<\/p>\n<p>Texto Original: Marta Duque Vaz | Interpreta\u00e7\u00e3o: Sonja Valentina |Encena\u00e7\u00e3o, Dramaturgia e Adapta\u00e7\u00e3o: Daniel Freitas| Voz Off: Pedro Ramalho| Figurinos e Cenografia: Paulo Alvarez Veloso| Desenho de Luz: Alexandre Braga| Banda Sonora: Pedro<br \/>\nCec\u00edlio| Produ\u00e7\u00e3o executiva: Sonja Valentina |<\/p>\n","protected":false},"excerpt":{"rendered":"<p>\u201cO lado esquerdo\u201d estreia em novembro no Teatro Municipal Am\u00e9lia Rey Cola\u00e7o, em Alg\u00e9s at\u00e9 o dia 27. &nbsp; Este projeto c\u00e9nico, interpretado por Sonja Valentina, nasce com o objetivo [&hellip;]<\/p>\n","protected":false},"author":3,"featured_media":5922,"comment_status":"closed","ping_status":"closed","sticky":false,"template":"","format":"standard","meta":{"_exactmetrics_skip_tracking":false,"_exactmetrics_sitenote_active":false,"_exactmetrics_sitenote_note":"","_exactmetrics_sitenote_category":0,"_uf_show_specific_survey":0,"_uf_disable_surveys":false,"footnotes":""},"categories":[811],"tags":[1643],"class_list":["post-5921","post","type-post","status-publish","format-standard","has-post-thumbnail","hentry","category-teatro","tag-teatro-municipal-amelia-rey-colaco"],"yoast_head":"<!-- This site is optimized with the Yoast SEO plugin v27.3 - https:\/\/yoast.com\/product\/yoast-seo-wordpress\/ -->\n<title>\u201cO lado esquerdo\u201d \u00e9 um mon\u00f3logo de uma mulher a beirar os 50 anos<\/title>\n<meta name=\"description\" content=\"Assim \u201cO LADO ESQUERDO\u201d estreia no pr\u00f3ximo dia 19 de novembro, estando em cena nos dias 20, 26 e 27, no Audit\u00f3rio Municipal Am\u00e9lia Rey..\" \/>\n<meta name=\"robots\" content=\"index, follow, max-snippet:-1, max-image-preview:large, max-video-preview:-1\" \/>\n<link rel=\"canonical\" href=\"https:\/\/arte351.pt\/art\/2021\/11\/09\/o-lado-esquerdo-e-um-monologo-de-uma-mulher-a-beirar-os-50-anos\/\" \/>\n<meta property=\"og:locale\" content=\"pt_BR\" \/>\n<meta property=\"og:type\" content=\"article\" \/>\n<meta property=\"og:title\" content=\"\u201cO lado esquerdo\u201d \u00e9 um mon\u00f3logo de uma mulher a beirar os 50 anos\" \/>\n<meta property=\"og:description\" content=\"Assim \u201cO LADO ESQUERDO\u201d estreia no pr\u00f3ximo dia 19 de novembro, estando em cena nos dias 20, 26 e 27, no Audit\u00f3rio Municipal Am\u00e9lia Rey..\" \/>\n<meta property=\"og:url\" content=\"https:\/\/arte351.pt\/art\/2021\/11\/09\/o-lado-esquerdo-e-um-monologo-de-uma-mulher-a-beirar-os-50-anos\/\" \/>\n<meta property=\"og:site_name\" content=\"Arte351 - Art Magazine Portugal\" \/>\n<meta property=\"article:publisher\" content=\"https:\/\/www.facebook.com\/arte351magazine\/\" \/>\n<meta property=\"article:published_time\" content=\"2021-11-09T09:51:20+00:00\" \/>\n<meta property=\"article:modified_time\" content=\"2021-11-12T10:12:27+00:00\" \/>\n<meta property=\"og:image\" content=\"https:\/\/arte351.pt\/art\/wp-content\/uploads\/2021\/11\/o-lado-esquerdo.jpg\" \/>\n\t<meta property=\"og:image:width\" content=\"1200\" \/>\n\t<meta property=\"og:image:height\" content=\"578\" \/>\n\t<meta property=\"og:image:type\" content=\"image\/jpeg\" \/>\n<meta name=\"author\" content=\"Equipa Arte351\" \/>\n<meta name=\"twitter:label1\" content=\"Escrito por\" \/>\n\t<meta name=\"twitter:data1\" content=\"Equipa Arte351\" \/>\n\t<meta name=\"twitter:label2\" content=\"Est. tempo de leitura\" \/>\n\t<meta name=\"twitter:data2\" content=\"2 minutos\" \/>\n<script type=\"application\/ld+json\" class=\"yoast-schema-graph\">{\"@context\":\"https:\\\/\\\/schema.org\",\"@graph\":[{\"@type\":\"Article\",\"@id\":\"https:\\\/\\\/arte351.pt\\\/art\\\/2021\\\/11\\\/09\\\/o-lado-esquerdo-e-um-monologo-de-uma-mulher-a-beirar-os-50-anos\\\/#article\",\"isPartOf\":{\"@id\":\"https:\\\/\\\/arte351.pt\\\/art\\\/2021\\\/11\\\/09\\\/o-lado-esquerdo-e-um-monologo-de-uma-mulher-a-beirar-os-50-anos\\\/\"},\"author\":{\"name\":\"Equipa Arte351\",\"@id\":\"https:\\\/\\\/arte351.pt\\\/art\\\/#\\\/schema\\\/person\\\/f2cfae59497206be61c53c217757b930\"},\"headline\":\"\u201cO lado esquerdo\u201d \u00e9 um mon\u00f3logo de uma mulher a beirar os 50 anos\",\"datePublished\":\"2021-11-09T09:51:20+00:00\",\"dateModified\":\"2021-11-12T10:12:27+00:00\",\"mainEntityOfPage\":{\"@id\":\"https:\\\/\\\/arte351.pt\\\/art\\\/2021\\\/11\\\/09\\\/o-lado-esquerdo-e-um-monologo-de-uma-mulher-a-beirar-os-50-anos\\\/\"},\"wordCount\":425,\"publisher\":{\"@id\":\"https:\\\/\\\/arte351.pt\\\/art\\\/#organization\"},\"image\":{\"@id\":\"https:\\\/\\\/arte351.pt\\\/art\\\/2021\\\/11\\\/09\\\/o-lado-esquerdo-e-um-monologo-de-uma-mulher-a-beirar-os-50-anos\\\/#primaryimage\"},\"thumbnailUrl\":\"https:\\\/\\\/arte351.pt\\\/art\\\/wp-content\\\/uploads\\\/2021\\\/11\\\/o-lado-esquerdo.jpg\",\"keywords\":[\"Teatro Municipal Am\u00e9lia Rey Cola\u00e7o\"],\"articleSection\":[\"Teatro\"],\"inLanguage\":\"pt-BR\"},{\"@type\":\"WebPage\",\"@id\":\"https:\\\/\\\/arte351.pt\\\/art\\\/2021\\\/11\\\/09\\\/o-lado-esquerdo-e-um-monologo-de-uma-mulher-a-beirar-os-50-anos\\\/\",\"url\":\"https:\\\/\\\/arte351.pt\\\/art\\\/2021\\\/11\\\/09\\\/o-lado-esquerdo-e-um-monologo-de-uma-mulher-a-beirar-os-50-anos\\\/\",\"name\":\"\u201cO lado esquerdo\u201d \u00e9 um mon\u00f3logo de uma mulher a beirar os 50 anos\",\"isPartOf\":{\"@id\":\"https:\\\/\\\/arte351.pt\\\/art\\\/#website\"},\"primaryImageOfPage\":{\"@id\":\"https:\\\/\\\/arte351.pt\\\/art\\\/2021\\\/11\\\/09\\\/o-lado-esquerdo-e-um-monologo-de-uma-mulher-a-beirar-os-50-anos\\\/#primaryimage\"},\"image\":{\"@id\":\"https:\\\/\\\/arte351.pt\\\/art\\\/2021\\\/11\\\/09\\\/o-lado-esquerdo-e-um-monologo-de-uma-mulher-a-beirar-os-50-anos\\\/#primaryimage\"},\"thumbnailUrl\":\"https:\\\/\\\/arte351.pt\\\/art\\\/wp-content\\\/uploads\\\/2021\\\/11\\\/o-lado-esquerdo.jpg\",\"datePublished\":\"2021-11-09T09:51:20+00:00\",\"dateModified\":\"2021-11-12T10:12:27+00:00\",\"description\":\"Assim \u201cO LADO ESQUERDO\u201d estreia no pr\u00f3ximo dia 19 de novembro, estando em cena nos dias 20, 26 e 27, no Audit\u00f3rio Municipal Am\u00e9lia Rey..\",\"breadcrumb\":{\"@id\":\"https:\\\/\\\/arte351.pt\\\/art\\\/2021\\\/11\\\/09\\\/o-lado-esquerdo-e-um-monologo-de-uma-mulher-a-beirar-os-50-anos\\\/#breadcrumb\"},\"inLanguage\":\"pt-BR\",\"potentialAction\":[{\"@type\":\"ReadAction\",\"target\":[\"https:\\\/\\\/arte351.pt\\\/art\\\/2021\\\/11\\\/09\\\/o-lado-esquerdo-e-um-monologo-de-uma-mulher-a-beirar-os-50-anos\\\/\"]}]},{\"@type\":\"ImageObject\",\"inLanguage\":\"pt-BR\",\"@id\":\"https:\\\/\\\/arte351.pt\\\/art\\\/2021\\\/11\\\/09\\\/o-lado-esquerdo-e-um-monologo-de-uma-mulher-a-beirar-os-50-anos\\\/#primaryimage\",\"url\":\"https:\\\/\\\/arte351.pt\\\/art\\\/wp-content\\\/uploads\\\/2021\\\/11\\\/o-lado-esquerdo.jpg\",\"contentUrl\":\"https:\\\/\\\/arte351.pt\\\/art\\\/wp-content\\\/uploads\\\/2021\\\/11\\\/o-lado-esquerdo.jpg\",\"width\":1200,\"height\":578,\"caption\":\"sonja valentina\"},{\"@type\":\"BreadcrumbList\",\"@id\":\"https:\\\/\\\/arte351.pt\\\/art\\\/2021\\\/11\\\/09\\\/o-lado-esquerdo-e-um-monologo-de-uma-mulher-a-beirar-os-50-anos\\\/#breadcrumb\",\"itemListElement\":[{\"@type\":\"ListItem\",\"position\":1,\"name\":\"In\u00edcio\",\"item\":\"https:\\\/\\\/arte351.pt\\\/art\\\/\"},{\"@type\":\"ListItem\",\"position\":2,\"name\":\"\u201cO lado esquerdo\u201d \u00e9 um mon\u00f3logo de uma mulher a beirar os 50 anos\"}]},{\"@type\":\"WebSite\",\"@id\":\"https:\\\/\\\/arte351.pt\\\/art\\\/#website\",\"url\":\"https:\\\/\\\/arte351.pt\\\/art\\\/\",\"name\":\"Arte351 - Art Magazine Portugal\",\"description\":\"\",\"publisher\":{\"@id\":\"https:\\\/\\\/arte351.pt\\\/art\\\/#organization\"},\"potentialAction\":[{\"@type\":\"SearchAction\",\"target\":{\"@type\":\"EntryPoint\",\"urlTemplate\":\"https:\\\/\\\/arte351.pt\\\/art\\\/?s={search_term_string}\"},\"query-input\":{\"@type\":\"PropertyValueSpecification\",\"valueRequired\":true,\"valueName\":\"search_term_string\"}}],\"inLanguage\":\"pt-BR\"},{\"@type\":\"Organization\",\"@id\":\"https:\\\/\\\/arte351.pt\\\/art\\\/#organization\",\"name\":\"Arte351 - Art Magazine Portugal\",\"url\":\"https:\\\/\\\/arte351.pt\\\/art\\\/\",\"logo\":{\"@type\":\"ImageObject\",\"inLanguage\":\"pt-BR\",\"@id\":\"https:\\\/\\\/arte351.pt\\\/art\\\/#\\\/schema\\\/logo\\\/image\\\/\",\"url\":\"https:\\\/\\\/arte351.pt\\\/art\\\/wp-content\\\/uploads\\\/2020\\\/03\\\/cropped-logo-arte351-color.png\",\"contentUrl\":\"https:\\\/\\\/arte351.pt\\\/art\\\/wp-content\\\/uploads\\\/2020\\\/03\\\/cropped-logo-arte351-color.png\",\"width\":514,\"height\":200,\"caption\":\"Arte351 - Art Magazine Portugal\"},\"image\":{\"@id\":\"https:\\\/\\\/arte351.pt\\\/art\\\/#\\\/schema\\\/logo\\\/image\\\/\"},\"sameAs\":[\"https:\\\/\\\/www.facebook.com\\\/arte351magazine\\\/\"]},{\"@type\":\"Person\",\"@id\":\"https:\\\/\\\/arte351.pt\\\/art\\\/#\\\/schema\\\/person\\\/f2cfae59497206be61c53c217757b930\",\"name\":\"Equipa Arte351\",\"image\":{\"@type\":\"ImageObject\",\"inLanguage\":\"pt-BR\",\"@id\":\"https:\\\/\\\/secure.gravatar.com\\\/avatar\\\/6caca56323d52e15e83fc5635240c86f7e52fd46fa8d5df9a709d99f5aa1638e?s=96&d=mm&r=g\",\"url\":\"https:\\\/\\\/secure.gravatar.com\\\/avatar\\\/6caca56323d52e15e83fc5635240c86f7e52fd46fa8d5df9a709d99f5aa1638e?s=96&d=mm&r=g\",\"contentUrl\":\"https:\\\/\\\/secure.gravatar.com\\\/avatar\\\/6caca56323d52e15e83fc5635240c86f7e52fd46fa8d5df9a709d99f5aa1638e?s=96&d=mm&r=g\",\"caption\":\"Equipa Arte351\"},\"url\":\"https:\\\/\\\/arte351.pt\\\/art\\\/author\\\/caroleenbass\\\/\"}]}<\/script>\n<!-- \/ Yoast SEO plugin. -->","yoast_head_json":{"title":"\u201cO lado esquerdo\u201d \u00e9 um mon\u00f3logo de uma mulher a beirar os 50 anos","description":"Assim \u201cO LADO ESQUERDO\u201d estreia no pr\u00f3ximo dia 19 de novembro, estando em cena nos dias 20, 26 e 27, no Audit\u00f3rio Municipal Am\u00e9lia Rey..","robots":{"index":"index","follow":"follow","max-snippet":"max-snippet:-1","max-image-preview":"max-image-preview:large","max-video-preview":"max-video-preview:-1"},"canonical":"https:\/\/arte351.pt\/art\/2021\/11\/09\/o-lado-esquerdo-e-um-monologo-de-uma-mulher-a-beirar-os-50-anos\/","og_locale":"pt_BR","og_type":"article","og_title":"\u201cO lado esquerdo\u201d \u00e9 um mon\u00f3logo de uma mulher a beirar os 50 anos","og_description":"Assim \u201cO LADO ESQUERDO\u201d estreia no pr\u00f3ximo dia 19 de novembro, estando em cena nos dias 20, 26 e 27, no Audit\u00f3rio Municipal Am\u00e9lia Rey..","og_url":"https:\/\/arte351.pt\/art\/2021\/11\/09\/o-lado-esquerdo-e-um-monologo-de-uma-mulher-a-beirar-os-50-anos\/","og_site_name":"Arte351 - Art Magazine Portugal","article_publisher":"https:\/\/www.facebook.com\/arte351magazine\/","article_published_time":"2021-11-09T09:51:20+00:00","article_modified_time":"2021-11-12T10:12:27+00:00","og_image":[{"width":1200,"height":578,"url":"https:\/\/arte351.pt\/art\/wp-content\/uploads\/2021\/11\/o-lado-esquerdo.jpg","type":"image\/jpeg"}],"author":"Equipa Arte351","twitter_misc":{"Escrito por":"Equipa Arte351","Est. tempo de leitura":"2 minutos"},"schema":{"@context":"https:\/\/schema.org","@graph":[{"@type":"Article","@id":"https:\/\/arte351.pt\/art\/2021\/11\/09\/o-lado-esquerdo-e-um-monologo-de-uma-mulher-a-beirar-os-50-anos\/#article","isPartOf":{"@id":"https:\/\/arte351.pt\/art\/2021\/11\/09\/o-lado-esquerdo-e-um-monologo-de-uma-mulher-a-beirar-os-50-anos\/"},"author":{"name":"Equipa Arte351","@id":"https:\/\/arte351.pt\/art\/#\/schema\/person\/f2cfae59497206be61c53c217757b930"},"headline":"\u201cO lado esquerdo\u201d \u00e9 um mon\u00f3logo de uma mulher a beirar os 50 anos","datePublished":"2021-11-09T09:51:20+00:00","dateModified":"2021-11-12T10:12:27+00:00","mainEntityOfPage":{"@id":"https:\/\/arte351.pt\/art\/2021\/11\/09\/o-lado-esquerdo-e-um-monologo-de-uma-mulher-a-beirar-os-50-anos\/"},"wordCount":425,"publisher":{"@id":"https:\/\/arte351.pt\/art\/#organization"},"image":{"@id":"https:\/\/arte351.pt\/art\/2021\/11\/09\/o-lado-esquerdo-e-um-monologo-de-uma-mulher-a-beirar-os-50-anos\/#primaryimage"},"thumbnailUrl":"https:\/\/arte351.pt\/art\/wp-content\/uploads\/2021\/11\/o-lado-esquerdo.jpg","keywords":["Teatro Municipal Am\u00e9lia Rey Cola\u00e7o"],"articleSection":["Teatro"],"inLanguage":"pt-BR"},{"@type":"WebPage","@id":"https:\/\/arte351.pt\/art\/2021\/11\/09\/o-lado-esquerdo-e-um-monologo-de-uma-mulher-a-beirar-os-50-anos\/","url":"https:\/\/arte351.pt\/art\/2021\/11\/09\/o-lado-esquerdo-e-um-monologo-de-uma-mulher-a-beirar-os-50-anos\/","name":"\u201cO lado esquerdo\u201d \u00e9 um mon\u00f3logo de uma mulher a beirar os 50 anos","isPartOf":{"@id":"https:\/\/arte351.pt\/art\/#website"},"primaryImageOfPage":{"@id":"https:\/\/arte351.pt\/art\/2021\/11\/09\/o-lado-esquerdo-e-um-monologo-de-uma-mulher-a-beirar-os-50-anos\/#primaryimage"},"image":{"@id":"https:\/\/arte351.pt\/art\/2021\/11\/09\/o-lado-esquerdo-e-um-monologo-de-uma-mulher-a-beirar-os-50-anos\/#primaryimage"},"thumbnailUrl":"https:\/\/arte351.pt\/art\/wp-content\/uploads\/2021\/11\/o-lado-esquerdo.jpg","datePublished":"2021-11-09T09:51:20+00:00","dateModified":"2021-11-12T10:12:27+00:00","description":"Assim \u201cO LADO ESQUERDO\u201d estreia no pr\u00f3ximo dia 19 de novembro, estando em cena nos dias 20, 26 e 27, no Audit\u00f3rio Municipal Am\u00e9lia Rey..","breadcrumb":{"@id":"https:\/\/arte351.pt\/art\/2021\/11\/09\/o-lado-esquerdo-e-um-monologo-de-uma-mulher-a-beirar-os-50-anos\/#breadcrumb"},"inLanguage":"pt-BR","potentialAction":[{"@type":"ReadAction","target":["https:\/\/arte351.pt\/art\/2021\/11\/09\/o-lado-esquerdo-e-um-monologo-de-uma-mulher-a-beirar-os-50-anos\/"]}]},{"@type":"ImageObject","inLanguage":"pt-BR","@id":"https:\/\/arte351.pt\/art\/2021\/11\/09\/o-lado-esquerdo-e-um-monologo-de-uma-mulher-a-beirar-os-50-anos\/#primaryimage","url":"https:\/\/arte351.pt\/art\/wp-content\/uploads\/2021\/11\/o-lado-esquerdo.jpg","contentUrl":"https:\/\/arte351.pt\/art\/wp-content\/uploads\/2021\/11\/o-lado-esquerdo.jpg","width":1200,"height":578,"caption":"sonja valentina"},{"@type":"BreadcrumbList","@id":"https:\/\/arte351.pt\/art\/2021\/11\/09\/o-lado-esquerdo-e-um-monologo-de-uma-mulher-a-beirar-os-50-anos\/#breadcrumb","itemListElement":[{"@type":"ListItem","position":1,"name":"In\u00edcio","item":"https:\/\/arte351.pt\/art\/"},{"@type":"ListItem","position":2,"name":"\u201cO lado esquerdo\u201d \u00e9 um mon\u00f3logo de uma mulher a beirar os 50 anos"}]},{"@type":"WebSite","@id":"https:\/\/arte351.pt\/art\/#website","url":"https:\/\/arte351.pt\/art\/","name":"Arte351 - Art Magazine Portugal","description":"","publisher":{"@id":"https:\/\/arte351.pt\/art\/#organization"},"potentialAction":[{"@type":"SearchAction","target":{"@type":"EntryPoint","urlTemplate":"https:\/\/arte351.pt\/art\/?s={search_term_string}"},"query-input":{"@type":"PropertyValueSpecification","valueRequired":true,"valueName":"search_term_string"}}],"inLanguage":"pt-BR"},{"@type":"Organization","@id":"https:\/\/arte351.pt\/art\/#organization","name":"Arte351 - Art Magazine Portugal","url":"https:\/\/arte351.pt\/art\/","logo":{"@type":"ImageObject","inLanguage":"pt-BR","@id":"https:\/\/arte351.pt\/art\/#\/schema\/logo\/image\/","url":"https:\/\/arte351.pt\/art\/wp-content\/uploads\/2020\/03\/cropped-logo-arte351-color.png","contentUrl":"https:\/\/arte351.pt\/art\/wp-content\/uploads\/2020\/03\/cropped-logo-arte351-color.png","width":514,"height":200,"caption":"Arte351 - Art Magazine Portugal"},"image":{"@id":"https:\/\/arte351.pt\/art\/#\/schema\/logo\/image\/"},"sameAs":["https:\/\/www.facebook.com\/arte351magazine\/"]},{"@type":"Person","@id":"https:\/\/arte351.pt\/art\/#\/schema\/person\/f2cfae59497206be61c53c217757b930","name":"Equipa Arte351","image":{"@type":"ImageObject","inLanguage":"pt-BR","@id":"https:\/\/secure.gravatar.com\/avatar\/6caca56323d52e15e83fc5635240c86f7e52fd46fa8d5df9a709d99f5aa1638e?s=96&d=mm&r=g","url":"https:\/\/secure.gravatar.com\/avatar\/6caca56323d52e15e83fc5635240c86f7e52fd46fa8d5df9a709d99f5aa1638e?s=96&d=mm&r=g","contentUrl":"https:\/\/secure.gravatar.com\/avatar\/6caca56323d52e15e83fc5635240c86f7e52fd46fa8d5df9a709d99f5aa1638e?s=96&d=mm&r=g","caption":"Equipa Arte351"},"url":"https:\/\/arte351.pt\/art\/author\/caroleenbass\/"}]}},"_links":{"self":[{"href":"https:\/\/arte351.pt\/art\/wp-json\/wp\/v2\/posts\/5921","targetHints":{"allow":["GET"]}}],"collection":[{"href":"https:\/\/arte351.pt\/art\/wp-json\/wp\/v2\/posts"}],"about":[{"href":"https:\/\/arte351.pt\/art\/wp-json\/wp\/v2\/types\/post"}],"author":[{"embeddable":true,"href":"https:\/\/arte351.pt\/art\/wp-json\/wp\/v2\/users\/3"}],"replies":[{"embeddable":true,"href":"https:\/\/arte351.pt\/art\/wp-json\/wp\/v2\/comments?post=5921"}],"version-history":[{"count":1,"href":"https:\/\/arte351.pt\/art\/wp-json\/wp\/v2\/posts\/5921\/revisions"}],"predecessor-version":[{"id":5923,"href":"https:\/\/arte351.pt\/art\/wp-json\/wp\/v2\/posts\/5921\/revisions\/5923"}],"wp:featuredmedia":[{"embeddable":true,"href":"https:\/\/arte351.pt\/art\/wp-json\/wp\/v2\/media\/5922"}],"wp:attachment":[{"href":"https:\/\/arte351.pt\/art\/wp-json\/wp\/v2\/media?parent=5921"}],"wp:term":[{"taxonomy":"category","embeddable":true,"href":"https:\/\/arte351.pt\/art\/wp-json\/wp\/v2\/categories?post=5921"},{"taxonomy":"post_tag","embeddable":true,"href":"https:\/\/arte351.pt\/art\/wp-json\/wp\/v2\/tags?post=5921"}],"curies":[{"name":"wp","href":"https:\/\/api.w.org\/{rel}","templated":true}]}}