{"id":6174,"date":"2021-12-07T14:36:53","date_gmt":"2021-12-07T14:36:53","guid":{"rendered":"https:\/\/arte351.pt\/art\/?p=6174"},"modified":"2021-12-07T14:36:53","modified_gmt":"2021-12-07T14:36:53","slug":"yamandu-costa-faz-concerto-em-lisboa-com-luis-guerreiro-e-martin-sued","status":"publish","type":"post","link":"https:\/\/arte351.pt\/art\/2021\/12\/07\/yamandu-costa-faz-concerto-em-lisboa-com-luis-guerreiro-e-martin-sued\/","title":{"rendered":"Yamandu Costa faz concerto em Lisboa com Lu\u00eds Guerreiro e Mart\u00edn Sued"},"content":{"rendered":"<p>\u00c9 neste s\u00e1bado (11), \u00e0s 21h30, que o aclamado guitarrista <strong>Yamandu Costa<\/strong> faz concerto no Espelho de Cultura. O prodi\u0301gio do viola\u0303o de 7 cordas, idealizou um projeto em que convida dois grandes mu\u0301sicos num encontro ibero-americano: Lu\u00eds Guerreiro e Mart\u00edn Sued.<\/p>\n<p>Os m\u00fasicos est\u00e3o ligados a\u0300 mesma gerac\u0327a\u0303o. Carregam em si uma tradic\u0327a\u0303o potente de seus pai\u0301ses, que juntos formam a tr\u00edade Brasil, Argentina e Portugal. Ale\u0301m da tradic\u0327a\u0303o, estes mu\u0301sicos reinventam juntos uma linguagem pro\u0301pria que nasce da junc\u0327a\u0303o das suas culturas. Linguagens, sentimentos que se acomodam de diversas formas, sons com que nasceram e cresceram, e\u0301 isto que este projecto u\u0301nico proporciona.<\/p>\n<div class=\"page\" title=\"Page 2\">\n<div class=\"layoutArea\">\n<div class=\"column\">\n<p><span>O bandoneon, bandeira do tango, desloca-se para falar outro idioma, junto a\u0300 ico\u0301nica guitarra portuguesa que carrega a voz do fado e ao na\u0303o menos representativo viola\u0303o de 7 que remete imediatamente ao Brasil. <\/span><\/p>\n<p><span>Respeitando as suas raizes, <strong>Yamandu<\/strong> e seus convidados propo\u0303em uma visa\u0303o pessoal e reinventada sobre o conceito musical i\u0301bero-americano. Este encontro teve o seu <\/span><span>culminar no lanc\u0327amento do CD \u201cCaminantes\u201d, onde se podem encontrar <\/span><span>as faixas que o trio gravou em conjunto. <\/span><\/p>\n<p><span>Ja\u0301 em 2021, <strong>Yamandu Costa<\/strong> apresentou este projecto, sempre com lotac\u0327a\u0303o esgotada, em Espinho, Estarreja e I\u0301lhavo! <\/span><\/p>\n<p>&nbsp;<\/p>\n<div class=\"page\" title=\"Page 1\">\n<div class=\"layoutArea\">\n<div class=\"column\">\n<h3>Yamandu Costa<\/h3>\n<div class=\"page\" title=\"Page 1\">\n<div class=\"layoutArea\">\n<div class=\"column\">\n<p><span>\u201cYamandu Costa, regresso de um violonista tocado pelo ge\u0301nio.\u201d <\/span><\/p>\n<p><span>Nuno Pacheco, in Pu\u0301blico, outubro de 2011 <\/span><\/p>\n<p><span>Violonista e compositor nascido em Passo Fundo em 1980, Yamandu comec\u0327ou a estudar <\/span><span>viola\u0303o aos 7 anos de idade com o pai, Algacir Costa, li\u0301der do grupo \u201cOs Fronteiric\u0327os\u201d e <\/span><span>aprimorou-se com Lu\u0301cio Yanel, virtuoso argentino radicado no Brasil. <\/span><\/p>\n<p><span>Ate\u0301 os 15 anos, sua u\u0301nica escola musical foi a mu\u0301sica folclo\u0301rica do Sul do Brasil, Argentina e Uruguai. Depois de ouvir Radame\u0301s Gnatalli, comec\u0327ou a procurar outros brasileiros, tais como Baden Powell, Tom Jobim, Raphael Rabello entre outros. Aos 17 anos apresentou-se pela primeira vez em Sa\u0303o Paulo, no Circuito Cultural Banco do Brasil, produzido pelo Estu\u0301dio Tom Brasil, e a partir dai\u0301 passou a ser reconhecido como mu\u0301sico revelac\u0327a\u0303o do viola\u0303o brasileiro. Um dos maiores feno\u0301menos da mu\u0301sica brasileira de todos <\/span>os tempos, o jovem Yamandu confirma e merece todos os elogios que recebe quando toca seu viola\u0303o. Sozinho no palco, e\u0301 capaz de levantar em e\u0302xtase plateias das mais especializadas e de emocionar o grande pu\u0301blico dos mais apurados ouvidos. Suas interpretac\u0327o\u0303es performa\u0301ticas conseguem remodelar cada mu\u0301sica que ele toca e revela uma profunda intimidade com seu instrumento.<\/p>\n<div class=\"page\" title=\"Page 2\">\n<div class=\"layoutArea\">\n<div class=\"column\">\n<p><span>Yamandu toca desde choro a mu\u0301sica cla\u0301ssica brasileira, mas tambe\u0301m e\u0301 um gau\u0301cho cheio de milongas, tangos, zambas e chamame\u0301s. Violonista e compositor que na\u0303o se enquadra em nenhuma corrente musical, e\u0301 uma mistura de todos os estilos e cria interpretac\u0327o\u0303es de rara personalidade no seu viola\u0303o de 7 cordas. Yamandu faz jus ao significado de seu belo <\/span><span>nome \u201co precursor das a\u0301guas\u201d.<\/span><\/p>\n<p><img fetchpriority=\"high\" decoding=\"async\" class=\"alignnone size-large\" src=\"http:\/\/www.espelhodecultura.pt\/wp-content\/plugins\/widgetkit\/cache\/gallery\/527\/Yam.+Ric.-47-1318f466fb.jpg\" width=\"600\" height=\"435\" \/><\/p>\n<p><span>Recentemente galardoado com um Grammy Latino pelo melhor a\u0301lbum instrumental, pelo seu trabalho com Toquinho, <\/span><span>\u201c <\/span><span>Toquinho e Yamandu Costa, Bachianinha &#8211; Live At Rio Montreux Jazz Festival.<\/span><span>\u201d<\/span><span>, Yamandu Costa e\u0301 um artista premiado com uma imensa carreira internacional, com apresentac\u0327o\u0303es em Franc\u0327a, Portugal, Espanha, Be\u0301lgica, Alemanha, Ita\u0301lia, A\u0301ustria, Sui\u0301c\u0327a, Liechtenstein, Monte Carlo, Holanda, Sue\u0301cia, Noruega, Finla\u0302ndia, Esto\u0301nia, Eslove\u0301nia, Ru\u0301ssia, Litua\u0302nia, Se\u0301rvia, EUA, Canada\u0301, Austra\u0301lia, I\u0301ndia, China, Japa\u0303o, Coreia do Sul, Gre\u0301cia, Macedo\u0301nia, Repu\u0301blica Checa, Israel, Chipre, Zimbabwe, Cabo Verde, Angola, Moc\u0327ambique, La Reunion, Emirados A\u0301rabes, Kuwait, Tuni\u0301sia, Ira\u0303o, Equador, Cuba, Colo\u0302mbia, Chile, Argentina, Uruguai, Me\u0301xico, Paraguai e Costa Rica, entre outro. <\/span><\/p>\n<p><span>Yamandu Costa ja\u0301 fez mu\u0301sica com nomes da mu\u0301sica como Bob McFerrin, Pedro Jo\u0301ia, Ricardo Ribeiro, Anto\u0301nio Zambujo, Carminho, Toquinho, Joa\u0303o Bosco, Gilberto Gil, Mayra Andrade, Ney Matogrosso, Djavan, entre tantos outros. <\/span><\/p>\n<p><span>Em 2019 faz va\u0301rios concertos em Portugal: Pac\u0327os de Branda\u0303o, Festival Internacional de Mu\u0301sica da Primavera de Viseu, Albergaria a Velha &#8211; com participac\u0327a\u0303o de Ricardo Ribeiro &#8211; o encerramento do Festival Internacional de Mu\u0301sica de Espinho (FIME), onde tocou<\/span><\/p>\n<div class=\"page\" title=\"Page 3\">\n<div class=\"layoutArea\">\n<div class=\"column\">\n<p><span>com a Orquestra Cla\u0301ssica de Espinho, e um concerto com o prodigioso Renato Borghetti.na Aula Magna, em Lisboa. <\/span><\/p>\n<p><span>Em 2020, apesar da pandemia que abalou o Mundo, Yamandu Costa na\u0303o parou o seu trabalho e a sua criatividade, dando origem ao projeto <\/span><span>\u201cEncontro Ib<\/span><span>ero-Americano. <\/span><span>Yamandu Costa convida: Lui\u0301s Guerreiro e Marti\u0301n Sued\u201d<\/span><span>. Na EXIB 20, que decorreu em Setu\u0301bal em Outubro desse ano, Yamandu Costa permitiu uma antevisa\u0303o do que e\u0301 este magni\u0301fico projeto, com uma apresentac\u0327a\u0303o em streaming. Com o portugue\u0302s Lui\u0301s Guerreiro, na guitarra portuguesa, e o argentino Marti\u0301n Sued, no Bandoneo\u0301n, este projeto junta as tradic\u0327o\u0303es comuns destes tre\u0302s mu\u0301sicos da mesma gerac\u0327a\u0303o, numa nova linguagem e composic\u0327o\u0303es! <\/span><\/p>\n<p><span>Em 2021, Yamandu regressa aos concertos pelo Mundo e em Portugal, com apresentac\u0327o\u0303es em Viana do Castelo, no Festin (dois concertos) e va\u0301rias apresentac\u0327o\u0303es do seu projecto Encontro Ibero-Americano. Deixando sempre a plateia, por norma esgotada, em perfeito e\u0302xtase. <\/span><\/p>\n<\/div>\n<\/div>\n<\/div>\n<\/div>\n<\/div>\n<\/div>\n<\/div>\n<\/div>\n<\/div>\n<h3><\/h3>\n<h3>Lu\u00eds Guerreiro<\/h3>\n<div class=\"page\" title=\"Page 1\">\n<div class=\"layoutArea\">\n<div class=\"column\">\n<p><span>Virtuoso guitarrista portugue\u0302s, foi por influe\u0302ncia do pai que sentiu despertar a curiosidade para a guitarra portuguesa e, consequentemente, para o Fado, ja\u0301 que foi das ma\u0303os de seu pai, aos 10 anos, que recebeu a sua primeira guitarra. <\/span><\/p>\n<p><span>Enquanto frequentava a Academia de Mu\u0301sica, veio a conhecer outro importante guitarrista portugue\u0302s, Anto\u0301nio Parreira, com quem comec\u0327ou a ter aulas particulares. <\/span><\/p>\n<p><span>E\u0301 enta\u0303o que surge a oportunidade de comec\u0327ar a tocar profissionalmente, passando pelas principais Casas de Fado de Lisboa e tornando-se rapidamente no mais solicitado guitarrista portugue\u0302s, apresentando-se nos mais importantes palcos nacionais e internacionais com os grandes nomes do Fado, como Mariza, Camane\u0301, Anto\u0301nio Zambujo ou Carminho, entre outros. <\/span><\/p>\n<p><span>Conta tambe\u0301m com actuac\u0327o\u0303es em nome pro\u0301prio, aguardando-se o lanc\u0327amento do seu primeiro trabalho a solo durante o pro\u0301ximo ano. <\/span><\/p>\n<p><span>Recentemente integrou o projecto <\/span><span>\u201c<\/span><span>Encontro Ibero-Americano. Yamandu Costa convida: Lui\u0301s Guerreiro e Marti\u0301n Sued<\/span><span>\u201d<\/span><span>, a convite do guitarrista brasileiro Yamandu Costa, virtuoso do viola\u0303o de sete cordas, que conta com a participac\u0327a\u0303o do bandeonista argentino Marti\u0301n Sued. <\/span><\/p>\n<\/div>\n<\/div>\n<\/div>\n<h3><\/h3>\n<h3><span>Marti\u0301n Sued <\/span><\/h3>\n<p><span>Marti\u0301n Sued e\u0301 um bandoneonista, compositor e arranjador, um dos instrumentistas argentinos mais destacados de sua gerac\u0327a\u0303o. <\/span><\/p>\n<p><span>Como compositor, propo\u0303e novas abordagens ao reperto\u0301rio do bandoneo\u0301n, o instrumento protagonista do tango, presente no folclore e na identidade da mu\u0301sica argentina. <\/span><\/p>\n<p><span>As suas composic\u0327o\u0303es te\u0302m um cara\u0301ter lu\u0301dico com tons contempora\u0302neos e mu\u0301ltiplas influe\u0302ncias, mas com uma raiz clara na mu\u0301sica popular de seu pai\u0301s. <\/span><\/p>\n<p><span>Em 2018 Marti\u0301n lanc\u0327ou seu primeiro a\u0301lbum para bandoneo\u0301n solo chamado &#8220;Iralidad&#8221;, ja\u0301 apresentado nos Estados Unidos, Alemanha, Franc\u0327a, Portugal, Holanda, Brasil, Paraguai e Argentina. <\/span><\/p>\n<p><span>Sued ja\u0301 colaborou em concertos ou gravac\u0327o\u0303es em projetos com artistas como Guillermo Klein, Magic Malik, Seamus Blake, Diego Schissi, Silvia Iriondo, Jairo,Liliana Herrero, Quique Sinesi, Magic Malik, Mono Fontana, entre outros. <\/span><\/p>\n<p><span>Atualmente, Marti\u0301n reside em Lisboa e integra ao lado de Lui\u0301s Guerreiro o <\/span><span>\u201c<\/span><span>Encontro Ibero-Americano<\/span><span>\u201d<\/span><span>, projeto do guitarrista brasileiro Yamandu Costa e dirige o septeto&#8221;Marti\u0301n Sued e Orquestra Assintoma\u0301tica&#8221; que neste momento prepara o primeiro disco a ser lanc\u0327ado ainda este ano. <\/span><\/p>\n<\/div>\n<\/div>\n<\/div>\n<h3><\/h3>\n<h3>Yamandu Costa<\/h3>\n<p>S\u00e1bado, 11 de dezembro de 2021 &#8211; 21h30<\/p>\n<p>Espelho de Cultura &#8211; Rua Possid\u00f3nio da Silva, 104, 3\u00ba Frt &#8211; Lisboa<\/p>\n<p>Mais informa\u00e7\u00f5es <a href=\"https:\/\/ticketline.sapo.pt\/evento\/yamandu-costa-convida-luis-guerreiro-martin-52291\" target=\"_blank\" rel=\"noopener\">AQUI<\/a><\/p>\n<\/div>\n<\/div>\n<p><img decoding=\"async\" class=\"alignnone size-large\" src=\"http:\/\/img.rtp.pt\/icm\/\/thumb\/phpThumb.php?src=\/antena1\/images\/61\/61cc8889bb7a7635cd54cf38efd5a2e3&amp;w=1200&amp;sx=0&amp;sy=0&amp;sw=500&amp;sh=725&amp;q=75\" width=\"500\" height=\"725\" \/><\/p>\n<\/div>\n","protected":false},"excerpt":{"rendered":"<p>\u00c9 neste s\u00e1bado (11), \u00e0s 21h30, que o aclamado guitarrista Yamandu Costa faz concerto no Espelho de Cultura. O prodi\u0301gio do viola\u0303o de 7 cordas, idealizou um projeto em que [&hellip;]<\/p>\n","protected":false},"author":3,"featured_media":6175,"comment_status":"closed","ping_status":"closed","sticky":false,"template":"","format":"standard","meta":{"_exactmetrics_skip_tracking":false,"_exactmetrics_sitenote_active":false,"_exactmetrics_sitenote_note":"","_exactmetrics_sitenote_category":0,"_uf_show_specific_survey":0,"_uf_disable_surveys":false,"footnotes":""},"categories":[457],"tags":[1666,1668,1669,1667],"class_list":["post-6174","post","type-post","status-publish","format-standard","has-post-thumbnail","hentry","category-musica","tag-espelho-de-cultura","tag-luis-guerreiro","tag-martin-sued","tag-yamandu-costa"],"yoast_head":"<!-- This site is optimized with the Yoast SEO plugin v27.3 - https:\/\/yoast.com\/product\/yoast-seo-wordpress\/ -->\n<title>Yamandu Costa faz concerto em Lisboa com Lu\u00eds Guerreiro e Mart\u00edn Sued<\/title>\n<meta name=\"description\" content=\"aclamado guitarrista Yamandu Costa faz concerto no Espelho de Cultura. O prodi\u0301gio do viola\u0303o de 7 cordas, idealizou um projeto em....\" \/>\n<meta name=\"robots\" content=\"index, follow, max-snippet:-1, max-image-preview:large, max-video-preview:-1\" \/>\n<link rel=\"canonical\" href=\"https:\/\/arte351.pt\/art\/2021\/12\/07\/yamandu-costa-faz-concerto-em-lisboa-com-luis-guerreiro-e-martin-sued\/\" \/>\n<meta property=\"og:locale\" content=\"pt_BR\" \/>\n<meta property=\"og:type\" content=\"article\" \/>\n<meta property=\"og:title\" content=\"Yamandu Costa faz concerto em Lisboa com Lu\u00eds Guerreiro e Mart\u00edn Sued\" \/>\n<meta property=\"og:description\" content=\"aclamado guitarrista Yamandu Costa faz concerto no Espelho de Cultura. O prodi\u0301gio do viola\u0303o de 7 cordas, idealizou um projeto em....\" \/>\n<meta property=\"og:url\" content=\"https:\/\/arte351.pt\/art\/2021\/12\/07\/yamandu-costa-faz-concerto-em-lisboa-com-luis-guerreiro-e-martin-sued\/\" \/>\n<meta property=\"og:site_name\" content=\"Arte351 - Art Magazine Portugal\" \/>\n<meta property=\"article:publisher\" content=\"https:\/\/www.facebook.com\/arte351magazine\/\" \/>\n<meta property=\"article:published_time\" content=\"2021-12-07T14:36:53+00:00\" \/>\n<meta property=\"og:image\" content=\"https:\/\/arte351.pt\/art\/wp-content\/uploads\/2021\/12\/yamandu-costa.jpg\" \/>\n\t<meta property=\"og:image:width\" content=\"1200\" \/>\n\t<meta property=\"og:image:height\" content=\"578\" \/>\n\t<meta property=\"og:image:type\" content=\"image\/jpeg\" \/>\n<meta name=\"author\" content=\"Equipa Arte351\" \/>\n<meta name=\"twitter:label1\" content=\"Escrito por\" \/>\n\t<meta name=\"twitter:data1\" content=\"Equipa Arte351\" \/>\n\t<meta name=\"twitter:label2\" content=\"Est. tempo de leitura\" \/>\n\t<meta name=\"twitter:data2\" content=\"6 minutos\" \/>\n<script type=\"application\/ld+json\" class=\"yoast-schema-graph\">{\"@context\":\"https:\\\/\\\/schema.org\",\"@graph\":[{\"@type\":\"Article\",\"@id\":\"https:\\\/\\\/arte351.pt\\\/art\\\/2021\\\/12\\\/07\\\/yamandu-costa-faz-concerto-em-lisboa-com-luis-guerreiro-e-martin-sued\\\/#article\",\"isPartOf\":{\"@id\":\"https:\\\/\\\/arte351.pt\\\/art\\\/2021\\\/12\\\/07\\\/yamandu-costa-faz-concerto-em-lisboa-com-luis-guerreiro-e-martin-sued\\\/\"},\"author\":{\"name\":\"Equipa Arte351\",\"@id\":\"https:\\\/\\\/arte351.pt\\\/art\\\/#\\\/schema\\\/person\\\/f2cfae59497206be61c53c217757b930\"},\"headline\":\"Yamandu Costa faz concerto em Lisboa com Lu\u00eds Guerreiro e Mart\u00edn Sued\",\"datePublished\":\"2021-12-07T14:36:53+00:00\",\"mainEntityOfPage\":{\"@id\":\"https:\\\/\\\/arte351.pt\\\/art\\\/2021\\\/12\\\/07\\\/yamandu-costa-faz-concerto-em-lisboa-com-luis-guerreiro-e-martin-sued\\\/\"},\"wordCount\":1334,\"publisher\":{\"@id\":\"https:\\\/\\\/arte351.pt\\\/art\\\/#organization\"},\"image\":{\"@id\":\"https:\\\/\\\/arte351.pt\\\/art\\\/2021\\\/12\\\/07\\\/yamandu-costa-faz-concerto-em-lisboa-com-luis-guerreiro-e-martin-sued\\\/#primaryimage\"},\"thumbnailUrl\":\"https:\\\/\\\/arte351.pt\\\/art\\\/wp-content\\\/uploads\\\/2021\\\/12\\\/yamandu-costa.jpg\",\"keywords\":[\"Espelho de Cultura\",\"Lu\u00eds Guerreiro\",\"Mart\u00edn Sued\",\"Yamandu Costa\"],\"articleSection\":[\"M\u00fasica\"],\"inLanguage\":\"pt-BR\"},{\"@type\":\"WebPage\",\"@id\":\"https:\\\/\\\/arte351.pt\\\/art\\\/2021\\\/12\\\/07\\\/yamandu-costa-faz-concerto-em-lisboa-com-luis-guerreiro-e-martin-sued\\\/\",\"url\":\"https:\\\/\\\/arte351.pt\\\/art\\\/2021\\\/12\\\/07\\\/yamandu-costa-faz-concerto-em-lisboa-com-luis-guerreiro-e-martin-sued\\\/\",\"name\":\"Yamandu Costa faz concerto em Lisboa com Lu\u00eds Guerreiro e Mart\u00edn Sued\",\"isPartOf\":{\"@id\":\"https:\\\/\\\/arte351.pt\\\/art\\\/#website\"},\"primaryImageOfPage\":{\"@id\":\"https:\\\/\\\/arte351.pt\\\/art\\\/2021\\\/12\\\/07\\\/yamandu-costa-faz-concerto-em-lisboa-com-luis-guerreiro-e-martin-sued\\\/#primaryimage\"},\"image\":{\"@id\":\"https:\\\/\\\/arte351.pt\\\/art\\\/2021\\\/12\\\/07\\\/yamandu-costa-faz-concerto-em-lisboa-com-luis-guerreiro-e-martin-sued\\\/#primaryimage\"},\"thumbnailUrl\":\"https:\\\/\\\/arte351.pt\\\/art\\\/wp-content\\\/uploads\\\/2021\\\/12\\\/yamandu-costa.jpg\",\"datePublished\":\"2021-12-07T14:36:53+00:00\",\"description\":\"aclamado guitarrista Yamandu Costa faz concerto no Espelho de Cultura. O prodi\u0301gio do viola\u0303o de 7 cordas, idealizou um projeto em....\",\"breadcrumb\":{\"@id\":\"https:\\\/\\\/arte351.pt\\\/art\\\/2021\\\/12\\\/07\\\/yamandu-costa-faz-concerto-em-lisboa-com-luis-guerreiro-e-martin-sued\\\/#breadcrumb\"},\"inLanguage\":\"pt-BR\",\"potentialAction\":[{\"@type\":\"ReadAction\",\"target\":[\"https:\\\/\\\/arte351.pt\\\/art\\\/2021\\\/12\\\/07\\\/yamandu-costa-faz-concerto-em-lisboa-com-luis-guerreiro-e-martin-sued\\\/\"]}]},{\"@type\":\"ImageObject\",\"inLanguage\":\"pt-BR\",\"@id\":\"https:\\\/\\\/arte351.pt\\\/art\\\/2021\\\/12\\\/07\\\/yamandu-costa-faz-concerto-em-lisboa-com-luis-guerreiro-e-martin-sued\\\/#primaryimage\",\"url\":\"https:\\\/\\\/arte351.pt\\\/art\\\/wp-content\\\/uploads\\\/2021\\\/12\\\/yamandu-costa.jpg\",\"contentUrl\":\"https:\\\/\\\/arte351.pt\\\/art\\\/wp-content\\\/uploads\\\/2021\\\/12\\\/yamandu-costa.jpg\",\"width\":1200,\"height\":578},{\"@type\":\"BreadcrumbList\",\"@id\":\"https:\\\/\\\/arte351.pt\\\/art\\\/2021\\\/12\\\/07\\\/yamandu-costa-faz-concerto-em-lisboa-com-luis-guerreiro-e-martin-sued\\\/#breadcrumb\",\"itemListElement\":[{\"@type\":\"ListItem\",\"position\":1,\"name\":\"In\u00edcio\",\"item\":\"https:\\\/\\\/arte351.pt\\\/art\\\/\"},{\"@type\":\"ListItem\",\"position\":2,\"name\":\"Yamandu Costa faz concerto em Lisboa com Lu\u00eds Guerreiro e Mart\u00edn Sued\"}]},{\"@type\":\"WebSite\",\"@id\":\"https:\\\/\\\/arte351.pt\\\/art\\\/#website\",\"url\":\"https:\\\/\\\/arte351.pt\\\/art\\\/\",\"name\":\"Arte351 - Art Magazine Portugal\",\"description\":\"\",\"publisher\":{\"@id\":\"https:\\\/\\\/arte351.pt\\\/art\\\/#organization\"},\"potentialAction\":[{\"@type\":\"SearchAction\",\"target\":{\"@type\":\"EntryPoint\",\"urlTemplate\":\"https:\\\/\\\/arte351.pt\\\/art\\\/?s={search_term_string}\"},\"query-input\":{\"@type\":\"PropertyValueSpecification\",\"valueRequired\":true,\"valueName\":\"search_term_string\"}}],\"inLanguage\":\"pt-BR\"},{\"@type\":\"Organization\",\"@id\":\"https:\\\/\\\/arte351.pt\\\/art\\\/#organization\",\"name\":\"Arte351 - Art Magazine Portugal\",\"url\":\"https:\\\/\\\/arte351.pt\\\/art\\\/\",\"logo\":{\"@type\":\"ImageObject\",\"inLanguage\":\"pt-BR\",\"@id\":\"https:\\\/\\\/arte351.pt\\\/art\\\/#\\\/schema\\\/logo\\\/image\\\/\",\"url\":\"https:\\\/\\\/arte351.pt\\\/art\\\/wp-content\\\/uploads\\\/2020\\\/03\\\/cropped-logo-arte351-color.png\",\"contentUrl\":\"https:\\\/\\\/arte351.pt\\\/art\\\/wp-content\\\/uploads\\\/2020\\\/03\\\/cropped-logo-arte351-color.png\",\"width\":514,\"height\":200,\"caption\":\"Arte351 - Art Magazine Portugal\"},\"image\":{\"@id\":\"https:\\\/\\\/arte351.pt\\\/art\\\/#\\\/schema\\\/logo\\\/image\\\/\"},\"sameAs\":[\"https:\\\/\\\/www.facebook.com\\\/arte351magazine\\\/\"]},{\"@type\":\"Person\",\"@id\":\"https:\\\/\\\/arte351.pt\\\/art\\\/#\\\/schema\\\/person\\\/f2cfae59497206be61c53c217757b930\",\"name\":\"Equipa Arte351\",\"image\":{\"@type\":\"ImageObject\",\"inLanguage\":\"pt-BR\",\"@id\":\"https:\\\/\\\/secure.gravatar.com\\\/avatar\\\/6caca56323d52e15e83fc5635240c86f7e52fd46fa8d5df9a709d99f5aa1638e?s=96&d=mm&r=g\",\"url\":\"https:\\\/\\\/secure.gravatar.com\\\/avatar\\\/6caca56323d52e15e83fc5635240c86f7e52fd46fa8d5df9a709d99f5aa1638e?s=96&d=mm&r=g\",\"contentUrl\":\"https:\\\/\\\/secure.gravatar.com\\\/avatar\\\/6caca56323d52e15e83fc5635240c86f7e52fd46fa8d5df9a709d99f5aa1638e?s=96&d=mm&r=g\",\"caption\":\"Equipa Arte351\"},\"url\":\"https:\\\/\\\/arte351.pt\\\/art\\\/author\\\/caroleenbass\\\/\"}]}<\/script>\n<!-- \/ Yoast SEO plugin. -->","yoast_head_json":{"title":"Yamandu Costa faz concerto em Lisboa com Lu\u00eds Guerreiro e Mart\u00edn Sued","description":"aclamado guitarrista Yamandu Costa faz concerto no Espelho de Cultura. O prodi\u0301gio do viola\u0303o de 7 cordas, idealizou um projeto em....","robots":{"index":"index","follow":"follow","max-snippet":"max-snippet:-1","max-image-preview":"max-image-preview:large","max-video-preview":"max-video-preview:-1"},"canonical":"https:\/\/arte351.pt\/art\/2021\/12\/07\/yamandu-costa-faz-concerto-em-lisboa-com-luis-guerreiro-e-martin-sued\/","og_locale":"pt_BR","og_type":"article","og_title":"Yamandu Costa faz concerto em Lisboa com Lu\u00eds Guerreiro e Mart\u00edn Sued","og_description":"aclamado guitarrista Yamandu Costa faz concerto no Espelho de Cultura. O prodi\u0301gio do viola\u0303o de 7 cordas, idealizou um projeto em....","og_url":"https:\/\/arte351.pt\/art\/2021\/12\/07\/yamandu-costa-faz-concerto-em-lisboa-com-luis-guerreiro-e-martin-sued\/","og_site_name":"Arte351 - Art Magazine Portugal","article_publisher":"https:\/\/www.facebook.com\/arte351magazine\/","article_published_time":"2021-12-07T14:36:53+00:00","og_image":[{"width":1200,"height":578,"url":"https:\/\/arte351.pt\/art\/wp-content\/uploads\/2021\/12\/yamandu-costa.jpg","type":"image\/jpeg"}],"author":"Equipa Arte351","twitter_misc":{"Escrito por":"Equipa Arte351","Est. tempo de leitura":"6 minutos"},"schema":{"@context":"https:\/\/schema.org","@graph":[{"@type":"Article","@id":"https:\/\/arte351.pt\/art\/2021\/12\/07\/yamandu-costa-faz-concerto-em-lisboa-com-luis-guerreiro-e-martin-sued\/#article","isPartOf":{"@id":"https:\/\/arte351.pt\/art\/2021\/12\/07\/yamandu-costa-faz-concerto-em-lisboa-com-luis-guerreiro-e-martin-sued\/"},"author":{"name":"Equipa Arte351","@id":"https:\/\/arte351.pt\/art\/#\/schema\/person\/f2cfae59497206be61c53c217757b930"},"headline":"Yamandu Costa faz concerto em Lisboa com Lu\u00eds Guerreiro e Mart\u00edn Sued","datePublished":"2021-12-07T14:36:53+00:00","mainEntityOfPage":{"@id":"https:\/\/arte351.pt\/art\/2021\/12\/07\/yamandu-costa-faz-concerto-em-lisboa-com-luis-guerreiro-e-martin-sued\/"},"wordCount":1334,"publisher":{"@id":"https:\/\/arte351.pt\/art\/#organization"},"image":{"@id":"https:\/\/arte351.pt\/art\/2021\/12\/07\/yamandu-costa-faz-concerto-em-lisboa-com-luis-guerreiro-e-martin-sued\/#primaryimage"},"thumbnailUrl":"https:\/\/arte351.pt\/art\/wp-content\/uploads\/2021\/12\/yamandu-costa.jpg","keywords":["Espelho de Cultura","Lu\u00eds Guerreiro","Mart\u00edn Sued","Yamandu Costa"],"articleSection":["M\u00fasica"],"inLanguage":"pt-BR"},{"@type":"WebPage","@id":"https:\/\/arte351.pt\/art\/2021\/12\/07\/yamandu-costa-faz-concerto-em-lisboa-com-luis-guerreiro-e-martin-sued\/","url":"https:\/\/arte351.pt\/art\/2021\/12\/07\/yamandu-costa-faz-concerto-em-lisboa-com-luis-guerreiro-e-martin-sued\/","name":"Yamandu Costa faz concerto em Lisboa com Lu\u00eds Guerreiro e Mart\u00edn Sued","isPartOf":{"@id":"https:\/\/arte351.pt\/art\/#website"},"primaryImageOfPage":{"@id":"https:\/\/arte351.pt\/art\/2021\/12\/07\/yamandu-costa-faz-concerto-em-lisboa-com-luis-guerreiro-e-martin-sued\/#primaryimage"},"image":{"@id":"https:\/\/arte351.pt\/art\/2021\/12\/07\/yamandu-costa-faz-concerto-em-lisboa-com-luis-guerreiro-e-martin-sued\/#primaryimage"},"thumbnailUrl":"https:\/\/arte351.pt\/art\/wp-content\/uploads\/2021\/12\/yamandu-costa.jpg","datePublished":"2021-12-07T14:36:53+00:00","description":"aclamado guitarrista Yamandu Costa faz concerto no Espelho de Cultura. O prodi\u0301gio do viola\u0303o de 7 cordas, idealizou um projeto em....","breadcrumb":{"@id":"https:\/\/arte351.pt\/art\/2021\/12\/07\/yamandu-costa-faz-concerto-em-lisboa-com-luis-guerreiro-e-martin-sued\/#breadcrumb"},"inLanguage":"pt-BR","potentialAction":[{"@type":"ReadAction","target":["https:\/\/arte351.pt\/art\/2021\/12\/07\/yamandu-costa-faz-concerto-em-lisboa-com-luis-guerreiro-e-martin-sued\/"]}]},{"@type":"ImageObject","inLanguage":"pt-BR","@id":"https:\/\/arte351.pt\/art\/2021\/12\/07\/yamandu-costa-faz-concerto-em-lisboa-com-luis-guerreiro-e-martin-sued\/#primaryimage","url":"https:\/\/arte351.pt\/art\/wp-content\/uploads\/2021\/12\/yamandu-costa.jpg","contentUrl":"https:\/\/arte351.pt\/art\/wp-content\/uploads\/2021\/12\/yamandu-costa.jpg","width":1200,"height":578},{"@type":"BreadcrumbList","@id":"https:\/\/arte351.pt\/art\/2021\/12\/07\/yamandu-costa-faz-concerto-em-lisboa-com-luis-guerreiro-e-martin-sued\/#breadcrumb","itemListElement":[{"@type":"ListItem","position":1,"name":"In\u00edcio","item":"https:\/\/arte351.pt\/art\/"},{"@type":"ListItem","position":2,"name":"Yamandu Costa faz concerto em Lisboa com Lu\u00eds Guerreiro e Mart\u00edn Sued"}]},{"@type":"WebSite","@id":"https:\/\/arte351.pt\/art\/#website","url":"https:\/\/arte351.pt\/art\/","name":"Arte351 - Art Magazine Portugal","description":"","publisher":{"@id":"https:\/\/arte351.pt\/art\/#organization"},"potentialAction":[{"@type":"SearchAction","target":{"@type":"EntryPoint","urlTemplate":"https:\/\/arte351.pt\/art\/?s={search_term_string}"},"query-input":{"@type":"PropertyValueSpecification","valueRequired":true,"valueName":"search_term_string"}}],"inLanguage":"pt-BR"},{"@type":"Organization","@id":"https:\/\/arte351.pt\/art\/#organization","name":"Arte351 - Art Magazine Portugal","url":"https:\/\/arte351.pt\/art\/","logo":{"@type":"ImageObject","inLanguage":"pt-BR","@id":"https:\/\/arte351.pt\/art\/#\/schema\/logo\/image\/","url":"https:\/\/arte351.pt\/art\/wp-content\/uploads\/2020\/03\/cropped-logo-arte351-color.png","contentUrl":"https:\/\/arte351.pt\/art\/wp-content\/uploads\/2020\/03\/cropped-logo-arte351-color.png","width":514,"height":200,"caption":"Arte351 - Art Magazine Portugal"},"image":{"@id":"https:\/\/arte351.pt\/art\/#\/schema\/logo\/image\/"},"sameAs":["https:\/\/www.facebook.com\/arte351magazine\/"]},{"@type":"Person","@id":"https:\/\/arte351.pt\/art\/#\/schema\/person\/f2cfae59497206be61c53c217757b930","name":"Equipa Arte351","image":{"@type":"ImageObject","inLanguage":"pt-BR","@id":"https:\/\/secure.gravatar.com\/avatar\/6caca56323d52e15e83fc5635240c86f7e52fd46fa8d5df9a709d99f5aa1638e?s=96&d=mm&r=g","url":"https:\/\/secure.gravatar.com\/avatar\/6caca56323d52e15e83fc5635240c86f7e52fd46fa8d5df9a709d99f5aa1638e?s=96&d=mm&r=g","contentUrl":"https:\/\/secure.gravatar.com\/avatar\/6caca56323d52e15e83fc5635240c86f7e52fd46fa8d5df9a709d99f5aa1638e?s=96&d=mm&r=g","caption":"Equipa Arte351"},"url":"https:\/\/arte351.pt\/art\/author\/caroleenbass\/"}]}},"_links":{"self":[{"href":"https:\/\/arte351.pt\/art\/wp-json\/wp\/v2\/posts\/6174","targetHints":{"allow":["GET"]}}],"collection":[{"href":"https:\/\/arte351.pt\/art\/wp-json\/wp\/v2\/posts"}],"about":[{"href":"https:\/\/arte351.pt\/art\/wp-json\/wp\/v2\/types\/post"}],"author":[{"embeddable":true,"href":"https:\/\/arte351.pt\/art\/wp-json\/wp\/v2\/users\/3"}],"replies":[{"embeddable":true,"href":"https:\/\/arte351.pt\/art\/wp-json\/wp\/v2\/comments?post=6174"}],"version-history":[{"count":1,"href":"https:\/\/arte351.pt\/art\/wp-json\/wp\/v2\/posts\/6174\/revisions"}],"predecessor-version":[{"id":6176,"href":"https:\/\/arte351.pt\/art\/wp-json\/wp\/v2\/posts\/6174\/revisions\/6176"}],"wp:featuredmedia":[{"embeddable":true,"href":"https:\/\/arte351.pt\/art\/wp-json\/wp\/v2\/media\/6175"}],"wp:attachment":[{"href":"https:\/\/arte351.pt\/art\/wp-json\/wp\/v2\/media?parent=6174"}],"wp:term":[{"taxonomy":"category","embeddable":true,"href":"https:\/\/arte351.pt\/art\/wp-json\/wp\/v2\/categories?post=6174"},{"taxonomy":"post_tag","embeddable":true,"href":"https:\/\/arte351.pt\/art\/wp-json\/wp\/v2\/tags?post=6174"}],"curies":[{"name":"wp","href":"https:\/\/api.w.org\/{rel}","templated":true}]}}