{"id":6177,"date":"2021-12-08T10:32:17","date_gmt":"2021-12-08T10:32:17","guid":{"rendered":"https:\/\/arte351.pt\/art\/?p=6177"},"modified":"2021-12-09T10:35:44","modified_gmt":"2021-12-09T10:35:44","slug":"os-musicos-do-tejo-guerras-do-alecrim-e-manjerona","status":"publish","type":"post","link":"https:\/\/arte351.pt\/art\/2021\/12\/08\/os-musicos-do-tejo-guerras-do-alecrim-e-manjerona\/","title":{"rendered":"Os M\u00fasicos do Tejo Guerras do Alecrim e Manjerona"},"content":{"rendered":"<p style=\"font-weight: 400;\"><strong>Ant\u00f3nio Jos\u00e9 da Silva<\/strong><span>\u00a0<\/span>(1705-1739) e<span>\u00a0<\/span><strong>Ant\u00f3nio Teixeira<\/strong><span>\u00a0<\/span>(1707-1774)<\/p>\n<p style=\"font-weight: 400;\"><strong>CCB . 10 e 11 dezembro . sexta 19h00 e s\u00e1bado 17h00 . Pequeno Audit\u00f3rio<\/strong><\/p>\n<p>&nbsp;<\/p>\n<p style=\"font-weight: 400;\"><strong>Elenco<\/strong><br \/>\nD. Gilvaz<strong><span>\u00a0<\/span>Marco Alves dos Santos<\/strong><br \/>\nDom Fuas<strong><span>\u00a0<\/span>Rodrigo Carreto<\/strong><br \/>\nSemic\u00fapio<strong><span>\u00a0<\/span>Jo\u00e3o Fernandes<\/strong><br \/>\nDona Cl\u00f3ris<strong><span>\u00a0<\/span>Joana Seara<\/strong><br \/>\nDona Nise<strong><span>\u00a0<\/span>Lu\u00edsa Cruz<\/strong><br \/>\nSevadilha<span>\u00a0<\/span><strong>Catarina Wallenstein<\/strong><br \/>\nFagundes<span>\u00a0<\/span><strong>Carla Vasconcelos<\/strong><br \/>\nDom Lancerote<span>\u00a0<\/span><strong>Lu\u00eds Rodrigues<\/strong><br \/>\nD. Tib\u00farcio<strong><span>\u00a0<\/span>Ant\u00f3nio Machado<\/strong><\/p>\n<p style=\"font-weight: 400;\">\n<strong>Os Mu\u0301sicos do Tejo<\/strong><br \/>\ndir.<span>\u00a0<\/span><strong>Marcos Magalha\u0303es e Marta Arau\u0301jo<\/strong><br \/>\nDirec\u0327\u00e3o musical<span>\u00a0<\/span><strong>Marcos Magalh\u00e3es<\/strong><\/p>\n<p style=\"font-weight: 400;\"><em>As Guerras de Alecrim e Manjerona,<\/em><span>\u00a0<\/span>de Ant\u00f3nio Jos\u00e9 da Silva (1705-1739) e Ant\u00f3nio Teixeira (1707-1774), \u00e9 uma \u00d3pera Joco-S\u00e9ria, que se representou, pela primeira vez, no Teatro do Bairro Alto de Lisboa, no carnaval de 1737.<\/p>\n<p style=\"font-weight: 400;\">Trata-se de uma obra-prima do teatro e da m\u00fasica portuguesa e de import\u00e2ncia fulcral na nossa cultura. Os M\u00fasicos do Tejo apresentam agora uma nova vers\u00e3o de concerto, mas que ir\u00e1 privilegiar o texto e o jogo teatral.<\/p>\n<p style=\"font-weight: 400;\">Nesta \u00ab<em>opera ao gosto portuguez<\/em>\u00bb (como era denominado, na \u00e9poca, este g\u00e9nero de teatro falado em portugu\u00eas e com v\u00e1rios n\u00fameros musicais cantados com acompanhamento orquestral), encontramos um equil\u00edbrio perfeito entre comicidade de texto, personagens e situa\u00e7\u00f5es; beleza liter\u00e1ria e musical; assim como de ritmo de desenvolvimento e estrutura\u00e7\u00e3o da obra. O seu tom vai sempre variando entre m\u00faltiplos estratos: grotesco, sublime, dram\u00e1tico, pastoral, sat\u00edrico, entre outros que se misturam num estilo que, por vezes, \u00e9 rico de algo que, de maneira intuitiva, chamamos de \u00abcasti\u00e7o\u00bb, mesmo que essa palavra com tanto significado para os portugueses, seja, no fundo, t\u00e3o misteriosa.<\/p>\n<p style=\"font-weight: 400;\">N\u00e3o queremos revelar demasiado a hist\u00f3ria, mas podemos dizer que o enredo gira em torno de jovens que se querem unir apesar da oposi\u00e7\u00e3o de um tutor afeito \u00e0s mais conservadoras dificuldades. O contexto \u00e9 o da fam\u00edlia teatral alargada que sempre reencontramos no teatro setecentista, em que aos donos da casa se juntam os criados sempre engenhosos e lestos a propor solu\u00e7\u00f5es de intriga e respetivo desenlace.<\/p>\n<p style=\"font-weight: 400; text-align: right;\">Marcos Magalh\u00e3es e Marta Ara\u00fajo<\/p>\n","protected":false},"excerpt":{"rendered":"<p>Ant\u00f3nio Jos\u00e9 da Silva\u00a0(1705-1739) e\u00a0Ant\u00f3nio Teixeira\u00a0(1707-1774) CCB . 10 e 11 dezembro . sexta 19h00 e s\u00e1bado 17h00 . Pequeno Audit\u00f3rio &nbsp; Elenco D. Gilvaz\u00a0Marco Alves dos Santos Dom Fuas\u00a0Rodrigo [&hellip;]<\/p>\n","protected":false},"author":3,"featured_media":6178,"comment_status":"closed","ping_status":"closed","sticky":false,"template":"","format":"standard","meta":{"_exactmetrics_skip_tracking":false,"_exactmetrics_sitenote_active":false,"_exactmetrics_sitenote_note":"","_exactmetrics_sitenote_category":0,"_uf_show_specific_survey":0,"_uf_disable_surveys":false,"footnotes":""},"categories":[1],"tags":[973],"class_list":["post-6177","post","type-post","status-publish","format-standard","has-post-thumbnail","hentry","category-sem-categoria","tag-centro-cultural-de-belem"],"yoast_head":"<!-- This site is optimized with the Yoast SEO plugin v27.3 - https:\/\/yoast.com\/product\/yoast-seo-wordpress\/ -->\n<title>Os M\u00fasicos do Tejo Guerras do Alecrim e Manjerona - Arte351 - Art Magazine Portugal<\/title>\n<meta name=\"robots\" content=\"index, follow, max-snippet:-1, max-image-preview:large, max-video-preview:-1\" \/>\n<link rel=\"canonical\" href=\"https:\/\/arte351.pt\/art\/2021\/12\/08\/os-musicos-do-tejo-guerras-do-alecrim-e-manjerona\/\" \/>\n<meta property=\"og:locale\" content=\"pt_BR\" \/>\n<meta property=\"og:type\" content=\"article\" \/>\n<meta property=\"og:title\" content=\"Os M\u00fasicos do Tejo Guerras do Alecrim e Manjerona - Arte351 - Art Magazine Portugal\" \/>\n<meta property=\"og:description\" content=\"Ant\u00f3nio Jos\u00e9 da Silva\u00a0(1705-1739) e\u00a0Ant\u00f3nio Teixeira\u00a0(1707-1774) CCB . 10 e 11 dezembro . sexta 19h00 e s\u00e1bado 17h00 . Pequeno Audit\u00f3rio &nbsp; Elenco D. Gilvaz\u00a0Marco Alves dos Santos Dom Fuas\u00a0Rodrigo [&hellip;]\" \/>\n<meta property=\"og:url\" content=\"https:\/\/arte351.pt\/art\/2021\/12\/08\/os-musicos-do-tejo-guerras-do-alecrim-e-manjerona\/\" \/>\n<meta property=\"og:site_name\" content=\"Arte351 - Art Magazine Portugal\" \/>\n<meta property=\"article:publisher\" content=\"https:\/\/www.facebook.com\/arte351magazine\/\" \/>\n<meta property=\"article:published_time\" content=\"2021-12-08T10:32:17+00:00\" \/>\n<meta property=\"article:modified_time\" content=\"2021-12-09T10:35:44+00:00\" \/>\n<meta property=\"og:image\" content=\"https:\/\/arte351.pt\/art\/wp-content\/uploads\/2021\/12\/o.jpg\" \/>\n\t<meta property=\"og:image:width\" content=\"1200\" \/>\n\t<meta property=\"og:image:height\" content=\"578\" \/>\n\t<meta property=\"og:image:type\" content=\"image\/jpeg\" \/>\n<meta name=\"author\" content=\"Equipa Arte351\" \/>\n<meta name=\"twitter:label1\" content=\"Escrito por\" \/>\n\t<meta name=\"twitter:data1\" content=\"Equipa Arte351\" \/>\n\t<meta name=\"twitter:label2\" content=\"Est. tempo de leitura\" \/>\n\t<meta name=\"twitter:data2\" content=\"2 minutos\" \/>\n<script type=\"application\/ld+json\" class=\"yoast-schema-graph\">{\"@context\":\"https:\\\/\\\/schema.org\",\"@graph\":[{\"@type\":\"Article\",\"@id\":\"https:\\\/\\\/arte351.pt\\\/art\\\/2021\\\/12\\\/08\\\/os-musicos-do-tejo-guerras-do-alecrim-e-manjerona\\\/#article\",\"isPartOf\":{\"@id\":\"https:\\\/\\\/arte351.pt\\\/art\\\/2021\\\/12\\\/08\\\/os-musicos-do-tejo-guerras-do-alecrim-e-manjerona\\\/\"},\"author\":{\"name\":\"Equipa Arte351\",\"@id\":\"https:\\\/\\\/arte351.pt\\\/art\\\/#\\\/schema\\\/person\\\/f2cfae59497206be61c53c217757b930\"},\"headline\":\"Os M\u00fasicos do Tejo Guerras do Alecrim e Manjerona\",\"datePublished\":\"2021-12-08T10:32:17+00:00\",\"dateModified\":\"2021-12-09T10:35:44+00:00\",\"mainEntityOfPage\":{\"@id\":\"https:\\\/\\\/arte351.pt\\\/art\\\/2021\\\/12\\\/08\\\/os-musicos-do-tejo-guerras-do-alecrim-e-manjerona\\\/\"},\"wordCount\":368,\"publisher\":{\"@id\":\"https:\\\/\\\/arte351.pt\\\/art\\\/#organization\"},\"image\":{\"@id\":\"https:\\\/\\\/arte351.pt\\\/art\\\/2021\\\/12\\\/08\\\/os-musicos-do-tejo-guerras-do-alecrim-e-manjerona\\\/#primaryimage\"},\"thumbnailUrl\":\"https:\\\/\\\/arte351.pt\\\/art\\\/wp-content\\\/uploads\\\/2021\\\/12\\\/o.jpg\",\"keywords\":[\"Centro Cultural de Bel\u00e9m\"],\"articleSection\":[\"Blog ARTE-351\"],\"inLanguage\":\"pt-BR\"},{\"@type\":\"WebPage\",\"@id\":\"https:\\\/\\\/arte351.pt\\\/art\\\/2021\\\/12\\\/08\\\/os-musicos-do-tejo-guerras-do-alecrim-e-manjerona\\\/\",\"url\":\"https:\\\/\\\/arte351.pt\\\/art\\\/2021\\\/12\\\/08\\\/os-musicos-do-tejo-guerras-do-alecrim-e-manjerona\\\/\",\"name\":\"Os M\u00fasicos do Tejo Guerras do Alecrim e Manjerona - Arte351 - Art Magazine Portugal\",\"isPartOf\":{\"@id\":\"https:\\\/\\\/arte351.pt\\\/art\\\/#website\"},\"primaryImageOfPage\":{\"@id\":\"https:\\\/\\\/arte351.pt\\\/art\\\/2021\\\/12\\\/08\\\/os-musicos-do-tejo-guerras-do-alecrim-e-manjerona\\\/#primaryimage\"},\"image\":{\"@id\":\"https:\\\/\\\/arte351.pt\\\/art\\\/2021\\\/12\\\/08\\\/os-musicos-do-tejo-guerras-do-alecrim-e-manjerona\\\/#primaryimage\"},\"thumbnailUrl\":\"https:\\\/\\\/arte351.pt\\\/art\\\/wp-content\\\/uploads\\\/2021\\\/12\\\/o.jpg\",\"datePublished\":\"2021-12-08T10:32:17+00:00\",\"dateModified\":\"2021-12-09T10:35:44+00:00\",\"breadcrumb\":{\"@id\":\"https:\\\/\\\/arte351.pt\\\/art\\\/2021\\\/12\\\/08\\\/os-musicos-do-tejo-guerras-do-alecrim-e-manjerona\\\/#breadcrumb\"},\"inLanguage\":\"pt-BR\",\"potentialAction\":[{\"@type\":\"ReadAction\",\"target\":[\"https:\\\/\\\/arte351.pt\\\/art\\\/2021\\\/12\\\/08\\\/os-musicos-do-tejo-guerras-do-alecrim-e-manjerona\\\/\"]}]},{\"@type\":\"ImageObject\",\"inLanguage\":\"pt-BR\",\"@id\":\"https:\\\/\\\/arte351.pt\\\/art\\\/2021\\\/12\\\/08\\\/os-musicos-do-tejo-guerras-do-alecrim-e-manjerona\\\/#primaryimage\",\"url\":\"https:\\\/\\\/arte351.pt\\\/art\\\/wp-content\\\/uploads\\\/2021\\\/12\\\/o.jpg\",\"contentUrl\":\"https:\\\/\\\/arte351.pt\\\/art\\\/wp-content\\\/uploads\\\/2021\\\/12\\\/o.jpg\",\"width\":1200,\"height\":578},{\"@type\":\"BreadcrumbList\",\"@id\":\"https:\\\/\\\/arte351.pt\\\/art\\\/2021\\\/12\\\/08\\\/os-musicos-do-tejo-guerras-do-alecrim-e-manjerona\\\/#breadcrumb\",\"itemListElement\":[{\"@type\":\"ListItem\",\"position\":1,\"name\":\"In\u00edcio\",\"item\":\"https:\\\/\\\/arte351.pt\\\/art\\\/\"},{\"@type\":\"ListItem\",\"position\":2,\"name\":\"Os M\u00fasicos do Tejo Guerras do Alecrim e Manjerona\"}]},{\"@type\":\"WebSite\",\"@id\":\"https:\\\/\\\/arte351.pt\\\/art\\\/#website\",\"url\":\"https:\\\/\\\/arte351.pt\\\/art\\\/\",\"name\":\"Arte351 - Art Magazine Portugal\",\"description\":\"\",\"publisher\":{\"@id\":\"https:\\\/\\\/arte351.pt\\\/art\\\/#organization\"},\"potentialAction\":[{\"@type\":\"SearchAction\",\"target\":{\"@type\":\"EntryPoint\",\"urlTemplate\":\"https:\\\/\\\/arte351.pt\\\/art\\\/?s={search_term_string}\"},\"query-input\":{\"@type\":\"PropertyValueSpecification\",\"valueRequired\":true,\"valueName\":\"search_term_string\"}}],\"inLanguage\":\"pt-BR\"},{\"@type\":\"Organization\",\"@id\":\"https:\\\/\\\/arte351.pt\\\/art\\\/#organization\",\"name\":\"Arte351 - Art Magazine Portugal\",\"url\":\"https:\\\/\\\/arte351.pt\\\/art\\\/\",\"logo\":{\"@type\":\"ImageObject\",\"inLanguage\":\"pt-BR\",\"@id\":\"https:\\\/\\\/arte351.pt\\\/art\\\/#\\\/schema\\\/logo\\\/image\\\/\",\"url\":\"https:\\\/\\\/arte351.pt\\\/art\\\/wp-content\\\/uploads\\\/2020\\\/03\\\/cropped-logo-arte351-color.png\",\"contentUrl\":\"https:\\\/\\\/arte351.pt\\\/art\\\/wp-content\\\/uploads\\\/2020\\\/03\\\/cropped-logo-arte351-color.png\",\"width\":514,\"height\":200,\"caption\":\"Arte351 - Art Magazine Portugal\"},\"image\":{\"@id\":\"https:\\\/\\\/arte351.pt\\\/art\\\/#\\\/schema\\\/logo\\\/image\\\/\"},\"sameAs\":[\"https:\\\/\\\/www.facebook.com\\\/arte351magazine\\\/\"]},{\"@type\":\"Person\",\"@id\":\"https:\\\/\\\/arte351.pt\\\/art\\\/#\\\/schema\\\/person\\\/f2cfae59497206be61c53c217757b930\",\"name\":\"Equipa Arte351\",\"image\":{\"@type\":\"ImageObject\",\"inLanguage\":\"pt-BR\",\"@id\":\"https:\\\/\\\/secure.gravatar.com\\\/avatar\\\/6caca56323d52e15e83fc5635240c86f7e52fd46fa8d5df9a709d99f5aa1638e?s=96&d=mm&r=g\",\"url\":\"https:\\\/\\\/secure.gravatar.com\\\/avatar\\\/6caca56323d52e15e83fc5635240c86f7e52fd46fa8d5df9a709d99f5aa1638e?s=96&d=mm&r=g\",\"contentUrl\":\"https:\\\/\\\/secure.gravatar.com\\\/avatar\\\/6caca56323d52e15e83fc5635240c86f7e52fd46fa8d5df9a709d99f5aa1638e?s=96&d=mm&r=g\",\"caption\":\"Equipa Arte351\"},\"url\":\"https:\\\/\\\/arte351.pt\\\/art\\\/author\\\/caroleenbass\\\/\"}]}<\/script>\n<!-- \/ Yoast SEO plugin. -->","yoast_head_json":{"title":"Os M\u00fasicos do Tejo Guerras do Alecrim e Manjerona - Arte351 - Art Magazine Portugal","robots":{"index":"index","follow":"follow","max-snippet":"max-snippet:-1","max-image-preview":"max-image-preview:large","max-video-preview":"max-video-preview:-1"},"canonical":"https:\/\/arte351.pt\/art\/2021\/12\/08\/os-musicos-do-tejo-guerras-do-alecrim-e-manjerona\/","og_locale":"pt_BR","og_type":"article","og_title":"Os M\u00fasicos do Tejo Guerras do Alecrim e Manjerona - Arte351 - Art Magazine Portugal","og_description":"Ant\u00f3nio Jos\u00e9 da Silva\u00a0(1705-1739) e\u00a0Ant\u00f3nio Teixeira\u00a0(1707-1774) CCB . 10 e 11 dezembro . sexta 19h00 e s\u00e1bado 17h00 . Pequeno Audit\u00f3rio &nbsp; Elenco D. Gilvaz\u00a0Marco Alves dos Santos Dom Fuas\u00a0Rodrigo [&hellip;]","og_url":"https:\/\/arte351.pt\/art\/2021\/12\/08\/os-musicos-do-tejo-guerras-do-alecrim-e-manjerona\/","og_site_name":"Arte351 - Art Magazine Portugal","article_publisher":"https:\/\/www.facebook.com\/arte351magazine\/","article_published_time":"2021-12-08T10:32:17+00:00","article_modified_time":"2021-12-09T10:35:44+00:00","og_image":[{"width":1200,"height":578,"url":"https:\/\/arte351.pt\/art\/wp-content\/uploads\/2021\/12\/o.jpg","type":"image\/jpeg"}],"author":"Equipa Arte351","twitter_misc":{"Escrito por":"Equipa Arte351","Est. tempo de leitura":"2 minutos"},"schema":{"@context":"https:\/\/schema.org","@graph":[{"@type":"Article","@id":"https:\/\/arte351.pt\/art\/2021\/12\/08\/os-musicos-do-tejo-guerras-do-alecrim-e-manjerona\/#article","isPartOf":{"@id":"https:\/\/arte351.pt\/art\/2021\/12\/08\/os-musicos-do-tejo-guerras-do-alecrim-e-manjerona\/"},"author":{"name":"Equipa Arte351","@id":"https:\/\/arte351.pt\/art\/#\/schema\/person\/f2cfae59497206be61c53c217757b930"},"headline":"Os M\u00fasicos do Tejo Guerras do Alecrim e Manjerona","datePublished":"2021-12-08T10:32:17+00:00","dateModified":"2021-12-09T10:35:44+00:00","mainEntityOfPage":{"@id":"https:\/\/arte351.pt\/art\/2021\/12\/08\/os-musicos-do-tejo-guerras-do-alecrim-e-manjerona\/"},"wordCount":368,"publisher":{"@id":"https:\/\/arte351.pt\/art\/#organization"},"image":{"@id":"https:\/\/arte351.pt\/art\/2021\/12\/08\/os-musicos-do-tejo-guerras-do-alecrim-e-manjerona\/#primaryimage"},"thumbnailUrl":"https:\/\/arte351.pt\/art\/wp-content\/uploads\/2021\/12\/o.jpg","keywords":["Centro Cultural de Bel\u00e9m"],"articleSection":["Blog ARTE-351"],"inLanguage":"pt-BR"},{"@type":"WebPage","@id":"https:\/\/arte351.pt\/art\/2021\/12\/08\/os-musicos-do-tejo-guerras-do-alecrim-e-manjerona\/","url":"https:\/\/arte351.pt\/art\/2021\/12\/08\/os-musicos-do-tejo-guerras-do-alecrim-e-manjerona\/","name":"Os M\u00fasicos do Tejo Guerras do Alecrim e Manjerona - Arte351 - Art Magazine Portugal","isPartOf":{"@id":"https:\/\/arte351.pt\/art\/#website"},"primaryImageOfPage":{"@id":"https:\/\/arte351.pt\/art\/2021\/12\/08\/os-musicos-do-tejo-guerras-do-alecrim-e-manjerona\/#primaryimage"},"image":{"@id":"https:\/\/arte351.pt\/art\/2021\/12\/08\/os-musicos-do-tejo-guerras-do-alecrim-e-manjerona\/#primaryimage"},"thumbnailUrl":"https:\/\/arte351.pt\/art\/wp-content\/uploads\/2021\/12\/o.jpg","datePublished":"2021-12-08T10:32:17+00:00","dateModified":"2021-12-09T10:35:44+00:00","breadcrumb":{"@id":"https:\/\/arte351.pt\/art\/2021\/12\/08\/os-musicos-do-tejo-guerras-do-alecrim-e-manjerona\/#breadcrumb"},"inLanguage":"pt-BR","potentialAction":[{"@type":"ReadAction","target":["https:\/\/arte351.pt\/art\/2021\/12\/08\/os-musicos-do-tejo-guerras-do-alecrim-e-manjerona\/"]}]},{"@type":"ImageObject","inLanguage":"pt-BR","@id":"https:\/\/arte351.pt\/art\/2021\/12\/08\/os-musicos-do-tejo-guerras-do-alecrim-e-manjerona\/#primaryimage","url":"https:\/\/arte351.pt\/art\/wp-content\/uploads\/2021\/12\/o.jpg","contentUrl":"https:\/\/arte351.pt\/art\/wp-content\/uploads\/2021\/12\/o.jpg","width":1200,"height":578},{"@type":"BreadcrumbList","@id":"https:\/\/arte351.pt\/art\/2021\/12\/08\/os-musicos-do-tejo-guerras-do-alecrim-e-manjerona\/#breadcrumb","itemListElement":[{"@type":"ListItem","position":1,"name":"In\u00edcio","item":"https:\/\/arte351.pt\/art\/"},{"@type":"ListItem","position":2,"name":"Os M\u00fasicos do Tejo Guerras do Alecrim e Manjerona"}]},{"@type":"WebSite","@id":"https:\/\/arte351.pt\/art\/#website","url":"https:\/\/arte351.pt\/art\/","name":"Arte351 - Art Magazine Portugal","description":"","publisher":{"@id":"https:\/\/arte351.pt\/art\/#organization"},"potentialAction":[{"@type":"SearchAction","target":{"@type":"EntryPoint","urlTemplate":"https:\/\/arte351.pt\/art\/?s={search_term_string}"},"query-input":{"@type":"PropertyValueSpecification","valueRequired":true,"valueName":"search_term_string"}}],"inLanguage":"pt-BR"},{"@type":"Organization","@id":"https:\/\/arte351.pt\/art\/#organization","name":"Arte351 - Art Magazine Portugal","url":"https:\/\/arte351.pt\/art\/","logo":{"@type":"ImageObject","inLanguage":"pt-BR","@id":"https:\/\/arte351.pt\/art\/#\/schema\/logo\/image\/","url":"https:\/\/arte351.pt\/art\/wp-content\/uploads\/2020\/03\/cropped-logo-arte351-color.png","contentUrl":"https:\/\/arte351.pt\/art\/wp-content\/uploads\/2020\/03\/cropped-logo-arte351-color.png","width":514,"height":200,"caption":"Arte351 - Art Magazine Portugal"},"image":{"@id":"https:\/\/arte351.pt\/art\/#\/schema\/logo\/image\/"},"sameAs":["https:\/\/www.facebook.com\/arte351magazine\/"]},{"@type":"Person","@id":"https:\/\/arte351.pt\/art\/#\/schema\/person\/f2cfae59497206be61c53c217757b930","name":"Equipa Arte351","image":{"@type":"ImageObject","inLanguage":"pt-BR","@id":"https:\/\/secure.gravatar.com\/avatar\/6caca56323d52e15e83fc5635240c86f7e52fd46fa8d5df9a709d99f5aa1638e?s=96&d=mm&r=g","url":"https:\/\/secure.gravatar.com\/avatar\/6caca56323d52e15e83fc5635240c86f7e52fd46fa8d5df9a709d99f5aa1638e?s=96&d=mm&r=g","contentUrl":"https:\/\/secure.gravatar.com\/avatar\/6caca56323d52e15e83fc5635240c86f7e52fd46fa8d5df9a709d99f5aa1638e?s=96&d=mm&r=g","caption":"Equipa Arte351"},"url":"https:\/\/arte351.pt\/art\/author\/caroleenbass\/"}]}},"_links":{"self":[{"href":"https:\/\/arte351.pt\/art\/wp-json\/wp\/v2\/posts\/6177","targetHints":{"allow":["GET"]}}],"collection":[{"href":"https:\/\/arte351.pt\/art\/wp-json\/wp\/v2\/posts"}],"about":[{"href":"https:\/\/arte351.pt\/art\/wp-json\/wp\/v2\/types\/post"}],"author":[{"embeddable":true,"href":"https:\/\/arte351.pt\/art\/wp-json\/wp\/v2\/users\/3"}],"replies":[{"embeddable":true,"href":"https:\/\/arte351.pt\/art\/wp-json\/wp\/v2\/comments?post=6177"}],"version-history":[{"count":1,"href":"https:\/\/arte351.pt\/art\/wp-json\/wp\/v2\/posts\/6177\/revisions"}],"predecessor-version":[{"id":6179,"href":"https:\/\/arte351.pt\/art\/wp-json\/wp\/v2\/posts\/6177\/revisions\/6179"}],"wp:featuredmedia":[{"embeddable":true,"href":"https:\/\/arte351.pt\/art\/wp-json\/wp\/v2\/media\/6178"}],"wp:attachment":[{"href":"https:\/\/arte351.pt\/art\/wp-json\/wp\/v2\/media?parent=6177"}],"wp:term":[{"taxonomy":"category","embeddable":true,"href":"https:\/\/arte351.pt\/art\/wp-json\/wp\/v2\/categories?post=6177"},{"taxonomy":"post_tag","embeddable":true,"href":"https:\/\/arte351.pt\/art\/wp-json\/wp\/v2\/tags?post=6177"}],"curies":[{"name":"wp","href":"https:\/\/api.w.org\/{rel}","templated":true}]}}