{"id":6181,"date":"2021-12-09T14:57:26","date_gmt":"2021-12-09T14:57:26","guid":{"rendered":"https:\/\/arte351.pt\/art\/?p=6181"},"modified":"2021-12-10T17:30:53","modified_gmt":"2021-12-10T17:30:53","slug":"corpusculos-estranhos-e-uma-criacao-inedita-de-gaveta-em-shadow-box","status":"publish","type":"post","link":"https:\/\/arte351.pt\/art\/2021\/12\/09\/corpusculos-estranhos-e-uma-criacao-inedita-de-gaveta-em-shadow-box\/","title":{"rendered":"Corp\u00fasculos Estranhos \u00e9 uma cria\u00e7\u00e3o in\u00e9dita de gaveta em shadow box"},"content":{"rendered":"<p><span>O programa\u00a0<strong>O corpo por vir<\/strong>\u00a0regressa\u00a0nos dias\u00a0<strong>28,\u00a029 e 30 de dezembro<\/strong>\u00a0com o artista\u00a0<strong>Gon\u00e7alo Alegria<\/strong>, que,\u00a0na Latoaria do Monte, em Lisboa, vai apresentar a cria\u00e7\u00e3o in\u00e9dita\u00a0<strong>Corp\u00fasculos Estranhos.<\/strong><\/p>\n<p>Partindo dos materiais guardados na gaveta tempor\u00e1ria, quer sejam objectos ou a captura de conversas com os convidados,\u00a0<strong>Gon\u00e7alo Alegria<\/strong>\u00a0vai construir uma nova gaveta em forma de\u00a0<em>shadow box<\/em>, que instala uma resolu\u00e7\u00e3o.\u00a0Trata-se de uma reflex\u00e3o sobre o passeio, sobre o que se recolhe e coloca no bolso vindo da rua, desde uma ideia a um peda\u00e7o de metal, como as capturas da gralha.<\/p>\n<p>Estes novos corp\u00fasculos pretendem formar um organismo maior, contido numa gaveta; as gavetas sem categoria s\u00e3o o s\u00edtio onde as coisas que n\u00e3o t\u00eam lugar s\u00e3o atiradas, para o seu esquecimento pesado. Os corp\u00fasculos ser\u00e3o guardados numa gaveta tempor\u00e1ria, o website [<a href=\"http:\/\/xn--corpsculos-qdb.eu\/\" target=\"_blank\" rel=\"noopener\" data-saferedirecturl=\"https:\/\/www.google.com\/url?q=http:\/\/xn--corpsculos-qdb.eu\/&amp;source=gmail&amp;ust=1639234774314000&amp;usg=AOvVaw1cOh863BMYKIgX2xrGYTuO\"><strong>http:\/\/corp\u00fasculos.eu<\/strong><\/a>]. Abrindo a gaveta pode pode aceder-se \u00e0s recolhas.<\/p>\n<p><strong>Nos dias 28, 29 e 30 de dezembro poder\u00e3o visitar o atelier do artista mediante marca\u00e7\u00e3o para acompanhar o processo.<\/strong><\/p>\n<p>No primeiro trimestre de 2022 ser\u00e3o lan\u00e7adas duas publica\u00e7\u00f5es:\u00a0<strong>Sebenta d&#8217;O corpo por vir<\/strong>, com design de\u00a0<strong>Ana Teresa Ascens\u00e3o<\/strong>, que documenta a confer\u00eancia \/ debate O corpo por vir, realizada em parceria com a Culturgest. Este caderno, editado por Andreia P\u00e1scoa e Joana Braga, apresenta os temas e as ideias trazidos pelos convidados da confer\u00eancia \u2014 Ana Mira, Clara Saraiva, Gisela Casimiro, Gon\u00e7alo M. Tavares, Jo\u00e3o Machado, Pedro M. Machado, S\u00edlvia Pinto Coelho \u2014 de forma visual e gr\u00e1fica, explorando poss\u00edveis liga\u00e7\u00f5es entre eles; e o<br \/>\n<strong>Jornal d&#8217;O corpo por vir<\/strong>, com design de\u00a0<strong>Jo\u00e3o Machado<\/strong>, que documenta os projectos art\u00edsticos M\u00e1quina-olho-m\u00e3o de Sara Morgado Santos, Boa Nova de Lander Patrick, Paired Immunity de Marta de Menezes e Corp\u00fasculos Estranhos de Gon\u00e7alo Alegria.<\/span><\/p>\n<p><span><strong>O corpo por vir\u00a0<\/strong>parte de uma ideia de\u00a0<strong>Marta Rema<\/strong>\u00a0e tem curadoria de\u00a0<strong>Andreia P\u00e1scoa e Joana Braga<\/strong>\u00a0e\u00a0aborda\u00a0<strong>o problema do corpo a partir de m\u00faltiplas perspectivas, procurando potenciar cruzamentos disciplinares e abordagens cr\u00edticas.<\/strong>\u00a0Este projeto contemplou\u00a0a realiza\u00e7\u00e3o de um ciclo de confer\u00eancias e uma conversa (online) em colabora\u00e7\u00e3o com a Culturgest e regressou em outubro para\u00a0a apresentac\u0327a\u0303o de v\u00e1rios projetos arti\u0301sticos:\u00a0a instalac\u0327a\u0303o &#8220;Boa Nova&#8221; de\u00a0Lander Patrick; as pe\u00e7as &#8220;Ma\u0301quina-Olho-Ma\u0303o&#8221; com\u00a0 exposi\u00e7\u00e3o dom\u00e9stica e itinerante de Sara Morgado Santos;\u00a0e o projecto expositivo<em>\u00a0online<\/em>\u00a0&#8220;Paired Immunity&#8221; de Marta de Menezes.\u00a0No in\u00edcio do pr\u00f3ximo ano vai regressar com o lan\u00e7amento de duas publica\u00e7\u00f5es: Sebenta d&#8217;O corpo por vir e Jornal d&#8217;O corpo por vir.<\/span><\/p>\n<p>&nbsp;<\/p>\n<blockquote><p><strong>Corp\u00fasculos Estranhos<\/strong><br \/>\n<strong>Formador: Gon\u00e7alo Alegria<br \/>\nData: 28, 29 e 30 dezembro<br \/>\nLocal: Latoaria do Monte<\/strong><br \/>\n<em>\u00a0Ao longo de uma s\u00e9rie de encontros entre Gon\u00e7alo Alegria e convidados, procurando um di\u00e1logo sobre as rela\u00e7\u00f5es que estabelecemos com as coisas do mundo &#8211; de mem\u00f3rias a experi\u00eancias &#8211; prop\u00f5e-se uma recolha do que se vai encontrando, quer sejam objectos f\u00edsicos, quer se trate da inter-rela\u00e7\u00e3o entre sujeitos.<br \/>\nEstes novos corp\u00fasculos pretendem formar um organismo maior, contido numa gaveta; as gavetas sem categoria s\u00e3o o s\u00edtio onde as coisas que n\u00e3o t\u00eam lugar s\u00e3o atiradas, para o seu esquecimento pesado.<\/em><\/p>\n<p>&nbsp;<\/p><\/blockquote>\n","protected":false},"excerpt":{"rendered":"<p>O programa\u00a0O corpo por vir\u00a0regressa\u00a0nos dias\u00a028,\u00a029 e 30 de dezembro\u00a0com o artista\u00a0Gon\u00e7alo Alegria, que,\u00a0na Latoaria do Monte, em Lisboa, vai apresentar a cria\u00e7\u00e3o in\u00e9dita\u00a0Corp\u00fasculos Estranhos. Partindo dos materiais guardados na [&hellip;]<\/p>\n","protected":false},"author":3,"featured_media":6182,"comment_status":"closed","ping_status":"closed","sticky":false,"template":"","format":"standard","meta":{"_exactmetrics_skip_tracking":false,"_exactmetrics_sitenote_active":false,"_exactmetrics_sitenote_note":"","_exactmetrics_sitenote_category":0,"_uf_show_specific_survey":0,"_uf_disable_surveys":false,"footnotes":""},"categories":[1],"tags":[1670],"class_list":["post-6181","post","type-post","status-publish","format-standard","has-post-thumbnail","hentry","category-sem-categoria","tag-latoaria-do-monte"],"yoast_head":"<!-- This site is optimized with the Yoast SEO plugin v27.3 - https:\/\/yoast.com\/product\/yoast-seo-wordpress\/ -->\n<title>Corp\u00fasculos Estranhos \u00e9 uma cria\u00e7\u00e3o in\u00e9dita de gaveta em shadow box<\/title>\n<meta name=\"robots\" content=\"index, follow, max-snippet:-1, max-image-preview:large, max-video-preview:-1\" \/>\n<link rel=\"canonical\" href=\"https:\/\/arte351.pt\/art\/2021\/12\/09\/corpusculos-estranhos-e-uma-criacao-inedita-de-gaveta-em-shadow-box\/\" \/>\n<meta property=\"og:locale\" content=\"pt_BR\" \/>\n<meta property=\"og:type\" content=\"article\" \/>\n<meta property=\"og:title\" content=\"Corp\u00fasculos Estranhos \u00e9 uma cria\u00e7\u00e3o in\u00e9dita de gaveta em shadow box\" \/>\n<meta property=\"og:description\" content=\"O programa\u00a0O corpo por vir\u00a0regressa\u00a0nos dias\u00a028,\u00a029 e 30 de dezembro\u00a0com o artista\u00a0Gon\u00e7alo Alegria, que,\u00a0na Latoaria do Monte, em Lisboa, vai apresentar a cria\u00e7\u00e3o in\u00e9dita\u00a0Corp\u00fasculos Estranhos. Partindo dos materiais guardados na [&hellip;]\" \/>\n<meta property=\"og:url\" content=\"https:\/\/arte351.pt\/art\/2021\/12\/09\/corpusculos-estranhos-e-uma-criacao-inedita-de-gaveta-em-shadow-box\/\" \/>\n<meta property=\"og:site_name\" content=\"Arte351 - Art Magazine Portugal\" \/>\n<meta property=\"article:publisher\" content=\"https:\/\/www.facebook.com\/arte351magazine\/\" \/>\n<meta property=\"article:published_time\" content=\"2021-12-09T14:57:26+00:00\" \/>\n<meta property=\"article:modified_time\" content=\"2021-12-10T17:30:53+00:00\" \/>\n<meta property=\"og:image\" content=\"https:\/\/arte351.pt\/art\/wp-content\/uploads\/2021\/12\/gonc\u0327alo-alegria.jpg\" \/>\n\t<meta property=\"og:image:width\" content=\"1200\" \/>\n\t<meta property=\"og:image:height\" content=\"578\" \/>\n\t<meta property=\"og:image:type\" content=\"image\/jpeg\" \/>\n<meta name=\"author\" content=\"Equipa Arte351\" \/>\n<meta name=\"twitter:label1\" content=\"Escrito por\" \/>\n\t<meta name=\"twitter:data1\" content=\"Equipa Arte351\" \/>\n\t<meta name=\"twitter:label2\" content=\"Est. tempo de leitura\" \/>\n\t<meta name=\"twitter:data2\" content=\"3 minutos\" \/>\n<script type=\"application\/ld+json\" class=\"yoast-schema-graph\">{\"@context\":\"https:\\\/\\\/schema.org\",\"@graph\":[{\"@type\":\"Article\",\"@id\":\"https:\\\/\\\/arte351.pt\\\/art\\\/2021\\\/12\\\/09\\\/corpusculos-estranhos-e-uma-criacao-inedita-de-gaveta-em-shadow-box\\\/#article\",\"isPartOf\":{\"@id\":\"https:\\\/\\\/arte351.pt\\\/art\\\/2021\\\/12\\\/09\\\/corpusculos-estranhos-e-uma-criacao-inedita-de-gaveta-em-shadow-box\\\/\"},\"author\":{\"name\":\"Equipa Arte351\",\"@id\":\"https:\\\/\\\/arte351.pt\\\/art\\\/#\\\/schema\\\/person\\\/f2cfae59497206be61c53c217757b930\"},\"headline\":\"Corp\u00fasculos Estranhos \u00e9 uma cria\u00e7\u00e3o in\u00e9dita de gaveta em shadow box\",\"datePublished\":\"2021-12-09T14:57:26+00:00\",\"dateModified\":\"2021-12-10T17:30:53+00:00\",\"mainEntityOfPage\":{\"@id\":\"https:\\\/\\\/arte351.pt\\\/art\\\/2021\\\/12\\\/09\\\/corpusculos-estranhos-e-uma-criacao-inedita-de-gaveta-em-shadow-box\\\/\"},\"wordCount\":595,\"publisher\":{\"@id\":\"https:\\\/\\\/arte351.pt\\\/art\\\/#organization\"},\"image\":{\"@id\":\"https:\\\/\\\/arte351.pt\\\/art\\\/2021\\\/12\\\/09\\\/corpusculos-estranhos-e-uma-criacao-inedita-de-gaveta-em-shadow-box\\\/#primaryimage\"},\"thumbnailUrl\":\"https:\\\/\\\/arte351.pt\\\/art\\\/wp-content\\\/uploads\\\/2021\\\/12\\\/gonc\u0327alo-alegria.jpg\",\"keywords\":[\"Latoaria do Monte\"],\"articleSection\":[\"Blog ARTE-351\"],\"inLanguage\":\"pt-BR\"},{\"@type\":\"WebPage\",\"@id\":\"https:\\\/\\\/arte351.pt\\\/art\\\/2021\\\/12\\\/09\\\/corpusculos-estranhos-e-uma-criacao-inedita-de-gaveta-em-shadow-box\\\/\",\"url\":\"https:\\\/\\\/arte351.pt\\\/art\\\/2021\\\/12\\\/09\\\/corpusculos-estranhos-e-uma-criacao-inedita-de-gaveta-em-shadow-box\\\/\",\"name\":\"Corp\u00fasculos Estranhos \u00e9 uma cria\u00e7\u00e3o in\u00e9dita de gaveta em shadow box\",\"isPartOf\":{\"@id\":\"https:\\\/\\\/arte351.pt\\\/art\\\/#website\"},\"primaryImageOfPage\":{\"@id\":\"https:\\\/\\\/arte351.pt\\\/art\\\/2021\\\/12\\\/09\\\/corpusculos-estranhos-e-uma-criacao-inedita-de-gaveta-em-shadow-box\\\/#primaryimage\"},\"image\":{\"@id\":\"https:\\\/\\\/arte351.pt\\\/art\\\/2021\\\/12\\\/09\\\/corpusculos-estranhos-e-uma-criacao-inedita-de-gaveta-em-shadow-box\\\/#primaryimage\"},\"thumbnailUrl\":\"https:\\\/\\\/arte351.pt\\\/art\\\/wp-content\\\/uploads\\\/2021\\\/12\\\/gonc\u0327alo-alegria.jpg\",\"datePublished\":\"2021-12-09T14:57:26+00:00\",\"dateModified\":\"2021-12-10T17:30:53+00:00\",\"breadcrumb\":{\"@id\":\"https:\\\/\\\/arte351.pt\\\/art\\\/2021\\\/12\\\/09\\\/corpusculos-estranhos-e-uma-criacao-inedita-de-gaveta-em-shadow-box\\\/#breadcrumb\"},\"inLanguage\":\"pt-BR\",\"potentialAction\":[{\"@type\":\"ReadAction\",\"target\":[\"https:\\\/\\\/arte351.pt\\\/art\\\/2021\\\/12\\\/09\\\/corpusculos-estranhos-e-uma-criacao-inedita-de-gaveta-em-shadow-box\\\/\"]}]},{\"@type\":\"ImageObject\",\"inLanguage\":\"pt-BR\",\"@id\":\"https:\\\/\\\/arte351.pt\\\/art\\\/2021\\\/12\\\/09\\\/corpusculos-estranhos-e-uma-criacao-inedita-de-gaveta-em-shadow-box\\\/#primaryimage\",\"url\":\"https:\\\/\\\/arte351.pt\\\/art\\\/wp-content\\\/uploads\\\/2021\\\/12\\\/gonc\u0327alo-alegria.jpg\",\"contentUrl\":\"https:\\\/\\\/arte351.pt\\\/art\\\/wp-content\\\/uploads\\\/2021\\\/12\\\/gonc\u0327alo-alegria.jpg\",\"width\":1200,\"height\":578},{\"@type\":\"BreadcrumbList\",\"@id\":\"https:\\\/\\\/arte351.pt\\\/art\\\/2021\\\/12\\\/09\\\/corpusculos-estranhos-e-uma-criacao-inedita-de-gaveta-em-shadow-box\\\/#breadcrumb\",\"itemListElement\":[{\"@type\":\"ListItem\",\"position\":1,\"name\":\"In\u00edcio\",\"item\":\"https:\\\/\\\/arte351.pt\\\/art\\\/\"},{\"@type\":\"ListItem\",\"position\":2,\"name\":\"Corp\u00fasculos Estranhos \u00e9 uma cria\u00e7\u00e3o in\u00e9dita de gaveta em shadow box\"}]},{\"@type\":\"WebSite\",\"@id\":\"https:\\\/\\\/arte351.pt\\\/art\\\/#website\",\"url\":\"https:\\\/\\\/arte351.pt\\\/art\\\/\",\"name\":\"Arte351 - Art Magazine Portugal\",\"description\":\"\",\"publisher\":{\"@id\":\"https:\\\/\\\/arte351.pt\\\/art\\\/#organization\"},\"potentialAction\":[{\"@type\":\"SearchAction\",\"target\":{\"@type\":\"EntryPoint\",\"urlTemplate\":\"https:\\\/\\\/arte351.pt\\\/art\\\/?s={search_term_string}\"},\"query-input\":{\"@type\":\"PropertyValueSpecification\",\"valueRequired\":true,\"valueName\":\"search_term_string\"}}],\"inLanguage\":\"pt-BR\"},{\"@type\":\"Organization\",\"@id\":\"https:\\\/\\\/arte351.pt\\\/art\\\/#organization\",\"name\":\"Arte351 - Art Magazine Portugal\",\"url\":\"https:\\\/\\\/arte351.pt\\\/art\\\/\",\"logo\":{\"@type\":\"ImageObject\",\"inLanguage\":\"pt-BR\",\"@id\":\"https:\\\/\\\/arte351.pt\\\/art\\\/#\\\/schema\\\/logo\\\/image\\\/\",\"url\":\"https:\\\/\\\/arte351.pt\\\/art\\\/wp-content\\\/uploads\\\/2020\\\/03\\\/cropped-logo-arte351-color.png\",\"contentUrl\":\"https:\\\/\\\/arte351.pt\\\/art\\\/wp-content\\\/uploads\\\/2020\\\/03\\\/cropped-logo-arte351-color.png\",\"width\":514,\"height\":200,\"caption\":\"Arte351 - Art Magazine Portugal\"},\"image\":{\"@id\":\"https:\\\/\\\/arte351.pt\\\/art\\\/#\\\/schema\\\/logo\\\/image\\\/\"},\"sameAs\":[\"https:\\\/\\\/www.facebook.com\\\/arte351magazine\\\/\"]},{\"@type\":\"Person\",\"@id\":\"https:\\\/\\\/arte351.pt\\\/art\\\/#\\\/schema\\\/person\\\/f2cfae59497206be61c53c217757b930\",\"name\":\"Equipa Arte351\",\"image\":{\"@type\":\"ImageObject\",\"inLanguage\":\"pt-BR\",\"@id\":\"https:\\\/\\\/secure.gravatar.com\\\/avatar\\\/6caca56323d52e15e83fc5635240c86f7e52fd46fa8d5df9a709d99f5aa1638e?s=96&d=mm&r=g\",\"url\":\"https:\\\/\\\/secure.gravatar.com\\\/avatar\\\/6caca56323d52e15e83fc5635240c86f7e52fd46fa8d5df9a709d99f5aa1638e?s=96&d=mm&r=g\",\"contentUrl\":\"https:\\\/\\\/secure.gravatar.com\\\/avatar\\\/6caca56323d52e15e83fc5635240c86f7e52fd46fa8d5df9a709d99f5aa1638e?s=96&d=mm&r=g\",\"caption\":\"Equipa Arte351\"},\"url\":\"https:\\\/\\\/arte351.pt\\\/art\\\/author\\\/caroleenbass\\\/\"}]}<\/script>\n<!-- \/ Yoast SEO plugin. -->","yoast_head_json":{"title":"Corp\u00fasculos Estranhos \u00e9 uma cria\u00e7\u00e3o in\u00e9dita de gaveta em shadow box","robots":{"index":"index","follow":"follow","max-snippet":"max-snippet:-1","max-image-preview":"max-image-preview:large","max-video-preview":"max-video-preview:-1"},"canonical":"https:\/\/arte351.pt\/art\/2021\/12\/09\/corpusculos-estranhos-e-uma-criacao-inedita-de-gaveta-em-shadow-box\/","og_locale":"pt_BR","og_type":"article","og_title":"Corp\u00fasculos Estranhos \u00e9 uma cria\u00e7\u00e3o in\u00e9dita de gaveta em shadow box","og_description":"O programa\u00a0O corpo por vir\u00a0regressa\u00a0nos dias\u00a028,\u00a029 e 30 de dezembro\u00a0com o artista\u00a0Gon\u00e7alo Alegria, que,\u00a0na Latoaria do Monte, em Lisboa, vai apresentar a cria\u00e7\u00e3o in\u00e9dita\u00a0Corp\u00fasculos Estranhos. Partindo dos materiais guardados na [&hellip;]","og_url":"https:\/\/arte351.pt\/art\/2021\/12\/09\/corpusculos-estranhos-e-uma-criacao-inedita-de-gaveta-em-shadow-box\/","og_site_name":"Arte351 - Art Magazine Portugal","article_publisher":"https:\/\/www.facebook.com\/arte351magazine\/","article_published_time":"2021-12-09T14:57:26+00:00","article_modified_time":"2021-12-10T17:30:53+00:00","og_image":[{"width":1200,"height":578,"url":"https:\/\/arte351.pt\/art\/wp-content\/uploads\/2021\/12\/gonc\u0327alo-alegria.jpg","type":"image\/jpeg"}],"author":"Equipa Arte351","twitter_misc":{"Escrito por":"Equipa Arte351","Est. tempo de leitura":"3 minutos"},"schema":{"@context":"https:\/\/schema.org","@graph":[{"@type":"Article","@id":"https:\/\/arte351.pt\/art\/2021\/12\/09\/corpusculos-estranhos-e-uma-criacao-inedita-de-gaveta-em-shadow-box\/#article","isPartOf":{"@id":"https:\/\/arte351.pt\/art\/2021\/12\/09\/corpusculos-estranhos-e-uma-criacao-inedita-de-gaveta-em-shadow-box\/"},"author":{"name":"Equipa Arte351","@id":"https:\/\/arte351.pt\/art\/#\/schema\/person\/f2cfae59497206be61c53c217757b930"},"headline":"Corp\u00fasculos Estranhos \u00e9 uma cria\u00e7\u00e3o in\u00e9dita de gaveta em shadow box","datePublished":"2021-12-09T14:57:26+00:00","dateModified":"2021-12-10T17:30:53+00:00","mainEntityOfPage":{"@id":"https:\/\/arte351.pt\/art\/2021\/12\/09\/corpusculos-estranhos-e-uma-criacao-inedita-de-gaveta-em-shadow-box\/"},"wordCount":595,"publisher":{"@id":"https:\/\/arte351.pt\/art\/#organization"},"image":{"@id":"https:\/\/arte351.pt\/art\/2021\/12\/09\/corpusculos-estranhos-e-uma-criacao-inedita-de-gaveta-em-shadow-box\/#primaryimage"},"thumbnailUrl":"https:\/\/arte351.pt\/art\/wp-content\/uploads\/2021\/12\/gonc\u0327alo-alegria.jpg","keywords":["Latoaria do Monte"],"articleSection":["Blog ARTE-351"],"inLanguage":"pt-BR"},{"@type":"WebPage","@id":"https:\/\/arte351.pt\/art\/2021\/12\/09\/corpusculos-estranhos-e-uma-criacao-inedita-de-gaveta-em-shadow-box\/","url":"https:\/\/arte351.pt\/art\/2021\/12\/09\/corpusculos-estranhos-e-uma-criacao-inedita-de-gaveta-em-shadow-box\/","name":"Corp\u00fasculos Estranhos \u00e9 uma cria\u00e7\u00e3o in\u00e9dita de gaveta em shadow box","isPartOf":{"@id":"https:\/\/arte351.pt\/art\/#website"},"primaryImageOfPage":{"@id":"https:\/\/arte351.pt\/art\/2021\/12\/09\/corpusculos-estranhos-e-uma-criacao-inedita-de-gaveta-em-shadow-box\/#primaryimage"},"image":{"@id":"https:\/\/arte351.pt\/art\/2021\/12\/09\/corpusculos-estranhos-e-uma-criacao-inedita-de-gaveta-em-shadow-box\/#primaryimage"},"thumbnailUrl":"https:\/\/arte351.pt\/art\/wp-content\/uploads\/2021\/12\/gonc\u0327alo-alegria.jpg","datePublished":"2021-12-09T14:57:26+00:00","dateModified":"2021-12-10T17:30:53+00:00","breadcrumb":{"@id":"https:\/\/arte351.pt\/art\/2021\/12\/09\/corpusculos-estranhos-e-uma-criacao-inedita-de-gaveta-em-shadow-box\/#breadcrumb"},"inLanguage":"pt-BR","potentialAction":[{"@type":"ReadAction","target":["https:\/\/arte351.pt\/art\/2021\/12\/09\/corpusculos-estranhos-e-uma-criacao-inedita-de-gaveta-em-shadow-box\/"]}]},{"@type":"ImageObject","inLanguage":"pt-BR","@id":"https:\/\/arte351.pt\/art\/2021\/12\/09\/corpusculos-estranhos-e-uma-criacao-inedita-de-gaveta-em-shadow-box\/#primaryimage","url":"https:\/\/arte351.pt\/art\/wp-content\/uploads\/2021\/12\/gonc\u0327alo-alegria.jpg","contentUrl":"https:\/\/arte351.pt\/art\/wp-content\/uploads\/2021\/12\/gonc\u0327alo-alegria.jpg","width":1200,"height":578},{"@type":"BreadcrumbList","@id":"https:\/\/arte351.pt\/art\/2021\/12\/09\/corpusculos-estranhos-e-uma-criacao-inedita-de-gaveta-em-shadow-box\/#breadcrumb","itemListElement":[{"@type":"ListItem","position":1,"name":"In\u00edcio","item":"https:\/\/arte351.pt\/art\/"},{"@type":"ListItem","position":2,"name":"Corp\u00fasculos Estranhos \u00e9 uma cria\u00e7\u00e3o in\u00e9dita de gaveta em shadow box"}]},{"@type":"WebSite","@id":"https:\/\/arte351.pt\/art\/#website","url":"https:\/\/arte351.pt\/art\/","name":"Arte351 - Art Magazine Portugal","description":"","publisher":{"@id":"https:\/\/arte351.pt\/art\/#organization"},"potentialAction":[{"@type":"SearchAction","target":{"@type":"EntryPoint","urlTemplate":"https:\/\/arte351.pt\/art\/?s={search_term_string}"},"query-input":{"@type":"PropertyValueSpecification","valueRequired":true,"valueName":"search_term_string"}}],"inLanguage":"pt-BR"},{"@type":"Organization","@id":"https:\/\/arte351.pt\/art\/#organization","name":"Arte351 - Art Magazine Portugal","url":"https:\/\/arte351.pt\/art\/","logo":{"@type":"ImageObject","inLanguage":"pt-BR","@id":"https:\/\/arte351.pt\/art\/#\/schema\/logo\/image\/","url":"https:\/\/arte351.pt\/art\/wp-content\/uploads\/2020\/03\/cropped-logo-arte351-color.png","contentUrl":"https:\/\/arte351.pt\/art\/wp-content\/uploads\/2020\/03\/cropped-logo-arte351-color.png","width":514,"height":200,"caption":"Arte351 - Art Magazine Portugal"},"image":{"@id":"https:\/\/arte351.pt\/art\/#\/schema\/logo\/image\/"},"sameAs":["https:\/\/www.facebook.com\/arte351magazine\/"]},{"@type":"Person","@id":"https:\/\/arte351.pt\/art\/#\/schema\/person\/f2cfae59497206be61c53c217757b930","name":"Equipa Arte351","image":{"@type":"ImageObject","inLanguage":"pt-BR","@id":"https:\/\/secure.gravatar.com\/avatar\/6caca56323d52e15e83fc5635240c86f7e52fd46fa8d5df9a709d99f5aa1638e?s=96&d=mm&r=g","url":"https:\/\/secure.gravatar.com\/avatar\/6caca56323d52e15e83fc5635240c86f7e52fd46fa8d5df9a709d99f5aa1638e?s=96&d=mm&r=g","contentUrl":"https:\/\/secure.gravatar.com\/avatar\/6caca56323d52e15e83fc5635240c86f7e52fd46fa8d5df9a709d99f5aa1638e?s=96&d=mm&r=g","caption":"Equipa Arte351"},"url":"https:\/\/arte351.pt\/art\/author\/caroleenbass\/"}]}},"_links":{"self":[{"href":"https:\/\/arte351.pt\/art\/wp-json\/wp\/v2\/posts\/6181","targetHints":{"allow":["GET"]}}],"collection":[{"href":"https:\/\/arte351.pt\/art\/wp-json\/wp\/v2\/posts"}],"about":[{"href":"https:\/\/arte351.pt\/art\/wp-json\/wp\/v2\/types\/post"}],"author":[{"embeddable":true,"href":"https:\/\/arte351.pt\/art\/wp-json\/wp\/v2\/users\/3"}],"replies":[{"embeddable":true,"href":"https:\/\/arte351.pt\/art\/wp-json\/wp\/v2\/comments?post=6181"}],"version-history":[{"count":1,"href":"https:\/\/arte351.pt\/art\/wp-json\/wp\/v2\/posts\/6181\/revisions"}],"predecessor-version":[{"id":6183,"href":"https:\/\/arte351.pt\/art\/wp-json\/wp\/v2\/posts\/6181\/revisions\/6183"}],"wp:featuredmedia":[{"embeddable":true,"href":"https:\/\/arte351.pt\/art\/wp-json\/wp\/v2\/media\/6182"}],"wp:attachment":[{"href":"https:\/\/arte351.pt\/art\/wp-json\/wp\/v2\/media?parent=6181"}],"wp:term":[{"taxonomy":"category","embeddable":true,"href":"https:\/\/arte351.pt\/art\/wp-json\/wp\/v2\/categories?post=6181"},{"taxonomy":"post_tag","embeddable":true,"href":"https:\/\/arte351.pt\/art\/wp-json\/wp\/v2\/tags?post=6181"}],"curies":[{"name":"wp","href":"https:\/\/api.w.org\/{rel}","templated":true}]}}