{"id":6374,"date":"2022-01-31T08:21:22","date_gmt":"2022-01-31T08:21:22","guid":{"rendered":"https:\/\/arte351.pt\/art\/?p=6374"},"modified":"2022-01-30T14:38:31","modified_gmt":"2022-01-30T14:38:31","slug":"o-museu-nacional-soares-dos-reis-inaugura-exposicao-nesta-quinta","status":"publish","type":"post","link":"https:\/\/arte351.pt\/art\/2022\/01\/31\/o-museu-nacional-soares-dos-reis-inaugura-exposicao-nesta-quinta\/","title":{"rendered":"O Museu Nacional Soares dos Reis inaugura exposi\u00e7\u00e3o nesta quinta"},"content":{"rendered":"<p style=\"font-weight: 400;\">O<span>\u00a0<\/span><strong>Museu Nacional Soares dos Reis (MNSR)<span>\u00a0<\/span><\/strong>inaugura no pr\u00f3ximo dia 3 de fevereiro (quinta-feira), a exposi\u00e7\u00e3o tempor\u00e1ria SEJA DIA OU SEJA NOITE POUCO IMPORTA, com obras e curadoria de Pedro Calapez e Andr\u00e9 Gomes. A proposta dos artistas funde-se num di\u00e1logo singular a tr\u00eas, entre a modernidade da pintura de Pedro Calapez e das fotografias de Andr\u00e9 Gomes com o naturalismo de Artur Loureiro, pintor do s\u00e9culo XIX fortemente representado na cole\u00e7\u00e3o do MNSR.<\/p>\n<p style=\"font-weight: 400;\">Patente at\u00e9 8 de maio, esta \u00e9 uma exposi\u00e7\u00e3o com pe\u00e7as j\u00e1 apresentadas em 2021 no Museu Berardo, mas que agora s\u00e3o expostas num circuito \u00fanico com pinturas de Artur Loureiro, contando em conjunto uma narrativa \u00fanica de paisagens e figuras.<\/p>\n<p style=\"font-weight: 400;\">Num momento em que o <strong>Museu Nacional Soares dos Reis (MNSR)<\/strong> prepara a exposi\u00e7\u00e3o de longa dura\u00e7\u00e3o e reflete sobre o compromisso de uma maior proximidade entre o p\u00fablico e o Museu, a exposi\u00e7\u00e3o SEJA DIA OU SEJA NOITE POUCO IMPORTA surge como uma oportunidade de apresentar diferentes tempos art\u00edsticos que se conjugam mutuamente.<\/p>\n<p style=\"font-weight: 400;\">\u201cFalar do Museu que preconizo \u00e9 falar de um Museu que se constr\u00f3i dia a dia atrav\u00e9s das suas cole\u00e7\u00f5es, construindo novas narrativas, considerando diferentes p\u00fablicos, e criando la\u00e7os com os seus territ\u00f3rios patrimoniais\u201d, destaca Ant\u00f3nio Ponte, Diretor do MNSR.<\/p>\n<p>&nbsp;<\/p>\n<p><strong>SEJA DIA OU SEJA NOITE POUCO IMPORTA<\/strong><\/p>\n<p>Inaugura\u00e7\u00e3o: <span>3 de fevereiro (quinta-feira)<\/span><\/p>\n<p>Patente at\u00e9 8 de maio<\/p>\n<p>Onde: Museu Nacional Soares dos Reis (MNSR)<\/p>\n","protected":false},"excerpt":{"rendered":"<p>O\u00a0Museu Nacional Soares dos Reis (MNSR)\u00a0inaugura no pr\u00f3ximo dia 3 de fevereiro (quinta-feira), a exposi\u00e7\u00e3o tempor\u00e1ria SEJA DIA OU SEJA NOITE POUCO IMPORTA, com obras e curadoria de Pedro Calapez [&hellip;]<\/p>\n","protected":false},"author":3,"featured_media":5004,"comment_status":"closed","ping_status":"closed","sticky":false,"template":"","format":"standard","meta":{"_exactmetrics_skip_tracking":false,"_exactmetrics_sitenote_active":false,"_exactmetrics_sitenote_note":"","_exactmetrics_sitenote_category":0,"_uf_show_specific_survey":0,"_uf_disable_surveys":false,"footnotes":""},"categories":[1],"tags":[1513],"class_list":["post-6374","post","type-post","status-publish","format-standard","has-post-thumbnail","hentry","category-sem-categoria","tag-museu-nacional-soares-dos-reis"],"yoast_head":"<!-- This site is optimized with the Yoast SEO plugin v27.3 - https:\/\/yoast.com\/product\/yoast-seo-wordpress\/ -->\n<title>O Museu Nacional Soares dos Reis inaugura exposi\u00e7\u00e3o nesta quinta<\/title>\n<meta name=\"description\" content=\"O\u00a0Museu Nacional Soares dos Reis (MNSR)\u00a0inaugura no pr\u00f3ximo dia 3 de fevereiro (quinta-feira), a exposi\u00e7\u00e3o tempor\u00e1ria...\" \/>\n<meta name=\"robots\" content=\"index, follow, max-snippet:-1, max-image-preview:large, max-video-preview:-1\" \/>\n<link rel=\"canonical\" href=\"https:\/\/arte351.pt\/art\/2022\/01\/31\/o-museu-nacional-soares-dos-reis-inaugura-exposicao-nesta-quinta\/\" \/>\n<meta property=\"og:locale\" content=\"pt_BR\" \/>\n<meta property=\"og:type\" content=\"article\" \/>\n<meta property=\"og:title\" content=\"O Museu Nacional Soares dos Reis inaugura exposi\u00e7\u00e3o nesta quinta\" \/>\n<meta property=\"og:description\" content=\"O\u00a0Museu Nacional Soares dos Reis (MNSR)\u00a0inaugura no pr\u00f3ximo dia 3 de fevereiro (quinta-feira), a exposi\u00e7\u00e3o tempor\u00e1ria...\" \/>\n<meta property=\"og:url\" content=\"https:\/\/arte351.pt\/art\/2022\/01\/31\/o-museu-nacional-soares-dos-reis-inaugura-exposicao-nesta-quinta\/\" \/>\n<meta property=\"og:site_name\" content=\"Arte351 - Art Magazine Portugal\" \/>\n<meta property=\"article:publisher\" content=\"https:\/\/www.facebook.com\/arte351magazine\/\" \/>\n<meta property=\"article:published_time\" content=\"2022-01-31T08:21:22+00:00\" \/>\n<meta property=\"og:image\" content=\"https:\/\/arte351.pt\/art\/wp-content\/uploads\/2021\/05\/Museu-Nacional-de-Soares-dos-Reis.jpg\" \/>\n\t<meta property=\"og:image:width\" content=\"1200\" \/>\n\t<meta property=\"og:image:height\" content=\"578\" \/>\n\t<meta property=\"og:image:type\" content=\"image\/jpeg\" \/>\n<meta name=\"author\" content=\"Equipa Arte351\" \/>\n<meta name=\"twitter:label1\" content=\"Escrito por\" \/>\n\t<meta name=\"twitter:data1\" content=\"Equipa Arte351\" \/>\n\t<meta name=\"twitter:label2\" content=\"Est. tempo de leitura\" \/>\n\t<meta name=\"twitter:data2\" content=\"2 minutos\" \/>\n<script type=\"application\/ld+json\" class=\"yoast-schema-graph\">{\"@context\":\"https:\\\/\\\/schema.org\",\"@graph\":[{\"@type\":\"Article\",\"@id\":\"https:\\\/\\\/arte351.pt\\\/art\\\/2022\\\/01\\\/31\\\/o-museu-nacional-soares-dos-reis-inaugura-exposicao-nesta-quinta\\\/#article\",\"isPartOf\":{\"@id\":\"https:\\\/\\\/arte351.pt\\\/art\\\/2022\\\/01\\\/31\\\/o-museu-nacional-soares-dos-reis-inaugura-exposicao-nesta-quinta\\\/\"},\"author\":{\"name\":\"Equipa Arte351\",\"@id\":\"https:\\\/\\\/arte351.pt\\\/art\\\/#\\\/schema\\\/person\\\/f2cfae59497206be61c53c217757b930\"},\"headline\":\"O Museu Nacional Soares dos Reis inaugura exposi\u00e7\u00e3o nesta quinta\",\"datePublished\":\"2022-01-31T08:21:22+00:00\",\"mainEntityOfPage\":{\"@id\":\"https:\\\/\\\/arte351.pt\\\/art\\\/2022\\\/01\\\/31\\\/o-museu-nacional-soares-dos-reis-inaugura-exposicao-nesta-quinta\\\/\"},\"wordCount\":262,\"publisher\":{\"@id\":\"https:\\\/\\\/arte351.pt\\\/art\\\/#organization\"},\"image\":{\"@id\":\"https:\\\/\\\/arte351.pt\\\/art\\\/2022\\\/01\\\/31\\\/o-museu-nacional-soares-dos-reis-inaugura-exposicao-nesta-quinta\\\/#primaryimage\"},\"thumbnailUrl\":\"https:\\\/\\\/arte351.pt\\\/art\\\/wp-content\\\/uploads\\\/2021\\\/05\\\/Museu-Nacional-de-Soares-dos-Reis.jpg\",\"keywords\":[\"Museu Nacional Soares dos Reis\"],\"articleSection\":[\"Blog ARTE-351\"],\"inLanguage\":\"pt-BR\"},{\"@type\":\"WebPage\",\"@id\":\"https:\\\/\\\/arte351.pt\\\/art\\\/2022\\\/01\\\/31\\\/o-museu-nacional-soares-dos-reis-inaugura-exposicao-nesta-quinta\\\/\",\"url\":\"https:\\\/\\\/arte351.pt\\\/art\\\/2022\\\/01\\\/31\\\/o-museu-nacional-soares-dos-reis-inaugura-exposicao-nesta-quinta\\\/\",\"name\":\"O Museu Nacional Soares dos Reis inaugura exposi\u00e7\u00e3o nesta quinta\",\"isPartOf\":{\"@id\":\"https:\\\/\\\/arte351.pt\\\/art\\\/#website\"},\"primaryImageOfPage\":{\"@id\":\"https:\\\/\\\/arte351.pt\\\/art\\\/2022\\\/01\\\/31\\\/o-museu-nacional-soares-dos-reis-inaugura-exposicao-nesta-quinta\\\/#primaryimage\"},\"image\":{\"@id\":\"https:\\\/\\\/arte351.pt\\\/art\\\/2022\\\/01\\\/31\\\/o-museu-nacional-soares-dos-reis-inaugura-exposicao-nesta-quinta\\\/#primaryimage\"},\"thumbnailUrl\":\"https:\\\/\\\/arte351.pt\\\/art\\\/wp-content\\\/uploads\\\/2021\\\/05\\\/Museu-Nacional-de-Soares-dos-Reis.jpg\",\"datePublished\":\"2022-01-31T08:21:22+00:00\",\"description\":\"O\u00a0Museu Nacional Soares dos Reis (MNSR)\u00a0inaugura no pr\u00f3ximo dia 3 de fevereiro (quinta-feira), a exposi\u00e7\u00e3o tempor\u00e1ria...\",\"breadcrumb\":{\"@id\":\"https:\\\/\\\/arte351.pt\\\/art\\\/2022\\\/01\\\/31\\\/o-museu-nacional-soares-dos-reis-inaugura-exposicao-nesta-quinta\\\/#breadcrumb\"},\"inLanguage\":\"pt-BR\",\"potentialAction\":[{\"@type\":\"ReadAction\",\"target\":[\"https:\\\/\\\/arte351.pt\\\/art\\\/2022\\\/01\\\/31\\\/o-museu-nacional-soares-dos-reis-inaugura-exposicao-nesta-quinta\\\/\"]}]},{\"@type\":\"ImageObject\",\"inLanguage\":\"pt-BR\",\"@id\":\"https:\\\/\\\/arte351.pt\\\/art\\\/2022\\\/01\\\/31\\\/o-museu-nacional-soares-dos-reis-inaugura-exposicao-nesta-quinta\\\/#primaryimage\",\"url\":\"https:\\\/\\\/arte351.pt\\\/art\\\/wp-content\\\/uploads\\\/2021\\\/05\\\/Museu-Nacional-de-Soares-dos-Reis.jpg\",\"contentUrl\":\"https:\\\/\\\/arte351.pt\\\/art\\\/wp-content\\\/uploads\\\/2021\\\/05\\\/Museu-Nacional-de-Soares-dos-Reis.jpg\",\"width\":1200,\"height\":578},{\"@type\":\"BreadcrumbList\",\"@id\":\"https:\\\/\\\/arte351.pt\\\/art\\\/2022\\\/01\\\/31\\\/o-museu-nacional-soares-dos-reis-inaugura-exposicao-nesta-quinta\\\/#breadcrumb\",\"itemListElement\":[{\"@type\":\"ListItem\",\"position\":1,\"name\":\"In\u00edcio\",\"item\":\"https:\\\/\\\/arte351.pt\\\/art\\\/\"},{\"@type\":\"ListItem\",\"position\":2,\"name\":\"O Museu Nacional Soares dos Reis inaugura exposi\u00e7\u00e3o nesta quinta\"}]},{\"@type\":\"WebSite\",\"@id\":\"https:\\\/\\\/arte351.pt\\\/art\\\/#website\",\"url\":\"https:\\\/\\\/arte351.pt\\\/art\\\/\",\"name\":\"Arte351 - Art Magazine Portugal\",\"description\":\"\",\"publisher\":{\"@id\":\"https:\\\/\\\/arte351.pt\\\/art\\\/#organization\"},\"potentialAction\":[{\"@type\":\"SearchAction\",\"target\":{\"@type\":\"EntryPoint\",\"urlTemplate\":\"https:\\\/\\\/arte351.pt\\\/art\\\/?s={search_term_string}\"},\"query-input\":{\"@type\":\"PropertyValueSpecification\",\"valueRequired\":true,\"valueName\":\"search_term_string\"}}],\"inLanguage\":\"pt-BR\"},{\"@type\":\"Organization\",\"@id\":\"https:\\\/\\\/arte351.pt\\\/art\\\/#organization\",\"name\":\"Arte351 - Art Magazine Portugal\",\"url\":\"https:\\\/\\\/arte351.pt\\\/art\\\/\",\"logo\":{\"@type\":\"ImageObject\",\"inLanguage\":\"pt-BR\",\"@id\":\"https:\\\/\\\/arte351.pt\\\/art\\\/#\\\/schema\\\/logo\\\/image\\\/\",\"url\":\"https:\\\/\\\/arte351.pt\\\/art\\\/wp-content\\\/uploads\\\/2020\\\/03\\\/cropped-logo-arte351-color.png\",\"contentUrl\":\"https:\\\/\\\/arte351.pt\\\/art\\\/wp-content\\\/uploads\\\/2020\\\/03\\\/cropped-logo-arte351-color.png\",\"width\":514,\"height\":200,\"caption\":\"Arte351 - Art Magazine Portugal\"},\"image\":{\"@id\":\"https:\\\/\\\/arte351.pt\\\/art\\\/#\\\/schema\\\/logo\\\/image\\\/\"},\"sameAs\":[\"https:\\\/\\\/www.facebook.com\\\/arte351magazine\\\/\"]},{\"@type\":\"Person\",\"@id\":\"https:\\\/\\\/arte351.pt\\\/art\\\/#\\\/schema\\\/person\\\/f2cfae59497206be61c53c217757b930\",\"name\":\"Equipa Arte351\",\"image\":{\"@type\":\"ImageObject\",\"inLanguage\":\"pt-BR\",\"@id\":\"https:\\\/\\\/secure.gravatar.com\\\/avatar\\\/6caca56323d52e15e83fc5635240c86f7e52fd46fa8d5df9a709d99f5aa1638e?s=96&d=mm&r=g\",\"url\":\"https:\\\/\\\/secure.gravatar.com\\\/avatar\\\/6caca56323d52e15e83fc5635240c86f7e52fd46fa8d5df9a709d99f5aa1638e?s=96&d=mm&r=g\",\"contentUrl\":\"https:\\\/\\\/secure.gravatar.com\\\/avatar\\\/6caca56323d52e15e83fc5635240c86f7e52fd46fa8d5df9a709d99f5aa1638e?s=96&d=mm&r=g\",\"caption\":\"Equipa Arte351\"},\"url\":\"https:\\\/\\\/arte351.pt\\\/art\\\/author\\\/caroleenbass\\\/\"}]}<\/script>\n<!-- \/ Yoast SEO plugin. -->","yoast_head_json":{"title":"O Museu Nacional Soares dos Reis inaugura exposi\u00e7\u00e3o nesta quinta","description":"O\u00a0Museu Nacional Soares dos Reis (MNSR)\u00a0inaugura no pr\u00f3ximo dia 3 de fevereiro (quinta-feira), a exposi\u00e7\u00e3o tempor\u00e1ria...","robots":{"index":"index","follow":"follow","max-snippet":"max-snippet:-1","max-image-preview":"max-image-preview:large","max-video-preview":"max-video-preview:-1"},"canonical":"https:\/\/arte351.pt\/art\/2022\/01\/31\/o-museu-nacional-soares-dos-reis-inaugura-exposicao-nesta-quinta\/","og_locale":"pt_BR","og_type":"article","og_title":"O Museu Nacional Soares dos Reis inaugura exposi\u00e7\u00e3o nesta quinta","og_description":"O\u00a0Museu Nacional Soares dos Reis (MNSR)\u00a0inaugura no pr\u00f3ximo dia 3 de fevereiro (quinta-feira), a exposi\u00e7\u00e3o tempor\u00e1ria...","og_url":"https:\/\/arte351.pt\/art\/2022\/01\/31\/o-museu-nacional-soares-dos-reis-inaugura-exposicao-nesta-quinta\/","og_site_name":"Arte351 - Art Magazine Portugal","article_publisher":"https:\/\/www.facebook.com\/arte351magazine\/","article_published_time":"2022-01-31T08:21:22+00:00","og_image":[{"width":1200,"height":578,"url":"https:\/\/arte351.pt\/art\/wp-content\/uploads\/2021\/05\/Museu-Nacional-de-Soares-dos-Reis.jpg","type":"image\/jpeg"}],"author":"Equipa Arte351","twitter_misc":{"Escrito por":"Equipa Arte351","Est. tempo de leitura":"2 minutos"},"schema":{"@context":"https:\/\/schema.org","@graph":[{"@type":"Article","@id":"https:\/\/arte351.pt\/art\/2022\/01\/31\/o-museu-nacional-soares-dos-reis-inaugura-exposicao-nesta-quinta\/#article","isPartOf":{"@id":"https:\/\/arte351.pt\/art\/2022\/01\/31\/o-museu-nacional-soares-dos-reis-inaugura-exposicao-nesta-quinta\/"},"author":{"name":"Equipa Arte351","@id":"https:\/\/arte351.pt\/art\/#\/schema\/person\/f2cfae59497206be61c53c217757b930"},"headline":"O Museu Nacional Soares dos Reis inaugura exposi\u00e7\u00e3o nesta quinta","datePublished":"2022-01-31T08:21:22+00:00","mainEntityOfPage":{"@id":"https:\/\/arte351.pt\/art\/2022\/01\/31\/o-museu-nacional-soares-dos-reis-inaugura-exposicao-nesta-quinta\/"},"wordCount":262,"publisher":{"@id":"https:\/\/arte351.pt\/art\/#organization"},"image":{"@id":"https:\/\/arte351.pt\/art\/2022\/01\/31\/o-museu-nacional-soares-dos-reis-inaugura-exposicao-nesta-quinta\/#primaryimage"},"thumbnailUrl":"https:\/\/arte351.pt\/art\/wp-content\/uploads\/2021\/05\/Museu-Nacional-de-Soares-dos-Reis.jpg","keywords":["Museu Nacional Soares dos Reis"],"articleSection":["Blog ARTE-351"],"inLanguage":"pt-BR"},{"@type":"WebPage","@id":"https:\/\/arte351.pt\/art\/2022\/01\/31\/o-museu-nacional-soares-dos-reis-inaugura-exposicao-nesta-quinta\/","url":"https:\/\/arte351.pt\/art\/2022\/01\/31\/o-museu-nacional-soares-dos-reis-inaugura-exposicao-nesta-quinta\/","name":"O Museu Nacional Soares dos Reis inaugura exposi\u00e7\u00e3o nesta quinta","isPartOf":{"@id":"https:\/\/arte351.pt\/art\/#website"},"primaryImageOfPage":{"@id":"https:\/\/arte351.pt\/art\/2022\/01\/31\/o-museu-nacional-soares-dos-reis-inaugura-exposicao-nesta-quinta\/#primaryimage"},"image":{"@id":"https:\/\/arte351.pt\/art\/2022\/01\/31\/o-museu-nacional-soares-dos-reis-inaugura-exposicao-nesta-quinta\/#primaryimage"},"thumbnailUrl":"https:\/\/arte351.pt\/art\/wp-content\/uploads\/2021\/05\/Museu-Nacional-de-Soares-dos-Reis.jpg","datePublished":"2022-01-31T08:21:22+00:00","description":"O\u00a0Museu Nacional Soares dos Reis (MNSR)\u00a0inaugura no pr\u00f3ximo dia 3 de fevereiro (quinta-feira), a exposi\u00e7\u00e3o tempor\u00e1ria...","breadcrumb":{"@id":"https:\/\/arte351.pt\/art\/2022\/01\/31\/o-museu-nacional-soares-dos-reis-inaugura-exposicao-nesta-quinta\/#breadcrumb"},"inLanguage":"pt-BR","potentialAction":[{"@type":"ReadAction","target":["https:\/\/arte351.pt\/art\/2022\/01\/31\/o-museu-nacional-soares-dos-reis-inaugura-exposicao-nesta-quinta\/"]}]},{"@type":"ImageObject","inLanguage":"pt-BR","@id":"https:\/\/arte351.pt\/art\/2022\/01\/31\/o-museu-nacional-soares-dos-reis-inaugura-exposicao-nesta-quinta\/#primaryimage","url":"https:\/\/arte351.pt\/art\/wp-content\/uploads\/2021\/05\/Museu-Nacional-de-Soares-dos-Reis.jpg","contentUrl":"https:\/\/arte351.pt\/art\/wp-content\/uploads\/2021\/05\/Museu-Nacional-de-Soares-dos-Reis.jpg","width":1200,"height":578},{"@type":"BreadcrumbList","@id":"https:\/\/arte351.pt\/art\/2022\/01\/31\/o-museu-nacional-soares-dos-reis-inaugura-exposicao-nesta-quinta\/#breadcrumb","itemListElement":[{"@type":"ListItem","position":1,"name":"In\u00edcio","item":"https:\/\/arte351.pt\/art\/"},{"@type":"ListItem","position":2,"name":"O Museu Nacional Soares dos Reis inaugura exposi\u00e7\u00e3o nesta quinta"}]},{"@type":"WebSite","@id":"https:\/\/arte351.pt\/art\/#website","url":"https:\/\/arte351.pt\/art\/","name":"Arte351 - Art Magazine Portugal","description":"","publisher":{"@id":"https:\/\/arte351.pt\/art\/#organization"},"potentialAction":[{"@type":"SearchAction","target":{"@type":"EntryPoint","urlTemplate":"https:\/\/arte351.pt\/art\/?s={search_term_string}"},"query-input":{"@type":"PropertyValueSpecification","valueRequired":true,"valueName":"search_term_string"}}],"inLanguage":"pt-BR"},{"@type":"Organization","@id":"https:\/\/arte351.pt\/art\/#organization","name":"Arte351 - Art Magazine Portugal","url":"https:\/\/arte351.pt\/art\/","logo":{"@type":"ImageObject","inLanguage":"pt-BR","@id":"https:\/\/arte351.pt\/art\/#\/schema\/logo\/image\/","url":"https:\/\/arte351.pt\/art\/wp-content\/uploads\/2020\/03\/cropped-logo-arte351-color.png","contentUrl":"https:\/\/arte351.pt\/art\/wp-content\/uploads\/2020\/03\/cropped-logo-arte351-color.png","width":514,"height":200,"caption":"Arte351 - Art Magazine Portugal"},"image":{"@id":"https:\/\/arte351.pt\/art\/#\/schema\/logo\/image\/"},"sameAs":["https:\/\/www.facebook.com\/arte351magazine\/"]},{"@type":"Person","@id":"https:\/\/arte351.pt\/art\/#\/schema\/person\/f2cfae59497206be61c53c217757b930","name":"Equipa Arte351","image":{"@type":"ImageObject","inLanguage":"pt-BR","@id":"https:\/\/secure.gravatar.com\/avatar\/6caca56323d52e15e83fc5635240c86f7e52fd46fa8d5df9a709d99f5aa1638e?s=96&d=mm&r=g","url":"https:\/\/secure.gravatar.com\/avatar\/6caca56323d52e15e83fc5635240c86f7e52fd46fa8d5df9a709d99f5aa1638e?s=96&d=mm&r=g","contentUrl":"https:\/\/secure.gravatar.com\/avatar\/6caca56323d52e15e83fc5635240c86f7e52fd46fa8d5df9a709d99f5aa1638e?s=96&d=mm&r=g","caption":"Equipa Arte351"},"url":"https:\/\/arte351.pt\/art\/author\/caroleenbass\/"}]}},"_links":{"self":[{"href":"https:\/\/arte351.pt\/art\/wp-json\/wp\/v2\/posts\/6374","targetHints":{"allow":["GET"]}}],"collection":[{"href":"https:\/\/arte351.pt\/art\/wp-json\/wp\/v2\/posts"}],"about":[{"href":"https:\/\/arte351.pt\/art\/wp-json\/wp\/v2\/types\/post"}],"author":[{"embeddable":true,"href":"https:\/\/arte351.pt\/art\/wp-json\/wp\/v2\/users\/3"}],"replies":[{"embeddable":true,"href":"https:\/\/arte351.pt\/art\/wp-json\/wp\/v2\/comments?post=6374"}],"version-history":[{"count":1,"href":"https:\/\/arte351.pt\/art\/wp-json\/wp\/v2\/posts\/6374\/revisions"}],"predecessor-version":[{"id":6375,"href":"https:\/\/arte351.pt\/art\/wp-json\/wp\/v2\/posts\/6374\/revisions\/6375"}],"wp:featuredmedia":[{"embeddable":true,"href":"https:\/\/arte351.pt\/art\/wp-json\/wp\/v2\/media\/5004"}],"wp:attachment":[{"href":"https:\/\/arte351.pt\/art\/wp-json\/wp\/v2\/media?parent=6374"}],"wp:term":[{"taxonomy":"category","embeddable":true,"href":"https:\/\/arte351.pt\/art\/wp-json\/wp\/v2\/categories?post=6374"},{"taxonomy":"post_tag","embeddable":true,"href":"https:\/\/arte351.pt\/art\/wp-json\/wp\/v2\/tags?post=6374"}],"curies":[{"name":"wp","href":"https:\/\/api.w.org\/{rel}","templated":true}]}}