{"id":6393,"date":"2022-02-09T09:25:11","date_gmt":"2022-02-09T09:25:11","guid":{"rendered":"https:\/\/arte351.pt\/art\/?p=6393"},"modified":"2022-02-08T10:29:30","modified_gmt":"2022-02-08T10:29:30","slug":"os-demonios-do-meu-avo-e-uma-exposicao-do-filme-de-nuno-beato","status":"publish","type":"post","link":"https:\/\/arte351.pt\/art\/2022\/02\/09\/os-demonios-do-meu-avo-e-uma-exposicao-do-filme-de-nuno-beato\/","title":{"rendered":"Os dem\u00f3nios do meu av\u00f4 \u00e9 uma exposi\u00e7\u00e3o do filme de Nuno Beato"},"content":{"rendered":"<div>De 10 de fevereiro a 27 de mar\u00e7o, no <a href=\"https:\/\/arte351.pt\/art\/tag\/museu-da-marioneta\/\" target=\"_blank\" rel=\"noopener\">Museu da Marioneta<\/a>, estar\u00e3o expostos cen\u00e1rios e personagens da primeira longa metragem do realizador Nuno Beato,<span>\u00a0<\/span><strong><em>Os dem\u00f3nios do meu av\u00f4<\/em><\/strong>, em mais uma parceria entre o Festival e o Museu.&nbsp;<\/p>\n<p>Inspirado nas figuras de barro da ceramista Rosa Ramalho, e com um trabalho de pesquisa minucioso sobre topografias e imagin\u00e1rios de uma aldeia transmontana \u2013 Vale Sarronco \u2013 o filme<span>\u00a0<\/span><i>Os dem\u00f3nios do meu av\u00f4<span>\u00a0<\/span><\/i>conta a hist\u00f3ria de Rosa\u00a0e do seu reencontro com o passado da fam\u00edlia, ap\u00f3s a morte do av\u00f4.<\/p>\n<p><em>Os dem\u00f3nios do meu av\u00f4<span>\u00a0<\/span><\/em>\u00e9 a primeira longa-metragem em stop motion de Nuno Beato, tem argumento de Nuno Beato e Possid\u00f3nio Cachapa e ser\u00e1 mostrado pela primeira vez no Festival MONSTRA.<br aria-hidden=\"true\" \/><br \/>\nA exposi\u00e7\u00e3o \u00e9 uma ocasi\u00e3o \u00fanica para ver n\u00e3o s\u00f3 alguns dos cen\u00e1rios e personagens (marionetas de anima\u00e7\u00e3o)<\/p>\n<\/div>\n<div>mas tamb\u00e9m para descobrir o complexo processo criativo que se desenvolve nos bastidores de um filme de anima\u00e7\u00e3o.<br \/>\n<br aria-hidden=\"true\" \/>Esta \u00e9 a 14\u00aa parceria entre o<span>\u00a0<\/span><a href=\"https:\/\/monstrafestival.com\/\" target=\"_blank\" rel=\"external noopener\">Festival de Anima\u00e7\u00e3o de Lisboa | MONSTRA<\/a><span>\u00a0<\/span>e o <a href=\"https:\/\/arte351.pt\/art\/tag\/museu-da-marioneta\/\" target=\"_blank\" rel=\"noopener\">Museu da Marioneta<\/a> e uma oportunidade para\u00a0descobrir os bastidores da primeira longa-metragem de marionetas da anima\u00e7\u00e3o (stop motion) da anima\u00e7\u00e3o e do cinema portugu\u00eas.&nbsp;<\/p>\n<p><strong><em>Os dem\u00f3nios do meu av\u00f4<\/em><\/strong><br \/>\nExposi\u00e7\u00e3o tempor\u00e1ria<br \/>\n<strong>10 de fevereiro a 27 de mar\u00e7o<\/strong><br \/>\nCo-produ\u00e7\u00e3o da exposi\u00e7\u00e3o:<span>\u00a0<\/span><strong>Festival MONSTRA e Museu da Marioneta<\/strong><br \/>\nRealiza\u00e7\u00e3o do filme:<strong><span>\u00a0<\/span>Nuno Beato<\/strong><br \/>\nProdu\u00e7\u00e3o do filme:<strong><span>\u00a0<\/span>Sardinha em lata<\/strong><\/p>\n<\/div>\n<div><strong>Pre\u00e7o<\/strong><\/div>\n<div>Inclu\u00eddo na visita ao Museu<br \/>\n2\u20ac (apenas para esta exposi\u00e7\u00e3o)<\/div>\n<div><\/div>\n<div><strong>Hor\u00e1rio\u00a0<\/strong><\/div>\n<div>Ter\u00e7a a domingo<\/div>\n<div>Das 10h \u00e0s 18h (\u00faltima entrada \u00e0s 17h30)<\/div>\n","protected":false},"excerpt":{"rendered":"<p>De 10 de fevereiro a 27 de mar\u00e7o, no Museu da Marioneta, estar\u00e3o expostos cen\u00e1rios e personagens da primeira longa metragem do realizador Nuno Beato,\u00a0Os dem\u00f3nios do meu av\u00f4, em [&hellip;]<\/p>\n","protected":false},"author":3,"featured_media":6394,"comment_status":"closed","ping_status":"closed","sticky":false,"template":"","format":"standard","meta":{"_exactmetrics_skip_tracking":false,"_exactmetrics_sitenote_active":false,"_exactmetrics_sitenote_note":"","_exactmetrics_sitenote_category":0,"_uf_show_specific_survey":0,"_uf_disable_surveys":false,"footnotes":""},"categories":[1],"tags":[1395,1049,1715],"class_list":["post-6393","post","type-post","status-publish","format-standard","has-post-thumbnail","hentry","category-sem-categoria","tag-monstra","tag-museu-da-marioneta","tag-nuno-beato"],"yoast_head":"<!-- This site is optimized with the Yoast SEO plugin v27.3 - https:\/\/yoast.com\/product\/yoast-seo-wordpress\/ -->\n<title>Os dem\u00f3nios do meu av\u00f4 \u00e9 uma exposi\u00e7\u00e3o do filme de Nuno Beato<\/title>\n<meta name=\"description\" content=\"a 27 de mar\u00e7o, no Museu da Marioneta, estar\u00e3o expostos cen\u00e1rios e personagens da primeira longa metragem do realizador Nuno Beato....\" \/>\n<meta name=\"robots\" content=\"index, follow, max-snippet:-1, max-image-preview:large, max-video-preview:-1\" \/>\n<link rel=\"canonical\" href=\"https:\/\/arte351.pt\/art\/2022\/02\/09\/os-demonios-do-meu-avo-e-uma-exposicao-do-filme-de-nuno-beato\/\" \/>\n<meta property=\"og:locale\" content=\"pt_BR\" \/>\n<meta property=\"og:type\" content=\"article\" \/>\n<meta property=\"og:title\" content=\"Os dem\u00f3nios do meu av\u00f4 \u00e9 uma exposi\u00e7\u00e3o do filme de Nuno Beato\" \/>\n<meta property=\"og:description\" content=\"a 27 de mar\u00e7o, no Museu da Marioneta, estar\u00e3o expostos cen\u00e1rios e personagens da primeira longa metragem do realizador Nuno Beato....\" \/>\n<meta property=\"og:url\" content=\"https:\/\/arte351.pt\/art\/2022\/02\/09\/os-demonios-do-meu-avo-e-uma-exposicao-do-filme-de-nuno-beato\/\" \/>\n<meta property=\"og:site_name\" content=\"Arte351 - Art Magazine Portugal\" \/>\n<meta property=\"article:publisher\" content=\"https:\/\/www.facebook.com\/arte351magazine\/\" \/>\n<meta property=\"article:published_time\" content=\"2022-02-09T09:25:11+00:00\" \/>\n<meta property=\"og:image\" content=\"https:\/\/arte351.pt\/art\/wp-content\/uploads\/2022\/02\/nuno-beato.jpg\" \/>\n\t<meta property=\"og:image:width\" content=\"1200\" \/>\n\t<meta property=\"og:image:height\" content=\"578\" \/>\n\t<meta property=\"og:image:type\" content=\"image\/jpeg\" \/>\n<meta name=\"author\" content=\"Equipa Arte351\" \/>\n<meta name=\"twitter:label1\" content=\"Escrito por\" \/>\n\t<meta name=\"twitter:data1\" content=\"Equipa Arte351\" \/>\n\t<meta name=\"twitter:label2\" content=\"Est. tempo de leitura\" \/>\n\t<meta name=\"twitter:data2\" content=\"2 minutos\" \/>\n<script type=\"application\/ld+json\" class=\"yoast-schema-graph\">{\"@context\":\"https:\\\/\\\/schema.org\",\"@graph\":[{\"@type\":\"Article\",\"@id\":\"https:\\\/\\\/arte351.pt\\\/art\\\/2022\\\/02\\\/09\\\/os-demonios-do-meu-avo-e-uma-exposicao-do-filme-de-nuno-beato\\\/#article\",\"isPartOf\":{\"@id\":\"https:\\\/\\\/arte351.pt\\\/art\\\/2022\\\/02\\\/09\\\/os-demonios-do-meu-avo-e-uma-exposicao-do-filme-de-nuno-beato\\\/\"},\"author\":{\"name\":\"Equipa Arte351\",\"@id\":\"https:\\\/\\\/arte351.pt\\\/art\\\/#\\\/schema\\\/person\\\/f2cfae59497206be61c53c217757b930\"},\"headline\":\"Os dem\u00f3nios do meu av\u00f4 \u00e9 uma exposi\u00e7\u00e3o do filme de Nuno Beato\",\"datePublished\":\"2022-02-09T09:25:11+00:00\",\"mainEntityOfPage\":{\"@id\":\"https:\\\/\\\/arte351.pt\\\/art\\\/2022\\\/02\\\/09\\\/os-demonios-do-meu-avo-e-uma-exposicao-do-filme-de-nuno-beato\\\/\"},\"wordCount\":299,\"publisher\":{\"@id\":\"https:\\\/\\\/arte351.pt\\\/art\\\/#organization\"},\"image\":{\"@id\":\"https:\\\/\\\/arte351.pt\\\/art\\\/2022\\\/02\\\/09\\\/os-demonios-do-meu-avo-e-uma-exposicao-do-filme-de-nuno-beato\\\/#primaryimage\"},\"thumbnailUrl\":\"https:\\\/\\\/arte351.pt\\\/art\\\/wp-content\\\/uploads\\\/2022\\\/02\\\/nuno-beato.jpg\",\"keywords\":[\"Monstra\",\"Museu da Marioneta\",\"Nuno Beato\"],\"articleSection\":[\"Blog ARTE-351\"],\"inLanguage\":\"pt-BR\"},{\"@type\":\"WebPage\",\"@id\":\"https:\\\/\\\/arte351.pt\\\/art\\\/2022\\\/02\\\/09\\\/os-demonios-do-meu-avo-e-uma-exposicao-do-filme-de-nuno-beato\\\/\",\"url\":\"https:\\\/\\\/arte351.pt\\\/art\\\/2022\\\/02\\\/09\\\/os-demonios-do-meu-avo-e-uma-exposicao-do-filme-de-nuno-beato\\\/\",\"name\":\"Os dem\u00f3nios do meu av\u00f4 \u00e9 uma exposi\u00e7\u00e3o do filme de Nuno Beato\",\"isPartOf\":{\"@id\":\"https:\\\/\\\/arte351.pt\\\/art\\\/#website\"},\"primaryImageOfPage\":{\"@id\":\"https:\\\/\\\/arte351.pt\\\/art\\\/2022\\\/02\\\/09\\\/os-demonios-do-meu-avo-e-uma-exposicao-do-filme-de-nuno-beato\\\/#primaryimage\"},\"image\":{\"@id\":\"https:\\\/\\\/arte351.pt\\\/art\\\/2022\\\/02\\\/09\\\/os-demonios-do-meu-avo-e-uma-exposicao-do-filme-de-nuno-beato\\\/#primaryimage\"},\"thumbnailUrl\":\"https:\\\/\\\/arte351.pt\\\/art\\\/wp-content\\\/uploads\\\/2022\\\/02\\\/nuno-beato.jpg\",\"datePublished\":\"2022-02-09T09:25:11+00:00\",\"description\":\"a 27 de mar\u00e7o, no Museu da Marioneta, estar\u00e3o expostos cen\u00e1rios e personagens da primeira longa metragem do realizador Nuno Beato....\",\"breadcrumb\":{\"@id\":\"https:\\\/\\\/arte351.pt\\\/art\\\/2022\\\/02\\\/09\\\/os-demonios-do-meu-avo-e-uma-exposicao-do-filme-de-nuno-beato\\\/#breadcrumb\"},\"inLanguage\":\"pt-BR\",\"potentialAction\":[{\"@type\":\"ReadAction\",\"target\":[\"https:\\\/\\\/arte351.pt\\\/art\\\/2022\\\/02\\\/09\\\/os-demonios-do-meu-avo-e-uma-exposicao-do-filme-de-nuno-beato\\\/\"]}]},{\"@type\":\"ImageObject\",\"inLanguage\":\"pt-BR\",\"@id\":\"https:\\\/\\\/arte351.pt\\\/art\\\/2022\\\/02\\\/09\\\/os-demonios-do-meu-avo-e-uma-exposicao-do-filme-de-nuno-beato\\\/#primaryimage\",\"url\":\"https:\\\/\\\/arte351.pt\\\/art\\\/wp-content\\\/uploads\\\/2022\\\/02\\\/nuno-beato.jpg\",\"contentUrl\":\"https:\\\/\\\/arte351.pt\\\/art\\\/wp-content\\\/uploads\\\/2022\\\/02\\\/nuno-beato.jpg\",\"width\":1200,\"height\":578},{\"@type\":\"BreadcrumbList\",\"@id\":\"https:\\\/\\\/arte351.pt\\\/art\\\/2022\\\/02\\\/09\\\/os-demonios-do-meu-avo-e-uma-exposicao-do-filme-de-nuno-beato\\\/#breadcrumb\",\"itemListElement\":[{\"@type\":\"ListItem\",\"position\":1,\"name\":\"In\u00edcio\",\"item\":\"https:\\\/\\\/arte351.pt\\\/art\\\/\"},{\"@type\":\"ListItem\",\"position\":2,\"name\":\"Os dem\u00f3nios do meu av\u00f4 \u00e9 uma exposi\u00e7\u00e3o do filme de Nuno Beato\"}]},{\"@type\":\"WebSite\",\"@id\":\"https:\\\/\\\/arte351.pt\\\/art\\\/#website\",\"url\":\"https:\\\/\\\/arte351.pt\\\/art\\\/\",\"name\":\"Arte351 - Art Magazine Portugal\",\"description\":\"\",\"publisher\":{\"@id\":\"https:\\\/\\\/arte351.pt\\\/art\\\/#organization\"},\"potentialAction\":[{\"@type\":\"SearchAction\",\"target\":{\"@type\":\"EntryPoint\",\"urlTemplate\":\"https:\\\/\\\/arte351.pt\\\/art\\\/?s={search_term_string}\"},\"query-input\":{\"@type\":\"PropertyValueSpecification\",\"valueRequired\":true,\"valueName\":\"search_term_string\"}}],\"inLanguage\":\"pt-BR\"},{\"@type\":\"Organization\",\"@id\":\"https:\\\/\\\/arte351.pt\\\/art\\\/#organization\",\"name\":\"Arte351 - Art Magazine Portugal\",\"url\":\"https:\\\/\\\/arte351.pt\\\/art\\\/\",\"logo\":{\"@type\":\"ImageObject\",\"inLanguage\":\"pt-BR\",\"@id\":\"https:\\\/\\\/arte351.pt\\\/art\\\/#\\\/schema\\\/logo\\\/image\\\/\",\"url\":\"https:\\\/\\\/arte351.pt\\\/art\\\/wp-content\\\/uploads\\\/2020\\\/03\\\/cropped-logo-arte351-color.png\",\"contentUrl\":\"https:\\\/\\\/arte351.pt\\\/art\\\/wp-content\\\/uploads\\\/2020\\\/03\\\/cropped-logo-arte351-color.png\",\"width\":514,\"height\":200,\"caption\":\"Arte351 - Art Magazine Portugal\"},\"image\":{\"@id\":\"https:\\\/\\\/arte351.pt\\\/art\\\/#\\\/schema\\\/logo\\\/image\\\/\"},\"sameAs\":[\"https:\\\/\\\/www.facebook.com\\\/arte351magazine\\\/\"]},{\"@type\":\"Person\",\"@id\":\"https:\\\/\\\/arte351.pt\\\/art\\\/#\\\/schema\\\/person\\\/f2cfae59497206be61c53c217757b930\",\"name\":\"Equipa Arte351\",\"image\":{\"@type\":\"ImageObject\",\"inLanguage\":\"pt-BR\",\"@id\":\"https:\\\/\\\/secure.gravatar.com\\\/avatar\\\/6caca56323d52e15e83fc5635240c86f7e52fd46fa8d5df9a709d99f5aa1638e?s=96&d=mm&r=g\",\"url\":\"https:\\\/\\\/secure.gravatar.com\\\/avatar\\\/6caca56323d52e15e83fc5635240c86f7e52fd46fa8d5df9a709d99f5aa1638e?s=96&d=mm&r=g\",\"contentUrl\":\"https:\\\/\\\/secure.gravatar.com\\\/avatar\\\/6caca56323d52e15e83fc5635240c86f7e52fd46fa8d5df9a709d99f5aa1638e?s=96&d=mm&r=g\",\"caption\":\"Equipa Arte351\"},\"url\":\"https:\\\/\\\/arte351.pt\\\/art\\\/author\\\/caroleenbass\\\/\"}]}<\/script>\n<!-- \/ Yoast SEO plugin. -->","yoast_head_json":{"title":"Os dem\u00f3nios do meu av\u00f4 \u00e9 uma exposi\u00e7\u00e3o do filme de Nuno Beato","description":"a 27 de mar\u00e7o, no Museu da Marioneta, estar\u00e3o expostos cen\u00e1rios e personagens da primeira longa metragem do realizador Nuno Beato....","robots":{"index":"index","follow":"follow","max-snippet":"max-snippet:-1","max-image-preview":"max-image-preview:large","max-video-preview":"max-video-preview:-1"},"canonical":"https:\/\/arte351.pt\/art\/2022\/02\/09\/os-demonios-do-meu-avo-e-uma-exposicao-do-filme-de-nuno-beato\/","og_locale":"pt_BR","og_type":"article","og_title":"Os dem\u00f3nios do meu av\u00f4 \u00e9 uma exposi\u00e7\u00e3o do filme de Nuno Beato","og_description":"a 27 de mar\u00e7o, no Museu da Marioneta, estar\u00e3o expostos cen\u00e1rios e personagens da primeira longa metragem do realizador Nuno Beato....","og_url":"https:\/\/arte351.pt\/art\/2022\/02\/09\/os-demonios-do-meu-avo-e-uma-exposicao-do-filme-de-nuno-beato\/","og_site_name":"Arte351 - Art Magazine Portugal","article_publisher":"https:\/\/www.facebook.com\/arte351magazine\/","article_published_time":"2022-02-09T09:25:11+00:00","og_image":[{"width":1200,"height":578,"url":"https:\/\/arte351.pt\/art\/wp-content\/uploads\/2022\/02\/nuno-beato.jpg","type":"image\/jpeg"}],"author":"Equipa Arte351","twitter_misc":{"Escrito por":"Equipa Arte351","Est. tempo de leitura":"2 minutos"},"schema":{"@context":"https:\/\/schema.org","@graph":[{"@type":"Article","@id":"https:\/\/arte351.pt\/art\/2022\/02\/09\/os-demonios-do-meu-avo-e-uma-exposicao-do-filme-de-nuno-beato\/#article","isPartOf":{"@id":"https:\/\/arte351.pt\/art\/2022\/02\/09\/os-demonios-do-meu-avo-e-uma-exposicao-do-filme-de-nuno-beato\/"},"author":{"name":"Equipa Arte351","@id":"https:\/\/arte351.pt\/art\/#\/schema\/person\/f2cfae59497206be61c53c217757b930"},"headline":"Os dem\u00f3nios do meu av\u00f4 \u00e9 uma exposi\u00e7\u00e3o do filme de Nuno Beato","datePublished":"2022-02-09T09:25:11+00:00","mainEntityOfPage":{"@id":"https:\/\/arte351.pt\/art\/2022\/02\/09\/os-demonios-do-meu-avo-e-uma-exposicao-do-filme-de-nuno-beato\/"},"wordCount":299,"publisher":{"@id":"https:\/\/arte351.pt\/art\/#organization"},"image":{"@id":"https:\/\/arte351.pt\/art\/2022\/02\/09\/os-demonios-do-meu-avo-e-uma-exposicao-do-filme-de-nuno-beato\/#primaryimage"},"thumbnailUrl":"https:\/\/arte351.pt\/art\/wp-content\/uploads\/2022\/02\/nuno-beato.jpg","keywords":["Monstra","Museu da Marioneta","Nuno Beato"],"articleSection":["Blog ARTE-351"],"inLanguage":"pt-BR"},{"@type":"WebPage","@id":"https:\/\/arte351.pt\/art\/2022\/02\/09\/os-demonios-do-meu-avo-e-uma-exposicao-do-filme-de-nuno-beato\/","url":"https:\/\/arte351.pt\/art\/2022\/02\/09\/os-demonios-do-meu-avo-e-uma-exposicao-do-filme-de-nuno-beato\/","name":"Os dem\u00f3nios do meu av\u00f4 \u00e9 uma exposi\u00e7\u00e3o do filme de Nuno Beato","isPartOf":{"@id":"https:\/\/arte351.pt\/art\/#website"},"primaryImageOfPage":{"@id":"https:\/\/arte351.pt\/art\/2022\/02\/09\/os-demonios-do-meu-avo-e-uma-exposicao-do-filme-de-nuno-beato\/#primaryimage"},"image":{"@id":"https:\/\/arte351.pt\/art\/2022\/02\/09\/os-demonios-do-meu-avo-e-uma-exposicao-do-filme-de-nuno-beato\/#primaryimage"},"thumbnailUrl":"https:\/\/arte351.pt\/art\/wp-content\/uploads\/2022\/02\/nuno-beato.jpg","datePublished":"2022-02-09T09:25:11+00:00","description":"a 27 de mar\u00e7o, no Museu da Marioneta, estar\u00e3o expostos cen\u00e1rios e personagens da primeira longa metragem do realizador Nuno Beato....","breadcrumb":{"@id":"https:\/\/arte351.pt\/art\/2022\/02\/09\/os-demonios-do-meu-avo-e-uma-exposicao-do-filme-de-nuno-beato\/#breadcrumb"},"inLanguage":"pt-BR","potentialAction":[{"@type":"ReadAction","target":["https:\/\/arte351.pt\/art\/2022\/02\/09\/os-demonios-do-meu-avo-e-uma-exposicao-do-filme-de-nuno-beato\/"]}]},{"@type":"ImageObject","inLanguage":"pt-BR","@id":"https:\/\/arte351.pt\/art\/2022\/02\/09\/os-demonios-do-meu-avo-e-uma-exposicao-do-filme-de-nuno-beato\/#primaryimage","url":"https:\/\/arte351.pt\/art\/wp-content\/uploads\/2022\/02\/nuno-beato.jpg","contentUrl":"https:\/\/arte351.pt\/art\/wp-content\/uploads\/2022\/02\/nuno-beato.jpg","width":1200,"height":578},{"@type":"BreadcrumbList","@id":"https:\/\/arte351.pt\/art\/2022\/02\/09\/os-demonios-do-meu-avo-e-uma-exposicao-do-filme-de-nuno-beato\/#breadcrumb","itemListElement":[{"@type":"ListItem","position":1,"name":"In\u00edcio","item":"https:\/\/arte351.pt\/art\/"},{"@type":"ListItem","position":2,"name":"Os dem\u00f3nios do meu av\u00f4 \u00e9 uma exposi\u00e7\u00e3o do filme de Nuno Beato"}]},{"@type":"WebSite","@id":"https:\/\/arte351.pt\/art\/#website","url":"https:\/\/arte351.pt\/art\/","name":"Arte351 - Art Magazine Portugal","description":"","publisher":{"@id":"https:\/\/arte351.pt\/art\/#organization"},"potentialAction":[{"@type":"SearchAction","target":{"@type":"EntryPoint","urlTemplate":"https:\/\/arte351.pt\/art\/?s={search_term_string}"},"query-input":{"@type":"PropertyValueSpecification","valueRequired":true,"valueName":"search_term_string"}}],"inLanguage":"pt-BR"},{"@type":"Organization","@id":"https:\/\/arte351.pt\/art\/#organization","name":"Arte351 - Art Magazine Portugal","url":"https:\/\/arte351.pt\/art\/","logo":{"@type":"ImageObject","inLanguage":"pt-BR","@id":"https:\/\/arte351.pt\/art\/#\/schema\/logo\/image\/","url":"https:\/\/arte351.pt\/art\/wp-content\/uploads\/2020\/03\/cropped-logo-arte351-color.png","contentUrl":"https:\/\/arte351.pt\/art\/wp-content\/uploads\/2020\/03\/cropped-logo-arte351-color.png","width":514,"height":200,"caption":"Arte351 - Art Magazine Portugal"},"image":{"@id":"https:\/\/arte351.pt\/art\/#\/schema\/logo\/image\/"},"sameAs":["https:\/\/www.facebook.com\/arte351magazine\/"]},{"@type":"Person","@id":"https:\/\/arte351.pt\/art\/#\/schema\/person\/f2cfae59497206be61c53c217757b930","name":"Equipa Arte351","image":{"@type":"ImageObject","inLanguage":"pt-BR","@id":"https:\/\/secure.gravatar.com\/avatar\/6caca56323d52e15e83fc5635240c86f7e52fd46fa8d5df9a709d99f5aa1638e?s=96&d=mm&r=g","url":"https:\/\/secure.gravatar.com\/avatar\/6caca56323d52e15e83fc5635240c86f7e52fd46fa8d5df9a709d99f5aa1638e?s=96&d=mm&r=g","contentUrl":"https:\/\/secure.gravatar.com\/avatar\/6caca56323d52e15e83fc5635240c86f7e52fd46fa8d5df9a709d99f5aa1638e?s=96&d=mm&r=g","caption":"Equipa Arte351"},"url":"https:\/\/arte351.pt\/art\/author\/caroleenbass\/"}]}},"_links":{"self":[{"href":"https:\/\/arte351.pt\/art\/wp-json\/wp\/v2\/posts\/6393","targetHints":{"allow":["GET"]}}],"collection":[{"href":"https:\/\/arte351.pt\/art\/wp-json\/wp\/v2\/posts"}],"about":[{"href":"https:\/\/arte351.pt\/art\/wp-json\/wp\/v2\/types\/post"}],"author":[{"embeddable":true,"href":"https:\/\/arte351.pt\/art\/wp-json\/wp\/v2\/users\/3"}],"replies":[{"embeddable":true,"href":"https:\/\/arte351.pt\/art\/wp-json\/wp\/v2\/comments?post=6393"}],"version-history":[{"count":1,"href":"https:\/\/arte351.pt\/art\/wp-json\/wp\/v2\/posts\/6393\/revisions"}],"predecessor-version":[{"id":6395,"href":"https:\/\/arte351.pt\/art\/wp-json\/wp\/v2\/posts\/6393\/revisions\/6395"}],"wp:featuredmedia":[{"embeddable":true,"href":"https:\/\/arte351.pt\/art\/wp-json\/wp\/v2\/media\/6394"}],"wp:attachment":[{"href":"https:\/\/arte351.pt\/art\/wp-json\/wp\/v2\/media?parent=6393"}],"wp:term":[{"taxonomy":"category","embeddable":true,"href":"https:\/\/arte351.pt\/art\/wp-json\/wp\/v2\/categories?post=6393"},{"taxonomy":"post_tag","embeddable":true,"href":"https:\/\/arte351.pt\/art\/wp-json\/wp\/v2\/tags?post=6393"}],"curies":[{"name":"wp","href":"https:\/\/api.w.org\/{rel}","templated":true}]}}