{"id":6465,"date":"2022-02-28T14:29:01","date_gmt":"2022-02-28T14:29:01","guid":{"rendered":"https:\/\/arte351.pt\/art\/?p=6465"},"modified":"2022-02-28T14:29:01","modified_gmt":"2022-02-28T14:29:01","slug":"paisagens-de-setubal-tornam-se-exposicao-fotografica-na-casa-da-baia","status":"publish","type":"post","link":"https:\/\/arte351.pt\/art\/2022\/02\/28\/paisagens-de-setubal-tornam-se-exposicao-fotografica-na-casa-da-baia\/","title":{"rendered":"Paisagens de Set\u00fabal tornam-se exposi\u00e7\u00e3o fotogr\u00e1fica na Casa da Ba\u00eda"},"content":{"rendered":"<p><span>Entre os dias 15 de Mar\u00e7o e 3 de Abril, a Casa da Ba\u00eda recebe a exposi\u00e7\u00e3o fotogr\u00e1fica &#8220;Fr\u00e1gil&#8221;, de Jos\u00e9 Maur\u00edcio. A exposi\u00e7\u00e3o conta com a presen\u00e7a do artista aos s\u00e1bados e domingos, entre as 14h e as 19h.<\/span><\/p>\n<p>&#8220;Fr\u00e1gil&#8221; \u00e9 uma exposi\u00e7\u00e3o fotogr\u00e1fica onde todas as paisagens de Set\u00fabal fotografadas, apesar de resilientes, correm o risco de desaparecer devido \u00e0s altera\u00e7\u00f5es clim\u00e1ticas. Jos\u00e9 Maur\u00edcio documentou do ponto de vista art\u00edstico, a trazer para o terreno a comunidade cient\u00edfica estudos sobre as mudan\u00e7as de h\u00e1bitos do homem.<\/p>\n<p>Disciplinas como a biologia, para estudar toda a riqueza natural e a arqueologia, para estudar os artefactos do passado usados pelos pescadores da zona e que, curiosamente, constituem do ponto de vista art\u00edstico, um sujeito imprescind\u00edvel naquilo que \u00e9 a composi\u00e7\u00e3o fotogr\u00e1fica da obra do artista.<\/p>\n<p><span>Jos\u00e9 Maur\u00edcio s<\/span>empre gostou de fotografia e ap\u00f3s uma longa pausa de mais de dez anos, voltou a este hobby h\u00e1 cerca de um ano, como forma de dar sentido ao isolamento da pandemia. Para o artista, a fotografia comunica atrav\u00e9s de imagens e atrav\u00e9s dela ele expressa a sua vis\u00e3o da cidade e envolv\u00eancia.<\/p>\n<p>&#8220;Os meus ambientes de sele\u00e7\u00e3o envolvem as luzes, os reflexos diurnos, noturnos, o nevoeiro, e o que, mesmo \u00e0 noite, se ilumina e se faz presente. O ambiente surge, por vezes, com pinceladas de intencionalidade cinematogr\u00e1fica. Elementos simples como nuvens, barcos, a vegeta\u00e7\u00e3o, o ambiente mar\u00edtimo da Cidade de Set\u00fabal e a pan\u00f3plia de aves marinhas que a animam, fazem parte do meu portf\u00f3lio.&#8221; diz o artista.<\/p>\n<p>&nbsp;<\/p>\n<p>&#8220;Fr\u00e1gil&#8221;, de Jos\u00e9 Maur\u00edcio<\/p>\n<p>De <span>15 de Mar\u00e7o e 3 de Abril <\/span><\/p>\n<p><span>Casa da Ba\u00eda &#8211; Av. Lu\u00edsa Todi 468, Set\u00fabal<\/span><\/p>\n<p>&nbsp;<\/p>\n","protected":false},"excerpt":{"rendered":"<p>Entre os dias 15 de Mar\u00e7o e 3 de Abril, a Casa da Ba\u00eda recebe a exposi\u00e7\u00e3o fotogr\u00e1fica &#8220;Fr\u00e1gil&#8221;, de Jos\u00e9 Maur\u00edcio. A exposi\u00e7\u00e3o conta com a presen\u00e7a do artista [&hellip;]<\/p>\n","protected":false},"author":3,"featured_media":6466,"comment_status":"closed","ping_status":"closed","sticky":false,"template":"","format":"standard","meta":{"_exactmetrics_skip_tracking":false,"_exactmetrics_sitenote_active":false,"_exactmetrics_sitenote_note":"","_exactmetrics_sitenote_category":0,"_uf_show_specific_survey":0,"_uf_disable_surveys":false,"footnotes":""},"categories":[4],"tags":[1737,1065],"class_list":["post-6465","post","type-post","status-publish","format-standard","has-post-thumbnail","hentry","category-foto","tag-jose-mauricio","tag-setubal"],"yoast_head":"<!-- This site is optimized with the Yoast SEO plugin v27.3 - https:\/\/yoast.com\/product\/yoast-seo-wordpress\/ -->\n<title>Paisagens de Set\u00fabal tornam-se exposi\u00e7\u00e3o fotogr\u00e1fica na Casa da Ba\u00eda<\/title>\n<meta name=\"description\" content=\"&quot;Fr\u00e1gil&quot; \u00e9 uma exposi\u00e7\u00e3o fotogr\u00e1fica onde todas as paisagens de Set\u00fabal fotografadas, apesar de resilientes, correm...\" \/>\n<meta name=\"robots\" content=\"index, follow, max-snippet:-1, max-image-preview:large, max-video-preview:-1\" \/>\n<link rel=\"canonical\" href=\"https:\/\/arte351.pt\/art\/2022\/02\/28\/paisagens-de-setubal-tornam-se-exposicao-fotografica-na-casa-da-baia\/\" \/>\n<meta property=\"og:locale\" content=\"pt_BR\" \/>\n<meta property=\"og:type\" content=\"article\" \/>\n<meta property=\"og:title\" content=\"Paisagens de Set\u00fabal tornam-se exposi\u00e7\u00e3o fotogr\u00e1fica na Casa da Ba\u00eda\" \/>\n<meta property=\"og:description\" content=\"&quot;Fr\u00e1gil&quot; \u00e9 uma exposi\u00e7\u00e3o fotogr\u00e1fica onde todas as paisagens de Set\u00fabal fotografadas, apesar de resilientes, correm...\" \/>\n<meta property=\"og:url\" content=\"https:\/\/arte351.pt\/art\/2022\/02\/28\/paisagens-de-setubal-tornam-se-exposicao-fotografica-na-casa-da-baia\/\" \/>\n<meta property=\"og:site_name\" content=\"Arte351 - Art Magazine Portugal\" \/>\n<meta property=\"article:publisher\" content=\"https:\/\/www.facebook.com\/arte351magazine\/\" \/>\n<meta property=\"article:published_time\" content=\"2022-02-28T14:29:01+00:00\" \/>\n<meta property=\"og:image\" content=\"https:\/\/arte351.pt\/art\/wp-content\/uploads\/2022\/02\/setu\u0301bal.jpg\" \/>\n\t<meta property=\"og:image:width\" content=\"1200\" \/>\n\t<meta property=\"og:image:height\" content=\"578\" \/>\n\t<meta property=\"og:image:type\" content=\"image\/jpeg\" \/>\n<meta name=\"author\" content=\"Equipa Arte351\" \/>\n<meta name=\"twitter:label1\" content=\"Escrito por\" \/>\n\t<meta name=\"twitter:data1\" content=\"Equipa Arte351\" \/>\n\t<meta name=\"twitter:label2\" content=\"Est. tempo de leitura\" \/>\n\t<meta name=\"twitter:data2\" content=\"2 minutos\" \/>\n<script type=\"application\/ld+json\" class=\"yoast-schema-graph\">{\"@context\":\"https:\\\/\\\/schema.org\",\"@graph\":[{\"@type\":\"Article\",\"@id\":\"https:\\\/\\\/arte351.pt\\\/art\\\/2022\\\/02\\\/28\\\/paisagens-de-setubal-tornam-se-exposicao-fotografica-na-casa-da-baia\\\/#article\",\"isPartOf\":{\"@id\":\"https:\\\/\\\/arte351.pt\\\/art\\\/2022\\\/02\\\/28\\\/paisagens-de-setubal-tornam-se-exposicao-fotografica-na-casa-da-baia\\\/\"},\"author\":{\"name\":\"Equipa Arte351\",\"@id\":\"https:\\\/\\\/arte351.pt\\\/art\\\/#\\\/schema\\\/person\\\/f2cfae59497206be61c53c217757b930\"},\"headline\":\"Paisagens de Set\u00fabal tornam-se exposi\u00e7\u00e3o fotogr\u00e1fica na Casa da Ba\u00eda\",\"datePublished\":\"2022-02-28T14:29:01+00:00\",\"mainEntityOfPage\":{\"@id\":\"https:\\\/\\\/arte351.pt\\\/art\\\/2022\\\/02\\\/28\\\/paisagens-de-setubal-tornam-se-exposicao-fotografica-na-casa-da-baia\\\/\"},\"wordCount\":328,\"publisher\":{\"@id\":\"https:\\\/\\\/arte351.pt\\\/art\\\/#organization\"},\"image\":{\"@id\":\"https:\\\/\\\/arte351.pt\\\/art\\\/2022\\\/02\\\/28\\\/paisagens-de-setubal-tornam-se-exposicao-fotografica-na-casa-da-baia\\\/#primaryimage\"},\"thumbnailUrl\":\"https:\\\/\\\/arte351.pt\\\/art\\\/wp-content\\\/uploads\\\/2022\\\/02\\\/setu\u0301bal.jpg\",\"keywords\":[\"Jos\u00e9 Maur\u00edcio\",\"Set\u00fabal\"],\"articleSection\":[\"Fotografia\"],\"inLanguage\":\"pt-BR\"},{\"@type\":\"WebPage\",\"@id\":\"https:\\\/\\\/arte351.pt\\\/art\\\/2022\\\/02\\\/28\\\/paisagens-de-setubal-tornam-se-exposicao-fotografica-na-casa-da-baia\\\/\",\"url\":\"https:\\\/\\\/arte351.pt\\\/art\\\/2022\\\/02\\\/28\\\/paisagens-de-setubal-tornam-se-exposicao-fotografica-na-casa-da-baia\\\/\",\"name\":\"Paisagens de Set\u00fabal tornam-se exposi\u00e7\u00e3o fotogr\u00e1fica na Casa da Ba\u00eda\",\"isPartOf\":{\"@id\":\"https:\\\/\\\/arte351.pt\\\/art\\\/#website\"},\"primaryImageOfPage\":{\"@id\":\"https:\\\/\\\/arte351.pt\\\/art\\\/2022\\\/02\\\/28\\\/paisagens-de-setubal-tornam-se-exposicao-fotografica-na-casa-da-baia\\\/#primaryimage\"},\"image\":{\"@id\":\"https:\\\/\\\/arte351.pt\\\/art\\\/2022\\\/02\\\/28\\\/paisagens-de-setubal-tornam-se-exposicao-fotografica-na-casa-da-baia\\\/#primaryimage\"},\"thumbnailUrl\":\"https:\\\/\\\/arte351.pt\\\/art\\\/wp-content\\\/uploads\\\/2022\\\/02\\\/setu\u0301bal.jpg\",\"datePublished\":\"2022-02-28T14:29:01+00:00\",\"description\":\"\\\"Fr\u00e1gil\\\" \u00e9 uma exposi\u00e7\u00e3o fotogr\u00e1fica onde todas as paisagens de Set\u00fabal fotografadas, apesar de resilientes, correm...\",\"breadcrumb\":{\"@id\":\"https:\\\/\\\/arte351.pt\\\/art\\\/2022\\\/02\\\/28\\\/paisagens-de-setubal-tornam-se-exposicao-fotografica-na-casa-da-baia\\\/#breadcrumb\"},\"inLanguage\":\"pt-BR\",\"potentialAction\":[{\"@type\":\"ReadAction\",\"target\":[\"https:\\\/\\\/arte351.pt\\\/art\\\/2022\\\/02\\\/28\\\/paisagens-de-setubal-tornam-se-exposicao-fotografica-na-casa-da-baia\\\/\"]}]},{\"@type\":\"ImageObject\",\"inLanguage\":\"pt-BR\",\"@id\":\"https:\\\/\\\/arte351.pt\\\/art\\\/2022\\\/02\\\/28\\\/paisagens-de-setubal-tornam-se-exposicao-fotografica-na-casa-da-baia\\\/#primaryimage\",\"url\":\"https:\\\/\\\/arte351.pt\\\/art\\\/wp-content\\\/uploads\\\/2022\\\/02\\\/setu\u0301bal.jpg\",\"contentUrl\":\"https:\\\/\\\/arte351.pt\\\/art\\\/wp-content\\\/uploads\\\/2022\\\/02\\\/setu\u0301bal.jpg\",\"width\":1200,\"height\":578},{\"@type\":\"BreadcrumbList\",\"@id\":\"https:\\\/\\\/arte351.pt\\\/art\\\/2022\\\/02\\\/28\\\/paisagens-de-setubal-tornam-se-exposicao-fotografica-na-casa-da-baia\\\/#breadcrumb\",\"itemListElement\":[{\"@type\":\"ListItem\",\"position\":1,\"name\":\"In\u00edcio\",\"item\":\"https:\\\/\\\/arte351.pt\\\/art\\\/\"},{\"@type\":\"ListItem\",\"position\":2,\"name\":\"Paisagens de Set\u00fabal tornam-se exposi\u00e7\u00e3o fotogr\u00e1fica na Casa da Ba\u00eda\"}]},{\"@type\":\"WebSite\",\"@id\":\"https:\\\/\\\/arte351.pt\\\/art\\\/#website\",\"url\":\"https:\\\/\\\/arte351.pt\\\/art\\\/\",\"name\":\"Arte351 - Art Magazine Portugal\",\"description\":\"\",\"publisher\":{\"@id\":\"https:\\\/\\\/arte351.pt\\\/art\\\/#organization\"},\"potentialAction\":[{\"@type\":\"SearchAction\",\"target\":{\"@type\":\"EntryPoint\",\"urlTemplate\":\"https:\\\/\\\/arte351.pt\\\/art\\\/?s={search_term_string}\"},\"query-input\":{\"@type\":\"PropertyValueSpecification\",\"valueRequired\":true,\"valueName\":\"search_term_string\"}}],\"inLanguage\":\"pt-BR\"},{\"@type\":\"Organization\",\"@id\":\"https:\\\/\\\/arte351.pt\\\/art\\\/#organization\",\"name\":\"Arte351 - Art Magazine Portugal\",\"url\":\"https:\\\/\\\/arte351.pt\\\/art\\\/\",\"logo\":{\"@type\":\"ImageObject\",\"inLanguage\":\"pt-BR\",\"@id\":\"https:\\\/\\\/arte351.pt\\\/art\\\/#\\\/schema\\\/logo\\\/image\\\/\",\"url\":\"https:\\\/\\\/arte351.pt\\\/art\\\/wp-content\\\/uploads\\\/2020\\\/03\\\/cropped-logo-arte351-color.png\",\"contentUrl\":\"https:\\\/\\\/arte351.pt\\\/art\\\/wp-content\\\/uploads\\\/2020\\\/03\\\/cropped-logo-arte351-color.png\",\"width\":514,\"height\":200,\"caption\":\"Arte351 - Art Magazine Portugal\"},\"image\":{\"@id\":\"https:\\\/\\\/arte351.pt\\\/art\\\/#\\\/schema\\\/logo\\\/image\\\/\"},\"sameAs\":[\"https:\\\/\\\/www.facebook.com\\\/arte351magazine\\\/\"]},{\"@type\":\"Person\",\"@id\":\"https:\\\/\\\/arte351.pt\\\/art\\\/#\\\/schema\\\/person\\\/f2cfae59497206be61c53c217757b930\",\"name\":\"Equipa Arte351\",\"image\":{\"@type\":\"ImageObject\",\"inLanguage\":\"pt-BR\",\"@id\":\"https:\\\/\\\/secure.gravatar.com\\\/avatar\\\/6caca56323d52e15e83fc5635240c86f7e52fd46fa8d5df9a709d99f5aa1638e?s=96&d=mm&r=g\",\"url\":\"https:\\\/\\\/secure.gravatar.com\\\/avatar\\\/6caca56323d52e15e83fc5635240c86f7e52fd46fa8d5df9a709d99f5aa1638e?s=96&d=mm&r=g\",\"contentUrl\":\"https:\\\/\\\/secure.gravatar.com\\\/avatar\\\/6caca56323d52e15e83fc5635240c86f7e52fd46fa8d5df9a709d99f5aa1638e?s=96&d=mm&r=g\",\"caption\":\"Equipa Arte351\"},\"url\":\"https:\\\/\\\/arte351.pt\\\/art\\\/author\\\/caroleenbass\\\/\"}]}<\/script>\n<!-- \/ Yoast SEO plugin. -->","yoast_head_json":{"title":"Paisagens de Set\u00fabal tornam-se exposi\u00e7\u00e3o fotogr\u00e1fica na Casa da Ba\u00eda","description":"\"Fr\u00e1gil\" \u00e9 uma exposi\u00e7\u00e3o fotogr\u00e1fica onde todas as paisagens de Set\u00fabal fotografadas, apesar de resilientes, correm...","robots":{"index":"index","follow":"follow","max-snippet":"max-snippet:-1","max-image-preview":"max-image-preview:large","max-video-preview":"max-video-preview:-1"},"canonical":"https:\/\/arte351.pt\/art\/2022\/02\/28\/paisagens-de-setubal-tornam-se-exposicao-fotografica-na-casa-da-baia\/","og_locale":"pt_BR","og_type":"article","og_title":"Paisagens de Set\u00fabal tornam-se exposi\u00e7\u00e3o fotogr\u00e1fica na Casa da Ba\u00eda","og_description":"\"Fr\u00e1gil\" \u00e9 uma exposi\u00e7\u00e3o fotogr\u00e1fica onde todas as paisagens de Set\u00fabal fotografadas, apesar de resilientes, correm...","og_url":"https:\/\/arte351.pt\/art\/2022\/02\/28\/paisagens-de-setubal-tornam-se-exposicao-fotografica-na-casa-da-baia\/","og_site_name":"Arte351 - Art Magazine Portugal","article_publisher":"https:\/\/www.facebook.com\/arte351magazine\/","article_published_time":"2022-02-28T14:29:01+00:00","og_image":[{"width":1200,"height":578,"url":"https:\/\/arte351.pt\/art\/wp-content\/uploads\/2022\/02\/setu\u0301bal.jpg","type":"image\/jpeg"}],"author":"Equipa Arte351","twitter_misc":{"Escrito por":"Equipa Arte351","Est. tempo de leitura":"2 minutos"},"schema":{"@context":"https:\/\/schema.org","@graph":[{"@type":"Article","@id":"https:\/\/arte351.pt\/art\/2022\/02\/28\/paisagens-de-setubal-tornam-se-exposicao-fotografica-na-casa-da-baia\/#article","isPartOf":{"@id":"https:\/\/arte351.pt\/art\/2022\/02\/28\/paisagens-de-setubal-tornam-se-exposicao-fotografica-na-casa-da-baia\/"},"author":{"name":"Equipa Arte351","@id":"https:\/\/arte351.pt\/art\/#\/schema\/person\/f2cfae59497206be61c53c217757b930"},"headline":"Paisagens de Set\u00fabal tornam-se exposi\u00e7\u00e3o fotogr\u00e1fica na Casa da Ba\u00eda","datePublished":"2022-02-28T14:29:01+00:00","mainEntityOfPage":{"@id":"https:\/\/arte351.pt\/art\/2022\/02\/28\/paisagens-de-setubal-tornam-se-exposicao-fotografica-na-casa-da-baia\/"},"wordCount":328,"publisher":{"@id":"https:\/\/arte351.pt\/art\/#organization"},"image":{"@id":"https:\/\/arte351.pt\/art\/2022\/02\/28\/paisagens-de-setubal-tornam-se-exposicao-fotografica-na-casa-da-baia\/#primaryimage"},"thumbnailUrl":"https:\/\/arte351.pt\/art\/wp-content\/uploads\/2022\/02\/setu\u0301bal.jpg","keywords":["Jos\u00e9 Maur\u00edcio","Set\u00fabal"],"articleSection":["Fotografia"],"inLanguage":"pt-BR"},{"@type":"WebPage","@id":"https:\/\/arte351.pt\/art\/2022\/02\/28\/paisagens-de-setubal-tornam-se-exposicao-fotografica-na-casa-da-baia\/","url":"https:\/\/arte351.pt\/art\/2022\/02\/28\/paisagens-de-setubal-tornam-se-exposicao-fotografica-na-casa-da-baia\/","name":"Paisagens de Set\u00fabal tornam-se exposi\u00e7\u00e3o fotogr\u00e1fica na Casa da Ba\u00eda","isPartOf":{"@id":"https:\/\/arte351.pt\/art\/#website"},"primaryImageOfPage":{"@id":"https:\/\/arte351.pt\/art\/2022\/02\/28\/paisagens-de-setubal-tornam-se-exposicao-fotografica-na-casa-da-baia\/#primaryimage"},"image":{"@id":"https:\/\/arte351.pt\/art\/2022\/02\/28\/paisagens-de-setubal-tornam-se-exposicao-fotografica-na-casa-da-baia\/#primaryimage"},"thumbnailUrl":"https:\/\/arte351.pt\/art\/wp-content\/uploads\/2022\/02\/setu\u0301bal.jpg","datePublished":"2022-02-28T14:29:01+00:00","description":"\"Fr\u00e1gil\" \u00e9 uma exposi\u00e7\u00e3o fotogr\u00e1fica onde todas as paisagens de Set\u00fabal fotografadas, apesar de resilientes, correm...","breadcrumb":{"@id":"https:\/\/arte351.pt\/art\/2022\/02\/28\/paisagens-de-setubal-tornam-se-exposicao-fotografica-na-casa-da-baia\/#breadcrumb"},"inLanguage":"pt-BR","potentialAction":[{"@type":"ReadAction","target":["https:\/\/arte351.pt\/art\/2022\/02\/28\/paisagens-de-setubal-tornam-se-exposicao-fotografica-na-casa-da-baia\/"]}]},{"@type":"ImageObject","inLanguage":"pt-BR","@id":"https:\/\/arte351.pt\/art\/2022\/02\/28\/paisagens-de-setubal-tornam-se-exposicao-fotografica-na-casa-da-baia\/#primaryimage","url":"https:\/\/arte351.pt\/art\/wp-content\/uploads\/2022\/02\/setu\u0301bal.jpg","contentUrl":"https:\/\/arte351.pt\/art\/wp-content\/uploads\/2022\/02\/setu\u0301bal.jpg","width":1200,"height":578},{"@type":"BreadcrumbList","@id":"https:\/\/arte351.pt\/art\/2022\/02\/28\/paisagens-de-setubal-tornam-se-exposicao-fotografica-na-casa-da-baia\/#breadcrumb","itemListElement":[{"@type":"ListItem","position":1,"name":"In\u00edcio","item":"https:\/\/arte351.pt\/art\/"},{"@type":"ListItem","position":2,"name":"Paisagens de Set\u00fabal tornam-se exposi\u00e7\u00e3o fotogr\u00e1fica na Casa da Ba\u00eda"}]},{"@type":"WebSite","@id":"https:\/\/arte351.pt\/art\/#website","url":"https:\/\/arte351.pt\/art\/","name":"Arte351 - Art Magazine Portugal","description":"","publisher":{"@id":"https:\/\/arte351.pt\/art\/#organization"},"potentialAction":[{"@type":"SearchAction","target":{"@type":"EntryPoint","urlTemplate":"https:\/\/arte351.pt\/art\/?s={search_term_string}"},"query-input":{"@type":"PropertyValueSpecification","valueRequired":true,"valueName":"search_term_string"}}],"inLanguage":"pt-BR"},{"@type":"Organization","@id":"https:\/\/arte351.pt\/art\/#organization","name":"Arte351 - Art Magazine Portugal","url":"https:\/\/arte351.pt\/art\/","logo":{"@type":"ImageObject","inLanguage":"pt-BR","@id":"https:\/\/arte351.pt\/art\/#\/schema\/logo\/image\/","url":"https:\/\/arte351.pt\/art\/wp-content\/uploads\/2020\/03\/cropped-logo-arte351-color.png","contentUrl":"https:\/\/arte351.pt\/art\/wp-content\/uploads\/2020\/03\/cropped-logo-arte351-color.png","width":514,"height":200,"caption":"Arte351 - Art Magazine Portugal"},"image":{"@id":"https:\/\/arte351.pt\/art\/#\/schema\/logo\/image\/"},"sameAs":["https:\/\/www.facebook.com\/arte351magazine\/"]},{"@type":"Person","@id":"https:\/\/arte351.pt\/art\/#\/schema\/person\/f2cfae59497206be61c53c217757b930","name":"Equipa Arte351","image":{"@type":"ImageObject","inLanguage":"pt-BR","@id":"https:\/\/secure.gravatar.com\/avatar\/6caca56323d52e15e83fc5635240c86f7e52fd46fa8d5df9a709d99f5aa1638e?s=96&d=mm&r=g","url":"https:\/\/secure.gravatar.com\/avatar\/6caca56323d52e15e83fc5635240c86f7e52fd46fa8d5df9a709d99f5aa1638e?s=96&d=mm&r=g","contentUrl":"https:\/\/secure.gravatar.com\/avatar\/6caca56323d52e15e83fc5635240c86f7e52fd46fa8d5df9a709d99f5aa1638e?s=96&d=mm&r=g","caption":"Equipa Arte351"},"url":"https:\/\/arte351.pt\/art\/author\/caroleenbass\/"}]}},"_links":{"self":[{"href":"https:\/\/arte351.pt\/art\/wp-json\/wp\/v2\/posts\/6465","targetHints":{"allow":["GET"]}}],"collection":[{"href":"https:\/\/arte351.pt\/art\/wp-json\/wp\/v2\/posts"}],"about":[{"href":"https:\/\/arte351.pt\/art\/wp-json\/wp\/v2\/types\/post"}],"author":[{"embeddable":true,"href":"https:\/\/arte351.pt\/art\/wp-json\/wp\/v2\/users\/3"}],"replies":[{"embeddable":true,"href":"https:\/\/arte351.pt\/art\/wp-json\/wp\/v2\/comments?post=6465"}],"version-history":[{"count":1,"href":"https:\/\/arte351.pt\/art\/wp-json\/wp\/v2\/posts\/6465\/revisions"}],"predecessor-version":[{"id":6467,"href":"https:\/\/arte351.pt\/art\/wp-json\/wp\/v2\/posts\/6465\/revisions\/6467"}],"wp:featuredmedia":[{"embeddable":true,"href":"https:\/\/arte351.pt\/art\/wp-json\/wp\/v2\/media\/6466"}],"wp:attachment":[{"href":"https:\/\/arte351.pt\/art\/wp-json\/wp\/v2\/media?parent=6465"}],"wp:term":[{"taxonomy":"category","embeddable":true,"href":"https:\/\/arte351.pt\/art\/wp-json\/wp\/v2\/categories?post=6465"},{"taxonomy":"post_tag","embeddable":true,"href":"https:\/\/arte351.pt\/art\/wp-json\/wp\/v2\/tags?post=6465"}],"curies":[{"name":"wp","href":"https:\/\/api.w.org\/{rel}","templated":true}]}}