{"id":6702,"date":"2022-05-02T07:10:12","date_gmt":"2022-05-02T07:10:12","guid":{"rendered":"https:\/\/arte351.pt\/art\/?p=6702"},"modified":"2022-05-02T07:10:12","modified_gmt":"2022-05-02T07:10:12","slug":"nuno-vieira-de-almeida-e-susana-gaspar-no-ciclo-de-musica-de-camara-do-tmjb","status":"publish","type":"post","link":"https:\/\/arte351.pt\/art\/2022\/05\/02\/nuno-vieira-de-almeida-e-susana-gaspar-no-ciclo-de-musica-de-camara-do-tmjb\/","title":{"rendered":"Nuno Vieira de Almeida e Susana Gaspar no Ciclo de M\u00fasica de C\u00e2mara do TMJB"},"content":{"rendered":"<p style=\"font-weight: 400;\"><strong>Nuno Vieira de Almeida, ao piano, e Susana Gaspar, com a sua voz de soprano, trazem-nos obras de Fernando Lopes Gra\u00e7a, Richard Strauss e Kurt Weill. O espect\u00e1culo vai ser apresentado no dia 8 de Maio, \u00e0s 16h, e ter\u00e1 coment\u00e1rios\u00a0de Lu\u00eds Madureira.<\/strong><\/p>\n<p>Numa iniciativa conjunta com a Share Foundation, o Teatro Municipal Joaquim Benite apresenta um ciclo de m\u00fasica de c\u00e2mara que cruza alguns dos mais renomados int\u00e9rpretes deste g\u00e9nero musical com jovens talentos em ascens\u00e3o. Contando com coment\u00e1rios iniciais de Lu\u00eds Madureira, pela Sala Experimental do TMJB passar\u00e3o obras cl\u00e1ssicas e contempor\u00e2neas, portuguesas e estrangeiras, para instrumentos de cordas \u2013 e canto.<\/p>\n<p><strong>Nuno Vieira de Almeida<\/strong>\u00a0estudou em Lisboa com Jos\u00e9 Manuel Beir\u00e3o e Tania Achot e, como bolseiro da Funda\u00e7\u00e3o Gulbenkian, em Viena, com Leonid Brumberg, e em Londres, com Geoffrey Parsons. Apresenta-se regularmente como pianista de\u00a0<em>Lied<\/em>\u00a0com os maiores cantores nacionais e grandes nomes internacionais em Portugal e no estrangeiro. Foi respons\u00e1vel em Portugal por muitas das primeiras audi\u00e7\u00f5es de obras de compositores como: Sch\u00f6nberg, Webern, Wolf, von Einen, Sckreker, Korngold, Weil, Bernstein, Britten, etc\u2026 E, em primeira audi\u00e7\u00e3o mundial, obras de: Jo\u00e3o Madureira, Carlos Caires, Constan\u00e7a Capdeville, Paulo Brand\u00e3o, etc\u2026 \u00a0Foi autor de diversos projectos de s\u00edntese musical em \u00e1reas como a pintura, o teatro e a poesia. Foi co-autor com Yvette Centeno do programa de r\u00e1dio\u00a0<em>O texto e a m\u00fasica<\/em>.<br \/>\nColabora regularmente em espet\u00e1culos de teatro e cinema como int\u00e9rprete e autor de bandas sonoras. \u00c9 professor na Escola Superior de M\u00fasica de Lisboa e coordenador da classe de canto.\u00a0 \u00c9 doutorado em Musicologia Hist\u00f3rica pela Universidade Nova de Lisboa \u2013 2015.<\/p>\n<p><strong>Susana Gaspar<\/strong>\u00a0estudou no Conservat\u00f3rio Nacional de Lisboa, na Guildhall School of Music and Drama e no National Opera Studio, em Londres. Em 2013 representou Portugal no Cardiff Singer of the World. Dos pap\u00e9is oper\u00e1ticos destacam-se: Violetta,<em>\u00a0La Traviata<\/em>\u00a0(Verdi), Mimi\u0300,<em>\u00a0La Boh\u00e8me<\/em>\u00a0(Puccini), Cio-Cio-San,<em>\u00a0Madame Butterfly\u00a0<\/em>(Puccini), Manon,<em>\u00a0Manon<\/em>\u00a0(Massenet), Marguerite,<em>\u00a0Faust<\/em>\u00a0(Gounod), Azema,<em>\u00a0Semiramide<\/em>\u00a0(Rossini), gravado para a Opera Rara. No Linbury Theatre da ROH cantou numa produ\u00e7\u00e3o encenada de\u00a0<em>Les nuits d\u2019e\u0301te\u0301<\/em>\u00a0(Berlioz), e Aurore,\u00a0<em>Le portrait de Manon<\/em>\u00a0(Massenet), ambas gravadas para a editora Opera Rara.<\/p>\n<p><strong>Lu\u00eds Madureira\u00a0<\/strong>concluiu o Curso Superior de Canto do Conservat\u00f3rio Nacional.<span>\u00a0<\/span>Estudou em Londres com o Professor Peter Harrison, como bolseiro da Secretaria de Estado da Cultura.<span>\u00a0<\/span>\u00c9 licenciado em M\u00fasica pela Escola Superior de M\u00fasica de Lisboa (ESML). Tem o T\u00edtulo de Especialista em M\u00fasica do Instituto Polit\u00e9cnico de Lisboa.<span>\u00a0<\/span>Divide a sua actividade entre o ensino, o canto, o teatro e o cinema. \u00c9 Professor jubilado da ESML, e \u00e9 frequentemente convidado a dirigir semin\u00e1rios de voz e elocu\u00e7\u00e3o. Apresentou-se como solista e em recital, em Portugal e no estrangeiro.<span>\u00a0<\/span>Foi consultor art\u00edstico do Est\u00fadio de \u00d3pera da Casa da M\u00fasica (Porto \u2013 2001\/02) e programador da \u00e1rea da m\u00fasica de Faro, Capital Nacional da Cultura<span>\u00a0<\/span>2005.<\/p>\n<p>&nbsp;<\/p>\n<h3 style=\"font-weight: 400;\"><strong>Nuno Vieira de Almeida e Susana Gaspar\u00a0<\/strong><\/h3>\n<p style=\"font-weight: 400;\">Teatro Municipal Joaquim Benite &#8211; Sala Experimental<\/p>\n<p style=\"font-weight: 400;\">Dia 8 de Maio de 2022, domingo, \u00e0s 16h &#8211; M\/6 | 60 min. |<\/p>\n<p style=\"font-weight: 400;\">Pre\u00e7o: entre 7\u20ac e 10\u20ac (Clube de Amigos: 5\u20ac)<\/p>\n<p>&nbsp;<\/p>\n<p><strong>Susana Gaspar<\/strong><span>\u00a0<\/span>\u2013 soprano<\/p>\n<p><strong>Nuno Vieira de Almeida<\/strong><span>\u00a0<\/span>\u2013 piano<\/p>\n<p><strong>Lu\u00eds Madureira<\/strong><span>\u00a0<\/span>\u2013 coment\u00e1rios<\/p>\n<p style=\"font-weight: 400;\"><strong>Programa<\/strong><\/p>\n<p><strong>Fernando Lopes Gra\u00e7a<\/strong><\/p>\n<p><em>O Sol \u00e9 grande<\/em><\/p>\n<p><em>Oh como se me alonga<\/em><\/p>\n<p><em>Sete anos de pastor<\/em><\/p>\n<p><em>Alma minha gentil que te partiste<\/em><\/p>\n<p><em>Porque vossa beleza a si se ven\u00e7a<\/em><\/p>\n<p>&nbsp;<\/p>\n<p><strong>Richard Strauss<\/strong><\/p>\n<p><em>Die heiligen drei K\u00f6nige aus Morgenland<\/em><\/p>\n<p><em>Morgen<\/em><\/p>\n<p><em>Zueignung<\/em><\/p>\n<p><strong>\u00a0<\/strong><\/p>\n<p><strong>Kurt Weill<\/strong><\/p>\n<p><em>Come up from the fields, father<\/em><\/p>\n<p><em>Youkaly<\/em><\/p>\n<p style=\"font-weight: 400;\"><strong>Mais informa\u00e7\u00f5es em\u00a0<a href=\"http:\/\/ctalmada.pt\/\" data-saferedirecturl=\"https:\/\/www.google.com\/url?q=http:\/\/ctalmada.pt\/&amp;source=gmail&amp;ust=1651526740870000&amp;usg=AOvVaw2IjJVZkYmJJ-68stmS6G_f\">ctalmada.pt<\/a><\/strong><\/p>\n","protected":false},"excerpt":{"rendered":"<p>Nuno Vieira de Almeida, ao piano, e Susana Gaspar, com a sua voz de soprano, trazem-nos obras de Fernando Lopes Gra\u00e7a, Richard Strauss e Kurt Weill. O espect\u00e1culo vai ser [&hellip;]<\/p>\n","protected":false},"author":3,"featured_media":0,"comment_status":"closed","ping_status":"closed","sticky":false,"template":"","format":"standard","meta":{"_exactmetrics_skip_tracking":false,"_exactmetrics_sitenote_active":false,"_exactmetrics_sitenote_note":"","_exactmetrics_sitenote_category":0,"_uf_show_specific_survey":0,"_uf_disable_surveys":false,"footnotes":""},"categories":[811],"tags":[478],"class_list":["post-6702","post","type-post","status-publish","format-standard","hentry","category-teatro","tag-teatro-municipal-joaquim-benite"],"yoast_head":"<!-- This site is optimized with the Yoast SEO plugin v27.3 - https:\/\/yoast.com\/product\/yoast-seo-wordpress\/ -->\n<title>Nuno Vieira de Almeida e Susana Gaspar no Ciclo de M\u00fasica de C\u00e2mara do TMJB<\/title>\n<meta name=\"robots\" content=\"index, follow, max-snippet:-1, max-image-preview:large, max-video-preview:-1\" \/>\n<link rel=\"canonical\" href=\"https:\/\/arte351.pt\/art\/2022\/05\/02\/nuno-vieira-de-almeida-e-susana-gaspar-no-ciclo-de-musica-de-camara-do-tmjb\/\" \/>\n<meta property=\"og:locale\" content=\"pt_BR\" \/>\n<meta property=\"og:type\" content=\"article\" \/>\n<meta property=\"og:title\" content=\"Nuno Vieira de Almeida e Susana Gaspar no Ciclo de M\u00fasica de C\u00e2mara do TMJB\" \/>\n<meta property=\"og:description\" content=\"Nuno Vieira de Almeida, ao piano, e Susana Gaspar, com a sua voz de soprano, trazem-nos obras de Fernando Lopes Gra\u00e7a, Richard Strauss e Kurt Weill. O espect\u00e1culo vai ser [&hellip;]\" \/>\n<meta property=\"og:url\" content=\"https:\/\/arte351.pt\/art\/2022\/05\/02\/nuno-vieira-de-almeida-e-susana-gaspar-no-ciclo-de-musica-de-camara-do-tmjb\/\" \/>\n<meta property=\"og:site_name\" content=\"Arte351 - Art Magazine Portugal\" \/>\n<meta property=\"article:publisher\" content=\"https:\/\/www.facebook.com\/arte351magazine\/\" \/>\n<meta property=\"article:published_time\" content=\"2022-05-02T07:10:12+00:00\" \/>\n<meta name=\"author\" content=\"Equipa Arte351\" \/>\n<meta name=\"twitter:label1\" content=\"Escrito por\" \/>\n\t<meta name=\"twitter:data1\" content=\"Equipa Arte351\" \/>\n\t<meta name=\"twitter:label2\" content=\"Est. tempo de leitura\" \/>\n\t<meta name=\"twitter:data2\" content=\"3 minutos\" \/>\n<script type=\"application\/ld+json\" class=\"yoast-schema-graph\">{\"@context\":\"https:\\\/\\\/schema.org\",\"@graph\":[{\"@type\":\"Article\",\"@id\":\"https:\\\/\\\/arte351.pt\\\/art\\\/2022\\\/05\\\/02\\\/nuno-vieira-de-almeida-e-susana-gaspar-no-ciclo-de-musica-de-camara-do-tmjb\\\/#article\",\"isPartOf\":{\"@id\":\"https:\\\/\\\/arte351.pt\\\/art\\\/2022\\\/05\\\/02\\\/nuno-vieira-de-almeida-e-susana-gaspar-no-ciclo-de-musica-de-camara-do-tmjb\\\/\"},\"author\":{\"name\":\"Equipa Arte351\",\"@id\":\"https:\\\/\\\/arte351.pt\\\/art\\\/#\\\/schema\\\/person\\\/f2cfae59497206be61c53c217757b930\"},\"headline\":\"Nuno Vieira de Almeida e Susana Gaspar no Ciclo de M\u00fasica de C\u00e2mara do TMJB\",\"datePublished\":\"2022-05-02T07:10:12+00:00\",\"mainEntityOfPage\":{\"@id\":\"https:\\\/\\\/arte351.pt\\\/art\\\/2022\\\/05\\\/02\\\/nuno-vieira-de-almeida-e-susana-gaspar-no-ciclo-de-musica-de-camara-do-tmjb\\\/\"},\"wordCount\":638,\"publisher\":{\"@id\":\"https:\\\/\\\/arte351.pt\\\/art\\\/#organization\"},\"keywords\":[\"Teatro Municipal Joaquim Benite\"],\"articleSection\":[\"Teatro\"],\"inLanguage\":\"pt-BR\"},{\"@type\":\"WebPage\",\"@id\":\"https:\\\/\\\/arte351.pt\\\/art\\\/2022\\\/05\\\/02\\\/nuno-vieira-de-almeida-e-susana-gaspar-no-ciclo-de-musica-de-camara-do-tmjb\\\/\",\"url\":\"https:\\\/\\\/arte351.pt\\\/art\\\/2022\\\/05\\\/02\\\/nuno-vieira-de-almeida-e-susana-gaspar-no-ciclo-de-musica-de-camara-do-tmjb\\\/\",\"name\":\"Nuno Vieira de Almeida e Susana Gaspar no Ciclo de M\u00fasica de C\u00e2mara do TMJB\",\"isPartOf\":{\"@id\":\"https:\\\/\\\/arte351.pt\\\/art\\\/#website\"},\"datePublished\":\"2022-05-02T07:10:12+00:00\",\"breadcrumb\":{\"@id\":\"https:\\\/\\\/arte351.pt\\\/art\\\/2022\\\/05\\\/02\\\/nuno-vieira-de-almeida-e-susana-gaspar-no-ciclo-de-musica-de-camara-do-tmjb\\\/#breadcrumb\"},\"inLanguage\":\"pt-BR\",\"potentialAction\":[{\"@type\":\"ReadAction\",\"target\":[\"https:\\\/\\\/arte351.pt\\\/art\\\/2022\\\/05\\\/02\\\/nuno-vieira-de-almeida-e-susana-gaspar-no-ciclo-de-musica-de-camara-do-tmjb\\\/\"]}]},{\"@type\":\"BreadcrumbList\",\"@id\":\"https:\\\/\\\/arte351.pt\\\/art\\\/2022\\\/05\\\/02\\\/nuno-vieira-de-almeida-e-susana-gaspar-no-ciclo-de-musica-de-camara-do-tmjb\\\/#breadcrumb\",\"itemListElement\":[{\"@type\":\"ListItem\",\"position\":1,\"name\":\"In\u00edcio\",\"item\":\"https:\\\/\\\/arte351.pt\\\/art\\\/\"},{\"@type\":\"ListItem\",\"position\":2,\"name\":\"Nuno Vieira de Almeida e Susana Gaspar no Ciclo de M\u00fasica de C\u00e2mara do TMJB\"}]},{\"@type\":\"WebSite\",\"@id\":\"https:\\\/\\\/arte351.pt\\\/art\\\/#website\",\"url\":\"https:\\\/\\\/arte351.pt\\\/art\\\/\",\"name\":\"Arte351 - Art Magazine Portugal\",\"description\":\"\",\"publisher\":{\"@id\":\"https:\\\/\\\/arte351.pt\\\/art\\\/#organization\"},\"potentialAction\":[{\"@type\":\"SearchAction\",\"target\":{\"@type\":\"EntryPoint\",\"urlTemplate\":\"https:\\\/\\\/arte351.pt\\\/art\\\/?s={search_term_string}\"},\"query-input\":{\"@type\":\"PropertyValueSpecification\",\"valueRequired\":true,\"valueName\":\"search_term_string\"}}],\"inLanguage\":\"pt-BR\"},{\"@type\":\"Organization\",\"@id\":\"https:\\\/\\\/arte351.pt\\\/art\\\/#organization\",\"name\":\"Arte351 - Art Magazine Portugal\",\"url\":\"https:\\\/\\\/arte351.pt\\\/art\\\/\",\"logo\":{\"@type\":\"ImageObject\",\"inLanguage\":\"pt-BR\",\"@id\":\"https:\\\/\\\/arte351.pt\\\/art\\\/#\\\/schema\\\/logo\\\/image\\\/\",\"url\":\"https:\\\/\\\/arte351.pt\\\/art\\\/wp-content\\\/uploads\\\/2020\\\/03\\\/cropped-logo-arte351-color.png\",\"contentUrl\":\"https:\\\/\\\/arte351.pt\\\/art\\\/wp-content\\\/uploads\\\/2020\\\/03\\\/cropped-logo-arte351-color.png\",\"width\":514,\"height\":200,\"caption\":\"Arte351 - Art Magazine Portugal\"},\"image\":{\"@id\":\"https:\\\/\\\/arte351.pt\\\/art\\\/#\\\/schema\\\/logo\\\/image\\\/\"},\"sameAs\":[\"https:\\\/\\\/www.facebook.com\\\/arte351magazine\\\/\"]},{\"@type\":\"Person\",\"@id\":\"https:\\\/\\\/arte351.pt\\\/art\\\/#\\\/schema\\\/person\\\/f2cfae59497206be61c53c217757b930\",\"name\":\"Equipa Arte351\",\"image\":{\"@type\":\"ImageObject\",\"inLanguage\":\"pt-BR\",\"@id\":\"https:\\\/\\\/secure.gravatar.com\\\/avatar\\\/6caca56323d52e15e83fc5635240c86f7e52fd46fa8d5df9a709d99f5aa1638e?s=96&d=mm&r=g\",\"url\":\"https:\\\/\\\/secure.gravatar.com\\\/avatar\\\/6caca56323d52e15e83fc5635240c86f7e52fd46fa8d5df9a709d99f5aa1638e?s=96&d=mm&r=g\",\"contentUrl\":\"https:\\\/\\\/secure.gravatar.com\\\/avatar\\\/6caca56323d52e15e83fc5635240c86f7e52fd46fa8d5df9a709d99f5aa1638e?s=96&d=mm&r=g\",\"caption\":\"Equipa Arte351\"},\"url\":\"https:\\\/\\\/arte351.pt\\\/art\\\/author\\\/caroleenbass\\\/\"}]}<\/script>\n<!-- \/ Yoast SEO plugin. -->","yoast_head_json":{"title":"Nuno Vieira de Almeida e Susana Gaspar no Ciclo de M\u00fasica de C\u00e2mara do TMJB","robots":{"index":"index","follow":"follow","max-snippet":"max-snippet:-1","max-image-preview":"max-image-preview:large","max-video-preview":"max-video-preview:-1"},"canonical":"https:\/\/arte351.pt\/art\/2022\/05\/02\/nuno-vieira-de-almeida-e-susana-gaspar-no-ciclo-de-musica-de-camara-do-tmjb\/","og_locale":"pt_BR","og_type":"article","og_title":"Nuno Vieira de Almeida e Susana Gaspar no Ciclo de M\u00fasica de C\u00e2mara do TMJB","og_description":"Nuno Vieira de Almeida, ao piano, e Susana Gaspar, com a sua voz de soprano, trazem-nos obras de Fernando Lopes Gra\u00e7a, Richard Strauss e Kurt Weill. O espect\u00e1culo vai ser [&hellip;]","og_url":"https:\/\/arte351.pt\/art\/2022\/05\/02\/nuno-vieira-de-almeida-e-susana-gaspar-no-ciclo-de-musica-de-camara-do-tmjb\/","og_site_name":"Arte351 - Art Magazine Portugal","article_publisher":"https:\/\/www.facebook.com\/arte351magazine\/","article_published_time":"2022-05-02T07:10:12+00:00","author":"Equipa Arte351","twitter_misc":{"Escrito por":"Equipa Arte351","Est. tempo de leitura":"3 minutos"},"schema":{"@context":"https:\/\/schema.org","@graph":[{"@type":"Article","@id":"https:\/\/arte351.pt\/art\/2022\/05\/02\/nuno-vieira-de-almeida-e-susana-gaspar-no-ciclo-de-musica-de-camara-do-tmjb\/#article","isPartOf":{"@id":"https:\/\/arte351.pt\/art\/2022\/05\/02\/nuno-vieira-de-almeida-e-susana-gaspar-no-ciclo-de-musica-de-camara-do-tmjb\/"},"author":{"name":"Equipa Arte351","@id":"https:\/\/arte351.pt\/art\/#\/schema\/person\/f2cfae59497206be61c53c217757b930"},"headline":"Nuno Vieira de Almeida e Susana Gaspar no Ciclo de M\u00fasica de C\u00e2mara do TMJB","datePublished":"2022-05-02T07:10:12+00:00","mainEntityOfPage":{"@id":"https:\/\/arte351.pt\/art\/2022\/05\/02\/nuno-vieira-de-almeida-e-susana-gaspar-no-ciclo-de-musica-de-camara-do-tmjb\/"},"wordCount":638,"publisher":{"@id":"https:\/\/arte351.pt\/art\/#organization"},"keywords":["Teatro Municipal Joaquim Benite"],"articleSection":["Teatro"],"inLanguage":"pt-BR"},{"@type":"WebPage","@id":"https:\/\/arte351.pt\/art\/2022\/05\/02\/nuno-vieira-de-almeida-e-susana-gaspar-no-ciclo-de-musica-de-camara-do-tmjb\/","url":"https:\/\/arte351.pt\/art\/2022\/05\/02\/nuno-vieira-de-almeida-e-susana-gaspar-no-ciclo-de-musica-de-camara-do-tmjb\/","name":"Nuno Vieira de Almeida e Susana Gaspar no Ciclo de M\u00fasica de C\u00e2mara do TMJB","isPartOf":{"@id":"https:\/\/arte351.pt\/art\/#website"},"datePublished":"2022-05-02T07:10:12+00:00","breadcrumb":{"@id":"https:\/\/arte351.pt\/art\/2022\/05\/02\/nuno-vieira-de-almeida-e-susana-gaspar-no-ciclo-de-musica-de-camara-do-tmjb\/#breadcrumb"},"inLanguage":"pt-BR","potentialAction":[{"@type":"ReadAction","target":["https:\/\/arte351.pt\/art\/2022\/05\/02\/nuno-vieira-de-almeida-e-susana-gaspar-no-ciclo-de-musica-de-camara-do-tmjb\/"]}]},{"@type":"BreadcrumbList","@id":"https:\/\/arte351.pt\/art\/2022\/05\/02\/nuno-vieira-de-almeida-e-susana-gaspar-no-ciclo-de-musica-de-camara-do-tmjb\/#breadcrumb","itemListElement":[{"@type":"ListItem","position":1,"name":"In\u00edcio","item":"https:\/\/arte351.pt\/art\/"},{"@type":"ListItem","position":2,"name":"Nuno Vieira de Almeida e Susana Gaspar no Ciclo de M\u00fasica de C\u00e2mara do TMJB"}]},{"@type":"WebSite","@id":"https:\/\/arte351.pt\/art\/#website","url":"https:\/\/arte351.pt\/art\/","name":"Arte351 - Art Magazine Portugal","description":"","publisher":{"@id":"https:\/\/arte351.pt\/art\/#organization"},"potentialAction":[{"@type":"SearchAction","target":{"@type":"EntryPoint","urlTemplate":"https:\/\/arte351.pt\/art\/?s={search_term_string}"},"query-input":{"@type":"PropertyValueSpecification","valueRequired":true,"valueName":"search_term_string"}}],"inLanguage":"pt-BR"},{"@type":"Organization","@id":"https:\/\/arte351.pt\/art\/#organization","name":"Arte351 - Art Magazine Portugal","url":"https:\/\/arte351.pt\/art\/","logo":{"@type":"ImageObject","inLanguage":"pt-BR","@id":"https:\/\/arte351.pt\/art\/#\/schema\/logo\/image\/","url":"https:\/\/arte351.pt\/art\/wp-content\/uploads\/2020\/03\/cropped-logo-arte351-color.png","contentUrl":"https:\/\/arte351.pt\/art\/wp-content\/uploads\/2020\/03\/cropped-logo-arte351-color.png","width":514,"height":200,"caption":"Arte351 - Art Magazine Portugal"},"image":{"@id":"https:\/\/arte351.pt\/art\/#\/schema\/logo\/image\/"},"sameAs":["https:\/\/www.facebook.com\/arte351magazine\/"]},{"@type":"Person","@id":"https:\/\/arte351.pt\/art\/#\/schema\/person\/f2cfae59497206be61c53c217757b930","name":"Equipa Arte351","image":{"@type":"ImageObject","inLanguage":"pt-BR","@id":"https:\/\/secure.gravatar.com\/avatar\/6caca56323d52e15e83fc5635240c86f7e52fd46fa8d5df9a709d99f5aa1638e?s=96&d=mm&r=g","url":"https:\/\/secure.gravatar.com\/avatar\/6caca56323d52e15e83fc5635240c86f7e52fd46fa8d5df9a709d99f5aa1638e?s=96&d=mm&r=g","contentUrl":"https:\/\/secure.gravatar.com\/avatar\/6caca56323d52e15e83fc5635240c86f7e52fd46fa8d5df9a709d99f5aa1638e?s=96&d=mm&r=g","caption":"Equipa Arte351"},"url":"https:\/\/arte351.pt\/art\/author\/caroleenbass\/"}]}},"_links":{"self":[{"href":"https:\/\/arte351.pt\/art\/wp-json\/wp\/v2\/posts\/6702","targetHints":{"allow":["GET"]}}],"collection":[{"href":"https:\/\/arte351.pt\/art\/wp-json\/wp\/v2\/posts"}],"about":[{"href":"https:\/\/arte351.pt\/art\/wp-json\/wp\/v2\/types\/post"}],"author":[{"embeddable":true,"href":"https:\/\/arte351.pt\/art\/wp-json\/wp\/v2\/users\/3"}],"replies":[{"embeddable":true,"href":"https:\/\/arte351.pt\/art\/wp-json\/wp\/v2\/comments?post=6702"}],"version-history":[{"count":1,"href":"https:\/\/arte351.pt\/art\/wp-json\/wp\/v2\/posts\/6702\/revisions"}],"predecessor-version":[{"id":6703,"href":"https:\/\/arte351.pt\/art\/wp-json\/wp\/v2\/posts\/6702\/revisions\/6703"}],"wp:attachment":[{"href":"https:\/\/arte351.pt\/art\/wp-json\/wp\/v2\/media?parent=6702"}],"wp:term":[{"taxonomy":"category","embeddable":true,"href":"https:\/\/arte351.pt\/art\/wp-json\/wp\/v2\/categories?post=6702"},{"taxonomy":"post_tag","embeddable":true,"href":"https:\/\/arte351.pt\/art\/wp-json\/wp\/v2\/tags?post=6702"}],"curies":[{"name":"wp","href":"https:\/\/api.w.org\/{rel}","templated":true}]}}