{"id":6746,"date":"2022-05-13T13:06:26","date_gmt":"2022-05-13T13:06:26","guid":{"rendered":"https:\/\/arte351.pt\/art\/?p=6746"},"modified":"2022-05-13T13:09:30","modified_gmt":"2022-05-13T13:09:30","slug":"a-ultima-cena","status":"publish","type":"post","link":"https:\/\/arte351.pt\/art\/2022\/05\/13\/a-ultima-cena\/","title":{"rendered":"A \u00faltima cena"},"content":{"rendered":"<p>O Diretor de cinema Luchino Visconti, marxista de fam\u00edlia nobre, um dos principais nomes do Neorrealismo italiano, autor de obras primas como Rocco e seus irm\u00e3os, Ludwig, Os deuses malditos, Morte em Veneza, detalhista da imagem de forma a associarem sua obstina\u00e7\u00e3o com a escrita de Marcel Proust (Em busca do tempo perdido),dirigiu seu \u00faltimo filme, O Inocente, numa cadeira de rodas.<\/p>\n<p><img fetchpriority=\"high\" decoding=\"async\" class=\"alignnone size-large\" src=\"https:\/\/br.web.img2.acsta.net\/c_310_420\/medias\/nmedia\/18\/72\/24\/13\/20470924.jpg\" width=\"295\" height=\"400\" \/><\/p>\n<p>N\u00e3o h\u00e1 nenhum sinal, em todo o seu filme, que acene ou sugira uma consci\u00eancia da Morte. Ao contr\u00e1rio, o mesmo rigor marca sua dramaturgia e, especialmente, o foco seletivo por onde seu olhar se det\u00e9m, atento, numa celebra\u00e7\u00e3o da Beleza e da Vida \u2013 no mesmo exacerbado grau<br \/>\nvislumbrado em toda sua vasta Obra, testemunho de vitalidade e triunfo sobre a exist\u00eancia humana e suas manifesta\u00e7\u00f5es vibrantes.<\/p>\n<p>Se em Rocco \u00e9 a mis\u00e9ria que no entanto n\u00e3o corrompe a Esperan\u00e7a e o curso dos sentimentos \u2013 num espet\u00e1culo marcado pela urg\u00eancia de fazer sobreviver o Amor, em Morte em Veneza e Ludwig \u00e9 a luta contra a fal\u00eancia da mat\u00e9ria que s\u00f3 a Beleza \u00e9 capaz de vencer e se impor, apesar da decad\u00eancia que pousa sobre tudo que toca a m\u00e3o do Homem, menos os seus sentimentos.<\/p>\n<p>Seu filme Obsess\u00e3o (1943), a quem \u00e9 atribu\u00edda a pedra inaugural do movimento cinematogr\u00e1fico, apesar de seus anteriores Belissima e A terra treme, marca o in\u00edcio da abordagem da tem\u00e1tica homossexual na sua vasta Filmografia, vista pela quase sempre vesga cr\u00edtica cinematogr\u00e1fica e pela ent\u00e3o poderosa ascens\u00e3o da extrema direita na It\u00e1lia, com a reserva moral que coloca, pari passo, essas for\u00e7as aparentemente antag\u00f4nicas, mas sempre no mesmo paralelismo ideol\u00f3gico preconceituoso.<\/p>\n<p><img decoding=\"async\" class=\"alignnone size-large\" src=\"https:\/\/br.web.img3.acsta.net\/medias\/nmedia\/18\/94\/89\/02\/20366585.jpg\" width=\"356\" height=\"500\" \/><\/p>\n<p>A corajosa adapta\u00e7\u00e3o do romance de James L. Cain &#8211; e a livre inclus\u00e3o desse conflito no at\u00e9 ent\u00e3o intocado mundo do desejo masculino diagnostica a for\u00e7a vital desse criador contradit\u00f3rio e provocador.<\/p>\n<p>O Cinema de Visconti recusa-se a entregar suas armas de vigor existencial.O drama \u00e9 um labirinto onde seus personagens se chocam para, na dial\u00e9tica hegeliana, dar um passo adiante, buscar uma sa\u00edda e revelar-se, impiedosa, no desmanche de tudo o que possa significar maquiagem da realidade \u2013 como na cena final de Morte em Veneza, e o desmanche da tintura dos cabelos do personagem interpretado por Dick Bogarde.<\/p>\n<p>Ao retirar-se desta vida, em seu manifesto e testamento que reveste-se deste significado, O Inocente deixa, na Hist\u00f3ria da Arte e do Cinema, uma imagem transida de despedida \u2013 a figura feminina, no Plano final do filme, vai se afastando, de costas para a c\u00e2mera (o p\u00fablico) e vai sa\u00eddo de foco at\u00e9 metamorfosear-se em cores e leve movimento \u2013 constituindo a uma imagem que evoca o movimento Impressionista em sua forma e ess\u00eancia.<\/p>\n<p>Entra para a Eternidade reafirmando a inser\u00e7\u00e3o do Cinema no rol da express\u00e3o da Arte. Os pintores brasileiros Cl\u00e1udio Val\u00e9rio Teixeira e J\u00falio Paraty, figurativos, um de origem acad\u00eamica e o outro dos mais expressivos artistas do vi\u00e9s classificado como naive, relacionam-se atrav\u00e9s de seus trabalhos e\/ou de postura existencial, no enfrentamento face-a-face fora do limite da tela, manifestando a consci\u00eancia no ritual de despedida que, inconscientemente, suas posturas anunciam em suas derradeiras obras.<\/p>\n<p><img decoding=\"async\" class=\"alignnone size-full wp-image-6753\" src=\"https:\/\/arte351.pt\/art\/wp-content\/uploads\/2022\/05\/Ju\u0301lio-Paraty.jpg\" alt=\"\" width=\"539\" height=\"960\" srcset=\"https:\/\/arte351.pt\/art\/wp-content\/uploads\/2022\/05\/Ju\u0301lio-Paraty.jpg 539w, https:\/\/arte351.pt\/art\/wp-content\/uploads\/2022\/05\/Ju\u0301lio-Paraty-168x300.jpg 168w\" sizes=\"(max-width: 539px) 100vw, 539px\" \/><\/p>\n<p>Cl\u00e1udio, em sua \u00faltima exposi\u00e7\u00e3o \u2013 cujos trabalhos foram produzidos na quarentena \u2013 trincheira contra a morte que, inevitavelmente, o venceu contaminado pela Peste deste s\u00e9culo sombrio, apresentou um revelador autorretrato, exposto logo na entrada , onde aponta seus pinc\u00e9is para quem ousa enfrentar o seu olhar potente, ao mesmo tempo melanc\u00f3lico com que parece anunciar uma iminente partida.<\/p>\n<p>Mas enfrenta o espa\u00e7o para al\u00e9m da moldura, num salto que marcou a Obra de Lygia Clark ao libertar-se da tela e se lan\u00e7ar no espa\u00e7o f\u00edsico com seus Bichos met\u00e1licos. Ele n\u00e3o pretende o mesmo salto, mas assume o gesto metaf\u00f3rico de um di\u00e1logo subjetivo com o futuro \u2013 na contram\u00e3o do caminho pelo qual Visconti optou : um para dentro, tornando-se manifesta\u00e7\u00e3o pura de seu discurso; o outro, para fora, desafiando os que insistem em permanecerem observadores de sua Obra, na cumplicidade dos que, vivos, d\u00e3o o aval para a sua perman\u00eancia catalogada.<\/p>\n<p>J\u00falio Paraty, no filme que realizei sobre seu trabalho \u2013 uma imensa produ\u00e7\u00e3o de imagens evocativas das festas religiosas e do cotidiano de sua cidade natal \u00e0 qual homenageou acoplando seu nome \u00e0 sua assinatura, est\u00e1 marcado pela urg\u00eancia. A urg\u00eancia que sugere a consci\u00eancia de que seu tempo se esgotar\u00e1 a qualquer momento (como essas pessoas cuja vida breve foi marcada pela intensidade, como Janis Joplin, Jimmy Hendrix, Marilyn Monroe e Leila Diniz).<\/p>\n<p>O colorido de seu mundo pict\u00f3rico idealizado \u2013 povoado de anjos, arcanjos, sereias e t\u00edtulos paradis\u00edacos que denotam uma rela\u00e7\u00e3o plat\u00f4nica da vida \u2013 celebra a exist\u00eancia numa intermin\u00e1vel festa, registrando todas as que conheceu e s\u00e3o marcas da identidade cultural de Paraty.<\/p>\n<p>No filme da s\u00e9rie Atelier do Artista, a caminhada do artista por sua cidade, em visita\u00e7\u00e3o \u00e0s suas telas espalhadas por v\u00e1rios centros culturais (anterior \u00e0 sua grande Retrospectiva promovida pelo Museu Nacional de Belas Artes no inicio de 2020), e \u00e0s resid\u00eancias de colecionadores, na maioria das cenas filmadas em planos gerais, se ressalta a integra\u00e7\u00e3o dele com a cidade \u2013 universo, terreno e tema de seus quadros, at\u00e9 ele aproximar-se da c\u00e2mera, como se quisesse dar algum recado, dizer a senha de sua Obra para, ent\u00e3o, sair de cena e \u2013 como Visconti \u2013 permitir que tudo permane\u00e7a apenas como Cor.<\/p>\n<p>\u00c0 forma de relacionarem-se com a Morte (logo, com a Vida) desses tr\u00eas artistas, junta-se a declara\u00e7\u00e3o de Pasolini, atrav\u00e9s das palavras de Gioto, no Plano final do \u00faltimo epis\u00f3dio de seu filme Decameron sobre a superioridade perene da Arte sobre a exist\u00eancia humana.<\/p>\n<p>Procurem assistir.<\/p>\n<p style=\"text-align: right;\">Luiz Carlos Lacerda, cineasta.<br \/>\nEscrito em 2021\/2022.<\/p>\n<h5><em><a href=\"https:\/\/arte351.pt\/art\/category\/colunistas-2\/lc-lacerda\/\"><img loading=\"lazy\" decoding=\"async\" class=\"wp-image-2445 alignleft\" src=\"https:\/\/arte351.pt\/art\/wp-content\/uploads\/2018\/11\/avatar-lc-lacerda.jpg\" alt=\"\" width=\"82\" height=\"76\" \/>Coluna \u2013 Luiz Carlos Lacerda<\/a><\/em><\/h5>\n<div>\n<h5>Luiz Carlos Lacerda \u00e9 Realizador, Roteirista e Produtor brasileiro, com extenso curr\u00edculo no cinema brasileiro, tendo dirigido s\u00e9ries para TV sobre. Foi professor do Curso de Cinema da Universidade Est\u00e1cio de S\u00e1 (RJ), Escola Internacional de Cinema de Cuba, Polo do Pensamento Contempor\u00e2neo, N\u00f3s do Morro (RJ) e de diversas oficinas em mostras de cinema. \u00c9 membro do Conselho do Museu Nacional de Belas Artes (2018\/2019) e da Associa\u00e7\u00e3o Brasileira dos Cineastas. Poeta, colaborador de v\u00e1rios suplementos liter\u00e1rios e antologias po\u00e9ticas.<\/h5>\n<\/div>\n","protected":false},"excerpt":{"rendered":"<p>O Diretor de cinema Luchino Visconti, marxista de fam\u00edlia nobre, um dos principais nomes do Neorrealismo italiano, autor de obras primas como Rocco e seus irm\u00e3os, Ludwig, Os deuses malditos, [&hellip;]<\/p>\n","protected":false},"author":3,"featured_media":6751,"comment_status":"closed","ping_status":"closed","sticky":false,"template":"","format":"standard","meta":{"_exactmetrics_skip_tracking":false,"_exactmetrics_sitenote_active":false,"_exactmetrics_sitenote_note":"","_exactmetrics_sitenote_category":0,"_uf_show_specific_survey":0,"_uf_disable_surveys":false,"footnotes":""},"categories":[75],"tags":[],"class_list":["post-6746","post","type-post","status-publish","format-standard","has-post-thumbnail","hentry","category-lc-lacerda"],"yoast_head":"<!-- This site is optimized with the Yoast SEO plugin v27.3 - https:\/\/yoast.com\/product\/yoast-seo-wordpress\/ -->\n<title>A \u00faltima cena - Arte351 - Art Magazine Portugal<\/title>\n<meta name=\"robots\" content=\"index, follow, max-snippet:-1, max-image-preview:large, max-video-preview:-1\" \/>\n<link rel=\"canonical\" href=\"https:\/\/arte351.pt\/art\/2022\/05\/13\/a-ultima-cena\/\" \/>\n<meta property=\"og:locale\" content=\"pt_BR\" \/>\n<meta property=\"og:type\" content=\"article\" \/>\n<meta property=\"og:title\" content=\"A \u00faltima cena - Arte351 - Art Magazine Portugal\" \/>\n<meta property=\"og:description\" content=\"O Diretor de cinema Luchino Visconti, marxista de fam\u00edlia nobre, um dos principais nomes do Neorrealismo italiano, autor de obras primas como Rocco e seus irm\u00e3os, Ludwig, Os deuses malditos, [&hellip;]\" \/>\n<meta property=\"og:url\" content=\"https:\/\/arte351.pt\/art\/2022\/05\/13\/a-ultima-cena\/\" \/>\n<meta property=\"og:site_name\" content=\"Arte351 - Art Magazine Portugal\" \/>\n<meta property=\"article:publisher\" content=\"https:\/\/www.facebook.com\/arte351magazine\/\" \/>\n<meta property=\"article:published_time\" content=\"2022-05-13T13:06:26+00:00\" \/>\n<meta property=\"article:modified_time\" content=\"2022-05-13T13:09:30+00:00\" \/>\n<meta property=\"og:image\" content=\"https:\/\/arte351.pt\/art\/wp-content\/uploads\/2022\/05\/julio-paraty.jpg\" \/>\n\t<meta property=\"og:image:width\" content=\"1200\" \/>\n\t<meta property=\"og:image:height\" content=\"578\" \/>\n\t<meta property=\"og:image:type\" content=\"image\/jpeg\" \/>\n<meta name=\"author\" content=\"Equipa Arte351\" \/>\n<meta name=\"twitter:label1\" content=\"Escrito por\" \/>\n\t<meta name=\"twitter:data1\" content=\"Equipa Arte351\" \/>\n\t<meta name=\"twitter:label2\" content=\"Est. tempo de leitura\" \/>\n\t<meta name=\"twitter:data2\" content=\"7 minutos\" \/>\n<script type=\"application\/ld+json\" class=\"yoast-schema-graph\">{\"@context\":\"https:\\\/\\\/schema.org\",\"@graph\":[{\"@type\":\"Article\",\"@id\":\"https:\\\/\\\/arte351.pt\\\/art\\\/2022\\\/05\\\/13\\\/a-ultima-cena\\\/#article\",\"isPartOf\":{\"@id\":\"https:\\\/\\\/arte351.pt\\\/art\\\/2022\\\/05\\\/13\\\/a-ultima-cena\\\/\"},\"author\":{\"name\":\"Equipa Arte351\",\"@id\":\"https:\\\/\\\/arte351.pt\\\/art\\\/#\\\/schema\\\/person\\\/f2cfae59497206be61c53c217757b930\"},\"headline\":\"A \u00faltima cena\",\"datePublished\":\"2022-05-13T13:06:26+00:00\",\"dateModified\":\"2022-05-13T13:09:30+00:00\",\"mainEntityOfPage\":{\"@id\":\"https:\\\/\\\/arte351.pt\\\/art\\\/2022\\\/05\\\/13\\\/a-ultima-cena\\\/\"},\"wordCount\":1114,\"publisher\":{\"@id\":\"https:\\\/\\\/arte351.pt\\\/art\\\/#organization\"},\"image\":{\"@id\":\"https:\\\/\\\/arte351.pt\\\/art\\\/2022\\\/05\\\/13\\\/a-ultima-cena\\\/#primaryimage\"},\"thumbnailUrl\":\"https:\\\/\\\/arte351.pt\\\/art\\\/wp-content\\\/uploads\\\/2022\\\/05\\\/julio-paraty.jpg\",\"articleSection\":[\"Coluna \u2013 Luiz Carlos Lacerda\"],\"inLanguage\":\"pt-BR\"},{\"@type\":\"WebPage\",\"@id\":\"https:\\\/\\\/arte351.pt\\\/art\\\/2022\\\/05\\\/13\\\/a-ultima-cena\\\/\",\"url\":\"https:\\\/\\\/arte351.pt\\\/art\\\/2022\\\/05\\\/13\\\/a-ultima-cena\\\/\",\"name\":\"A \u00faltima cena - Arte351 - Art Magazine Portugal\",\"isPartOf\":{\"@id\":\"https:\\\/\\\/arte351.pt\\\/art\\\/#website\"},\"primaryImageOfPage\":{\"@id\":\"https:\\\/\\\/arte351.pt\\\/art\\\/2022\\\/05\\\/13\\\/a-ultima-cena\\\/#primaryimage\"},\"image\":{\"@id\":\"https:\\\/\\\/arte351.pt\\\/art\\\/2022\\\/05\\\/13\\\/a-ultima-cena\\\/#primaryimage\"},\"thumbnailUrl\":\"https:\\\/\\\/arte351.pt\\\/art\\\/wp-content\\\/uploads\\\/2022\\\/05\\\/julio-paraty.jpg\",\"datePublished\":\"2022-05-13T13:06:26+00:00\",\"dateModified\":\"2022-05-13T13:09:30+00:00\",\"breadcrumb\":{\"@id\":\"https:\\\/\\\/arte351.pt\\\/art\\\/2022\\\/05\\\/13\\\/a-ultima-cena\\\/#breadcrumb\"},\"inLanguage\":\"pt-BR\",\"potentialAction\":[{\"@type\":\"ReadAction\",\"target\":[\"https:\\\/\\\/arte351.pt\\\/art\\\/2022\\\/05\\\/13\\\/a-ultima-cena\\\/\"]}]},{\"@type\":\"ImageObject\",\"inLanguage\":\"pt-BR\",\"@id\":\"https:\\\/\\\/arte351.pt\\\/art\\\/2022\\\/05\\\/13\\\/a-ultima-cena\\\/#primaryimage\",\"url\":\"https:\\\/\\\/arte351.pt\\\/art\\\/wp-content\\\/uploads\\\/2022\\\/05\\\/julio-paraty.jpg\",\"contentUrl\":\"https:\\\/\\\/arte351.pt\\\/art\\\/wp-content\\\/uploads\\\/2022\\\/05\\\/julio-paraty.jpg\",\"width\":1200,\"height\":578},{\"@type\":\"BreadcrumbList\",\"@id\":\"https:\\\/\\\/arte351.pt\\\/art\\\/2022\\\/05\\\/13\\\/a-ultima-cena\\\/#breadcrumb\",\"itemListElement\":[{\"@type\":\"ListItem\",\"position\":1,\"name\":\"In\u00edcio\",\"item\":\"https:\\\/\\\/arte351.pt\\\/art\\\/\"},{\"@type\":\"ListItem\",\"position\":2,\"name\":\"A \u00faltima cena\"}]},{\"@type\":\"WebSite\",\"@id\":\"https:\\\/\\\/arte351.pt\\\/art\\\/#website\",\"url\":\"https:\\\/\\\/arte351.pt\\\/art\\\/\",\"name\":\"Arte351 - Art Magazine Portugal\",\"description\":\"\",\"publisher\":{\"@id\":\"https:\\\/\\\/arte351.pt\\\/art\\\/#organization\"},\"potentialAction\":[{\"@type\":\"SearchAction\",\"target\":{\"@type\":\"EntryPoint\",\"urlTemplate\":\"https:\\\/\\\/arte351.pt\\\/art\\\/?s={search_term_string}\"},\"query-input\":{\"@type\":\"PropertyValueSpecification\",\"valueRequired\":true,\"valueName\":\"search_term_string\"}}],\"inLanguage\":\"pt-BR\"},{\"@type\":\"Organization\",\"@id\":\"https:\\\/\\\/arte351.pt\\\/art\\\/#organization\",\"name\":\"Arte351 - Art Magazine Portugal\",\"url\":\"https:\\\/\\\/arte351.pt\\\/art\\\/\",\"logo\":{\"@type\":\"ImageObject\",\"inLanguage\":\"pt-BR\",\"@id\":\"https:\\\/\\\/arte351.pt\\\/art\\\/#\\\/schema\\\/logo\\\/image\\\/\",\"url\":\"https:\\\/\\\/arte351.pt\\\/art\\\/wp-content\\\/uploads\\\/2020\\\/03\\\/cropped-logo-arte351-color.png\",\"contentUrl\":\"https:\\\/\\\/arte351.pt\\\/art\\\/wp-content\\\/uploads\\\/2020\\\/03\\\/cropped-logo-arte351-color.png\",\"width\":514,\"height\":200,\"caption\":\"Arte351 - Art Magazine Portugal\"},\"image\":{\"@id\":\"https:\\\/\\\/arte351.pt\\\/art\\\/#\\\/schema\\\/logo\\\/image\\\/\"},\"sameAs\":[\"https:\\\/\\\/www.facebook.com\\\/arte351magazine\\\/\"]},{\"@type\":\"Person\",\"@id\":\"https:\\\/\\\/arte351.pt\\\/art\\\/#\\\/schema\\\/person\\\/f2cfae59497206be61c53c217757b930\",\"name\":\"Equipa Arte351\",\"image\":{\"@type\":\"ImageObject\",\"inLanguage\":\"pt-BR\",\"@id\":\"https:\\\/\\\/secure.gravatar.com\\\/avatar\\\/6caca56323d52e15e83fc5635240c86f7e52fd46fa8d5df9a709d99f5aa1638e?s=96&d=mm&r=g\",\"url\":\"https:\\\/\\\/secure.gravatar.com\\\/avatar\\\/6caca56323d52e15e83fc5635240c86f7e52fd46fa8d5df9a709d99f5aa1638e?s=96&d=mm&r=g\",\"contentUrl\":\"https:\\\/\\\/secure.gravatar.com\\\/avatar\\\/6caca56323d52e15e83fc5635240c86f7e52fd46fa8d5df9a709d99f5aa1638e?s=96&d=mm&r=g\",\"caption\":\"Equipa Arte351\"},\"url\":\"https:\\\/\\\/arte351.pt\\\/art\\\/author\\\/caroleenbass\\\/\"}]}<\/script>\n<!-- \/ Yoast SEO plugin. -->","yoast_head_json":{"title":"A \u00faltima cena - Arte351 - Art Magazine Portugal","robots":{"index":"index","follow":"follow","max-snippet":"max-snippet:-1","max-image-preview":"max-image-preview:large","max-video-preview":"max-video-preview:-1"},"canonical":"https:\/\/arte351.pt\/art\/2022\/05\/13\/a-ultima-cena\/","og_locale":"pt_BR","og_type":"article","og_title":"A \u00faltima cena - Arte351 - Art Magazine Portugal","og_description":"O Diretor de cinema Luchino Visconti, marxista de fam\u00edlia nobre, um dos principais nomes do Neorrealismo italiano, autor de obras primas como Rocco e seus irm\u00e3os, Ludwig, Os deuses malditos, [&hellip;]","og_url":"https:\/\/arte351.pt\/art\/2022\/05\/13\/a-ultima-cena\/","og_site_name":"Arte351 - Art Magazine Portugal","article_publisher":"https:\/\/www.facebook.com\/arte351magazine\/","article_published_time":"2022-05-13T13:06:26+00:00","article_modified_time":"2022-05-13T13:09:30+00:00","og_image":[{"width":1200,"height":578,"url":"https:\/\/arte351.pt\/art\/wp-content\/uploads\/2022\/05\/julio-paraty.jpg","type":"image\/jpeg"}],"author":"Equipa Arte351","twitter_misc":{"Escrito por":"Equipa Arte351","Est. tempo de leitura":"7 minutos"},"schema":{"@context":"https:\/\/schema.org","@graph":[{"@type":"Article","@id":"https:\/\/arte351.pt\/art\/2022\/05\/13\/a-ultima-cena\/#article","isPartOf":{"@id":"https:\/\/arte351.pt\/art\/2022\/05\/13\/a-ultima-cena\/"},"author":{"name":"Equipa Arte351","@id":"https:\/\/arte351.pt\/art\/#\/schema\/person\/f2cfae59497206be61c53c217757b930"},"headline":"A \u00faltima cena","datePublished":"2022-05-13T13:06:26+00:00","dateModified":"2022-05-13T13:09:30+00:00","mainEntityOfPage":{"@id":"https:\/\/arte351.pt\/art\/2022\/05\/13\/a-ultima-cena\/"},"wordCount":1114,"publisher":{"@id":"https:\/\/arte351.pt\/art\/#organization"},"image":{"@id":"https:\/\/arte351.pt\/art\/2022\/05\/13\/a-ultima-cena\/#primaryimage"},"thumbnailUrl":"https:\/\/arte351.pt\/art\/wp-content\/uploads\/2022\/05\/julio-paraty.jpg","articleSection":["Coluna \u2013 Luiz Carlos Lacerda"],"inLanguage":"pt-BR"},{"@type":"WebPage","@id":"https:\/\/arte351.pt\/art\/2022\/05\/13\/a-ultima-cena\/","url":"https:\/\/arte351.pt\/art\/2022\/05\/13\/a-ultima-cena\/","name":"A \u00faltima cena - Arte351 - Art Magazine Portugal","isPartOf":{"@id":"https:\/\/arte351.pt\/art\/#website"},"primaryImageOfPage":{"@id":"https:\/\/arte351.pt\/art\/2022\/05\/13\/a-ultima-cena\/#primaryimage"},"image":{"@id":"https:\/\/arte351.pt\/art\/2022\/05\/13\/a-ultima-cena\/#primaryimage"},"thumbnailUrl":"https:\/\/arte351.pt\/art\/wp-content\/uploads\/2022\/05\/julio-paraty.jpg","datePublished":"2022-05-13T13:06:26+00:00","dateModified":"2022-05-13T13:09:30+00:00","breadcrumb":{"@id":"https:\/\/arte351.pt\/art\/2022\/05\/13\/a-ultima-cena\/#breadcrumb"},"inLanguage":"pt-BR","potentialAction":[{"@type":"ReadAction","target":["https:\/\/arte351.pt\/art\/2022\/05\/13\/a-ultima-cena\/"]}]},{"@type":"ImageObject","inLanguage":"pt-BR","@id":"https:\/\/arte351.pt\/art\/2022\/05\/13\/a-ultima-cena\/#primaryimage","url":"https:\/\/arte351.pt\/art\/wp-content\/uploads\/2022\/05\/julio-paraty.jpg","contentUrl":"https:\/\/arte351.pt\/art\/wp-content\/uploads\/2022\/05\/julio-paraty.jpg","width":1200,"height":578},{"@type":"BreadcrumbList","@id":"https:\/\/arte351.pt\/art\/2022\/05\/13\/a-ultima-cena\/#breadcrumb","itemListElement":[{"@type":"ListItem","position":1,"name":"In\u00edcio","item":"https:\/\/arte351.pt\/art\/"},{"@type":"ListItem","position":2,"name":"A \u00faltima cena"}]},{"@type":"WebSite","@id":"https:\/\/arte351.pt\/art\/#website","url":"https:\/\/arte351.pt\/art\/","name":"Arte351 - Art Magazine Portugal","description":"","publisher":{"@id":"https:\/\/arte351.pt\/art\/#organization"},"potentialAction":[{"@type":"SearchAction","target":{"@type":"EntryPoint","urlTemplate":"https:\/\/arte351.pt\/art\/?s={search_term_string}"},"query-input":{"@type":"PropertyValueSpecification","valueRequired":true,"valueName":"search_term_string"}}],"inLanguage":"pt-BR"},{"@type":"Organization","@id":"https:\/\/arte351.pt\/art\/#organization","name":"Arte351 - Art Magazine Portugal","url":"https:\/\/arte351.pt\/art\/","logo":{"@type":"ImageObject","inLanguage":"pt-BR","@id":"https:\/\/arte351.pt\/art\/#\/schema\/logo\/image\/","url":"https:\/\/arte351.pt\/art\/wp-content\/uploads\/2020\/03\/cropped-logo-arte351-color.png","contentUrl":"https:\/\/arte351.pt\/art\/wp-content\/uploads\/2020\/03\/cropped-logo-arte351-color.png","width":514,"height":200,"caption":"Arte351 - Art Magazine Portugal"},"image":{"@id":"https:\/\/arte351.pt\/art\/#\/schema\/logo\/image\/"},"sameAs":["https:\/\/www.facebook.com\/arte351magazine\/"]},{"@type":"Person","@id":"https:\/\/arte351.pt\/art\/#\/schema\/person\/f2cfae59497206be61c53c217757b930","name":"Equipa Arte351","image":{"@type":"ImageObject","inLanguage":"pt-BR","@id":"https:\/\/secure.gravatar.com\/avatar\/6caca56323d52e15e83fc5635240c86f7e52fd46fa8d5df9a709d99f5aa1638e?s=96&d=mm&r=g","url":"https:\/\/secure.gravatar.com\/avatar\/6caca56323d52e15e83fc5635240c86f7e52fd46fa8d5df9a709d99f5aa1638e?s=96&d=mm&r=g","contentUrl":"https:\/\/secure.gravatar.com\/avatar\/6caca56323d52e15e83fc5635240c86f7e52fd46fa8d5df9a709d99f5aa1638e?s=96&d=mm&r=g","caption":"Equipa Arte351"},"url":"https:\/\/arte351.pt\/art\/author\/caroleenbass\/"}]}},"_links":{"self":[{"href":"https:\/\/arte351.pt\/art\/wp-json\/wp\/v2\/posts\/6746","targetHints":{"allow":["GET"]}}],"collection":[{"href":"https:\/\/arte351.pt\/art\/wp-json\/wp\/v2\/posts"}],"about":[{"href":"https:\/\/arte351.pt\/art\/wp-json\/wp\/v2\/types\/post"}],"author":[{"embeddable":true,"href":"https:\/\/arte351.pt\/art\/wp-json\/wp\/v2\/users\/3"}],"replies":[{"embeddable":true,"href":"https:\/\/arte351.pt\/art\/wp-json\/wp\/v2\/comments?post=6746"}],"version-history":[{"count":2,"href":"https:\/\/arte351.pt\/art\/wp-json\/wp\/v2\/posts\/6746\/revisions"}],"predecessor-version":[{"id":6754,"href":"https:\/\/arte351.pt\/art\/wp-json\/wp\/v2\/posts\/6746\/revisions\/6754"}],"wp:featuredmedia":[{"embeddable":true,"href":"https:\/\/arte351.pt\/art\/wp-json\/wp\/v2\/media\/6751"}],"wp:attachment":[{"href":"https:\/\/arte351.pt\/art\/wp-json\/wp\/v2\/media?parent=6746"}],"wp:term":[{"taxonomy":"category","embeddable":true,"href":"https:\/\/arte351.pt\/art\/wp-json\/wp\/v2\/categories?post=6746"},{"taxonomy":"post_tag","embeddable":true,"href":"https:\/\/arte351.pt\/art\/wp-json\/wp\/v2\/tags?post=6746"}],"curies":[{"name":"wp","href":"https:\/\/api.w.org\/{rel}","templated":true}]}}