{"id":685,"date":"2016-06-04T17:36:10","date_gmt":"2016-06-04T17:36:10","guid":{"rendered":"http:\/\/arte351.pt\/art\/?p=685"},"modified":"2016-06-04T17:36:10","modified_gmt":"2016-06-04T17:36:10","slug":"rio-cidade-sede","status":"publish","type":"post","link":"https:\/\/arte351.pt\/art\/2016\/06\/04\/rio-cidade-sede\/","title":{"rendered":"RIO, CIDADE-SEDE"},"content":{"rendered":"<figure id=\"attachment_688\" class=\"thumbnail wp-caption alignleft\" style=\"width: 410px\"><img fetchpriority=\"high\" decoding=\"async\" class=\"wp-image-688\" src=\"https:\/\/arte351.pt\/art\/wp-content\/uploads\/2016\/06\/slide_005_002.jpg\" width=\"400\" height=\"564\" \/><figcaption class=\"caption wp-caption-text\">Ermelinda<\/figcaption><\/figure>\n<p style=\"text-align: justify;\">Mais de 10 pintores brasileiros mostram os encantos da cidade carioca sob a \u00f3tica naif aos visitantes do Museu Internacional de Arte Na\u00eff, Cosme Velho, Rio de Janeiro, RJ, Brasil, na exposi\u00e7\u00e3o \u201cRio, Cidade-Sede Maravilhosa&#8221;. Patrocinada pela Secretaria Municipal de Cultura, a mostra abre no dia 02 de junho, e conta com cerca de 25 telas &#8211; muitas in\u00e9ditas &#8211; retratando as praias, contornos e relevo da natureza exuberante do Rio de Janeiro atrav\u00e9s das pinceladas de artistas como Lia Mittarakis, Bebeth, Dalvan, Fabio Sombra, Ozias, Sergio Murillo, Roberto de Carvalho, Helena Coelho, Cezino e Tomz\u00e9.<\/p>\n<p style=\"text-align: justify;\">Jacqueline Finkelstein, muse\u00f3loga e diretora do MIAN, que assina a curadoria, destaca alguns quadros, como &#8220;Pichadores II&#8221; e &#8220;Piscin\u00e3o de Ramos&#8221;, de Dalvan, al\u00e9m de um em especial, feito por Helena Coelho e doado pela artista para o fundador do MIAN, Lucien Finkelstein, quando ele comemorou seus 70 anos, \u201cHomenagem aos 70 anos de Lucien\u201d. A curadora dividiu a exposi\u00e7\u00e3o em dois espa\u00e7os: Galeria Sensorial, no t\u00e9rreo, e Sala de Atividades Educativas, no subsolo. Um gigantesco painel interativo localizado nos jardins do museu ir\u00e1 reproduzir a tela &#8220;Jardim Bot\u00e2nico&#8221; da artista Bebeth, possibilitando que os visitantes tirem fotos com os rostos posicionados nos locais indicados. A produ\u00e7\u00e3o \u00e9 assinada pela Arte Cultura, dirigida pela gestora cultural Patr\u00edcia Castro.<\/p>\n<p style=\"text-align: justify;\">Esculturas t\u00e1teis<\/p>\n<p style=\"text-align: justify;\">Segundo Tatiana Levy, coordenadora s\u00f3cio-educativa do MIAN, as seis esculturas t\u00e1teis agregam um aspecto tridimensional \u00e0s pinturas, uma vez que apresentam interpreta\u00e7\u00f5es das obras, criadas pelas arte-educadoras Maria Matina e Licia Gomes, feitas a partir de materiais reutilizados. \u201cAs esculturas ficar\u00e3o pr\u00f3ximas de suas obras &#8220;m\u00e3e&#8221;, permitindo que atrav\u00e9s do toque o p\u00fablico sinta-se transportado para os Arcos da Lapa, Morro do Corcovado, P\u00e3o de A\u00e7\u00facar, Maracan\u00e3, Jardim Bot\u00e2nico e as praias. A ideia \u00e9 brincar e imaginar-se parte da cidade, passeando atrav\u00e9s do olhar e do toque por atrativos culturais e naturais do Rio\u201d, explica Tatiana.<\/p>\n<p style=\"text-align: justify;\">Sobre o MIAN<\/p>\n<p style=\"text-align: justify;\">Com 20 anos de exist\u00eancia, o MIAN \u00e9 o maior museu de arte na\u00eff da Am\u00e9rica Latina. Localizado no Cosme Velho, em um casar\u00e3o do s\u00e9culo XIX, pr\u00f3ximo ao Trem do Corcovado, o museu conta com um acervo de 6 mil obras de artistas de todos os estados brasileiros e de mais de 100 pa\u00edses. As telas abrangem um per\u00edodo extenso desde o s\u00e9culo XV at\u00e9 os dias atuais, oferecendo um panorama diversificado da arte na\u00eff.<\/p>\n<figure id=\"attachment_687\" class=\"thumbnail wp-caption aligncenter\" style=\"width: 810px\"><img decoding=\"async\" class=\"wp-image-687 size-full\" src=\"https:\/\/arte351.pt\/art\/wp-content\/uploads\/2016\/06\/slide_005_001.jpg\" width=\"800\" height=\"645\" srcset=\"https:\/\/arte351.pt\/art\/wp-content\/uploads\/2016\/06\/slide_005_001.jpg 800w, https:\/\/arte351.pt\/art\/wp-content\/uploads\/2016\/06\/slide_005_001-300x242.jpg 300w, https:\/\/arte351.pt\/art\/wp-content\/uploads\/2016\/06\/slide_005_001-768x619.jpg 768w\" sizes=\"(max-width: 800px) 100vw, 800px\" \/><figcaption class=\"caption wp-caption-text\">Lia Mittarakis<\/figcaption><\/figure>\n<p>&nbsp;<\/p>\n<figure id=\"attachment_689\" class=\"thumbnail wp-caption aligncenter\" style=\"width: 810px\"><img decoding=\"async\" class=\"wp-image-689 size-full\" src=\"https:\/\/arte351.pt\/art\/wp-content\/uploads\/2016\/06\/slide_005_003.jpg\" width=\"800\" height=\"561\" srcset=\"https:\/\/arte351.pt\/art\/wp-content\/uploads\/2016\/06\/slide_005_003.jpg 800w, https:\/\/arte351.pt\/art\/wp-content\/uploads\/2016\/06\/slide_005_003-300x210.jpg 300w, https:\/\/arte351.pt\/art\/wp-content\/uploads\/2016\/06\/slide_005_003-768x539.jpg 768w\" sizes=\"(max-width: 800px) 100vw, 800px\" \/><figcaption class=\"caption wp-caption-text\">Rocha Maia<\/figcaption><\/figure>\n<p>&nbsp;<\/p>\n<figure id=\"attachment_690\" class=\"thumbnail wp-caption aligncenter\" style=\"width: 810px\"><img loading=\"lazy\" decoding=\"async\" class=\"wp-image-690 \" src=\"https:\/\/arte351.pt\/art\/wp-content\/uploads\/2016\/06\/slide_005_004-1024x685.jpg\" width=\"800\" height=\"504\" \/><figcaption class=\"caption wp-caption-text\">Helena Coelho<\/figcaption><\/figure>\n<p style=\"text-align: justify;\">At\u00e9 31 de outubro.<\/p>\n<p style=\"text-align: justify;\">\n<h5 style=\"text-align: justify;\"><em><a href=\"https:\/\/arte351.pt\/art\/category\/colunistas-2\/colunistas\/\"><img loading=\"lazy\" decoding=\"async\" class=\"alignleft wp-image-398\" src=\"https:\/\/arte351.pt\/art\/wp-content\/uploads\/2016\/03\/avatar_renato_rosa-300x300.jpg\" alt=\"avatar_renato_rosa\" width=\"80\" height=\"80\" srcset=\"https:\/\/arte351.pt\/art\/wp-content\/uploads\/2016\/03\/avatar_renato_rosa-300x300.jpg 300w, https:\/\/arte351.pt\/art\/wp-content\/uploads\/2016\/03\/avatar_renato_rosa-150x150.jpg 150w, https:\/\/arte351.pt\/art\/wp-content\/uploads\/2016\/03\/avatar_renato_rosa.jpg 600w\" sizes=\"(max-width: 80px) 100vw, 80px\" \/><\/a><\/em><\/h5>\n<h5 style=\"text-align: justify;\"><em><a href=\"https:\/\/arte351.pt\/art\/category\/colunistas-2\/colunistas\/\">Coluna &#8211; <b class=\"gmail_sendername\">Renato Rosa<\/b><\/a><\/em><\/h5>\n<div>\n<h5 style=\"text-align: justify;\">Renato Rosa, brasileiro, S\u00e3o Gabriel, RS, Brasil, 1946. Marchand, pesquisador, editor do jornal cultural O PARALELO do site <a href=\"http:\/\/www.bolsadearte.com\/oparalelo\" target=\"_blank\">www.bolsadearte.com\/<wbr \/>oparalelo<\/a>, co-autor do \u201cDicion\u00e1rio de Artes Pl\u00e1sticas no Rio Grande do Sul\u201d, (2\u00aa edi\u00e7\u00e3o, 2000, esgotada) Editora da Universidade\/UFRGS.<\/h5>\n<\/div>\n","protected":false},"excerpt":{"rendered":"<p>Mais de 10 pintores brasileiros mostram os encantos da cidade carioca sob a \u00f3tica naif aos visitantes do Museu Internacional de Arte Na\u00eff, Cosme Velho, Rio de Janeiro, RJ, Brasil, [&hellip;]<\/p>\n","protected":false},"author":34415,"featured_media":686,"comment_status":"open","ping_status":"open","sticky":false,"template":"","format":"standard","meta":{"_exactmetrics_skip_tracking":false,"_exactmetrics_sitenote_active":false,"_exactmetrics_sitenote_note":"","_exactmetrics_sitenote_category":0,"_uf_show_specific_survey":0,"_uf_disable_surveys":false,"footnotes":""},"categories":[7],"tags":[],"class_list":["post-685","post","type-post","status-publish","format-standard","has-post-thumbnail","hentry","category-colunistas"],"yoast_head":"<!-- This site is optimized with the Yoast SEO plugin v27.3 - https:\/\/yoast.com\/product\/yoast-seo-wordpress\/ -->\n<title>RIO, CIDADE-SEDE - Arte351 - Art Magazine Portugal<\/title>\n<meta name=\"robots\" content=\"index, follow, max-snippet:-1, max-image-preview:large, max-video-preview:-1\" \/>\n<link rel=\"canonical\" href=\"https:\/\/arte351.pt\/art\/2016\/06\/04\/rio-cidade-sede\/\" \/>\n<meta property=\"og:locale\" content=\"pt_BR\" \/>\n<meta property=\"og:type\" content=\"article\" \/>\n<meta property=\"og:title\" content=\"RIO, CIDADE-SEDE - Arte351 - Art Magazine Portugal\" \/>\n<meta property=\"og:description\" content=\"Mais de 10 pintores brasileiros mostram os encantos da cidade carioca sob a \u00f3tica naif aos visitantes do Museu Internacional de Arte Na\u00eff, Cosme Velho, Rio de Janeiro, RJ, Brasil, [&hellip;]\" \/>\n<meta property=\"og:url\" content=\"https:\/\/arte351.pt\/art\/2016\/06\/04\/rio-cidade-sede\/\" \/>\n<meta property=\"og:site_name\" content=\"Arte351 - Art Magazine Portugal\" \/>\n<meta property=\"article:publisher\" content=\"https:\/\/www.facebook.com\/arte351magazine\/\" \/>\n<meta property=\"article:published_time\" content=\"2016-06-04T17:36:10+00:00\" \/>\n<meta property=\"og:image\" content=\"https:\/\/arte351.pt\/art\/wp-content\/uploads\/2016\/06\/slide_005_000.jpg\" \/>\n\t<meta property=\"og:image:width\" content=\"1280\" \/>\n\t<meta property=\"og:image:height\" content=\"600\" \/>\n\t<meta property=\"og:image:type\" content=\"image\/jpeg\" \/>\n<meta name=\"author\" content=\"Equipa Arte 351\" \/>\n<meta name=\"twitter:label1\" content=\"Escrito por\" \/>\n\t<meta name=\"twitter:data1\" content=\"Equipa Arte 351\" \/>\n\t<meta name=\"twitter:label2\" content=\"Est. tempo de leitura\" \/>\n\t<meta name=\"twitter:data2\" content=\"3 minutos\" \/>\n<script type=\"application\/ld+json\" class=\"yoast-schema-graph\">{\"@context\":\"https:\\\/\\\/schema.org\",\"@graph\":[{\"@type\":\"Article\",\"@id\":\"https:\\\/\\\/arte351.pt\\\/art\\\/2016\\\/06\\\/04\\\/rio-cidade-sede\\\/#article\",\"isPartOf\":{\"@id\":\"https:\\\/\\\/arte351.pt\\\/art\\\/2016\\\/06\\\/04\\\/rio-cidade-sede\\\/\"},\"author\":{\"name\":\"Equipa Arte 351\",\"@id\":\"https:\\\/\\\/arte351.pt\\\/art\\\/#\\\/schema\\\/person\\\/1d081d5dbc7c2a3f2317da95c823a5bd\"},\"headline\":\"RIO, CIDADE-SEDE\",\"datePublished\":\"2016-06-04T17:36:10+00:00\",\"mainEntityOfPage\":{\"@id\":\"https:\\\/\\\/arte351.pt\\\/art\\\/2016\\\/06\\\/04\\\/rio-cidade-sede\\\/\"},\"wordCount\":505,\"commentCount\":0,\"publisher\":{\"@id\":\"https:\\\/\\\/arte351.pt\\\/art\\\/#organization\"},\"image\":{\"@id\":\"https:\\\/\\\/arte351.pt\\\/art\\\/2016\\\/06\\\/04\\\/rio-cidade-sede\\\/#primaryimage\"},\"thumbnailUrl\":\"https:\\\/\\\/arte351.pt\\\/art\\\/wp-content\\\/uploads\\\/2016\\\/06\\\/slide_005_000.jpg\",\"articleSection\":[\"Coluna - Renato Rosa\"],\"inLanguage\":\"pt-BR\",\"potentialAction\":[{\"@type\":\"CommentAction\",\"name\":\"Comment\",\"target\":[\"https:\\\/\\\/arte351.pt\\\/art\\\/2016\\\/06\\\/04\\\/rio-cidade-sede\\\/#respond\"]}]},{\"@type\":\"WebPage\",\"@id\":\"https:\\\/\\\/arte351.pt\\\/art\\\/2016\\\/06\\\/04\\\/rio-cidade-sede\\\/\",\"url\":\"https:\\\/\\\/arte351.pt\\\/art\\\/2016\\\/06\\\/04\\\/rio-cidade-sede\\\/\",\"name\":\"RIO, CIDADE-SEDE - Arte351 - Art Magazine Portugal\",\"isPartOf\":{\"@id\":\"https:\\\/\\\/arte351.pt\\\/art\\\/#website\"},\"primaryImageOfPage\":{\"@id\":\"https:\\\/\\\/arte351.pt\\\/art\\\/2016\\\/06\\\/04\\\/rio-cidade-sede\\\/#primaryimage\"},\"image\":{\"@id\":\"https:\\\/\\\/arte351.pt\\\/art\\\/2016\\\/06\\\/04\\\/rio-cidade-sede\\\/#primaryimage\"},\"thumbnailUrl\":\"https:\\\/\\\/arte351.pt\\\/art\\\/wp-content\\\/uploads\\\/2016\\\/06\\\/slide_005_000.jpg\",\"datePublished\":\"2016-06-04T17:36:10+00:00\",\"breadcrumb\":{\"@id\":\"https:\\\/\\\/arte351.pt\\\/art\\\/2016\\\/06\\\/04\\\/rio-cidade-sede\\\/#breadcrumb\"},\"inLanguage\":\"pt-BR\",\"potentialAction\":[{\"@type\":\"ReadAction\",\"target\":[\"https:\\\/\\\/arte351.pt\\\/art\\\/2016\\\/06\\\/04\\\/rio-cidade-sede\\\/\"]}]},{\"@type\":\"ImageObject\",\"inLanguage\":\"pt-BR\",\"@id\":\"https:\\\/\\\/arte351.pt\\\/art\\\/2016\\\/06\\\/04\\\/rio-cidade-sede\\\/#primaryimage\",\"url\":\"https:\\\/\\\/arte351.pt\\\/art\\\/wp-content\\\/uploads\\\/2016\\\/06\\\/slide_005_000.jpg\",\"contentUrl\":\"https:\\\/\\\/arte351.pt\\\/art\\\/wp-content\\\/uploads\\\/2016\\\/06\\\/slide_005_000.jpg\",\"width\":1280,\"height\":600},{\"@type\":\"BreadcrumbList\",\"@id\":\"https:\\\/\\\/arte351.pt\\\/art\\\/2016\\\/06\\\/04\\\/rio-cidade-sede\\\/#breadcrumb\",\"itemListElement\":[{\"@type\":\"ListItem\",\"position\":1,\"name\":\"In\u00edcio\",\"item\":\"https:\\\/\\\/arte351.pt\\\/art\\\/\"},{\"@type\":\"ListItem\",\"position\":2,\"name\":\"RIO, CIDADE-SEDE\"}]},{\"@type\":\"WebSite\",\"@id\":\"https:\\\/\\\/arte351.pt\\\/art\\\/#website\",\"url\":\"https:\\\/\\\/arte351.pt\\\/art\\\/\",\"name\":\"Arte351 - Art Magazine Portugal\",\"description\":\"\",\"publisher\":{\"@id\":\"https:\\\/\\\/arte351.pt\\\/art\\\/#organization\"},\"potentialAction\":[{\"@type\":\"SearchAction\",\"target\":{\"@type\":\"EntryPoint\",\"urlTemplate\":\"https:\\\/\\\/arte351.pt\\\/art\\\/?s={search_term_string}\"},\"query-input\":{\"@type\":\"PropertyValueSpecification\",\"valueRequired\":true,\"valueName\":\"search_term_string\"}}],\"inLanguage\":\"pt-BR\"},{\"@type\":\"Organization\",\"@id\":\"https:\\\/\\\/arte351.pt\\\/art\\\/#organization\",\"name\":\"Arte351 - Art Magazine Portugal\",\"url\":\"https:\\\/\\\/arte351.pt\\\/art\\\/\",\"logo\":{\"@type\":\"ImageObject\",\"inLanguage\":\"pt-BR\",\"@id\":\"https:\\\/\\\/arte351.pt\\\/art\\\/#\\\/schema\\\/logo\\\/image\\\/\",\"url\":\"https:\\\/\\\/arte351.pt\\\/art\\\/wp-content\\\/uploads\\\/2020\\\/03\\\/cropped-logo-arte351-color.png\",\"contentUrl\":\"https:\\\/\\\/arte351.pt\\\/art\\\/wp-content\\\/uploads\\\/2020\\\/03\\\/cropped-logo-arte351-color.png\",\"width\":514,\"height\":200,\"caption\":\"Arte351 - Art Magazine Portugal\"},\"image\":{\"@id\":\"https:\\\/\\\/arte351.pt\\\/art\\\/#\\\/schema\\\/logo\\\/image\\\/\"},\"sameAs\":[\"https:\\\/\\\/www.facebook.com\\\/arte351magazine\\\/\"]},{\"@type\":\"Person\",\"@id\":\"https:\\\/\\\/arte351.pt\\\/art\\\/#\\\/schema\\\/person\\\/1d081d5dbc7c2a3f2317da95c823a5bd\",\"name\":\"Equipa Arte 351\",\"image\":{\"@type\":\"ImageObject\",\"inLanguage\":\"pt-BR\",\"@id\":\"https:\\\/\\\/secure.gravatar.com\\\/avatar\\\/3f97e62c832ede8fafe5d2f9e31f8a055e187b6b31056d1e065d95e034db52e2?s=96&d=mm&r=g\",\"url\":\"https:\\\/\\\/secure.gravatar.com\\\/avatar\\\/3f97e62c832ede8fafe5d2f9e31f8a055e187b6b31056d1e065d95e034db52e2?s=96&d=mm&r=g\",\"contentUrl\":\"https:\\\/\\\/secure.gravatar.com\\\/avatar\\\/3f97e62c832ede8fafe5d2f9e31f8a055e187b6b31056d1e065d95e034db52e2?s=96&d=mm&r=g\",\"caption\":\"Equipa Arte 351\"},\"url\":\"https:\\\/\\\/arte351.pt\\\/art\\\/author\\\/admin2\\\/\"}]}<\/script>\n<!-- \/ Yoast SEO plugin. -->","yoast_head_json":{"title":"RIO, CIDADE-SEDE - Arte351 - Art Magazine Portugal","robots":{"index":"index","follow":"follow","max-snippet":"max-snippet:-1","max-image-preview":"max-image-preview:large","max-video-preview":"max-video-preview:-1"},"canonical":"https:\/\/arte351.pt\/art\/2016\/06\/04\/rio-cidade-sede\/","og_locale":"pt_BR","og_type":"article","og_title":"RIO, CIDADE-SEDE - Arte351 - Art Magazine Portugal","og_description":"Mais de 10 pintores brasileiros mostram os encantos da cidade carioca sob a \u00f3tica naif aos visitantes do Museu Internacional de Arte Na\u00eff, Cosme Velho, Rio de Janeiro, RJ, Brasil, [&hellip;]","og_url":"https:\/\/arte351.pt\/art\/2016\/06\/04\/rio-cidade-sede\/","og_site_name":"Arte351 - Art Magazine Portugal","article_publisher":"https:\/\/www.facebook.com\/arte351magazine\/","article_published_time":"2016-06-04T17:36:10+00:00","og_image":[{"width":1280,"height":600,"url":"https:\/\/arte351.pt\/art\/wp-content\/uploads\/2016\/06\/slide_005_000.jpg","type":"image\/jpeg"}],"author":"Equipa Arte 351","twitter_misc":{"Escrito por":"Equipa Arte 351","Est. tempo de leitura":"3 minutos"},"schema":{"@context":"https:\/\/schema.org","@graph":[{"@type":"Article","@id":"https:\/\/arte351.pt\/art\/2016\/06\/04\/rio-cidade-sede\/#article","isPartOf":{"@id":"https:\/\/arte351.pt\/art\/2016\/06\/04\/rio-cidade-sede\/"},"author":{"name":"Equipa Arte 351","@id":"https:\/\/arte351.pt\/art\/#\/schema\/person\/1d081d5dbc7c2a3f2317da95c823a5bd"},"headline":"RIO, CIDADE-SEDE","datePublished":"2016-06-04T17:36:10+00:00","mainEntityOfPage":{"@id":"https:\/\/arte351.pt\/art\/2016\/06\/04\/rio-cidade-sede\/"},"wordCount":505,"commentCount":0,"publisher":{"@id":"https:\/\/arte351.pt\/art\/#organization"},"image":{"@id":"https:\/\/arte351.pt\/art\/2016\/06\/04\/rio-cidade-sede\/#primaryimage"},"thumbnailUrl":"https:\/\/arte351.pt\/art\/wp-content\/uploads\/2016\/06\/slide_005_000.jpg","articleSection":["Coluna - Renato Rosa"],"inLanguage":"pt-BR","potentialAction":[{"@type":"CommentAction","name":"Comment","target":["https:\/\/arte351.pt\/art\/2016\/06\/04\/rio-cidade-sede\/#respond"]}]},{"@type":"WebPage","@id":"https:\/\/arte351.pt\/art\/2016\/06\/04\/rio-cidade-sede\/","url":"https:\/\/arte351.pt\/art\/2016\/06\/04\/rio-cidade-sede\/","name":"RIO, CIDADE-SEDE - Arte351 - Art Magazine Portugal","isPartOf":{"@id":"https:\/\/arte351.pt\/art\/#website"},"primaryImageOfPage":{"@id":"https:\/\/arte351.pt\/art\/2016\/06\/04\/rio-cidade-sede\/#primaryimage"},"image":{"@id":"https:\/\/arte351.pt\/art\/2016\/06\/04\/rio-cidade-sede\/#primaryimage"},"thumbnailUrl":"https:\/\/arte351.pt\/art\/wp-content\/uploads\/2016\/06\/slide_005_000.jpg","datePublished":"2016-06-04T17:36:10+00:00","breadcrumb":{"@id":"https:\/\/arte351.pt\/art\/2016\/06\/04\/rio-cidade-sede\/#breadcrumb"},"inLanguage":"pt-BR","potentialAction":[{"@type":"ReadAction","target":["https:\/\/arte351.pt\/art\/2016\/06\/04\/rio-cidade-sede\/"]}]},{"@type":"ImageObject","inLanguage":"pt-BR","@id":"https:\/\/arte351.pt\/art\/2016\/06\/04\/rio-cidade-sede\/#primaryimage","url":"https:\/\/arte351.pt\/art\/wp-content\/uploads\/2016\/06\/slide_005_000.jpg","contentUrl":"https:\/\/arte351.pt\/art\/wp-content\/uploads\/2016\/06\/slide_005_000.jpg","width":1280,"height":600},{"@type":"BreadcrumbList","@id":"https:\/\/arte351.pt\/art\/2016\/06\/04\/rio-cidade-sede\/#breadcrumb","itemListElement":[{"@type":"ListItem","position":1,"name":"In\u00edcio","item":"https:\/\/arte351.pt\/art\/"},{"@type":"ListItem","position":2,"name":"RIO, CIDADE-SEDE"}]},{"@type":"WebSite","@id":"https:\/\/arte351.pt\/art\/#website","url":"https:\/\/arte351.pt\/art\/","name":"Arte351 - Art Magazine Portugal","description":"","publisher":{"@id":"https:\/\/arte351.pt\/art\/#organization"},"potentialAction":[{"@type":"SearchAction","target":{"@type":"EntryPoint","urlTemplate":"https:\/\/arte351.pt\/art\/?s={search_term_string}"},"query-input":{"@type":"PropertyValueSpecification","valueRequired":true,"valueName":"search_term_string"}}],"inLanguage":"pt-BR"},{"@type":"Organization","@id":"https:\/\/arte351.pt\/art\/#organization","name":"Arte351 - Art Magazine Portugal","url":"https:\/\/arte351.pt\/art\/","logo":{"@type":"ImageObject","inLanguage":"pt-BR","@id":"https:\/\/arte351.pt\/art\/#\/schema\/logo\/image\/","url":"https:\/\/arte351.pt\/art\/wp-content\/uploads\/2020\/03\/cropped-logo-arte351-color.png","contentUrl":"https:\/\/arte351.pt\/art\/wp-content\/uploads\/2020\/03\/cropped-logo-arte351-color.png","width":514,"height":200,"caption":"Arte351 - Art Magazine Portugal"},"image":{"@id":"https:\/\/arte351.pt\/art\/#\/schema\/logo\/image\/"},"sameAs":["https:\/\/www.facebook.com\/arte351magazine\/"]},{"@type":"Person","@id":"https:\/\/arte351.pt\/art\/#\/schema\/person\/1d081d5dbc7c2a3f2317da95c823a5bd","name":"Equipa Arte 351","image":{"@type":"ImageObject","inLanguage":"pt-BR","@id":"https:\/\/secure.gravatar.com\/avatar\/3f97e62c832ede8fafe5d2f9e31f8a055e187b6b31056d1e065d95e034db52e2?s=96&d=mm&r=g","url":"https:\/\/secure.gravatar.com\/avatar\/3f97e62c832ede8fafe5d2f9e31f8a055e187b6b31056d1e065d95e034db52e2?s=96&d=mm&r=g","contentUrl":"https:\/\/secure.gravatar.com\/avatar\/3f97e62c832ede8fafe5d2f9e31f8a055e187b6b31056d1e065d95e034db52e2?s=96&d=mm&r=g","caption":"Equipa Arte 351"},"url":"https:\/\/arte351.pt\/art\/author\/admin2\/"}]}},"_links":{"self":[{"href":"https:\/\/arte351.pt\/art\/wp-json\/wp\/v2\/posts\/685","targetHints":{"allow":["GET"]}}],"collection":[{"href":"https:\/\/arte351.pt\/art\/wp-json\/wp\/v2\/posts"}],"about":[{"href":"https:\/\/arte351.pt\/art\/wp-json\/wp\/v2\/types\/post"}],"author":[{"embeddable":true,"href":"https:\/\/arte351.pt\/art\/wp-json\/wp\/v2\/users\/34415"}],"replies":[{"embeddable":true,"href":"https:\/\/arte351.pt\/art\/wp-json\/wp\/v2\/comments?post=685"}],"version-history":[{"count":1,"href":"https:\/\/arte351.pt\/art\/wp-json\/wp\/v2\/posts\/685\/revisions"}],"predecessor-version":[{"id":691,"href":"https:\/\/arte351.pt\/art\/wp-json\/wp\/v2\/posts\/685\/revisions\/691"}],"wp:featuredmedia":[{"embeddable":true,"href":"https:\/\/arte351.pt\/art\/wp-json\/wp\/v2\/media\/686"}],"wp:attachment":[{"href":"https:\/\/arte351.pt\/art\/wp-json\/wp\/v2\/media?parent=685"}],"wp:term":[{"taxonomy":"category","embeddable":true,"href":"https:\/\/arte351.pt\/art\/wp-json\/wp\/v2\/categories?post=685"},{"taxonomy":"post_tag","embeddable":true,"href":"https:\/\/arte351.pt\/art\/wp-json\/wp\/v2\/tags?post=685"}],"curies":[{"name":"wp","href":"https:\/\/api.w.org\/{rel}","templated":true}]}}