{"id":7008,"date":"2022-08-11T09:04:32","date_gmt":"2022-08-11T09:04:32","guid":{"rendered":"https:\/\/arte351.pt\/art\/?p=7008"},"modified":"2022-08-11T09:04:32","modified_gmt":"2022-08-11T09:04:32","slug":"caminhos-possiveis-na-casa-da-guia","status":"publish","type":"post","link":"https:\/\/arte351.pt\/art\/2022\/08\/11\/caminhos-possiveis-na-casa-da-guia\/","title":{"rendered":"Caminhos Poss\u00edveis na Casa da Guia"},"content":{"rendered":"<p style=\"text-align: justify;\"><span style=\"font-weight: 400;\">Mais um evento para celebrar a arte na R.Rodyner Gallery. A galeria de arte da Casa da Guia (Cascais) recebe a exposi\u00e7\u00e3o Caminhos Poss\u00edveis entre os dias 09 e 16 de agosto. Capitaneado pela a artista brasileira Anne Beatriz e com a participa\u00e7\u00e3o do artista, tamb\u00e9m brasileiro, Alfredo Maffei, a exposi\u00e7\u00e3o apresenta obras abstratas e figurativas, artes antag\u00f3nicas na est\u00e9tica, mas que combinam e comp\u00f5e harmoniosamente esta bel\u00edssima e imperd\u00edvel mostra.<\/span><\/p>\n<figure id=\"attachment_7009\" class=\"thumbnail wp-caption aligncenter\" style=\"width: 1013px\"><img fetchpriority=\"high\" decoding=\"async\" class=\"wp-image-7009 size-full\" title=\"Obra da artista Anne Beatriz\" src=\"https:\/\/arte351.pt\/art\/wp-content\/uploads\/2022\/08\/anne-001.jpg\" alt=\"Obra da artista Anne Beatriz\" width=\"1003\" height=\"618\" srcset=\"https:\/\/arte351.pt\/art\/wp-content\/uploads\/2022\/08\/anne-001.jpg 1003w, https:\/\/arte351.pt\/art\/wp-content\/uploads\/2022\/08\/anne-001-300x185.jpg 300w, https:\/\/arte351.pt\/art\/wp-content\/uploads\/2022\/08\/anne-001-768x473.jpg 768w\" sizes=\"(max-width: 1003px) 100vw, 1003px\" \/><figcaption class=\"caption wp-caption-text\">Obra da artista Anne Beatriz<\/figcaption><\/figure>\n<p style=\"text-align: justify;\"><span style=\"font-weight: 400;\">Anne Beatriz, a protagonista da mostra, possui um trabalho art\u00edstico consistente que nos impacta com formas abstratas e coloridas. A artista descobriu a paix\u00e3o pelas artes atrav\u00e9s da pintura. Na plenitude da sua vida, a advogada e empres\u00e1ria bem sucedida, decidiu ingressar no mundo das cores e tra\u00e7os e alcan\u00e7ar novos voos no universo das artes. Seu ingresso nas artes visuais est\u00e1 a alcan\u00e7ar \u00f3timos resultados o que a trouxe para a R.Rodyner Gallery.<\/span><\/p>\n<p style=\"text-align: justify;\"><span style=\"font-weight: 400;\"><em>\u201cCria\u00e7\u00f5es art\u00edsticas s\u00e3o express\u00f5es do mundo. Por meio delas, podemos conhecer melhor o que cada ser humano \u00e9 como os outros seres humanos s\u00e3o. Nesse sentido, as obras de Anne Beatriz trazem mobiliza\u00e7\u00f5es em diversos planos interpretativos. As mais significativas est\u00e3o no impacto que elas cont\u00eam e na fascina\u00e7\u00e3o que provocam.\u201d<\/em> Oscar D&#8217;Ambrosio (\u00e9 P\u00f3s-Doutor e Doutor em Educa\u00e7\u00e3o, Arte e Hist\u00f3ria da Cultura, Mestre em Artes Visuais, jornalista e cr\u00edtico de arte.) sobre a obra da artista Anne Beatriz.<\/span><\/p>\n<figure id=\"attachment_7011\" class=\"thumbnail wp-caption alignnone\" style=\"width: 955px\"><img decoding=\"async\" class=\"wp-image-7011 size-full\" title=\"Alfredo Maffei e Anne Beatriz\" src=\"https:\/\/arte351.pt\/art\/wp-content\/uploads\/2022\/08\/anne-002-2.jpg\" alt=\"Anne Beatriz e Alfredo Maffai\" width=\"945\" height=\"545\" srcset=\"https:\/\/arte351.pt\/art\/wp-content\/uploads\/2022\/08\/anne-002-2.jpg 945w, https:\/\/arte351.pt\/art\/wp-content\/uploads\/2022\/08\/anne-002-2-300x173.jpg 300w, https:\/\/arte351.pt\/art\/wp-content\/uploads\/2022\/08\/anne-002-2-768x443.jpg 768w\" sizes=\"(max-width: 945px) 100vw, 945px\" \/><figcaption class=\"caption wp-caption-text\">Anne Beatriz e Alfredo Maffei<\/figcaption><\/figure>\n<p style=\"text-align: justify;\"><span style=\"font-weight: 400;\">Outro ilustre participante da exposi\u00e7\u00e3o \u00e9 o artista pl\u00e1stico Alfredo Maffei. Com os seus impactantes e bel\u00edssimos felinos, entre outras composi\u00e7\u00f5es, Maffei foi convidado por Anne Beatriz a dividir com ela os espa\u00e7os da exposi\u00e7\u00e3o Caminhos Poss\u00edveis. Artista pl\u00e1stico e arte educador, formado pela faculdade de <\/span><span style=\"font-weight: 400;\">Belas Artes de S\u00e3o Paulo, Alfredo Maffei inspira-se na natureza e nas ra\u00edzes culturais dos povos nativos para criar as suas fascinantes pinturas.<\/span><\/p>\n<p style=\"text-align: justify;\"><span style=\"font-weight: 400;\">A exposi\u00e7\u00e3o foi inaugurada no dia 9 de agosto num evento concorrido que contou com a trilha sonora de um saxofonista ao vivo e uma vernissage regada pelo delicioso vinho Casal Wanderley 2016. Caminhos Poss\u00edveis fica patente at\u00e9 dia 16 de agosto na R.Rodyner na Casa da Guia em Cascais. As visitas s\u00e3o abertas, gratuitas e est\u00e3o dispon\u00edveis entre as 10h e 19h, de ter\u00e7a a domingo.<\/span><\/p>\n","protected":false},"excerpt":{"rendered":"<p>Mais um evento para celebrar a arte na R.Rodyner Gallery. A galeria de arte da Casa da Guia (Cascais) recebe a exposi\u00e7\u00e3o Caminhos Poss\u00edveis entre os dias 09 e 16 [&hellip;]<\/p>\n","protected":false},"author":34415,"featured_media":7013,"comment_status":"closed","ping_status":"closed","sticky":false,"template":"","format":"standard","meta":{"_exactmetrics_skip_tracking":false,"_exactmetrics_sitenote_active":false,"_exactmetrics_sitenote_note":"","_exactmetrics_sitenote_category":0,"_uf_show_specific_survey":0,"_uf_disable_surveys":false,"footnotes":""},"categories":[2,362],"tags":[],"class_list":["post-7008","post","type-post","status-publish","format-standard","has-post-thumbnail","hentry","category-art-contemp","category-eventos"],"yoast_head":"<!-- This site is optimized with the Yoast SEO plugin v27.3 - https:\/\/yoast.com\/product\/yoast-seo-wordpress\/ -->\n<title>Caminhos Poss\u00edveis na Casa da Guia - Arte351 - Art Magazine Portugal<\/title>\n<meta name=\"description\" content=\"Mais um evento para celebrar a arte na R.Rodyner Gallery. A galeria de arte da Casa da Guia (Cascais) recebe a exposi\u00e7\u00e3o Caminhos Poss\u00edveis entre os dias 09 e 16 de agosto. Capitaneado pela a artista brasileira Anne Beatriz e com a participa\u00e7\u00e3o do artista, tamb\u00e9m brasileiro, Alfredo Maffei, a exposi\u00e7\u00e3o apresenta obras abstratas e figurativas, artes antag\u00f3nicas na est\u00e9tica, mas que combinam e comp\u00f5e harmoniosamente esta bel\u00edssima e imperd\u00edvel mostra.\" \/>\n<meta name=\"robots\" content=\"index, follow, max-snippet:-1, max-image-preview:large, max-video-preview:-1\" \/>\n<link rel=\"canonical\" href=\"https:\/\/arte351.pt\/art\/2022\/08\/11\/caminhos-possiveis-na-casa-da-guia\/\" \/>\n<meta property=\"og:locale\" content=\"pt_BR\" \/>\n<meta property=\"og:type\" content=\"article\" \/>\n<meta property=\"og:title\" content=\"Caminhos Poss\u00edveis na Casa da Guia - Arte351 - Art Magazine Portugal\" \/>\n<meta property=\"og:description\" content=\"Mais um evento para celebrar a arte na R.Rodyner Gallery. A galeria de arte da Casa da Guia (Cascais) recebe a exposi\u00e7\u00e3o Caminhos Poss\u00edveis entre os dias 09 e 16 de agosto. Capitaneado pela a artista brasileira Anne Beatriz e com a participa\u00e7\u00e3o do artista, tamb\u00e9m brasileiro, Alfredo Maffei, a exposi\u00e7\u00e3o apresenta obras abstratas e figurativas, artes antag\u00f3nicas na est\u00e9tica, mas que combinam e comp\u00f5e harmoniosamente esta bel\u00edssima e imperd\u00edvel mostra.\" \/>\n<meta property=\"og:url\" content=\"https:\/\/arte351.pt\/art\/2022\/08\/11\/caminhos-possiveis-na-casa-da-guia\/\" \/>\n<meta property=\"og:site_name\" content=\"Arte351 - Art Magazine Portugal\" \/>\n<meta property=\"article:publisher\" content=\"https:\/\/www.facebook.com\/arte351magazine\/\" \/>\n<meta property=\"article:published_time\" content=\"2022-08-11T09:04:32+00:00\" \/>\n<meta property=\"og:image\" content=\"https:\/\/arte351.pt\/art\/wp-content\/uploads\/2022\/08\/anne-003-1.jpg\" \/>\n\t<meta property=\"og:image:width\" content=\"1200\" \/>\n\t<meta property=\"og:image:height\" content=\"578\" \/>\n\t<meta property=\"og:image:type\" content=\"image\/jpeg\" \/>\n<meta name=\"author\" content=\"Equipa Arte 351\" \/>\n<meta name=\"twitter:label1\" content=\"Escrito por\" \/>\n\t<meta name=\"twitter:data1\" content=\"Equipa Arte 351\" \/>\n\t<meta name=\"twitter:label2\" content=\"Est. tempo de leitura\" \/>\n\t<meta name=\"twitter:data2\" content=\"3 minutos\" \/>\n<script type=\"application\/ld+json\" class=\"yoast-schema-graph\">{\"@context\":\"https:\\\/\\\/schema.org\",\"@graph\":[{\"@type\":\"Article\",\"@id\":\"https:\\\/\\\/arte351.pt\\\/art\\\/2022\\\/08\\\/11\\\/caminhos-possiveis-na-casa-da-guia\\\/#article\",\"isPartOf\":{\"@id\":\"https:\\\/\\\/arte351.pt\\\/art\\\/2022\\\/08\\\/11\\\/caminhos-possiveis-na-casa-da-guia\\\/\"},\"author\":{\"name\":\"Equipa Arte 351\",\"@id\":\"https:\\\/\\\/arte351.pt\\\/art\\\/#\\\/schema\\\/person\\\/1d081d5dbc7c2a3f2317da95c823a5bd\"},\"headline\":\"Caminhos Poss\u00edveis na Casa da Guia\",\"datePublished\":\"2022-08-11T09:04:32+00:00\",\"mainEntityOfPage\":{\"@id\":\"https:\\\/\\\/arte351.pt\\\/art\\\/2022\\\/08\\\/11\\\/caminhos-possiveis-na-casa-da-guia\\\/\"},\"wordCount\":433,\"publisher\":{\"@id\":\"https:\\\/\\\/arte351.pt\\\/art\\\/#organization\"},\"image\":{\"@id\":\"https:\\\/\\\/arte351.pt\\\/art\\\/2022\\\/08\\\/11\\\/caminhos-possiveis-na-casa-da-guia\\\/#primaryimage\"},\"thumbnailUrl\":\"https:\\\/\\\/arte351.pt\\\/art\\\/wp-content\\\/uploads\\\/2022\\\/08\\\/anne-003-1.jpg\",\"articleSection\":[\"Arte\",\"Eventos\"],\"inLanguage\":\"pt-BR\"},{\"@type\":\"WebPage\",\"@id\":\"https:\\\/\\\/arte351.pt\\\/art\\\/2022\\\/08\\\/11\\\/caminhos-possiveis-na-casa-da-guia\\\/\",\"url\":\"https:\\\/\\\/arte351.pt\\\/art\\\/2022\\\/08\\\/11\\\/caminhos-possiveis-na-casa-da-guia\\\/\",\"name\":\"Caminhos Poss\u00edveis na Casa da Guia - Arte351 - Art Magazine Portugal\",\"isPartOf\":{\"@id\":\"https:\\\/\\\/arte351.pt\\\/art\\\/#website\"},\"primaryImageOfPage\":{\"@id\":\"https:\\\/\\\/arte351.pt\\\/art\\\/2022\\\/08\\\/11\\\/caminhos-possiveis-na-casa-da-guia\\\/#primaryimage\"},\"image\":{\"@id\":\"https:\\\/\\\/arte351.pt\\\/art\\\/2022\\\/08\\\/11\\\/caminhos-possiveis-na-casa-da-guia\\\/#primaryimage\"},\"thumbnailUrl\":\"https:\\\/\\\/arte351.pt\\\/art\\\/wp-content\\\/uploads\\\/2022\\\/08\\\/anne-003-1.jpg\",\"datePublished\":\"2022-08-11T09:04:32+00:00\",\"description\":\"Mais um evento para celebrar a arte na R.Rodyner Gallery. A galeria de arte da Casa da Guia (Cascais) recebe a exposi\u00e7\u00e3o Caminhos Poss\u00edveis entre os dias 09 e 16 de agosto. Capitaneado pela a artista brasileira Anne Beatriz e com a participa\u00e7\u00e3o do artista, tamb\u00e9m brasileiro, Alfredo Maffei, a exposi\u00e7\u00e3o apresenta obras abstratas e figurativas, artes antag\u00f3nicas na est\u00e9tica, mas que combinam e comp\u00f5e harmoniosamente esta bel\u00edssima e imperd\u00edvel mostra.\",\"breadcrumb\":{\"@id\":\"https:\\\/\\\/arte351.pt\\\/art\\\/2022\\\/08\\\/11\\\/caminhos-possiveis-na-casa-da-guia\\\/#breadcrumb\"},\"inLanguage\":\"pt-BR\",\"potentialAction\":[{\"@type\":\"ReadAction\",\"target\":[\"https:\\\/\\\/arte351.pt\\\/art\\\/2022\\\/08\\\/11\\\/caminhos-possiveis-na-casa-da-guia\\\/\"]}]},{\"@type\":\"ImageObject\",\"inLanguage\":\"pt-BR\",\"@id\":\"https:\\\/\\\/arte351.pt\\\/art\\\/2022\\\/08\\\/11\\\/caminhos-possiveis-na-casa-da-guia\\\/#primaryimage\",\"url\":\"https:\\\/\\\/arte351.pt\\\/art\\\/wp-content\\\/uploads\\\/2022\\\/08\\\/anne-003-1.jpg\",\"contentUrl\":\"https:\\\/\\\/arte351.pt\\\/art\\\/wp-content\\\/uploads\\\/2022\\\/08\\\/anne-003-1.jpg\",\"width\":1200,\"height\":578},{\"@type\":\"BreadcrumbList\",\"@id\":\"https:\\\/\\\/arte351.pt\\\/art\\\/2022\\\/08\\\/11\\\/caminhos-possiveis-na-casa-da-guia\\\/#breadcrumb\",\"itemListElement\":[{\"@type\":\"ListItem\",\"position\":1,\"name\":\"In\u00edcio\",\"item\":\"https:\\\/\\\/arte351.pt\\\/art\\\/\"},{\"@type\":\"ListItem\",\"position\":2,\"name\":\"Caminhos Poss\u00edveis na Casa da Guia\"}]},{\"@type\":\"WebSite\",\"@id\":\"https:\\\/\\\/arte351.pt\\\/art\\\/#website\",\"url\":\"https:\\\/\\\/arte351.pt\\\/art\\\/\",\"name\":\"Arte351 - Art Magazine Portugal\",\"description\":\"\",\"publisher\":{\"@id\":\"https:\\\/\\\/arte351.pt\\\/art\\\/#organization\"},\"potentialAction\":[{\"@type\":\"SearchAction\",\"target\":{\"@type\":\"EntryPoint\",\"urlTemplate\":\"https:\\\/\\\/arte351.pt\\\/art\\\/?s={search_term_string}\"},\"query-input\":{\"@type\":\"PropertyValueSpecification\",\"valueRequired\":true,\"valueName\":\"search_term_string\"}}],\"inLanguage\":\"pt-BR\"},{\"@type\":\"Organization\",\"@id\":\"https:\\\/\\\/arte351.pt\\\/art\\\/#organization\",\"name\":\"Arte351 - Art Magazine Portugal\",\"url\":\"https:\\\/\\\/arte351.pt\\\/art\\\/\",\"logo\":{\"@type\":\"ImageObject\",\"inLanguage\":\"pt-BR\",\"@id\":\"https:\\\/\\\/arte351.pt\\\/art\\\/#\\\/schema\\\/logo\\\/image\\\/\",\"url\":\"https:\\\/\\\/arte351.pt\\\/art\\\/wp-content\\\/uploads\\\/2020\\\/03\\\/cropped-logo-arte351-color.png\",\"contentUrl\":\"https:\\\/\\\/arte351.pt\\\/art\\\/wp-content\\\/uploads\\\/2020\\\/03\\\/cropped-logo-arte351-color.png\",\"width\":514,\"height\":200,\"caption\":\"Arte351 - Art Magazine Portugal\"},\"image\":{\"@id\":\"https:\\\/\\\/arte351.pt\\\/art\\\/#\\\/schema\\\/logo\\\/image\\\/\"},\"sameAs\":[\"https:\\\/\\\/www.facebook.com\\\/arte351magazine\\\/\"]},{\"@type\":\"Person\",\"@id\":\"https:\\\/\\\/arte351.pt\\\/art\\\/#\\\/schema\\\/person\\\/1d081d5dbc7c2a3f2317da95c823a5bd\",\"name\":\"Equipa Arte 351\",\"image\":{\"@type\":\"ImageObject\",\"inLanguage\":\"pt-BR\",\"@id\":\"https:\\\/\\\/secure.gravatar.com\\\/avatar\\\/3f97e62c832ede8fafe5d2f9e31f8a055e187b6b31056d1e065d95e034db52e2?s=96&d=mm&r=g\",\"url\":\"https:\\\/\\\/secure.gravatar.com\\\/avatar\\\/3f97e62c832ede8fafe5d2f9e31f8a055e187b6b31056d1e065d95e034db52e2?s=96&d=mm&r=g\",\"contentUrl\":\"https:\\\/\\\/secure.gravatar.com\\\/avatar\\\/3f97e62c832ede8fafe5d2f9e31f8a055e187b6b31056d1e065d95e034db52e2?s=96&d=mm&r=g\",\"caption\":\"Equipa Arte 351\"},\"url\":\"https:\\\/\\\/arte351.pt\\\/art\\\/author\\\/admin2\\\/\"}]}<\/script>\n<!-- \/ Yoast SEO plugin. -->","yoast_head_json":{"title":"Caminhos Poss\u00edveis na Casa da Guia - Arte351 - Art Magazine Portugal","description":"Mais um evento para celebrar a arte na R.Rodyner Gallery. A galeria de arte da Casa da Guia (Cascais) recebe a exposi\u00e7\u00e3o Caminhos Poss\u00edveis entre os dias 09 e 16 de agosto. Capitaneado pela a artista brasileira Anne Beatriz e com a participa\u00e7\u00e3o do artista, tamb\u00e9m brasileiro, Alfredo Maffei, a exposi\u00e7\u00e3o apresenta obras abstratas e figurativas, artes antag\u00f3nicas na est\u00e9tica, mas que combinam e comp\u00f5e harmoniosamente esta bel\u00edssima e imperd\u00edvel mostra.","robots":{"index":"index","follow":"follow","max-snippet":"max-snippet:-1","max-image-preview":"max-image-preview:large","max-video-preview":"max-video-preview:-1"},"canonical":"https:\/\/arte351.pt\/art\/2022\/08\/11\/caminhos-possiveis-na-casa-da-guia\/","og_locale":"pt_BR","og_type":"article","og_title":"Caminhos Poss\u00edveis na Casa da Guia - Arte351 - Art Magazine Portugal","og_description":"Mais um evento para celebrar a arte na R.Rodyner Gallery. A galeria de arte da Casa da Guia (Cascais) recebe a exposi\u00e7\u00e3o Caminhos Poss\u00edveis entre os dias 09 e 16 de agosto. Capitaneado pela a artista brasileira Anne Beatriz e com a participa\u00e7\u00e3o do artista, tamb\u00e9m brasileiro, Alfredo Maffei, a exposi\u00e7\u00e3o apresenta obras abstratas e figurativas, artes antag\u00f3nicas na est\u00e9tica, mas que combinam e comp\u00f5e harmoniosamente esta bel\u00edssima e imperd\u00edvel mostra.","og_url":"https:\/\/arte351.pt\/art\/2022\/08\/11\/caminhos-possiveis-na-casa-da-guia\/","og_site_name":"Arte351 - Art Magazine Portugal","article_publisher":"https:\/\/www.facebook.com\/arte351magazine\/","article_published_time":"2022-08-11T09:04:32+00:00","og_image":[{"width":1200,"height":578,"url":"https:\/\/arte351.pt\/art\/wp-content\/uploads\/2022\/08\/anne-003-1.jpg","type":"image\/jpeg"}],"author":"Equipa Arte 351","twitter_misc":{"Escrito por":"Equipa Arte 351","Est. tempo de leitura":"3 minutos"},"schema":{"@context":"https:\/\/schema.org","@graph":[{"@type":"Article","@id":"https:\/\/arte351.pt\/art\/2022\/08\/11\/caminhos-possiveis-na-casa-da-guia\/#article","isPartOf":{"@id":"https:\/\/arte351.pt\/art\/2022\/08\/11\/caminhos-possiveis-na-casa-da-guia\/"},"author":{"name":"Equipa Arte 351","@id":"https:\/\/arte351.pt\/art\/#\/schema\/person\/1d081d5dbc7c2a3f2317da95c823a5bd"},"headline":"Caminhos Poss\u00edveis na Casa da Guia","datePublished":"2022-08-11T09:04:32+00:00","mainEntityOfPage":{"@id":"https:\/\/arte351.pt\/art\/2022\/08\/11\/caminhos-possiveis-na-casa-da-guia\/"},"wordCount":433,"publisher":{"@id":"https:\/\/arte351.pt\/art\/#organization"},"image":{"@id":"https:\/\/arte351.pt\/art\/2022\/08\/11\/caminhos-possiveis-na-casa-da-guia\/#primaryimage"},"thumbnailUrl":"https:\/\/arte351.pt\/art\/wp-content\/uploads\/2022\/08\/anne-003-1.jpg","articleSection":["Arte","Eventos"],"inLanguage":"pt-BR"},{"@type":"WebPage","@id":"https:\/\/arte351.pt\/art\/2022\/08\/11\/caminhos-possiveis-na-casa-da-guia\/","url":"https:\/\/arte351.pt\/art\/2022\/08\/11\/caminhos-possiveis-na-casa-da-guia\/","name":"Caminhos Poss\u00edveis na Casa da Guia - Arte351 - Art Magazine Portugal","isPartOf":{"@id":"https:\/\/arte351.pt\/art\/#website"},"primaryImageOfPage":{"@id":"https:\/\/arte351.pt\/art\/2022\/08\/11\/caminhos-possiveis-na-casa-da-guia\/#primaryimage"},"image":{"@id":"https:\/\/arte351.pt\/art\/2022\/08\/11\/caminhos-possiveis-na-casa-da-guia\/#primaryimage"},"thumbnailUrl":"https:\/\/arte351.pt\/art\/wp-content\/uploads\/2022\/08\/anne-003-1.jpg","datePublished":"2022-08-11T09:04:32+00:00","description":"Mais um evento para celebrar a arte na R.Rodyner Gallery. A galeria de arte da Casa da Guia (Cascais) recebe a exposi\u00e7\u00e3o Caminhos Poss\u00edveis entre os dias 09 e 16 de agosto. Capitaneado pela a artista brasileira Anne Beatriz e com a participa\u00e7\u00e3o do artista, tamb\u00e9m brasileiro, Alfredo Maffei, a exposi\u00e7\u00e3o apresenta obras abstratas e figurativas, artes antag\u00f3nicas na est\u00e9tica, mas que combinam e comp\u00f5e harmoniosamente esta bel\u00edssima e imperd\u00edvel mostra.","breadcrumb":{"@id":"https:\/\/arte351.pt\/art\/2022\/08\/11\/caminhos-possiveis-na-casa-da-guia\/#breadcrumb"},"inLanguage":"pt-BR","potentialAction":[{"@type":"ReadAction","target":["https:\/\/arte351.pt\/art\/2022\/08\/11\/caminhos-possiveis-na-casa-da-guia\/"]}]},{"@type":"ImageObject","inLanguage":"pt-BR","@id":"https:\/\/arte351.pt\/art\/2022\/08\/11\/caminhos-possiveis-na-casa-da-guia\/#primaryimage","url":"https:\/\/arte351.pt\/art\/wp-content\/uploads\/2022\/08\/anne-003-1.jpg","contentUrl":"https:\/\/arte351.pt\/art\/wp-content\/uploads\/2022\/08\/anne-003-1.jpg","width":1200,"height":578},{"@type":"BreadcrumbList","@id":"https:\/\/arte351.pt\/art\/2022\/08\/11\/caminhos-possiveis-na-casa-da-guia\/#breadcrumb","itemListElement":[{"@type":"ListItem","position":1,"name":"In\u00edcio","item":"https:\/\/arte351.pt\/art\/"},{"@type":"ListItem","position":2,"name":"Caminhos Poss\u00edveis na Casa da Guia"}]},{"@type":"WebSite","@id":"https:\/\/arte351.pt\/art\/#website","url":"https:\/\/arte351.pt\/art\/","name":"Arte351 - Art Magazine Portugal","description":"","publisher":{"@id":"https:\/\/arte351.pt\/art\/#organization"},"potentialAction":[{"@type":"SearchAction","target":{"@type":"EntryPoint","urlTemplate":"https:\/\/arte351.pt\/art\/?s={search_term_string}"},"query-input":{"@type":"PropertyValueSpecification","valueRequired":true,"valueName":"search_term_string"}}],"inLanguage":"pt-BR"},{"@type":"Organization","@id":"https:\/\/arte351.pt\/art\/#organization","name":"Arte351 - Art Magazine Portugal","url":"https:\/\/arte351.pt\/art\/","logo":{"@type":"ImageObject","inLanguage":"pt-BR","@id":"https:\/\/arte351.pt\/art\/#\/schema\/logo\/image\/","url":"https:\/\/arte351.pt\/art\/wp-content\/uploads\/2020\/03\/cropped-logo-arte351-color.png","contentUrl":"https:\/\/arte351.pt\/art\/wp-content\/uploads\/2020\/03\/cropped-logo-arte351-color.png","width":514,"height":200,"caption":"Arte351 - Art Magazine Portugal"},"image":{"@id":"https:\/\/arte351.pt\/art\/#\/schema\/logo\/image\/"},"sameAs":["https:\/\/www.facebook.com\/arte351magazine\/"]},{"@type":"Person","@id":"https:\/\/arte351.pt\/art\/#\/schema\/person\/1d081d5dbc7c2a3f2317da95c823a5bd","name":"Equipa Arte 351","image":{"@type":"ImageObject","inLanguage":"pt-BR","@id":"https:\/\/secure.gravatar.com\/avatar\/3f97e62c832ede8fafe5d2f9e31f8a055e187b6b31056d1e065d95e034db52e2?s=96&d=mm&r=g","url":"https:\/\/secure.gravatar.com\/avatar\/3f97e62c832ede8fafe5d2f9e31f8a055e187b6b31056d1e065d95e034db52e2?s=96&d=mm&r=g","contentUrl":"https:\/\/secure.gravatar.com\/avatar\/3f97e62c832ede8fafe5d2f9e31f8a055e187b6b31056d1e065d95e034db52e2?s=96&d=mm&r=g","caption":"Equipa Arte 351"},"url":"https:\/\/arte351.pt\/art\/author\/admin2\/"}]}},"_links":{"self":[{"href":"https:\/\/arte351.pt\/art\/wp-json\/wp\/v2\/posts\/7008","targetHints":{"allow":["GET"]}}],"collection":[{"href":"https:\/\/arte351.pt\/art\/wp-json\/wp\/v2\/posts"}],"about":[{"href":"https:\/\/arte351.pt\/art\/wp-json\/wp\/v2\/types\/post"}],"author":[{"embeddable":true,"href":"https:\/\/arte351.pt\/art\/wp-json\/wp\/v2\/users\/34415"}],"replies":[{"embeddable":true,"href":"https:\/\/arte351.pt\/art\/wp-json\/wp\/v2\/comments?post=7008"}],"version-history":[{"count":2,"href":"https:\/\/arte351.pt\/art\/wp-json\/wp\/v2\/posts\/7008\/revisions"}],"predecessor-version":[{"id":7015,"href":"https:\/\/arte351.pt\/art\/wp-json\/wp\/v2\/posts\/7008\/revisions\/7015"}],"wp:featuredmedia":[{"embeddable":true,"href":"https:\/\/arte351.pt\/art\/wp-json\/wp\/v2\/media\/7013"}],"wp:attachment":[{"href":"https:\/\/arte351.pt\/art\/wp-json\/wp\/v2\/media?parent=7008"}],"wp:term":[{"taxonomy":"category","embeddable":true,"href":"https:\/\/arte351.pt\/art\/wp-json\/wp\/v2\/categories?post=7008"},{"taxonomy":"post_tag","embeddable":true,"href":"https:\/\/arte351.pt\/art\/wp-json\/wp\/v2\/tags?post=7008"}],"curies":[{"name":"wp","href":"https:\/\/api.w.org\/{rel}","templated":true}]}}