{"id":708,"date":"2016-06-13T07:33:47","date_gmt":"2016-06-13T07:33:47","guid":{"rendered":"http:\/\/arte351.pt\/art\/?p=708"},"modified":"2016-06-16T07:33:58","modified_gmt":"2016-06-16T07:33:58","slug":"entreolhares","status":"publish","type":"post","link":"https:\/\/arte351.pt\/art\/2016\/06\/13\/entreolhares\/","title":{"rendered":"ENTREOLHARES"},"content":{"rendered":"<p style=\"text-align: justify;\"><img fetchpriority=\"high\" decoding=\"async\" class=\"alignleft\" src=\"https:\/\/arte351.pt\/art\/wp-content\/img_alt\/img_renato_rosa_001.jpg\" width=\"524\" height=\"312\" \/>O Museu Afro Brasil, Av. Pedro \u00c1lvares Cabral, s\/n, Parque Ibirapuera &#8211; Port\u00e3o 10 (acesso pelo port\u00e3o 3), institui\u00e7\u00e3o da Secretaria da Cultura do Estado de S\u00e3o Paulo, S\u00e3o Paulo, SP, Brasil, abrir\u00e1 no dia 18 de junho, a exposi\u00e7\u00e3o \u201c Entreolhares \u2013 po\u00e9ticas d\u2019alma brasileira\u201d \u2013 um amplo recorte da arte popular brasileira, com curadoria de F\u00e1bio Magalh\u00e3es e Edna Matosinho de Pontes. A arte popular brasileira \u00e9 um dos destaques do acervo do Museu Afro Brasil em um dos n\u00facleos mais apreciados pelos visitantes, onde eles encontram sua hist\u00f3ria, suas ra\u00edzes, e lembran\u00e7as do dia a dia.<\/p>\n<p style=\"text-align: justify;\">Segundo os curadores: \u201cEsta mostra \u00e9 composta por cerca de 200 obras, pertencentes a institui\u00e7\u00f5es p\u00fablicas e cole\u00e7\u00f5es privadas, abarca um longo per\u00edodo da produ\u00e7\u00e3o art\u00edstica popular. A partir da d\u00e9cada de 40 at\u00e9 a contemporaneidade, o recorte curatorial re\u00fane um conjunto abrangente e diversificado da express\u00e3o autoral de criatividade popular, desde as carrancas do mestre Guarany, das cer\u00e2micas do mestre Vitalino, at\u00e9 os grandes mestres atuais, ativos nas diversas regi\u00f5es do Brasil. Diversos estados estar\u00e3o aqui representados: Alagoas, Amazonas, Bahia, Cear\u00e1, Goi\u00e1s, Mato Grosso, Minas Gerais, Par\u00e1, Para\u00edba, Pernambuco, Piau\u00ed, Rio de Janeiro e S\u00e3o Paulo, de onde vem esta rica cole\u00e7\u00e3o.<\/p>\n<p style=\"text-align: justify;\"><img decoding=\"async\" class=\"alignright\" src=\"https:\/\/arte351.pt\/art\/wp-content\/img_alt\/img_renato_rosa_002.jpg\" width=\"365\" height=\"240\" \/>Nos anos 40\/50, as obras de Vitalino, Louco, Agnaldo dos Santos e Geraldo Teles de Oliveira tiveram grande repercuss\u00e3o no meio art\u00edstico e chamaram a aten\u00e7\u00e3o da sociedade para o enorme significado da express\u00e3o popular. Houve grande valoriza\u00e7\u00e3o da arte popular autoral. Djanira, Heitor dos Prazeres, Jose Ant\u00f4nio da Silva, Agnaldo dos Santos participaram das Bienais de S\u00e3o Paulo.<\/p>\n<p style=\"text-align: justify;\">M\u00e1rio de Andrade e os modernistas j\u00e1 haviam demonstrado grande interesse pela arte popular, desde a d\u00e9cada de 1920. Obras de Tarsila do Amaral, Anita Malfatti, C\u00edcero Dias, Guignard, entre v\u00e1rios outros artistas d\u00e3o mostras de proximidade po\u00e9tica com a arte popular.<\/p>\n<p style=\"text-align: justify;\">Percebe-se tamb\u00e9m, atualmente, grande conflu\u00eancia entre po\u00e9ticas de artistas contempor\u00e2neos (Efrain Almeida, Marepe, Emmanuel Nassar, Alex Cerveny) e de artistas populares (V\u00e9io, Jos\u00e9 Bezerra, Marinaldo Santos). Nos \u00faltimos anos, s\u00e3o muitos os cr\u00edticos de arte voltados ao estudo da arte e artistas contempor\u00e2neos que organizaram exposi\u00e7\u00f5es abordando a express\u00e3o popular.<\/p>\n<p style=\"text-align: justify;\"><img decoding=\"async\" class=\"alignleft\" src=\"https:\/\/arte351.pt\/art\/wp-content\/img_alt\/img_renato_rosa_003.jpg\" width=\"433\" height=\"289\" \/>Dos artistas<\/p>\n<p style=\"text-align: justify;\">A mostra re\u00fane um grande n\u00famero de artistas populares, reconhecidos e consagrados, como Vitalino, Mestre Guarany, Z\u00e9 Caboclo, Manuel Eud\u00f3cio, Artur Pereira, Geraldo Teles de Oliveira, Itamar Juli\u00e3o, Nino, Jos\u00e9 Ant\u00f4nio da Silva, Mestre Molina, Isabel Mendes da Cunha, Alexandre Filho, Louco, Poteiro, Ranchinho, entre outros, al\u00e9m de artistas populares mais jovens que se destacam nas mais diversas regi\u00f5es do Brasil.<\/p>\n<p style=\"text-align: justify;\">A exposi\u00e7\u00e3o conta com artistas modernos e contempor\u00e2neos, sens\u00edveis \u00e0s express\u00f5es e temas populares e pretende estabelecer di\u00e1logos entre eles \u2013 que se d\u00e1 no encontro amoroso entre o popular e o erudito. Obras de Tarsila do Amaral, Anita Malfatti, Guignard, C\u00edcero Dias, Cl\u00e1udio Tozzi, Siron Franco, Beatriz Milhazes, Nelson Leirner, entre outros, estar\u00e3o ao lado daquelas de Adir Sodr\u00e9, Heitor dos Prazeres, Paulo Pedro Leal, Cardosinho. Esse encontro de po\u00e9ticas voltadas para um Brasil profundo diz respeito \u00e0 nossa identidade e traz \u00e0 luz as narrativas do que somos ou do que sonhamos que somos.\u201d<\/p>\n<p style=\"text-align: justify;\">A exposi\u00e7\u00e3o recebeu incentivos do projeto PROAC da Secretaria da Cultura do Estado de S\u00e3o Paulo e \u00e9 patrocinada pela CPFL \u2013 Companhia Paulista de For\u00e7a e Luz.<\/p>\n<p style=\"text-align: justify;\">De 18 de junho a 07 de agosto.<\/p>\n<h5 style=\"text-align: justify;\"><em><a href=\"https:\/\/arte351.pt\/art\/category\/colunistas-2\/colunistas\/\"><img loading=\"lazy\" decoding=\"async\" class=\"alignleft wp-image-398\" src=\"https:\/\/arte351.pt\/art\/wp-content\/uploads\/2016\/03\/avatar_renato_rosa-300x300.jpg\" alt=\"avatar_renato_rosa\" width=\"80\" height=\"80\" srcset=\"https:\/\/arte351.pt\/art\/wp-content\/uploads\/2016\/03\/avatar_renato_rosa-300x300.jpg 300w, https:\/\/arte351.pt\/art\/wp-content\/uploads\/2016\/03\/avatar_renato_rosa-150x150.jpg 150w, https:\/\/arte351.pt\/art\/wp-content\/uploads\/2016\/03\/avatar_renato_rosa.jpg 600w\" sizes=\"(max-width: 80px) 100vw, 80px\" \/><\/a><\/em><\/h5>\n<h5 style=\"text-align: justify;\"><em><a href=\"https:\/\/arte351.pt\/art\/category\/colunistas-2\/colunistas\/\">Coluna &#8211; <b class=\"gmail_sendername\">Renato Rosa<\/b><\/a><\/em><\/h5>\n<div>\n<h5 style=\"text-align: justify;\">Renato Rosa, brasileiro, S\u00e3o Gabriel, RS, Brasil, 1946. Marchand, pesquisador, editor do jornal cultural O PARALELO do site <a href=\"http:\/\/www.bolsadearte.com\/oparalelo\" target=\"_blank\">www.bolsadearte.com\/<wbr \/>oparalelo<\/a>, co-autor do \u201cDicion\u00e1rio de Artes Pl\u00e1sticas no Rio Grande do Sul\u201d, (2\u00aa edi\u00e7\u00e3o, 2000, esgotada) Editora da Universidade\/UFRGS.<\/h5>\n<\/div>\n","protected":false},"excerpt":{"rendered":"<p>O Museu Afro Brasil, Av. Pedro \u00c1lvares Cabral, s\/n, Parque Ibirapuera &#8211; Port\u00e3o 10 (acesso pelo port\u00e3o 3), institui\u00e7\u00e3o da Secretaria da Cultura do Estado de S\u00e3o Paulo, S\u00e3o Paulo, [&hellip;]<\/p>\n","protected":false},"author":34415,"featured_media":709,"comment_status":"open","ping_status":"open","sticky":false,"template":"","format":"standard","meta":{"_exactmetrics_skip_tracking":false,"_exactmetrics_sitenote_active":false,"_exactmetrics_sitenote_note":"","_exactmetrics_sitenote_category":0,"_uf_show_specific_survey":0,"_uf_disable_surveys":false,"footnotes":""},"categories":[7],"tags":[],"class_list":["post-708","post","type-post","status-publish","format-standard","has-post-thumbnail","hentry","category-colunistas"],"yoast_head":"<!-- This site is optimized with the Yoast SEO plugin v27.3 - https:\/\/yoast.com\/product\/yoast-seo-wordpress\/ -->\n<title>ENTREOLHARES - Arte351 - Art Magazine Portugal<\/title>\n<meta name=\"robots\" content=\"index, follow, max-snippet:-1, max-image-preview:large, max-video-preview:-1\" \/>\n<link rel=\"canonical\" href=\"https:\/\/arte351.pt\/art\/2016\/06\/13\/entreolhares\/\" \/>\n<meta property=\"og:locale\" content=\"pt_BR\" \/>\n<meta property=\"og:type\" content=\"article\" \/>\n<meta property=\"og:title\" content=\"ENTREOLHARES - Arte351 - Art Magazine Portugal\" \/>\n<meta property=\"og:description\" content=\"O Museu Afro Brasil, Av. Pedro \u00c1lvares Cabral, s\/n, Parque Ibirapuera &#8211; Port\u00e3o 10 (acesso pelo port\u00e3o 3), institui\u00e7\u00e3o da Secretaria da Cultura do Estado de S\u00e3o Paulo, S\u00e3o Paulo, [&hellip;]\" \/>\n<meta property=\"og:url\" content=\"https:\/\/arte351.pt\/art\/2016\/06\/13\/entreolhares\/\" \/>\n<meta property=\"og:site_name\" content=\"Arte351 - Art Magazine Portugal\" \/>\n<meta property=\"article:publisher\" content=\"https:\/\/www.facebook.com\/arte351magazine\/\" \/>\n<meta property=\"article:published_time\" content=\"2016-06-13T07:33:47+00:00\" \/>\n<meta property=\"article:modified_time\" content=\"2016-06-16T07:33:58+00:00\" \/>\n<meta property=\"og:image\" content=\"https:\/\/arte351.pt\/art\/wp-content\/uploads\/2016\/06\/slide_004_007-1.jpg\" \/>\n\t<meta property=\"og:image:width\" content=\"1280\" \/>\n\t<meta property=\"og:image:height\" content=\"600\" \/>\n\t<meta property=\"og:image:type\" content=\"image\/jpeg\" \/>\n<meta name=\"author\" content=\"Equipa Arte 351\" \/>\n<meta name=\"twitter:label1\" content=\"Escrito por\" \/>\n\t<meta name=\"twitter:data1\" content=\"Equipa Arte 351\" \/>\n\t<meta name=\"twitter:label2\" content=\"Est. tempo de leitura\" \/>\n\t<meta name=\"twitter:data2\" content=\"3 minutos\" \/>\n<script type=\"application\/ld+json\" class=\"yoast-schema-graph\">{\"@context\":\"https:\\\/\\\/schema.org\",\"@graph\":[{\"@type\":\"Article\",\"@id\":\"https:\\\/\\\/arte351.pt\\\/art\\\/2016\\\/06\\\/13\\\/entreolhares\\\/#article\",\"isPartOf\":{\"@id\":\"https:\\\/\\\/arte351.pt\\\/art\\\/2016\\\/06\\\/13\\\/entreolhares\\\/\"},\"author\":{\"name\":\"Equipa Arte 351\",\"@id\":\"https:\\\/\\\/arte351.pt\\\/art\\\/#\\\/schema\\\/person\\\/1d081d5dbc7c2a3f2317da95c823a5bd\"},\"headline\":\"ENTREOLHARES\",\"datePublished\":\"2016-06-13T07:33:47+00:00\",\"dateModified\":\"2016-06-16T07:33:58+00:00\",\"mainEntityOfPage\":{\"@id\":\"https:\\\/\\\/arte351.pt\\\/art\\\/2016\\\/06\\\/13\\\/entreolhares\\\/\"},\"wordCount\":649,\"commentCount\":1,\"publisher\":{\"@id\":\"https:\\\/\\\/arte351.pt\\\/art\\\/#organization\"},\"image\":{\"@id\":\"https:\\\/\\\/arte351.pt\\\/art\\\/2016\\\/06\\\/13\\\/entreolhares\\\/#primaryimage\"},\"thumbnailUrl\":\"https:\\\/\\\/arte351.pt\\\/art\\\/wp-content\\\/uploads\\\/2016\\\/06\\\/slide_004_007-1.jpg\",\"articleSection\":[\"Coluna - Renato Rosa\"],\"inLanguage\":\"pt-BR\",\"potentialAction\":[{\"@type\":\"CommentAction\",\"name\":\"Comment\",\"target\":[\"https:\\\/\\\/arte351.pt\\\/art\\\/2016\\\/06\\\/13\\\/entreolhares\\\/#respond\"]}]},{\"@type\":\"WebPage\",\"@id\":\"https:\\\/\\\/arte351.pt\\\/art\\\/2016\\\/06\\\/13\\\/entreolhares\\\/\",\"url\":\"https:\\\/\\\/arte351.pt\\\/art\\\/2016\\\/06\\\/13\\\/entreolhares\\\/\",\"name\":\"ENTREOLHARES - Arte351 - Art Magazine Portugal\",\"isPartOf\":{\"@id\":\"https:\\\/\\\/arte351.pt\\\/art\\\/#website\"},\"primaryImageOfPage\":{\"@id\":\"https:\\\/\\\/arte351.pt\\\/art\\\/2016\\\/06\\\/13\\\/entreolhares\\\/#primaryimage\"},\"image\":{\"@id\":\"https:\\\/\\\/arte351.pt\\\/art\\\/2016\\\/06\\\/13\\\/entreolhares\\\/#primaryimage\"},\"thumbnailUrl\":\"https:\\\/\\\/arte351.pt\\\/art\\\/wp-content\\\/uploads\\\/2016\\\/06\\\/slide_004_007-1.jpg\",\"datePublished\":\"2016-06-13T07:33:47+00:00\",\"dateModified\":\"2016-06-16T07:33:58+00:00\",\"breadcrumb\":{\"@id\":\"https:\\\/\\\/arte351.pt\\\/art\\\/2016\\\/06\\\/13\\\/entreolhares\\\/#breadcrumb\"},\"inLanguage\":\"pt-BR\",\"potentialAction\":[{\"@type\":\"ReadAction\",\"target\":[\"https:\\\/\\\/arte351.pt\\\/art\\\/2016\\\/06\\\/13\\\/entreolhares\\\/\"]}]},{\"@type\":\"ImageObject\",\"inLanguage\":\"pt-BR\",\"@id\":\"https:\\\/\\\/arte351.pt\\\/art\\\/2016\\\/06\\\/13\\\/entreolhares\\\/#primaryimage\",\"url\":\"https:\\\/\\\/arte351.pt\\\/art\\\/wp-content\\\/uploads\\\/2016\\\/06\\\/slide_004_007-1.jpg\",\"contentUrl\":\"https:\\\/\\\/arte351.pt\\\/art\\\/wp-content\\\/uploads\\\/2016\\\/06\\\/slide_004_007-1.jpg\",\"width\":1280,\"height\":600},{\"@type\":\"BreadcrumbList\",\"@id\":\"https:\\\/\\\/arte351.pt\\\/art\\\/2016\\\/06\\\/13\\\/entreolhares\\\/#breadcrumb\",\"itemListElement\":[{\"@type\":\"ListItem\",\"position\":1,\"name\":\"In\u00edcio\",\"item\":\"https:\\\/\\\/arte351.pt\\\/art\\\/\"},{\"@type\":\"ListItem\",\"position\":2,\"name\":\"ENTREOLHARES\"}]},{\"@type\":\"WebSite\",\"@id\":\"https:\\\/\\\/arte351.pt\\\/art\\\/#website\",\"url\":\"https:\\\/\\\/arte351.pt\\\/art\\\/\",\"name\":\"Arte351 - Art Magazine Portugal\",\"description\":\"\",\"publisher\":{\"@id\":\"https:\\\/\\\/arte351.pt\\\/art\\\/#organization\"},\"potentialAction\":[{\"@type\":\"SearchAction\",\"target\":{\"@type\":\"EntryPoint\",\"urlTemplate\":\"https:\\\/\\\/arte351.pt\\\/art\\\/?s={search_term_string}\"},\"query-input\":{\"@type\":\"PropertyValueSpecification\",\"valueRequired\":true,\"valueName\":\"search_term_string\"}}],\"inLanguage\":\"pt-BR\"},{\"@type\":\"Organization\",\"@id\":\"https:\\\/\\\/arte351.pt\\\/art\\\/#organization\",\"name\":\"Arte351 - Art Magazine Portugal\",\"url\":\"https:\\\/\\\/arte351.pt\\\/art\\\/\",\"logo\":{\"@type\":\"ImageObject\",\"inLanguage\":\"pt-BR\",\"@id\":\"https:\\\/\\\/arte351.pt\\\/art\\\/#\\\/schema\\\/logo\\\/image\\\/\",\"url\":\"https:\\\/\\\/arte351.pt\\\/art\\\/wp-content\\\/uploads\\\/2020\\\/03\\\/cropped-logo-arte351-color.png\",\"contentUrl\":\"https:\\\/\\\/arte351.pt\\\/art\\\/wp-content\\\/uploads\\\/2020\\\/03\\\/cropped-logo-arte351-color.png\",\"width\":514,\"height\":200,\"caption\":\"Arte351 - Art Magazine Portugal\"},\"image\":{\"@id\":\"https:\\\/\\\/arte351.pt\\\/art\\\/#\\\/schema\\\/logo\\\/image\\\/\"},\"sameAs\":[\"https:\\\/\\\/www.facebook.com\\\/arte351magazine\\\/\"]},{\"@type\":\"Person\",\"@id\":\"https:\\\/\\\/arte351.pt\\\/art\\\/#\\\/schema\\\/person\\\/1d081d5dbc7c2a3f2317da95c823a5bd\",\"name\":\"Equipa Arte 351\",\"image\":{\"@type\":\"ImageObject\",\"inLanguage\":\"pt-BR\",\"@id\":\"https:\\\/\\\/secure.gravatar.com\\\/avatar\\\/3f97e62c832ede8fafe5d2f9e31f8a055e187b6b31056d1e065d95e034db52e2?s=96&d=mm&r=g\",\"url\":\"https:\\\/\\\/secure.gravatar.com\\\/avatar\\\/3f97e62c832ede8fafe5d2f9e31f8a055e187b6b31056d1e065d95e034db52e2?s=96&d=mm&r=g\",\"contentUrl\":\"https:\\\/\\\/secure.gravatar.com\\\/avatar\\\/3f97e62c832ede8fafe5d2f9e31f8a055e187b6b31056d1e065d95e034db52e2?s=96&d=mm&r=g\",\"caption\":\"Equipa Arte 351\"},\"url\":\"https:\\\/\\\/arte351.pt\\\/art\\\/author\\\/admin2\\\/\"}]}<\/script>\n<!-- \/ Yoast SEO plugin. -->","yoast_head_json":{"title":"ENTREOLHARES - Arte351 - Art Magazine Portugal","robots":{"index":"index","follow":"follow","max-snippet":"max-snippet:-1","max-image-preview":"max-image-preview:large","max-video-preview":"max-video-preview:-1"},"canonical":"https:\/\/arte351.pt\/art\/2016\/06\/13\/entreolhares\/","og_locale":"pt_BR","og_type":"article","og_title":"ENTREOLHARES - Arte351 - Art Magazine Portugal","og_description":"O Museu Afro Brasil, Av. Pedro \u00c1lvares Cabral, s\/n, Parque Ibirapuera &#8211; Port\u00e3o 10 (acesso pelo port\u00e3o 3), institui\u00e7\u00e3o da Secretaria da Cultura do Estado de S\u00e3o Paulo, S\u00e3o Paulo, [&hellip;]","og_url":"https:\/\/arte351.pt\/art\/2016\/06\/13\/entreolhares\/","og_site_name":"Arte351 - Art Magazine Portugal","article_publisher":"https:\/\/www.facebook.com\/arte351magazine\/","article_published_time":"2016-06-13T07:33:47+00:00","article_modified_time":"2016-06-16T07:33:58+00:00","og_image":[{"width":1280,"height":600,"url":"https:\/\/arte351.pt\/art\/wp-content\/uploads\/2016\/06\/slide_004_007-1.jpg","type":"image\/jpeg"}],"author":"Equipa Arte 351","twitter_misc":{"Escrito por":"Equipa Arte 351","Est. tempo de leitura":"3 minutos"},"schema":{"@context":"https:\/\/schema.org","@graph":[{"@type":"Article","@id":"https:\/\/arte351.pt\/art\/2016\/06\/13\/entreolhares\/#article","isPartOf":{"@id":"https:\/\/arte351.pt\/art\/2016\/06\/13\/entreolhares\/"},"author":{"name":"Equipa Arte 351","@id":"https:\/\/arte351.pt\/art\/#\/schema\/person\/1d081d5dbc7c2a3f2317da95c823a5bd"},"headline":"ENTREOLHARES","datePublished":"2016-06-13T07:33:47+00:00","dateModified":"2016-06-16T07:33:58+00:00","mainEntityOfPage":{"@id":"https:\/\/arte351.pt\/art\/2016\/06\/13\/entreolhares\/"},"wordCount":649,"commentCount":1,"publisher":{"@id":"https:\/\/arte351.pt\/art\/#organization"},"image":{"@id":"https:\/\/arte351.pt\/art\/2016\/06\/13\/entreolhares\/#primaryimage"},"thumbnailUrl":"https:\/\/arte351.pt\/art\/wp-content\/uploads\/2016\/06\/slide_004_007-1.jpg","articleSection":["Coluna - Renato Rosa"],"inLanguage":"pt-BR","potentialAction":[{"@type":"CommentAction","name":"Comment","target":["https:\/\/arte351.pt\/art\/2016\/06\/13\/entreolhares\/#respond"]}]},{"@type":"WebPage","@id":"https:\/\/arte351.pt\/art\/2016\/06\/13\/entreolhares\/","url":"https:\/\/arte351.pt\/art\/2016\/06\/13\/entreolhares\/","name":"ENTREOLHARES - Arte351 - Art Magazine Portugal","isPartOf":{"@id":"https:\/\/arte351.pt\/art\/#website"},"primaryImageOfPage":{"@id":"https:\/\/arte351.pt\/art\/2016\/06\/13\/entreolhares\/#primaryimage"},"image":{"@id":"https:\/\/arte351.pt\/art\/2016\/06\/13\/entreolhares\/#primaryimage"},"thumbnailUrl":"https:\/\/arte351.pt\/art\/wp-content\/uploads\/2016\/06\/slide_004_007-1.jpg","datePublished":"2016-06-13T07:33:47+00:00","dateModified":"2016-06-16T07:33:58+00:00","breadcrumb":{"@id":"https:\/\/arte351.pt\/art\/2016\/06\/13\/entreolhares\/#breadcrumb"},"inLanguage":"pt-BR","potentialAction":[{"@type":"ReadAction","target":["https:\/\/arte351.pt\/art\/2016\/06\/13\/entreolhares\/"]}]},{"@type":"ImageObject","inLanguage":"pt-BR","@id":"https:\/\/arte351.pt\/art\/2016\/06\/13\/entreolhares\/#primaryimage","url":"https:\/\/arte351.pt\/art\/wp-content\/uploads\/2016\/06\/slide_004_007-1.jpg","contentUrl":"https:\/\/arte351.pt\/art\/wp-content\/uploads\/2016\/06\/slide_004_007-1.jpg","width":1280,"height":600},{"@type":"BreadcrumbList","@id":"https:\/\/arte351.pt\/art\/2016\/06\/13\/entreolhares\/#breadcrumb","itemListElement":[{"@type":"ListItem","position":1,"name":"In\u00edcio","item":"https:\/\/arte351.pt\/art\/"},{"@type":"ListItem","position":2,"name":"ENTREOLHARES"}]},{"@type":"WebSite","@id":"https:\/\/arte351.pt\/art\/#website","url":"https:\/\/arte351.pt\/art\/","name":"Arte351 - Art Magazine Portugal","description":"","publisher":{"@id":"https:\/\/arte351.pt\/art\/#organization"},"potentialAction":[{"@type":"SearchAction","target":{"@type":"EntryPoint","urlTemplate":"https:\/\/arte351.pt\/art\/?s={search_term_string}"},"query-input":{"@type":"PropertyValueSpecification","valueRequired":true,"valueName":"search_term_string"}}],"inLanguage":"pt-BR"},{"@type":"Organization","@id":"https:\/\/arte351.pt\/art\/#organization","name":"Arte351 - Art Magazine Portugal","url":"https:\/\/arte351.pt\/art\/","logo":{"@type":"ImageObject","inLanguage":"pt-BR","@id":"https:\/\/arte351.pt\/art\/#\/schema\/logo\/image\/","url":"https:\/\/arte351.pt\/art\/wp-content\/uploads\/2020\/03\/cropped-logo-arte351-color.png","contentUrl":"https:\/\/arte351.pt\/art\/wp-content\/uploads\/2020\/03\/cropped-logo-arte351-color.png","width":514,"height":200,"caption":"Arte351 - Art Magazine Portugal"},"image":{"@id":"https:\/\/arte351.pt\/art\/#\/schema\/logo\/image\/"},"sameAs":["https:\/\/www.facebook.com\/arte351magazine\/"]},{"@type":"Person","@id":"https:\/\/arte351.pt\/art\/#\/schema\/person\/1d081d5dbc7c2a3f2317da95c823a5bd","name":"Equipa Arte 351","image":{"@type":"ImageObject","inLanguage":"pt-BR","@id":"https:\/\/secure.gravatar.com\/avatar\/3f97e62c832ede8fafe5d2f9e31f8a055e187b6b31056d1e065d95e034db52e2?s=96&d=mm&r=g","url":"https:\/\/secure.gravatar.com\/avatar\/3f97e62c832ede8fafe5d2f9e31f8a055e187b6b31056d1e065d95e034db52e2?s=96&d=mm&r=g","contentUrl":"https:\/\/secure.gravatar.com\/avatar\/3f97e62c832ede8fafe5d2f9e31f8a055e187b6b31056d1e065d95e034db52e2?s=96&d=mm&r=g","caption":"Equipa Arte 351"},"url":"https:\/\/arte351.pt\/art\/author\/admin2\/"}]}},"_links":{"self":[{"href":"https:\/\/arte351.pt\/art\/wp-json\/wp\/v2\/posts\/708","targetHints":{"allow":["GET"]}}],"collection":[{"href":"https:\/\/arte351.pt\/art\/wp-json\/wp\/v2\/posts"}],"about":[{"href":"https:\/\/arte351.pt\/art\/wp-json\/wp\/v2\/types\/post"}],"author":[{"embeddable":true,"href":"https:\/\/arte351.pt\/art\/wp-json\/wp\/v2\/users\/34415"}],"replies":[{"embeddable":true,"href":"https:\/\/arte351.pt\/art\/wp-json\/wp\/v2\/comments?post=708"}],"version-history":[{"count":1,"href":"https:\/\/arte351.pt\/art\/wp-json\/wp\/v2\/posts\/708\/revisions"}],"predecessor-version":[{"id":710,"href":"https:\/\/arte351.pt\/art\/wp-json\/wp\/v2\/posts\/708\/revisions\/710"}],"wp:featuredmedia":[{"embeddable":true,"href":"https:\/\/arte351.pt\/art\/wp-json\/wp\/v2\/media\/709"}],"wp:attachment":[{"href":"https:\/\/arte351.pt\/art\/wp-json\/wp\/v2\/media?parent=708"}],"wp:term":[{"taxonomy":"category","embeddable":true,"href":"https:\/\/arte351.pt\/art\/wp-json\/wp\/v2\/categories?post=708"},{"taxonomy":"post_tag","embeddable":true,"href":"https:\/\/arte351.pt\/art\/wp-json\/wp\/v2\/tags?post=708"}],"curies":[{"name":"wp","href":"https:\/\/api.w.org\/{rel}","templated":true}]}}