{"id":7215,"date":"2023-02-18T09:06:46","date_gmt":"2023-02-18T09:06:46","guid":{"rendered":"https:\/\/arte351.pt\/art\/?p=7215"},"modified":"2023-02-17T13:13:43","modified_gmt":"2023-02-17T13:13:43","slug":"abertas-as-candidaturas-para-o-premio-ataegina-de-contos-de-ficcao-especulativa","status":"publish","type":"post","link":"https:\/\/arte351.pt\/art\/2023\/02\/18\/abertas-as-candidaturas-para-o-premio-ataegina-de-contos-de-ficcao-especulativa\/","title":{"rendered":"Abertas as candidaturas para o Pr\u00e9mio Ataegina de Contos de Fic\u00e7\u00e3o Especulativa"},"content":{"rendered":"<div class=\"flex-1 overflow-hidden\">\n<div class=\"react-scroll-to-bottom--css-vpbty-79elbk h-full dark:bg-gray-800\">\n<div class=\"react-scroll-to-bottom--css-vpbty-1n7m0yu\">\n<div class=\"flex flex-col items-center text-sm dark:bg-gray-800\">\n<div class=\"w-full border-b border-black\/10 dark:border-gray-900\/50 text-gray-800 dark:text-gray-100 group bg-gray-50 dark:bg-[#444654]\">\n<div class=\"text-base gap-4 md:gap-6 m-auto md:max-w-2xl lg:max-w-2xl xl:max-w-3xl p-4 md:py-6 flex lg:px-0\">\n<div class=\"relative flex w-[calc(100%-50px)] flex-col gap-1 md:gap-3 lg:w-[calc(100%-115px)]\">\n<div class=\"flex flex-grow flex-col gap-3\">\n<div class=\"min-h-[20px] flex flex-col items-start gap-4 whitespace-pre-wrap\">\n<div class=\"markdown prose w-full break-words dark:prose-invert light\">\n<p>Est\u00e1 aberto o Pr\u00e9mio Ataegina, um concurso nacional de contos de fic\u00e7\u00e3o especulativa que tem como objetivo incentivar a produ\u00e7\u00e3o de obras originais de escritores de nacionalidade portuguesa. O concurso destina-se a premiar uma obra in\u00e9dita de fic\u00e7\u00e3o especulativa na \u00e1rea de conto escrita em portugu\u00eas, incluindo g\u00eaneros como fantasia, fic\u00e7\u00e3o cient\u00edfica, terror e weird.<\/p>\n<p>Podem candidatar-se todos os autores singulares, maiores de idade e de nacionalidade portuguesa. Cada autor s\u00f3 poder\u00e1 concorrer com uma obra. As obras concorrentes ser\u00e3o entregues por email e dever\u00e3o obedecer a certos requisitos de formato, como tamanho de fonte e espa\u00e7amento entre linhas. As obras dever\u00e3o ser entregues at\u00e9 28 de Fevereiro de 2023.<\/p>\n<p>O valor monet\u00e1rio do pr\u00e9mio \u00e9 de 50\u20ac (cinquenta euros) a entregar na forma de cart\u00e3o oferta. O j\u00fari ser\u00e1 constitu\u00eddo por, pelo menos, tr\u00eas jurados, escolhidos pela entidades organizadoras do Pr\u00e9mio Ataegina, e atribuir\u00e1 o pr\u00e9mio \u00e0 obra concorrente que considerar de melhor m\u00e9rito liter\u00e1rio. Se as obras concorrentes n\u00e3o apresentarem a qualidade exigida, o pr\u00e9mio poder\u00e1 n\u00e3o ser atribu\u00eddo.<\/p>\n<p>O conto vencedor poder\u00e1 ser editado ou co-editado pelas entidades organizadoras, numa tiragem determinada por estas. O autor receber\u00e1 10% de royalties sobre o pre\u00e7o de capa de cada exemplar vendido. O autor da obra premiada cede aos editores o direito exclusivo de a explorar comercialmente na Europa, durante um per\u00edodo de dois anos ap\u00f3s a atribui\u00e7\u00e3o do pr\u00e9mio. Este direito inclui a tradu\u00e7\u00e3o ou ced\u00eancia para tradu\u00e7\u00e3o para qualquer l\u00edngua.<\/p>\n<\/div>\n<p>L\u00ea mais <a href=\"https:\/\/imaginauta.net\/premio-ataegina-2022\/\" target=\"_blank\" rel=\"noopener\">AQUI.<\/a><\/p>\n<\/div>\n<\/div>\n<\/div>\n<\/div>\n<\/div>\n<\/div>\n<\/div>\n<\/div>\n<\/div>\n","protected":false},"excerpt":{"rendered":"<p>Est\u00e1 aberto o Pr\u00e9mio Ataegina, um concurso nacional de contos de fic\u00e7\u00e3o especulativa que tem como objetivo incentivar a produ\u00e7\u00e3o de obras originais de escritores de nacionalidade portuguesa. O concurso [&hellip;]<\/p>\n","protected":false},"author":3,"featured_media":7216,"comment_status":"closed","ping_status":"closed","sticky":false,"template":"","format":"standard","meta":{"_exactmetrics_skip_tracking":false,"_exactmetrics_sitenote_active":false,"_exactmetrics_sitenote_note":"","_exactmetrics_sitenote_category":0,"_uf_show_specific_survey":0,"_uf_disable_surveys":false,"footnotes":""},"categories":[1161],"tags":[1826],"class_list":["post-7215","post","type-post","status-publish","format-standard","has-post-thumbnail","hentry","category-concurso","tag-premio-ataegina"],"yoast_head":"<!-- This site is optimized with the Yoast SEO plugin v27.3 - https:\/\/yoast.com\/product\/yoast-seo-wordpress\/ -->\n<title>Abertas as candidaturas para o Pr\u00e9mio Ataegina de Contos de Fic\u00e7\u00e3o Especulativa<\/title>\n<meta name=\"description\" content=\"Pr\u00e9mio Ataegina, um concurso nacional de contos de fic\u00e7\u00e3o especulativa que tem como objetivo incentivar a produ\u00e7\u00e3o de obras originais de\" \/>\n<meta name=\"robots\" content=\"index, follow, max-snippet:-1, max-image-preview:large, max-video-preview:-1\" \/>\n<link rel=\"canonical\" href=\"https:\/\/arte351.pt\/art\/2023\/02\/18\/abertas-as-candidaturas-para-o-premio-ataegina-de-contos-de-ficcao-especulativa\/\" \/>\n<meta property=\"og:locale\" content=\"pt_BR\" \/>\n<meta property=\"og:type\" content=\"article\" \/>\n<meta property=\"og:title\" content=\"Abertas as candidaturas para o Pr\u00e9mio Ataegina de Contos de Fic\u00e7\u00e3o Especulativa\" \/>\n<meta property=\"og:description\" content=\"Pr\u00e9mio Ataegina, um concurso nacional de contos de fic\u00e7\u00e3o especulativa que tem como objetivo incentivar a produ\u00e7\u00e3o de obras originais de\" \/>\n<meta property=\"og:url\" content=\"https:\/\/arte351.pt\/art\/2023\/02\/18\/abertas-as-candidaturas-para-o-premio-ataegina-de-contos-de-ficcao-especulativa\/\" \/>\n<meta property=\"og:site_name\" content=\"Arte351 - Art Magazine Portugal\" \/>\n<meta property=\"article:publisher\" content=\"https:\/\/www.facebook.com\/arte351magazine\/\" \/>\n<meta property=\"article:published_time\" content=\"2023-02-18T09:06:46+00:00\" \/>\n<meta property=\"og:image\" content=\"https:\/\/arte351.pt\/art\/wp-content\/uploads\/2023\/02\/premio-ataegina.jpg\" \/>\n\t<meta property=\"og:image:width\" content=\"1200\" \/>\n\t<meta property=\"og:image:height\" content=\"578\" \/>\n\t<meta property=\"og:image:type\" content=\"image\/jpeg\" \/>\n<meta name=\"author\" content=\"Equipa Arte351\" \/>\n<meta name=\"twitter:label1\" content=\"Escrito por\" \/>\n\t<meta name=\"twitter:data1\" content=\"Equipa Arte351\" \/>\n\t<meta name=\"twitter:label2\" content=\"Est. tempo de leitura\" \/>\n\t<meta name=\"twitter:data2\" content=\"2 minutos\" \/>\n<script type=\"application\/ld+json\" class=\"yoast-schema-graph\">{\"@context\":\"https:\\\/\\\/schema.org\",\"@graph\":[{\"@type\":\"Article\",\"@id\":\"https:\\\/\\\/arte351.pt\\\/art\\\/2023\\\/02\\\/18\\\/abertas-as-candidaturas-para-o-premio-ataegina-de-contos-de-ficcao-especulativa\\\/#article\",\"isPartOf\":{\"@id\":\"https:\\\/\\\/arte351.pt\\\/art\\\/2023\\\/02\\\/18\\\/abertas-as-candidaturas-para-o-premio-ataegina-de-contos-de-ficcao-especulativa\\\/\"},\"author\":{\"name\":\"Equipa Arte351\",\"@id\":\"https:\\\/\\\/arte351.pt\\\/art\\\/#\\\/schema\\\/person\\\/f2cfae59497206be61c53c217757b930\"},\"headline\":\"Abertas as candidaturas para o Pr\u00e9mio Ataegina de Contos de Fic\u00e7\u00e3o Especulativa\",\"datePublished\":\"2023-02-18T09:06:46+00:00\",\"mainEntityOfPage\":{\"@id\":\"https:\\\/\\\/arte351.pt\\\/art\\\/2023\\\/02\\\/18\\\/abertas-as-candidaturas-para-o-premio-ataegina-de-contos-de-ficcao-especulativa\\\/\"},\"wordCount\":289,\"publisher\":{\"@id\":\"https:\\\/\\\/arte351.pt\\\/art\\\/#organization\"},\"image\":{\"@id\":\"https:\\\/\\\/arte351.pt\\\/art\\\/2023\\\/02\\\/18\\\/abertas-as-candidaturas-para-o-premio-ataegina-de-contos-de-ficcao-especulativa\\\/#primaryimage\"},\"thumbnailUrl\":\"https:\\\/\\\/arte351.pt\\\/art\\\/wp-content\\\/uploads\\\/2023\\\/02\\\/premio-ataegina.jpg\",\"keywords\":[\"Pr\u00e9mio Ataegina\"],\"articleSection\":[\"Concurso\"],\"inLanguage\":\"pt-BR\"},{\"@type\":\"WebPage\",\"@id\":\"https:\\\/\\\/arte351.pt\\\/art\\\/2023\\\/02\\\/18\\\/abertas-as-candidaturas-para-o-premio-ataegina-de-contos-de-ficcao-especulativa\\\/\",\"url\":\"https:\\\/\\\/arte351.pt\\\/art\\\/2023\\\/02\\\/18\\\/abertas-as-candidaturas-para-o-premio-ataegina-de-contos-de-ficcao-especulativa\\\/\",\"name\":\"Abertas as candidaturas para o Pr\u00e9mio Ataegina de Contos de Fic\u00e7\u00e3o Especulativa\",\"isPartOf\":{\"@id\":\"https:\\\/\\\/arte351.pt\\\/art\\\/#website\"},\"primaryImageOfPage\":{\"@id\":\"https:\\\/\\\/arte351.pt\\\/art\\\/2023\\\/02\\\/18\\\/abertas-as-candidaturas-para-o-premio-ataegina-de-contos-de-ficcao-especulativa\\\/#primaryimage\"},\"image\":{\"@id\":\"https:\\\/\\\/arte351.pt\\\/art\\\/2023\\\/02\\\/18\\\/abertas-as-candidaturas-para-o-premio-ataegina-de-contos-de-ficcao-especulativa\\\/#primaryimage\"},\"thumbnailUrl\":\"https:\\\/\\\/arte351.pt\\\/art\\\/wp-content\\\/uploads\\\/2023\\\/02\\\/premio-ataegina.jpg\",\"datePublished\":\"2023-02-18T09:06:46+00:00\",\"description\":\"Pr\u00e9mio Ataegina, um concurso nacional de contos de fic\u00e7\u00e3o especulativa que tem como objetivo incentivar a produ\u00e7\u00e3o de obras originais de\",\"breadcrumb\":{\"@id\":\"https:\\\/\\\/arte351.pt\\\/art\\\/2023\\\/02\\\/18\\\/abertas-as-candidaturas-para-o-premio-ataegina-de-contos-de-ficcao-especulativa\\\/#breadcrumb\"},\"inLanguage\":\"pt-BR\",\"potentialAction\":[{\"@type\":\"ReadAction\",\"target\":[\"https:\\\/\\\/arte351.pt\\\/art\\\/2023\\\/02\\\/18\\\/abertas-as-candidaturas-para-o-premio-ataegina-de-contos-de-ficcao-especulativa\\\/\"]}]},{\"@type\":\"ImageObject\",\"inLanguage\":\"pt-BR\",\"@id\":\"https:\\\/\\\/arte351.pt\\\/art\\\/2023\\\/02\\\/18\\\/abertas-as-candidaturas-para-o-premio-ataegina-de-contos-de-ficcao-especulativa\\\/#primaryimage\",\"url\":\"https:\\\/\\\/arte351.pt\\\/art\\\/wp-content\\\/uploads\\\/2023\\\/02\\\/premio-ataegina.jpg\",\"contentUrl\":\"https:\\\/\\\/arte351.pt\\\/art\\\/wp-content\\\/uploads\\\/2023\\\/02\\\/premio-ataegina.jpg\",\"width\":1200,\"height\":578,\"caption\":\"livro\"},{\"@type\":\"BreadcrumbList\",\"@id\":\"https:\\\/\\\/arte351.pt\\\/art\\\/2023\\\/02\\\/18\\\/abertas-as-candidaturas-para-o-premio-ataegina-de-contos-de-ficcao-especulativa\\\/#breadcrumb\",\"itemListElement\":[{\"@type\":\"ListItem\",\"position\":1,\"name\":\"In\u00edcio\",\"item\":\"https:\\\/\\\/arte351.pt\\\/art\\\/\"},{\"@type\":\"ListItem\",\"position\":2,\"name\":\"Abertas as candidaturas para o Pr\u00e9mio Ataegina de Contos de Fic\u00e7\u00e3o Especulativa\"}]},{\"@type\":\"WebSite\",\"@id\":\"https:\\\/\\\/arte351.pt\\\/art\\\/#website\",\"url\":\"https:\\\/\\\/arte351.pt\\\/art\\\/\",\"name\":\"Arte351 - Art Magazine Portugal\",\"description\":\"\",\"publisher\":{\"@id\":\"https:\\\/\\\/arte351.pt\\\/art\\\/#organization\"},\"potentialAction\":[{\"@type\":\"SearchAction\",\"target\":{\"@type\":\"EntryPoint\",\"urlTemplate\":\"https:\\\/\\\/arte351.pt\\\/art\\\/?s={search_term_string}\"},\"query-input\":{\"@type\":\"PropertyValueSpecification\",\"valueRequired\":true,\"valueName\":\"search_term_string\"}}],\"inLanguage\":\"pt-BR\"},{\"@type\":\"Organization\",\"@id\":\"https:\\\/\\\/arte351.pt\\\/art\\\/#organization\",\"name\":\"Arte351 - Art Magazine Portugal\",\"url\":\"https:\\\/\\\/arte351.pt\\\/art\\\/\",\"logo\":{\"@type\":\"ImageObject\",\"inLanguage\":\"pt-BR\",\"@id\":\"https:\\\/\\\/arte351.pt\\\/art\\\/#\\\/schema\\\/logo\\\/image\\\/\",\"url\":\"https:\\\/\\\/arte351.pt\\\/art\\\/wp-content\\\/uploads\\\/2020\\\/03\\\/cropped-logo-arte351-color.png\",\"contentUrl\":\"https:\\\/\\\/arte351.pt\\\/art\\\/wp-content\\\/uploads\\\/2020\\\/03\\\/cropped-logo-arte351-color.png\",\"width\":514,\"height\":200,\"caption\":\"Arte351 - Art Magazine Portugal\"},\"image\":{\"@id\":\"https:\\\/\\\/arte351.pt\\\/art\\\/#\\\/schema\\\/logo\\\/image\\\/\"},\"sameAs\":[\"https:\\\/\\\/www.facebook.com\\\/arte351magazine\\\/\"]},{\"@type\":\"Person\",\"@id\":\"https:\\\/\\\/arte351.pt\\\/art\\\/#\\\/schema\\\/person\\\/f2cfae59497206be61c53c217757b930\",\"name\":\"Equipa Arte351\",\"image\":{\"@type\":\"ImageObject\",\"inLanguage\":\"pt-BR\",\"@id\":\"https:\\\/\\\/secure.gravatar.com\\\/avatar\\\/6caca56323d52e15e83fc5635240c86f7e52fd46fa8d5df9a709d99f5aa1638e?s=96&d=mm&r=g\",\"url\":\"https:\\\/\\\/secure.gravatar.com\\\/avatar\\\/6caca56323d52e15e83fc5635240c86f7e52fd46fa8d5df9a709d99f5aa1638e?s=96&d=mm&r=g\",\"contentUrl\":\"https:\\\/\\\/secure.gravatar.com\\\/avatar\\\/6caca56323d52e15e83fc5635240c86f7e52fd46fa8d5df9a709d99f5aa1638e?s=96&d=mm&r=g\",\"caption\":\"Equipa Arte351\"},\"url\":\"https:\\\/\\\/arte351.pt\\\/art\\\/author\\\/caroleenbass\\\/\"}]}<\/script>\n<!-- \/ Yoast SEO plugin. -->","yoast_head_json":{"title":"Abertas as candidaturas para o Pr\u00e9mio Ataegina de Contos de Fic\u00e7\u00e3o Especulativa","description":"Pr\u00e9mio Ataegina, um concurso nacional de contos de fic\u00e7\u00e3o especulativa que tem como objetivo incentivar a produ\u00e7\u00e3o de obras originais de","robots":{"index":"index","follow":"follow","max-snippet":"max-snippet:-1","max-image-preview":"max-image-preview:large","max-video-preview":"max-video-preview:-1"},"canonical":"https:\/\/arte351.pt\/art\/2023\/02\/18\/abertas-as-candidaturas-para-o-premio-ataegina-de-contos-de-ficcao-especulativa\/","og_locale":"pt_BR","og_type":"article","og_title":"Abertas as candidaturas para o Pr\u00e9mio Ataegina de Contos de Fic\u00e7\u00e3o Especulativa","og_description":"Pr\u00e9mio Ataegina, um concurso nacional de contos de fic\u00e7\u00e3o especulativa que tem como objetivo incentivar a produ\u00e7\u00e3o de obras originais de","og_url":"https:\/\/arte351.pt\/art\/2023\/02\/18\/abertas-as-candidaturas-para-o-premio-ataegina-de-contos-de-ficcao-especulativa\/","og_site_name":"Arte351 - Art Magazine Portugal","article_publisher":"https:\/\/www.facebook.com\/arte351magazine\/","article_published_time":"2023-02-18T09:06:46+00:00","og_image":[{"width":1200,"height":578,"url":"https:\/\/arte351.pt\/art\/wp-content\/uploads\/2023\/02\/premio-ataegina.jpg","type":"image\/jpeg"}],"author":"Equipa Arte351","twitter_misc":{"Escrito por":"Equipa Arte351","Est. tempo de leitura":"2 minutos"},"schema":{"@context":"https:\/\/schema.org","@graph":[{"@type":"Article","@id":"https:\/\/arte351.pt\/art\/2023\/02\/18\/abertas-as-candidaturas-para-o-premio-ataegina-de-contos-de-ficcao-especulativa\/#article","isPartOf":{"@id":"https:\/\/arte351.pt\/art\/2023\/02\/18\/abertas-as-candidaturas-para-o-premio-ataegina-de-contos-de-ficcao-especulativa\/"},"author":{"name":"Equipa Arte351","@id":"https:\/\/arte351.pt\/art\/#\/schema\/person\/f2cfae59497206be61c53c217757b930"},"headline":"Abertas as candidaturas para o Pr\u00e9mio Ataegina de Contos de Fic\u00e7\u00e3o Especulativa","datePublished":"2023-02-18T09:06:46+00:00","mainEntityOfPage":{"@id":"https:\/\/arte351.pt\/art\/2023\/02\/18\/abertas-as-candidaturas-para-o-premio-ataegina-de-contos-de-ficcao-especulativa\/"},"wordCount":289,"publisher":{"@id":"https:\/\/arte351.pt\/art\/#organization"},"image":{"@id":"https:\/\/arte351.pt\/art\/2023\/02\/18\/abertas-as-candidaturas-para-o-premio-ataegina-de-contos-de-ficcao-especulativa\/#primaryimage"},"thumbnailUrl":"https:\/\/arte351.pt\/art\/wp-content\/uploads\/2023\/02\/premio-ataegina.jpg","keywords":["Pr\u00e9mio Ataegina"],"articleSection":["Concurso"],"inLanguage":"pt-BR"},{"@type":"WebPage","@id":"https:\/\/arte351.pt\/art\/2023\/02\/18\/abertas-as-candidaturas-para-o-premio-ataegina-de-contos-de-ficcao-especulativa\/","url":"https:\/\/arte351.pt\/art\/2023\/02\/18\/abertas-as-candidaturas-para-o-premio-ataegina-de-contos-de-ficcao-especulativa\/","name":"Abertas as candidaturas para o Pr\u00e9mio Ataegina de Contos de Fic\u00e7\u00e3o Especulativa","isPartOf":{"@id":"https:\/\/arte351.pt\/art\/#website"},"primaryImageOfPage":{"@id":"https:\/\/arte351.pt\/art\/2023\/02\/18\/abertas-as-candidaturas-para-o-premio-ataegina-de-contos-de-ficcao-especulativa\/#primaryimage"},"image":{"@id":"https:\/\/arte351.pt\/art\/2023\/02\/18\/abertas-as-candidaturas-para-o-premio-ataegina-de-contos-de-ficcao-especulativa\/#primaryimage"},"thumbnailUrl":"https:\/\/arte351.pt\/art\/wp-content\/uploads\/2023\/02\/premio-ataegina.jpg","datePublished":"2023-02-18T09:06:46+00:00","description":"Pr\u00e9mio Ataegina, um concurso nacional de contos de fic\u00e7\u00e3o especulativa que tem como objetivo incentivar a produ\u00e7\u00e3o de obras originais de","breadcrumb":{"@id":"https:\/\/arte351.pt\/art\/2023\/02\/18\/abertas-as-candidaturas-para-o-premio-ataegina-de-contos-de-ficcao-especulativa\/#breadcrumb"},"inLanguage":"pt-BR","potentialAction":[{"@type":"ReadAction","target":["https:\/\/arte351.pt\/art\/2023\/02\/18\/abertas-as-candidaturas-para-o-premio-ataegina-de-contos-de-ficcao-especulativa\/"]}]},{"@type":"ImageObject","inLanguage":"pt-BR","@id":"https:\/\/arte351.pt\/art\/2023\/02\/18\/abertas-as-candidaturas-para-o-premio-ataegina-de-contos-de-ficcao-especulativa\/#primaryimage","url":"https:\/\/arte351.pt\/art\/wp-content\/uploads\/2023\/02\/premio-ataegina.jpg","contentUrl":"https:\/\/arte351.pt\/art\/wp-content\/uploads\/2023\/02\/premio-ataegina.jpg","width":1200,"height":578,"caption":"livro"},{"@type":"BreadcrumbList","@id":"https:\/\/arte351.pt\/art\/2023\/02\/18\/abertas-as-candidaturas-para-o-premio-ataegina-de-contos-de-ficcao-especulativa\/#breadcrumb","itemListElement":[{"@type":"ListItem","position":1,"name":"In\u00edcio","item":"https:\/\/arte351.pt\/art\/"},{"@type":"ListItem","position":2,"name":"Abertas as candidaturas para o Pr\u00e9mio Ataegina de Contos de Fic\u00e7\u00e3o Especulativa"}]},{"@type":"WebSite","@id":"https:\/\/arte351.pt\/art\/#website","url":"https:\/\/arte351.pt\/art\/","name":"Arte351 - Art Magazine Portugal","description":"","publisher":{"@id":"https:\/\/arte351.pt\/art\/#organization"},"potentialAction":[{"@type":"SearchAction","target":{"@type":"EntryPoint","urlTemplate":"https:\/\/arte351.pt\/art\/?s={search_term_string}"},"query-input":{"@type":"PropertyValueSpecification","valueRequired":true,"valueName":"search_term_string"}}],"inLanguage":"pt-BR"},{"@type":"Organization","@id":"https:\/\/arte351.pt\/art\/#organization","name":"Arte351 - Art Magazine Portugal","url":"https:\/\/arte351.pt\/art\/","logo":{"@type":"ImageObject","inLanguage":"pt-BR","@id":"https:\/\/arte351.pt\/art\/#\/schema\/logo\/image\/","url":"https:\/\/arte351.pt\/art\/wp-content\/uploads\/2020\/03\/cropped-logo-arte351-color.png","contentUrl":"https:\/\/arte351.pt\/art\/wp-content\/uploads\/2020\/03\/cropped-logo-arte351-color.png","width":514,"height":200,"caption":"Arte351 - Art Magazine Portugal"},"image":{"@id":"https:\/\/arte351.pt\/art\/#\/schema\/logo\/image\/"},"sameAs":["https:\/\/www.facebook.com\/arte351magazine\/"]},{"@type":"Person","@id":"https:\/\/arte351.pt\/art\/#\/schema\/person\/f2cfae59497206be61c53c217757b930","name":"Equipa Arte351","image":{"@type":"ImageObject","inLanguage":"pt-BR","@id":"https:\/\/secure.gravatar.com\/avatar\/6caca56323d52e15e83fc5635240c86f7e52fd46fa8d5df9a709d99f5aa1638e?s=96&d=mm&r=g","url":"https:\/\/secure.gravatar.com\/avatar\/6caca56323d52e15e83fc5635240c86f7e52fd46fa8d5df9a709d99f5aa1638e?s=96&d=mm&r=g","contentUrl":"https:\/\/secure.gravatar.com\/avatar\/6caca56323d52e15e83fc5635240c86f7e52fd46fa8d5df9a709d99f5aa1638e?s=96&d=mm&r=g","caption":"Equipa Arte351"},"url":"https:\/\/arte351.pt\/art\/author\/caroleenbass\/"}]}},"_links":{"self":[{"href":"https:\/\/arte351.pt\/art\/wp-json\/wp\/v2\/posts\/7215","targetHints":{"allow":["GET"]}}],"collection":[{"href":"https:\/\/arte351.pt\/art\/wp-json\/wp\/v2\/posts"}],"about":[{"href":"https:\/\/arte351.pt\/art\/wp-json\/wp\/v2\/types\/post"}],"author":[{"embeddable":true,"href":"https:\/\/arte351.pt\/art\/wp-json\/wp\/v2\/users\/3"}],"replies":[{"embeddable":true,"href":"https:\/\/arte351.pt\/art\/wp-json\/wp\/v2\/comments?post=7215"}],"version-history":[{"count":1,"href":"https:\/\/arte351.pt\/art\/wp-json\/wp\/v2\/posts\/7215\/revisions"}],"predecessor-version":[{"id":7217,"href":"https:\/\/arte351.pt\/art\/wp-json\/wp\/v2\/posts\/7215\/revisions\/7217"}],"wp:featuredmedia":[{"embeddable":true,"href":"https:\/\/arte351.pt\/art\/wp-json\/wp\/v2\/media\/7216"}],"wp:attachment":[{"href":"https:\/\/arte351.pt\/art\/wp-json\/wp\/v2\/media?parent=7215"}],"wp:term":[{"taxonomy":"category","embeddable":true,"href":"https:\/\/arte351.pt\/art\/wp-json\/wp\/v2\/categories?post=7215"},{"taxonomy":"post_tag","embeddable":true,"href":"https:\/\/arte351.pt\/art\/wp-json\/wp\/v2\/tags?post=7215"}],"curies":[{"name":"wp","href":"https:\/\/api.w.org\/{rel}","templated":true}]}}