{"id":7491,"date":"2023-04-19T09:33:19","date_gmt":"2023-04-19T09:33:19","guid":{"rendered":"https:\/\/arte351.pt\/art\/?p=7491"},"modified":"2023-04-19T09:33:19","modified_gmt":"2023-04-19T09:33:19","slug":"aurelia-de-sousa-as-casas-exposicao-de-fotografia-de-rui-pinheiro-no-museu-nacional-soares-dos-reis","status":"publish","type":"post","link":"https:\/\/arte351.pt\/art\/2023\/04\/19\/aurelia-de-sousa-as-casas-exposicao-de-fotografia-de-rui-pinheiro-no-museu-nacional-soares-dos-reis\/","title":{"rendered":"Aur\u00e9lia de Sousa: As Casas &#8211; Exposi\u00e7\u00e3o de Fotografia de Rui Pinheiro no Museu Nacional Soares dos Reis"},"content":{"rendered":"<p>O <a href=\"https:\/\/arte351.pt\/art\/tag\/museu-nacional-de-soares-dos-reis\/\" target=\"_blank\" rel=\"noopener\">Museu Nacional Soares dos Reis<\/a>, em parceria com a Universidade Nova de Lisboa, a Universidade Cat\u00f3lica do Porto e a C\u00e2mara Municipal de Matosinhos, apresenta a exposi\u00e7\u00e3o de fotografia &#8220;Aur\u00e9lia de Sousa As Casas&#8221;, de Rui Pinheiro. A exposi\u00e7\u00e3o apresenta a obra da pintora Aur\u00e9lia de Sousa e re\u00fane mais de quatrocentas obras de sua autoria, uma produ\u00e7\u00e3o de volume inesperado. A maioria das pinturas est\u00e1 na posse de particulares e 93 propriet\u00e1rios foram identificados at\u00e9 a data. O museu optou por fazer a desloca\u00e7\u00e3o da equipa a casa de cada colecionador, gerando um inesperado e indispens\u00e1vel manancial de informa\u00e7\u00e3o visual do qual se apresenta testemunho nesta exposi\u00e7\u00e3o.<\/p>\n<p>Aur\u00e9lia de Sousa \u00e9 uma pintora portuguesa do final do s\u00e9culo XIX e in\u00edcio do s\u00e9culo XX, sendo uma das mais importantes da sua gera\u00e7\u00e3o. A exposi\u00e7\u00e3o &#8220;As Casas&#8221; apresenta uma nova perspectiva do trabalho da pintora, j\u00e1 que se foca nas obras que a artista pintou em casas particulares, onde as obras interagem com o ambiente, as cores e a luz do espa\u00e7o, tornando cada obra \u00fanica. As fotografias de Rui Pinheiro revelam como as pinturas de Aur\u00e9lia de Sousa se integraram no quotidiano das pessoas, tornando-se parte da sua vida e hist\u00f3ria.<\/p>\n<p>A exposi\u00e7\u00e3o pode ser visitada at\u00e9 o dia 27 de agosto, de ter\u00e7a-feira a domingo, das 10h \u00e0s 18h, no Museu Nacional Soares dos Reis. A mostra \u00e9 uma oportunidade \u00fanica para os amantes da arte e cultura visual conhecerem o trabalho de Aur\u00e9lia de Sousa sob uma nova perspectiva, numa exposi\u00e7\u00e3o que apresenta um manancial de informa\u00e7\u00f5es visuais nunca antes reveladas.<\/p>\n<p>Para mais informa\u00e7\u00f5es sobre a exposi\u00e7\u00e3o, visite o site do <a href=\"https:\/\/museusoaresdosreis.gov.pt\/\" target=\"_blank\" rel=\"noopener\">Museu AQUI.<\/a><\/p>\n","protected":false},"excerpt":{"rendered":"<p>O Museu Nacional Soares dos Reis, em parceria com a Universidade Nova de Lisboa, a Universidade Cat\u00f3lica do Porto e a C\u00e2mara Municipal de Matosinhos, apresenta a exposi\u00e7\u00e3o de fotografia [&hellip;]<\/p>\n","protected":false},"author":3,"featured_media":7492,"comment_status":"closed","ping_status":"closed","sticky":false,"template":"","format":"standard","meta":{"_exactmetrics_skip_tracking":false,"_exactmetrics_sitenote_active":false,"_exactmetrics_sitenote_note":"","_exactmetrics_sitenote_category":0,"_uf_show_specific_survey":0,"_uf_disable_surveys":false,"footnotes":""},"categories":[1],"tags":[1513],"class_list":["post-7491","post","type-post","status-publish","format-standard","has-post-thumbnail","hentry","category-sem-categoria","tag-museu-nacional-soares-dos-reis"],"yoast_head":"<!-- This site is optimized with the Yoast SEO plugin v27.3 - https:\/\/yoast.com\/product\/yoast-seo-wordpress\/ -->\n<title>Aur\u00e9lia de Sousa: As Casas - Exposi\u00e7\u00e3o de Fotografia de Rui Pinheiro no Museu Nacional Soares dos Reis<\/title>\n<meta name=\"description\" content=\"a Universidade Cat\u00f3lica do Porto e a C\u00e2mara Municipal de Matosinhos, apresenta a exposi\u00e7\u00e3o de fotografia &quot;Aur\u00e9lia de Sousa As Casas&quot;...\" \/>\n<meta name=\"robots\" content=\"index, follow, max-snippet:-1, max-image-preview:large, max-video-preview:-1\" \/>\n<link rel=\"canonical\" href=\"https:\/\/arte351.pt\/art\/2023\/04\/19\/aurelia-de-sousa-as-casas-exposicao-de-fotografia-de-rui-pinheiro-no-museu-nacional-soares-dos-reis\/\" \/>\n<meta property=\"og:locale\" content=\"pt_BR\" \/>\n<meta property=\"og:type\" content=\"article\" \/>\n<meta property=\"og:title\" content=\"Aur\u00e9lia de Sousa: As Casas - Exposi\u00e7\u00e3o de Fotografia de Rui Pinheiro no Museu Nacional Soares dos Reis\" \/>\n<meta property=\"og:description\" content=\"a Universidade Cat\u00f3lica do Porto e a C\u00e2mara Municipal de Matosinhos, apresenta a exposi\u00e7\u00e3o de fotografia &quot;Aur\u00e9lia de Sousa As Casas&quot;...\" \/>\n<meta property=\"og:url\" content=\"https:\/\/arte351.pt\/art\/2023\/04\/19\/aurelia-de-sousa-as-casas-exposicao-de-fotografia-de-rui-pinheiro-no-museu-nacional-soares-dos-reis\/\" \/>\n<meta property=\"og:site_name\" content=\"Arte351 - Art Magazine Portugal\" \/>\n<meta property=\"article:publisher\" content=\"https:\/\/www.facebook.com\/arte351magazine\/\" \/>\n<meta property=\"article:published_time\" content=\"2023-04-19T09:33:19+00:00\" \/>\n<meta property=\"og:image\" content=\"https:\/\/arte351.pt\/art\/wp-content\/uploads\/2023\/04\/Aurelia-de-Sousa.jpg\" \/>\n\t<meta property=\"og:image:width\" content=\"1200\" \/>\n\t<meta property=\"og:image:height\" content=\"578\" \/>\n\t<meta property=\"og:image:type\" content=\"image\/jpeg\" \/>\n<meta name=\"author\" content=\"Equipa Arte351\" \/>\n<meta name=\"twitter:label1\" content=\"Escrito por\" \/>\n\t<meta name=\"twitter:data1\" content=\"Equipa Arte351\" \/>\n\t<meta name=\"twitter:label2\" content=\"Est. tempo de leitura\" \/>\n\t<meta name=\"twitter:data2\" content=\"2 minutos\" \/>\n<script type=\"application\/ld+json\" class=\"yoast-schema-graph\">{\"@context\":\"https:\\\/\\\/schema.org\",\"@graph\":[{\"@type\":\"Article\",\"@id\":\"https:\\\/\\\/arte351.pt\\\/art\\\/2023\\\/04\\\/19\\\/aurelia-de-sousa-as-casas-exposicao-de-fotografia-de-rui-pinheiro-no-museu-nacional-soares-dos-reis\\\/#article\",\"isPartOf\":{\"@id\":\"https:\\\/\\\/arte351.pt\\\/art\\\/2023\\\/04\\\/19\\\/aurelia-de-sousa-as-casas-exposicao-de-fotografia-de-rui-pinheiro-no-museu-nacional-soares-dos-reis\\\/\"},\"author\":{\"name\":\"Equipa Arte351\",\"@id\":\"https:\\\/\\\/arte351.pt\\\/art\\\/#\\\/schema\\\/person\\\/f2cfae59497206be61c53c217757b930\"},\"headline\":\"Aur\u00e9lia de Sousa: As Casas &#8211; Exposi\u00e7\u00e3o de Fotografia de Rui Pinheiro no Museu Nacional Soares dos Reis\",\"datePublished\":\"2023-04-19T09:33:19+00:00\",\"mainEntityOfPage\":{\"@id\":\"https:\\\/\\\/arte351.pt\\\/art\\\/2023\\\/04\\\/19\\\/aurelia-de-sousa-as-casas-exposicao-de-fotografia-de-rui-pinheiro-no-museu-nacional-soares-dos-reis\\\/\"},\"wordCount\":322,\"publisher\":{\"@id\":\"https:\\\/\\\/arte351.pt\\\/art\\\/#organization\"},\"image\":{\"@id\":\"https:\\\/\\\/arte351.pt\\\/art\\\/2023\\\/04\\\/19\\\/aurelia-de-sousa-as-casas-exposicao-de-fotografia-de-rui-pinheiro-no-museu-nacional-soares-dos-reis\\\/#primaryimage\"},\"thumbnailUrl\":\"https:\\\/\\\/arte351.pt\\\/art\\\/wp-content\\\/uploads\\\/2023\\\/04\\\/Aurelia-de-Sousa.jpg\",\"keywords\":[\"Museu Nacional Soares dos Reis\"],\"articleSection\":[\"Blog ARTE-351\"],\"inLanguage\":\"pt-BR\"},{\"@type\":\"WebPage\",\"@id\":\"https:\\\/\\\/arte351.pt\\\/art\\\/2023\\\/04\\\/19\\\/aurelia-de-sousa-as-casas-exposicao-de-fotografia-de-rui-pinheiro-no-museu-nacional-soares-dos-reis\\\/\",\"url\":\"https:\\\/\\\/arte351.pt\\\/art\\\/2023\\\/04\\\/19\\\/aurelia-de-sousa-as-casas-exposicao-de-fotografia-de-rui-pinheiro-no-museu-nacional-soares-dos-reis\\\/\",\"name\":\"Aur\u00e9lia de Sousa: As Casas - Exposi\u00e7\u00e3o de Fotografia de Rui Pinheiro no Museu Nacional Soares dos Reis\",\"isPartOf\":{\"@id\":\"https:\\\/\\\/arte351.pt\\\/art\\\/#website\"},\"primaryImageOfPage\":{\"@id\":\"https:\\\/\\\/arte351.pt\\\/art\\\/2023\\\/04\\\/19\\\/aurelia-de-sousa-as-casas-exposicao-de-fotografia-de-rui-pinheiro-no-museu-nacional-soares-dos-reis\\\/#primaryimage\"},\"image\":{\"@id\":\"https:\\\/\\\/arte351.pt\\\/art\\\/2023\\\/04\\\/19\\\/aurelia-de-sousa-as-casas-exposicao-de-fotografia-de-rui-pinheiro-no-museu-nacional-soares-dos-reis\\\/#primaryimage\"},\"thumbnailUrl\":\"https:\\\/\\\/arte351.pt\\\/art\\\/wp-content\\\/uploads\\\/2023\\\/04\\\/Aurelia-de-Sousa.jpg\",\"datePublished\":\"2023-04-19T09:33:19+00:00\",\"description\":\"a Universidade Cat\u00f3lica do Porto e a C\u00e2mara Municipal de Matosinhos, apresenta a exposi\u00e7\u00e3o de fotografia \\\"Aur\u00e9lia de Sousa As Casas\\\"...\",\"breadcrumb\":{\"@id\":\"https:\\\/\\\/arte351.pt\\\/art\\\/2023\\\/04\\\/19\\\/aurelia-de-sousa-as-casas-exposicao-de-fotografia-de-rui-pinheiro-no-museu-nacional-soares-dos-reis\\\/#breadcrumb\"},\"inLanguage\":\"pt-BR\",\"potentialAction\":[{\"@type\":\"ReadAction\",\"target\":[\"https:\\\/\\\/arte351.pt\\\/art\\\/2023\\\/04\\\/19\\\/aurelia-de-sousa-as-casas-exposicao-de-fotografia-de-rui-pinheiro-no-museu-nacional-soares-dos-reis\\\/\"]}]},{\"@type\":\"ImageObject\",\"inLanguage\":\"pt-BR\",\"@id\":\"https:\\\/\\\/arte351.pt\\\/art\\\/2023\\\/04\\\/19\\\/aurelia-de-sousa-as-casas-exposicao-de-fotografia-de-rui-pinheiro-no-museu-nacional-soares-dos-reis\\\/#primaryimage\",\"url\":\"https:\\\/\\\/arte351.pt\\\/art\\\/wp-content\\\/uploads\\\/2023\\\/04\\\/Aurelia-de-Sousa.jpg\",\"contentUrl\":\"https:\\\/\\\/arte351.pt\\\/art\\\/wp-content\\\/uploads\\\/2023\\\/04\\\/Aurelia-de-Sousa.jpg\",\"width\":1200,\"height\":578},{\"@type\":\"BreadcrumbList\",\"@id\":\"https:\\\/\\\/arte351.pt\\\/art\\\/2023\\\/04\\\/19\\\/aurelia-de-sousa-as-casas-exposicao-de-fotografia-de-rui-pinheiro-no-museu-nacional-soares-dos-reis\\\/#breadcrumb\",\"itemListElement\":[{\"@type\":\"ListItem\",\"position\":1,\"name\":\"In\u00edcio\",\"item\":\"https:\\\/\\\/arte351.pt\\\/art\\\/\"},{\"@type\":\"ListItem\",\"position\":2,\"name\":\"Aur\u00e9lia de Sousa: As Casas &#8211; Exposi\u00e7\u00e3o de Fotografia de Rui Pinheiro no Museu Nacional Soares dos Reis\"}]},{\"@type\":\"WebSite\",\"@id\":\"https:\\\/\\\/arte351.pt\\\/art\\\/#website\",\"url\":\"https:\\\/\\\/arte351.pt\\\/art\\\/\",\"name\":\"Arte351 - Art Magazine Portugal\",\"description\":\"\",\"publisher\":{\"@id\":\"https:\\\/\\\/arte351.pt\\\/art\\\/#organization\"},\"potentialAction\":[{\"@type\":\"SearchAction\",\"target\":{\"@type\":\"EntryPoint\",\"urlTemplate\":\"https:\\\/\\\/arte351.pt\\\/art\\\/?s={search_term_string}\"},\"query-input\":{\"@type\":\"PropertyValueSpecification\",\"valueRequired\":true,\"valueName\":\"search_term_string\"}}],\"inLanguage\":\"pt-BR\"},{\"@type\":\"Organization\",\"@id\":\"https:\\\/\\\/arte351.pt\\\/art\\\/#organization\",\"name\":\"Arte351 - Art Magazine Portugal\",\"url\":\"https:\\\/\\\/arte351.pt\\\/art\\\/\",\"logo\":{\"@type\":\"ImageObject\",\"inLanguage\":\"pt-BR\",\"@id\":\"https:\\\/\\\/arte351.pt\\\/art\\\/#\\\/schema\\\/logo\\\/image\\\/\",\"url\":\"https:\\\/\\\/arte351.pt\\\/art\\\/wp-content\\\/uploads\\\/2020\\\/03\\\/cropped-logo-arte351-color.png\",\"contentUrl\":\"https:\\\/\\\/arte351.pt\\\/art\\\/wp-content\\\/uploads\\\/2020\\\/03\\\/cropped-logo-arte351-color.png\",\"width\":514,\"height\":200,\"caption\":\"Arte351 - Art Magazine Portugal\"},\"image\":{\"@id\":\"https:\\\/\\\/arte351.pt\\\/art\\\/#\\\/schema\\\/logo\\\/image\\\/\"},\"sameAs\":[\"https:\\\/\\\/www.facebook.com\\\/arte351magazine\\\/\"]},{\"@type\":\"Person\",\"@id\":\"https:\\\/\\\/arte351.pt\\\/art\\\/#\\\/schema\\\/person\\\/f2cfae59497206be61c53c217757b930\",\"name\":\"Equipa Arte351\",\"image\":{\"@type\":\"ImageObject\",\"inLanguage\":\"pt-BR\",\"@id\":\"https:\\\/\\\/secure.gravatar.com\\\/avatar\\\/6caca56323d52e15e83fc5635240c86f7e52fd46fa8d5df9a709d99f5aa1638e?s=96&d=mm&r=g\",\"url\":\"https:\\\/\\\/secure.gravatar.com\\\/avatar\\\/6caca56323d52e15e83fc5635240c86f7e52fd46fa8d5df9a709d99f5aa1638e?s=96&d=mm&r=g\",\"contentUrl\":\"https:\\\/\\\/secure.gravatar.com\\\/avatar\\\/6caca56323d52e15e83fc5635240c86f7e52fd46fa8d5df9a709d99f5aa1638e?s=96&d=mm&r=g\",\"caption\":\"Equipa Arte351\"},\"url\":\"https:\\\/\\\/arte351.pt\\\/art\\\/author\\\/caroleenbass\\\/\"}]}<\/script>\n<!-- \/ Yoast SEO plugin. -->","yoast_head_json":{"title":"Aur\u00e9lia de Sousa: As Casas - Exposi\u00e7\u00e3o de Fotografia de Rui Pinheiro no Museu Nacional Soares dos Reis","description":"a Universidade Cat\u00f3lica do Porto e a C\u00e2mara Municipal de Matosinhos, apresenta a exposi\u00e7\u00e3o de fotografia \"Aur\u00e9lia de Sousa As Casas\"...","robots":{"index":"index","follow":"follow","max-snippet":"max-snippet:-1","max-image-preview":"max-image-preview:large","max-video-preview":"max-video-preview:-1"},"canonical":"https:\/\/arte351.pt\/art\/2023\/04\/19\/aurelia-de-sousa-as-casas-exposicao-de-fotografia-de-rui-pinheiro-no-museu-nacional-soares-dos-reis\/","og_locale":"pt_BR","og_type":"article","og_title":"Aur\u00e9lia de Sousa: As Casas - Exposi\u00e7\u00e3o de Fotografia de Rui Pinheiro no Museu Nacional Soares dos Reis","og_description":"a Universidade Cat\u00f3lica do Porto e a C\u00e2mara Municipal de Matosinhos, apresenta a exposi\u00e7\u00e3o de fotografia \"Aur\u00e9lia de Sousa As Casas\"...","og_url":"https:\/\/arte351.pt\/art\/2023\/04\/19\/aurelia-de-sousa-as-casas-exposicao-de-fotografia-de-rui-pinheiro-no-museu-nacional-soares-dos-reis\/","og_site_name":"Arte351 - Art Magazine Portugal","article_publisher":"https:\/\/www.facebook.com\/arte351magazine\/","article_published_time":"2023-04-19T09:33:19+00:00","og_image":[{"width":1200,"height":578,"url":"https:\/\/arte351.pt\/art\/wp-content\/uploads\/2023\/04\/Aurelia-de-Sousa.jpg","type":"image\/jpeg"}],"author":"Equipa Arte351","twitter_misc":{"Escrito por":"Equipa Arte351","Est. tempo de leitura":"2 minutos"},"schema":{"@context":"https:\/\/schema.org","@graph":[{"@type":"Article","@id":"https:\/\/arte351.pt\/art\/2023\/04\/19\/aurelia-de-sousa-as-casas-exposicao-de-fotografia-de-rui-pinheiro-no-museu-nacional-soares-dos-reis\/#article","isPartOf":{"@id":"https:\/\/arte351.pt\/art\/2023\/04\/19\/aurelia-de-sousa-as-casas-exposicao-de-fotografia-de-rui-pinheiro-no-museu-nacional-soares-dos-reis\/"},"author":{"name":"Equipa Arte351","@id":"https:\/\/arte351.pt\/art\/#\/schema\/person\/f2cfae59497206be61c53c217757b930"},"headline":"Aur\u00e9lia de Sousa: As Casas &#8211; Exposi\u00e7\u00e3o de Fotografia de Rui Pinheiro no Museu Nacional Soares dos Reis","datePublished":"2023-04-19T09:33:19+00:00","mainEntityOfPage":{"@id":"https:\/\/arte351.pt\/art\/2023\/04\/19\/aurelia-de-sousa-as-casas-exposicao-de-fotografia-de-rui-pinheiro-no-museu-nacional-soares-dos-reis\/"},"wordCount":322,"publisher":{"@id":"https:\/\/arte351.pt\/art\/#organization"},"image":{"@id":"https:\/\/arte351.pt\/art\/2023\/04\/19\/aurelia-de-sousa-as-casas-exposicao-de-fotografia-de-rui-pinheiro-no-museu-nacional-soares-dos-reis\/#primaryimage"},"thumbnailUrl":"https:\/\/arte351.pt\/art\/wp-content\/uploads\/2023\/04\/Aurelia-de-Sousa.jpg","keywords":["Museu Nacional Soares dos Reis"],"articleSection":["Blog ARTE-351"],"inLanguage":"pt-BR"},{"@type":"WebPage","@id":"https:\/\/arte351.pt\/art\/2023\/04\/19\/aurelia-de-sousa-as-casas-exposicao-de-fotografia-de-rui-pinheiro-no-museu-nacional-soares-dos-reis\/","url":"https:\/\/arte351.pt\/art\/2023\/04\/19\/aurelia-de-sousa-as-casas-exposicao-de-fotografia-de-rui-pinheiro-no-museu-nacional-soares-dos-reis\/","name":"Aur\u00e9lia de Sousa: As Casas - Exposi\u00e7\u00e3o de Fotografia de Rui Pinheiro no Museu Nacional Soares dos Reis","isPartOf":{"@id":"https:\/\/arte351.pt\/art\/#website"},"primaryImageOfPage":{"@id":"https:\/\/arte351.pt\/art\/2023\/04\/19\/aurelia-de-sousa-as-casas-exposicao-de-fotografia-de-rui-pinheiro-no-museu-nacional-soares-dos-reis\/#primaryimage"},"image":{"@id":"https:\/\/arte351.pt\/art\/2023\/04\/19\/aurelia-de-sousa-as-casas-exposicao-de-fotografia-de-rui-pinheiro-no-museu-nacional-soares-dos-reis\/#primaryimage"},"thumbnailUrl":"https:\/\/arte351.pt\/art\/wp-content\/uploads\/2023\/04\/Aurelia-de-Sousa.jpg","datePublished":"2023-04-19T09:33:19+00:00","description":"a Universidade Cat\u00f3lica do Porto e a C\u00e2mara Municipal de Matosinhos, apresenta a exposi\u00e7\u00e3o de fotografia \"Aur\u00e9lia de Sousa As Casas\"...","breadcrumb":{"@id":"https:\/\/arte351.pt\/art\/2023\/04\/19\/aurelia-de-sousa-as-casas-exposicao-de-fotografia-de-rui-pinheiro-no-museu-nacional-soares-dos-reis\/#breadcrumb"},"inLanguage":"pt-BR","potentialAction":[{"@type":"ReadAction","target":["https:\/\/arte351.pt\/art\/2023\/04\/19\/aurelia-de-sousa-as-casas-exposicao-de-fotografia-de-rui-pinheiro-no-museu-nacional-soares-dos-reis\/"]}]},{"@type":"ImageObject","inLanguage":"pt-BR","@id":"https:\/\/arte351.pt\/art\/2023\/04\/19\/aurelia-de-sousa-as-casas-exposicao-de-fotografia-de-rui-pinheiro-no-museu-nacional-soares-dos-reis\/#primaryimage","url":"https:\/\/arte351.pt\/art\/wp-content\/uploads\/2023\/04\/Aurelia-de-Sousa.jpg","contentUrl":"https:\/\/arte351.pt\/art\/wp-content\/uploads\/2023\/04\/Aurelia-de-Sousa.jpg","width":1200,"height":578},{"@type":"BreadcrumbList","@id":"https:\/\/arte351.pt\/art\/2023\/04\/19\/aurelia-de-sousa-as-casas-exposicao-de-fotografia-de-rui-pinheiro-no-museu-nacional-soares-dos-reis\/#breadcrumb","itemListElement":[{"@type":"ListItem","position":1,"name":"In\u00edcio","item":"https:\/\/arte351.pt\/art\/"},{"@type":"ListItem","position":2,"name":"Aur\u00e9lia de Sousa: As Casas &#8211; Exposi\u00e7\u00e3o de Fotografia de Rui Pinheiro no Museu Nacional Soares dos Reis"}]},{"@type":"WebSite","@id":"https:\/\/arte351.pt\/art\/#website","url":"https:\/\/arte351.pt\/art\/","name":"Arte351 - Art Magazine Portugal","description":"","publisher":{"@id":"https:\/\/arte351.pt\/art\/#organization"},"potentialAction":[{"@type":"SearchAction","target":{"@type":"EntryPoint","urlTemplate":"https:\/\/arte351.pt\/art\/?s={search_term_string}"},"query-input":{"@type":"PropertyValueSpecification","valueRequired":true,"valueName":"search_term_string"}}],"inLanguage":"pt-BR"},{"@type":"Organization","@id":"https:\/\/arte351.pt\/art\/#organization","name":"Arte351 - Art Magazine Portugal","url":"https:\/\/arte351.pt\/art\/","logo":{"@type":"ImageObject","inLanguage":"pt-BR","@id":"https:\/\/arte351.pt\/art\/#\/schema\/logo\/image\/","url":"https:\/\/arte351.pt\/art\/wp-content\/uploads\/2020\/03\/cropped-logo-arte351-color.png","contentUrl":"https:\/\/arte351.pt\/art\/wp-content\/uploads\/2020\/03\/cropped-logo-arte351-color.png","width":514,"height":200,"caption":"Arte351 - Art Magazine Portugal"},"image":{"@id":"https:\/\/arte351.pt\/art\/#\/schema\/logo\/image\/"},"sameAs":["https:\/\/www.facebook.com\/arte351magazine\/"]},{"@type":"Person","@id":"https:\/\/arte351.pt\/art\/#\/schema\/person\/f2cfae59497206be61c53c217757b930","name":"Equipa Arte351","image":{"@type":"ImageObject","inLanguage":"pt-BR","@id":"https:\/\/secure.gravatar.com\/avatar\/6caca56323d52e15e83fc5635240c86f7e52fd46fa8d5df9a709d99f5aa1638e?s=96&d=mm&r=g","url":"https:\/\/secure.gravatar.com\/avatar\/6caca56323d52e15e83fc5635240c86f7e52fd46fa8d5df9a709d99f5aa1638e?s=96&d=mm&r=g","contentUrl":"https:\/\/secure.gravatar.com\/avatar\/6caca56323d52e15e83fc5635240c86f7e52fd46fa8d5df9a709d99f5aa1638e?s=96&d=mm&r=g","caption":"Equipa Arte351"},"url":"https:\/\/arte351.pt\/art\/author\/caroleenbass\/"}]}},"_links":{"self":[{"href":"https:\/\/arte351.pt\/art\/wp-json\/wp\/v2\/posts\/7491","targetHints":{"allow":["GET"]}}],"collection":[{"href":"https:\/\/arte351.pt\/art\/wp-json\/wp\/v2\/posts"}],"about":[{"href":"https:\/\/arte351.pt\/art\/wp-json\/wp\/v2\/types\/post"}],"author":[{"embeddable":true,"href":"https:\/\/arte351.pt\/art\/wp-json\/wp\/v2\/users\/3"}],"replies":[{"embeddable":true,"href":"https:\/\/arte351.pt\/art\/wp-json\/wp\/v2\/comments?post=7491"}],"version-history":[{"count":1,"href":"https:\/\/arte351.pt\/art\/wp-json\/wp\/v2\/posts\/7491\/revisions"}],"predecessor-version":[{"id":7493,"href":"https:\/\/arte351.pt\/art\/wp-json\/wp\/v2\/posts\/7491\/revisions\/7493"}],"wp:featuredmedia":[{"embeddable":true,"href":"https:\/\/arte351.pt\/art\/wp-json\/wp\/v2\/media\/7492"}],"wp:attachment":[{"href":"https:\/\/arte351.pt\/art\/wp-json\/wp\/v2\/media?parent=7491"}],"wp:term":[{"taxonomy":"category","embeddable":true,"href":"https:\/\/arte351.pt\/art\/wp-json\/wp\/v2\/categories?post=7491"},{"taxonomy":"post_tag","embeddable":true,"href":"https:\/\/arte351.pt\/art\/wp-json\/wp\/v2\/tags?post=7491"}],"curies":[{"name":"wp","href":"https:\/\/api.w.org\/{rel}","templated":true}]}}