{"id":7565,"date":"2023-05-15T09:45:47","date_gmt":"2023-05-15T09:45:47","guid":{"rendered":"https:\/\/arte351.pt\/art\/?p=7565"},"modified":"2023-05-02T19:51:04","modified_gmt":"2023-05-02T19:51:04","slug":"fernanda-fragateiro-apresenta-em-bruto-relacoes-comoventes-em-grande-instalacao-no-ccb","status":"publish","type":"post","link":"https:\/\/arte351.pt\/art\/2023\/05\/15\/fernanda-fragateiro-apresenta-em-bruto-relacoes-comoventes-em-grande-instalacao-no-ccb\/","title":{"rendered":"Fernanda Fragateiro apresenta &#8220;Em Bruto: Rela\u00e7\u00f5es Comoventes&#8221; em grande instala\u00e7\u00e3o no CCB"},"content":{"rendered":"<p>Fernanda Fragateiro apresenta sua exposi\u00e7\u00e3o &#8220;Em Bruto: Rela\u00e7\u00f5es Comoventes&#8221; no <a href=\"https:\/\/arte351.pt\/art\/tag\/centro-cultural-de-belem\/\" target=\"_blank\" rel=\"noopener\">Centro Cultural de Bel\u00e9m (CCB)<\/a>, em Lisboa, Portugal. A exposi\u00e7\u00e3o \u00e9 uma grande instala\u00e7\u00e3o que encontra novas formas e gera novos di\u00e1logos com a arquitetura de cada vez que \u00e9 apresentada. Ela \u00e9 composta por uma estrutura complexa de traves, cavaletes e barrotes que convocam no\u00e7\u00f5es de reconstru\u00e7\u00e3o do espa\u00e7o e da sua reconfigura\u00e7\u00e3o.<\/p>\n<p>A instala\u00e7\u00e3o, agora repensada por Fernanda Fragateiro para o espa\u00e7o do <a href=\"https:\/\/www.ccb.pt\/evento\/fernanda-fragateiro-em-bruto-relacoes-comoventes\/2023-05-20\/?utm_medium=email&amp;_hsmi=256026142&amp;_hsenc=p2ANqtz--fztddFaC5_uv9XEADXd6H5vybPzKAcUW8DBSaxXkUwNp3Gy5cmsF44t00AiWhOa-AygrVfnJ9spXHfJpbX07SB-wROPhaq3b63_9aJNngNAzpcr8&amp;utm_content=256026142&amp;utm_source=hs_email\" target=\"_blank\" rel=\"noopener\">Piso 0 do CCB<\/a>, ostenta t\u00edtulos discretamente inscritos de obras que se debru\u00e7am sobre e s\u00e3o assinadas por arquitetos e arquitetas que t\u00eam constitu\u00eddo refer\u00eancias importantes no percurso da artista. A exposi\u00e7\u00e3o inclui uma sala de leitura na qual os espectadores podem consultar os livros referidos na instala\u00e7\u00e3o e uma primeira sala que funciona como uma introdu\u00e7\u00e3o, ou uma proped\u00eautica, \u00e0 nova pe\u00e7a, composta por um conjunto de elementos que a artista tem vindo a intitular de Materials Lab.<\/p>\n<p>Esta s\u00e9rie aberta de pe\u00e7as re\u00fane, em mesas\/caixas, materiais de proveni\u00eancia muito diversa, entre os quais se incluem livros, artigos, mapas crom\u00e1ticos, restos de materiais usados noutras obras, fotografias e manuscritos que fazem uma hist\u00f3ria do seu processo criativo. A sua presen\u00e7a cria um mapa das preocupa\u00e7\u00f5es est\u00e9ticas, pol\u00edticas e filos\u00f3ficas de Fernanda Fragateiro, simultaneamente apontando pistas para a interpreta\u00e7\u00e3o da sua obra e complexificando a rela\u00e7\u00e3o que com ela estabelecemos.<\/p>\n<p>Ao longo das salas, o p\u00fablico \u00e9 confrontado com o processo, as motiva\u00e7\u00f5es e o resultado escult\u00f3rico do trabalho da artista, podendo estabelecer os seus pr\u00f3prios ju\u00edzos e interpreta\u00e7\u00f5es. A exposi\u00e7\u00e3o \u00e9 produzida pela Fundaci\u00f3n Cerezales Antonino y Cinia de L\u00e9on e pelo Centro Cultural de Bel\u00e9m.<\/p>\n<p>A inaugura\u00e7\u00e3o da exposi\u00e7\u00e3o ser\u00e1 realizada no dia 18 de maio de 2023, \u00e0s 18h00, com entrada livre. Tamb\u00e9m haver\u00e1 visitas guiadas \u00e0 exposi\u00e7\u00e3o no s\u00e1bado, dia 20 de maio, \u00e0s 17h30, orientada pela pr\u00f3pria artista Fernanda Fragateiro, integrada nas comemora\u00e7\u00f5es do Dia Internacional dos Museus.<\/p>\n<p>As visitas orientadas e atividades para escolas e fam\u00edlias podem ser agendadas pelo telefone (213 612 800) ou pelo e-mail <a href=\"mailto:servico.educativo.museu@ccb.pt\" target=\"_blank\" rel=\"noopener\">servico.educativo.museu@ccb.pt<\/a>. A exposi\u00e7\u00e3o estar\u00e1 aberta de ter\u00e7a a domingo, das 10h00 \u00e0s 19h00, com entrada gratuita no primeiro domingo de cada m\u00eas.<\/p>\n","protected":false},"excerpt":{"rendered":"<p>Fernanda Fragateiro apresenta sua exposi\u00e7\u00e3o &#8220;Em Bruto: Rela\u00e7\u00f5es Comoventes&#8221; no Centro Cultural de Bel\u00e9m (CCB), em Lisboa, Portugal. A exposi\u00e7\u00e3o \u00e9 uma grande instala\u00e7\u00e3o que encontra novas formas e gera [&hellip;]<\/p>\n","protected":false},"author":3,"featured_media":7566,"comment_status":"closed","ping_status":"closed","sticky":false,"template":"","format":"standard","meta":{"_exactmetrics_skip_tracking":false,"_exactmetrics_sitenote_active":false,"_exactmetrics_sitenote_note":"","_exactmetrics_sitenote_category":0,"_uf_show_specific_survey":0,"_uf_disable_surveys":false,"footnotes":""},"categories":[1],"tags":[973,1851],"class_list":["post-7565","post","type-post","status-publish","format-standard","has-post-thumbnail","hentry","category-sem-categoria","tag-centro-cultural-de-belem","tag-fernanda-fragateiro"],"yoast_head":"<!-- This site is optimized with the Yoast SEO plugin v27.3 - https:\/\/yoast.com\/product\/yoast-seo-wordpress\/ -->\n<title>Fernanda Fragateiro apresenta &quot;Em Bruto: Rela\u00e7\u00f5es Comoventes&quot; em grande instala\u00e7\u00e3o no CCB<\/title>\n<meta name=\"description\" content=\"Fernanda Fragateiro apresenta sua exposi\u00e7\u00e3o &quot;Em Bruto: Rela\u00e7\u00f5es Comoventes&quot; no Centro Cultural de Bel\u00e9m (CCB), em Lisboa, Portugal.\" \/>\n<meta name=\"robots\" content=\"index, follow, max-snippet:-1, max-image-preview:large, max-video-preview:-1\" \/>\n<link rel=\"canonical\" href=\"https:\/\/arte351.pt\/art\/2023\/05\/15\/fernanda-fragateiro-apresenta-em-bruto-relacoes-comoventes-em-grande-instalacao-no-ccb\/\" \/>\n<meta property=\"og:locale\" content=\"pt_BR\" \/>\n<meta property=\"og:type\" content=\"article\" \/>\n<meta property=\"og:title\" content=\"Fernanda Fragateiro apresenta &quot;Em Bruto: Rela\u00e7\u00f5es Comoventes&quot; em grande instala\u00e7\u00e3o no CCB\" \/>\n<meta property=\"og:description\" content=\"Fernanda Fragateiro apresenta sua exposi\u00e7\u00e3o &quot;Em Bruto: Rela\u00e7\u00f5es Comoventes&quot; no Centro Cultural de Bel\u00e9m (CCB), em Lisboa, Portugal.\" \/>\n<meta property=\"og:url\" content=\"https:\/\/arte351.pt\/art\/2023\/05\/15\/fernanda-fragateiro-apresenta-em-bruto-relacoes-comoventes-em-grande-instalacao-no-ccb\/\" \/>\n<meta property=\"og:site_name\" content=\"Arte351 - Art Magazine Portugal\" \/>\n<meta property=\"article:publisher\" content=\"https:\/\/www.facebook.com\/arte351magazine\/\" \/>\n<meta property=\"article:published_time\" content=\"2023-05-15T09:45:47+00:00\" \/>\n<meta property=\"og:image\" content=\"https:\/\/arte351.pt\/art\/wp-content\/uploads\/2023\/05\/Fernanda-Fragateiro.jpg\" \/>\n\t<meta property=\"og:image:width\" content=\"1200\" \/>\n\t<meta property=\"og:image:height\" content=\"578\" \/>\n\t<meta property=\"og:image:type\" content=\"image\/jpeg\" \/>\n<meta name=\"author\" content=\"Equipa Arte351\" \/>\n<meta name=\"twitter:label1\" content=\"Escrito por\" \/>\n\t<meta name=\"twitter:data1\" content=\"Equipa Arte351\" \/>\n\t<meta name=\"twitter:label2\" content=\"Est. tempo de leitura\" \/>\n\t<meta name=\"twitter:data2\" content=\"2 minutos\" \/>\n<script type=\"application\/ld+json\" class=\"yoast-schema-graph\">{\"@context\":\"https:\\\/\\\/schema.org\",\"@graph\":[{\"@type\":\"Article\",\"@id\":\"https:\\\/\\\/arte351.pt\\\/art\\\/2023\\\/05\\\/15\\\/fernanda-fragateiro-apresenta-em-bruto-relacoes-comoventes-em-grande-instalacao-no-ccb\\\/#article\",\"isPartOf\":{\"@id\":\"https:\\\/\\\/arte351.pt\\\/art\\\/2023\\\/05\\\/15\\\/fernanda-fragateiro-apresenta-em-bruto-relacoes-comoventes-em-grande-instalacao-no-ccb\\\/\"},\"author\":{\"name\":\"Equipa Arte351\",\"@id\":\"https:\\\/\\\/arte351.pt\\\/art\\\/#\\\/schema\\\/person\\\/f2cfae59497206be61c53c217757b930\"},\"headline\":\"Fernanda Fragateiro apresenta &#8220;Em Bruto: Rela\u00e7\u00f5es Comoventes&#8221; em grande instala\u00e7\u00e3o no CCB\",\"datePublished\":\"2023-05-15T09:45:47+00:00\",\"mainEntityOfPage\":{\"@id\":\"https:\\\/\\\/arte351.pt\\\/art\\\/2023\\\/05\\\/15\\\/fernanda-fragateiro-apresenta-em-bruto-relacoes-comoventes-em-grande-instalacao-no-ccb\\\/\"},\"wordCount\":422,\"publisher\":{\"@id\":\"https:\\\/\\\/arte351.pt\\\/art\\\/#organization\"},\"image\":{\"@id\":\"https:\\\/\\\/arte351.pt\\\/art\\\/2023\\\/05\\\/15\\\/fernanda-fragateiro-apresenta-em-bruto-relacoes-comoventes-em-grande-instalacao-no-ccb\\\/#primaryimage\"},\"thumbnailUrl\":\"https:\\\/\\\/arte351.pt\\\/art\\\/wp-content\\\/uploads\\\/2023\\\/05\\\/Fernanda-Fragateiro.jpg\",\"keywords\":[\"Centro Cultural de Bel\u00e9m\",\"Fernanda Fragateiro\"],\"articleSection\":[\"Blog ARTE-351\"],\"inLanguage\":\"pt-BR\"},{\"@type\":\"WebPage\",\"@id\":\"https:\\\/\\\/arte351.pt\\\/art\\\/2023\\\/05\\\/15\\\/fernanda-fragateiro-apresenta-em-bruto-relacoes-comoventes-em-grande-instalacao-no-ccb\\\/\",\"url\":\"https:\\\/\\\/arte351.pt\\\/art\\\/2023\\\/05\\\/15\\\/fernanda-fragateiro-apresenta-em-bruto-relacoes-comoventes-em-grande-instalacao-no-ccb\\\/\",\"name\":\"Fernanda Fragateiro apresenta \\\"Em Bruto: Rela\u00e7\u00f5es Comoventes\\\" em grande instala\u00e7\u00e3o no CCB\",\"isPartOf\":{\"@id\":\"https:\\\/\\\/arte351.pt\\\/art\\\/#website\"},\"primaryImageOfPage\":{\"@id\":\"https:\\\/\\\/arte351.pt\\\/art\\\/2023\\\/05\\\/15\\\/fernanda-fragateiro-apresenta-em-bruto-relacoes-comoventes-em-grande-instalacao-no-ccb\\\/#primaryimage\"},\"image\":{\"@id\":\"https:\\\/\\\/arte351.pt\\\/art\\\/2023\\\/05\\\/15\\\/fernanda-fragateiro-apresenta-em-bruto-relacoes-comoventes-em-grande-instalacao-no-ccb\\\/#primaryimage\"},\"thumbnailUrl\":\"https:\\\/\\\/arte351.pt\\\/art\\\/wp-content\\\/uploads\\\/2023\\\/05\\\/Fernanda-Fragateiro.jpg\",\"datePublished\":\"2023-05-15T09:45:47+00:00\",\"description\":\"Fernanda Fragateiro apresenta sua exposi\u00e7\u00e3o \\\"Em Bruto: Rela\u00e7\u00f5es Comoventes\\\" no Centro Cultural de Bel\u00e9m (CCB), em Lisboa, Portugal.\",\"breadcrumb\":{\"@id\":\"https:\\\/\\\/arte351.pt\\\/art\\\/2023\\\/05\\\/15\\\/fernanda-fragateiro-apresenta-em-bruto-relacoes-comoventes-em-grande-instalacao-no-ccb\\\/#breadcrumb\"},\"inLanguage\":\"pt-BR\",\"potentialAction\":[{\"@type\":\"ReadAction\",\"target\":[\"https:\\\/\\\/arte351.pt\\\/art\\\/2023\\\/05\\\/15\\\/fernanda-fragateiro-apresenta-em-bruto-relacoes-comoventes-em-grande-instalacao-no-ccb\\\/\"]}]},{\"@type\":\"ImageObject\",\"inLanguage\":\"pt-BR\",\"@id\":\"https:\\\/\\\/arte351.pt\\\/art\\\/2023\\\/05\\\/15\\\/fernanda-fragateiro-apresenta-em-bruto-relacoes-comoventes-em-grande-instalacao-no-ccb\\\/#primaryimage\",\"url\":\"https:\\\/\\\/arte351.pt\\\/art\\\/wp-content\\\/uploads\\\/2023\\\/05\\\/Fernanda-Fragateiro.jpg\",\"contentUrl\":\"https:\\\/\\\/arte351.pt\\\/art\\\/wp-content\\\/uploads\\\/2023\\\/05\\\/Fernanda-Fragateiro.jpg\",\"width\":1200,\"height\":578},{\"@type\":\"BreadcrumbList\",\"@id\":\"https:\\\/\\\/arte351.pt\\\/art\\\/2023\\\/05\\\/15\\\/fernanda-fragateiro-apresenta-em-bruto-relacoes-comoventes-em-grande-instalacao-no-ccb\\\/#breadcrumb\",\"itemListElement\":[{\"@type\":\"ListItem\",\"position\":1,\"name\":\"In\u00edcio\",\"item\":\"https:\\\/\\\/arte351.pt\\\/art\\\/\"},{\"@type\":\"ListItem\",\"position\":2,\"name\":\"Fernanda Fragateiro apresenta &#8220;Em Bruto: Rela\u00e7\u00f5es Comoventes&#8221; em grande instala\u00e7\u00e3o no CCB\"}]},{\"@type\":\"WebSite\",\"@id\":\"https:\\\/\\\/arte351.pt\\\/art\\\/#website\",\"url\":\"https:\\\/\\\/arte351.pt\\\/art\\\/\",\"name\":\"Arte351 - Art Magazine Portugal\",\"description\":\"\",\"publisher\":{\"@id\":\"https:\\\/\\\/arte351.pt\\\/art\\\/#organization\"},\"potentialAction\":[{\"@type\":\"SearchAction\",\"target\":{\"@type\":\"EntryPoint\",\"urlTemplate\":\"https:\\\/\\\/arte351.pt\\\/art\\\/?s={search_term_string}\"},\"query-input\":{\"@type\":\"PropertyValueSpecification\",\"valueRequired\":true,\"valueName\":\"search_term_string\"}}],\"inLanguage\":\"pt-BR\"},{\"@type\":\"Organization\",\"@id\":\"https:\\\/\\\/arte351.pt\\\/art\\\/#organization\",\"name\":\"Arte351 - Art Magazine Portugal\",\"url\":\"https:\\\/\\\/arte351.pt\\\/art\\\/\",\"logo\":{\"@type\":\"ImageObject\",\"inLanguage\":\"pt-BR\",\"@id\":\"https:\\\/\\\/arte351.pt\\\/art\\\/#\\\/schema\\\/logo\\\/image\\\/\",\"url\":\"https:\\\/\\\/arte351.pt\\\/art\\\/wp-content\\\/uploads\\\/2020\\\/03\\\/cropped-logo-arte351-color.png\",\"contentUrl\":\"https:\\\/\\\/arte351.pt\\\/art\\\/wp-content\\\/uploads\\\/2020\\\/03\\\/cropped-logo-arte351-color.png\",\"width\":514,\"height\":200,\"caption\":\"Arte351 - Art Magazine Portugal\"},\"image\":{\"@id\":\"https:\\\/\\\/arte351.pt\\\/art\\\/#\\\/schema\\\/logo\\\/image\\\/\"},\"sameAs\":[\"https:\\\/\\\/www.facebook.com\\\/arte351magazine\\\/\"]},{\"@type\":\"Person\",\"@id\":\"https:\\\/\\\/arte351.pt\\\/art\\\/#\\\/schema\\\/person\\\/f2cfae59497206be61c53c217757b930\",\"name\":\"Equipa Arte351\",\"image\":{\"@type\":\"ImageObject\",\"inLanguage\":\"pt-BR\",\"@id\":\"https:\\\/\\\/secure.gravatar.com\\\/avatar\\\/6caca56323d52e15e83fc5635240c86f7e52fd46fa8d5df9a709d99f5aa1638e?s=96&d=mm&r=g\",\"url\":\"https:\\\/\\\/secure.gravatar.com\\\/avatar\\\/6caca56323d52e15e83fc5635240c86f7e52fd46fa8d5df9a709d99f5aa1638e?s=96&d=mm&r=g\",\"contentUrl\":\"https:\\\/\\\/secure.gravatar.com\\\/avatar\\\/6caca56323d52e15e83fc5635240c86f7e52fd46fa8d5df9a709d99f5aa1638e?s=96&d=mm&r=g\",\"caption\":\"Equipa Arte351\"},\"url\":\"https:\\\/\\\/arte351.pt\\\/art\\\/author\\\/caroleenbass\\\/\"}]}<\/script>\n<!-- \/ Yoast SEO plugin. -->","yoast_head_json":{"title":"Fernanda Fragateiro apresenta \"Em Bruto: Rela\u00e7\u00f5es Comoventes\" em grande instala\u00e7\u00e3o no CCB","description":"Fernanda Fragateiro apresenta sua exposi\u00e7\u00e3o \"Em Bruto: Rela\u00e7\u00f5es Comoventes\" no Centro Cultural de Bel\u00e9m (CCB), em Lisboa, Portugal.","robots":{"index":"index","follow":"follow","max-snippet":"max-snippet:-1","max-image-preview":"max-image-preview:large","max-video-preview":"max-video-preview:-1"},"canonical":"https:\/\/arte351.pt\/art\/2023\/05\/15\/fernanda-fragateiro-apresenta-em-bruto-relacoes-comoventes-em-grande-instalacao-no-ccb\/","og_locale":"pt_BR","og_type":"article","og_title":"Fernanda Fragateiro apresenta \"Em Bruto: Rela\u00e7\u00f5es Comoventes\" em grande instala\u00e7\u00e3o no CCB","og_description":"Fernanda Fragateiro apresenta sua exposi\u00e7\u00e3o \"Em Bruto: Rela\u00e7\u00f5es Comoventes\" no Centro Cultural de Bel\u00e9m (CCB), em Lisboa, Portugal.","og_url":"https:\/\/arte351.pt\/art\/2023\/05\/15\/fernanda-fragateiro-apresenta-em-bruto-relacoes-comoventes-em-grande-instalacao-no-ccb\/","og_site_name":"Arte351 - Art Magazine Portugal","article_publisher":"https:\/\/www.facebook.com\/arte351magazine\/","article_published_time":"2023-05-15T09:45:47+00:00","og_image":[{"width":1200,"height":578,"url":"https:\/\/arte351.pt\/art\/wp-content\/uploads\/2023\/05\/Fernanda-Fragateiro.jpg","type":"image\/jpeg"}],"author":"Equipa Arte351","twitter_misc":{"Escrito por":"Equipa Arte351","Est. tempo de leitura":"2 minutos"},"schema":{"@context":"https:\/\/schema.org","@graph":[{"@type":"Article","@id":"https:\/\/arte351.pt\/art\/2023\/05\/15\/fernanda-fragateiro-apresenta-em-bruto-relacoes-comoventes-em-grande-instalacao-no-ccb\/#article","isPartOf":{"@id":"https:\/\/arte351.pt\/art\/2023\/05\/15\/fernanda-fragateiro-apresenta-em-bruto-relacoes-comoventes-em-grande-instalacao-no-ccb\/"},"author":{"name":"Equipa Arte351","@id":"https:\/\/arte351.pt\/art\/#\/schema\/person\/f2cfae59497206be61c53c217757b930"},"headline":"Fernanda Fragateiro apresenta &#8220;Em Bruto: Rela\u00e7\u00f5es Comoventes&#8221; em grande instala\u00e7\u00e3o no CCB","datePublished":"2023-05-15T09:45:47+00:00","mainEntityOfPage":{"@id":"https:\/\/arte351.pt\/art\/2023\/05\/15\/fernanda-fragateiro-apresenta-em-bruto-relacoes-comoventes-em-grande-instalacao-no-ccb\/"},"wordCount":422,"publisher":{"@id":"https:\/\/arte351.pt\/art\/#organization"},"image":{"@id":"https:\/\/arte351.pt\/art\/2023\/05\/15\/fernanda-fragateiro-apresenta-em-bruto-relacoes-comoventes-em-grande-instalacao-no-ccb\/#primaryimage"},"thumbnailUrl":"https:\/\/arte351.pt\/art\/wp-content\/uploads\/2023\/05\/Fernanda-Fragateiro.jpg","keywords":["Centro Cultural de Bel\u00e9m","Fernanda Fragateiro"],"articleSection":["Blog ARTE-351"],"inLanguage":"pt-BR"},{"@type":"WebPage","@id":"https:\/\/arte351.pt\/art\/2023\/05\/15\/fernanda-fragateiro-apresenta-em-bruto-relacoes-comoventes-em-grande-instalacao-no-ccb\/","url":"https:\/\/arte351.pt\/art\/2023\/05\/15\/fernanda-fragateiro-apresenta-em-bruto-relacoes-comoventes-em-grande-instalacao-no-ccb\/","name":"Fernanda Fragateiro apresenta \"Em Bruto: Rela\u00e7\u00f5es Comoventes\" em grande instala\u00e7\u00e3o no CCB","isPartOf":{"@id":"https:\/\/arte351.pt\/art\/#website"},"primaryImageOfPage":{"@id":"https:\/\/arte351.pt\/art\/2023\/05\/15\/fernanda-fragateiro-apresenta-em-bruto-relacoes-comoventes-em-grande-instalacao-no-ccb\/#primaryimage"},"image":{"@id":"https:\/\/arte351.pt\/art\/2023\/05\/15\/fernanda-fragateiro-apresenta-em-bruto-relacoes-comoventes-em-grande-instalacao-no-ccb\/#primaryimage"},"thumbnailUrl":"https:\/\/arte351.pt\/art\/wp-content\/uploads\/2023\/05\/Fernanda-Fragateiro.jpg","datePublished":"2023-05-15T09:45:47+00:00","description":"Fernanda Fragateiro apresenta sua exposi\u00e7\u00e3o \"Em Bruto: Rela\u00e7\u00f5es Comoventes\" no Centro Cultural de Bel\u00e9m (CCB), em Lisboa, Portugal.","breadcrumb":{"@id":"https:\/\/arte351.pt\/art\/2023\/05\/15\/fernanda-fragateiro-apresenta-em-bruto-relacoes-comoventes-em-grande-instalacao-no-ccb\/#breadcrumb"},"inLanguage":"pt-BR","potentialAction":[{"@type":"ReadAction","target":["https:\/\/arte351.pt\/art\/2023\/05\/15\/fernanda-fragateiro-apresenta-em-bruto-relacoes-comoventes-em-grande-instalacao-no-ccb\/"]}]},{"@type":"ImageObject","inLanguage":"pt-BR","@id":"https:\/\/arte351.pt\/art\/2023\/05\/15\/fernanda-fragateiro-apresenta-em-bruto-relacoes-comoventes-em-grande-instalacao-no-ccb\/#primaryimage","url":"https:\/\/arte351.pt\/art\/wp-content\/uploads\/2023\/05\/Fernanda-Fragateiro.jpg","contentUrl":"https:\/\/arte351.pt\/art\/wp-content\/uploads\/2023\/05\/Fernanda-Fragateiro.jpg","width":1200,"height":578},{"@type":"BreadcrumbList","@id":"https:\/\/arte351.pt\/art\/2023\/05\/15\/fernanda-fragateiro-apresenta-em-bruto-relacoes-comoventes-em-grande-instalacao-no-ccb\/#breadcrumb","itemListElement":[{"@type":"ListItem","position":1,"name":"In\u00edcio","item":"https:\/\/arte351.pt\/art\/"},{"@type":"ListItem","position":2,"name":"Fernanda Fragateiro apresenta &#8220;Em Bruto: Rela\u00e7\u00f5es Comoventes&#8221; em grande instala\u00e7\u00e3o no CCB"}]},{"@type":"WebSite","@id":"https:\/\/arte351.pt\/art\/#website","url":"https:\/\/arte351.pt\/art\/","name":"Arte351 - Art Magazine Portugal","description":"","publisher":{"@id":"https:\/\/arte351.pt\/art\/#organization"},"potentialAction":[{"@type":"SearchAction","target":{"@type":"EntryPoint","urlTemplate":"https:\/\/arte351.pt\/art\/?s={search_term_string}"},"query-input":{"@type":"PropertyValueSpecification","valueRequired":true,"valueName":"search_term_string"}}],"inLanguage":"pt-BR"},{"@type":"Organization","@id":"https:\/\/arte351.pt\/art\/#organization","name":"Arte351 - Art Magazine Portugal","url":"https:\/\/arte351.pt\/art\/","logo":{"@type":"ImageObject","inLanguage":"pt-BR","@id":"https:\/\/arte351.pt\/art\/#\/schema\/logo\/image\/","url":"https:\/\/arte351.pt\/art\/wp-content\/uploads\/2020\/03\/cropped-logo-arte351-color.png","contentUrl":"https:\/\/arte351.pt\/art\/wp-content\/uploads\/2020\/03\/cropped-logo-arte351-color.png","width":514,"height":200,"caption":"Arte351 - Art Magazine Portugal"},"image":{"@id":"https:\/\/arte351.pt\/art\/#\/schema\/logo\/image\/"},"sameAs":["https:\/\/www.facebook.com\/arte351magazine\/"]},{"@type":"Person","@id":"https:\/\/arte351.pt\/art\/#\/schema\/person\/f2cfae59497206be61c53c217757b930","name":"Equipa Arte351","image":{"@type":"ImageObject","inLanguage":"pt-BR","@id":"https:\/\/secure.gravatar.com\/avatar\/6caca56323d52e15e83fc5635240c86f7e52fd46fa8d5df9a709d99f5aa1638e?s=96&d=mm&r=g","url":"https:\/\/secure.gravatar.com\/avatar\/6caca56323d52e15e83fc5635240c86f7e52fd46fa8d5df9a709d99f5aa1638e?s=96&d=mm&r=g","contentUrl":"https:\/\/secure.gravatar.com\/avatar\/6caca56323d52e15e83fc5635240c86f7e52fd46fa8d5df9a709d99f5aa1638e?s=96&d=mm&r=g","caption":"Equipa Arte351"},"url":"https:\/\/arte351.pt\/art\/author\/caroleenbass\/"}]}},"_links":{"self":[{"href":"https:\/\/arte351.pt\/art\/wp-json\/wp\/v2\/posts\/7565","targetHints":{"allow":["GET"]}}],"collection":[{"href":"https:\/\/arte351.pt\/art\/wp-json\/wp\/v2\/posts"}],"about":[{"href":"https:\/\/arte351.pt\/art\/wp-json\/wp\/v2\/types\/post"}],"author":[{"embeddable":true,"href":"https:\/\/arte351.pt\/art\/wp-json\/wp\/v2\/users\/3"}],"replies":[{"embeddable":true,"href":"https:\/\/arte351.pt\/art\/wp-json\/wp\/v2\/comments?post=7565"}],"version-history":[{"count":1,"href":"https:\/\/arte351.pt\/art\/wp-json\/wp\/v2\/posts\/7565\/revisions"}],"predecessor-version":[{"id":7567,"href":"https:\/\/arte351.pt\/art\/wp-json\/wp\/v2\/posts\/7565\/revisions\/7567"}],"wp:featuredmedia":[{"embeddable":true,"href":"https:\/\/arte351.pt\/art\/wp-json\/wp\/v2\/media\/7566"}],"wp:attachment":[{"href":"https:\/\/arte351.pt\/art\/wp-json\/wp\/v2\/media?parent=7565"}],"wp:term":[{"taxonomy":"category","embeddable":true,"href":"https:\/\/arte351.pt\/art\/wp-json\/wp\/v2\/categories?post=7565"},{"taxonomy":"post_tag","embeddable":true,"href":"https:\/\/arte351.pt\/art\/wp-json\/wp\/v2\/tags?post=7565"}],"curies":[{"name":"wp","href":"https:\/\/api.w.org\/{rel}","templated":true}]}}