{"id":7572,"date":"2023-05-04T22:17:29","date_gmt":"2023-05-04T22:17:29","guid":{"rendered":"https:\/\/arte351.pt\/art\/?p=7572"},"modified":"2023-05-04T22:17:29","modified_gmt":"2023-05-04T22:17:29","slug":"arte-gotica-o-movimento-artistico-que-expressou-a-beleza-da-escuridao","status":"publish","type":"post","link":"https:\/\/arte351.pt\/art\/2023\/05\/04\/arte-gotica-o-movimento-artistico-que-expressou-a-beleza-da-escuridao\/","title":{"rendered":"Arte G\u00f3tica: O Movimento Art\u00edstico que Expressou a Beleza da Escurid\u00e3o"},"content":{"rendered":"<p>A arte g\u00f3tica \u00e9 um movimento art\u00edstico que surgiu na Europa Ocidental no final da Idade M\u00e9dia, por volta do s\u00e9culo XII, e se desenvolveu at\u00e9 o s\u00e9culo XV. Embora geralmente associada \u00e0 arquitetura, a arte g\u00f3tica tamb\u00e9m inclui pintura, escultura, literatura e outros tipos de arte.<\/p>\n<p>A caracter\u00edstica mais marcante da arte g\u00f3tica \u00e9 o seu estilo arquitet\u00f4nico. As igrejas g\u00f3ticas s\u00e3o conhecidas por suas ab\u00f3badas altas e abertas, vitrais coloridos, arcos ogivais e detalhes decorativos elaborados. Esses elementos arquitet\u00f4nicos foram criados para inspirar uma sensa\u00e7\u00e3o de transcend\u00eancia e espiritualidade no espectador, como se estivessem olhando para o pr\u00f3prio c\u00e9u.<\/p>\n<p>Al\u00e9m da arquitetura, a arte g\u00f3tica tamb\u00e9m se manifestou na pintura e na escultura. A pintura g\u00f3tica \u00e9 conhecida por suas cores vibrantes e detalhes realistas, e muitas vezes retrata cenas b\u00edblicas ou hist\u00f3ricas. A escultura g\u00f3tica \u00e9 marcada por seus detalhes finos e pela \u00eanfase na express\u00e3o emocional dos personagens retratados.<\/p>\n<p>A arte g\u00f3tica tamb\u00e9m influenciou a literatura da \u00e9poca. Obras como a Divina Com\u00e9dia de Dante Alighieri e as Cantigas de Santa Maria de Alfonso X, o S\u00e1bio, s\u00e3o exemplos de como a arte g\u00f3tica inspirou a cria\u00e7\u00e3o liter\u00e1ria.<\/p>\n<figure class=\"thumbnail wp-caption alignnone\" style=\"width: 1940px\"><img fetchpriority=\"high\" decoding=\"async\" class=\"size-large\" src=\"https:\/\/upload.wikimedia.org\/wikipedia\/commons\/7\/72\/Cantigas_Santa_Maria.jpg\" width=\"1930\" height=\"922\" \/><figcaption class=\"caption wp-caption-text\">Cantigas de Santa Mar\u00eda de Afonso X o Sabio (&#8221;&#8217;1221-1284&#8221;&#8217;)<\/figcaption><\/figure>\n<p>Apesar de sua popularidade durante a Idade M\u00e9dia, a arte g\u00f3tica foi criticada pelos artistas renascentistas do s\u00e9culo XVI, que a consideravam b\u00e1rbara e inferior em compara\u00e7\u00e3o com a arte cl\u00e1ssica da Gr\u00e9cia e de Roma. No entanto, o interesse pela arte g\u00f3tica foi ressurgindo ao longo dos s\u00e9culos seguintes, inspirando artistas de diferentes movimentos, como o romantismo e o surrealismo.<\/p>\n<p>Atualmente, a arte g\u00f3tica ainda exerce influ\u00eancia sobre a cultura popular, como na literatura de terror, nos jogos eletr\u00f4nicos e na moda. O estilo g\u00f3tico \u00e9 marcado por <a href=\"https:\/\/artbook351.pt\/claudiaferro\/\" target=\"_blank\" rel=\"noopener\">roupas escuras<\/a>, acess\u00f3rios de metal e maquiagem pesada, e muitas vezes \u00e9 associado a um senso de mist\u00e9rio e romantismo.<\/p>\n<p>Em suma, a arte g\u00f3tica \u00e9 um movimento art\u00edstico importante na hist\u00f3ria da arte ocidental, que deixou um legado duradouro na arquitetura, pintura, escultura e literatura. Seu estilo impressionante e dram\u00e1tico continua a inspirar artistas e a fascinar o p\u00fablico at\u00e9 os dias de hoje.<\/p>\n<p>&nbsp;<\/p>\n<h3>O legado da arte g\u00f3tica em Portugal: da arquitetura \u00e0s artes visuais<\/h3>\n<p>Em Portugal, h\u00e1 v\u00e1rios exemplos not\u00e1veis de arte g\u00f3tica. Um dos mais conhecidos \u00e9 o Mosteiro da Batalha, situado na regi\u00e3o centro do pa\u00eds. Este mosteiro foi constru\u00eddo em homenagem \u00e0 vit\u00f3ria portuguesa na Batalha de Aljubarrota em 1385, e a sua constru\u00e7\u00e3o durou mais de 150 anos.<\/p>\n<p>O Mosteiro da Batalha \u00e9 considerado um dos mais importantes exemplos da arquitetura g\u00f3tica em Portugal, com caracter\u00edsticas como a ab\u00f3bada de cruzaria, os vitrais e os arcos ogivais. Al\u00e9m disso, a fachada principal do mosteiro \u00e9 decorada com esculturas de v\u00e1rias figuras religiosas, como santos e ap\u00f3stolos.<\/p>\n<p>Outro exemplo de arte g\u00f3tica em Portugal \u00e9 a Igreja de S\u00e3o Francisco, localizada na cidade do Porto. Esta igreja, constru\u00edda no s\u00e9culo XIII, apresenta uma mistura de estilos rom\u00e2nico e g\u00f3tico. Destaca-se a presen\u00e7a de um grande n\u00famero de vitrais e de um claustro com arcadas ogivais.<\/p>\n<p>Estes s\u00e3o apenas alguns exemplos da presen\u00e7a da arte g\u00f3tica em Portugal, mas h\u00e1 muitos outros edif\u00edcios e monumentos que <a href=\"https:\/\/arte351.pt\/art\/2019\/02\/10\/amare-uma-exposicao-inspirada-na-historia-de-amor-de-dona-ines-de-castro-e-dom-pedro-no-ispa-lisboa\/\" target=\"_blank\" rel=\"noopener\">tamb\u00e9m<\/a> apresentam caracter\u00edsticas deste movimento art\u00edstico.<\/p>\n","protected":false},"excerpt":{"rendered":"<p>A arte g\u00f3tica \u00e9 um movimento art\u00edstico que surgiu na Europa Ocidental no final da Idade M\u00e9dia, por volta do s\u00e9culo XII, e se desenvolveu at\u00e9 o s\u00e9culo XV. Embora [&hellip;]<\/p>\n","protected":false},"author":3,"featured_media":7573,"comment_status":"closed","ping_status":"closed","sticky":false,"template":"","format":"standard","meta":{"_exactmetrics_skip_tracking":false,"_exactmetrics_sitenote_active":false,"_exactmetrics_sitenote_note":"","_exactmetrics_sitenote_category":0,"_uf_show_specific_survey":0,"_uf_disable_surveys":false,"footnotes":""},"categories":[1],"tags":[1853],"class_list":["post-7572","post","type-post","status-publish","format-standard","has-post-thumbnail","hentry","category-sem-categoria","tag-mosteiro-da-batalha"],"yoast_head":"<!-- This site is optimized with the Yoast SEO plugin v27.3 - https:\/\/yoast.com\/product\/yoast-seo-wordpress\/ -->\n<title>Arte G\u00f3tica: O Movimento Art\u00edstico que Expressou a Beleza da Escurid\u00e3o<\/title>\n<meta name=\"description\" content=\"A arte g\u00f3tica \u00e9 um movimento art\u00edstico que surgiu na Europa Ocidental no final da Idade M\u00e9dia, por volta do s\u00e9culo XII, e se desenvolveu..\" \/>\n<meta name=\"robots\" content=\"index, follow, max-snippet:-1, max-image-preview:large, max-video-preview:-1\" \/>\n<link rel=\"canonical\" href=\"https:\/\/arte351.pt\/art\/2023\/05\/04\/arte-gotica-o-movimento-artistico-que-expressou-a-beleza-da-escuridao\/\" \/>\n<meta property=\"og:locale\" content=\"pt_BR\" \/>\n<meta property=\"og:type\" content=\"article\" \/>\n<meta property=\"og:title\" content=\"Arte G\u00f3tica: O Movimento Art\u00edstico que Expressou a Beleza da Escurid\u00e3o\" \/>\n<meta property=\"og:description\" content=\"A arte g\u00f3tica \u00e9 um movimento art\u00edstico que surgiu na Europa Ocidental no final da Idade M\u00e9dia, por volta do s\u00e9culo XII, e se desenvolveu..\" \/>\n<meta property=\"og:url\" content=\"https:\/\/arte351.pt\/art\/2023\/05\/04\/arte-gotica-o-movimento-artistico-que-expressou-a-beleza-da-escuridao\/\" \/>\n<meta property=\"og:site_name\" content=\"Arte351 - Art Magazine Portugal\" \/>\n<meta property=\"article:publisher\" content=\"https:\/\/www.facebook.com\/arte351magazine\/\" \/>\n<meta property=\"article:published_time\" content=\"2023-05-04T22:17:29+00:00\" \/>\n<meta property=\"og:image\" content=\"https:\/\/arte351.pt\/art\/wp-content\/uploads\/2023\/05\/arte-gotica-mosteiro-da-batalha-1.jpg\" \/>\n\t<meta property=\"og:image:width\" content=\"1200\" \/>\n\t<meta property=\"og:image:height\" content=\"578\" \/>\n\t<meta property=\"og:image:type\" content=\"image\/jpeg\" \/>\n<meta name=\"author\" content=\"Equipa Arte351\" \/>\n<meta name=\"twitter:label1\" content=\"Escrito por\" \/>\n\t<meta name=\"twitter:data1\" content=\"Equipa Arte351\" \/>\n\t<meta name=\"twitter:label2\" content=\"Est. tempo de leitura\" \/>\n\t<meta name=\"twitter:data2\" content=\"4 minutos\" \/>\n<script type=\"application\/ld+json\" class=\"yoast-schema-graph\">{\"@context\":\"https:\\\/\\\/schema.org\",\"@graph\":[{\"@type\":\"Article\",\"@id\":\"https:\\\/\\\/arte351.pt\\\/art\\\/2023\\\/05\\\/04\\\/arte-gotica-o-movimento-artistico-que-expressou-a-beleza-da-escuridao\\\/#article\",\"isPartOf\":{\"@id\":\"https:\\\/\\\/arte351.pt\\\/art\\\/2023\\\/05\\\/04\\\/arte-gotica-o-movimento-artistico-que-expressou-a-beleza-da-escuridao\\\/\"},\"author\":{\"name\":\"Equipa Arte351\",\"@id\":\"https:\\\/\\\/arte351.pt\\\/art\\\/#\\\/schema\\\/person\\\/f2cfae59497206be61c53c217757b930\"},\"headline\":\"Arte G\u00f3tica: O Movimento Art\u00edstico que Expressou a Beleza da Escurid\u00e3o\",\"datePublished\":\"2023-05-04T22:17:29+00:00\",\"mainEntityOfPage\":{\"@id\":\"https:\\\/\\\/arte351.pt\\\/art\\\/2023\\\/05\\\/04\\\/arte-gotica-o-movimento-artistico-que-expressou-a-beleza-da-escuridao\\\/\"},\"wordCount\":631,\"publisher\":{\"@id\":\"https:\\\/\\\/arte351.pt\\\/art\\\/#organization\"},\"image\":{\"@id\":\"https:\\\/\\\/arte351.pt\\\/art\\\/2023\\\/05\\\/04\\\/arte-gotica-o-movimento-artistico-que-expressou-a-beleza-da-escuridao\\\/#primaryimage\"},\"thumbnailUrl\":\"https:\\\/\\\/arte351.pt\\\/art\\\/wp-content\\\/uploads\\\/2023\\\/05\\\/arte-gotica-mosteiro-da-batalha-1.jpg\",\"keywords\":[\"Mosteiro da Batalha\"],\"articleSection\":[\"Blog ARTE-351\"],\"inLanguage\":\"pt-BR\"},{\"@type\":\"WebPage\",\"@id\":\"https:\\\/\\\/arte351.pt\\\/art\\\/2023\\\/05\\\/04\\\/arte-gotica-o-movimento-artistico-que-expressou-a-beleza-da-escuridao\\\/\",\"url\":\"https:\\\/\\\/arte351.pt\\\/art\\\/2023\\\/05\\\/04\\\/arte-gotica-o-movimento-artistico-que-expressou-a-beleza-da-escuridao\\\/\",\"name\":\"Arte G\u00f3tica: O Movimento Art\u00edstico que Expressou a Beleza da Escurid\u00e3o\",\"isPartOf\":{\"@id\":\"https:\\\/\\\/arte351.pt\\\/art\\\/#website\"},\"primaryImageOfPage\":{\"@id\":\"https:\\\/\\\/arte351.pt\\\/art\\\/2023\\\/05\\\/04\\\/arte-gotica-o-movimento-artistico-que-expressou-a-beleza-da-escuridao\\\/#primaryimage\"},\"image\":{\"@id\":\"https:\\\/\\\/arte351.pt\\\/art\\\/2023\\\/05\\\/04\\\/arte-gotica-o-movimento-artistico-que-expressou-a-beleza-da-escuridao\\\/#primaryimage\"},\"thumbnailUrl\":\"https:\\\/\\\/arte351.pt\\\/art\\\/wp-content\\\/uploads\\\/2023\\\/05\\\/arte-gotica-mosteiro-da-batalha-1.jpg\",\"datePublished\":\"2023-05-04T22:17:29+00:00\",\"description\":\"A arte g\u00f3tica \u00e9 um movimento art\u00edstico que surgiu na Europa Ocidental no final da Idade M\u00e9dia, por volta do s\u00e9culo XII, e se desenvolveu..\",\"breadcrumb\":{\"@id\":\"https:\\\/\\\/arte351.pt\\\/art\\\/2023\\\/05\\\/04\\\/arte-gotica-o-movimento-artistico-que-expressou-a-beleza-da-escuridao\\\/#breadcrumb\"},\"inLanguage\":\"pt-BR\",\"potentialAction\":[{\"@type\":\"ReadAction\",\"target\":[\"https:\\\/\\\/arte351.pt\\\/art\\\/2023\\\/05\\\/04\\\/arte-gotica-o-movimento-artistico-que-expressou-a-beleza-da-escuridao\\\/\"]}]},{\"@type\":\"ImageObject\",\"inLanguage\":\"pt-BR\",\"@id\":\"https:\\\/\\\/arte351.pt\\\/art\\\/2023\\\/05\\\/04\\\/arte-gotica-o-movimento-artistico-que-expressou-a-beleza-da-escuridao\\\/#primaryimage\",\"url\":\"https:\\\/\\\/arte351.pt\\\/art\\\/wp-content\\\/uploads\\\/2023\\\/05\\\/arte-gotica-mosteiro-da-batalha-1.jpg\",\"contentUrl\":\"https:\\\/\\\/arte351.pt\\\/art\\\/wp-content\\\/uploads\\\/2023\\\/05\\\/arte-gotica-mosteiro-da-batalha-1.jpg\",\"width\":1200,\"height\":578},{\"@type\":\"BreadcrumbList\",\"@id\":\"https:\\\/\\\/arte351.pt\\\/art\\\/2023\\\/05\\\/04\\\/arte-gotica-o-movimento-artistico-que-expressou-a-beleza-da-escuridao\\\/#breadcrumb\",\"itemListElement\":[{\"@type\":\"ListItem\",\"position\":1,\"name\":\"In\u00edcio\",\"item\":\"https:\\\/\\\/arte351.pt\\\/art\\\/\"},{\"@type\":\"ListItem\",\"position\":2,\"name\":\"Arte G\u00f3tica: O Movimento Art\u00edstico que Expressou a Beleza da Escurid\u00e3o\"}]},{\"@type\":\"WebSite\",\"@id\":\"https:\\\/\\\/arte351.pt\\\/art\\\/#website\",\"url\":\"https:\\\/\\\/arte351.pt\\\/art\\\/\",\"name\":\"Arte351 - Art Magazine Portugal\",\"description\":\"\",\"publisher\":{\"@id\":\"https:\\\/\\\/arte351.pt\\\/art\\\/#organization\"},\"potentialAction\":[{\"@type\":\"SearchAction\",\"target\":{\"@type\":\"EntryPoint\",\"urlTemplate\":\"https:\\\/\\\/arte351.pt\\\/art\\\/?s={search_term_string}\"},\"query-input\":{\"@type\":\"PropertyValueSpecification\",\"valueRequired\":true,\"valueName\":\"search_term_string\"}}],\"inLanguage\":\"pt-BR\"},{\"@type\":\"Organization\",\"@id\":\"https:\\\/\\\/arte351.pt\\\/art\\\/#organization\",\"name\":\"Arte351 - Art Magazine Portugal\",\"url\":\"https:\\\/\\\/arte351.pt\\\/art\\\/\",\"logo\":{\"@type\":\"ImageObject\",\"inLanguage\":\"pt-BR\",\"@id\":\"https:\\\/\\\/arte351.pt\\\/art\\\/#\\\/schema\\\/logo\\\/image\\\/\",\"url\":\"https:\\\/\\\/arte351.pt\\\/art\\\/wp-content\\\/uploads\\\/2020\\\/03\\\/cropped-logo-arte351-color.png\",\"contentUrl\":\"https:\\\/\\\/arte351.pt\\\/art\\\/wp-content\\\/uploads\\\/2020\\\/03\\\/cropped-logo-arte351-color.png\",\"width\":514,\"height\":200,\"caption\":\"Arte351 - Art Magazine Portugal\"},\"image\":{\"@id\":\"https:\\\/\\\/arte351.pt\\\/art\\\/#\\\/schema\\\/logo\\\/image\\\/\"},\"sameAs\":[\"https:\\\/\\\/www.facebook.com\\\/arte351magazine\\\/\"]},{\"@type\":\"Person\",\"@id\":\"https:\\\/\\\/arte351.pt\\\/art\\\/#\\\/schema\\\/person\\\/f2cfae59497206be61c53c217757b930\",\"name\":\"Equipa Arte351\",\"image\":{\"@type\":\"ImageObject\",\"inLanguage\":\"pt-BR\",\"@id\":\"https:\\\/\\\/secure.gravatar.com\\\/avatar\\\/6caca56323d52e15e83fc5635240c86f7e52fd46fa8d5df9a709d99f5aa1638e?s=96&d=mm&r=g\",\"url\":\"https:\\\/\\\/secure.gravatar.com\\\/avatar\\\/6caca56323d52e15e83fc5635240c86f7e52fd46fa8d5df9a709d99f5aa1638e?s=96&d=mm&r=g\",\"contentUrl\":\"https:\\\/\\\/secure.gravatar.com\\\/avatar\\\/6caca56323d52e15e83fc5635240c86f7e52fd46fa8d5df9a709d99f5aa1638e?s=96&d=mm&r=g\",\"caption\":\"Equipa Arte351\"},\"url\":\"https:\\\/\\\/arte351.pt\\\/art\\\/author\\\/caroleenbass\\\/\"}]}<\/script>\n<!-- \/ Yoast SEO plugin. -->","yoast_head_json":{"title":"Arte G\u00f3tica: O Movimento Art\u00edstico que Expressou a Beleza da Escurid\u00e3o","description":"A arte g\u00f3tica \u00e9 um movimento art\u00edstico que surgiu na Europa Ocidental no final da Idade M\u00e9dia, por volta do s\u00e9culo XII, e se desenvolveu..","robots":{"index":"index","follow":"follow","max-snippet":"max-snippet:-1","max-image-preview":"max-image-preview:large","max-video-preview":"max-video-preview:-1"},"canonical":"https:\/\/arte351.pt\/art\/2023\/05\/04\/arte-gotica-o-movimento-artistico-que-expressou-a-beleza-da-escuridao\/","og_locale":"pt_BR","og_type":"article","og_title":"Arte G\u00f3tica: O Movimento Art\u00edstico que Expressou a Beleza da Escurid\u00e3o","og_description":"A arte g\u00f3tica \u00e9 um movimento art\u00edstico que surgiu na Europa Ocidental no final da Idade M\u00e9dia, por volta do s\u00e9culo XII, e se desenvolveu..","og_url":"https:\/\/arte351.pt\/art\/2023\/05\/04\/arte-gotica-o-movimento-artistico-que-expressou-a-beleza-da-escuridao\/","og_site_name":"Arte351 - Art Magazine Portugal","article_publisher":"https:\/\/www.facebook.com\/arte351magazine\/","article_published_time":"2023-05-04T22:17:29+00:00","og_image":[{"width":1200,"height":578,"url":"https:\/\/arte351.pt\/art\/wp-content\/uploads\/2023\/05\/arte-gotica-mosteiro-da-batalha-1.jpg","type":"image\/jpeg"}],"author":"Equipa Arte351","twitter_misc":{"Escrito por":"Equipa Arte351","Est. tempo de leitura":"4 minutos"},"schema":{"@context":"https:\/\/schema.org","@graph":[{"@type":"Article","@id":"https:\/\/arte351.pt\/art\/2023\/05\/04\/arte-gotica-o-movimento-artistico-que-expressou-a-beleza-da-escuridao\/#article","isPartOf":{"@id":"https:\/\/arte351.pt\/art\/2023\/05\/04\/arte-gotica-o-movimento-artistico-que-expressou-a-beleza-da-escuridao\/"},"author":{"name":"Equipa Arte351","@id":"https:\/\/arte351.pt\/art\/#\/schema\/person\/f2cfae59497206be61c53c217757b930"},"headline":"Arte G\u00f3tica: O Movimento Art\u00edstico que Expressou a Beleza da Escurid\u00e3o","datePublished":"2023-05-04T22:17:29+00:00","mainEntityOfPage":{"@id":"https:\/\/arte351.pt\/art\/2023\/05\/04\/arte-gotica-o-movimento-artistico-que-expressou-a-beleza-da-escuridao\/"},"wordCount":631,"publisher":{"@id":"https:\/\/arte351.pt\/art\/#organization"},"image":{"@id":"https:\/\/arte351.pt\/art\/2023\/05\/04\/arte-gotica-o-movimento-artistico-que-expressou-a-beleza-da-escuridao\/#primaryimage"},"thumbnailUrl":"https:\/\/arte351.pt\/art\/wp-content\/uploads\/2023\/05\/arte-gotica-mosteiro-da-batalha-1.jpg","keywords":["Mosteiro da Batalha"],"articleSection":["Blog ARTE-351"],"inLanguage":"pt-BR"},{"@type":"WebPage","@id":"https:\/\/arte351.pt\/art\/2023\/05\/04\/arte-gotica-o-movimento-artistico-que-expressou-a-beleza-da-escuridao\/","url":"https:\/\/arte351.pt\/art\/2023\/05\/04\/arte-gotica-o-movimento-artistico-que-expressou-a-beleza-da-escuridao\/","name":"Arte G\u00f3tica: O Movimento Art\u00edstico que Expressou a Beleza da Escurid\u00e3o","isPartOf":{"@id":"https:\/\/arte351.pt\/art\/#website"},"primaryImageOfPage":{"@id":"https:\/\/arte351.pt\/art\/2023\/05\/04\/arte-gotica-o-movimento-artistico-que-expressou-a-beleza-da-escuridao\/#primaryimage"},"image":{"@id":"https:\/\/arte351.pt\/art\/2023\/05\/04\/arte-gotica-o-movimento-artistico-que-expressou-a-beleza-da-escuridao\/#primaryimage"},"thumbnailUrl":"https:\/\/arte351.pt\/art\/wp-content\/uploads\/2023\/05\/arte-gotica-mosteiro-da-batalha-1.jpg","datePublished":"2023-05-04T22:17:29+00:00","description":"A arte g\u00f3tica \u00e9 um movimento art\u00edstico que surgiu na Europa Ocidental no final da Idade M\u00e9dia, por volta do s\u00e9culo XII, e se desenvolveu..","breadcrumb":{"@id":"https:\/\/arte351.pt\/art\/2023\/05\/04\/arte-gotica-o-movimento-artistico-que-expressou-a-beleza-da-escuridao\/#breadcrumb"},"inLanguage":"pt-BR","potentialAction":[{"@type":"ReadAction","target":["https:\/\/arte351.pt\/art\/2023\/05\/04\/arte-gotica-o-movimento-artistico-que-expressou-a-beleza-da-escuridao\/"]}]},{"@type":"ImageObject","inLanguage":"pt-BR","@id":"https:\/\/arte351.pt\/art\/2023\/05\/04\/arte-gotica-o-movimento-artistico-que-expressou-a-beleza-da-escuridao\/#primaryimage","url":"https:\/\/arte351.pt\/art\/wp-content\/uploads\/2023\/05\/arte-gotica-mosteiro-da-batalha-1.jpg","contentUrl":"https:\/\/arte351.pt\/art\/wp-content\/uploads\/2023\/05\/arte-gotica-mosteiro-da-batalha-1.jpg","width":1200,"height":578},{"@type":"BreadcrumbList","@id":"https:\/\/arte351.pt\/art\/2023\/05\/04\/arte-gotica-o-movimento-artistico-que-expressou-a-beleza-da-escuridao\/#breadcrumb","itemListElement":[{"@type":"ListItem","position":1,"name":"In\u00edcio","item":"https:\/\/arte351.pt\/art\/"},{"@type":"ListItem","position":2,"name":"Arte G\u00f3tica: O Movimento Art\u00edstico que Expressou a Beleza da Escurid\u00e3o"}]},{"@type":"WebSite","@id":"https:\/\/arte351.pt\/art\/#website","url":"https:\/\/arte351.pt\/art\/","name":"Arte351 - Art Magazine Portugal","description":"","publisher":{"@id":"https:\/\/arte351.pt\/art\/#organization"},"potentialAction":[{"@type":"SearchAction","target":{"@type":"EntryPoint","urlTemplate":"https:\/\/arte351.pt\/art\/?s={search_term_string}"},"query-input":{"@type":"PropertyValueSpecification","valueRequired":true,"valueName":"search_term_string"}}],"inLanguage":"pt-BR"},{"@type":"Organization","@id":"https:\/\/arte351.pt\/art\/#organization","name":"Arte351 - Art Magazine Portugal","url":"https:\/\/arte351.pt\/art\/","logo":{"@type":"ImageObject","inLanguage":"pt-BR","@id":"https:\/\/arte351.pt\/art\/#\/schema\/logo\/image\/","url":"https:\/\/arte351.pt\/art\/wp-content\/uploads\/2020\/03\/cropped-logo-arte351-color.png","contentUrl":"https:\/\/arte351.pt\/art\/wp-content\/uploads\/2020\/03\/cropped-logo-arte351-color.png","width":514,"height":200,"caption":"Arte351 - Art Magazine Portugal"},"image":{"@id":"https:\/\/arte351.pt\/art\/#\/schema\/logo\/image\/"},"sameAs":["https:\/\/www.facebook.com\/arte351magazine\/"]},{"@type":"Person","@id":"https:\/\/arte351.pt\/art\/#\/schema\/person\/f2cfae59497206be61c53c217757b930","name":"Equipa Arte351","image":{"@type":"ImageObject","inLanguage":"pt-BR","@id":"https:\/\/secure.gravatar.com\/avatar\/6caca56323d52e15e83fc5635240c86f7e52fd46fa8d5df9a709d99f5aa1638e?s=96&d=mm&r=g","url":"https:\/\/secure.gravatar.com\/avatar\/6caca56323d52e15e83fc5635240c86f7e52fd46fa8d5df9a709d99f5aa1638e?s=96&d=mm&r=g","contentUrl":"https:\/\/secure.gravatar.com\/avatar\/6caca56323d52e15e83fc5635240c86f7e52fd46fa8d5df9a709d99f5aa1638e?s=96&d=mm&r=g","caption":"Equipa Arte351"},"url":"https:\/\/arte351.pt\/art\/author\/caroleenbass\/"}]}},"_links":{"self":[{"href":"https:\/\/arte351.pt\/art\/wp-json\/wp\/v2\/posts\/7572","targetHints":{"allow":["GET"]}}],"collection":[{"href":"https:\/\/arte351.pt\/art\/wp-json\/wp\/v2\/posts"}],"about":[{"href":"https:\/\/arte351.pt\/art\/wp-json\/wp\/v2\/types\/post"}],"author":[{"embeddable":true,"href":"https:\/\/arte351.pt\/art\/wp-json\/wp\/v2\/users\/3"}],"replies":[{"embeddable":true,"href":"https:\/\/arte351.pt\/art\/wp-json\/wp\/v2\/comments?post=7572"}],"version-history":[{"count":1,"href":"https:\/\/arte351.pt\/art\/wp-json\/wp\/v2\/posts\/7572\/revisions"}],"predecessor-version":[{"id":7574,"href":"https:\/\/arte351.pt\/art\/wp-json\/wp\/v2\/posts\/7572\/revisions\/7574"}],"wp:featuredmedia":[{"embeddable":true,"href":"https:\/\/arte351.pt\/art\/wp-json\/wp\/v2\/media\/7573"}],"wp:attachment":[{"href":"https:\/\/arte351.pt\/art\/wp-json\/wp\/v2\/media?parent=7572"}],"wp:term":[{"taxonomy":"category","embeddable":true,"href":"https:\/\/arte351.pt\/art\/wp-json\/wp\/v2\/categories?post=7572"},{"taxonomy":"post_tag","embeddable":true,"href":"https:\/\/arte351.pt\/art\/wp-json\/wp\/v2\/tags?post=7572"}],"curies":[{"name":"wp","href":"https:\/\/api.w.org\/{rel}","templated":true}]}}