{"id":758,"date":"2016-07-05T11:46:46","date_gmt":"2016-07-05T11:46:46","guid":{"rendered":"http:\/\/arte351.pt\/art\/?p=758"},"modified":"2016-07-17T12:05:37","modified_gmt":"2016-07-17T12:05:37","slug":"carlos-scliar-em-panoramica","status":"publish","type":"post","link":"https:\/\/arte351.pt\/art\/2016\/07\/05\/carlos-scliar-em-panoramica\/","title":{"rendered":"CARLOS SCLIAR EM PANOR\u00c2MICA"},"content":{"rendered":"<p style=\"text-align: justify;\"><img fetchpriority=\"high\" decoding=\"async\" class=\"size-medium wp-image-761 alignleft\" src=\"https:\/\/arte351.pt\/art\/wp-content\/uploads\/2016\/07\/Carlos-Scliar_pao_e_rosas-233x300.jpg\" alt=\"Carlos-Scliar_pao_e_rosas\" width=\"233\" height=\"300\" srcset=\"https:\/\/arte351.pt\/art\/wp-content\/uploads\/2016\/07\/Carlos-Scliar_pao_e_rosas-233x300.jpg 233w, https:\/\/arte351.pt\/art\/wp-content\/uploads\/2016\/07\/Carlos-Scliar_pao_e_rosas.jpg 326w\" sizes=\"(max-width: 233px) 100vw, 233px\" \/>A Caixa Cultural Rio de Janeiro, Centro, inaugura, no dia 05 de julho, \u00e0s 19h, a exposi\u00e7\u00e3o &#8220;Carlos Scliar, da reflex\u00e3o \u00e0 cria\u00e7\u00e3o&#8221;, sob a curadoria de Marcus de Lontra Costa. Ser\u00e1 apresentado um panorama da obra de Carlos Scliar, com cerca de 150 trabalhos, entre pinturas, gravuras e desenhos, realizados ao longo de mais de seis d\u00e9cadas. A mostra marca os 15 anos de falecimento do artista e \u00e9 patrocinada pela Caixa Econ\u00f4mica Federal e Governo Federal.<\/p>\n<p style=\"text-align: justify;\">\u00a0 \u00a0A curadoria buscou selecionar imagens em conson\u00e2ncia com o esp\u00edrito de Scliar, sintetizando uma vida inteira dedicada \u00e0 constru\u00e7\u00e3o de uma iconografia nacional. As obras expostas integram, num mesmo espa\u00e7o, a participa\u00e7\u00e3o pol\u00edtica e social coletiva em defesa dos verdadeiros ideais democr\u00e1ticos, a pureza das pequenas hist\u00f3rias e a beleza contida nas coisas simples, nos objetos e viv\u00eancias cotidianas do ser humano: bules, lamparinas, velas, frutos e flores, documentos, bilhetes, lembran\u00e7as, saudades, desejos, mem\u00f3rias, res\u00edduos, ru\u00eddos, sussurros, sil\u00eancios.<\/p>\n<p style=\"text-align: justify;\"><img decoding=\"async\" class=\"size-medium wp-image-762 alignright\" src=\"https:\/\/arte351.pt\/art\/wp-content\/uploads\/2016\/07\/Carlos-Scliar_Sem-titulo_1943-300x214.jpg\" alt=\"Carlos-Scliar_Sem-titulo_1943\" width=\"300\" height=\"214\" srcset=\"https:\/\/arte351.pt\/art\/wp-content\/uploads\/2016\/07\/Carlos-Scliar_Sem-titulo_1943-300x214.jpg 300w, https:\/\/arte351.pt\/art\/wp-content\/uploads\/2016\/07\/Carlos-Scliar_Sem-titulo_1943.jpg 590w\" sizes=\"(max-width: 300px) 100vw, 300px\" \/>\u201cEm qualquer t\u00e9cnica, em qualquer per\u00edodo de sua vida, Carlos Scliar \u00e9 o artista do m\u00e9todo e da m\u00e9trica. A linha \u00e9 o elemento que organiza a sua aventura art\u00edstica; a partir dela, de seus vetores, ele constr\u00f3i formas, acrescenta cores, desenvolve a sua po\u00e9tica particular. Para ele, o Brasil \u00e9 assunto permanente: em busca das n\u00e9voas do passado, encontrou-as (e se encontrou) entre as montanhas\u201d, comenta o curador Marcus de Lontra Costa.<\/p>\n<p style=\"text-align: justify;\">Na mostra ser\u00e3o exibidas desde as primeiras pinturas de Scliar, dos anos 1940, at\u00e9 sua produ\u00e7\u00e3o dos anos 2000, passando pelas gravuras ga\u00fachas dos anos de 1950, pela s\u00e9rie \u201cTerrit\u00f3rio Ocupado\u201d at\u00e9 chegar ao impressionante \u00e1lbum \u201cRedescoberta do Brasil\u201d, obra final e definitiva de Carlos Scliar.<\/p>\n<p style=\"text-align: justify;\"><img decoding=\"async\" class=\"size-medium wp-image-760 alignleft\" src=\"https:\/\/arte351.pt\/art\/wp-content\/uploads\/2016\/07\/Carlos-Scliar_Bule-azul-ferro-de-passar-vermelho-300x227.jpg\" alt=\"Carlos-Scliar_Bule-azul-ferro-de-passar-vermelho\" width=\"300\" height=\"227\" srcset=\"https:\/\/arte351.pt\/art\/wp-content\/uploads\/2016\/07\/Carlos-Scliar_Bule-azul-ferro-de-passar-vermelho-300x227.jpg 300w, https:\/\/arte351.pt\/art\/wp-content\/uploads\/2016\/07\/Carlos-Scliar_Bule-azul-ferro-de-passar-vermelho.jpg 555w\" sizes=\"(max-width: 300px) 100vw, 300px\" \/>O projeto conta o apoio do Instituto Cultural Carlos Scliar e a produ\u00e7\u00e3o da exposi\u00e7\u00e3o est\u00e1 a cargo de Anderson Eleot\u00e9rio e Izabel Ferreira \u2013 ADUPLA Produ\u00e7\u00e3o Cultural, que j\u00e1 realizou importantes publica\u00e7\u00f5es e exposi\u00e7\u00f5es itinerantes pelo Brasil, como Farnese de Andrade, Athos Bulc\u00e3o, Milton Dacosta, Miguel Angel Rios, Raymundo Colares, Carlos Scliar, Debret, Alu\u00edsio Carv\u00e3o, Henri Matisse, Bruno Miguel, Teresa Serrano, Regina de Paula, Nazareno, entre outros.<\/p>\n<p style=\"text-align: justify;\">At\u00e9 21 de agosto.<\/p>\n<h5 style=\"text-align: justify;\"><em><a href=\"https:\/\/arte351.pt\/art\/category\/colunistas-2\/colunistas\/\"><img loading=\"lazy\" decoding=\"async\" class=\"alignleft wp-image-398\" src=\"https:\/\/arte351.pt\/art\/wp-content\/uploads\/2016\/03\/avatar_renato_rosa-300x300.jpg\" alt=\"avatar_renato_rosa\" width=\"80\" height=\"80\" srcset=\"https:\/\/arte351.pt\/art\/wp-content\/uploads\/2016\/03\/avatar_renato_rosa-300x300.jpg 300w, https:\/\/arte351.pt\/art\/wp-content\/uploads\/2016\/03\/avatar_renato_rosa-150x150.jpg 150w, https:\/\/arte351.pt\/art\/wp-content\/uploads\/2016\/03\/avatar_renato_rosa.jpg 600w\" sizes=\"(max-width: 80px) 100vw, 80px\" \/><\/a><\/em><\/h5>\n<h5 style=\"text-align: justify;\"><em><a href=\"https:\/\/arte351.pt\/art\/category\/colunistas-2\/colunistas\/\">Coluna &#8211; <b class=\"gmail_sendername\">Renato Rosa<\/b><\/a><\/em><\/h5>\n<div>\n<h5 style=\"text-align: justify;\">Renato Rosa, brasileiro, S\u00e3o Gabriel, RS, Brasil, 1946. Marchand, pesquisador, editor do jornal cultural O PARALELO do site <a href=\"http:\/\/www.bolsadearte.com\/oparalelo\" target=\"_blank\">www.bolsadearte.com\/<wbr \/>oparalelo<\/a>, co-autor do \u201cDicion\u00e1rio de Artes Pl\u00e1sticas no Rio Grande do Sul\u201d, (2\u00aa edi\u00e7\u00e3o, 2000, esgotada) Editora da Universidade\/UFRGS.<\/h5>\n<\/div>\n","protected":false},"excerpt":{"rendered":"<p>A Caixa Cultural Rio de Janeiro, Centro, inaugura, no dia 05 de julho, \u00e0s 19h, a exposi\u00e7\u00e3o &#8220;Carlos Scliar, da reflex\u00e3o \u00e0 cria\u00e7\u00e3o&#8221;, sob a curadoria de Marcus de Lontra [&hellip;]<\/p>\n","protected":false},"author":34415,"featured_media":759,"comment_status":"open","ping_status":"open","sticky":false,"template":"","format":"standard","meta":{"_exactmetrics_skip_tracking":false,"_exactmetrics_sitenote_active":false,"_exactmetrics_sitenote_note":"","_exactmetrics_sitenote_category":0,"_uf_show_specific_survey":0,"_uf_disable_surveys":false,"footnotes":""},"categories":[7],"tags":[],"class_list":["post-758","post","type-post","status-publish","format-standard","has-post-thumbnail","hentry","category-colunistas"],"yoast_head":"<!-- This site is optimized with the Yoast SEO plugin v27.3 - https:\/\/yoast.com\/product\/yoast-seo-wordpress\/ -->\n<title>CARLOS SCLIAR EM PANOR\u00c2MICA - Arte351 - Art Magazine Portugal<\/title>\n<meta name=\"robots\" content=\"index, follow, max-snippet:-1, max-image-preview:large, max-video-preview:-1\" \/>\n<link rel=\"canonical\" href=\"https:\/\/arte351.pt\/art\/2016\/07\/05\/carlos-scliar-em-panoramica\/\" \/>\n<meta property=\"og:locale\" content=\"pt_BR\" \/>\n<meta property=\"og:type\" content=\"article\" \/>\n<meta property=\"og:title\" content=\"CARLOS SCLIAR EM PANOR\u00c2MICA - Arte351 - Art Magazine Portugal\" \/>\n<meta property=\"og:description\" content=\"A Caixa Cultural Rio de Janeiro, Centro, inaugura, no dia 05 de julho, \u00e0s 19h, a exposi\u00e7\u00e3o &#8220;Carlos Scliar, da reflex\u00e3o \u00e0 cria\u00e7\u00e3o&#8221;, sob a curadoria de Marcus de Lontra [&hellip;]\" \/>\n<meta property=\"og:url\" content=\"https:\/\/arte351.pt\/art\/2016\/07\/05\/carlos-scliar-em-panoramica\/\" \/>\n<meta property=\"og:site_name\" content=\"Arte351 - Art Magazine Portugal\" \/>\n<meta property=\"article:publisher\" content=\"https:\/\/www.facebook.com\/arte351magazine\/\" \/>\n<meta property=\"article:published_time\" content=\"2016-07-05T11:46:46+00:00\" \/>\n<meta property=\"article:modified_time\" content=\"2016-07-17T12:05:37+00:00\" \/>\n<meta property=\"og:image\" content=\"https:\/\/arte351.pt\/art\/wp-content\/uploads\/2016\/07\/banner_julho_001.jpg\" \/>\n\t<meta property=\"og:image:width\" content=\"1280\" \/>\n\t<meta property=\"og:image:height\" content=\"550\" \/>\n\t<meta property=\"og:image:type\" content=\"image\/jpeg\" \/>\n<meta name=\"author\" content=\"Equipa Arte 351\" \/>\n<meta name=\"twitter:label1\" content=\"Escrito por\" \/>\n\t<meta name=\"twitter:data1\" content=\"Equipa Arte 351\" \/>\n\t<meta name=\"twitter:label2\" content=\"Est. tempo de leitura\" \/>\n\t<meta name=\"twitter:data2\" content=\"2 minutos\" \/>\n<script type=\"application\/ld+json\" class=\"yoast-schema-graph\">{\"@context\":\"https:\\\/\\\/schema.org\",\"@graph\":[{\"@type\":\"Article\",\"@id\":\"https:\\\/\\\/arte351.pt\\\/art\\\/2016\\\/07\\\/05\\\/carlos-scliar-em-panoramica\\\/#article\",\"isPartOf\":{\"@id\":\"https:\\\/\\\/arte351.pt\\\/art\\\/2016\\\/07\\\/05\\\/carlos-scliar-em-panoramica\\\/\"},\"author\":{\"name\":\"Equipa Arte 351\",\"@id\":\"https:\\\/\\\/arte351.pt\\\/art\\\/#\\\/schema\\\/person\\\/1d081d5dbc7c2a3f2317da95c823a5bd\"},\"headline\":\"CARLOS SCLIAR EM PANOR\u00c2MICA\",\"datePublished\":\"2016-07-05T11:46:46+00:00\",\"dateModified\":\"2016-07-17T12:05:37+00:00\",\"mainEntityOfPage\":{\"@id\":\"https:\\\/\\\/arte351.pt\\\/art\\\/2016\\\/07\\\/05\\\/carlos-scliar-em-panoramica\\\/\"},\"wordCount\":425,\"commentCount\":0,\"publisher\":{\"@id\":\"https:\\\/\\\/arte351.pt\\\/art\\\/#organization\"},\"image\":{\"@id\":\"https:\\\/\\\/arte351.pt\\\/art\\\/2016\\\/07\\\/05\\\/carlos-scliar-em-panoramica\\\/#primaryimage\"},\"thumbnailUrl\":\"https:\\\/\\\/arte351.pt\\\/art\\\/wp-content\\\/uploads\\\/2016\\\/07\\\/banner_julho_001.jpg\",\"articleSection\":[\"Coluna - Renato Rosa\"],\"inLanguage\":\"pt-BR\",\"potentialAction\":[{\"@type\":\"CommentAction\",\"name\":\"Comment\",\"target\":[\"https:\\\/\\\/arte351.pt\\\/art\\\/2016\\\/07\\\/05\\\/carlos-scliar-em-panoramica\\\/#respond\"]}]},{\"@type\":\"WebPage\",\"@id\":\"https:\\\/\\\/arte351.pt\\\/art\\\/2016\\\/07\\\/05\\\/carlos-scliar-em-panoramica\\\/\",\"url\":\"https:\\\/\\\/arte351.pt\\\/art\\\/2016\\\/07\\\/05\\\/carlos-scliar-em-panoramica\\\/\",\"name\":\"CARLOS SCLIAR EM PANOR\u00c2MICA - Arte351 - Art Magazine Portugal\",\"isPartOf\":{\"@id\":\"https:\\\/\\\/arte351.pt\\\/art\\\/#website\"},\"primaryImageOfPage\":{\"@id\":\"https:\\\/\\\/arte351.pt\\\/art\\\/2016\\\/07\\\/05\\\/carlos-scliar-em-panoramica\\\/#primaryimage\"},\"image\":{\"@id\":\"https:\\\/\\\/arte351.pt\\\/art\\\/2016\\\/07\\\/05\\\/carlos-scliar-em-panoramica\\\/#primaryimage\"},\"thumbnailUrl\":\"https:\\\/\\\/arte351.pt\\\/art\\\/wp-content\\\/uploads\\\/2016\\\/07\\\/banner_julho_001.jpg\",\"datePublished\":\"2016-07-05T11:46:46+00:00\",\"dateModified\":\"2016-07-17T12:05:37+00:00\",\"breadcrumb\":{\"@id\":\"https:\\\/\\\/arte351.pt\\\/art\\\/2016\\\/07\\\/05\\\/carlos-scliar-em-panoramica\\\/#breadcrumb\"},\"inLanguage\":\"pt-BR\",\"potentialAction\":[{\"@type\":\"ReadAction\",\"target\":[\"https:\\\/\\\/arte351.pt\\\/art\\\/2016\\\/07\\\/05\\\/carlos-scliar-em-panoramica\\\/\"]}]},{\"@type\":\"ImageObject\",\"inLanguage\":\"pt-BR\",\"@id\":\"https:\\\/\\\/arte351.pt\\\/art\\\/2016\\\/07\\\/05\\\/carlos-scliar-em-panoramica\\\/#primaryimage\",\"url\":\"https:\\\/\\\/arte351.pt\\\/art\\\/wp-content\\\/uploads\\\/2016\\\/07\\\/banner_julho_001.jpg\",\"contentUrl\":\"https:\\\/\\\/arte351.pt\\\/art\\\/wp-content\\\/uploads\\\/2016\\\/07\\\/banner_julho_001.jpg\",\"width\":1280,\"height\":550},{\"@type\":\"BreadcrumbList\",\"@id\":\"https:\\\/\\\/arte351.pt\\\/art\\\/2016\\\/07\\\/05\\\/carlos-scliar-em-panoramica\\\/#breadcrumb\",\"itemListElement\":[{\"@type\":\"ListItem\",\"position\":1,\"name\":\"In\u00edcio\",\"item\":\"https:\\\/\\\/arte351.pt\\\/art\\\/\"},{\"@type\":\"ListItem\",\"position\":2,\"name\":\"CARLOS SCLIAR EM PANOR\u00c2MICA\"}]},{\"@type\":\"WebSite\",\"@id\":\"https:\\\/\\\/arte351.pt\\\/art\\\/#website\",\"url\":\"https:\\\/\\\/arte351.pt\\\/art\\\/\",\"name\":\"Arte351 - Art Magazine Portugal\",\"description\":\"\",\"publisher\":{\"@id\":\"https:\\\/\\\/arte351.pt\\\/art\\\/#organization\"},\"potentialAction\":[{\"@type\":\"SearchAction\",\"target\":{\"@type\":\"EntryPoint\",\"urlTemplate\":\"https:\\\/\\\/arte351.pt\\\/art\\\/?s={search_term_string}\"},\"query-input\":{\"@type\":\"PropertyValueSpecification\",\"valueRequired\":true,\"valueName\":\"search_term_string\"}}],\"inLanguage\":\"pt-BR\"},{\"@type\":\"Organization\",\"@id\":\"https:\\\/\\\/arte351.pt\\\/art\\\/#organization\",\"name\":\"Arte351 - Art Magazine Portugal\",\"url\":\"https:\\\/\\\/arte351.pt\\\/art\\\/\",\"logo\":{\"@type\":\"ImageObject\",\"inLanguage\":\"pt-BR\",\"@id\":\"https:\\\/\\\/arte351.pt\\\/art\\\/#\\\/schema\\\/logo\\\/image\\\/\",\"url\":\"https:\\\/\\\/arte351.pt\\\/art\\\/wp-content\\\/uploads\\\/2020\\\/03\\\/cropped-logo-arte351-color.png\",\"contentUrl\":\"https:\\\/\\\/arte351.pt\\\/art\\\/wp-content\\\/uploads\\\/2020\\\/03\\\/cropped-logo-arte351-color.png\",\"width\":514,\"height\":200,\"caption\":\"Arte351 - Art Magazine Portugal\"},\"image\":{\"@id\":\"https:\\\/\\\/arte351.pt\\\/art\\\/#\\\/schema\\\/logo\\\/image\\\/\"},\"sameAs\":[\"https:\\\/\\\/www.facebook.com\\\/arte351magazine\\\/\"]},{\"@type\":\"Person\",\"@id\":\"https:\\\/\\\/arte351.pt\\\/art\\\/#\\\/schema\\\/person\\\/1d081d5dbc7c2a3f2317da95c823a5bd\",\"name\":\"Equipa Arte 351\",\"image\":{\"@type\":\"ImageObject\",\"inLanguage\":\"pt-BR\",\"@id\":\"https:\\\/\\\/secure.gravatar.com\\\/avatar\\\/3f97e62c832ede8fafe5d2f9e31f8a055e187b6b31056d1e065d95e034db52e2?s=96&d=mm&r=g\",\"url\":\"https:\\\/\\\/secure.gravatar.com\\\/avatar\\\/3f97e62c832ede8fafe5d2f9e31f8a055e187b6b31056d1e065d95e034db52e2?s=96&d=mm&r=g\",\"contentUrl\":\"https:\\\/\\\/secure.gravatar.com\\\/avatar\\\/3f97e62c832ede8fafe5d2f9e31f8a055e187b6b31056d1e065d95e034db52e2?s=96&d=mm&r=g\",\"caption\":\"Equipa Arte 351\"},\"url\":\"https:\\\/\\\/arte351.pt\\\/art\\\/author\\\/admin2\\\/\"}]}<\/script>\n<!-- \/ Yoast SEO plugin. -->","yoast_head_json":{"title":"CARLOS SCLIAR EM PANOR\u00c2MICA - Arte351 - Art Magazine Portugal","robots":{"index":"index","follow":"follow","max-snippet":"max-snippet:-1","max-image-preview":"max-image-preview:large","max-video-preview":"max-video-preview:-1"},"canonical":"https:\/\/arte351.pt\/art\/2016\/07\/05\/carlos-scliar-em-panoramica\/","og_locale":"pt_BR","og_type":"article","og_title":"CARLOS SCLIAR EM PANOR\u00c2MICA - Arte351 - Art Magazine Portugal","og_description":"A Caixa Cultural Rio de Janeiro, Centro, inaugura, no dia 05 de julho, \u00e0s 19h, a exposi\u00e7\u00e3o &#8220;Carlos Scliar, da reflex\u00e3o \u00e0 cria\u00e7\u00e3o&#8221;, sob a curadoria de Marcus de Lontra [&hellip;]","og_url":"https:\/\/arte351.pt\/art\/2016\/07\/05\/carlos-scliar-em-panoramica\/","og_site_name":"Arte351 - Art Magazine Portugal","article_publisher":"https:\/\/www.facebook.com\/arte351magazine\/","article_published_time":"2016-07-05T11:46:46+00:00","article_modified_time":"2016-07-17T12:05:37+00:00","og_image":[{"width":1280,"height":550,"url":"https:\/\/arte351.pt\/art\/wp-content\/uploads\/2016\/07\/banner_julho_001.jpg","type":"image\/jpeg"}],"author":"Equipa Arte 351","twitter_misc":{"Escrito por":"Equipa Arte 351","Est. tempo de leitura":"2 minutos"},"schema":{"@context":"https:\/\/schema.org","@graph":[{"@type":"Article","@id":"https:\/\/arte351.pt\/art\/2016\/07\/05\/carlos-scliar-em-panoramica\/#article","isPartOf":{"@id":"https:\/\/arte351.pt\/art\/2016\/07\/05\/carlos-scliar-em-panoramica\/"},"author":{"name":"Equipa Arte 351","@id":"https:\/\/arte351.pt\/art\/#\/schema\/person\/1d081d5dbc7c2a3f2317da95c823a5bd"},"headline":"CARLOS SCLIAR EM PANOR\u00c2MICA","datePublished":"2016-07-05T11:46:46+00:00","dateModified":"2016-07-17T12:05:37+00:00","mainEntityOfPage":{"@id":"https:\/\/arte351.pt\/art\/2016\/07\/05\/carlos-scliar-em-panoramica\/"},"wordCount":425,"commentCount":0,"publisher":{"@id":"https:\/\/arte351.pt\/art\/#organization"},"image":{"@id":"https:\/\/arte351.pt\/art\/2016\/07\/05\/carlos-scliar-em-panoramica\/#primaryimage"},"thumbnailUrl":"https:\/\/arte351.pt\/art\/wp-content\/uploads\/2016\/07\/banner_julho_001.jpg","articleSection":["Coluna - Renato Rosa"],"inLanguage":"pt-BR","potentialAction":[{"@type":"CommentAction","name":"Comment","target":["https:\/\/arte351.pt\/art\/2016\/07\/05\/carlos-scliar-em-panoramica\/#respond"]}]},{"@type":"WebPage","@id":"https:\/\/arte351.pt\/art\/2016\/07\/05\/carlos-scliar-em-panoramica\/","url":"https:\/\/arte351.pt\/art\/2016\/07\/05\/carlos-scliar-em-panoramica\/","name":"CARLOS SCLIAR EM PANOR\u00c2MICA - Arte351 - Art Magazine Portugal","isPartOf":{"@id":"https:\/\/arte351.pt\/art\/#website"},"primaryImageOfPage":{"@id":"https:\/\/arte351.pt\/art\/2016\/07\/05\/carlos-scliar-em-panoramica\/#primaryimage"},"image":{"@id":"https:\/\/arte351.pt\/art\/2016\/07\/05\/carlos-scliar-em-panoramica\/#primaryimage"},"thumbnailUrl":"https:\/\/arte351.pt\/art\/wp-content\/uploads\/2016\/07\/banner_julho_001.jpg","datePublished":"2016-07-05T11:46:46+00:00","dateModified":"2016-07-17T12:05:37+00:00","breadcrumb":{"@id":"https:\/\/arte351.pt\/art\/2016\/07\/05\/carlos-scliar-em-panoramica\/#breadcrumb"},"inLanguage":"pt-BR","potentialAction":[{"@type":"ReadAction","target":["https:\/\/arte351.pt\/art\/2016\/07\/05\/carlos-scliar-em-panoramica\/"]}]},{"@type":"ImageObject","inLanguage":"pt-BR","@id":"https:\/\/arte351.pt\/art\/2016\/07\/05\/carlos-scliar-em-panoramica\/#primaryimage","url":"https:\/\/arte351.pt\/art\/wp-content\/uploads\/2016\/07\/banner_julho_001.jpg","contentUrl":"https:\/\/arte351.pt\/art\/wp-content\/uploads\/2016\/07\/banner_julho_001.jpg","width":1280,"height":550},{"@type":"BreadcrumbList","@id":"https:\/\/arte351.pt\/art\/2016\/07\/05\/carlos-scliar-em-panoramica\/#breadcrumb","itemListElement":[{"@type":"ListItem","position":1,"name":"In\u00edcio","item":"https:\/\/arte351.pt\/art\/"},{"@type":"ListItem","position":2,"name":"CARLOS SCLIAR EM PANOR\u00c2MICA"}]},{"@type":"WebSite","@id":"https:\/\/arte351.pt\/art\/#website","url":"https:\/\/arte351.pt\/art\/","name":"Arte351 - Art Magazine Portugal","description":"","publisher":{"@id":"https:\/\/arte351.pt\/art\/#organization"},"potentialAction":[{"@type":"SearchAction","target":{"@type":"EntryPoint","urlTemplate":"https:\/\/arte351.pt\/art\/?s={search_term_string}"},"query-input":{"@type":"PropertyValueSpecification","valueRequired":true,"valueName":"search_term_string"}}],"inLanguage":"pt-BR"},{"@type":"Organization","@id":"https:\/\/arte351.pt\/art\/#organization","name":"Arte351 - Art Magazine Portugal","url":"https:\/\/arte351.pt\/art\/","logo":{"@type":"ImageObject","inLanguage":"pt-BR","@id":"https:\/\/arte351.pt\/art\/#\/schema\/logo\/image\/","url":"https:\/\/arte351.pt\/art\/wp-content\/uploads\/2020\/03\/cropped-logo-arte351-color.png","contentUrl":"https:\/\/arte351.pt\/art\/wp-content\/uploads\/2020\/03\/cropped-logo-arte351-color.png","width":514,"height":200,"caption":"Arte351 - Art Magazine Portugal"},"image":{"@id":"https:\/\/arte351.pt\/art\/#\/schema\/logo\/image\/"},"sameAs":["https:\/\/www.facebook.com\/arte351magazine\/"]},{"@type":"Person","@id":"https:\/\/arte351.pt\/art\/#\/schema\/person\/1d081d5dbc7c2a3f2317da95c823a5bd","name":"Equipa Arte 351","image":{"@type":"ImageObject","inLanguage":"pt-BR","@id":"https:\/\/secure.gravatar.com\/avatar\/3f97e62c832ede8fafe5d2f9e31f8a055e187b6b31056d1e065d95e034db52e2?s=96&d=mm&r=g","url":"https:\/\/secure.gravatar.com\/avatar\/3f97e62c832ede8fafe5d2f9e31f8a055e187b6b31056d1e065d95e034db52e2?s=96&d=mm&r=g","contentUrl":"https:\/\/secure.gravatar.com\/avatar\/3f97e62c832ede8fafe5d2f9e31f8a055e187b6b31056d1e065d95e034db52e2?s=96&d=mm&r=g","caption":"Equipa Arte 351"},"url":"https:\/\/arte351.pt\/art\/author\/admin2\/"}]}},"_links":{"self":[{"href":"https:\/\/arte351.pt\/art\/wp-json\/wp\/v2\/posts\/758","targetHints":{"allow":["GET"]}}],"collection":[{"href":"https:\/\/arte351.pt\/art\/wp-json\/wp\/v2\/posts"}],"about":[{"href":"https:\/\/arte351.pt\/art\/wp-json\/wp\/v2\/types\/post"}],"author":[{"embeddable":true,"href":"https:\/\/arte351.pt\/art\/wp-json\/wp\/v2\/users\/34415"}],"replies":[{"embeddable":true,"href":"https:\/\/arte351.pt\/art\/wp-json\/wp\/v2\/comments?post=758"}],"version-history":[{"count":1,"href":"https:\/\/arte351.pt\/art\/wp-json\/wp\/v2\/posts\/758\/revisions"}],"predecessor-version":[{"id":763,"href":"https:\/\/arte351.pt\/art\/wp-json\/wp\/v2\/posts\/758\/revisions\/763"}],"wp:featuredmedia":[{"embeddable":true,"href":"https:\/\/arte351.pt\/art\/wp-json\/wp\/v2\/media\/759"}],"wp:attachment":[{"href":"https:\/\/arte351.pt\/art\/wp-json\/wp\/v2\/media?parent=758"}],"wp:term":[{"taxonomy":"category","embeddable":true,"href":"https:\/\/arte351.pt\/art\/wp-json\/wp\/v2\/categories?post=758"},{"taxonomy":"post_tag","embeddable":true,"href":"https:\/\/arte351.pt\/art\/wp-json\/wp\/v2\/tags?post=758"}],"curies":[{"name":"wp","href":"https:\/\/api.w.org\/{rel}","templated":true}]}}